{"id":42885,"date":"2023-09-18T12:41:58","date_gmt":"2023-09-18T11:41:58","guid":{"rendered":"https:\/\/www.itakaescolapios.org\/?p=42885"},"modified":"2023-11-28T12:35:30","modified_gmt":"2023-11-28T11:35:30","slug":"english-back-to-school-mass-at-st-antoine-de-padoue-parish-in-bamendjou","status":"publish","type":"post","link":"https:\/\/www.itakaescolapios.org\/fr\/2023\/09\/english-back-to-school-mass-at-st-antoine-de-padoue-parish-in-bamendjou\/","title":{"rendered":"Messe de la rentr\u00e9e scolaire \u00e0 la Paroisse St Antoine de Padoue de Bamendjou"},"content":{"rendered":"<p>Vendredi dernier 15 septembre 2023 a eu lieu \u00e0 la paroisse Saint Antoine de Padoue de Bamendjou, la messe de rentr\u00e9e pour les enfants des 8 \u00e9coles\u00a0: Ntchoum, Ntoumi, Mboum, Ndang, Toba, Centre (Anglophone et francophone), Latsit. C\u2019\u00e9tait une belle c\u00e9l\u00e9bration. Il \u00e9tait question pendant cette messe de donner les directives pour une bonne ann\u00e9e scolaire \u00e0 ces enfants qui ont repris le chemin de l\u2019\u00e9cole il y a d\u00e9j\u00e0 deux semaines.<\/p>\n<p><img decoding=\"async\" class=\"size-full wp-image-5315 aligncenter\" src=\"https:\/\/piaristesafriquecentrale.org\/wp-content\/uploads\/2023\/09\/WhatsApp-Image-2023-09-15-at-15.41.42.jpeg\" alt=\"\" width=\"780\" height=\"445\" \/><\/p>\n<p><img decoding=\"async\" class=\"size-full wp-image-5316 aligncenter\" src=\"https:\/\/piaristesafriquecentrale.org\/wp-content\/uploads\/2023\/09\/WhatsApp-Image-2023-09-15-at-15.41.38.jpeg\" alt=\"\" width=\"780\" height=\"606\" \/><\/p>\n","protected":false},"excerpt":{"rendered":"<p>Vendredi dernier 15 septembre 2023 a eu lieu \u00e0 la paroisse Saint Antoine de Padoue de Bamendjou, la messe de rentr\u00e9e pour les enfants des 8 \u00e9coles\u00a0: Ntchoum, Ntoumi, Mboum, [&hellip;]<\/p>\n","protected":false},"author":15,"featured_media":42887,"comment_status":"closed","ping_status":"closed","sticky":false,"template":"","format":"standard","meta":{"_et_pb_use_builder":"","_et_pb_old_content":"","_et_gb_content_width":"","footnotes":""},"categories":[53,10],"tags":[],"class_list":["post-42885","post","type-post","status-publish","format-standard","has-post-thumbnail","hentry","category-africa-central","category-camerun"],"yoast_head":"<!-- This site is optimized with the Yoast SEO plugin v27.4 - https:\/\/yoast.com\/product\/yoast-seo-wordpress\/ -->\n<title>Messe de la rentr\u00e9e scolaire \u00e0 la Paroisse St Antoine de Padoue de Bamendjou<\/title>\n<meta name=\"description\" content=\"Vendredi dernier 15 septembre 2023 a eu lieu \u00e0 la paroisse Saint Antoine de Padoue de Bamendjou, la messe de rentr\u00e9e pour les enfants des 8 \u00e9coles\u00a0: Ntchoum, Ntoumi, Mboum, Ndang, Toba, Centre (Anglophone et francophone), Latsit. C\u2019\u00e9tait une belle c\u00e9l\u00e9bration. Il \u00e9tait question pendant cette messe de donner les directives pour une bonne ann\u00e9e\u2026\" \/>\n<meta name=\"robots\" content=\"index, follow, max-snippet:-1, max-image-preview:large, max-video-preview:-1\" \/>\n<link rel=\"canonical\" href=\"\" \/>\n<meta property=\"og:locale\" content=\"fr_FR\" \/>\n<meta property=\"og:type\" content=\"article\" \/>\n<meta property=\"og:title\" content=\"Messe de la rentr\u00e9e scolaire \u00e0 la Paroisse St Antoine de Padoue de Bamendjou\" \/>\n<meta property=\"og:description\" content=\"Vendredi dernier 15 septembre 2023 a eu lieu \u00e0 la paroisse Saint Antoine de Padoue de Bamendjou, la messe de rentr\u00e9e pour les enfants des 8 \u00e9coles\u00a0: Ntchoum, Ntoumi, Mboum, Ndang, Toba, Centre (Anglophone et francophone), Latsit. C\u2019\u00e9tait une belle c\u00e9l\u00e9bration. Il \u00e9tait question pendant cette messe de donner les directives pour une bonne ann\u00e9e\u2026\" \/>\n<meta property=\"og:url\" content=\"https:\/\/www.itakaescolapios.org\/fr\/2023\/09\/english-back-to-school-mass-at-st-antoine-de-padoue-parish-in-bamendjou\/\" \/>\n<meta property=\"og:site_name\" content=\"Itaka-Escolapios\" \/>\n<meta property=\"article:published_time\" content=\"2023-09-18T11:41:58+00:00\" \/>\n<meta property=\"article:modified_time\" content=\"2023-11-28T11:35:30+00:00\" \/>\n<meta property=\"og:image\" content=\"https:\/\/www.itakaescolapios.org\/wp-content\/uploads\/2023\/09\/WhatsApp-Image-2023-09-15-at-15.41.40.jpeg\" \/>\n\t<meta property=\"og:image:width\" content=\"780\" \/>\n\t<meta property=\"og:image:height\" content=\"459\" \/>\n\t<meta property=\"og:image:type\" content=\"image\/jpeg\" \/>\n<meta name=\"author\" content=\"cameroun01\" \/>\n<meta name=\"twitter:card\" content=\"summary_large_image\" \/>\n<meta name=\"twitter:label1\" content=\"\u00c9crit par\" \/>\n\t<meta name=\"twitter:data1\" content=\"cameroun01\" \/>\n<script type=\"application\/ld+json\" class=\"yoast-schema-graph\">{\"@context\":\"https:\\\/\\\/schema.org\",\"@graph\":[{\"@type\":\"Article\",\"@id\":\"https:\\\/\\\/www.itakaescolapios.org\\\/fr\\\/2023\\\/09\\\/english-back-to-school-mass-at-st-antoine-de-padoue-parish-in-bamendjou\\\/#article\",\"isPartOf\":{\"@id\":\"https:\\\/\\\/www.itakaescolapios.org\\\/fr\\\/2023\\\/09\\\/english-back-to-school-mass-at-st-antoine-de-padoue-parish-in-bamendjou\\\/\"},\"author\":{\"name\":\"cameroun01\",\"@id\":\"https:\\\/\\\/www.itakaescolapios.org\\\/es\\\/#\\\/schema\\\/person\\\/d2844383e29bfdfef69039672ce14eb1\"},\"headline\":\"Messe de la rentr\u00e9e scolaire \u00e0 la Paroisse St Antoine de Padoue de Bamendjou\",\"datePublished\":\"2023-09-18T11:41:58+00:00\",\"dateModified\":\"2023-11-28T11:35:30+00:00\",\"mainEntityOfPage\":{\"@id\":\"https:\\\/\\\/www.itakaescolapios.org\\\/fr\\\/2023\\\/09\\\/english-back-to-school-mass-at-st-antoine-de-padoue-parish-in-bamendjou\\\/\"},\"wordCount\":87,\"publisher\":{\"@id\":\"https:\\\/\\\/www.itakaescolapios.org\\\/es\\\/#organization\"},\"image\":{\"@id\":\"https:\\\/\\\/www.itakaescolapios.org\\\/fr\\\/2023\\\/09\\\/english-back-to-school-mass-at-st-antoine-de-padoue-parish-in-bamendjou\\\/#primaryimage\"},\"thumbnailUrl\":\"https:\\\/\\\/www.itakaescolapios.org\\\/wp-content\\\/uploads\\\/2023\\\/09\\\/WhatsApp-Image-2023-09-15-at-15.41.40.jpeg\",\"articleSection\":[\"Afrique centrale\",\"Cameroun\"],\"inLanguage\":\"fr-FR\"},{\"@type\":\"WebPage\",\"@id\":\"https:\\\/\\\/www.itakaescolapios.org\\\/fr\\\/2023\\\/09\\\/english-back-to-school-mass-at-st-antoine-de-padoue-parish-in-bamendjou\\\/\",\"url\":\"https:\\\/\\\/www.itakaescolapios.org\\\/fr\\\/2023\\\/09\\\/english-back-to-school-mass-at-st-antoine-de-padoue-parish-in-bamendjou\\\/\",\"name\":\"CELEBRACI\u00d3N DE VUELTA AL COLE EN LA PARROQUIA SAN ANTONIO DE PADUA DE BAMENDJOU - Itaka-Escolapios\",\"isPartOf\":{\"@id\":\"https:\\\/\\\/www.itakaescolapios.org\\\/es\\\/#website\"},\"primaryImageOfPage\":{\"@id\":\"https:\\\/\\\/www.itakaescolapios.org\\\/fr\\\/2023\\\/09\\\/english-back-to-school-mass-at-st-antoine-de-padoue-parish-in-bamendjou\\\/#primaryimage\"},\"image\":{\"@id\":\"https:\\\/\\\/www.itakaescolapios.org\\\/fr\\\/2023\\\/09\\\/english-back-to-school-mass-at-st-antoine-de-padoue-parish-in-bamendjou\\\/#primaryimage\"},\"thumbnailUrl\":\"https:\\\/\\\/www.itakaescolapios.org\\\/wp-content\\\/uploads\\\/2023\\\/09\\\/WhatsApp-Image-2023-09-15-at-15.41.40.jpeg\",\"datePublished\":\"2023-09-18T11:41:58+00:00\",\"dateModified\":\"2023-11-28T11:35:30+00:00\",\"breadcrumb\":{\"@id\":\"https:\\\/\\\/www.itakaescolapios.org\\\/fr\\\/2023\\\/09\\\/english-back-to-school-mass-at-st-antoine-de-padoue-parish-in-bamendjou\\\/#breadcrumb\"},\"inLanguage\":\"fr-FR\",\"potentialAction\":[{\"@type\":\"ReadAction\",\"target\":[\"https:\\\/\\\/www.itakaescolapios.org\\\/fr\\\/2023\\\/09\\\/english-back-to-school-mass-at-st-antoine-de-padoue-parish-in-bamendjou\\\/\"]}]},{\"@type\":\"ImageObject\",\"inLanguage\":\"fr-FR\",\"@id\":\"https:\\\/\\\/www.itakaescolapios.org\\\/fr\\\/2023\\\/09\\\/english-back-to-school-mass-at-st-antoine-de-padoue-parish-in-bamendjou\\\/#primaryimage\",\"url\":\"https:\\\/\\\/www.itakaescolapios.org\\\/wp-content\\\/uploads\\\/2023\\\/09\\\/WhatsApp-Image-2023-09-15-at-15.41.40.jpeg\",\"contentUrl\":\"https:\\\/\\\/www.itakaescolapios.org\\\/wp-content\\\/uploads\\\/2023\\\/09\\\/WhatsApp-Image-2023-09-15-at-15.41.40.jpeg\",\"width\":780,\"height\":459},{\"@type\":\"BreadcrumbList\",\"@id\":\"https:\\\/\\\/www.itakaescolapios.org\\\/fr\\\/2023\\\/09\\\/english-back-to-school-mass-at-st-antoine-de-padoue-parish-in-bamendjou\\\/#breadcrumb\",\"itemListElement\":[{\"@type\":\"ListItem\",\"position\":1,\"name\":\"Itaka-Escolapios\",\"item\":\"https:\\\/\\\/www.itakaescolapios.org\\\/es\\\/\"},{\"@type\":\"ListItem\",\"position\":2,\"name\":\"Messe de la rentr\u00e9e scolaire \u00e0 la Paroisse St Antoine de Padoue de Bamendjou\"}]},{\"@type\":\"WebSite\",\"@id\":\"https:\\\/\\\/www.itakaescolapios.org\\\/fr\\\/es\\\/#website\",\"url\":\"https:\\\/\\\/www.itakaescolapios.org\\\/fr\\\/es\\\/\",\"name\":\"Itaka-Escolapios\",\"description\":\"Red de Itaka-Escolapios\",\"publisher\":{\"@id\":\"https:\\\/\\\/www.itakaescolapios.org\\\/fr\\\/es\\\/#organization\"},\"potentialAction\":[{\"@type\":\"SearchAction\",\"target\":{\"@type\":\"EntryPoint\",\"urlTemplate\":\"https:\\\/\\\/www.itakaescolapios.org\\\/fr\\\/es\\\/?s={search_term_string}\"},\"query-input\":{\"@type\":\"PropertyValueSpecification\",\"valueRequired\":true,\"valueName\":\"search_term_string\"}}],\"inLanguage\":\"fr-FR\"},{\"@type\":\"Organization\",\"@id\":\"https:\\\/\\\/www.itakaescolapios.org\\\/fr\\\/es\\\/#organization\",\"name\":\"Fundaci\u00f3 Itaka-Escolapios\",\"url\":\"https:\\\/\\\/www.itakaescolapios.org\\\/fr\\\/es\\\/\",\"logo\":{\"@type\":\"ImageObject\",\"inLanguage\":\"fr-FR\",\"@id\":\"https:\\\/\\\/www.itakaescolapios.org\\\/fr\\\/es\\\/#\\\/schema\\\/logo\\\/image\\\/\",\"url\":\"https:\\\/\\\/www.itakaescolapios.org\\\/wp-content\\\/uploads\\\/2024\\\/04\\\/Logo-itakaescolapios-peque.png\",\"contentUrl\":\"https:\\\/\\\/www.itakaescolapios.org\\\/wp-content\\\/uploads\\\/2024\\\/04\\\/Logo-itakaescolapios-peque.png\",\"width\":500,\"height\":199,\"caption\":\"Fundaci\u00f3 Itaka-Escolapios\"},\"image\":{\"@id\":\"https:\\\/\\\/www.itakaescolapios.org\\\/fr\\\/es\\\/#\\\/schema\\\/logo\\\/image\\\/\"}},{\"@type\":\"Person\",\"@id\":\"https:\\\/\\\/www.itakaescolapios.org\\\/es\\\/#\\\/schema\\\/person\\\/d2844383e29bfdfef69039672ce14eb1\",\"name\":\"cameroun01\",\"url\":\"https:\\\/\\\/www.itakaescolapios.org\\\/fr\\\/author\\\/cameroun01\\\/\"}]}<\/script>\n<!-- \/ Yoast SEO plugin. -->","yoast_head_json":{"title":"Messe de la rentr\u00e9e scolaire \u00e0 la Paroisse St Antoine de Padoue de Bamendjou","description":"Vendredi dernier 15 septembre 2023 a eu lieu \u00e0 la paroisse Saint Antoine de Padoue de Bamendjou, la messe de rentr\u00e9e pour les enfants des 8 \u00e9coles\u00a0: Ntchoum, Ntoumi, Mboum, Ndang, Toba, Centre (Anglophone et francophone), Latsit. C\u2019\u00e9tait une belle c\u00e9l\u00e9bration. Il \u00e9tait question pendant cette messe de donner les directives pour une bonne ann\u00e9e\u2026","robots":{"index":"index","follow":"follow","max-snippet":"max-snippet:-1","max-image-preview":"max-image-preview:large","max-video-preview":"max-video-preview:-1"},"canonical":"Vendredi dernier 15 septembre 2023 a eu lieu \u00e0 la paroisse Saint Antoine de Padoue de Bamendjou, la messe de rentr\u00e9e pour les enfants des 8 \u00e9coles\u00a0: Ntchoum, Ntoumi, Mboum, Ndang, Toba, Centre (Anglophone et francophone), Latsit. C\u2019\u00e9tait une belle c\u00e9l\u00e9bration. Il \u00e9tait question pendant cette messe de donner les directives pour une bonne ann\u00e9e\u2026","og_locale":"fr_FR","og_type":"article","og_title":"Messe de la rentr\u00e9e scolaire \u00e0 la Paroisse St Antoine de Padoue de Bamendjou","og_description":"Vendredi dernier 15 septembre 2023 a eu lieu \u00e0 la paroisse Saint Antoine de Padoue de Bamendjou, la messe de rentr\u00e9e pour les enfants des 8 \u00e9coles\u00a0: Ntchoum, Ntoumi, Mboum, Ndang, Toba, Centre (Anglophone et francophone), Latsit. C\u2019\u00e9tait une belle c\u00e9l\u00e9bration. Il \u00e9tait question pendant cette messe de donner les directives pour une bonne ann\u00e9e\u2026","og_url":"https:\/\/www.itakaescolapios.org\/fr\/2023\/09\/english-back-to-school-mass-at-st-antoine-de-padoue-parish-in-bamendjou\/","og_site_name":"Itaka-Escolapios","article_published_time":"2023-09-18T11:41:58+00:00","article_modified_time":"2023-11-28T11:35:30+00:00","og_image":[{"width":780,"height":459,"url":"https:\/\/www.itakaescolapios.org\/wp-content\/uploads\/2023\/09\/WhatsApp-Image-2023-09-15-at-15.41.40.jpeg","type":"image\/jpeg"}],"author":"cameroun01","twitter_card":"summary_large_image","twitter_misc":{"\u00c9crit par":"cameroun01"},"schema":{"@context":"https:\/\/schema.org","@graph":[{"@type":"Article","@id":"https:\/\/www.itakaescolapios.org\/fr\/2023\/09\/english-back-to-school-mass-at-st-antoine-de-padoue-parish-in-bamendjou\/#article","isPartOf":{"@id":"https:\/\/www.itakaescolapios.org\/fr\/2023\/09\/english-back-to-school-mass-at-st-antoine-de-padoue-parish-in-bamendjou\/"},"author":{"name":"cameroun01","@id":"https:\/\/www.itakaescolapios.org\/es\/#\/schema\/person\/d2844383e29bfdfef69039672ce14eb1"},"headline":"Messe de la rentr\u00e9e scolaire \u00e0 la Paroisse St Antoine de Padoue de Bamendjou","datePublished":"2023-09-18T11:41:58+00:00","dateModified":"2023-11-28T11:35:30+00:00","mainEntityOfPage":{"@id":"https:\/\/www.itakaescolapios.org\/fr\/2023\/09\/english-back-to-school-mass-at-st-antoine-de-padoue-parish-in-bamendjou\/"},"wordCount":87,"publisher":{"@id":"https:\/\/www.itakaescolapios.org\/es\/#organization"},"image":{"@id":"https:\/\/www.itakaescolapios.org\/fr\/2023\/09\/english-back-to-school-mass-at-st-antoine-de-padoue-parish-in-bamendjou\/#primaryimage"},"thumbnailUrl":"https:\/\/www.itakaescolapios.org\/wp-content\/uploads\/2023\/09\/WhatsApp-Image-2023-09-15-at-15.41.40.jpeg","articleSection":["Afrique centrale","Cameroun"],"inLanguage":"fr-FR"},{"@type":"WebPage","@id":"https:\/\/www.itakaescolapios.org\/fr\/2023\/09\/english-back-to-school-mass-at-st-antoine-de-padoue-parish-in-bamendjou\/","url":"https:\/\/www.itakaescolapios.org\/fr\/2023\/09\/english-back-to-school-mass-at-st-antoine-de-padoue-parish-in-bamendjou\/","name":"CELEBRACI\u00d3N DE VUELTA AL COLE EN LA PARROQUIA SAN ANTONIO DE PADUA DE BAMENDJOU - Itaka-Escolapios","isPartOf":{"@id":"https:\/\/www.itakaescolapios.org\/es\/#website"},"primaryImageOfPage":{"@id":"https:\/\/www.itakaescolapios.org\/fr\/2023\/09\/english-back-to-school-mass-at-st-antoine-de-padoue-parish-in-bamendjou\/#primaryimage"},"image":{"@id":"https:\/\/www.itakaescolapios.org\/fr\/2023\/09\/english-back-to-school-mass-at-st-antoine-de-padoue-parish-in-bamendjou\/#primaryimage"},"thumbnailUrl":"https:\/\/www.itakaescolapios.org\/wp-content\/uploads\/2023\/09\/WhatsApp-Image-2023-09-15-at-15.41.40.jpeg","datePublished":"2023-09-18T11:41:58+00:00","dateModified":"2023-11-28T11:35:30+00:00","breadcrumb":{"@id":"https:\/\/www.itakaescolapios.org\/fr\/2023\/09\/english-back-to-school-mass-at-st-antoine-de-padoue-parish-in-bamendjou\/#breadcrumb"},"inLanguage":"fr-FR","potentialAction":[{"@type":"ReadAction","target":["https:\/\/www.itakaescolapios.org\/fr\/2023\/09\/english-back-to-school-mass-at-st-antoine-de-padoue-parish-in-bamendjou\/"]}]},{"@type":"ImageObject","inLanguage":"fr-FR","@id":"https:\/\/www.itakaescolapios.org\/fr\/2023\/09\/english-back-to-school-mass-at-st-antoine-de-padoue-parish-in-bamendjou\/#primaryimage","url":"https:\/\/www.itakaescolapios.org\/wp-content\/uploads\/2023\/09\/WhatsApp-Image-2023-09-15-at-15.41.40.jpeg","contentUrl":"https:\/\/www.itakaescolapios.org\/wp-content\/uploads\/2023\/09\/WhatsApp-Image-2023-09-15-at-15.41.40.jpeg","width":780,"height":459},{"@type":"BreadcrumbList","@id":"https:\/\/www.itakaescolapios.org\/fr\/2023\/09\/english-back-to-school-mass-at-st-antoine-de-padoue-parish-in-bamendjou\/#breadcrumb","itemListElement":[{"@type":"ListItem","position":1,"name":"Itaka-Escolapios","item":"https:\/\/www.itakaescolapios.org\/es\/"},{"@type":"ListItem","position":2,"name":"Messe de la rentr\u00e9e scolaire \u00e0 la Paroisse St Antoine de Padoue de Bamendjou"}]},{"@type":"WebSite","@id":"https:\/\/www.itakaescolapios.org\/fr\/es\/#website","url":"https:\/\/www.itakaescolapios.org\/fr\/es\/","name":"Itaka-Escolapios","description":"Red de Itaka-Escolapios","publisher":{"@id":"https:\/\/www.itakaescolapios.org\/fr\/es\/#organization"},"potentialAction":[{"@type":"SearchAction","target":{"@type":"EntryPoint","urlTemplate":"https:\/\/www.itakaescolapios.org\/fr\/es\/?s={search_term_string}"},"query-input":{"@type":"PropertyValueSpecification","valueRequired":true,"valueName":"search_term_string"}}],"inLanguage":"fr-FR"},{"@type":"Organization","@id":"https:\/\/www.itakaescolapios.org\/fr\/es\/#organization","name":"Fundaci\u00f3 Itaka-Escolapios","url":"https:\/\/www.itakaescolapios.org\/fr\/es\/","logo":{"@type":"ImageObject","inLanguage":"fr-FR","@id":"https:\/\/www.itakaescolapios.org\/fr\/es\/#\/schema\/logo\/image\/","url":"https:\/\/www.itakaescolapios.org\/wp-content\/uploads\/2024\/04\/Logo-itakaescolapios-peque.png","contentUrl":"https:\/\/www.itakaescolapios.org\/wp-content\/uploads\/2024\/04\/Logo-itakaescolapios-peque.png","width":500,"height":199,"caption":"Fundaci\u00f3 Itaka-Escolapios"},"image":{"@id":"https:\/\/www.itakaescolapios.org\/fr\/es\/#\/schema\/logo\/image\/"}},{"@type":"Person","@id":"https:\/\/www.itakaescolapios.org\/es\/#\/schema\/person\/d2844383e29bfdfef69039672ce14eb1","name":"cameroun01","url":"https:\/\/www.itakaescolapios.org\/fr\/author\/cameroun01\/"}]}},"_links":{"self":[{"href":"https:\/\/www.itakaescolapios.org\/fr\/wp-json\/wp\/v2\/posts\/42885","targetHints":{"allow":["GET"]}}],"collection":[{"href":"https:\/\/www.itakaescolapios.org\/fr\/wp-json\/wp\/v2\/posts"}],"about":[{"href":"https:\/\/www.itakaescolapios.org\/fr\/wp-json\/wp\/v2\/types\/post"}],"author":[{"embeddable":true,"href":"https:\/\/www.itakaescolapios.org\/fr\/wp-json\/wp\/v2\/users\/15"}],"replies":[{"embeddable":true,"href":"https:\/\/www.itakaescolapios.org\/fr\/wp-json\/wp\/v2\/comments?post=42885"}],"version-history":[{"count":5,"href":"https:\/\/www.itakaescolapios.org\/fr\/wp-json\/wp\/v2\/posts\/42885\/revisions"}],"predecessor-version":[{"id":43529,"href":"https:\/\/www.itakaescolapios.org\/fr\/wp-json\/wp\/v2\/posts\/42885\/revisions\/43529"}],"wp:featuredmedia":[{"embeddable":true,"href":"https:\/\/www.itakaescolapios.org\/fr\/wp-json\/wp\/v2\/media\/42887"}],"wp:attachment":[{"href":"https:\/\/www.itakaescolapios.org\/fr\/wp-json\/wp\/v2\/media?parent=42885"}],"wp:term":[{"taxonomy":"category","embeddable":true,"href":"https:\/\/www.itakaescolapios.org\/fr\/wp-json\/wp\/v2\/categories?post=42885"},{"taxonomy":"post_tag","embeddable":true,"href":"https:\/\/www.itakaescolapios.org\/fr\/wp-json\/wp\/v2\/tags?post=42885"}],"curies":[{"name":"wp","href":"https:\/\/api.w.org\/{rel}","templated":true}]}}