{"id":4324,"date":"2012-11-12T15:12:30","date_gmt":"2012-11-12T14:12:30","guid":{"rendered":"https:\/\/www.itakaescolapios.org\/?p=4324"},"modified":"2023-11-28T12:39:34","modified_gmt":"2023-11-28T11:39:34","slug":"bandjoun-reunion-de-la-asociacion-de-los-parientes-de-alumnos-ape-del-colegio-tecnico-calasanz-ctc","status":"publish","type":"post","link":"https:\/\/www.itakaescolapios.org\/fr\/2012\/11\/bandjoun-reunion-de-la-asociacion-de-los-parientes-de-alumnos-ape-del-colegio-tecnico-calasanz-ctc\/","title":{"rendered":"Bandjoun-R\u00e9union de l\u2019Association des Parents d\u2019\u00c9l\u00e8ves (APE) du Coll\u00e8ge Technique Calasanz (CTC)."},"content":{"rendered":"<p style=\"text-align: justify\"><strong><span style=\"color: #0000ff\">Le 13 octobre dernier, s\u2019est tenue la premi\u00e8re Assembl\u00e9e G\u00e9n\u00e9rale de l\u2019APE pour le compte de l\u2019ann\u00e9e scolaire 2012-13.<\/span><\/strong><\/p>\n<p style=\"text-align: justify\">En plus de la pr\u00e9sentation aux parents des informations sur les activit\u00e9s encours et futures du CTC par la direction, deux points majeurs figuraient \u00e0 l\u2019ordre du jour de cette rencontre\u00a0:<\/p>\n<ul>\n<li><em>Une int\u00e9ressante conf\u00e9rence sur les causes des \u00e9checs scolaires<\/em>\u00a0: anim\u00e9e par le piariste P. Stephen Njah (responsable du programme d\u2019orientation scolaire et familial et du Centre Socio\u00e9ducatif Calasanz de Bamendjou), elle a suscit\u00e9 beaucoup d\u2019int\u00e9r\u00eat de la part des participants (parents et enseignants).<\/li>\n<li><em>La r\u00e9novation du bureau de l\u2019APE<\/em>\u00a0: \u00e0 travers l\u2019\u00e9lection des membres du bureau qui devront coordonner les activit\u00e9s de cet organe qui joue un r\u00f4le central dans le fonctionnement du CTC notamment comme interlocuteur de l\u2019administration du CTC.<\/li>\n<\/ul>\n","protected":false},"excerpt":{"rendered":"<p>Le 13 octobre dernier, s\u2019est tenue la premi\u00e8re Assembl\u00e9e G\u00e9n\u00e9rale de l\u2019APE pour le compte de l\u2019ann\u00e9e scolaire 2012-13. En plus de la pr\u00e9sentation aux parents des informations sur les [&hellip;]<\/p>\n","protected":false},"author":16,"featured_media":4325,"comment_status":"closed","ping_status":"closed","sticky":false,"template":"","format":"standard","meta":{"_et_pb_use_builder":"","_et_pb_old_content":"","_et_gb_content_width":"","footnotes":""},"categories":[10],"tags":[],"class_list":["post-4324","post","type-post","status-publish","format-standard","has-post-thumbnail","hentry","category-camerun"],"yoast_head":"<!-- This site is optimized with the Yoast SEO plugin v27.4 - https:\/\/yoast.com\/product\/yoast-seo-wordpress\/ -->\n<title>Bandjoun-R\u00e9union de l\u2019Association des Parents d\u2019\u00c9l\u00e8ves (APE) du Coll\u00e8ge Technique Calasanz (CTC).<\/title>\n<meta name=\"description\" content=\"Le 13 octobre dernier, s\u2019est tenue la premi\u00e8re Assembl\u00e9e G\u00e9n\u00e9rale de l\u2019APE pour le compte de l\u2019ann\u00e9e scolaire 2012-13. En plus de la pr\u00e9sentation aux parents des informations sur les activit\u00e9s encours et futures du CTC par la direction, deux points majeurs figuraient \u00e0 l\u2019ordre du jour de cette rencontre\u00a0: Une int\u00e9ressante conf\u00e9rence sur les\u2026\" \/>\n<meta name=\"robots\" content=\"index, follow, max-snippet:-1, max-image-preview:large, max-video-preview:-1\" \/>\n<link rel=\"canonical\" href=\"\" \/>\n<meta property=\"og:locale\" content=\"fr_FR\" \/>\n<meta property=\"og:type\" content=\"article\" \/>\n<meta property=\"og:title\" content=\"Bandjoun-R\u00e9union de l\u2019Association des Parents d\u2019\u00c9l\u00e8ves (APE) du Coll\u00e8ge Technique Calasanz (CTC).\" \/>\n<meta property=\"og:description\" content=\"Le 13 octobre dernier, s\u2019est tenue la premi\u00e8re Assembl\u00e9e G\u00e9n\u00e9rale de l\u2019APE pour le compte de l\u2019ann\u00e9e scolaire 2012-13. En plus de la pr\u00e9sentation aux parents des informations sur les activit\u00e9s encours et futures du CTC par la direction, deux points majeurs figuraient \u00e0 l\u2019ordre du jour de cette rencontre\u00a0: Une int\u00e9ressante conf\u00e9rence sur les\u2026\" \/>\n<meta property=\"og:url\" content=\"https:\/\/www.itakaescolapios.org\/fr\/2012\/11\/bandjoun-reunion-de-la-asociacion-de-los-parientes-de-alumnos-ape-del-colegio-tecnico-calasanz-ctc\/\" \/>\n<meta property=\"og:site_name\" content=\"Itaka-Escolapios\" \/>\n<meta property=\"article:published_time\" content=\"2012-11-12T14:12:30+00:00\" \/>\n<meta property=\"article:modified_time\" content=\"2023-11-28T11:39:34+00:00\" \/>\n<meta property=\"og:image\" content=\"https:\/\/www.itakaescolapios.org\/wp-content\/uploads\/2012\/11\/IMG_0166.jpg\" \/>\n\t<meta property=\"og:image:width\" content=\"314\" \/>\n\t<meta property=\"og:image:height\" content=\"209\" \/>\n\t<meta property=\"og:image:type\" content=\"image\/jpeg\" \/>\n<meta name=\"author\" content=\"cameroun02\" \/>\n<meta name=\"twitter:card\" content=\"summary_large_image\" \/>\n<meta name=\"twitter:label1\" content=\"\u00c9crit par\" \/>\n\t<meta name=\"twitter:data1\" content=\"cameroun02\" \/>\n\t<meta name=\"twitter:label2\" content=\"Dur\u00e9e de lecture estim\u00e9e\" \/>\n\t<meta name=\"twitter:data2\" content=\"1 minute\" \/>\n<script type=\"application\/ld+json\" class=\"yoast-schema-graph\">{\"@context\":\"https:\\\/\\\/schema.org\",\"@graph\":[{\"@type\":\"Article\",\"@id\":\"https:\\\/\\\/www.itakaescolapios.org\\\/fr\\\/2012\\\/11\\\/bandjoun-reunion-de-la-asociacion-de-los-parientes-de-alumnos-ape-del-colegio-tecnico-calasanz-ctc\\\/#article\",\"isPartOf\":{\"@id\":\"https:\\\/\\\/www.itakaescolapios.org\\\/fr\\\/2012\\\/11\\\/bandjoun-reunion-de-la-asociacion-de-los-parientes-de-alumnos-ape-del-colegio-tecnico-calasanz-ctc\\\/\"},\"author\":{\"name\":\"cameroun02\",\"@id\":\"https:\\\/\\\/www.itakaescolapios.org\\\/es\\\/#\\\/schema\\\/person\\\/9274f8b80c7385b5aae18a7831c4a9c5\"},\"headline\":\"Bandjoun-R\u00e9union de l\u2019Association des Parents d\u2019\u00c9l\u00e8ves (APE) du Coll\u00e8ge Technique Calasanz (CTC).\",\"datePublished\":\"2012-11-12T14:12:30+00:00\",\"dateModified\":\"2023-11-28T11:39:34+00:00\",\"mainEntityOfPage\":{\"@id\":\"https:\\\/\\\/www.itakaescolapios.org\\\/fr\\\/2012\\\/11\\\/bandjoun-reunion-de-la-asociacion-de-los-parientes-de-alumnos-ape-del-colegio-tecnico-calasanz-ctc\\\/\"},\"wordCount\":165,\"publisher\":{\"@id\":\"https:\\\/\\\/www.itakaescolapios.org\\\/es\\\/#organization\"},\"image\":{\"@id\":\"https:\\\/\\\/www.itakaescolapios.org\\\/fr\\\/2012\\\/11\\\/bandjoun-reunion-de-la-asociacion-de-los-parientes-de-alumnos-ape-del-colegio-tecnico-calasanz-ctc\\\/#primaryimage\"},\"thumbnailUrl\":\"https:\\\/\\\/www.itakaescolapios.org\\\/wp-content\\\/uploads\\\/2012\\\/11\\\/IMG_0166.jpg\",\"articleSection\":[\"Cameroun\"],\"inLanguage\":\"fr-FR\"},{\"@type\":\"WebPage\",\"@id\":\"https:\\\/\\\/www.itakaescolapios.org\\\/fr\\\/2012\\\/11\\\/bandjoun-reunion-de-la-asociacion-de-los-parientes-de-alumnos-ape-del-colegio-tecnico-calasanz-ctc\\\/\",\"url\":\"https:\\\/\\\/www.itakaescolapios.org\\\/fr\\\/2012\\\/11\\\/bandjoun-reunion-de-la-asociacion-de-los-parientes-de-alumnos-ape-del-colegio-tecnico-calasanz-ctc\\\/\",\"name\":\"Bandjoun- Reuni\u00f3n de la AMPA (APE) del Colegio T\u00e9cnico Calasanz (CTC). - Itaka-Escolapios\",\"isPartOf\":{\"@id\":\"https:\\\/\\\/www.itakaescolapios.org\\\/es\\\/#website\"},\"primaryImageOfPage\":{\"@id\":\"https:\\\/\\\/www.itakaescolapios.org\\\/fr\\\/2012\\\/11\\\/bandjoun-reunion-de-la-asociacion-de-los-parientes-de-alumnos-ape-del-colegio-tecnico-calasanz-ctc\\\/#primaryimage\"},\"image\":{\"@id\":\"https:\\\/\\\/www.itakaescolapios.org\\\/fr\\\/2012\\\/11\\\/bandjoun-reunion-de-la-asociacion-de-los-parientes-de-alumnos-ape-del-colegio-tecnico-calasanz-ctc\\\/#primaryimage\"},\"thumbnailUrl\":\"https:\\\/\\\/www.itakaescolapios.org\\\/wp-content\\\/uploads\\\/2012\\\/11\\\/IMG_0166.jpg\",\"datePublished\":\"2012-11-12T14:12:30+00:00\",\"dateModified\":\"2023-11-28T11:39:34+00:00\",\"breadcrumb\":{\"@id\":\"https:\\\/\\\/www.itakaescolapios.org\\\/fr\\\/2012\\\/11\\\/bandjoun-reunion-de-la-asociacion-de-los-parientes-de-alumnos-ape-del-colegio-tecnico-calasanz-ctc\\\/#breadcrumb\"},\"inLanguage\":\"fr-FR\",\"potentialAction\":[{\"@type\":\"ReadAction\",\"target\":[\"https:\\\/\\\/www.itakaescolapios.org\\\/fr\\\/2012\\\/11\\\/bandjoun-reunion-de-la-asociacion-de-los-parientes-de-alumnos-ape-del-colegio-tecnico-calasanz-ctc\\\/\"]}]},{\"@type\":\"ImageObject\",\"inLanguage\":\"fr-FR\",\"@id\":\"https:\\\/\\\/www.itakaescolapios.org\\\/fr\\\/2012\\\/11\\\/bandjoun-reunion-de-la-asociacion-de-los-parientes-de-alumnos-ape-del-colegio-tecnico-calasanz-ctc\\\/#primaryimage\",\"url\":\"https:\\\/\\\/www.itakaescolapios.org\\\/wp-content\\\/uploads\\\/2012\\\/11\\\/IMG_0166.jpg\",\"contentUrl\":\"https:\\\/\\\/www.itakaescolapios.org\\\/wp-content\\\/uploads\\\/2012\\\/11\\\/IMG_0166.jpg\",\"width\":\"314\",\"height\":\"209\",\"caption\":\"Asamblea General de la AMPA del CTC de Bandjoun\"},{\"@type\":\"BreadcrumbList\",\"@id\":\"https:\\\/\\\/www.itakaescolapios.org\\\/fr\\\/2012\\\/11\\\/bandjoun-reunion-de-la-asociacion-de-los-parientes-de-alumnos-ape-del-colegio-tecnico-calasanz-ctc\\\/#breadcrumb\",\"itemListElement\":[{\"@type\":\"ListItem\",\"position\":1,\"name\":\"Itaka-Escolapios\",\"item\":\"https:\\\/\\\/www.itakaescolapios.org\\\/es\\\/\"},{\"@type\":\"ListItem\",\"position\":2,\"name\":\"Bandjoun-R\u00e9union de l\u2019Association des Parents d\u2019\u00c9l\u00e8ves (APE) du Coll\u00e8ge Technique Calasanz (CTC).\"}]},{\"@type\":\"WebSite\",\"@id\":\"https:\\\/\\\/www.itakaescolapios.org\\\/fr\\\/es\\\/#website\",\"url\":\"https:\\\/\\\/www.itakaescolapios.org\\\/fr\\\/es\\\/\",\"name\":\"Itaka-Escolapios\",\"description\":\"Red de Itaka-Escolapios\",\"publisher\":{\"@id\":\"https:\\\/\\\/www.itakaescolapios.org\\\/fr\\\/es\\\/#organization\"},\"potentialAction\":[{\"@type\":\"SearchAction\",\"target\":{\"@type\":\"EntryPoint\",\"urlTemplate\":\"https:\\\/\\\/www.itakaescolapios.org\\\/fr\\\/es\\\/?s={search_term_string}\"},\"query-input\":{\"@type\":\"PropertyValueSpecification\",\"valueRequired\":true,\"valueName\":\"search_term_string\"}}],\"inLanguage\":\"fr-FR\"},{\"@type\":\"Organization\",\"@id\":\"https:\\\/\\\/www.itakaescolapios.org\\\/fr\\\/es\\\/#organization\",\"name\":\"Fundaci\u00f3 Itaka-Escolapios\",\"url\":\"https:\\\/\\\/www.itakaescolapios.org\\\/fr\\\/es\\\/\",\"logo\":{\"@type\":\"ImageObject\",\"inLanguage\":\"fr-FR\",\"@id\":\"https:\\\/\\\/www.itakaescolapios.org\\\/fr\\\/es\\\/#\\\/schema\\\/logo\\\/image\\\/\",\"url\":\"https:\\\/\\\/www.itakaescolapios.org\\\/wp-content\\\/uploads\\\/2024\\\/04\\\/Logo-itakaescolapios-peque.png\",\"contentUrl\":\"https:\\\/\\\/www.itakaescolapios.org\\\/wp-content\\\/uploads\\\/2024\\\/04\\\/Logo-itakaescolapios-peque.png\",\"width\":500,\"height\":199,\"caption\":\"Fundaci\u00f3 Itaka-Escolapios\"},\"image\":{\"@id\":\"https:\\\/\\\/www.itakaescolapios.org\\\/fr\\\/es\\\/#\\\/schema\\\/logo\\\/image\\\/\"}},{\"@type\":\"Person\",\"@id\":\"https:\\\/\\\/www.itakaescolapios.org\\\/es\\\/#\\\/schema\\\/person\\\/9274f8b80c7385b5aae18a7831c4a9c5\",\"name\":\"cameroun02\",\"url\":\"https:\\\/\\\/www.itakaescolapios.org\\\/fr\\\/author\\\/cameroun02\\\/\"}]}<\/script>\n<!-- \/ Yoast SEO plugin. -->","yoast_head_json":{"title":"Bandjoun-R\u00e9union de l\u2019Association des Parents d\u2019\u00c9l\u00e8ves (APE) du Coll\u00e8ge Technique Calasanz (CTC).","description":"Le 13 octobre dernier, s\u2019est tenue la premi\u00e8re Assembl\u00e9e G\u00e9n\u00e9rale de l\u2019APE pour le compte de l\u2019ann\u00e9e scolaire 2012-13. En plus de la pr\u00e9sentation aux parents des informations sur les activit\u00e9s encours et futures du CTC par la direction, deux points majeurs figuraient \u00e0 l\u2019ordre du jour de cette rencontre\u00a0: Une int\u00e9ressante conf\u00e9rence sur les\u2026","robots":{"index":"index","follow":"follow","max-snippet":"max-snippet:-1","max-image-preview":"max-image-preview:large","max-video-preview":"max-video-preview:-1"},"canonical":"Le 13 octobre dernier, s\u2019est tenue la premi\u00e8re Assembl\u00e9e G\u00e9n\u00e9rale de l\u2019APE pour le compte de l\u2019ann\u00e9e scolaire 2012-13. En plus de la pr\u00e9sentation aux parents des informations sur les activit\u00e9s encours et futures du CTC par la direction, deux points majeurs figuraient \u00e0 l\u2019ordre du jour de cette rencontre\u00a0: Une int\u00e9ressante conf\u00e9rence sur les\u2026","og_locale":"fr_FR","og_type":"article","og_title":"Bandjoun-R\u00e9union de l\u2019Association des Parents d\u2019\u00c9l\u00e8ves (APE) du Coll\u00e8ge Technique Calasanz (CTC).","og_description":"Le 13 octobre dernier, s\u2019est tenue la premi\u00e8re Assembl\u00e9e G\u00e9n\u00e9rale de l\u2019APE pour le compte de l\u2019ann\u00e9e scolaire 2012-13. En plus de la pr\u00e9sentation aux parents des informations sur les activit\u00e9s encours et futures du CTC par la direction, deux points majeurs figuraient \u00e0 l\u2019ordre du jour de cette rencontre\u00a0: Une int\u00e9ressante conf\u00e9rence sur les\u2026","og_url":"https:\/\/www.itakaescolapios.org\/fr\/2012\/11\/bandjoun-reunion-de-la-asociacion-de-los-parientes-de-alumnos-ape-del-colegio-tecnico-calasanz-ctc\/","og_site_name":"Itaka-Escolapios","article_published_time":"2012-11-12T14:12:30+00:00","article_modified_time":"2023-11-28T11:39:34+00:00","og_image":[{"width":314,"height":209,"url":"https:\/\/www.itakaescolapios.org\/wp-content\/uploads\/2012\/11\/IMG_0166.jpg","type":"image\/jpeg"}],"author":"cameroun02","twitter_card":"summary_large_image","twitter_misc":{"\u00c9crit par":"cameroun02","Dur\u00e9e de lecture estim\u00e9e":"1 minute"},"schema":{"@context":"https:\/\/schema.org","@graph":[{"@type":"Article","@id":"https:\/\/www.itakaescolapios.org\/fr\/2012\/11\/bandjoun-reunion-de-la-asociacion-de-los-parientes-de-alumnos-ape-del-colegio-tecnico-calasanz-ctc\/#article","isPartOf":{"@id":"https:\/\/www.itakaescolapios.org\/fr\/2012\/11\/bandjoun-reunion-de-la-asociacion-de-los-parientes-de-alumnos-ape-del-colegio-tecnico-calasanz-ctc\/"},"author":{"name":"cameroun02","@id":"https:\/\/www.itakaescolapios.org\/es\/#\/schema\/person\/9274f8b80c7385b5aae18a7831c4a9c5"},"headline":"Bandjoun-R\u00e9union de l\u2019Association des Parents d\u2019\u00c9l\u00e8ves (APE) du Coll\u00e8ge Technique Calasanz (CTC).","datePublished":"2012-11-12T14:12:30+00:00","dateModified":"2023-11-28T11:39:34+00:00","mainEntityOfPage":{"@id":"https:\/\/www.itakaescolapios.org\/fr\/2012\/11\/bandjoun-reunion-de-la-asociacion-de-los-parientes-de-alumnos-ape-del-colegio-tecnico-calasanz-ctc\/"},"wordCount":165,"publisher":{"@id":"https:\/\/www.itakaescolapios.org\/es\/#organization"},"image":{"@id":"https:\/\/www.itakaescolapios.org\/fr\/2012\/11\/bandjoun-reunion-de-la-asociacion-de-los-parientes-de-alumnos-ape-del-colegio-tecnico-calasanz-ctc\/#primaryimage"},"thumbnailUrl":"https:\/\/www.itakaescolapios.org\/wp-content\/uploads\/2012\/11\/IMG_0166.jpg","articleSection":["Cameroun"],"inLanguage":"fr-FR"},{"@type":"WebPage","@id":"https:\/\/www.itakaescolapios.org\/fr\/2012\/11\/bandjoun-reunion-de-la-asociacion-de-los-parientes-de-alumnos-ape-del-colegio-tecnico-calasanz-ctc\/","url":"https:\/\/www.itakaescolapios.org\/fr\/2012\/11\/bandjoun-reunion-de-la-asociacion-de-los-parientes-de-alumnos-ape-del-colegio-tecnico-calasanz-ctc\/","name":"Bandjoun- Reuni\u00f3n de la AMPA (APE) del Colegio T\u00e9cnico Calasanz (CTC). - Itaka-Escolapios","isPartOf":{"@id":"https:\/\/www.itakaescolapios.org\/es\/#website"},"primaryImageOfPage":{"@id":"https:\/\/www.itakaescolapios.org\/fr\/2012\/11\/bandjoun-reunion-de-la-asociacion-de-los-parientes-de-alumnos-ape-del-colegio-tecnico-calasanz-ctc\/#primaryimage"},"image":{"@id":"https:\/\/www.itakaescolapios.org\/fr\/2012\/11\/bandjoun-reunion-de-la-asociacion-de-los-parientes-de-alumnos-ape-del-colegio-tecnico-calasanz-ctc\/#primaryimage"},"thumbnailUrl":"https:\/\/www.itakaescolapios.org\/wp-content\/uploads\/2012\/11\/IMG_0166.jpg","datePublished":"2012-11-12T14:12:30+00:00","dateModified":"2023-11-28T11:39:34+00:00","breadcrumb":{"@id":"https:\/\/www.itakaescolapios.org\/fr\/2012\/11\/bandjoun-reunion-de-la-asociacion-de-los-parientes-de-alumnos-ape-del-colegio-tecnico-calasanz-ctc\/#breadcrumb"},"inLanguage":"fr-FR","potentialAction":[{"@type":"ReadAction","target":["https:\/\/www.itakaescolapios.org\/fr\/2012\/11\/bandjoun-reunion-de-la-asociacion-de-los-parientes-de-alumnos-ape-del-colegio-tecnico-calasanz-ctc\/"]}]},{"@type":"ImageObject","inLanguage":"fr-FR","@id":"https:\/\/www.itakaescolapios.org\/fr\/2012\/11\/bandjoun-reunion-de-la-asociacion-de-los-parientes-de-alumnos-ape-del-colegio-tecnico-calasanz-ctc\/#primaryimage","url":"https:\/\/www.itakaescolapios.org\/wp-content\/uploads\/2012\/11\/IMG_0166.jpg","contentUrl":"https:\/\/www.itakaescolapios.org\/wp-content\/uploads\/2012\/11\/IMG_0166.jpg","width":"314","height":"209","caption":"Asamblea General de la AMPA del CTC de Bandjoun"},{"@type":"BreadcrumbList","@id":"https:\/\/www.itakaescolapios.org\/fr\/2012\/11\/bandjoun-reunion-de-la-asociacion-de-los-parientes-de-alumnos-ape-del-colegio-tecnico-calasanz-ctc\/#breadcrumb","itemListElement":[{"@type":"ListItem","position":1,"name":"Itaka-Escolapios","item":"https:\/\/www.itakaescolapios.org\/es\/"},{"@type":"ListItem","position":2,"name":"Bandjoun-R\u00e9union de l\u2019Association des Parents d\u2019\u00c9l\u00e8ves (APE) du Coll\u00e8ge Technique Calasanz (CTC)."}]},{"@type":"WebSite","@id":"https:\/\/www.itakaescolapios.org\/fr\/es\/#website","url":"https:\/\/www.itakaescolapios.org\/fr\/es\/","name":"Itaka-Escolapios","description":"Red de Itaka-Escolapios","publisher":{"@id":"https:\/\/www.itakaescolapios.org\/fr\/es\/#organization"},"potentialAction":[{"@type":"SearchAction","target":{"@type":"EntryPoint","urlTemplate":"https:\/\/www.itakaescolapios.org\/fr\/es\/?s={search_term_string}"},"query-input":{"@type":"PropertyValueSpecification","valueRequired":true,"valueName":"search_term_string"}}],"inLanguage":"fr-FR"},{"@type":"Organization","@id":"https:\/\/www.itakaescolapios.org\/fr\/es\/#organization","name":"Fundaci\u00f3 Itaka-Escolapios","url":"https:\/\/www.itakaescolapios.org\/fr\/es\/","logo":{"@type":"ImageObject","inLanguage":"fr-FR","@id":"https:\/\/www.itakaescolapios.org\/fr\/es\/#\/schema\/logo\/image\/","url":"https:\/\/www.itakaescolapios.org\/wp-content\/uploads\/2024\/04\/Logo-itakaescolapios-peque.png","contentUrl":"https:\/\/www.itakaescolapios.org\/wp-content\/uploads\/2024\/04\/Logo-itakaescolapios-peque.png","width":500,"height":199,"caption":"Fundaci\u00f3 Itaka-Escolapios"},"image":{"@id":"https:\/\/www.itakaescolapios.org\/fr\/es\/#\/schema\/logo\/image\/"}},{"@type":"Person","@id":"https:\/\/www.itakaescolapios.org\/es\/#\/schema\/person\/9274f8b80c7385b5aae18a7831c4a9c5","name":"cameroun02","url":"https:\/\/www.itakaescolapios.org\/fr\/author\/cameroun02\/"}]}},"_links":{"self":[{"href":"https:\/\/www.itakaescolapios.org\/fr\/wp-json\/wp\/v2\/posts\/4324","targetHints":{"allow":["GET"]}}],"collection":[{"href":"https:\/\/www.itakaescolapios.org\/fr\/wp-json\/wp\/v2\/posts"}],"about":[{"href":"https:\/\/www.itakaescolapios.org\/fr\/wp-json\/wp\/v2\/types\/post"}],"author":[{"embeddable":true,"href":"https:\/\/www.itakaescolapios.org\/fr\/wp-json\/wp\/v2\/users\/16"}],"replies":[{"embeddable":true,"href":"https:\/\/www.itakaescolapios.org\/fr\/wp-json\/wp\/v2\/comments?post=4324"}],"version-history":[{"count":4,"href":"https:\/\/www.itakaescolapios.org\/fr\/wp-json\/wp\/v2\/posts\/4324\/revisions"}],"predecessor-version":[{"id":49908,"href":"https:\/\/www.itakaescolapios.org\/fr\/wp-json\/wp\/v2\/posts\/4324\/revisions\/49908"}],"wp:featuredmedia":[{"embeddable":true,"href":"https:\/\/www.itakaescolapios.org\/fr\/wp-json\/wp\/v2\/media\/4325"}],"wp:attachment":[{"href":"https:\/\/www.itakaescolapios.org\/fr\/wp-json\/wp\/v2\/media?parent=4324"}],"wp:term":[{"taxonomy":"category","embeddable":true,"href":"https:\/\/www.itakaescolapios.org\/fr\/wp-json\/wp\/v2\/categories?post=4324"},{"taxonomy":"post_tag","embeddable":true,"href":"https:\/\/www.itakaescolapios.org\/fr\/wp-json\/wp\/v2\/tags?post=4324"}],"curies":[{"name":"wp","href":"https:\/\/api.w.org\/{rel}","templated":true}]}}