{"id":4617,"date":"2012-11-19T18:47:45","date_gmt":"2012-11-19T17:47:45","guid":{"rendered":"https:\/\/www.itakaescolapios.org\/?p=4617"},"modified":"2023-11-28T12:39:33","modified_gmt":"2023-11-28T11:39:33","slug":"reunion-de-los-directores-de-las-obras-piaristes-de-camerun","status":"publish","type":"post","link":"https:\/\/www.itakaescolapios.org\/fr\/2012\/11\/reunion-de-los-directores-de-las-obras-piaristes-de-camerun\/","title":{"rendered":"R\u00e9union des directeurs des \u0153uvres piaristes du Cameroun."},"content":{"rendered":"<p style=\"text-align: justify\"><span style=\"color: #0000ff\">Samedi dernier 17 novembre, a eu lieu \u00e0 Bandjoun la rencontre trimestrielle de coordination des centres sociaux et \u00e9ducatifs de la Viceprovince Piariste du Cameroun.<\/span><\/p>\n<p style=\"text-align: justify\">Sous la supervision des P\u00e8res Jos\u00e9 Pascual Burgues et Albert Todjom, ont \u00e9t\u00e9 abord\u00e9s lors de cette premi\u00e8re rencontre pour l\u2019exercice 2012-13\u00a0:<\/p>\n<ul>\n<li>Le fonctionnement de chaque \u0153uvre sur les plans p\u00e9dagogique et administratif\u00a0;<\/li>\n<li><span style=\"text-align: justify\">Les mesures \u00e0 prendre pour assurer la p\u00e9rennit\u00e9 des \u0153uvres dans un contexte \u00e9conomique g\u00e9n\u00e9ral tr\u00e8s morose ;\u00a0<\/span><\/li>\n<li><span style=\"text-align: justify\">Le programme annuel de formation des responsables (administratifs et financiers) des \u0153uvres.<\/span><\/li>\n<\/ul>\n","protected":false},"excerpt":{"rendered":"<p>Samedi dernier 17 novembre, a eu lieu \u00e0 Bandjoun la rencontre trimestrielle de coordination des centres sociaux et \u00e9ducatifs de la Viceprovince Piariste du Cameroun. Sous la supervision des P\u00e8res [&hellip;]<\/p>\n","protected":false},"author":16,"featured_media":4618,"comment_status":"closed","ping_status":"closed","sticky":false,"template":"","format":"standard","meta":{"_et_pb_use_builder":"","_et_pb_old_content":"","_et_gb_content_width":"","footnotes":""},"categories":[10],"tags":[],"class_list":["post-4617","post","type-post","status-publish","format-standard","has-post-thumbnail","hentry","category-camerun"],"yoast_head":"<!-- This site is optimized with the Yoast SEO plugin v27.4 - https:\/\/yoast.com\/product\/yoast-seo-wordpress\/ -->\n<title>R\u00e9union des directeurs des \u0153uvres piaristes du Cameroun.<\/title>\n<meta name=\"description\" content=\"Samedi dernier 17 novembre, a eu lieu \u00e0 Bandjoun la rencontre trimestrielle de coordination des centres sociaux et \u00e9ducatifs de la Viceprovince Piariste du Cameroun. Sous la supervision des P\u00e8res Jos\u00e9 Pascual Burgues et Albert Todjom, ont \u00e9t\u00e9 abord\u00e9s lors de cette premi\u00e8re rencontre pour l\u2019exercice 2012-13\u00a0: Le fonctionnement de chaque \u0153uvre sur les plans\u2026\" \/>\n<meta name=\"robots\" content=\"index, follow, max-snippet:-1, max-image-preview:large, max-video-preview:-1\" \/>\n<link rel=\"canonical\" href=\"\" \/>\n<meta property=\"og:locale\" content=\"fr_FR\" \/>\n<meta property=\"og:type\" content=\"article\" \/>\n<meta property=\"og:title\" content=\"R\u00e9union des directeurs des \u0153uvres piaristes du Cameroun.\" \/>\n<meta property=\"og:description\" content=\"Samedi dernier 17 novembre, a eu lieu \u00e0 Bandjoun la rencontre trimestrielle de coordination des centres sociaux et \u00e9ducatifs de la Viceprovince Piariste du Cameroun. Sous la supervision des P\u00e8res Jos\u00e9 Pascual Burgues et Albert Todjom, ont \u00e9t\u00e9 abord\u00e9s lors de cette premi\u00e8re rencontre pour l\u2019exercice 2012-13\u00a0: Le fonctionnement de chaque \u0153uvre sur les plans\u2026\" \/>\n<meta property=\"og:url\" content=\"https:\/\/www.itakaescolapios.org\/fr\/2012\/11\/reunion-de-los-directores-de-las-obras-piaristes-de-camerun\/\" \/>\n<meta property=\"og:site_name\" content=\"Itaka-Escolapios\" \/>\n<meta property=\"article:published_time\" content=\"2012-11-19T17:47:45+00:00\" \/>\n<meta property=\"article:modified_time\" content=\"2023-11-28T11:39:33+00:00\" \/>\n<meta property=\"og:image\" content=\"https:\/\/www.itakaescolapios.org\/wp-content\/uploads\/2012\/11\/DSC09965.jpg\" \/>\n\t<meta property=\"og:image:width\" content=\"2000\" \/>\n\t<meta property=\"og:image:height\" content=\"1500\" \/>\n\t<meta property=\"og:image:type\" content=\"image\/jpeg\" \/>\n<meta name=\"author\" content=\"cameroun02\" \/>\n<meta name=\"twitter:card\" content=\"summary_large_image\" \/>\n<meta name=\"twitter:label1\" content=\"\u00c9crit par\" \/>\n\t<meta name=\"twitter:data1\" content=\"cameroun02\" \/>\n\t<meta name=\"twitter:label2\" content=\"Dur\u00e9e de lecture estim\u00e9e\" \/>\n\t<meta name=\"twitter:data2\" content=\"1 minute\" \/>\n<script type=\"application\/ld+json\" class=\"yoast-schema-graph\">{\"@context\":\"https:\\\/\\\/schema.org\",\"@graph\":[{\"@type\":\"Article\",\"@id\":\"https:\\\/\\\/www.itakaescolapios.org\\\/fr\\\/2012\\\/11\\\/reunion-de-los-directores-de-las-obras-piaristes-de-camerun\\\/#article\",\"isPartOf\":{\"@id\":\"https:\\\/\\\/www.itakaescolapios.org\\\/fr\\\/2012\\\/11\\\/reunion-de-los-directores-de-las-obras-piaristes-de-camerun\\\/\"},\"author\":{\"name\":\"cameroun02\",\"@id\":\"https:\\\/\\\/www.itakaescolapios.org\\\/es\\\/#\\\/schema\\\/person\\\/9274f8b80c7385b5aae18a7831c4a9c5\"},\"headline\":\"R\u00e9union des directeurs des \u0153uvres piaristes du Cameroun.\",\"datePublished\":\"2012-11-19T17:47:45+00:00\",\"dateModified\":\"2023-11-28T11:39:33+00:00\",\"mainEntityOfPage\":{\"@id\":\"https:\\\/\\\/www.itakaescolapios.org\\\/fr\\\/2012\\\/11\\\/reunion-de-los-directores-de-las-obras-piaristes-de-camerun\\\/\"},\"wordCount\":116,\"publisher\":{\"@id\":\"https:\\\/\\\/www.itakaescolapios.org\\\/es\\\/#organization\"},\"image\":{\"@id\":\"https:\\\/\\\/www.itakaescolapios.org\\\/fr\\\/2012\\\/11\\\/reunion-de-los-directores-de-las-obras-piaristes-de-camerun\\\/#primaryimage\"},\"thumbnailUrl\":\"https:\\\/\\\/www.itakaescolapios.org\\\/wp-content\\\/uploads\\\/2012\\\/11\\\/DSC09965.jpg\",\"articleSection\":[\"Cameroun\"],\"inLanguage\":\"fr-FR\"},{\"@type\":\"WebPage\",\"@id\":\"https:\\\/\\\/www.itakaescolapios.org\\\/fr\\\/2012\\\/11\\\/reunion-de-los-directores-de-las-obras-piaristes-de-camerun\\\/\",\"url\":\"https:\\\/\\\/www.itakaescolapios.org\\\/fr\\\/2012\\\/11\\\/reunion-de-los-directores-de-las-obras-piaristes-de-camerun\\\/\",\"name\":\"Reuni\u00f3n de los directores de las obras escolapias de Camer\u00fan. - Itaka-Escolapios\",\"isPartOf\":{\"@id\":\"https:\\\/\\\/www.itakaescolapios.org\\\/es\\\/#website\"},\"primaryImageOfPage\":{\"@id\":\"https:\\\/\\\/www.itakaescolapios.org\\\/fr\\\/2012\\\/11\\\/reunion-de-los-directores-de-las-obras-piaristes-de-camerun\\\/#primaryimage\"},\"image\":{\"@id\":\"https:\\\/\\\/www.itakaescolapios.org\\\/fr\\\/2012\\\/11\\\/reunion-de-los-directores-de-las-obras-piaristes-de-camerun\\\/#primaryimage\"},\"thumbnailUrl\":\"https:\\\/\\\/www.itakaescolapios.org\\\/wp-content\\\/uploads\\\/2012\\\/11\\\/DSC09965.jpg\",\"datePublished\":\"2012-11-19T17:47:45+00:00\",\"dateModified\":\"2023-11-28T11:39:33+00:00\",\"breadcrumb\":{\"@id\":\"https:\\\/\\\/www.itakaescolapios.org\\\/fr\\\/2012\\\/11\\\/reunion-de-los-directores-de-las-obras-piaristes-de-camerun\\\/#breadcrumb\"},\"inLanguage\":\"fr-FR\",\"potentialAction\":[{\"@type\":\"ReadAction\",\"target\":[\"https:\\\/\\\/www.itakaescolapios.org\\\/fr\\\/2012\\\/11\\\/reunion-de-los-directores-de-las-obras-piaristes-de-camerun\\\/\"]}]},{\"@type\":\"ImageObject\",\"inLanguage\":\"fr-FR\",\"@id\":\"https:\\\/\\\/www.itakaescolapios.org\\\/fr\\\/2012\\\/11\\\/reunion-de-los-directores-de-las-obras-piaristes-de-camerun\\\/#primaryimage\",\"url\":\"https:\\\/\\\/www.itakaescolapios.org\\\/wp-content\\\/uploads\\\/2012\\\/11\\\/DSC09965.jpg\",\"contentUrl\":\"https:\\\/\\\/www.itakaescolapios.org\\\/wp-content\\\/uploads\\\/2012\\\/11\\\/DSC09965.jpg\",\"width\":2000,\"height\":1500},{\"@type\":\"BreadcrumbList\",\"@id\":\"https:\\\/\\\/www.itakaescolapios.org\\\/fr\\\/2012\\\/11\\\/reunion-de-los-directores-de-las-obras-piaristes-de-camerun\\\/#breadcrumb\",\"itemListElement\":[{\"@type\":\"ListItem\",\"position\":1,\"name\":\"Itaka-Escolapios\",\"item\":\"https:\\\/\\\/www.itakaescolapios.org\\\/es\\\/\"},{\"@type\":\"ListItem\",\"position\":2,\"name\":\"R\u00e9union des directeurs des \u0153uvres piaristes du Cameroun.\"}]},{\"@type\":\"WebSite\",\"@id\":\"https:\\\/\\\/www.itakaescolapios.org\\\/fr\\\/es\\\/#website\",\"url\":\"https:\\\/\\\/www.itakaescolapios.org\\\/fr\\\/es\\\/\",\"name\":\"Itaka-Escolapios\",\"description\":\"Red de Itaka-Escolapios\",\"publisher\":{\"@id\":\"https:\\\/\\\/www.itakaescolapios.org\\\/fr\\\/es\\\/#organization\"},\"potentialAction\":[{\"@type\":\"SearchAction\",\"target\":{\"@type\":\"EntryPoint\",\"urlTemplate\":\"https:\\\/\\\/www.itakaescolapios.org\\\/fr\\\/es\\\/?s={search_term_string}\"},\"query-input\":{\"@type\":\"PropertyValueSpecification\",\"valueRequired\":true,\"valueName\":\"search_term_string\"}}],\"inLanguage\":\"fr-FR\"},{\"@type\":\"Organization\",\"@id\":\"https:\\\/\\\/www.itakaescolapios.org\\\/fr\\\/es\\\/#organization\",\"name\":\"Fundaci\u00f3 Itaka-Escolapios\",\"url\":\"https:\\\/\\\/www.itakaescolapios.org\\\/fr\\\/es\\\/\",\"logo\":{\"@type\":\"ImageObject\",\"inLanguage\":\"fr-FR\",\"@id\":\"https:\\\/\\\/www.itakaescolapios.org\\\/fr\\\/es\\\/#\\\/schema\\\/logo\\\/image\\\/\",\"url\":\"https:\\\/\\\/www.itakaescolapios.org\\\/wp-content\\\/uploads\\\/2024\\\/04\\\/Logo-itakaescolapios-peque.png\",\"contentUrl\":\"https:\\\/\\\/www.itakaescolapios.org\\\/wp-content\\\/uploads\\\/2024\\\/04\\\/Logo-itakaescolapios-peque.png\",\"width\":500,\"height\":199,\"caption\":\"Fundaci\u00f3 Itaka-Escolapios\"},\"image\":{\"@id\":\"https:\\\/\\\/www.itakaescolapios.org\\\/fr\\\/es\\\/#\\\/schema\\\/logo\\\/image\\\/\"}},{\"@type\":\"Person\",\"@id\":\"https:\\\/\\\/www.itakaescolapios.org\\\/es\\\/#\\\/schema\\\/person\\\/9274f8b80c7385b5aae18a7831c4a9c5\",\"name\":\"cameroun02\",\"url\":\"https:\\\/\\\/www.itakaescolapios.org\\\/fr\\\/author\\\/cameroun02\\\/\"}]}<\/script>\n<!-- \/ Yoast SEO plugin. -->","yoast_head_json":{"title":"R\u00e9union des directeurs des \u0153uvres piaristes du Cameroun.","description":"Samedi dernier 17 novembre, a eu lieu \u00e0 Bandjoun la rencontre trimestrielle de coordination des centres sociaux et \u00e9ducatifs de la Viceprovince Piariste du Cameroun. Sous la supervision des P\u00e8res Jos\u00e9 Pascual Burgues et Albert Todjom, ont \u00e9t\u00e9 abord\u00e9s lors de cette premi\u00e8re rencontre pour l\u2019exercice 2012-13\u00a0: Le fonctionnement de chaque \u0153uvre sur les plans\u2026","robots":{"index":"index","follow":"follow","max-snippet":"max-snippet:-1","max-image-preview":"max-image-preview:large","max-video-preview":"max-video-preview:-1"},"canonical":"Samedi dernier 17 novembre, a eu lieu \u00e0 Bandjoun la rencontre trimestrielle de coordination des centres sociaux et \u00e9ducatifs de la Viceprovince Piariste du Cameroun. Sous la supervision des P\u00e8res Jos\u00e9 Pascual Burgues et Albert Todjom, ont \u00e9t\u00e9 abord\u00e9s lors de cette premi\u00e8re rencontre pour l\u2019exercice 2012-13\u00a0: Le fonctionnement de chaque \u0153uvre sur les plans\u2026","og_locale":"fr_FR","og_type":"article","og_title":"R\u00e9union des directeurs des \u0153uvres piaristes du Cameroun.","og_description":"Samedi dernier 17 novembre, a eu lieu \u00e0 Bandjoun la rencontre trimestrielle de coordination des centres sociaux et \u00e9ducatifs de la Viceprovince Piariste du Cameroun. Sous la supervision des P\u00e8res Jos\u00e9 Pascual Burgues et Albert Todjom, ont \u00e9t\u00e9 abord\u00e9s lors de cette premi\u00e8re rencontre pour l\u2019exercice 2012-13\u00a0: Le fonctionnement de chaque \u0153uvre sur les plans\u2026","og_url":"https:\/\/www.itakaescolapios.org\/fr\/2012\/11\/reunion-de-los-directores-de-las-obras-piaristes-de-camerun\/","og_site_name":"Itaka-Escolapios","article_published_time":"2012-11-19T17:47:45+00:00","article_modified_time":"2023-11-28T11:39:33+00:00","og_image":[{"width":2000,"height":1500,"url":"https:\/\/www.itakaescolapios.org\/wp-content\/uploads\/2012\/11\/DSC09965.jpg","type":"image\/jpeg"}],"author":"cameroun02","twitter_card":"summary_large_image","twitter_misc":{"\u00c9crit par":"cameroun02","Dur\u00e9e de lecture estim\u00e9e":"1 minute"},"schema":{"@context":"https:\/\/schema.org","@graph":[{"@type":"Article","@id":"https:\/\/www.itakaescolapios.org\/fr\/2012\/11\/reunion-de-los-directores-de-las-obras-piaristes-de-camerun\/#article","isPartOf":{"@id":"https:\/\/www.itakaescolapios.org\/fr\/2012\/11\/reunion-de-los-directores-de-las-obras-piaristes-de-camerun\/"},"author":{"name":"cameroun02","@id":"https:\/\/www.itakaescolapios.org\/es\/#\/schema\/person\/9274f8b80c7385b5aae18a7831c4a9c5"},"headline":"R\u00e9union des directeurs des \u0153uvres piaristes du Cameroun.","datePublished":"2012-11-19T17:47:45+00:00","dateModified":"2023-11-28T11:39:33+00:00","mainEntityOfPage":{"@id":"https:\/\/www.itakaescolapios.org\/fr\/2012\/11\/reunion-de-los-directores-de-las-obras-piaristes-de-camerun\/"},"wordCount":116,"publisher":{"@id":"https:\/\/www.itakaescolapios.org\/es\/#organization"},"image":{"@id":"https:\/\/www.itakaescolapios.org\/fr\/2012\/11\/reunion-de-los-directores-de-las-obras-piaristes-de-camerun\/#primaryimage"},"thumbnailUrl":"https:\/\/www.itakaescolapios.org\/wp-content\/uploads\/2012\/11\/DSC09965.jpg","articleSection":["Cameroun"],"inLanguage":"fr-FR"},{"@type":"WebPage","@id":"https:\/\/www.itakaescolapios.org\/fr\/2012\/11\/reunion-de-los-directores-de-las-obras-piaristes-de-camerun\/","url":"https:\/\/www.itakaescolapios.org\/fr\/2012\/11\/reunion-de-los-directores-de-las-obras-piaristes-de-camerun\/","name":"Reuni\u00f3n de los directores de las obras escolapias de Camer\u00fan. - Itaka-Escolapios","isPartOf":{"@id":"https:\/\/www.itakaescolapios.org\/es\/#website"},"primaryImageOfPage":{"@id":"https:\/\/www.itakaescolapios.org\/fr\/2012\/11\/reunion-de-los-directores-de-las-obras-piaristes-de-camerun\/#primaryimage"},"image":{"@id":"https:\/\/www.itakaescolapios.org\/fr\/2012\/11\/reunion-de-los-directores-de-las-obras-piaristes-de-camerun\/#primaryimage"},"thumbnailUrl":"https:\/\/www.itakaescolapios.org\/wp-content\/uploads\/2012\/11\/DSC09965.jpg","datePublished":"2012-11-19T17:47:45+00:00","dateModified":"2023-11-28T11:39:33+00:00","breadcrumb":{"@id":"https:\/\/www.itakaescolapios.org\/fr\/2012\/11\/reunion-de-los-directores-de-las-obras-piaristes-de-camerun\/#breadcrumb"},"inLanguage":"fr-FR","potentialAction":[{"@type":"ReadAction","target":["https:\/\/www.itakaescolapios.org\/fr\/2012\/11\/reunion-de-los-directores-de-las-obras-piaristes-de-camerun\/"]}]},{"@type":"ImageObject","inLanguage":"fr-FR","@id":"https:\/\/www.itakaescolapios.org\/fr\/2012\/11\/reunion-de-los-directores-de-las-obras-piaristes-de-camerun\/#primaryimage","url":"https:\/\/www.itakaescolapios.org\/wp-content\/uploads\/2012\/11\/DSC09965.jpg","contentUrl":"https:\/\/www.itakaescolapios.org\/wp-content\/uploads\/2012\/11\/DSC09965.jpg","width":2000,"height":1500},{"@type":"BreadcrumbList","@id":"https:\/\/www.itakaescolapios.org\/fr\/2012\/11\/reunion-de-los-directores-de-las-obras-piaristes-de-camerun\/#breadcrumb","itemListElement":[{"@type":"ListItem","position":1,"name":"Itaka-Escolapios","item":"https:\/\/www.itakaescolapios.org\/es\/"},{"@type":"ListItem","position":2,"name":"R\u00e9union des directeurs des \u0153uvres piaristes du Cameroun."}]},{"@type":"WebSite","@id":"https:\/\/www.itakaescolapios.org\/fr\/es\/#website","url":"https:\/\/www.itakaescolapios.org\/fr\/es\/","name":"Itaka-Escolapios","description":"Red de Itaka-Escolapios","publisher":{"@id":"https:\/\/www.itakaescolapios.org\/fr\/es\/#organization"},"potentialAction":[{"@type":"SearchAction","target":{"@type":"EntryPoint","urlTemplate":"https:\/\/www.itakaescolapios.org\/fr\/es\/?s={search_term_string}"},"query-input":{"@type":"PropertyValueSpecification","valueRequired":true,"valueName":"search_term_string"}}],"inLanguage":"fr-FR"},{"@type":"Organization","@id":"https:\/\/www.itakaescolapios.org\/fr\/es\/#organization","name":"Fundaci\u00f3 Itaka-Escolapios","url":"https:\/\/www.itakaescolapios.org\/fr\/es\/","logo":{"@type":"ImageObject","inLanguage":"fr-FR","@id":"https:\/\/www.itakaescolapios.org\/fr\/es\/#\/schema\/logo\/image\/","url":"https:\/\/www.itakaescolapios.org\/wp-content\/uploads\/2024\/04\/Logo-itakaescolapios-peque.png","contentUrl":"https:\/\/www.itakaescolapios.org\/wp-content\/uploads\/2024\/04\/Logo-itakaescolapios-peque.png","width":500,"height":199,"caption":"Fundaci\u00f3 Itaka-Escolapios"},"image":{"@id":"https:\/\/www.itakaescolapios.org\/fr\/es\/#\/schema\/logo\/image\/"}},{"@type":"Person","@id":"https:\/\/www.itakaescolapios.org\/es\/#\/schema\/person\/9274f8b80c7385b5aae18a7831c4a9c5","name":"cameroun02","url":"https:\/\/www.itakaescolapios.org\/fr\/author\/cameroun02\/"}]}},"_links":{"self":[{"href":"https:\/\/www.itakaescolapios.org\/fr\/wp-json\/wp\/v2\/posts\/4617","targetHints":{"allow":["GET"]}}],"collection":[{"href":"https:\/\/www.itakaescolapios.org\/fr\/wp-json\/wp\/v2\/posts"}],"about":[{"href":"https:\/\/www.itakaescolapios.org\/fr\/wp-json\/wp\/v2\/types\/post"}],"author":[{"embeddable":true,"href":"https:\/\/www.itakaescolapios.org\/fr\/wp-json\/wp\/v2\/users\/16"}],"replies":[{"embeddable":true,"href":"https:\/\/www.itakaescolapios.org\/fr\/wp-json\/wp\/v2\/comments?post=4617"}],"version-history":[{"count":5,"href":"https:\/\/www.itakaescolapios.org\/fr\/wp-json\/wp\/v2\/posts\/4617\/revisions"}],"predecessor-version":[{"id":49888,"href":"https:\/\/www.itakaescolapios.org\/fr\/wp-json\/wp\/v2\/posts\/4617\/revisions\/49888"}],"wp:featuredmedia":[{"embeddable":true,"href":"https:\/\/www.itakaescolapios.org\/fr\/wp-json\/wp\/v2\/media\/4618"}],"wp:attachment":[{"href":"https:\/\/www.itakaescolapios.org\/fr\/wp-json\/wp\/v2\/media?parent=4617"}],"wp:term":[{"taxonomy":"category","embeddable":true,"href":"https:\/\/www.itakaescolapios.org\/fr\/wp-json\/wp\/v2\/categories?post=4617"},{"taxonomy":"post_tag","embeddable":true,"href":"https:\/\/www.itakaescolapios.org\/fr\/wp-json\/wp\/v2\/tags?post=4617"}],"curies":[{"name":"wp","href":"https:\/\/api.w.org\/{rel}","templated":true}]}}