{"id":4999,"date":"2012-12-11T18:36:44","date_gmt":"2012-12-11T17:36:44","guid":{"rendered":"https:\/\/www.itakaescolapios.org\/?p=4999"},"modified":"2023-11-28T12:39:32","modified_gmt":"2023-11-28T11:39:32","slug":"visita-de-responsables-de-unicef-espana-y-del-heraldo-de-aragon","status":"publish","type":"post","link":"https:\/\/www.itakaescolapios.org\/fr\/2012\/12\/visita-de-responsables-de-unicef-espana-y-del-heraldo-de-aragon\/","title":{"rendered":"Visite de responsables de UNICEF-Espagne et du Heraldo de Arag\u00f3n."},"content":{"rendered":"<p style=\"text-align: justify\"><span style=\"color: #0000ff\"><strong>Du 3 au 10 d\u00e9cembre, nous avons re\u00e7u la visite de Pilar de la Vega (Pr\u00e9sidente de UNICEF Arag\u00f3n) et Mar\u00eda Luisa Cancela Ram\u00edrez (Conseill\u00e8re de UNICEF Espagne), Pilar Yarza de Heraldo de Arag\u00f3n et Juanma Crespo Calvo (ex-\u00e9l\u00e8ve et collaborateur des \u00c9coles Pies \u00e0 Alca\u00f1iz).<\/strong><\/span><\/p>\n<p style=\"text-align: justify\">Apr\u00e8s une s\u00e9ance de travail tr\u00e8s riche avec les responsables d\u2019UNICEF-Cameroun, les visiteurs et P. Javier Negro (Provincial des \u00c9coles Pies de Arag\u00f3n) accompagn\u00e9s par P. Mariano Grassa ont d\u00e9couvert la r\u00e9alit\u00e9 de la mission piariste dans notre pays. Ils ont ainsi parcouru toutes les communaut\u00e9s et les diff\u00e9rentes \u0153uvres pastorales et \u00e9ducatives piaristes au Cameroun.<\/p>\n<p style=\"text-align: justify\">Merci pour votre chaleureuse visite. Asha !!!<\/p>\n<p style=\"text-align: justify\">Rappelons que ce 29 d\u00e9cembre 2012, les \u00c9coles Pies c\u00e9l\u00e8brent 25 ans de pr\u00e9sence, \u00ab\u00a0d\u00e9j\u00e0 25 ans avec les enfants et les jeunes au Cameroun\u00a0\u00bb.<\/p>\n","protected":false},"excerpt":{"rendered":"<p>Du 3 au 10 d\u00e9cembre, nous avons re\u00e7u la visite de Pilar de la Vega (Pr\u00e9sidente de UNICEF Arag\u00f3n) et Mar\u00eda Luisa Cancela Ram\u00edrez (Conseill\u00e8re de UNICEF Espagne), Pilar Yarza [&hellip;]<\/p>\n","protected":false},"author":16,"featured_media":5002,"comment_status":"closed","ping_status":"closed","sticky":false,"template":"","format":"standard","meta":{"_et_pb_use_builder":"","_et_pb_old_content":"","_et_gb_content_width":"","footnotes":""},"categories":[10],"tags":[],"class_list":["post-4999","post","type-post","status-publish","format-standard","has-post-thumbnail","hentry","category-camerun"],"yoast_head":"<!-- This site is optimized with the Yoast SEO plugin v27.4 - https:\/\/yoast.com\/product\/yoast-seo-wordpress\/ -->\n<title>Visite de responsables de UNICEF-Espagne et du Heraldo de Arag\u00f3n.<\/title>\n<meta name=\"description\" content=\"Du 3 au 10 d\u00e9cembre, nous avons re\u00e7u la visite de Pilar de la Vega (Pr\u00e9sidente de UNICEF Arag\u00f3n) et Mar\u00eda Luisa Cancela Ram\u00edrez (Conseill\u00e8re de UNICEF Espagne), Pilar Yarza de Heraldo de Arag\u00f3n et Juanma Crespo Calvo (ex-\u00e9l\u00e8ve et collaborateur des \u00c9coles Pies \u00e0 Alca\u00f1iz). Apr\u00e8s une s\u00e9ance de travail tr\u00e8s riche avec les\u2026\" \/>\n<meta name=\"robots\" content=\"index, follow, max-snippet:-1, max-image-preview:large, max-video-preview:-1\" \/>\n<link rel=\"canonical\" href=\"http:\/\/Du%203%20au%2010%20d\u00e9cembre,%20nous%20avons%20re\u00e7u%20la%20visite%20de%20Pilar%20de%20la%20Vega%20(Pr\u00e9sidente%20de%20UNICEF%20Arag\u00f3n)%20et%20Mar\u00eda%20Luisa%20Cancela%20Ram\u00edrez%20(Conseill\u00e8re%20de%20UNICEF%20Espagne),%20Pilar%20Yarza%20de%20Heraldo%20de%20Arag\u00f3n%20et%20Juanma%20Crespo%20Calvo%20(ex-\u00e9l\u00e8ve%20et%20collaborateur%20des%20\u00c9coles%20Pies%20\u00e0%20Alca\u00f1iz).%20Apr\u00e8s%20une%20s\u00e9ance%20de%20travail%20tr\u00e8s%20riche%20avec%20les\u2026\" \/>\n<meta property=\"og:locale\" content=\"fr_FR\" \/>\n<meta property=\"og:type\" content=\"article\" \/>\n<meta property=\"og:title\" content=\"Visite de responsables de UNICEF-Espagne et du Heraldo de Arag\u00f3n.\" \/>\n<meta property=\"og:description\" content=\"Du 3 au 10 d\u00e9cembre, nous avons re\u00e7u la visite de Pilar de la Vega (Pr\u00e9sidente de UNICEF Arag\u00f3n) et Mar\u00eda Luisa Cancela Ram\u00edrez (Conseill\u00e8re de UNICEF Espagne), Pilar Yarza de Heraldo de Arag\u00f3n et Juanma Crespo Calvo (ex-\u00e9l\u00e8ve et collaborateur des \u00c9coles Pies \u00e0 Alca\u00f1iz). Apr\u00e8s une s\u00e9ance de travail tr\u00e8s riche avec les\u2026\" \/>\n<meta property=\"og:url\" content=\"https:\/\/www.itakaescolapios.org\/fr\/2012\/12\/visita-de-responsables-de-unicef-espana-y-del-heraldo-de-aragon\/\" \/>\n<meta property=\"og:site_name\" content=\"Itaka-Escolapios\" \/>\n<meta property=\"article:published_time\" content=\"2012-12-11T17:36:44+00:00\" \/>\n<meta property=\"article:modified_time\" content=\"2023-11-28T11:39:32+00:00\" \/>\n<meta property=\"og:image\" content=\"https:\/\/www.itakaescolapios.org\/wp-content\/uploads\/2012\/12\/DSC00253.jpg\" \/>\n\t<meta property=\"og:image:width\" content=\"2000\" \/>\n\t<meta property=\"og:image:height\" content=\"1500\" \/>\n\t<meta property=\"og:image:type\" content=\"image\/jpeg\" \/>\n<meta name=\"author\" content=\"cameroun02\" \/>\n<meta name=\"twitter:card\" content=\"summary_large_image\" \/>\n<meta name=\"twitter:label1\" content=\"\u00c9crit par\" \/>\n\t<meta name=\"twitter:data1\" content=\"cameroun02\" \/>\n\t<meta name=\"twitter:label2\" content=\"Dur\u00e9e de lecture estim\u00e9e\" \/>\n\t<meta name=\"twitter:data2\" content=\"1 minute\" \/>\n<script type=\"application\/ld+json\" class=\"yoast-schema-graph\">{\"@context\":\"https:\\\/\\\/schema.org\",\"@graph\":[{\"@type\":\"Article\",\"@id\":\"https:\\\/\\\/www.itakaescolapios.org\\\/fr\\\/2012\\\/12\\\/visita-de-responsables-de-unicef-espana-y-del-heraldo-de-aragon\\\/#article\",\"isPartOf\":{\"@id\":\"https:\\\/\\\/www.itakaescolapios.org\\\/fr\\\/2012\\\/12\\\/visita-de-responsables-de-unicef-espana-y-del-heraldo-de-aragon\\\/\"},\"author\":{\"name\":\"cameroun02\",\"@id\":\"https:\\\/\\\/www.itakaescolapios.org\\\/es\\\/#\\\/schema\\\/person\\\/9274f8b80c7385b5aae18a7831c4a9c5\"},\"headline\":\"Visite de responsables de UNICEF-Espagne et du Heraldo de Arag\u00f3n.\",\"datePublished\":\"2012-12-11T17:36:44+00:00\",\"dateModified\":\"2023-11-28T11:39:32+00:00\",\"mainEntityOfPage\":{\"@id\":\"https:\\\/\\\/www.itakaescolapios.org\\\/fr\\\/2012\\\/12\\\/visita-de-responsables-de-unicef-espana-y-del-heraldo-de-aragon\\\/\"},\"wordCount\":154,\"publisher\":{\"@id\":\"https:\\\/\\\/www.itakaescolapios.org\\\/es\\\/#organization\"},\"image\":{\"@id\":\"https:\\\/\\\/www.itakaescolapios.org\\\/fr\\\/2012\\\/12\\\/visita-de-responsables-de-unicef-espana-y-del-heraldo-de-aragon\\\/#primaryimage\"},\"thumbnailUrl\":\"https:\\\/\\\/www.itakaescolapios.org\\\/wp-content\\\/uploads\\\/2012\\\/12\\\/DSC00253.jpg\",\"articleSection\":[\"Cameroun\"],\"inLanguage\":\"fr-FR\"},{\"@type\":\"WebPage\",\"@id\":\"https:\\\/\\\/www.itakaescolapios.org\\\/fr\\\/2012\\\/12\\\/visita-de-responsables-de-unicef-espana-y-del-heraldo-de-aragon\\\/\",\"url\":\"https:\\\/\\\/www.itakaescolapios.org\\\/fr\\\/2012\\\/12\\\/visita-de-responsables-de-unicef-espana-y-del-heraldo-de-aragon\\\/\",\"name\":\"Visita de responsables de UNICEF-Espa\u00f1a y del Heraldo de Arag\u00f3n. - Itaka-Escolapios\",\"isPartOf\":{\"@id\":\"https:\\\/\\\/www.itakaescolapios.org\\\/es\\\/#website\"},\"primaryImageOfPage\":{\"@id\":\"https:\\\/\\\/www.itakaescolapios.org\\\/fr\\\/2012\\\/12\\\/visita-de-responsables-de-unicef-espana-y-del-heraldo-de-aragon\\\/#primaryimage\"},\"image\":{\"@id\":\"https:\\\/\\\/www.itakaescolapios.org\\\/fr\\\/2012\\\/12\\\/visita-de-responsables-de-unicef-espana-y-del-heraldo-de-aragon\\\/#primaryimage\"},\"thumbnailUrl\":\"https:\\\/\\\/www.itakaescolapios.org\\\/wp-content\\\/uploads\\\/2012\\\/12\\\/DSC00253.jpg\",\"datePublished\":\"2012-12-11T17:36:44+00:00\",\"dateModified\":\"2023-11-28T11:39:32+00:00\",\"breadcrumb\":{\"@id\":\"https:\\\/\\\/www.itakaescolapios.org\\\/fr\\\/2012\\\/12\\\/visita-de-responsables-de-unicef-espana-y-del-heraldo-de-aragon\\\/#breadcrumb\"},\"inLanguage\":\"fr-FR\",\"potentialAction\":[{\"@type\":\"ReadAction\",\"target\":[\"https:\\\/\\\/www.itakaescolapios.org\\\/fr\\\/2012\\\/12\\\/visita-de-responsables-de-unicef-espana-y-del-heraldo-de-aragon\\\/\"]}]},{\"@type\":\"ImageObject\",\"inLanguage\":\"fr-FR\",\"@id\":\"https:\\\/\\\/www.itakaescolapios.org\\\/fr\\\/2012\\\/12\\\/visita-de-responsables-de-unicef-espana-y-del-heraldo-de-aragon\\\/#primaryimage\",\"url\":\"https:\\\/\\\/www.itakaescolapios.org\\\/wp-content\\\/uploads\\\/2012\\\/12\\\/DSC00253.jpg\",\"contentUrl\":\"https:\\\/\\\/www.itakaescolapios.org\\\/wp-content\\\/uploads\\\/2012\\\/12\\\/DSC00253.jpg\",\"width\":2000,\"height\":1500},{\"@type\":\"BreadcrumbList\",\"@id\":\"https:\\\/\\\/www.itakaescolapios.org\\\/fr\\\/2012\\\/12\\\/visita-de-responsables-de-unicef-espana-y-del-heraldo-de-aragon\\\/#breadcrumb\",\"itemListElement\":[{\"@type\":\"ListItem\",\"position\":1,\"name\":\"Itaka-Escolapios\",\"item\":\"https:\\\/\\\/www.itakaescolapios.org\\\/es\\\/\"},{\"@type\":\"ListItem\",\"position\":2,\"name\":\"Visite de responsables de UNICEF-Espagne et du Heraldo de Arag\u00f3n.\"}]},{\"@type\":\"WebSite\",\"@id\":\"https:\\\/\\\/www.itakaescolapios.org\\\/fr\\\/es\\\/#website\",\"url\":\"https:\\\/\\\/www.itakaescolapios.org\\\/fr\\\/es\\\/\",\"name\":\"Itaka-Escolapios\",\"description\":\"Red de Itaka-Escolapios\",\"publisher\":{\"@id\":\"https:\\\/\\\/www.itakaescolapios.org\\\/fr\\\/es\\\/#organization\"},\"potentialAction\":[{\"@type\":\"SearchAction\",\"target\":{\"@type\":\"EntryPoint\",\"urlTemplate\":\"https:\\\/\\\/www.itakaescolapios.org\\\/fr\\\/es\\\/?s={search_term_string}\"},\"query-input\":{\"@type\":\"PropertyValueSpecification\",\"valueRequired\":true,\"valueName\":\"search_term_string\"}}],\"inLanguage\":\"fr-FR\"},{\"@type\":\"Organization\",\"@id\":\"https:\\\/\\\/www.itakaescolapios.org\\\/fr\\\/es\\\/#organization\",\"name\":\"Fundaci\u00f3 Itaka-Escolapios\",\"url\":\"https:\\\/\\\/www.itakaescolapios.org\\\/fr\\\/es\\\/\",\"logo\":{\"@type\":\"ImageObject\",\"inLanguage\":\"fr-FR\",\"@id\":\"https:\\\/\\\/www.itakaescolapios.org\\\/fr\\\/es\\\/#\\\/schema\\\/logo\\\/image\\\/\",\"url\":\"https:\\\/\\\/www.itakaescolapios.org\\\/wp-content\\\/uploads\\\/2024\\\/04\\\/Logo-itakaescolapios-peque.png\",\"contentUrl\":\"https:\\\/\\\/www.itakaescolapios.org\\\/wp-content\\\/uploads\\\/2024\\\/04\\\/Logo-itakaescolapios-peque.png\",\"width\":500,\"height\":199,\"caption\":\"Fundaci\u00f3 Itaka-Escolapios\"},\"image\":{\"@id\":\"https:\\\/\\\/www.itakaescolapios.org\\\/fr\\\/es\\\/#\\\/schema\\\/logo\\\/image\\\/\"}},{\"@type\":\"Person\",\"@id\":\"https:\\\/\\\/www.itakaescolapios.org\\\/es\\\/#\\\/schema\\\/person\\\/9274f8b80c7385b5aae18a7831c4a9c5\",\"name\":\"cameroun02\",\"url\":\"https:\\\/\\\/www.itakaescolapios.org\\\/fr\\\/author\\\/cameroun02\\\/\"}]}<\/script>\n<!-- \/ Yoast SEO plugin. -->","yoast_head_json":{"title":"Visite de responsables de UNICEF-Espagne et du Heraldo de Arag\u00f3n.","description":"Du 3 au 10 d\u00e9cembre, nous avons re\u00e7u la visite de Pilar de la Vega (Pr\u00e9sidente de UNICEF Arag\u00f3n) et Mar\u00eda Luisa Cancela Ram\u00edrez (Conseill\u00e8re de UNICEF Espagne), Pilar Yarza de Heraldo de Arag\u00f3n et Juanma Crespo Calvo (ex-\u00e9l\u00e8ve et collaborateur des \u00c9coles Pies \u00e0 Alca\u00f1iz). Apr\u00e8s une s\u00e9ance de travail tr\u00e8s riche avec les\u2026","robots":{"index":"index","follow":"follow","max-snippet":"max-snippet:-1","max-image-preview":"max-image-preview:large","max-video-preview":"max-video-preview:-1"},"canonical":"Du 3 au 10 d\u00e9cembre, nous avons re\u00e7u la visite de Pilar de la Vega (Pr\u00e9sidente de UNICEF Arag\u00f3n) et Mar\u00eda Luisa Cancela Ram\u00edrez (Conseill\u00e8re de UNICEF Espagne), Pilar Yarza de Heraldo de Arag\u00f3n et Juanma Crespo Calvo (ex-\u00e9l\u00e8ve et collaborateur des \u00c9coles Pies \u00e0 Alca\u00f1iz). Apr\u00e8s une s\u00e9ance de travail tr\u00e8s riche avec les\u2026","og_locale":"fr_FR","og_type":"article","og_title":"Visite de responsables de UNICEF-Espagne et du Heraldo de Arag\u00f3n.","og_description":"Du 3 au 10 d\u00e9cembre, nous avons re\u00e7u la visite de Pilar de la Vega (Pr\u00e9sidente de UNICEF Arag\u00f3n) et Mar\u00eda Luisa Cancela Ram\u00edrez (Conseill\u00e8re de UNICEF Espagne), Pilar Yarza de Heraldo de Arag\u00f3n et Juanma Crespo Calvo (ex-\u00e9l\u00e8ve et collaborateur des \u00c9coles Pies \u00e0 Alca\u00f1iz). Apr\u00e8s une s\u00e9ance de travail tr\u00e8s riche avec les\u2026","og_url":"https:\/\/www.itakaescolapios.org\/fr\/2012\/12\/visita-de-responsables-de-unicef-espana-y-del-heraldo-de-aragon\/","og_site_name":"Itaka-Escolapios","article_published_time":"2012-12-11T17:36:44+00:00","article_modified_time":"2023-11-28T11:39:32+00:00","og_image":[{"width":2000,"height":1500,"url":"https:\/\/www.itakaescolapios.org\/wp-content\/uploads\/2012\/12\/DSC00253.jpg","type":"image\/jpeg"}],"author":"cameroun02","twitter_card":"summary_large_image","twitter_misc":{"\u00c9crit par":"cameroun02","Dur\u00e9e de lecture estim\u00e9e":"1 minute"},"schema":{"@context":"https:\/\/schema.org","@graph":[{"@type":"Article","@id":"https:\/\/www.itakaescolapios.org\/fr\/2012\/12\/visita-de-responsables-de-unicef-espana-y-del-heraldo-de-aragon\/#article","isPartOf":{"@id":"https:\/\/www.itakaescolapios.org\/fr\/2012\/12\/visita-de-responsables-de-unicef-espana-y-del-heraldo-de-aragon\/"},"author":{"name":"cameroun02","@id":"https:\/\/www.itakaescolapios.org\/es\/#\/schema\/person\/9274f8b80c7385b5aae18a7831c4a9c5"},"headline":"Visite de responsables de UNICEF-Espagne et du Heraldo de Arag\u00f3n.","datePublished":"2012-12-11T17:36:44+00:00","dateModified":"2023-11-28T11:39:32+00:00","mainEntityOfPage":{"@id":"https:\/\/www.itakaescolapios.org\/fr\/2012\/12\/visita-de-responsables-de-unicef-espana-y-del-heraldo-de-aragon\/"},"wordCount":154,"publisher":{"@id":"https:\/\/www.itakaescolapios.org\/es\/#organization"},"image":{"@id":"https:\/\/www.itakaescolapios.org\/fr\/2012\/12\/visita-de-responsables-de-unicef-espana-y-del-heraldo-de-aragon\/#primaryimage"},"thumbnailUrl":"https:\/\/www.itakaescolapios.org\/wp-content\/uploads\/2012\/12\/DSC00253.jpg","articleSection":["Cameroun"],"inLanguage":"fr-FR"},{"@type":"WebPage","@id":"https:\/\/www.itakaescolapios.org\/fr\/2012\/12\/visita-de-responsables-de-unicef-espana-y-del-heraldo-de-aragon\/","url":"https:\/\/www.itakaescolapios.org\/fr\/2012\/12\/visita-de-responsables-de-unicef-espana-y-del-heraldo-de-aragon\/","name":"Visita de responsables de UNICEF-Espa\u00f1a y del Heraldo de Arag\u00f3n. - Itaka-Escolapios","isPartOf":{"@id":"https:\/\/www.itakaescolapios.org\/es\/#website"},"primaryImageOfPage":{"@id":"https:\/\/www.itakaescolapios.org\/fr\/2012\/12\/visita-de-responsables-de-unicef-espana-y-del-heraldo-de-aragon\/#primaryimage"},"image":{"@id":"https:\/\/www.itakaescolapios.org\/fr\/2012\/12\/visita-de-responsables-de-unicef-espana-y-del-heraldo-de-aragon\/#primaryimage"},"thumbnailUrl":"https:\/\/www.itakaescolapios.org\/wp-content\/uploads\/2012\/12\/DSC00253.jpg","datePublished":"2012-12-11T17:36:44+00:00","dateModified":"2023-11-28T11:39:32+00:00","breadcrumb":{"@id":"https:\/\/www.itakaescolapios.org\/fr\/2012\/12\/visita-de-responsables-de-unicef-espana-y-del-heraldo-de-aragon\/#breadcrumb"},"inLanguage":"fr-FR","potentialAction":[{"@type":"ReadAction","target":["https:\/\/www.itakaescolapios.org\/fr\/2012\/12\/visita-de-responsables-de-unicef-espana-y-del-heraldo-de-aragon\/"]}]},{"@type":"ImageObject","inLanguage":"fr-FR","@id":"https:\/\/www.itakaescolapios.org\/fr\/2012\/12\/visita-de-responsables-de-unicef-espana-y-del-heraldo-de-aragon\/#primaryimage","url":"https:\/\/www.itakaescolapios.org\/wp-content\/uploads\/2012\/12\/DSC00253.jpg","contentUrl":"https:\/\/www.itakaescolapios.org\/wp-content\/uploads\/2012\/12\/DSC00253.jpg","width":2000,"height":1500},{"@type":"BreadcrumbList","@id":"https:\/\/www.itakaescolapios.org\/fr\/2012\/12\/visita-de-responsables-de-unicef-espana-y-del-heraldo-de-aragon\/#breadcrumb","itemListElement":[{"@type":"ListItem","position":1,"name":"Itaka-Escolapios","item":"https:\/\/www.itakaescolapios.org\/es\/"},{"@type":"ListItem","position":2,"name":"Visite de responsables de UNICEF-Espagne et du Heraldo de Arag\u00f3n."}]},{"@type":"WebSite","@id":"https:\/\/www.itakaescolapios.org\/fr\/es\/#website","url":"https:\/\/www.itakaescolapios.org\/fr\/es\/","name":"Itaka-Escolapios","description":"Red de Itaka-Escolapios","publisher":{"@id":"https:\/\/www.itakaescolapios.org\/fr\/es\/#organization"},"potentialAction":[{"@type":"SearchAction","target":{"@type":"EntryPoint","urlTemplate":"https:\/\/www.itakaescolapios.org\/fr\/es\/?s={search_term_string}"},"query-input":{"@type":"PropertyValueSpecification","valueRequired":true,"valueName":"search_term_string"}}],"inLanguage":"fr-FR"},{"@type":"Organization","@id":"https:\/\/www.itakaescolapios.org\/fr\/es\/#organization","name":"Fundaci\u00f3 Itaka-Escolapios","url":"https:\/\/www.itakaescolapios.org\/fr\/es\/","logo":{"@type":"ImageObject","inLanguage":"fr-FR","@id":"https:\/\/www.itakaescolapios.org\/fr\/es\/#\/schema\/logo\/image\/","url":"https:\/\/www.itakaescolapios.org\/wp-content\/uploads\/2024\/04\/Logo-itakaescolapios-peque.png","contentUrl":"https:\/\/www.itakaescolapios.org\/wp-content\/uploads\/2024\/04\/Logo-itakaescolapios-peque.png","width":500,"height":199,"caption":"Fundaci\u00f3 Itaka-Escolapios"},"image":{"@id":"https:\/\/www.itakaescolapios.org\/fr\/es\/#\/schema\/logo\/image\/"}},{"@type":"Person","@id":"https:\/\/www.itakaescolapios.org\/es\/#\/schema\/person\/9274f8b80c7385b5aae18a7831c4a9c5","name":"cameroun02","url":"https:\/\/www.itakaescolapios.org\/fr\/author\/cameroun02\/"}]}},"_links":{"self":[{"href":"https:\/\/www.itakaescolapios.org\/fr\/wp-json\/wp\/v2\/posts\/4999","targetHints":{"allow":["GET"]}}],"collection":[{"href":"https:\/\/www.itakaescolapios.org\/fr\/wp-json\/wp\/v2\/posts"}],"about":[{"href":"https:\/\/www.itakaescolapios.org\/fr\/wp-json\/wp\/v2\/types\/post"}],"author":[{"embeddable":true,"href":"https:\/\/www.itakaescolapios.org\/fr\/wp-json\/wp\/v2\/users\/16"}],"replies":[{"embeddable":true,"href":"https:\/\/www.itakaescolapios.org\/fr\/wp-json\/wp\/v2\/comments?post=4999"}],"version-history":[{"count":5,"href":"https:\/\/www.itakaescolapios.org\/fr\/wp-json\/wp\/v2\/posts\/4999\/revisions"}],"predecessor-version":[{"id":49854,"href":"https:\/\/www.itakaescolapios.org\/fr\/wp-json\/wp\/v2\/posts\/4999\/revisions\/49854"}],"wp:featuredmedia":[{"embeddable":true,"href":"https:\/\/www.itakaescolapios.org\/fr\/wp-json\/wp\/v2\/media\/5002"}],"wp:attachment":[{"href":"https:\/\/www.itakaescolapios.org\/fr\/wp-json\/wp\/v2\/media?parent=4999"}],"wp:term":[{"taxonomy":"category","embeddable":true,"href":"https:\/\/www.itakaescolapios.org\/fr\/wp-json\/wp\/v2\/categories?post=4999"},{"taxonomy":"post_tag","embeddable":true,"href":"https:\/\/www.itakaescolapios.org\/fr\/wp-json\/wp\/v2\/tags?post=4999"}],"curies":[{"name":"wp","href":"https:\/\/api.w.org\/{rel}","templated":true}]}}