{"id":5006,"date":"2012-12-12T09:38:23","date_gmt":"2012-12-12T08:38:23","guid":{"rendered":"https:\/\/www.itakaescolapios.org\/?p=5006"},"modified":"2023-11-28T12:39:32","modified_gmt":"2023-11-28T11:39:32","slug":"bafia-inicio-de-la-obra-de-ampliacion-de-la-escuela-de-bafia","status":"publish","type":"post","link":"https:\/\/www.itakaescolapios.org\/fr\/2012\/12\/bafia-inicio-de-la-obra-de-ampliacion-de-la-escuela-de-bafia\/","title":{"rendered":"Bafia-D\u00e9but des travaux d\u2019agrandissement de l\u2019\u00e9cole maternelle et primaire."},"content":{"rendered":"<p style=\"text-align: justify\"><strong><span style=\"color: #0000ff\">La premi\u00e8re phase de ce projet a d\u00e9marr\u00e9 depuis deux semaines d\u00e9j\u00e0, elle permettra d\u2019accro\u00eetre les capacit\u00e9s du notre \u00e9cole qui a d\u00e9j\u00e0 en 5 ann\u00e9es d\u2019existence plus de 630 \u00e9l\u00e8ves.<\/span><\/strong><\/p>\n<p style=\"text-align: justify\">La forte demande \u00e9ducative de la zone de Bafia n\u00e9cessite un agrandissement des capacit\u00e9s d\u2019accueil. Avec l\u2019appui financier de la CAI (Espagne) et Caritas Antoniana (Italie) une partie des fonds n\u00e9cessaires a d\u00e9j\u00e0 \u00e9t\u00e9 mobilis\u00e9e. Ce b\u00e2timent qui comportera six salles de classes, des toilettes, une salle informatique, une biblioth\u00e8que, une salle de r\u00e9union, l\u2019infirmerie et des bureaux, devrait \u00eatre op\u00e9rationnel pour la rentr\u00e9e scolaire prochaine (septembre 2013).<\/p>\n<p style=\"text-align: center\"><strong><em><span style=\"color: #99cc00\">\u00ab\u00a0P\u00e8res Piaristes,\u2026\u2026..d\u00e9j\u00e0 25 ans avec les enfants et les jeunes au Cameroun\u00a0\u00bb.<\/span><\/em><\/strong><\/p>\n","protected":false},"excerpt":{"rendered":"<p>La premi\u00e8re phase de ce projet a d\u00e9marr\u00e9 depuis deux semaines d\u00e9j\u00e0, elle permettra d\u2019accro\u00eetre les capacit\u00e9s du notre \u00e9cole qui a d\u00e9j\u00e0 en 5 ann\u00e9es d\u2019existence plus de 630 [&hellip;]<\/p>\n","protected":false},"author":16,"featured_media":5007,"comment_status":"closed","ping_status":"closed","sticky":false,"template":"","format":"standard","meta":{"_et_pb_use_builder":"","_et_pb_old_content":"","_et_gb_content_width":"","footnotes":""},"categories":[10],"tags":[],"class_list":["post-5006","post","type-post","status-publish","format-standard","has-post-thumbnail","hentry","category-camerun"],"yoast_head":"<!-- This site is optimized with the Yoast SEO plugin v27.4 - https:\/\/yoast.com\/product\/yoast-seo-wordpress\/ -->\n<title>Bafia-D\u00e9but des travaux d\u2019agrandissement de l\u2019\u00e9cole maternelle et primaire.<\/title>\n<meta name=\"description\" content=\"La premi\u00e8re phase de ce projet a d\u00e9marr\u00e9 depuis deux semaines d\u00e9j\u00e0, elle permettra d\u2019accro\u00eetre les capacit\u00e9s du notre \u00e9cole qui a d\u00e9j\u00e0 en 5 ann\u00e9es d\u2019existence plus de 630 \u00e9l\u00e8ves. La forte demande \u00e9ducative de la zone de Bafia n\u00e9cessite un agrandissement des capacit\u00e9s d\u2019accueil. Avec l\u2019appui financier de la CAI (Espagne) et Caritas\u2026\" \/>\n<meta name=\"robots\" content=\"index, follow, max-snippet:-1, max-image-preview:large, max-video-preview:-1\" \/>\n<link rel=\"canonical\" href=\"http:\/\/La%20premi\u00e8re%20phase%20de%20ce%20projet%20a%20d\u00e9marr\u00e9%20depuis%20deux%20semaines%20d\u00e9j\u00e0,%20elle%20permettra%20d\u2019accro\u00eetre%20les%20capacit\u00e9s%20du%20notre%20\u00e9cole%20qui%20a%20d\u00e9j\u00e0%20en%205%20ann\u00e9es%20d\u2019existence%20plus%20de%20630%20\u00e9l\u00e8ves.%20La%20forte%20demande%20\u00e9ducative%20de%20la%20zone%20de%20Bafia%20n\u00e9cessite%20un%20agrandissement%20des%20capacit\u00e9s%20d\u2019accueil.%20Avec%20l\u2019appui%20financier%20de%20la%20CAI%20(Espagne)%20et%20Caritas\u2026\" \/>\n<meta property=\"og:locale\" content=\"fr_FR\" \/>\n<meta property=\"og:type\" content=\"article\" \/>\n<meta property=\"og:title\" content=\"Bafia-D\u00e9but des travaux d\u2019agrandissement de l\u2019\u00e9cole maternelle et primaire.\" \/>\n<meta property=\"og:description\" content=\"La premi\u00e8re phase de ce projet a d\u00e9marr\u00e9 depuis deux semaines d\u00e9j\u00e0, elle permettra d\u2019accro\u00eetre les capacit\u00e9s du notre \u00e9cole qui a d\u00e9j\u00e0 en 5 ann\u00e9es d\u2019existence plus de 630 \u00e9l\u00e8ves. La forte demande \u00e9ducative de la zone de Bafia n\u00e9cessite un agrandissement des capacit\u00e9s d\u2019accueil. Avec l\u2019appui financier de la CAI (Espagne) et Caritas\u2026\" \/>\n<meta property=\"og:url\" content=\"https:\/\/www.itakaescolapios.org\/fr\/2012\/12\/bafia-inicio-de-la-obra-de-ampliacion-de-la-escuela-de-bafia\/\" \/>\n<meta property=\"og:site_name\" content=\"Itaka-Escolapios\" \/>\n<meta property=\"article:published_time\" content=\"2012-12-12T08:38:23+00:00\" \/>\n<meta property=\"article:modified_time\" content=\"2023-11-28T11:39:32+00:00\" \/>\n<meta property=\"og:image\" content=\"https:\/\/www.itakaescolapios.org\/wp-content\/uploads\/2012\/12\/PC080888.jpg\" \/>\n\t<meta property=\"og:image:width\" content=\"2000\" \/>\n\t<meta property=\"og:image:height\" content=\"1500\" \/>\n\t<meta property=\"og:image:type\" content=\"image\/jpeg\" \/>\n<meta name=\"author\" content=\"cameroun02\" \/>\n<meta name=\"twitter:card\" content=\"summary_large_image\" \/>\n<meta name=\"twitter:label1\" content=\"\u00c9crit par\" \/>\n\t<meta name=\"twitter:data1\" content=\"cameroun02\" \/>\n\t<meta name=\"twitter:label2\" content=\"Dur\u00e9e de lecture estim\u00e9e\" \/>\n\t<meta name=\"twitter:data2\" content=\"1 minute\" \/>\n<script type=\"application\/ld+json\" class=\"yoast-schema-graph\">{\"@context\":\"https:\\\/\\\/schema.org\",\"@graph\":[{\"@type\":\"Article\",\"@id\":\"https:\\\/\\\/www.itakaescolapios.org\\\/fr\\\/2012\\\/12\\\/bafia-inicio-de-la-obra-de-ampliacion-de-la-escuela-de-bafia\\\/#article\",\"isPartOf\":{\"@id\":\"https:\\\/\\\/www.itakaescolapios.org\\\/fr\\\/2012\\\/12\\\/bafia-inicio-de-la-obra-de-ampliacion-de-la-escuela-de-bafia\\\/\"},\"author\":{\"name\":\"cameroun02\",\"@id\":\"https:\\\/\\\/www.itakaescolapios.org\\\/es\\\/#\\\/schema\\\/person\\\/9274f8b80c7385b5aae18a7831c4a9c5\"},\"headline\":\"Bafia-D\u00e9but des travaux d\u2019agrandissement de l\u2019\u00e9cole maternelle et primaire.\",\"datePublished\":\"2012-12-12T08:38:23+00:00\",\"dateModified\":\"2023-11-28T11:39:32+00:00\",\"mainEntityOfPage\":{\"@id\":\"https:\\\/\\\/www.itakaescolapios.org\\\/fr\\\/2012\\\/12\\\/bafia-inicio-de-la-obra-de-ampliacion-de-la-escuela-de-bafia\\\/\"},\"wordCount\":143,\"publisher\":{\"@id\":\"https:\\\/\\\/www.itakaescolapios.org\\\/es\\\/#organization\"},\"image\":{\"@id\":\"https:\\\/\\\/www.itakaescolapios.org\\\/fr\\\/2012\\\/12\\\/bafia-inicio-de-la-obra-de-ampliacion-de-la-escuela-de-bafia\\\/#primaryimage\"},\"thumbnailUrl\":\"https:\\\/\\\/www.itakaescolapios.org\\\/wp-content\\\/uploads\\\/2012\\\/12\\\/PC080888.jpg\",\"articleSection\":[\"Cameroun\"],\"inLanguage\":\"fr-FR\"},{\"@type\":\"WebPage\",\"@id\":\"https:\\\/\\\/www.itakaescolapios.org\\\/fr\\\/2012\\\/12\\\/bafia-inicio-de-la-obra-de-ampliacion-de-la-escuela-de-bafia\\\/\",\"url\":\"https:\\\/\\\/www.itakaescolapios.org\\\/fr\\\/2012\\\/12\\\/bafia-inicio-de-la-obra-de-ampliacion-de-la-escuela-de-bafia\\\/\",\"name\":\"Bafia-Inicio de la obra de ampliaci\u00f3n de la escuela de Bafia. - Itaka-Escolapios\",\"isPartOf\":{\"@id\":\"https:\\\/\\\/www.itakaescolapios.org\\\/es\\\/#website\"},\"primaryImageOfPage\":{\"@id\":\"https:\\\/\\\/www.itakaescolapios.org\\\/fr\\\/2012\\\/12\\\/bafia-inicio-de-la-obra-de-ampliacion-de-la-escuela-de-bafia\\\/#primaryimage\"},\"image\":{\"@id\":\"https:\\\/\\\/www.itakaescolapios.org\\\/fr\\\/2012\\\/12\\\/bafia-inicio-de-la-obra-de-ampliacion-de-la-escuela-de-bafia\\\/#primaryimage\"},\"thumbnailUrl\":\"https:\\\/\\\/www.itakaescolapios.org\\\/wp-content\\\/uploads\\\/2012\\\/12\\\/PC080888.jpg\",\"datePublished\":\"2012-12-12T08:38:23+00:00\",\"dateModified\":\"2023-11-28T11:39:32+00:00\",\"breadcrumb\":{\"@id\":\"https:\\\/\\\/www.itakaescolapios.org\\\/fr\\\/2012\\\/12\\\/bafia-inicio-de-la-obra-de-ampliacion-de-la-escuela-de-bafia\\\/#breadcrumb\"},\"inLanguage\":\"fr-FR\",\"potentialAction\":[{\"@type\":\"ReadAction\",\"target\":[\"https:\\\/\\\/www.itakaescolapios.org\\\/fr\\\/2012\\\/12\\\/bafia-inicio-de-la-obra-de-ampliacion-de-la-escuela-de-bafia\\\/\"]}]},{\"@type\":\"ImageObject\",\"inLanguage\":\"fr-FR\",\"@id\":\"https:\\\/\\\/www.itakaescolapios.org\\\/fr\\\/2012\\\/12\\\/bafia-inicio-de-la-obra-de-ampliacion-de-la-escuela-de-bafia\\\/#primaryimage\",\"url\":\"https:\\\/\\\/www.itakaescolapios.org\\\/wp-content\\\/uploads\\\/2012\\\/12\\\/PC080888.jpg\",\"contentUrl\":\"https:\\\/\\\/www.itakaescolapios.org\\\/wp-content\\\/uploads\\\/2012\\\/12\\\/PC080888.jpg\",\"width\":2000,\"height\":1500},{\"@type\":\"BreadcrumbList\",\"@id\":\"https:\\\/\\\/www.itakaescolapios.org\\\/fr\\\/2012\\\/12\\\/bafia-inicio-de-la-obra-de-ampliacion-de-la-escuela-de-bafia\\\/#breadcrumb\",\"itemListElement\":[{\"@type\":\"ListItem\",\"position\":1,\"name\":\"Itaka-Escolapios\",\"item\":\"https:\\\/\\\/www.itakaescolapios.org\\\/es\\\/\"},{\"@type\":\"ListItem\",\"position\":2,\"name\":\"Bafia-D\u00e9but des travaux d\u2019agrandissement de l\u2019\u00e9cole maternelle et primaire.\"}]},{\"@type\":\"WebSite\",\"@id\":\"https:\\\/\\\/www.itakaescolapios.org\\\/fr\\\/es\\\/#website\",\"url\":\"https:\\\/\\\/www.itakaescolapios.org\\\/fr\\\/es\\\/\",\"name\":\"Itaka-Escolapios\",\"description\":\"Red de Itaka-Escolapios\",\"publisher\":{\"@id\":\"https:\\\/\\\/www.itakaescolapios.org\\\/fr\\\/es\\\/#organization\"},\"potentialAction\":[{\"@type\":\"SearchAction\",\"target\":{\"@type\":\"EntryPoint\",\"urlTemplate\":\"https:\\\/\\\/www.itakaescolapios.org\\\/fr\\\/es\\\/?s={search_term_string}\"},\"query-input\":{\"@type\":\"PropertyValueSpecification\",\"valueRequired\":true,\"valueName\":\"search_term_string\"}}],\"inLanguage\":\"fr-FR\"},{\"@type\":\"Organization\",\"@id\":\"https:\\\/\\\/www.itakaescolapios.org\\\/fr\\\/es\\\/#organization\",\"name\":\"Fundaci\u00f3 Itaka-Escolapios\",\"url\":\"https:\\\/\\\/www.itakaescolapios.org\\\/fr\\\/es\\\/\",\"logo\":{\"@type\":\"ImageObject\",\"inLanguage\":\"fr-FR\",\"@id\":\"https:\\\/\\\/www.itakaescolapios.org\\\/fr\\\/es\\\/#\\\/schema\\\/logo\\\/image\\\/\",\"url\":\"https:\\\/\\\/www.itakaescolapios.org\\\/wp-content\\\/uploads\\\/2024\\\/04\\\/Logo-itakaescolapios-peque.png\",\"contentUrl\":\"https:\\\/\\\/www.itakaescolapios.org\\\/wp-content\\\/uploads\\\/2024\\\/04\\\/Logo-itakaescolapios-peque.png\",\"width\":500,\"height\":199,\"caption\":\"Fundaci\u00f3 Itaka-Escolapios\"},\"image\":{\"@id\":\"https:\\\/\\\/www.itakaescolapios.org\\\/fr\\\/es\\\/#\\\/schema\\\/logo\\\/image\\\/\"}},{\"@type\":\"Person\",\"@id\":\"https:\\\/\\\/www.itakaescolapios.org\\\/es\\\/#\\\/schema\\\/person\\\/9274f8b80c7385b5aae18a7831c4a9c5\",\"name\":\"cameroun02\",\"url\":\"https:\\\/\\\/www.itakaescolapios.org\\\/fr\\\/author\\\/cameroun02\\\/\"}]}<\/script>\n<!-- \/ Yoast SEO plugin. -->","yoast_head_json":{"title":"Bafia-D\u00e9but des travaux d\u2019agrandissement de l\u2019\u00e9cole maternelle et primaire.","description":"La premi\u00e8re phase de ce projet a d\u00e9marr\u00e9 depuis deux semaines d\u00e9j\u00e0, elle permettra d\u2019accro\u00eetre les capacit\u00e9s du notre \u00e9cole qui a d\u00e9j\u00e0 en 5 ann\u00e9es d\u2019existence plus de 630 \u00e9l\u00e8ves. La forte demande \u00e9ducative de la zone de Bafia n\u00e9cessite un agrandissement des capacit\u00e9s d\u2019accueil. Avec l\u2019appui financier de la CAI (Espagne) et Caritas\u2026","robots":{"index":"index","follow":"follow","max-snippet":"max-snippet:-1","max-image-preview":"max-image-preview:large","max-video-preview":"max-video-preview:-1"},"canonical":"La premi\u00e8re phase de ce projet a d\u00e9marr\u00e9 depuis deux semaines d\u00e9j\u00e0, elle permettra d\u2019accro\u00eetre les capacit\u00e9s du notre \u00e9cole qui a d\u00e9j\u00e0 en 5 ann\u00e9es d\u2019existence plus de 630 \u00e9l\u00e8ves. La forte demande \u00e9ducative de la zone de Bafia n\u00e9cessite un agrandissement des capacit\u00e9s d\u2019accueil. Avec l\u2019appui financier de la CAI (Espagne) et Caritas\u2026","og_locale":"fr_FR","og_type":"article","og_title":"Bafia-D\u00e9but des travaux d\u2019agrandissement de l\u2019\u00e9cole maternelle et primaire.","og_description":"La premi\u00e8re phase de ce projet a d\u00e9marr\u00e9 depuis deux semaines d\u00e9j\u00e0, elle permettra d\u2019accro\u00eetre les capacit\u00e9s du notre \u00e9cole qui a d\u00e9j\u00e0 en 5 ann\u00e9es d\u2019existence plus de 630 \u00e9l\u00e8ves. La forte demande \u00e9ducative de la zone de Bafia n\u00e9cessite un agrandissement des capacit\u00e9s d\u2019accueil. Avec l\u2019appui financier de la CAI (Espagne) et Caritas\u2026","og_url":"https:\/\/www.itakaescolapios.org\/fr\/2012\/12\/bafia-inicio-de-la-obra-de-ampliacion-de-la-escuela-de-bafia\/","og_site_name":"Itaka-Escolapios","article_published_time":"2012-12-12T08:38:23+00:00","article_modified_time":"2023-11-28T11:39:32+00:00","og_image":[{"width":2000,"height":1500,"url":"https:\/\/www.itakaescolapios.org\/wp-content\/uploads\/2012\/12\/PC080888.jpg","type":"image\/jpeg"}],"author":"cameroun02","twitter_card":"summary_large_image","twitter_misc":{"\u00c9crit par":"cameroun02","Dur\u00e9e de lecture estim\u00e9e":"1 minute"},"schema":{"@context":"https:\/\/schema.org","@graph":[{"@type":"Article","@id":"https:\/\/www.itakaescolapios.org\/fr\/2012\/12\/bafia-inicio-de-la-obra-de-ampliacion-de-la-escuela-de-bafia\/#article","isPartOf":{"@id":"https:\/\/www.itakaescolapios.org\/fr\/2012\/12\/bafia-inicio-de-la-obra-de-ampliacion-de-la-escuela-de-bafia\/"},"author":{"name":"cameroun02","@id":"https:\/\/www.itakaescolapios.org\/es\/#\/schema\/person\/9274f8b80c7385b5aae18a7831c4a9c5"},"headline":"Bafia-D\u00e9but des travaux d\u2019agrandissement de l\u2019\u00e9cole maternelle et primaire.","datePublished":"2012-12-12T08:38:23+00:00","dateModified":"2023-11-28T11:39:32+00:00","mainEntityOfPage":{"@id":"https:\/\/www.itakaescolapios.org\/fr\/2012\/12\/bafia-inicio-de-la-obra-de-ampliacion-de-la-escuela-de-bafia\/"},"wordCount":143,"publisher":{"@id":"https:\/\/www.itakaescolapios.org\/es\/#organization"},"image":{"@id":"https:\/\/www.itakaescolapios.org\/fr\/2012\/12\/bafia-inicio-de-la-obra-de-ampliacion-de-la-escuela-de-bafia\/#primaryimage"},"thumbnailUrl":"https:\/\/www.itakaescolapios.org\/wp-content\/uploads\/2012\/12\/PC080888.jpg","articleSection":["Cameroun"],"inLanguage":"fr-FR"},{"@type":"WebPage","@id":"https:\/\/www.itakaescolapios.org\/fr\/2012\/12\/bafia-inicio-de-la-obra-de-ampliacion-de-la-escuela-de-bafia\/","url":"https:\/\/www.itakaescolapios.org\/fr\/2012\/12\/bafia-inicio-de-la-obra-de-ampliacion-de-la-escuela-de-bafia\/","name":"Bafia-Inicio de la obra de ampliaci\u00f3n de la escuela de Bafia. - Itaka-Escolapios","isPartOf":{"@id":"https:\/\/www.itakaescolapios.org\/es\/#website"},"primaryImageOfPage":{"@id":"https:\/\/www.itakaescolapios.org\/fr\/2012\/12\/bafia-inicio-de-la-obra-de-ampliacion-de-la-escuela-de-bafia\/#primaryimage"},"image":{"@id":"https:\/\/www.itakaescolapios.org\/fr\/2012\/12\/bafia-inicio-de-la-obra-de-ampliacion-de-la-escuela-de-bafia\/#primaryimage"},"thumbnailUrl":"https:\/\/www.itakaescolapios.org\/wp-content\/uploads\/2012\/12\/PC080888.jpg","datePublished":"2012-12-12T08:38:23+00:00","dateModified":"2023-11-28T11:39:32+00:00","breadcrumb":{"@id":"https:\/\/www.itakaescolapios.org\/fr\/2012\/12\/bafia-inicio-de-la-obra-de-ampliacion-de-la-escuela-de-bafia\/#breadcrumb"},"inLanguage":"fr-FR","potentialAction":[{"@type":"ReadAction","target":["https:\/\/www.itakaescolapios.org\/fr\/2012\/12\/bafia-inicio-de-la-obra-de-ampliacion-de-la-escuela-de-bafia\/"]}]},{"@type":"ImageObject","inLanguage":"fr-FR","@id":"https:\/\/www.itakaescolapios.org\/fr\/2012\/12\/bafia-inicio-de-la-obra-de-ampliacion-de-la-escuela-de-bafia\/#primaryimage","url":"https:\/\/www.itakaescolapios.org\/wp-content\/uploads\/2012\/12\/PC080888.jpg","contentUrl":"https:\/\/www.itakaescolapios.org\/wp-content\/uploads\/2012\/12\/PC080888.jpg","width":2000,"height":1500},{"@type":"BreadcrumbList","@id":"https:\/\/www.itakaescolapios.org\/fr\/2012\/12\/bafia-inicio-de-la-obra-de-ampliacion-de-la-escuela-de-bafia\/#breadcrumb","itemListElement":[{"@type":"ListItem","position":1,"name":"Itaka-Escolapios","item":"https:\/\/www.itakaescolapios.org\/es\/"},{"@type":"ListItem","position":2,"name":"Bafia-D\u00e9but des travaux d\u2019agrandissement de l\u2019\u00e9cole maternelle et primaire."}]},{"@type":"WebSite","@id":"https:\/\/www.itakaescolapios.org\/fr\/es\/#website","url":"https:\/\/www.itakaescolapios.org\/fr\/es\/","name":"Itaka-Escolapios","description":"Red de Itaka-Escolapios","publisher":{"@id":"https:\/\/www.itakaescolapios.org\/fr\/es\/#organization"},"potentialAction":[{"@type":"SearchAction","target":{"@type":"EntryPoint","urlTemplate":"https:\/\/www.itakaescolapios.org\/fr\/es\/?s={search_term_string}"},"query-input":{"@type":"PropertyValueSpecification","valueRequired":true,"valueName":"search_term_string"}}],"inLanguage":"fr-FR"},{"@type":"Organization","@id":"https:\/\/www.itakaescolapios.org\/fr\/es\/#organization","name":"Fundaci\u00f3 Itaka-Escolapios","url":"https:\/\/www.itakaescolapios.org\/fr\/es\/","logo":{"@type":"ImageObject","inLanguage":"fr-FR","@id":"https:\/\/www.itakaescolapios.org\/fr\/es\/#\/schema\/logo\/image\/","url":"https:\/\/www.itakaescolapios.org\/wp-content\/uploads\/2024\/04\/Logo-itakaescolapios-peque.png","contentUrl":"https:\/\/www.itakaescolapios.org\/wp-content\/uploads\/2024\/04\/Logo-itakaescolapios-peque.png","width":500,"height":199,"caption":"Fundaci\u00f3 Itaka-Escolapios"},"image":{"@id":"https:\/\/www.itakaescolapios.org\/fr\/es\/#\/schema\/logo\/image\/"}},{"@type":"Person","@id":"https:\/\/www.itakaescolapios.org\/es\/#\/schema\/person\/9274f8b80c7385b5aae18a7831c4a9c5","name":"cameroun02","url":"https:\/\/www.itakaescolapios.org\/fr\/author\/cameroun02\/"}]}},"_links":{"self":[{"href":"https:\/\/www.itakaescolapios.org\/fr\/wp-json\/wp\/v2\/posts\/5006","targetHints":{"allow":["GET"]}}],"collection":[{"href":"https:\/\/www.itakaescolapios.org\/fr\/wp-json\/wp\/v2\/posts"}],"about":[{"href":"https:\/\/www.itakaescolapios.org\/fr\/wp-json\/wp\/v2\/types\/post"}],"author":[{"embeddable":true,"href":"https:\/\/www.itakaescolapios.org\/fr\/wp-json\/wp\/v2\/users\/16"}],"replies":[{"embeddable":true,"href":"https:\/\/www.itakaescolapios.org\/fr\/wp-json\/wp\/v2\/comments?post=5006"}],"version-history":[{"count":3,"href":"https:\/\/www.itakaescolapios.org\/fr\/wp-json\/wp\/v2\/posts\/5006\/revisions"}],"predecessor-version":[{"id":49852,"href":"https:\/\/www.itakaescolapios.org\/fr\/wp-json\/wp\/v2\/posts\/5006\/revisions\/49852"}],"wp:featuredmedia":[{"embeddable":true,"href":"https:\/\/www.itakaescolapios.org\/fr\/wp-json\/wp\/v2\/media\/5007"}],"wp:attachment":[{"href":"https:\/\/www.itakaescolapios.org\/fr\/wp-json\/wp\/v2\/media?parent=5006"}],"wp:term":[{"taxonomy":"category","embeddable":true,"href":"https:\/\/www.itakaescolapios.org\/fr\/wp-json\/wp\/v2\/categories?post=5006"},{"taxonomy":"post_tag","embeddable":true,"href":"https:\/\/www.itakaescolapios.org\/fr\/wp-json\/wp\/v2\/tags?post=5006"}],"curies":[{"name":"wp","href":"https:\/\/api.w.org\/{rel}","templated":true}]}}