{"id":5108,"date":"2012-12-19T10:50:12","date_gmt":"2012-12-19T09:50:12","guid":{"rendered":"https:\/\/www.itakaescolapios.org\/?p=5108"},"modified":"2023-11-28T12:39:31","modified_gmt":"2023-11-28T11:39:31","slug":"formacion-de-directivos-de-obras-escolapias-de-camerun","status":"publish","type":"post","link":"https:\/\/www.itakaescolapios.org\/fr\/2012\/12\/formacion-de-directivos-de-obras-escolapias-de-camerun\/","title":{"rendered":"Formation des responsables des \u0153uvres piaristes du Cameroun."},"content":{"rendered":"<p style=\"text-align: justify\"><strong><span style=\"color: #3366ff\">Ce lundi 17 d\u00e9cembre s\u2019est tenue la premi\u00e8re session de formation pour le compte de l\u2019ann\u00e9e 2012-13 \u00e0 Menteh.<\/span><\/strong><\/p>\n<p style=\"text-align: justify\">15 personnes assumant des responsabilit\u00e9s de direction, d\u2019administration et gestion financi\u00e8re se sont retrouv\u00e9es \u00e0 Menteh pour cette session de formation interne. Toute la journ\u00e9e, sous l\u2019animation de Georges Bissiongol (Charg\u00e9 des Programmes) du si\u00e8ge de la Fondation Itaka-Escolapios Cameroun, a \u00e9t\u00e9 consacr\u00e9e aux questions relatives \u00e0 la collecte, l\u2019analyse et le partage des donn\u00e9es techniques et financi\u00e8res des \u0153uvres. Des explications ont \u00e9galement \u00e9t\u00e9 apport\u00e9es en vue de l\u2019am\u00e9lioration de la qualit\u00e9 de la gestion des diff\u00e9rentes \u0153uvres.<\/p>\n<p style=\"text-align: justify\">Sur la photo de famille, les participants avec le calendrier 2013 d\u2019Itaka-Escolapios Cameroun.<\/p>\n<p style=\"text-align: center\"><span style=\"color: #808000\"><strong>\u00ab\u00a0P\u00e8res Piaristes,\u2026\u2026..d\u00e9j\u00e0 25 ans avec les enfants et les jeunes au Cameroun\u00a0\u00bb.<\/strong><\/span><\/p>\n","protected":false},"excerpt":{"rendered":"<p>Ce lundi 17 d\u00e9cembre s\u2019est tenue la premi\u00e8re session de formation pour le compte de l\u2019ann\u00e9e 2012-13 \u00e0 Menteh. 15 personnes assumant des responsabilit\u00e9s de direction, d\u2019administration et gestion financi\u00e8re [&hellip;]<\/p>\n","protected":false},"author":16,"featured_media":5109,"comment_status":"closed","ping_status":"closed","sticky":false,"template":"","format":"standard","meta":{"_et_pb_use_builder":"","_et_pb_old_content":"","_et_gb_content_width":"","footnotes":""},"categories":[10],"tags":[],"class_list":["post-5108","post","type-post","status-publish","format-standard","has-post-thumbnail","hentry","category-camerun"],"yoast_head":"<!-- This site is optimized with the Yoast SEO plugin v27.4 - https:\/\/yoast.com\/product\/yoast-seo-wordpress\/ -->\n<title>Formation des responsables des \u0153uvres piaristes du Cameroun.<\/title>\n<meta name=\"description\" content=\"Ce lundi 17 d\u00e9cembre s\u2019est tenue la premi\u00e8re session de formation pour le compte de l\u2019ann\u00e9e 2012-13 \u00e0 Menteh. 15 personnes assumant des responsabilit\u00e9s de direction, d\u2019administration et gestion financi\u00e8re se sont retrouv\u00e9es \u00e0 Menteh pour cette session de formation interne. Toute la journ\u00e9e, sous l\u2019animation de Georges Bissiongol (Charg\u00e9 des Programmes) du si\u00e8ge de\u2026\" \/>\n<meta name=\"robots\" content=\"index, follow, max-snippet:-1, max-image-preview:large, max-video-preview:-1\" \/>\n<link rel=\"canonical\" href=\"http:\/\/Ce%20lundi%2017%20d\u00e9cembre%20s\u2019est%20tenue%20la%20premi\u00e8re%20session%20de%20formation%20pour%20le%20compte%20de%20l\u2019ann\u00e9e%202012-13%20\u00e0%20Menteh.%2015%20personnes%20assumant%20des%20responsabilit\u00e9s%20de%20direction,%20d\u2019administration%20et%20gestion%20financi\u00e8re%20se%20sont%20retrouv\u00e9es%20\u00e0%20Menteh%20pour%20cette%20session%20de%20formation%20interne.%20Toute%20la%20journ\u00e9e,%20sous%20l\u2019animation%20de%20Georges%20Bissiongol%20(Charg\u00e9%20des%20Programmes)%20du%20si\u00e8ge%20de\u2026\" \/>\n<meta property=\"og:locale\" content=\"fr_FR\" \/>\n<meta property=\"og:type\" content=\"article\" \/>\n<meta property=\"og:title\" content=\"Formation des responsables des \u0153uvres piaristes du Cameroun.\" \/>\n<meta property=\"og:description\" content=\"Ce lundi 17 d\u00e9cembre s\u2019est tenue la premi\u00e8re session de formation pour le compte de l\u2019ann\u00e9e 2012-13 \u00e0 Menteh. 15 personnes assumant des responsabilit\u00e9s de direction, d\u2019administration et gestion financi\u00e8re se sont retrouv\u00e9es \u00e0 Menteh pour cette session de formation interne. Toute la journ\u00e9e, sous l\u2019animation de Georges Bissiongol (Charg\u00e9 des Programmes) du si\u00e8ge de\u2026\" \/>\n<meta property=\"og:url\" content=\"https:\/\/www.itakaescolapios.org\/fr\/2012\/12\/formacion-de-directivos-de-obras-escolapias-de-camerun\/\" \/>\n<meta property=\"og:site_name\" content=\"Itaka-Escolapios\" \/>\n<meta property=\"article:published_time\" content=\"2012-12-19T09:50:12+00:00\" \/>\n<meta property=\"article:modified_time\" content=\"2023-11-28T11:39:31+00:00\" \/>\n<meta property=\"og:image\" content=\"https:\/\/www.itakaescolapios.org\/wp-content\/uploads\/2012\/12\/DSC00282.jpg\" \/>\n\t<meta property=\"og:image:width\" content=\"2000\" \/>\n\t<meta property=\"og:image:height\" content=\"1500\" \/>\n\t<meta property=\"og:image:type\" content=\"image\/jpeg\" \/>\n<meta name=\"author\" content=\"cameroun02\" \/>\n<meta name=\"twitter:card\" content=\"summary_large_image\" \/>\n<meta name=\"twitter:label1\" content=\"\u00c9crit par\" \/>\n\t<meta name=\"twitter:data1\" content=\"cameroun02\" \/>\n\t<meta name=\"twitter:label2\" content=\"Dur\u00e9e de lecture estim\u00e9e\" \/>\n\t<meta name=\"twitter:data2\" content=\"1 minute\" \/>\n<script type=\"application\/ld+json\" class=\"yoast-schema-graph\">{\"@context\":\"https:\\\/\\\/schema.org\",\"@graph\":[{\"@type\":\"Article\",\"@id\":\"https:\\\/\\\/www.itakaescolapios.org\\\/fr\\\/2012\\\/12\\\/formacion-de-directivos-de-obras-escolapias-de-camerun\\\/#article\",\"isPartOf\":{\"@id\":\"https:\\\/\\\/www.itakaescolapios.org\\\/fr\\\/2012\\\/12\\\/formacion-de-directivos-de-obras-escolapias-de-camerun\\\/\"},\"author\":{\"name\":\"cameroun02\",\"@id\":\"https:\\\/\\\/www.itakaescolapios.org\\\/es\\\/#\\\/schema\\\/person\\\/9274f8b80c7385b5aae18a7831c4a9c5\"},\"headline\":\"Formation des responsables des \u0153uvres piaristes du Cameroun.\",\"datePublished\":\"2012-12-19T09:50:12+00:00\",\"dateModified\":\"2023-11-28T11:39:31+00:00\",\"mainEntityOfPage\":{\"@id\":\"https:\\\/\\\/www.itakaescolapios.org\\\/fr\\\/2012\\\/12\\\/formacion-de-directivos-de-obras-escolapias-de-camerun\\\/\"},\"wordCount\":136,\"publisher\":{\"@id\":\"https:\\\/\\\/www.itakaescolapios.org\\\/es\\\/#organization\"},\"image\":{\"@id\":\"https:\\\/\\\/www.itakaescolapios.org\\\/fr\\\/2012\\\/12\\\/formacion-de-directivos-de-obras-escolapias-de-camerun\\\/#primaryimage\"},\"thumbnailUrl\":\"https:\\\/\\\/www.itakaescolapios.org\\\/wp-content\\\/uploads\\\/2012\\\/12\\\/DSC00282.jpg\",\"articleSection\":[\"Cameroun\"],\"inLanguage\":\"fr-FR\"},{\"@type\":\"WebPage\",\"@id\":\"https:\\\/\\\/www.itakaescolapios.org\\\/fr\\\/2012\\\/12\\\/formacion-de-directivos-de-obras-escolapias-de-camerun\\\/\",\"url\":\"https:\\\/\\\/www.itakaescolapios.org\\\/fr\\\/2012\\\/12\\\/formacion-de-directivos-de-obras-escolapias-de-camerun\\\/\",\"name\":\"Formaci\u00f3n de directivos de obras escolapias de Camer\u00fan. - Itaka-Escolapios\",\"isPartOf\":{\"@id\":\"https:\\\/\\\/www.itakaescolapios.org\\\/es\\\/#website\"},\"primaryImageOfPage\":{\"@id\":\"https:\\\/\\\/www.itakaescolapios.org\\\/fr\\\/2012\\\/12\\\/formacion-de-directivos-de-obras-escolapias-de-camerun\\\/#primaryimage\"},\"image\":{\"@id\":\"https:\\\/\\\/www.itakaescolapios.org\\\/fr\\\/2012\\\/12\\\/formacion-de-directivos-de-obras-escolapias-de-camerun\\\/#primaryimage\"},\"thumbnailUrl\":\"https:\\\/\\\/www.itakaescolapios.org\\\/wp-content\\\/uploads\\\/2012\\\/12\\\/DSC00282.jpg\",\"datePublished\":\"2012-12-19T09:50:12+00:00\",\"dateModified\":\"2023-11-28T11:39:31+00:00\",\"breadcrumb\":{\"@id\":\"https:\\\/\\\/www.itakaescolapios.org\\\/fr\\\/2012\\\/12\\\/formacion-de-directivos-de-obras-escolapias-de-camerun\\\/#breadcrumb\"},\"inLanguage\":\"fr-FR\",\"potentialAction\":[{\"@type\":\"ReadAction\",\"target\":[\"https:\\\/\\\/www.itakaescolapios.org\\\/fr\\\/2012\\\/12\\\/formacion-de-directivos-de-obras-escolapias-de-camerun\\\/\"]}]},{\"@type\":\"ImageObject\",\"inLanguage\":\"fr-FR\",\"@id\":\"https:\\\/\\\/www.itakaescolapios.org\\\/fr\\\/2012\\\/12\\\/formacion-de-directivos-de-obras-escolapias-de-camerun\\\/#primaryimage\",\"url\":\"https:\\\/\\\/www.itakaescolapios.org\\\/wp-content\\\/uploads\\\/2012\\\/12\\\/DSC00282.jpg\",\"contentUrl\":\"https:\\\/\\\/www.itakaescolapios.org\\\/wp-content\\\/uploads\\\/2012\\\/12\\\/DSC00282.jpg\",\"width\":2000,\"height\":1500},{\"@type\":\"BreadcrumbList\",\"@id\":\"https:\\\/\\\/www.itakaescolapios.org\\\/fr\\\/2012\\\/12\\\/formacion-de-directivos-de-obras-escolapias-de-camerun\\\/#breadcrumb\",\"itemListElement\":[{\"@type\":\"ListItem\",\"position\":1,\"name\":\"Itaka-Escolapios\",\"item\":\"https:\\\/\\\/www.itakaescolapios.org\\\/es\\\/\"},{\"@type\":\"ListItem\",\"position\":2,\"name\":\"Formation des responsables des \u0153uvres piaristes du Cameroun.\"}]},{\"@type\":\"WebSite\",\"@id\":\"https:\\\/\\\/www.itakaescolapios.org\\\/fr\\\/es\\\/#website\",\"url\":\"https:\\\/\\\/www.itakaescolapios.org\\\/fr\\\/es\\\/\",\"name\":\"Itaka-Escolapios\",\"description\":\"Red de Itaka-Escolapios\",\"publisher\":{\"@id\":\"https:\\\/\\\/www.itakaescolapios.org\\\/fr\\\/es\\\/#organization\"},\"potentialAction\":[{\"@type\":\"SearchAction\",\"target\":{\"@type\":\"EntryPoint\",\"urlTemplate\":\"https:\\\/\\\/www.itakaescolapios.org\\\/fr\\\/es\\\/?s={search_term_string}\"},\"query-input\":{\"@type\":\"PropertyValueSpecification\",\"valueRequired\":true,\"valueName\":\"search_term_string\"}}],\"inLanguage\":\"fr-FR\"},{\"@type\":\"Organization\",\"@id\":\"https:\\\/\\\/www.itakaescolapios.org\\\/fr\\\/es\\\/#organization\",\"name\":\"Fundaci\u00f3 Itaka-Escolapios\",\"url\":\"https:\\\/\\\/www.itakaescolapios.org\\\/fr\\\/es\\\/\",\"logo\":{\"@type\":\"ImageObject\",\"inLanguage\":\"fr-FR\",\"@id\":\"https:\\\/\\\/www.itakaescolapios.org\\\/fr\\\/es\\\/#\\\/schema\\\/logo\\\/image\\\/\",\"url\":\"https:\\\/\\\/www.itakaescolapios.org\\\/wp-content\\\/uploads\\\/2024\\\/04\\\/Logo-itakaescolapios-peque.png\",\"contentUrl\":\"https:\\\/\\\/www.itakaescolapios.org\\\/wp-content\\\/uploads\\\/2024\\\/04\\\/Logo-itakaescolapios-peque.png\",\"width\":500,\"height\":199,\"caption\":\"Fundaci\u00f3 Itaka-Escolapios\"},\"image\":{\"@id\":\"https:\\\/\\\/www.itakaescolapios.org\\\/fr\\\/es\\\/#\\\/schema\\\/logo\\\/image\\\/\"}},{\"@type\":\"Person\",\"@id\":\"https:\\\/\\\/www.itakaescolapios.org\\\/es\\\/#\\\/schema\\\/person\\\/9274f8b80c7385b5aae18a7831c4a9c5\",\"name\":\"cameroun02\",\"url\":\"https:\\\/\\\/www.itakaescolapios.org\\\/fr\\\/author\\\/cameroun02\\\/\"}]}<\/script>\n<!-- \/ Yoast SEO plugin. -->","yoast_head_json":{"title":"Formation des responsables des \u0153uvres piaristes du Cameroun.","description":"Ce lundi 17 d\u00e9cembre s\u2019est tenue la premi\u00e8re session de formation pour le compte de l\u2019ann\u00e9e 2012-13 \u00e0 Menteh. 15 personnes assumant des responsabilit\u00e9s de direction, d\u2019administration et gestion financi\u00e8re se sont retrouv\u00e9es \u00e0 Menteh pour cette session de formation interne. Toute la journ\u00e9e, sous l\u2019animation de Georges Bissiongol (Charg\u00e9 des Programmes) du si\u00e8ge de\u2026","robots":{"index":"index","follow":"follow","max-snippet":"max-snippet:-1","max-image-preview":"max-image-preview:large","max-video-preview":"max-video-preview:-1"},"canonical":"Ce lundi 17 d\u00e9cembre s\u2019est tenue la premi\u00e8re session de formation pour le compte de l\u2019ann\u00e9e 2012-13 \u00e0 Menteh. 15 personnes assumant des responsabilit\u00e9s de direction, d\u2019administration et gestion financi\u00e8re se sont retrouv\u00e9es \u00e0 Menteh pour cette session de formation interne. Toute la journ\u00e9e, sous l\u2019animation de Georges Bissiongol (Charg\u00e9 des Programmes) du si\u00e8ge de\u2026","og_locale":"fr_FR","og_type":"article","og_title":"Formation des responsables des \u0153uvres piaristes du Cameroun.","og_description":"Ce lundi 17 d\u00e9cembre s\u2019est tenue la premi\u00e8re session de formation pour le compte de l\u2019ann\u00e9e 2012-13 \u00e0 Menteh. 15 personnes assumant des responsabilit\u00e9s de direction, d\u2019administration et gestion financi\u00e8re se sont retrouv\u00e9es \u00e0 Menteh pour cette session de formation interne. Toute la journ\u00e9e, sous l\u2019animation de Georges Bissiongol (Charg\u00e9 des Programmes) du si\u00e8ge de\u2026","og_url":"https:\/\/www.itakaescolapios.org\/fr\/2012\/12\/formacion-de-directivos-de-obras-escolapias-de-camerun\/","og_site_name":"Itaka-Escolapios","article_published_time":"2012-12-19T09:50:12+00:00","article_modified_time":"2023-11-28T11:39:31+00:00","og_image":[{"width":2000,"height":1500,"url":"https:\/\/www.itakaescolapios.org\/wp-content\/uploads\/2012\/12\/DSC00282.jpg","type":"image\/jpeg"}],"author":"cameroun02","twitter_card":"summary_large_image","twitter_misc":{"\u00c9crit par":"cameroun02","Dur\u00e9e de lecture estim\u00e9e":"1 minute"},"schema":{"@context":"https:\/\/schema.org","@graph":[{"@type":"Article","@id":"https:\/\/www.itakaescolapios.org\/fr\/2012\/12\/formacion-de-directivos-de-obras-escolapias-de-camerun\/#article","isPartOf":{"@id":"https:\/\/www.itakaescolapios.org\/fr\/2012\/12\/formacion-de-directivos-de-obras-escolapias-de-camerun\/"},"author":{"name":"cameroun02","@id":"https:\/\/www.itakaescolapios.org\/es\/#\/schema\/person\/9274f8b80c7385b5aae18a7831c4a9c5"},"headline":"Formation des responsables des \u0153uvres piaristes du Cameroun.","datePublished":"2012-12-19T09:50:12+00:00","dateModified":"2023-11-28T11:39:31+00:00","mainEntityOfPage":{"@id":"https:\/\/www.itakaescolapios.org\/fr\/2012\/12\/formacion-de-directivos-de-obras-escolapias-de-camerun\/"},"wordCount":136,"publisher":{"@id":"https:\/\/www.itakaescolapios.org\/es\/#organization"},"image":{"@id":"https:\/\/www.itakaescolapios.org\/fr\/2012\/12\/formacion-de-directivos-de-obras-escolapias-de-camerun\/#primaryimage"},"thumbnailUrl":"https:\/\/www.itakaescolapios.org\/wp-content\/uploads\/2012\/12\/DSC00282.jpg","articleSection":["Cameroun"],"inLanguage":"fr-FR"},{"@type":"WebPage","@id":"https:\/\/www.itakaescolapios.org\/fr\/2012\/12\/formacion-de-directivos-de-obras-escolapias-de-camerun\/","url":"https:\/\/www.itakaescolapios.org\/fr\/2012\/12\/formacion-de-directivos-de-obras-escolapias-de-camerun\/","name":"Formaci\u00f3n de directivos de obras escolapias de Camer\u00fan. - Itaka-Escolapios","isPartOf":{"@id":"https:\/\/www.itakaescolapios.org\/es\/#website"},"primaryImageOfPage":{"@id":"https:\/\/www.itakaescolapios.org\/fr\/2012\/12\/formacion-de-directivos-de-obras-escolapias-de-camerun\/#primaryimage"},"image":{"@id":"https:\/\/www.itakaescolapios.org\/fr\/2012\/12\/formacion-de-directivos-de-obras-escolapias-de-camerun\/#primaryimage"},"thumbnailUrl":"https:\/\/www.itakaescolapios.org\/wp-content\/uploads\/2012\/12\/DSC00282.jpg","datePublished":"2012-12-19T09:50:12+00:00","dateModified":"2023-11-28T11:39:31+00:00","breadcrumb":{"@id":"https:\/\/www.itakaescolapios.org\/fr\/2012\/12\/formacion-de-directivos-de-obras-escolapias-de-camerun\/#breadcrumb"},"inLanguage":"fr-FR","potentialAction":[{"@type":"ReadAction","target":["https:\/\/www.itakaescolapios.org\/fr\/2012\/12\/formacion-de-directivos-de-obras-escolapias-de-camerun\/"]}]},{"@type":"ImageObject","inLanguage":"fr-FR","@id":"https:\/\/www.itakaescolapios.org\/fr\/2012\/12\/formacion-de-directivos-de-obras-escolapias-de-camerun\/#primaryimage","url":"https:\/\/www.itakaescolapios.org\/wp-content\/uploads\/2012\/12\/DSC00282.jpg","contentUrl":"https:\/\/www.itakaescolapios.org\/wp-content\/uploads\/2012\/12\/DSC00282.jpg","width":2000,"height":1500},{"@type":"BreadcrumbList","@id":"https:\/\/www.itakaescolapios.org\/fr\/2012\/12\/formacion-de-directivos-de-obras-escolapias-de-camerun\/#breadcrumb","itemListElement":[{"@type":"ListItem","position":1,"name":"Itaka-Escolapios","item":"https:\/\/www.itakaescolapios.org\/es\/"},{"@type":"ListItem","position":2,"name":"Formation des responsables des \u0153uvres piaristes du Cameroun."}]},{"@type":"WebSite","@id":"https:\/\/www.itakaescolapios.org\/fr\/es\/#website","url":"https:\/\/www.itakaescolapios.org\/fr\/es\/","name":"Itaka-Escolapios","description":"Red de Itaka-Escolapios","publisher":{"@id":"https:\/\/www.itakaescolapios.org\/fr\/es\/#organization"},"potentialAction":[{"@type":"SearchAction","target":{"@type":"EntryPoint","urlTemplate":"https:\/\/www.itakaescolapios.org\/fr\/es\/?s={search_term_string}"},"query-input":{"@type":"PropertyValueSpecification","valueRequired":true,"valueName":"search_term_string"}}],"inLanguage":"fr-FR"},{"@type":"Organization","@id":"https:\/\/www.itakaescolapios.org\/fr\/es\/#organization","name":"Fundaci\u00f3 Itaka-Escolapios","url":"https:\/\/www.itakaescolapios.org\/fr\/es\/","logo":{"@type":"ImageObject","inLanguage":"fr-FR","@id":"https:\/\/www.itakaescolapios.org\/fr\/es\/#\/schema\/logo\/image\/","url":"https:\/\/www.itakaescolapios.org\/wp-content\/uploads\/2024\/04\/Logo-itakaescolapios-peque.png","contentUrl":"https:\/\/www.itakaescolapios.org\/wp-content\/uploads\/2024\/04\/Logo-itakaescolapios-peque.png","width":500,"height":199,"caption":"Fundaci\u00f3 Itaka-Escolapios"},"image":{"@id":"https:\/\/www.itakaescolapios.org\/fr\/es\/#\/schema\/logo\/image\/"}},{"@type":"Person","@id":"https:\/\/www.itakaescolapios.org\/es\/#\/schema\/person\/9274f8b80c7385b5aae18a7831c4a9c5","name":"cameroun02","url":"https:\/\/www.itakaescolapios.org\/fr\/author\/cameroun02\/"}]}},"_links":{"self":[{"href":"https:\/\/www.itakaescolapios.org\/fr\/wp-json\/wp\/v2\/posts\/5108","targetHints":{"allow":["GET"]}}],"collection":[{"href":"https:\/\/www.itakaescolapios.org\/fr\/wp-json\/wp\/v2\/posts"}],"about":[{"href":"https:\/\/www.itakaescolapios.org\/fr\/wp-json\/wp\/v2\/types\/post"}],"author":[{"embeddable":true,"href":"https:\/\/www.itakaescolapios.org\/fr\/wp-json\/wp\/v2\/users\/16"}],"replies":[{"embeddable":true,"href":"https:\/\/www.itakaescolapios.org\/fr\/wp-json\/wp\/v2\/comments?post=5108"}],"version-history":[{"count":4,"href":"https:\/\/www.itakaescolapios.org\/fr\/wp-json\/wp\/v2\/posts\/5108\/revisions"}],"predecessor-version":[{"id":49836,"href":"https:\/\/www.itakaescolapios.org\/fr\/wp-json\/wp\/v2\/posts\/5108\/revisions\/49836"}],"wp:featuredmedia":[{"embeddable":true,"href":"https:\/\/www.itakaescolapios.org\/fr\/wp-json\/wp\/v2\/media\/5109"}],"wp:attachment":[{"href":"https:\/\/www.itakaescolapios.org\/fr\/wp-json\/wp\/v2\/media?parent=5108"}],"wp:term":[{"taxonomy":"category","embeddable":true,"href":"https:\/\/www.itakaescolapios.org\/fr\/wp-json\/wp\/v2\/categories?post=5108"},{"taxonomy":"post_tag","embeddable":true,"href":"https:\/\/www.itakaescolapios.org\/fr\/wp-json\/wp\/v2\/tags?post=5108"}],"curies":[{"name":"wp","href":"https:\/\/api.w.org\/{rel}","templated":true}]}}