{"id":8059,"date":"2013-11-25T21:39:38","date_gmt":"2013-11-25T20:39:38","guid":{"rendered":"https:\/\/www.itakaescolapios.org\/?p=8059"},"modified":"2023-11-28T12:39:13","modified_gmt":"2023-11-28T11:39:13","slug":"domingo-de-salida-en-los-grupos-de-vitoria-gasteiz","status":"publish","type":"post","link":"https:\/\/www.itakaescolapios.org\/fr\/2013\/11\/domingo-de-salida-en-los-grupos-de-vitoria-gasteiz\/","title":{"rendered":"D\u00eda de excursiones en Vitoria-Gasteiz"},"content":{"rendered":"<p>Ayer domingo, todos los grupos del Movimiento Calasanz de Vitoria-Gasteiz, tuvieron diferentes actividades.<\/p>\n<p>KOSKORRAK \u00a0junto a KASKONDOAK II visitaron Tolosa. Una vez alli, pudieron disfrutar del museo Topic de titeres, y conocer un poco m\u00e1s acerca de Tolosa. Adem\u00e1s por la tarde pudieron subir hasta la ermita de Izaskun donde disfrutaron de unas vistas privilegiadas.<\/p>\n<p>KASKONDOAK I tambi\u00e9n estuvo en Tolosa. Este grupo tenia otra actividad; el Calasanz Eguna. \u00a0Se juntaron con los grupos de Kaskondoak I de Bilbao, Tolosa y Pamplona para realizar diferentes juegos y dinamicas en torno a San Jos\u00e9 de Calasanz en el colegio Escolapios del pueblo.<\/p>\n<p>OINARINAK I eta II visitaron Azaceta. Alli realizaron una peque\u00f1a ruta hasta el pueblo de Alegria, disfrutando de la nieve que habia en el camino. Una vez alli, regresaron en tren hasta Vitoria para terminar la tarde con diferentes juegos.<\/p>\n<p>Aurreko I eta II llegaron hasta Araia. Durante el d\u00eda, conocieron el parketxe de Aitzkorri y Aratz y sus instalaciones.<\/p>\n<p>Bidean I aprovech\u00f3 el d\u00eda para reunirse en el colegio y pasar la jornada juntos.<\/p>\n<p>A pesar de la mala suerte que nos depar\u00f3 la meteorolog\u00eda, todos disfrutamos del d\u00eda de ayer visitando lugares nuevos y como comienzo de esta semana en la que ya nos encontramos, la semana de San Jos\u00e9 de Calasanz.<\/p>\n","protected":false},"excerpt":{"rendered":"<p>Ayer domingo, todos los grupos del Movimiento Calasanz de Vitoria-Gasteiz, tuvieron diferentes actividades. KOSKORRAK \u00a0junto a KASKONDOAK II visitaron Tolosa. Una vez alli, pudieron disfrutar del museo Topic de titeres, [&hellip;]<\/p>\n","protected":false},"author":42,"featured_media":8060,"comment_status":"closed","ping_status":"closed","sticky":false,"template":"","format":"standard","meta":{"_et_pb_use_builder":"","_et_pb_old_content":"","_et_gb_content_width":"","footnotes":""},"categories":[13],"tags":[],"class_list":["post-8059","post","type-post","status-publish","format-standard","has-post-thumbnail","hentry","category-vitoria"],"yoast_head":"<!-- This site is optimized with the Yoast SEO plugin v27.4 - https:\/\/yoast.com\/product\/yoast-seo-wordpress\/ -->\n<title>D\u00eda de excursiones en Vitoria-Gasteiz<\/title>\n<meta name=\"description\" content=\"Ayer domingo, todos los grupos del Movimiento Calasanz de Vitoria-Gasteiz, tuvieron diferentes actividades. KOSKORRAK \u00a0junto a KASKONDOAK II visitaron Tolosa. Una vez alli, pudieron disfrutar del museo Topic de titeres, y conocer un poco m\u00e1s acerca de Tolosa. Adem\u00e1s por la tarde pudieron subir hasta la ermita de Izaskun donde disfrutaron de unas vistas privilegiadas.\u2026\" \/>\n<meta name=\"robots\" content=\"index, follow, max-snippet:-1, max-image-preview:large, max-video-preview:-1\" \/>\n<link rel=\"canonical\" href=\"http:\/\/Ayer%20domingo,%20todos%20los%20grupos%20del%20Movimiento%20Calasanz%20de%20Vitoria-Gasteiz,%20tuvieron%20diferentes%20actividades.%20KOSKORRAK%20\u00a0junto%20a%20KASKONDOAK%20II%20visitaron%20Tolosa.%20Una%20vez%20alli,%20pudieron%20disfrutar%20del%20museo%20Topic%20de%20titeres,%20y%20conocer%20un%20poco%20m\u00e1s%20acerca%20de%20Tolosa.%20Adem\u00e1s%20por%20la%20tarde%20pudieron%20subir%20hasta%20la%20ermita%20de%20Izaskun%20donde%20disfrutaron%20de%20unas%20vistas%20privilegiadas.\u2026\" \/>\n<meta property=\"og:locale\" content=\"fr_FR\" \/>\n<meta property=\"og:type\" content=\"article\" \/>\n<meta property=\"og:title\" content=\"D\u00eda de excursiones en Vitoria-Gasteiz\" \/>\n<meta property=\"og:description\" content=\"Ayer domingo, todos los grupos del Movimiento Calasanz de Vitoria-Gasteiz, tuvieron diferentes actividades. KOSKORRAK \u00a0junto a KASKONDOAK II visitaron Tolosa. Una vez alli, pudieron disfrutar del museo Topic de titeres, y conocer un poco m\u00e1s acerca de Tolosa. Adem\u00e1s por la tarde pudieron subir hasta la ermita de Izaskun donde disfrutaron de unas vistas privilegiadas.\u2026\" \/>\n<meta property=\"og:url\" content=\"https:\/\/www.itakaescolapios.org\/fr\/2013\/11\/domingo-de-salida-en-los-grupos-de-vitoria-gasteiz\/\" \/>\n<meta property=\"og:site_name\" content=\"Itaka-Escolapios\" \/>\n<meta property=\"article:published_time\" content=\"2013-11-25T20:39:38+00:00\" \/>\n<meta property=\"article:modified_time\" content=\"2023-11-28T11:39:13+00:00\" \/>\n<meta property=\"og:image\" content=\"https:\/\/www.itakaescolapios.org\/wp-content\/uploads\/2013\/11\/PB230178.jpg\" \/>\n\t<meta property=\"og:image:width\" content=\"2000\" \/>\n\t<meta property=\"og:image:height\" content=\"1500\" \/>\n\t<meta property=\"og:image:type\" content=\"image\/jpeg\" \/>\n<meta name=\"author\" content=\"gasteiz02\" \/>\n<meta name=\"twitter:card\" content=\"summary_large_image\" \/>\n<meta name=\"twitter:label1\" content=\"\u00c9crit par\" \/>\n\t<meta name=\"twitter:data1\" content=\"gasteiz02\" \/>\n\t<meta name=\"twitter:label2\" content=\"Dur\u00e9e de lecture estim\u00e9e\" \/>\n\t<meta name=\"twitter:data2\" content=\"1 minute\" \/>\n<script type=\"application\/ld+json\" class=\"yoast-schema-graph\">{\"@context\":\"https:\\\/\\\/schema.org\",\"@graph\":[{\"@type\":\"Article\",\"@id\":\"https:\\\/\\\/www.itakaescolapios.org\\\/fr\\\/2013\\\/11\\\/domingo-de-salida-en-los-grupos-de-vitoria-gasteiz\\\/#article\",\"isPartOf\":{\"@id\":\"https:\\\/\\\/www.itakaescolapios.org\\\/fr\\\/2013\\\/11\\\/domingo-de-salida-en-los-grupos-de-vitoria-gasteiz\\\/\"},\"author\":{\"name\":\"gasteiz02\",\"@id\":\"https:\\\/\\\/www.itakaescolapios.org\\\/es\\\/#\\\/schema\\\/person\\\/9cc185e6cd9bcae456bb4586c2d42ea3\"},\"headline\":\"D\u00eda de excursiones en Vitoria-Gasteiz\",\"datePublished\":\"2013-11-25T20:39:38+00:00\",\"dateModified\":\"2023-11-28T11:39:13+00:00\",\"mainEntityOfPage\":{\"@id\":\"https:\\\/\\\/www.itakaescolapios.org\\\/fr\\\/2013\\\/11\\\/domingo-de-salida-en-los-grupos-de-vitoria-gasteiz\\\/\"},\"wordCount\":229,\"publisher\":{\"@id\":\"https:\\\/\\\/www.itakaescolapios.org\\\/es\\\/#organization\"},\"image\":{\"@id\":\"https:\\\/\\\/www.itakaescolapios.org\\\/fr\\\/2013\\\/11\\\/domingo-de-salida-en-los-grupos-de-vitoria-gasteiz\\\/#primaryimage\"},\"thumbnailUrl\":\"https:\\\/\\\/www.itakaescolapios.org\\\/wp-content\\\/uploads\\\/2013\\\/11\\\/PB230178.jpg\",\"articleSection\":[\"Vitoria-Gasteiz\"],\"inLanguage\":\"fr-FR\"},{\"@type\":\"WebPage\",\"@id\":\"https:\\\/\\\/www.itakaescolapios.org\\\/fr\\\/2013\\\/11\\\/domingo-de-salida-en-los-grupos-de-vitoria-gasteiz\\\/\",\"url\":\"https:\\\/\\\/www.itakaescolapios.org\\\/fr\\\/2013\\\/11\\\/domingo-de-salida-en-los-grupos-de-vitoria-gasteiz\\\/\",\"name\":\"D\u00eda de excursiones en Vitoria-Gasteiz - Itaka-Escolapios\",\"isPartOf\":{\"@id\":\"https:\\\/\\\/www.itakaescolapios.org\\\/es\\\/#website\"},\"primaryImageOfPage\":{\"@id\":\"https:\\\/\\\/www.itakaescolapios.org\\\/fr\\\/2013\\\/11\\\/domingo-de-salida-en-los-grupos-de-vitoria-gasteiz\\\/#primaryimage\"},\"image\":{\"@id\":\"https:\\\/\\\/www.itakaescolapios.org\\\/fr\\\/2013\\\/11\\\/domingo-de-salida-en-los-grupos-de-vitoria-gasteiz\\\/#primaryimage\"},\"thumbnailUrl\":\"https:\\\/\\\/www.itakaescolapios.org\\\/wp-content\\\/uploads\\\/2013\\\/11\\\/PB230178.jpg\",\"datePublished\":\"2013-11-25T20:39:38+00:00\",\"dateModified\":\"2023-11-28T11:39:13+00:00\",\"breadcrumb\":{\"@id\":\"https:\\\/\\\/www.itakaescolapios.org\\\/fr\\\/2013\\\/11\\\/domingo-de-salida-en-los-grupos-de-vitoria-gasteiz\\\/#breadcrumb\"},\"inLanguage\":\"fr-FR\",\"potentialAction\":[{\"@type\":\"ReadAction\",\"target\":[\"https:\\\/\\\/www.itakaescolapios.org\\\/fr\\\/2013\\\/11\\\/domingo-de-salida-en-los-grupos-de-vitoria-gasteiz\\\/\"]}]},{\"@type\":\"ImageObject\",\"inLanguage\":\"fr-FR\",\"@id\":\"https:\\\/\\\/www.itakaescolapios.org\\\/fr\\\/2013\\\/11\\\/domingo-de-salida-en-los-grupos-de-vitoria-gasteiz\\\/#primaryimage\",\"url\":\"https:\\\/\\\/www.itakaescolapios.org\\\/wp-content\\\/uploads\\\/2013\\\/11\\\/PB230178.jpg\",\"contentUrl\":\"https:\\\/\\\/www.itakaescolapios.org\\\/wp-content\\\/uploads\\\/2013\\\/11\\\/PB230178.jpg\",\"width\":2000,\"height\":1500},{\"@type\":\"BreadcrumbList\",\"@id\":\"https:\\\/\\\/www.itakaescolapios.org\\\/fr\\\/2013\\\/11\\\/domingo-de-salida-en-los-grupos-de-vitoria-gasteiz\\\/#breadcrumb\",\"itemListElement\":[{\"@type\":\"ListItem\",\"position\":1,\"name\":\"Itaka-Escolapios\",\"item\":\"https:\\\/\\\/www.itakaescolapios.org\\\/es\\\/\"},{\"@type\":\"ListItem\",\"position\":2,\"name\":\"D\u00eda de excursiones en Vitoria-Gasteiz\"}]},{\"@type\":\"WebSite\",\"@id\":\"https:\\\/\\\/www.itakaescolapios.org\\\/fr\\\/es\\\/#website\",\"url\":\"https:\\\/\\\/www.itakaescolapios.org\\\/fr\\\/es\\\/\",\"name\":\"Itaka-Escolapios\",\"description\":\"Red de Itaka-Escolapios\",\"publisher\":{\"@id\":\"https:\\\/\\\/www.itakaescolapios.org\\\/fr\\\/es\\\/#organization\"},\"potentialAction\":[{\"@type\":\"SearchAction\",\"target\":{\"@type\":\"EntryPoint\",\"urlTemplate\":\"https:\\\/\\\/www.itakaescolapios.org\\\/fr\\\/es\\\/?s={search_term_string}\"},\"query-input\":{\"@type\":\"PropertyValueSpecification\",\"valueRequired\":true,\"valueName\":\"search_term_string\"}}],\"inLanguage\":\"fr-FR\"},{\"@type\":\"Organization\",\"@id\":\"https:\\\/\\\/www.itakaescolapios.org\\\/fr\\\/es\\\/#organization\",\"name\":\"Fundaci\u00f3 Itaka-Escolapios\",\"url\":\"https:\\\/\\\/www.itakaescolapios.org\\\/fr\\\/es\\\/\",\"logo\":{\"@type\":\"ImageObject\",\"inLanguage\":\"fr-FR\",\"@id\":\"https:\\\/\\\/www.itakaescolapios.org\\\/fr\\\/es\\\/#\\\/schema\\\/logo\\\/image\\\/\",\"url\":\"https:\\\/\\\/www.itakaescolapios.org\\\/wp-content\\\/uploads\\\/2024\\\/04\\\/Logo-itakaescolapios-peque.png\",\"contentUrl\":\"https:\\\/\\\/www.itakaescolapios.org\\\/wp-content\\\/uploads\\\/2024\\\/04\\\/Logo-itakaescolapios-peque.png\",\"width\":500,\"height\":199,\"caption\":\"Fundaci\u00f3 Itaka-Escolapios\"},\"image\":{\"@id\":\"https:\\\/\\\/www.itakaescolapios.org\\\/fr\\\/es\\\/#\\\/schema\\\/logo\\\/image\\\/\"}},{\"@type\":\"Person\",\"@id\":\"https:\\\/\\\/www.itakaescolapios.org\\\/es\\\/#\\\/schema\\\/person\\\/9cc185e6cd9bcae456bb4586c2d42ea3\",\"name\":\"gasteiz02\",\"url\":\"https:\\\/\\\/www.itakaescolapios.org\\\/fr\\\/author\\\/gasteiz02\\\/\"}]}<\/script>\n<!-- \/ Yoast SEO plugin. -->","yoast_head_json":{"title":"D\u00eda de excursiones en Vitoria-Gasteiz","description":"Ayer domingo, todos los grupos del Movimiento Calasanz de Vitoria-Gasteiz, tuvieron diferentes actividades. KOSKORRAK \u00a0junto a KASKONDOAK II visitaron Tolosa. Una vez alli, pudieron disfrutar del museo Topic de titeres, y conocer un poco m\u00e1s acerca de Tolosa. Adem\u00e1s por la tarde pudieron subir hasta la ermita de Izaskun donde disfrutaron de unas vistas privilegiadas.\u2026","robots":{"index":"index","follow":"follow","max-snippet":"max-snippet:-1","max-image-preview":"max-image-preview:large","max-video-preview":"max-video-preview:-1"},"canonical":"Ayer domingo, todos los grupos del Movimiento Calasanz de Vitoria-Gasteiz, tuvieron diferentes actividades. KOSKORRAK \u00a0junto a KASKONDOAK II visitaron Tolosa. Una vez alli, pudieron disfrutar del museo Topic de titeres, y conocer un poco m\u00e1s acerca de Tolosa. Adem\u00e1s por la tarde pudieron subir hasta la ermita de Izaskun donde disfrutaron de unas vistas privilegiadas.\u2026","og_locale":"fr_FR","og_type":"article","og_title":"D\u00eda de excursiones en Vitoria-Gasteiz","og_description":"Ayer domingo, todos los grupos del Movimiento Calasanz de Vitoria-Gasteiz, tuvieron diferentes actividades. KOSKORRAK \u00a0junto a KASKONDOAK II visitaron Tolosa. Una vez alli, pudieron disfrutar del museo Topic de titeres, y conocer un poco m\u00e1s acerca de Tolosa. Adem\u00e1s por la tarde pudieron subir hasta la ermita de Izaskun donde disfrutaron de unas vistas privilegiadas.\u2026","og_url":"https:\/\/www.itakaescolapios.org\/fr\/2013\/11\/domingo-de-salida-en-los-grupos-de-vitoria-gasteiz\/","og_site_name":"Itaka-Escolapios","article_published_time":"2013-11-25T20:39:38+00:00","article_modified_time":"2023-11-28T11:39:13+00:00","og_image":[{"width":2000,"height":1500,"url":"https:\/\/www.itakaescolapios.org\/wp-content\/uploads\/2013\/11\/PB230178.jpg","type":"image\/jpeg"}],"author":"gasteiz02","twitter_card":"summary_large_image","twitter_misc":{"\u00c9crit par":"gasteiz02","Dur\u00e9e de lecture estim\u00e9e":"1 minute"},"schema":{"@context":"https:\/\/schema.org","@graph":[{"@type":"Article","@id":"https:\/\/www.itakaescolapios.org\/fr\/2013\/11\/domingo-de-salida-en-los-grupos-de-vitoria-gasteiz\/#article","isPartOf":{"@id":"https:\/\/www.itakaescolapios.org\/fr\/2013\/11\/domingo-de-salida-en-los-grupos-de-vitoria-gasteiz\/"},"author":{"name":"gasteiz02","@id":"https:\/\/www.itakaescolapios.org\/es\/#\/schema\/person\/9cc185e6cd9bcae456bb4586c2d42ea3"},"headline":"D\u00eda de excursiones en Vitoria-Gasteiz","datePublished":"2013-11-25T20:39:38+00:00","dateModified":"2023-11-28T11:39:13+00:00","mainEntityOfPage":{"@id":"https:\/\/www.itakaescolapios.org\/fr\/2013\/11\/domingo-de-salida-en-los-grupos-de-vitoria-gasteiz\/"},"wordCount":229,"publisher":{"@id":"https:\/\/www.itakaescolapios.org\/es\/#organization"},"image":{"@id":"https:\/\/www.itakaescolapios.org\/fr\/2013\/11\/domingo-de-salida-en-los-grupos-de-vitoria-gasteiz\/#primaryimage"},"thumbnailUrl":"https:\/\/www.itakaescolapios.org\/wp-content\/uploads\/2013\/11\/PB230178.jpg","articleSection":["Vitoria-Gasteiz"],"inLanguage":"fr-FR"},{"@type":"WebPage","@id":"https:\/\/www.itakaescolapios.org\/fr\/2013\/11\/domingo-de-salida-en-los-grupos-de-vitoria-gasteiz\/","url":"https:\/\/www.itakaescolapios.org\/fr\/2013\/11\/domingo-de-salida-en-los-grupos-de-vitoria-gasteiz\/","name":"D\u00eda de excursiones en Vitoria-Gasteiz - Itaka-Escolapios","isPartOf":{"@id":"https:\/\/www.itakaescolapios.org\/es\/#website"},"primaryImageOfPage":{"@id":"https:\/\/www.itakaescolapios.org\/fr\/2013\/11\/domingo-de-salida-en-los-grupos-de-vitoria-gasteiz\/#primaryimage"},"image":{"@id":"https:\/\/www.itakaescolapios.org\/fr\/2013\/11\/domingo-de-salida-en-los-grupos-de-vitoria-gasteiz\/#primaryimage"},"thumbnailUrl":"https:\/\/www.itakaescolapios.org\/wp-content\/uploads\/2013\/11\/PB230178.jpg","datePublished":"2013-11-25T20:39:38+00:00","dateModified":"2023-11-28T11:39:13+00:00","breadcrumb":{"@id":"https:\/\/www.itakaescolapios.org\/fr\/2013\/11\/domingo-de-salida-en-los-grupos-de-vitoria-gasteiz\/#breadcrumb"},"inLanguage":"fr-FR","potentialAction":[{"@type":"ReadAction","target":["https:\/\/www.itakaescolapios.org\/fr\/2013\/11\/domingo-de-salida-en-los-grupos-de-vitoria-gasteiz\/"]}]},{"@type":"ImageObject","inLanguage":"fr-FR","@id":"https:\/\/www.itakaescolapios.org\/fr\/2013\/11\/domingo-de-salida-en-los-grupos-de-vitoria-gasteiz\/#primaryimage","url":"https:\/\/www.itakaescolapios.org\/wp-content\/uploads\/2013\/11\/PB230178.jpg","contentUrl":"https:\/\/www.itakaescolapios.org\/wp-content\/uploads\/2013\/11\/PB230178.jpg","width":2000,"height":1500},{"@type":"BreadcrumbList","@id":"https:\/\/www.itakaescolapios.org\/fr\/2013\/11\/domingo-de-salida-en-los-grupos-de-vitoria-gasteiz\/#breadcrumb","itemListElement":[{"@type":"ListItem","position":1,"name":"Itaka-Escolapios","item":"https:\/\/www.itakaescolapios.org\/es\/"},{"@type":"ListItem","position":2,"name":"D\u00eda de excursiones en Vitoria-Gasteiz"}]},{"@type":"WebSite","@id":"https:\/\/www.itakaescolapios.org\/fr\/es\/#website","url":"https:\/\/www.itakaescolapios.org\/fr\/es\/","name":"Itaka-Escolapios","description":"Red de Itaka-Escolapios","publisher":{"@id":"https:\/\/www.itakaescolapios.org\/fr\/es\/#organization"},"potentialAction":[{"@type":"SearchAction","target":{"@type":"EntryPoint","urlTemplate":"https:\/\/www.itakaescolapios.org\/fr\/es\/?s={search_term_string}"},"query-input":{"@type":"PropertyValueSpecification","valueRequired":true,"valueName":"search_term_string"}}],"inLanguage":"fr-FR"},{"@type":"Organization","@id":"https:\/\/www.itakaescolapios.org\/fr\/es\/#organization","name":"Fundaci\u00f3 Itaka-Escolapios","url":"https:\/\/www.itakaescolapios.org\/fr\/es\/","logo":{"@type":"ImageObject","inLanguage":"fr-FR","@id":"https:\/\/www.itakaescolapios.org\/fr\/es\/#\/schema\/logo\/image\/","url":"https:\/\/www.itakaescolapios.org\/wp-content\/uploads\/2024\/04\/Logo-itakaescolapios-peque.png","contentUrl":"https:\/\/www.itakaescolapios.org\/wp-content\/uploads\/2024\/04\/Logo-itakaescolapios-peque.png","width":500,"height":199,"caption":"Fundaci\u00f3 Itaka-Escolapios"},"image":{"@id":"https:\/\/www.itakaescolapios.org\/fr\/es\/#\/schema\/logo\/image\/"}},{"@type":"Person","@id":"https:\/\/www.itakaescolapios.org\/es\/#\/schema\/person\/9cc185e6cd9bcae456bb4586c2d42ea3","name":"gasteiz02","url":"https:\/\/www.itakaescolapios.org\/fr\/author\/gasteiz02\/"}]}},"_links":{"self":[{"href":"https:\/\/www.itakaescolapios.org\/fr\/wp-json\/wp\/v2\/posts\/8059","targetHints":{"allow":["GET"]}}],"collection":[{"href":"https:\/\/www.itakaescolapios.org\/fr\/wp-json\/wp\/v2\/posts"}],"about":[{"href":"https:\/\/www.itakaescolapios.org\/fr\/wp-json\/wp\/v2\/types\/post"}],"author":[{"embeddable":true,"href":"https:\/\/www.itakaescolapios.org\/fr\/wp-json\/wp\/v2\/users\/42"}],"replies":[{"embeddable":true,"href":"https:\/\/www.itakaescolapios.org\/fr\/wp-json\/wp\/v2\/comments?post=8059"}],"version-history":[{"count":6,"href":"https:\/\/www.itakaescolapios.org\/fr\/wp-json\/wp\/v2\/posts\/8059\/revisions"}],"predecessor-version":[{"id":49334,"href":"https:\/\/www.itakaescolapios.org\/fr\/wp-json\/wp\/v2\/posts\/8059\/revisions\/49334"}],"wp:featuredmedia":[{"embeddable":true,"href":"https:\/\/www.itakaescolapios.org\/fr\/wp-json\/wp\/v2\/media\/8060"}],"wp:attachment":[{"href":"https:\/\/www.itakaescolapios.org\/fr\/wp-json\/wp\/v2\/media?parent=8059"}],"wp:term":[{"taxonomy":"category","embeddable":true,"href":"https:\/\/www.itakaescolapios.org\/fr\/wp-json\/wp\/v2\/categories?post=8059"},{"taxonomy":"post_tag","embeddable":true,"href":"https:\/\/www.itakaescolapios.org\/fr\/wp-json\/wp\/v2\/tags?post=8059"}],"curies":[{"name":"wp","href":"https:\/\/api.w.org\/{rel}","templated":true}]}}