{"id":8997,"date":"2014-03-12T18:59:55","date_gmt":"2014-03-12T17:59:55","guid":{"rendered":"https:\/\/www.itakaescolapios.org\/?p=8997"},"modified":"2023-11-28T12:39:05","modified_gmt":"2023-11-28T11:39:05","slug":"primer-encuentro-de-los-voluntarios-escolapios-de-africa-central","status":"publish","type":"post","link":"https:\/\/www.itakaescolapios.org\/fr\/2014\/03\/primer-encuentro-de-los-voluntarios-escolapios-de-africa-central\/","title":{"rendered":"PREMIERE RENCONTRE DES VOLONTAIRES PIARISTES D'AFRIQUE CENTRALE"},"content":{"rendered":"<p>Du 25 au 27 avril 2014 prochain aura lieu la premi\u00e8re rencontre g\u00e9n\u00e9rale des volontaires Piaristes de la Province Piariste d\u2019Afrique Centrale.<\/p>\n<p>L\u2019\u00e9v\u00e9nement aura lieu \u00e0 Bamenda o\u00f9 il n\u2019existe pas encore un groupe de volontaires piariste mais o\u00f9 nous avons l\u2019intention d\u2019en cr\u00e9er dans un proche future. L\u2019\u00e9v\u00e9nement servira ainsi de premi\u00e8re sensibilisation.<\/p>\n<p>Les participants viendront des groupes de volontaires piaristes d\u00e9j\u00e0 existants et en cours de cr\u00e9ation notamment de Yaound\u00e9, Bafia, Bandjoun, Kumbo, Bata, Akurenam et Libreville.<\/p>\n<p>Autour du th\u00e8me de la session qui sera \u00ab\u00a0sur les pas de Calazanz\u00a0\u00bb graviteront plusieurs sous-th\u00e8mes.<\/p>\n<p>Cette session suivra d&rsquo;autres sessions qui ont lieu au cours de cette ann\u00e9e. C&rsquo;est le cas de celle qui a r\u00e9uni les volontaires piaristes de Bafia du 1er au 2 Mars 2014 et ceux de Bandjoun et de Yaound\u00e9 du 28 f\u00e9vrier au 02 mars 2014 \u00e0 Bamendjou.<\/p>\n<p>Joignons ensemble nos efforts pour la r\u00e9ussite de cet \u00e9v\u00e9nement.<\/p>\n","protected":false},"excerpt":{"rendered":"<p>Du 25 au 27 avril 2014 prochain aura lieu la premi\u00e8re rencontre g\u00e9n\u00e9rale des volontaires Piaristes de la Province Piariste d\u2019Afrique Centrale. L\u2019\u00e9v\u00e9nement aura lieu \u00e0 Bamenda o\u00f9 il n\u2019existe [&hellip;]<\/p>\n","protected":false},"author":15,"featured_media":9007,"comment_status":"closed","ping_status":"closed","sticky":false,"template":"","format":"standard","meta":{"_et_pb_use_builder":"","_et_pb_old_content":"","_et_gb_content_width":"","footnotes":""},"categories":[10],"tags":[],"class_list":["post-8997","post","type-post","status-publish","format-standard","has-post-thumbnail","hentry","category-camerun"],"yoast_head":"<!-- This site is optimized with the Yoast SEO plugin v27.4 - https:\/\/yoast.com\/product\/yoast-seo-wordpress\/ -->\n<title>PREMIERE RENCONTRE DES VOLONTAIRES PIARISTES D&#039;AFRIQUE CENTRALE<\/title>\n<meta name=\"description\" content=\"Du 25 au 27 avril 2014 prochain aura lieu la premi\u00e8re rencontre g\u00e9n\u00e9rale des volontaires Piaristes de la Province Piariste d\u2019Afrique Centrale. L\u2019\u00e9v\u00e9nement aura lieu \u00e0 Bamenda o\u00f9 il n\u2019existe pas encore un groupe de volontaires piariste mais o\u00f9 nous avons l\u2019intention d\u2019en cr\u00e9er dans un proche future. L\u2019\u00e9v\u00e9nement servira ainsi de premi\u00e8re sensibilisation. Les\u2026\" \/>\n<meta name=\"robots\" content=\"index, follow, max-snippet:-1, max-image-preview:large, max-video-preview:-1\" \/>\n<link rel=\"canonical\" href=\"http:\/\/Du%2025%20au%2027%20avril%202014%20prochain%20aura%20lieu%20la%20premi\u00e8re%20rencontre%20g\u00e9n\u00e9rale%20des%20volontaires%20Piaristes%20de%20la%20Province%20Piariste%20d\u2019Afrique%20Centrale.%20L\u2019\u00e9v\u00e9nement%20aura%20lieu%20\u00e0%20Bamenda%20o\u00f9%20il%20n\u2019existe%20pas%20encore%20un%20groupe%20de%20volontaires%20piariste%20mais%20o\u00f9%20nous%20avons%20l\u2019intention%20d\u2019en%20cr\u00e9er%20dans%20un%20proche%20future.%20L\u2019\u00e9v\u00e9nement%20servira%20ainsi%20de%20premi\u00e8re%20sensibilisation.%20Les\u2026\" \/>\n<meta property=\"og:locale\" content=\"fr_FR\" \/>\n<meta property=\"og:type\" content=\"article\" \/>\n<meta property=\"og:title\" content=\"PREMIERE RENCONTRE DES VOLONTAIRES PIARISTES D&#039;AFRIQUE CENTRALE\" \/>\n<meta property=\"og:description\" content=\"Du 25 au 27 avril 2014 prochain aura lieu la premi\u00e8re rencontre g\u00e9n\u00e9rale des volontaires Piaristes de la Province Piariste d\u2019Afrique Centrale. L\u2019\u00e9v\u00e9nement aura lieu \u00e0 Bamenda o\u00f9 il n\u2019existe pas encore un groupe de volontaires piariste mais o\u00f9 nous avons l\u2019intention d\u2019en cr\u00e9er dans un proche future. L\u2019\u00e9v\u00e9nement servira ainsi de premi\u00e8re sensibilisation. Les\u2026\" \/>\n<meta property=\"og:url\" content=\"https:\/\/www.itakaescolapios.org\/fr\/2014\/03\/primer-encuentro-de-los-voluntarios-escolapios-de-africa-central\/\" \/>\n<meta property=\"og:site_name\" content=\"Itaka-Escolapios\" \/>\n<meta property=\"article:published_time\" content=\"2014-03-12T17:59:55+00:00\" \/>\n<meta property=\"article:modified_time\" content=\"2023-11-28T11:39:05+00:00\" \/>\n<meta property=\"og:image\" content=\"https:\/\/www.itakaescolapios.org\/wp-content\/uploads\/2014\/03\/untitled.png\" \/>\n\t<meta property=\"og:image:width\" content=\"277\" \/>\n\t<meta property=\"og:image:height\" content=\"400\" \/>\n\t<meta property=\"og:image:type\" content=\"image\/png\" \/>\n<meta name=\"author\" content=\"cameroun01\" \/>\n<meta name=\"twitter:card\" content=\"summary_large_image\" \/>\n<meta name=\"twitter:label1\" content=\"\u00c9crit par\" \/>\n\t<meta name=\"twitter:data1\" content=\"cameroun01\" \/>\n\t<meta name=\"twitter:label2\" content=\"Dur\u00e9e de lecture estim\u00e9e\" \/>\n\t<meta name=\"twitter:data2\" content=\"1 minute\" \/>\n<script type=\"application\/ld+json\" class=\"yoast-schema-graph\">{\"@context\":\"https:\\\/\\\/schema.org\",\"@graph\":[{\"@type\":\"Article\",\"@id\":\"https:\\\/\\\/www.itakaescolapios.org\\\/fr\\\/2014\\\/03\\\/primer-encuentro-de-los-voluntarios-escolapios-de-africa-central\\\/#article\",\"isPartOf\":{\"@id\":\"https:\\\/\\\/www.itakaescolapios.org\\\/fr\\\/2014\\\/03\\\/primer-encuentro-de-los-voluntarios-escolapios-de-africa-central\\\/\"},\"author\":{\"name\":\"cameroun01\",\"@id\":\"https:\\\/\\\/www.itakaescolapios.org\\\/es\\\/#\\\/schema\\\/person\\\/d2844383e29bfdfef69039672ce14eb1\"},\"headline\":\"PREMIERE RENCONTRE DES VOLONTAIRES PIARISTES D'AFRIQUE CENTRALE\",\"datePublished\":\"2014-03-12T17:59:55+00:00\",\"dateModified\":\"2023-11-28T11:39:05+00:00\",\"mainEntityOfPage\":{\"@id\":\"https:\\\/\\\/www.itakaescolapios.org\\\/fr\\\/2014\\\/03\\\/primer-encuentro-de-los-voluntarios-escolapios-de-africa-central\\\/\"},\"wordCount\":177,\"publisher\":{\"@id\":\"https:\\\/\\\/www.itakaescolapios.org\\\/es\\\/#organization\"},\"image\":{\"@id\":\"https:\\\/\\\/www.itakaescolapios.org\\\/fr\\\/2014\\\/03\\\/primer-encuentro-de-los-voluntarios-escolapios-de-africa-central\\\/#primaryimage\"},\"thumbnailUrl\":\"https:\\\/\\\/www.itakaescolapios.org\\\/wp-content\\\/uploads\\\/2014\\\/03\\\/untitled.png\",\"articleSection\":[\"Cameroun\"],\"inLanguage\":\"fr-FR\"},{\"@type\":\"WebPage\",\"@id\":\"https:\\\/\\\/www.itakaescolapios.org\\\/fr\\\/2014\\\/03\\\/primer-encuentro-de-los-voluntarios-escolapios-de-africa-central\\\/\",\"url\":\"https:\\\/\\\/www.itakaescolapios.org\\\/fr\\\/2014\\\/03\\\/primer-encuentro-de-los-voluntarios-escolapios-de-africa-central\\\/\",\"name\":\"PRIMER ENCUENTRO DE LOS VOLUNTARIOS ESCOLAPIOS DE AFRICA CENTRAL - Itaka-Escolapios\",\"isPartOf\":{\"@id\":\"https:\\\/\\\/www.itakaescolapios.org\\\/es\\\/#website\"},\"primaryImageOfPage\":{\"@id\":\"https:\\\/\\\/www.itakaescolapios.org\\\/fr\\\/2014\\\/03\\\/primer-encuentro-de-los-voluntarios-escolapios-de-africa-central\\\/#primaryimage\"},\"image\":{\"@id\":\"https:\\\/\\\/www.itakaescolapios.org\\\/fr\\\/2014\\\/03\\\/primer-encuentro-de-los-voluntarios-escolapios-de-africa-central\\\/#primaryimage\"},\"thumbnailUrl\":\"https:\\\/\\\/www.itakaescolapios.org\\\/wp-content\\\/uploads\\\/2014\\\/03\\\/untitled.png\",\"datePublished\":\"2014-03-12T17:59:55+00:00\",\"dateModified\":\"2023-11-28T11:39:05+00:00\",\"breadcrumb\":{\"@id\":\"https:\\\/\\\/www.itakaescolapios.org\\\/fr\\\/2014\\\/03\\\/primer-encuentro-de-los-voluntarios-escolapios-de-africa-central\\\/#breadcrumb\"},\"inLanguage\":\"fr-FR\",\"potentialAction\":[{\"@type\":\"ReadAction\",\"target\":[\"https:\\\/\\\/www.itakaescolapios.org\\\/fr\\\/2014\\\/03\\\/primer-encuentro-de-los-voluntarios-escolapios-de-africa-central\\\/\"]}]},{\"@type\":\"ImageObject\",\"inLanguage\":\"fr-FR\",\"@id\":\"https:\\\/\\\/www.itakaescolapios.org\\\/fr\\\/2014\\\/03\\\/primer-encuentro-de-los-voluntarios-escolapios-de-africa-central\\\/#primaryimage\",\"url\":\"https:\\\/\\\/www.itakaescolapios.org\\\/wp-content\\\/uploads\\\/2014\\\/03\\\/untitled.png\",\"contentUrl\":\"https:\\\/\\\/www.itakaescolapios.org\\\/wp-content\\\/uploads\\\/2014\\\/03\\\/untitled.png\",\"width\":277,\"height\":400},{\"@type\":\"BreadcrumbList\",\"@id\":\"https:\\\/\\\/www.itakaescolapios.org\\\/fr\\\/2014\\\/03\\\/primer-encuentro-de-los-voluntarios-escolapios-de-africa-central\\\/#breadcrumb\",\"itemListElement\":[{\"@type\":\"ListItem\",\"position\":1,\"name\":\"Itaka-Escolapios\",\"item\":\"https:\\\/\\\/www.itakaescolapios.org\\\/es\\\/\"},{\"@type\":\"ListItem\",\"position\":2,\"name\":\"PREMIERE RENCONTRE DES VOLONTAIRES PIARISTES D'AFRIQUE CENTRALE\"}]},{\"@type\":\"WebSite\",\"@id\":\"https:\\\/\\\/www.itakaescolapios.org\\\/fr\\\/es\\\/#website\",\"url\":\"https:\\\/\\\/www.itakaescolapios.org\\\/fr\\\/es\\\/\",\"name\":\"Itaka-Escolapios\",\"description\":\"Red de Itaka-Escolapios\",\"publisher\":{\"@id\":\"https:\\\/\\\/www.itakaescolapios.org\\\/fr\\\/es\\\/#organization\"},\"potentialAction\":[{\"@type\":\"SearchAction\",\"target\":{\"@type\":\"EntryPoint\",\"urlTemplate\":\"https:\\\/\\\/www.itakaescolapios.org\\\/fr\\\/es\\\/?s={search_term_string}\"},\"query-input\":{\"@type\":\"PropertyValueSpecification\",\"valueRequired\":true,\"valueName\":\"search_term_string\"}}],\"inLanguage\":\"fr-FR\"},{\"@type\":\"Organization\",\"@id\":\"https:\\\/\\\/www.itakaescolapios.org\\\/fr\\\/es\\\/#organization\",\"name\":\"Fundaci\u00f3 Itaka-Escolapios\",\"url\":\"https:\\\/\\\/www.itakaescolapios.org\\\/fr\\\/es\\\/\",\"logo\":{\"@type\":\"ImageObject\",\"inLanguage\":\"fr-FR\",\"@id\":\"https:\\\/\\\/www.itakaescolapios.org\\\/fr\\\/es\\\/#\\\/schema\\\/logo\\\/image\\\/\",\"url\":\"https:\\\/\\\/www.itakaescolapios.org\\\/wp-content\\\/uploads\\\/2024\\\/04\\\/Logo-itakaescolapios-peque.png\",\"contentUrl\":\"https:\\\/\\\/www.itakaescolapios.org\\\/wp-content\\\/uploads\\\/2024\\\/04\\\/Logo-itakaescolapios-peque.png\",\"width\":500,\"height\":199,\"caption\":\"Fundaci\u00f3 Itaka-Escolapios\"},\"image\":{\"@id\":\"https:\\\/\\\/www.itakaescolapios.org\\\/fr\\\/es\\\/#\\\/schema\\\/logo\\\/image\\\/\"}},{\"@type\":\"Person\",\"@id\":\"https:\\\/\\\/www.itakaescolapios.org\\\/es\\\/#\\\/schema\\\/person\\\/d2844383e29bfdfef69039672ce14eb1\",\"name\":\"cameroun01\",\"url\":\"https:\\\/\\\/www.itakaescolapios.org\\\/fr\\\/author\\\/cameroun01\\\/\"}]}<\/script>\n<!-- \/ Yoast SEO plugin. -->","yoast_head_json":{"title":"PREMIERE RENCONTRE DES VOLONTAIRES PIARISTES D'AFRIQUE CENTRALE","description":"Du 25 au 27 avril 2014 prochain aura lieu la premi\u00e8re rencontre g\u00e9n\u00e9rale des volontaires Piaristes de la Province Piariste d\u2019Afrique Centrale. L\u2019\u00e9v\u00e9nement aura lieu \u00e0 Bamenda o\u00f9 il n\u2019existe pas encore un groupe de volontaires piariste mais o\u00f9 nous avons l\u2019intention d\u2019en cr\u00e9er dans un proche future. L\u2019\u00e9v\u00e9nement servira ainsi de premi\u00e8re sensibilisation. Les\u2026","robots":{"index":"index","follow":"follow","max-snippet":"max-snippet:-1","max-image-preview":"max-image-preview:large","max-video-preview":"max-video-preview:-1"},"canonical":"Du 25 au 27 avril 2014 prochain aura lieu la premi\u00e8re rencontre g\u00e9n\u00e9rale des volontaires Piaristes de la Province Piariste d\u2019Afrique Centrale. L\u2019\u00e9v\u00e9nement aura lieu \u00e0 Bamenda o\u00f9 il n\u2019existe pas encore un groupe de volontaires piariste mais o\u00f9 nous avons l\u2019intention d\u2019en cr\u00e9er dans un proche future. L\u2019\u00e9v\u00e9nement servira ainsi de premi\u00e8re sensibilisation. Les\u2026","og_locale":"fr_FR","og_type":"article","og_title":"PREMIERE RENCONTRE DES VOLONTAIRES PIARISTES D'AFRIQUE CENTRALE","og_description":"Du 25 au 27 avril 2014 prochain aura lieu la premi\u00e8re rencontre g\u00e9n\u00e9rale des volontaires Piaristes de la Province Piariste d\u2019Afrique Centrale. L\u2019\u00e9v\u00e9nement aura lieu \u00e0 Bamenda o\u00f9 il n\u2019existe pas encore un groupe de volontaires piariste mais o\u00f9 nous avons l\u2019intention d\u2019en cr\u00e9er dans un proche future. L\u2019\u00e9v\u00e9nement servira ainsi de premi\u00e8re sensibilisation. Les\u2026","og_url":"https:\/\/www.itakaescolapios.org\/fr\/2014\/03\/primer-encuentro-de-los-voluntarios-escolapios-de-africa-central\/","og_site_name":"Itaka-Escolapios","article_published_time":"2014-03-12T17:59:55+00:00","article_modified_time":"2023-11-28T11:39:05+00:00","og_image":[{"width":277,"height":400,"url":"https:\/\/www.itakaescolapios.org\/wp-content\/uploads\/2014\/03\/untitled.png","type":"image\/png"}],"author":"cameroun01","twitter_card":"summary_large_image","twitter_misc":{"\u00c9crit par":"cameroun01","Dur\u00e9e de lecture estim\u00e9e":"1 minute"},"schema":{"@context":"https:\/\/schema.org","@graph":[{"@type":"Article","@id":"https:\/\/www.itakaescolapios.org\/fr\/2014\/03\/primer-encuentro-de-los-voluntarios-escolapios-de-africa-central\/#article","isPartOf":{"@id":"https:\/\/www.itakaescolapios.org\/fr\/2014\/03\/primer-encuentro-de-los-voluntarios-escolapios-de-africa-central\/"},"author":{"name":"cameroun01","@id":"https:\/\/www.itakaescolapios.org\/es\/#\/schema\/person\/d2844383e29bfdfef69039672ce14eb1"},"headline":"PREMIERE RENCONTRE DES VOLONTAIRES PIARISTES D'AFRIQUE CENTRALE","datePublished":"2014-03-12T17:59:55+00:00","dateModified":"2023-11-28T11:39:05+00:00","mainEntityOfPage":{"@id":"https:\/\/www.itakaescolapios.org\/fr\/2014\/03\/primer-encuentro-de-los-voluntarios-escolapios-de-africa-central\/"},"wordCount":177,"publisher":{"@id":"https:\/\/www.itakaescolapios.org\/es\/#organization"},"image":{"@id":"https:\/\/www.itakaescolapios.org\/fr\/2014\/03\/primer-encuentro-de-los-voluntarios-escolapios-de-africa-central\/#primaryimage"},"thumbnailUrl":"https:\/\/www.itakaescolapios.org\/wp-content\/uploads\/2014\/03\/untitled.png","articleSection":["Cameroun"],"inLanguage":"fr-FR"},{"@type":"WebPage","@id":"https:\/\/www.itakaescolapios.org\/fr\/2014\/03\/primer-encuentro-de-los-voluntarios-escolapios-de-africa-central\/","url":"https:\/\/www.itakaescolapios.org\/fr\/2014\/03\/primer-encuentro-de-los-voluntarios-escolapios-de-africa-central\/","name":"PRIMER ENCUENTRO DE LOS VOLUNTARIOS ESCOLAPIOS DE AFRICA CENTRAL - Itaka-Escolapios","isPartOf":{"@id":"https:\/\/www.itakaescolapios.org\/es\/#website"},"primaryImageOfPage":{"@id":"https:\/\/www.itakaescolapios.org\/fr\/2014\/03\/primer-encuentro-de-los-voluntarios-escolapios-de-africa-central\/#primaryimage"},"image":{"@id":"https:\/\/www.itakaescolapios.org\/fr\/2014\/03\/primer-encuentro-de-los-voluntarios-escolapios-de-africa-central\/#primaryimage"},"thumbnailUrl":"https:\/\/www.itakaescolapios.org\/wp-content\/uploads\/2014\/03\/untitled.png","datePublished":"2014-03-12T17:59:55+00:00","dateModified":"2023-11-28T11:39:05+00:00","breadcrumb":{"@id":"https:\/\/www.itakaescolapios.org\/fr\/2014\/03\/primer-encuentro-de-los-voluntarios-escolapios-de-africa-central\/#breadcrumb"},"inLanguage":"fr-FR","potentialAction":[{"@type":"ReadAction","target":["https:\/\/www.itakaescolapios.org\/fr\/2014\/03\/primer-encuentro-de-los-voluntarios-escolapios-de-africa-central\/"]}]},{"@type":"ImageObject","inLanguage":"fr-FR","@id":"https:\/\/www.itakaescolapios.org\/fr\/2014\/03\/primer-encuentro-de-los-voluntarios-escolapios-de-africa-central\/#primaryimage","url":"https:\/\/www.itakaescolapios.org\/wp-content\/uploads\/2014\/03\/untitled.png","contentUrl":"https:\/\/www.itakaescolapios.org\/wp-content\/uploads\/2014\/03\/untitled.png","width":277,"height":400},{"@type":"BreadcrumbList","@id":"https:\/\/www.itakaescolapios.org\/fr\/2014\/03\/primer-encuentro-de-los-voluntarios-escolapios-de-africa-central\/#breadcrumb","itemListElement":[{"@type":"ListItem","position":1,"name":"Itaka-Escolapios","item":"https:\/\/www.itakaescolapios.org\/es\/"},{"@type":"ListItem","position":2,"name":"PREMIERE RENCONTRE DES VOLONTAIRES PIARISTES D'AFRIQUE CENTRALE"}]},{"@type":"WebSite","@id":"https:\/\/www.itakaescolapios.org\/fr\/es\/#website","url":"https:\/\/www.itakaescolapios.org\/fr\/es\/","name":"Itaka-Escolapios","description":"Red de Itaka-Escolapios","publisher":{"@id":"https:\/\/www.itakaescolapios.org\/fr\/es\/#organization"},"potentialAction":[{"@type":"SearchAction","target":{"@type":"EntryPoint","urlTemplate":"https:\/\/www.itakaescolapios.org\/fr\/es\/?s={search_term_string}"},"query-input":{"@type":"PropertyValueSpecification","valueRequired":true,"valueName":"search_term_string"}}],"inLanguage":"fr-FR"},{"@type":"Organization","@id":"https:\/\/www.itakaescolapios.org\/fr\/es\/#organization","name":"Fundaci\u00f3 Itaka-Escolapios","url":"https:\/\/www.itakaescolapios.org\/fr\/es\/","logo":{"@type":"ImageObject","inLanguage":"fr-FR","@id":"https:\/\/www.itakaescolapios.org\/fr\/es\/#\/schema\/logo\/image\/","url":"https:\/\/www.itakaescolapios.org\/wp-content\/uploads\/2024\/04\/Logo-itakaescolapios-peque.png","contentUrl":"https:\/\/www.itakaescolapios.org\/wp-content\/uploads\/2024\/04\/Logo-itakaescolapios-peque.png","width":500,"height":199,"caption":"Fundaci\u00f3 Itaka-Escolapios"},"image":{"@id":"https:\/\/www.itakaescolapios.org\/fr\/es\/#\/schema\/logo\/image\/"}},{"@type":"Person","@id":"https:\/\/www.itakaescolapios.org\/es\/#\/schema\/person\/d2844383e29bfdfef69039672ce14eb1","name":"cameroun01","url":"https:\/\/www.itakaescolapios.org\/fr\/author\/cameroun01\/"}]}},"_links":{"self":[{"href":"https:\/\/www.itakaescolapios.org\/fr\/wp-json\/wp\/v2\/posts\/8997","targetHints":{"allow":["GET"]}}],"collection":[{"href":"https:\/\/www.itakaescolapios.org\/fr\/wp-json\/wp\/v2\/posts"}],"about":[{"href":"https:\/\/www.itakaescolapios.org\/fr\/wp-json\/wp\/v2\/types\/post"}],"author":[{"embeddable":true,"href":"https:\/\/www.itakaescolapios.org\/fr\/wp-json\/wp\/v2\/users\/15"}],"replies":[{"embeddable":true,"href":"https:\/\/www.itakaescolapios.org\/fr\/wp-json\/wp\/v2\/comments?post=8997"}],"version-history":[{"count":4,"href":"https:\/\/www.itakaescolapios.org\/fr\/wp-json\/wp\/v2\/posts\/8997\/revisions"}],"predecessor-version":[{"id":49108,"href":"https:\/\/www.itakaescolapios.org\/fr\/wp-json\/wp\/v2\/posts\/8997\/revisions\/49108"}],"wp:featuredmedia":[{"embeddable":true,"href":"https:\/\/www.itakaescolapios.org\/fr\/wp-json\/wp\/v2\/media\/9007"}],"wp:attachment":[{"href":"https:\/\/www.itakaescolapios.org\/fr\/wp-json\/wp\/v2\/media?parent=8997"}],"wp:term":[{"taxonomy":"category","embeddable":true,"href":"https:\/\/www.itakaescolapios.org\/fr\/wp-json\/wp\/v2\/categories?post=8997"},{"taxonomy":"post_tag","embeddable":true,"href":"https:\/\/www.itakaescolapios.org\/fr\/wp-json\/wp\/v2\/tags?post=8997"}],"curies":[{"name":"wp","href":"https:\/\/api.w.org\/{rel}","templated":true}]}}