{"id":9119,"date":"2014-03-31T09:15:02","date_gmt":"2014-03-31T08:15:02","guid":{"rendered":"https:\/\/www.itakaescolapios.org\/?p=9119"},"modified":"2023-11-28T12:39:04","modified_gmt":"2023-11-28T11:39:04","slug":"curso-de-promocion-de-voluntariado","status":"publish","type":"post","link":"https:\/\/www.itakaescolapios.org\/fr\/2014\/03\/curso-de-promocion-de-voluntariado\/","title":{"rendered":"CURSO DE PROMOCI\u00d3N DE VOLUNTARIADO"},"content":{"rendered":"<p style=\"text-align: justify\">Este fin de semana 22 j\u00f3venes de segundo de Bachiller de los colegios de Calasanz (Valencia) y Gand\u00eda se han dado cita en el colegio de la Malvarrosa para asistir a las CPV (Curso de Promoci\u00f3n del Voluntariado). Durante estas jornadas los chavales han recibido una invitaci\u00f3n a \u201cmirar m\u00e1s all\u00e1 de su ombligo\u201d, siguiendo el lema de este a\u00f1o, para poder acercarse a la realidad social tanto global como cercana y ver la respuesta que desde Itaka-Escolapios proponemos ante la injusticia y la desigualdad.<\/p>\n<p style=\"text-align: justify\">El s\u00e1bado nos acercamos a las desigualdades que existen en el mundo y analizamos las causas de la pobreza y la exclusi\u00f3n social. A trav\u00e9s de varias din\u00e1micas, v\u00eddeos y charlas reflexionamos sobre las diferencias que existen en el mundo y en nuestra propia sociedad. Como respuesta ante esa situaci\u00f3n, presentamos la figura del voluntario.<\/p>\n<p style=\"text-align: justify\">El domingo fuimos definiendo las caracter\u00edsticas de un voluntariado escolapio y que apuesta por la promoci\u00f3n de los ni\u00f1os y j\u00f3venes y por un cambio estructural de la sociedad. Al final, se les ofreci\u00f3 la experiencia de verano de realizar un Campo de Trabajo en Valencia para vivir en primera persona todo lo aprendido.<\/p>\n","protected":false},"excerpt":{"rendered":"<p>Este fin de semana 22 j\u00f3venes de segundo de Bachiller de los colegios de Calasanz (Valencia) y Gand\u00eda se han dado cita en el colegio de la Malvarrosa para asistir [&hellip;]<\/p>\n","protected":false},"author":39,"featured_media":9120,"comment_status":"closed","ping_status":"closed","sticky":false,"template":"","format":"standard","meta":{"_et_pb_use_builder":"","_et_pb_old_content":"","_et_gb_content_width":"","footnotes":""},"categories":[12],"tags":[],"class_list":["post-9119","post","type-post","status-publish","format-standard","has-post-thumbnail","hentry","category-valencia"],"yoast_head":"<!-- This site is optimized with the Yoast SEO plugin v27.4 - https:\/\/yoast.com\/product\/yoast-seo-wordpress\/ -->\n<title>CURSO DE PROMOCI\u00d3N DE VOLUNTARIADO<\/title>\n<meta name=\"description\" content=\"Este fin de semana 22 j\u00f3venes de segundo de Bachiller de los colegios de Calasanz (Valencia) y Gand\u00eda se han dado cita en el colegio de la Malvarrosa para asistir a las CPV (Curso de Promoci\u00f3n del Voluntariado). Durante estas jornadas los chavales han recibido una invitaci\u00f3n a \u201cmirar m\u00e1s all\u00e1 de su ombligo\u201d, siguiendo\u2026\" \/>\n<meta name=\"robots\" content=\"index, follow, max-snippet:-1, max-image-preview:large, max-video-preview:-1\" \/>\n<link rel=\"canonical\" href=\"http:\/\/Este%20fin%20de%20semana%2022%20j\u00f3venes%20de%20segundo%20de%20Bachiller%20de%20los%20colegios%20de%20Calasanz%20(Valencia)%20y%20Gand\u00eda%20se%20han%20dado%20cita%20en%20el%20colegio%20de%20la%20Malvarrosa%20para%20asistir%20a%20las%20CPV%20(Curso%20de%20Promoci\u00f3n%20del%20Voluntariado).%20Durante%20estas%20jornadas%20los%20chavales%20han%20recibido%20una%20invitaci\u00f3n%20a%20\u201cmirar%20m\u00e1s%20all\u00e1%20de%20su%20ombligo\u201d,%20siguiendo\u2026\" \/>\n<meta property=\"og:locale\" content=\"fr_FR\" \/>\n<meta property=\"og:type\" content=\"article\" \/>\n<meta property=\"og:title\" content=\"CURSO DE PROMOCI\u00d3N DE VOLUNTARIADO\" \/>\n<meta property=\"og:description\" content=\"Este fin de semana 22 j\u00f3venes de segundo de Bachiller de los colegios de Calasanz (Valencia) y Gand\u00eda se han dado cita en el colegio de la Malvarrosa para asistir a las CPV (Curso de Promoci\u00f3n del Voluntariado). Durante estas jornadas los chavales han recibido una invitaci\u00f3n a \u201cmirar m\u00e1s all\u00e1 de su ombligo\u201d, siguiendo\u2026\" \/>\n<meta property=\"og:url\" content=\"https:\/\/www.itakaescolapios.org\/fr\/2014\/03\/curso-de-promocion-de-voluntariado\/\" \/>\n<meta property=\"og:site_name\" content=\"Itaka-Escolapios\" \/>\n<meta property=\"article:published_time\" content=\"2014-03-31T08:15:02+00:00\" \/>\n<meta property=\"article:modified_time\" content=\"2023-11-28T11:39:04+00:00\" \/>\n<meta property=\"og:image\" content=\"https:\/\/www.itakaescolapios.org\/wp-content\/uploads\/2014\/03\/140330-cpv.jpg\" \/>\n\t<meta property=\"og:image:width\" content=\"800\" \/>\n\t<meta property=\"og:image:height\" content=\"600\" \/>\n\t<meta property=\"og:image:type\" content=\"image\/jpeg\" \/>\n<meta name=\"author\" content=\"valencia01\" \/>\n<meta name=\"twitter:card\" content=\"summary_large_image\" \/>\n<meta name=\"twitter:label1\" content=\"\u00c9crit par\" \/>\n\t<meta name=\"twitter:data1\" content=\"valencia01\" \/>\n\t<meta name=\"twitter:label2\" content=\"Dur\u00e9e de lecture estim\u00e9e\" \/>\n\t<meta name=\"twitter:data2\" content=\"1 minute\" \/>\n<script type=\"application\/ld+json\" class=\"yoast-schema-graph\">{\"@context\":\"https:\\\/\\\/schema.org\",\"@graph\":[{\"@type\":\"Article\",\"@id\":\"https:\\\/\\\/www.itakaescolapios.org\\\/fr\\\/2014\\\/03\\\/curso-de-promocion-de-voluntariado\\\/#article\",\"isPartOf\":{\"@id\":\"https:\\\/\\\/www.itakaescolapios.org\\\/fr\\\/2014\\\/03\\\/curso-de-promocion-de-voluntariado\\\/\"},\"author\":{\"name\":\"valencia01\",\"@id\":\"https:\\\/\\\/www.itakaescolapios.org\\\/es\\\/#\\\/schema\\\/person\\\/c232ccaa2b3f2e98db93c1f8dfca96ff\"},\"headline\":\"CURSO DE PROMOCI\u00d3N DE VOLUNTARIADO\",\"datePublished\":\"2014-03-31T08:15:02+00:00\",\"dateModified\":\"2023-11-28T11:39:04+00:00\",\"mainEntityOfPage\":{\"@id\":\"https:\\\/\\\/www.itakaescolapios.org\\\/fr\\\/2014\\\/03\\\/curso-de-promocion-de-voluntariado\\\/\"},\"wordCount\":215,\"publisher\":{\"@id\":\"https:\\\/\\\/www.itakaescolapios.org\\\/es\\\/#organization\"},\"image\":{\"@id\":\"https:\\\/\\\/www.itakaescolapios.org\\\/fr\\\/2014\\\/03\\\/curso-de-promocion-de-voluntariado\\\/#primaryimage\"},\"thumbnailUrl\":\"https:\\\/\\\/www.itakaescolapios.org\\\/wp-content\\\/uploads\\\/2014\\\/03\\\/140330-cpv.jpg\",\"articleSection\":[\"Valencia\"],\"inLanguage\":\"fr-FR\"},{\"@type\":\"WebPage\",\"@id\":\"https:\\\/\\\/www.itakaescolapios.org\\\/fr\\\/2014\\\/03\\\/curso-de-promocion-de-voluntariado\\\/\",\"url\":\"https:\\\/\\\/www.itakaescolapios.org\\\/fr\\\/2014\\\/03\\\/curso-de-promocion-de-voluntariado\\\/\",\"name\":\"CURSO DE PROMOCI\u00d3N DE VOLUNTARIADO - Itaka-Escolapios\",\"isPartOf\":{\"@id\":\"https:\\\/\\\/www.itakaescolapios.org\\\/es\\\/#website\"},\"primaryImageOfPage\":{\"@id\":\"https:\\\/\\\/www.itakaescolapios.org\\\/fr\\\/2014\\\/03\\\/curso-de-promocion-de-voluntariado\\\/#primaryimage\"},\"image\":{\"@id\":\"https:\\\/\\\/www.itakaescolapios.org\\\/fr\\\/2014\\\/03\\\/curso-de-promocion-de-voluntariado\\\/#primaryimage\"},\"thumbnailUrl\":\"https:\\\/\\\/www.itakaescolapios.org\\\/wp-content\\\/uploads\\\/2014\\\/03\\\/140330-cpv.jpg\",\"datePublished\":\"2014-03-31T08:15:02+00:00\",\"dateModified\":\"2023-11-28T11:39:04+00:00\",\"breadcrumb\":{\"@id\":\"https:\\\/\\\/www.itakaescolapios.org\\\/fr\\\/2014\\\/03\\\/curso-de-promocion-de-voluntariado\\\/#breadcrumb\"},\"inLanguage\":\"fr-FR\",\"potentialAction\":[{\"@type\":\"ReadAction\",\"target\":[\"https:\\\/\\\/www.itakaescolapios.org\\\/fr\\\/2014\\\/03\\\/curso-de-promocion-de-voluntariado\\\/\"]}]},{\"@type\":\"ImageObject\",\"inLanguage\":\"fr-FR\",\"@id\":\"https:\\\/\\\/www.itakaescolapios.org\\\/fr\\\/2014\\\/03\\\/curso-de-promocion-de-voluntariado\\\/#primaryimage\",\"url\":\"https:\\\/\\\/www.itakaescolapios.org\\\/wp-content\\\/uploads\\\/2014\\\/03\\\/140330-cpv.jpg\",\"contentUrl\":\"https:\\\/\\\/www.itakaescolapios.org\\\/wp-content\\\/uploads\\\/2014\\\/03\\\/140330-cpv.jpg\",\"width\":800,\"height\":600},{\"@type\":\"BreadcrumbList\",\"@id\":\"https:\\\/\\\/www.itakaescolapios.org\\\/fr\\\/2014\\\/03\\\/curso-de-promocion-de-voluntariado\\\/#breadcrumb\",\"itemListElement\":[{\"@type\":\"ListItem\",\"position\":1,\"name\":\"Itaka-Escolapios\",\"item\":\"https:\\\/\\\/www.itakaescolapios.org\\\/es\\\/\"},{\"@type\":\"ListItem\",\"position\":2,\"name\":\"CURSO DE PROMOCI\u00d3N DE VOLUNTARIADO\"}]},{\"@type\":\"WebSite\",\"@id\":\"https:\\\/\\\/www.itakaescolapios.org\\\/fr\\\/es\\\/#website\",\"url\":\"https:\\\/\\\/www.itakaescolapios.org\\\/fr\\\/es\\\/\",\"name\":\"Itaka-Escolapios\",\"description\":\"Red de Itaka-Escolapios\",\"publisher\":{\"@id\":\"https:\\\/\\\/www.itakaescolapios.org\\\/fr\\\/es\\\/#organization\"},\"potentialAction\":[{\"@type\":\"SearchAction\",\"target\":{\"@type\":\"EntryPoint\",\"urlTemplate\":\"https:\\\/\\\/www.itakaescolapios.org\\\/fr\\\/es\\\/?s={search_term_string}\"},\"query-input\":{\"@type\":\"PropertyValueSpecification\",\"valueRequired\":true,\"valueName\":\"search_term_string\"}}],\"inLanguage\":\"fr-FR\"},{\"@type\":\"Organization\",\"@id\":\"https:\\\/\\\/www.itakaescolapios.org\\\/fr\\\/es\\\/#organization\",\"name\":\"Fundaci\u00f3 Itaka-Escolapios\",\"url\":\"https:\\\/\\\/www.itakaescolapios.org\\\/fr\\\/es\\\/\",\"logo\":{\"@type\":\"ImageObject\",\"inLanguage\":\"fr-FR\",\"@id\":\"https:\\\/\\\/www.itakaescolapios.org\\\/fr\\\/es\\\/#\\\/schema\\\/logo\\\/image\\\/\",\"url\":\"https:\\\/\\\/www.itakaescolapios.org\\\/wp-content\\\/uploads\\\/2024\\\/04\\\/Logo-itakaescolapios-peque.png\",\"contentUrl\":\"https:\\\/\\\/www.itakaescolapios.org\\\/wp-content\\\/uploads\\\/2024\\\/04\\\/Logo-itakaescolapios-peque.png\",\"width\":500,\"height\":199,\"caption\":\"Fundaci\u00f3 Itaka-Escolapios\"},\"image\":{\"@id\":\"https:\\\/\\\/www.itakaescolapios.org\\\/fr\\\/es\\\/#\\\/schema\\\/logo\\\/image\\\/\"}},{\"@type\":\"Person\",\"@id\":\"https:\\\/\\\/www.itakaescolapios.org\\\/es\\\/#\\\/schema\\\/person\\\/c232ccaa2b3f2e98db93c1f8dfca96ff\",\"name\":\"valencia01\",\"url\":\"https:\\\/\\\/www.itakaescolapios.org\\\/fr\\\/author\\\/valencia01\\\/\"}]}<\/script>\n<!-- \/ Yoast SEO plugin. -->","yoast_head_json":{"title":"CURSO DE PROMOCI\u00d3N DE VOLUNTARIADO","description":"Este fin de semana 22 j\u00f3venes de segundo de Bachiller de los colegios de Calasanz (Valencia) y Gand\u00eda se han dado cita en el colegio de la Malvarrosa para asistir a las CPV (Curso de Promoci\u00f3n del Voluntariado). Durante estas jornadas los chavales han recibido una invitaci\u00f3n a \u201cmirar m\u00e1s all\u00e1 de su ombligo\u201d, siguiendo\u2026","robots":{"index":"index","follow":"follow","max-snippet":"max-snippet:-1","max-image-preview":"max-image-preview:large","max-video-preview":"max-video-preview:-1"},"canonical":"Este fin de semana 22 j\u00f3venes de segundo de Bachiller de los colegios de Calasanz (Valencia) y Gand\u00eda se han dado cita en el colegio de la Malvarrosa para asistir a las CPV (Curso de Promoci\u00f3n del Voluntariado). Durante estas jornadas los chavales han recibido una invitaci\u00f3n a \u201cmirar m\u00e1s all\u00e1 de su ombligo\u201d, siguiendo\u2026","og_locale":"fr_FR","og_type":"article","og_title":"CURSO DE PROMOCI\u00d3N DE VOLUNTARIADO","og_description":"Este fin de semana 22 j\u00f3venes de segundo de Bachiller de los colegios de Calasanz (Valencia) y Gand\u00eda se han dado cita en el colegio de la Malvarrosa para asistir a las CPV (Curso de Promoci\u00f3n del Voluntariado). Durante estas jornadas los chavales han recibido una invitaci\u00f3n a \u201cmirar m\u00e1s all\u00e1 de su ombligo\u201d, siguiendo\u2026","og_url":"https:\/\/www.itakaescolapios.org\/fr\/2014\/03\/curso-de-promocion-de-voluntariado\/","og_site_name":"Itaka-Escolapios","article_published_time":"2014-03-31T08:15:02+00:00","article_modified_time":"2023-11-28T11:39:04+00:00","og_image":[{"width":800,"height":600,"url":"https:\/\/www.itakaescolapios.org\/wp-content\/uploads\/2014\/03\/140330-cpv.jpg","type":"image\/jpeg"}],"author":"valencia01","twitter_card":"summary_large_image","twitter_misc":{"\u00c9crit par":"valencia01","Dur\u00e9e de lecture estim\u00e9e":"1 minute"},"schema":{"@context":"https:\/\/schema.org","@graph":[{"@type":"Article","@id":"https:\/\/www.itakaescolapios.org\/fr\/2014\/03\/curso-de-promocion-de-voluntariado\/#article","isPartOf":{"@id":"https:\/\/www.itakaescolapios.org\/fr\/2014\/03\/curso-de-promocion-de-voluntariado\/"},"author":{"name":"valencia01","@id":"https:\/\/www.itakaescolapios.org\/es\/#\/schema\/person\/c232ccaa2b3f2e98db93c1f8dfca96ff"},"headline":"CURSO DE PROMOCI\u00d3N DE VOLUNTARIADO","datePublished":"2014-03-31T08:15:02+00:00","dateModified":"2023-11-28T11:39:04+00:00","mainEntityOfPage":{"@id":"https:\/\/www.itakaescolapios.org\/fr\/2014\/03\/curso-de-promocion-de-voluntariado\/"},"wordCount":215,"publisher":{"@id":"https:\/\/www.itakaescolapios.org\/es\/#organization"},"image":{"@id":"https:\/\/www.itakaescolapios.org\/fr\/2014\/03\/curso-de-promocion-de-voluntariado\/#primaryimage"},"thumbnailUrl":"https:\/\/www.itakaescolapios.org\/wp-content\/uploads\/2014\/03\/140330-cpv.jpg","articleSection":["Valencia"],"inLanguage":"fr-FR"},{"@type":"WebPage","@id":"https:\/\/www.itakaescolapios.org\/fr\/2014\/03\/curso-de-promocion-de-voluntariado\/","url":"https:\/\/www.itakaescolapios.org\/fr\/2014\/03\/curso-de-promocion-de-voluntariado\/","name":"CURSO DE PROMOCI\u00d3N DE VOLUNTARIADO - Itaka-Escolapios","isPartOf":{"@id":"https:\/\/www.itakaescolapios.org\/es\/#website"},"primaryImageOfPage":{"@id":"https:\/\/www.itakaescolapios.org\/fr\/2014\/03\/curso-de-promocion-de-voluntariado\/#primaryimage"},"image":{"@id":"https:\/\/www.itakaescolapios.org\/fr\/2014\/03\/curso-de-promocion-de-voluntariado\/#primaryimage"},"thumbnailUrl":"https:\/\/www.itakaescolapios.org\/wp-content\/uploads\/2014\/03\/140330-cpv.jpg","datePublished":"2014-03-31T08:15:02+00:00","dateModified":"2023-11-28T11:39:04+00:00","breadcrumb":{"@id":"https:\/\/www.itakaescolapios.org\/fr\/2014\/03\/curso-de-promocion-de-voluntariado\/#breadcrumb"},"inLanguage":"fr-FR","potentialAction":[{"@type":"ReadAction","target":["https:\/\/www.itakaescolapios.org\/fr\/2014\/03\/curso-de-promocion-de-voluntariado\/"]}]},{"@type":"ImageObject","inLanguage":"fr-FR","@id":"https:\/\/www.itakaescolapios.org\/fr\/2014\/03\/curso-de-promocion-de-voluntariado\/#primaryimage","url":"https:\/\/www.itakaescolapios.org\/wp-content\/uploads\/2014\/03\/140330-cpv.jpg","contentUrl":"https:\/\/www.itakaescolapios.org\/wp-content\/uploads\/2014\/03\/140330-cpv.jpg","width":800,"height":600},{"@type":"BreadcrumbList","@id":"https:\/\/www.itakaescolapios.org\/fr\/2014\/03\/curso-de-promocion-de-voluntariado\/#breadcrumb","itemListElement":[{"@type":"ListItem","position":1,"name":"Itaka-Escolapios","item":"https:\/\/www.itakaescolapios.org\/es\/"},{"@type":"ListItem","position":2,"name":"CURSO DE PROMOCI\u00d3N DE VOLUNTARIADO"}]},{"@type":"WebSite","@id":"https:\/\/www.itakaescolapios.org\/fr\/es\/#website","url":"https:\/\/www.itakaescolapios.org\/fr\/es\/","name":"Itaka-Escolapios","description":"Red de Itaka-Escolapios","publisher":{"@id":"https:\/\/www.itakaescolapios.org\/fr\/es\/#organization"},"potentialAction":[{"@type":"SearchAction","target":{"@type":"EntryPoint","urlTemplate":"https:\/\/www.itakaescolapios.org\/fr\/es\/?s={search_term_string}"},"query-input":{"@type":"PropertyValueSpecification","valueRequired":true,"valueName":"search_term_string"}}],"inLanguage":"fr-FR"},{"@type":"Organization","@id":"https:\/\/www.itakaescolapios.org\/fr\/es\/#organization","name":"Fundaci\u00f3 Itaka-Escolapios","url":"https:\/\/www.itakaescolapios.org\/fr\/es\/","logo":{"@type":"ImageObject","inLanguage":"fr-FR","@id":"https:\/\/www.itakaescolapios.org\/fr\/es\/#\/schema\/logo\/image\/","url":"https:\/\/www.itakaescolapios.org\/wp-content\/uploads\/2024\/04\/Logo-itakaescolapios-peque.png","contentUrl":"https:\/\/www.itakaescolapios.org\/wp-content\/uploads\/2024\/04\/Logo-itakaescolapios-peque.png","width":500,"height":199,"caption":"Fundaci\u00f3 Itaka-Escolapios"},"image":{"@id":"https:\/\/www.itakaescolapios.org\/fr\/es\/#\/schema\/logo\/image\/"}},{"@type":"Person","@id":"https:\/\/www.itakaescolapios.org\/es\/#\/schema\/person\/c232ccaa2b3f2e98db93c1f8dfca96ff","name":"valencia01","url":"https:\/\/www.itakaescolapios.org\/fr\/author\/valencia01\/"}]}},"_links":{"self":[{"href":"https:\/\/www.itakaescolapios.org\/fr\/wp-json\/wp\/v2\/posts\/9119","targetHints":{"allow":["GET"]}}],"collection":[{"href":"https:\/\/www.itakaescolapios.org\/fr\/wp-json\/wp\/v2\/posts"}],"about":[{"href":"https:\/\/www.itakaescolapios.org\/fr\/wp-json\/wp\/v2\/types\/post"}],"author":[{"embeddable":true,"href":"https:\/\/www.itakaescolapios.org\/fr\/wp-json\/wp\/v2\/users\/39"}],"replies":[{"embeddable":true,"href":"https:\/\/www.itakaescolapios.org\/fr\/wp-json\/wp\/v2\/comments?post=9119"}],"version-history":[{"count":3,"href":"https:\/\/www.itakaescolapios.org\/fr\/wp-json\/wp\/v2\/posts\/9119\/revisions"}],"predecessor-version":[{"id":49089,"href":"https:\/\/www.itakaescolapios.org\/fr\/wp-json\/wp\/v2\/posts\/9119\/revisions\/49089"}],"wp:featuredmedia":[{"embeddable":true,"href":"https:\/\/www.itakaescolapios.org\/fr\/wp-json\/wp\/v2\/media\/9120"}],"wp:attachment":[{"href":"https:\/\/www.itakaescolapios.org\/fr\/wp-json\/wp\/v2\/media?parent=9119"}],"wp:term":[{"taxonomy":"category","embeddable":true,"href":"https:\/\/www.itakaescolapios.org\/fr\/wp-json\/wp\/v2\/categories?post=9119"},{"taxonomy":"post_tag","embeddable":true,"href":"https:\/\/www.itakaescolapios.org\/fr\/wp-json\/wp\/v2\/tags?post=9119"}],"curies":[{"name":"wp","href":"https:\/\/api.w.org\/{rel}","templated":true}]}}