{"id":9624,"date":"2014-07-02T19:40:56","date_gmt":"2014-07-02T18:40:56","guid":{"rendered":"https:\/\/www.itakaescolapios.org\/?p=9624"},"modified":"2023-11-28T12:39:00","modified_gmt":"2023-11-28T11:39:00","slug":"concretando-mas-el-congreso-internacional-de-educacion-en-anzaldo","status":"publish","type":"post","link":"https:\/\/www.itakaescolapios.org\/fr\/2014\/07\/concretando-mas-el-congreso-internacional-de-educacion-en-anzaldo\/","title":{"rendered":"CONCRETANDO MAS EL CONGRESO INTERNACIONAL DE EDUCACI\u00d3N EN ANZALDO."},"content":{"rendered":"<p>El Congreso Internacional de Educaci\u00f3n se acerca y los preparativos se aceleran. Confirmamos ya algunas de las personas que nos acompa\u00f1ar\u00e1n en estos d\u00edas de reflexi\u00f3n compartida e intercambio de experiencias.<br \/>\n<b>En las conferencias<\/b>:<\/p>\n<p><b>\u2022 D\u00eda 10:<\/b> Roberto Aguilar (Ministro de Educaci\u00f3n).<br \/>\n<b>\u2022 D\u00eda 11:<\/b> Rub\u00e9n Ust\u00e1riz (Rector Normal Sim\u00f3n Rodr\u00edguez y Coordinador Departamental de Profocom &#8211; Cochabamba).<br \/>\n<b>a 12:<\/b> Rosa Mar\u00eda Torres: Pedagoga, ling\u00fcista, periodista educativa, activista social. Investigadora y asesora internacional en temas de educaci\u00f3n, cultura escrita, innovaci\u00f3n educativa, y aprendizaje a lo largo de la vida. Ex-Ministra de Educaci\u00f3n y Culturas de Ecuador. Coordinadora del Pronunciamiento Latinoamericano por una Educaci\u00f3n para Todos.<br \/>\n<b>\u2022 D\u00eda 12:<\/b> Gin\u00e9s del Castillo y Nancy Cecilia Giudici: fundadores y director de la escuela alternativa La Cecilia (Santa Fe, Argentina), con m\u00e1s de 20 a\u00f1os de funcionamiento y reconocida oficialmente por el Ministerio de Educaci\u00f3n de Argentina.<br \/>\n<b><br \/>\nEn los talleres:<\/b><br \/>\n<b>1 COPEHU (Cochabamba):<\/b> Corriente Pedag\u00f3gica Humanista Universalista: \u201cLas 5 llaves del aprendizaje &#8211; Pedagog\u00eda de la Intencionalidad\u00a0\u00bb<br \/>\n<b>2 COPEHU (Chile):<\/b> \u00ab\u00a0Pr\u00e1cticas de Autoliberaci\u00f3n\u00a0\u00bb del Humanismo Universalista.<br \/>\n<b>3 LESMES (Cochabamba<\/b>): M\u00e9todo innovador de lectoescritura y matem\u00e1tica para primaria.<br \/>\n<b>4 PEDAGOG\u00cdA DE PROYECTOS (Cochabamba):<\/b> Proyectos de investigaci\u00f3n y producci\u00f3n con estudiantes priorizando su autonom\u00eda y protagonismo (Colegio P. Poveda).<br \/>\n<b>5 ASOC. AGUAYO (Copacabana):<\/b> Experiencia de trabajo educativo a trav\u00e9s del arte en: Teatro, Danza, Audiovisual, Fotograf\u00eda, Literatura\u2026<br \/>\n<b>6 LA CECILIA (Argentina):<\/b> Escuela alternativa con m\u00e1s de 20 a\u00f1os de funcionamiento y reconocida oficialmente por el Ministerio de Educaci\u00f3n de Argentina.<br \/>\n<b>7 RED ESCOLAPIA DE EDUCACI\u00d3N (Anzaldo<\/b>): Resoluci\u00f3n de conflictos en el ambiente escolar y formaci\u00f3n de un Equipo de Mediaci\u00f3n de Conflictos.<br \/>\n<b>8 INSTITUCI\u00d3N TERESIANA (Cochabamba):<\/b> Trabajo con las familias desde la educaci\u00f3n alternativa.<br \/>\n<b>9 CERPI (El Alto):<\/b> Dificultades de aprendizaje.<br \/>\n<b>10 YACHAY TINKUY<\/b> (Cochabamba): Derechos Humanos y ciudadan\u00eda en la educaci\u00f3n<br \/>\n<b>11 C.E. FLOR DE MONTA\u00d1A<\/b> (Samaipata): El reto de construir una escuela del siglo XXI.<br \/>\nHay todav\u00eda alg\u00fan otro taller aguardando confirmaci\u00f3n.<\/p>\n","protected":false},"excerpt":{"rendered":"<p>El Congreso Internacional de Educaci\u00f3n se acerca y los preparativos se aceleran. Confirmamos ya algunas de las personas que nos acompa\u00f1ar\u00e1n en estos d\u00edas de reflexi\u00f3n compartida e intercambio de [&hellip;]<\/p>\n","protected":false},"author":7,"featured_media":9626,"comment_status":"closed","ping_status":"closed","sticky":false,"template":"","format":"standard","meta":{"_et_pb_use_builder":"","_et_pb_old_content":"","_et_gb_content_width":"","footnotes":""},"categories":[15],"tags":[],"class_list":["post-9624","post","type-post","status-publish","format-standard","has-post-thumbnail","hentry","category-bolivia"],"yoast_head":"<!-- This site is optimized with the Yoast SEO plugin v27.4 - https:\/\/yoast.com\/product\/yoast-seo-wordpress\/ -->\n<title>CONCRETANDO MAS EL CONGRESO INTERNACIONAL DE EDUCACI\u00d3N EN ANZALDO.<\/title>\n<meta name=\"description\" content=\"El Congreso Internacional de Educaci\u00f3n se acerca y los preparativos se aceleran. Confirmamos ya algunas de las personas que nos acompa\u00f1ar\u00e1n en estos d\u00edas de reflexi\u00f3n compartida e intercambio de experiencias. En las conferencias: \u2022 D\u00eda 10: Roberto Aguilar (Ministro de Educaci\u00f3n). \u2022 D\u00eda 11: Rub\u00e9n Ust\u00e1riz (Rector Normal Sim\u00f3n Rodr\u00edguez y Coordinador Departamental de\u2026\" \/>\n<meta name=\"robots\" content=\"index, follow, max-snippet:-1, max-image-preview:large, max-video-preview:-1\" \/>\n<link rel=\"canonical\" href=\"\" \/>\n<meta property=\"og:locale\" content=\"fr_FR\" \/>\n<meta property=\"og:type\" content=\"article\" \/>\n<meta property=\"og:title\" content=\"CONCRETANDO MAS EL CONGRESO INTERNACIONAL DE EDUCACI\u00d3N EN ANZALDO.\" \/>\n<meta property=\"og:description\" content=\"El Congreso Internacional de Educaci\u00f3n se acerca y los preparativos se aceleran. Confirmamos ya algunas de las personas que nos acompa\u00f1ar\u00e1n en estos d\u00edas de reflexi\u00f3n compartida e intercambio de experiencias. En las conferencias: \u2022 D\u00eda 10: Roberto Aguilar (Ministro de Educaci\u00f3n). \u2022 D\u00eda 11: Rub\u00e9n Ust\u00e1riz (Rector Normal Sim\u00f3n Rodr\u00edguez y Coordinador Departamental de\u2026\" \/>\n<meta property=\"og:url\" content=\"https:\/\/www.itakaescolapios.org\/fr\/2014\/07\/concretando-mas-el-congreso-internacional-de-educacion-en-anzaldo\/\" \/>\n<meta property=\"og:site_name\" content=\"Itaka-Escolapios\" \/>\n<meta property=\"article:published_time\" content=\"2014-07-02T18:40:56+00:00\" \/>\n<meta property=\"article:modified_time\" content=\"2023-11-28T11:39:00+00:00\" \/>\n<meta property=\"og:image\" content=\"https:\/\/www.itakaescolapios.org\/wp-content\/uploads\/2014\/07\/Sin-t\u00edtulo-copia1.jpg\" \/>\n\t<meta property=\"og:image:width\" content=\"557\" \/>\n\t<meta property=\"og:image:height\" content=\"803\" \/>\n\t<meta property=\"og:image:type\" content=\"image\/jpeg\" \/>\n<meta name=\"author\" content=\"bolivia01\" \/>\n<meta name=\"twitter:card\" content=\"summary_large_image\" \/>\n<meta name=\"twitter:label1\" content=\"\u00c9crit par\" \/>\n\t<meta name=\"twitter:data1\" content=\"bolivia01\" \/>\n\t<meta name=\"twitter:label2\" content=\"Dur\u00e9e de lecture estim\u00e9e\" \/>\n\t<meta name=\"twitter:data2\" content=\"2 minutes\" \/>\n<script type=\"application\/ld+json\" class=\"yoast-schema-graph\">{\"@context\":\"https:\\\/\\\/schema.org\",\"@graph\":[{\"@type\":\"Article\",\"@id\":\"https:\\\/\\\/www.itakaescolapios.org\\\/fr\\\/2014\\\/07\\\/concretando-mas-el-congreso-internacional-de-educacion-en-anzaldo\\\/#article\",\"isPartOf\":{\"@id\":\"https:\\\/\\\/www.itakaescolapios.org\\\/fr\\\/2014\\\/07\\\/concretando-mas-el-congreso-internacional-de-educacion-en-anzaldo\\\/\"},\"author\":{\"name\":\"bolivia01\",\"@id\":\"https:\\\/\\\/www.itakaescolapios.org\\\/es\\\/#\\\/schema\\\/person\\\/141b7734ef7c6eadcc0fefeb0614c94a\"},\"headline\":\"CONCRETANDO MAS EL CONGRESO INTERNACIONAL DE EDUCACI\u00d3N EN ANZALDO.\",\"datePublished\":\"2014-07-02T18:40:56+00:00\",\"dateModified\":\"2023-11-28T11:39:00+00:00\",\"mainEntityOfPage\":{\"@id\":\"https:\\\/\\\/www.itakaescolapios.org\\\/fr\\\/2014\\\/07\\\/concretando-mas-el-congreso-internacional-de-educacion-en-anzaldo\\\/\"},\"wordCount\":359,\"publisher\":{\"@id\":\"https:\\\/\\\/www.itakaescolapios.org\\\/es\\\/#organization\"},\"image\":{\"@id\":\"https:\\\/\\\/www.itakaescolapios.org\\\/fr\\\/2014\\\/07\\\/concretando-mas-el-congreso-internacional-de-educacion-en-anzaldo\\\/#primaryimage\"},\"thumbnailUrl\":\"https:\\\/\\\/www.itakaescolapios.org\\\/wp-content\\\/uploads\\\/2014\\\/07\\\/Sin-t\u00edtulo-copia1.jpg\",\"articleSection\":[\"Bolivia\"],\"inLanguage\":\"fr-FR\"},{\"@type\":\"WebPage\",\"@id\":\"https:\\\/\\\/www.itakaescolapios.org\\\/fr\\\/2014\\\/07\\\/concretando-mas-el-congreso-internacional-de-educacion-en-anzaldo\\\/\",\"url\":\"https:\\\/\\\/www.itakaescolapios.org\\\/fr\\\/2014\\\/07\\\/concretando-mas-el-congreso-internacional-de-educacion-en-anzaldo\\\/\",\"name\":\"CONCRETANDO MAS EL CONGRESO INTERNACIONAL DE EDUCACI\u00d3N EN ANZALDO. - Itaka-Escolapios\",\"isPartOf\":{\"@id\":\"https:\\\/\\\/www.itakaescolapios.org\\\/es\\\/#website\"},\"primaryImageOfPage\":{\"@id\":\"https:\\\/\\\/www.itakaescolapios.org\\\/fr\\\/2014\\\/07\\\/concretando-mas-el-congreso-internacional-de-educacion-en-anzaldo\\\/#primaryimage\"},\"image\":{\"@id\":\"https:\\\/\\\/www.itakaescolapios.org\\\/fr\\\/2014\\\/07\\\/concretando-mas-el-congreso-internacional-de-educacion-en-anzaldo\\\/#primaryimage\"},\"thumbnailUrl\":\"https:\\\/\\\/www.itakaescolapios.org\\\/wp-content\\\/uploads\\\/2014\\\/07\\\/Sin-t\u00edtulo-copia1.jpg\",\"datePublished\":\"2014-07-02T18:40:56+00:00\",\"dateModified\":\"2023-11-28T11:39:00+00:00\",\"breadcrumb\":{\"@id\":\"https:\\\/\\\/www.itakaescolapios.org\\\/fr\\\/2014\\\/07\\\/concretando-mas-el-congreso-internacional-de-educacion-en-anzaldo\\\/#breadcrumb\"},\"inLanguage\":\"fr-FR\",\"potentialAction\":[{\"@type\":\"ReadAction\",\"target\":[\"https:\\\/\\\/www.itakaescolapios.org\\\/fr\\\/2014\\\/07\\\/concretando-mas-el-congreso-internacional-de-educacion-en-anzaldo\\\/\"]}]},{\"@type\":\"ImageObject\",\"inLanguage\":\"fr-FR\",\"@id\":\"https:\\\/\\\/www.itakaescolapios.org\\\/fr\\\/2014\\\/07\\\/concretando-mas-el-congreso-internacional-de-educacion-en-anzaldo\\\/#primaryimage\",\"url\":\"https:\\\/\\\/www.itakaescolapios.org\\\/wp-content\\\/uploads\\\/2014\\\/07\\\/Sin-t\u00edtulo-copia1.jpg\",\"contentUrl\":\"https:\\\/\\\/www.itakaescolapios.org\\\/wp-content\\\/uploads\\\/2014\\\/07\\\/Sin-t\u00edtulo-copia1.jpg\",\"width\":557,\"height\":803},{\"@type\":\"BreadcrumbList\",\"@id\":\"https:\\\/\\\/www.itakaescolapios.org\\\/fr\\\/2014\\\/07\\\/concretando-mas-el-congreso-internacional-de-educacion-en-anzaldo\\\/#breadcrumb\",\"itemListElement\":[{\"@type\":\"ListItem\",\"position\":1,\"name\":\"Itaka-Escolapios\",\"item\":\"https:\\\/\\\/www.itakaescolapios.org\\\/es\\\/\"},{\"@type\":\"ListItem\",\"position\":2,\"name\":\"CONCRETANDO MAS EL CONGRESO INTERNACIONAL DE EDUCACI\u00d3N EN ANZALDO.\"}]},{\"@type\":\"WebSite\",\"@id\":\"https:\\\/\\\/www.itakaescolapios.org\\\/fr\\\/es\\\/#website\",\"url\":\"https:\\\/\\\/www.itakaescolapios.org\\\/fr\\\/es\\\/\",\"name\":\"Itaka-Escolapios\",\"description\":\"Red de Itaka-Escolapios\",\"publisher\":{\"@id\":\"https:\\\/\\\/www.itakaescolapios.org\\\/fr\\\/es\\\/#organization\"},\"potentialAction\":[{\"@type\":\"SearchAction\",\"target\":{\"@type\":\"EntryPoint\",\"urlTemplate\":\"https:\\\/\\\/www.itakaescolapios.org\\\/fr\\\/es\\\/?s={search_term_string}\"},\"query-input\":{\"@type\":\"PropertyValueSpecification\",\"valueRequired\":true,\"valueName\":\"search_term_string\"}}],\"inLanguage\":\"fr-FR\"},{\"@type\":\"Organization\",\"@id\":\"https:\\\/\\\/www.itakaescolapios.org\\\/fr\\\/es\\\/#organization\",\"name\":\"Fundaci\u00f3 Itaka-Escolapios\",\"url\":\"https:\\\/\\\/www.itakaescolapios.org\\\/fr\\\/es\\\/\",\"logo\":{\"@type\":\"ImageObject\",\"inLanguage\":\"fr-FR\",\"@id\":\"https:\\\/\\\/www.itakaescolapios.org\\\/fr\\\/es\\\/#\\\/schema\\\/logo\\\/image\\\/\",\"url\":\"https:\\\/\\\/www.itakaescolapios.org\\\/wp-content\\\/uploads\\\/2024\\\/04\\\/Logo-itakaescolapios-peque.png\",\"contentUrl\":\"https:\\\/\\\/www.itakaescolapios.org\\\/wp-content\\\/uploads\\\/2024\\\/04\\\/Logo-itakaescolapios-peque.png\",\"width\":500,\"height\":199,\"caption\":\"Fundaci\u00f3 Itaka-Escolapios\"},\"image\":{\"@id\":\"https:\\\/\\\/www.itakaescolapios.org\\\/fr\\\/es\\\/#\\\/schema\\\/logo\\\/image\\\/\"}},{\"@type\":\"Person\",\"@id\":\"https:\\\/\\\/www.itakaescolapios.org\\\/es\\\/#\\\/schema\\\/person\\\/141b7734ef7c6eadcc0fefeb0614c94a\",\"name\":\"bolivia01\",\"url\":\"https:\\\/\\\/www.itakaescolapios.org\\\/fr\\\/author\\\/bolivia01\\\/\"}]}<\/script>\n<!-- \/ Yoast SEO plugin. -->","yoast_head_json":{"title":"CONCRETANDO MAS EL CONGRESO INTERNACIONAL DE EDUCACI\u00d3N EN ANZALDO.","description":"El Congreso Internacional de Educaci\u00f3n se acerca y los preparativos se aceleran. Confirmamos ya algunas de las personas que nos acompa\u00f1ar\u00e1n en estos d\u00edas de reflexi\u00f3n compartida e intercambio de experiencias. En las conferencias: \u2022 D\u00eda 10: Roberto Aguilar (Ministro de Educaci\u00f3n). \u2022 D\u00eda 11: Rub\u00e9n Ust\u00e1riz (Rector Normal Sim\u00f3n Rodr\u00edguez y Coordinador Departamental de\u2026","robots":{"index":"index","follow":"follow","max-snippet":"max-snippet:-1","max-image-preview":"max-image-preview:large","max-video-preview":"max-video-preview:-1"},"canonical":"El Congreso Internacional de Educaci\u00f3n se acerca y los preparativos se aceleran. Confirmamos ya algunas de las personas que nos acompa\u00f1ar\u00e1n en estos d\u00edas de reflexi\u00f3n compartida e intercambio de experiencias. En las conferencias: \u2022 D\u00eda 10: Roberto Aguilar (Ministro de Educaci\u00f3n). \u2022 D\u00eda 11: Rub\u00e9n Ust\u00e1riz (Rector Normal Sim\u00f3n Rodr\u00edguez y Coordinador Departamental de\u2026","og_locale":"fr_FR","og_type":"article","og_title":"CONCRETANDO MAS EL CONGRESO INTERNACIONAL DE EDUCACI\u00d3N EN ANZALDO.","og_description":"El Congreso Internacional de Educaci\u00f3n se acerca y los preparativos se aceleran. Confirmamos ya algunas de las personas que nos acompa\u00f1ar\u00e1n en estos d\u00edas de reflexi\u00f3n compartida e intercambio de experiencias. En las conferencias: \u2022 D\u00eda 10: Roberto Aguilar (Ministro de Educaci\u00f3n). \u2022 D\u00eda 11: Rub\u00e9n Ust\u00e1riz (Rector Normal Sim\u00f3n Rodr\u00edguez y Coordinador Departamental de\u2026","og_url":"https:\/\/www.itakaescolapios.org\/fr\/2014\/07\/concretando-mas-el-congreso-internacional-de-educacion-en-anzaldo\/","og_site_name":"Itaka-Escolapios","article_published_time":"2014-07-02T18:40:56+00:00","article_modified_time":"2023-11-28T11:39:00+00:00","og_image":[{"width":557,"height":803,"url":"https:\/\/www.itakaescolapios.org\/wp-content\/uploads\/2014\/07\/Sin-t\u00edtulo-copia1.jpg","type":"image\/jpeg"}],"author":"bolivia01","twitter_card":"summary_large_image","twitter_misc":{"\u00c9crit par":"bolivia01","Dur\u00e9e de lecture estim\u00e9e":"2 minutes"},"schema":{"@context":"https:\/\/schema.org","@graph":[{"@type":"Article","@id":"https:\/\/www.itakaescolapios.org\/fr\/2014\/07\/concretando-mas-el-congreso-internacional-de-educacion-en-anzaldo\/#article","isPartOf":{"@id":"https:\/\/www.itakaescolapios.org\/fr\/2014\/07\/concretando-mas-el-congreso-internacional-de-educacion-en-anzaldo\/"},"author":{"name":"bolivia01","@id":"https:\/\/www.itakaescolapios.org\/es\/#\/schema\/person\/141b7734ef7c6eadcc0fefeb0614c94a"},"headline":"CONCRETANDO MAS EL CONGRESO INTERNACIONAL DE EDUCACI\u00d3N EN ANZALDO.","datePublished":"2014-07-02T18:40:56+00:00","dateModified":"2023-11-28T11:39:00+00:00","mainEntityOfPage":{"@id":"https:\/\/www.itakaescolapios.org\/fr\/2014\/07\/concretando-mas-el-congreso-internacional-de-educacion-en-anzaldo\/"},"wordCount":359,"publisher":{"@id":"https:\/\/www.itakaescolapios.org\/es\/#organization"},"image":{"@id":"https:\/\/www.itakaescolapios.org\/fr\/2014\/07\/concretando-mas-el-congreso-internacional-de-educacion-en-anzaldo\/#primaryimage"},"thumbnailUrl":"https:\/\/www.itakaescolapios.org\/wp-content\/uploads\/2014\/07\/Sin-t\u00edtulo-copia1.jpg","articleSection":["Bolivia"],"inLanguage":"fr-FR"},{"@type":"WebPage","@id":"https:\/\/www.itakaescolapios.org\/fr\/2014\/07\/concretando-mas-el-congreso-internacional-de-educacion-en-anzaldo\/","url":"https:\/\/www.itakaescolapios.org\/fr\/2014\/07\/concretando-mas-el-congreso-internacional-de-educacion-en-anzaldo\/","name":"CONCRETANDO MAS EL CONGRESO INTERNACIONAL DE EDUCACI\u00d3N EN ANZALDO. - Itaka-Escolapios","isPartOf":{"@id":"https:\/\/www.itakaescolapios.org\/es\/#website"},"primaryImageOfPage":{"@id":"https:\/\/www.itakaescolapios.org\/fr\/2014\/07\/concretando-mas-el-congreso-internacional-de-educacion-en-anzaldo\/#primaryimage"},"image":{"@id":"https:\/\/www.itakaescolapios.org\/fr\/2014\/07\/concretando-mas-el-congreso-internacional-de-educacion-en-anzaldo\/#primaryimage"},"thumbnailUrl":"https:\/\/www.itakaescolapios.org\/wp-content\/uploads\/2014\/07\/Sin-t\u00edtulo-copia1.jpg","datePublished":"2014-07-02T18:40:56+00:00","dateModified":"2023-11-28T11:39:00+00:00","breadcrumb":{"@id":"https:\/\/www.itakaescolapios.org\/fr\/2014\/07\/concretando-mas-el-congreso-internacional-de-educacion-en-anzaldo\/#breadcrumb"},"inLanguage":"fr-FR","potentialAction":[{"@type":"ReadAction","target":["https:\/\/www.itakaescolapios.org\/fr\/2014\/07\/concretando-mas-el-congreso-internacional-de-educacion-en-anzaldo\/"]}]},{"@type":"ImageObject","inLanguage":"fr-FR","@id":"https:\/\/www.itakaescolapios.org\/fr\/2014\/07\/concretando-mas-el-congreso-internacional-de-educacion-en-anzaldo\/#primaryimage","url":"https:\/\/www.itakaescolapios.org\/wp-content\/uploads\/2014\/07\/Sin-t\u00edtulo-copia1.jpg","contentUrl":"https:\/\/www.itakaescolapios.org\/wp-content\/uploads\/2014\/07\/Sin-t\u00edtulo-copia1.jpg","width":557,"height":803},{"@type":"BreadcrumbList","@id":"https:\/\/www.itakaescolapios.org\/fr\/2014\/07\/concretando-mas-el-congreso-internacional-de-educacion-en-anzaldo\/#breadcrumb","itemListElement":[{"@type":"ListItem","position":1,"name":"Itaka-Escolapios","item":"https:\/\/www.itakaescolapios.org\/es\/"},{"@type":"ListItem","position":2,"name":"CONCRETANDO MAS EL CONGRESO INTERNACIONAL DE EDUCACI\u00d3N EN ANZALDO."}]},{"@type":"WebSite","@id":"https:\/\/www.itakaescolapios.org\/fr\/es\/#website","url":"https:\/\/www.itakaescolapios.org\/fr\/es\/","name":"Itaka-Escolapios","description":"Red de Itaka-Escolapios","publisher":{"@id":"https:\/\/www.itakaescolapios.org\/fr\/es\/#organization"},"potentialAction":[{"@type":"SearchAction","target":{"@type":"EntryPoint","urlTemplate":"https:\/\/www.itakaescolapios.org\/fr\/es\/?s={search_term_string}"},"query-input":{"@type":"PropertyValueSpecification","valueRequired":true,"valueName":"search_term_string"}}],"inLanguage":"fr-FR"},{"@type":"Organization","@id":"https:\/\/www.itakaescolapios.org\/fr\/es\/#organization","name":"Fundaci\u00f3 Itaka-Escolapios","url":"https:\/\/www.itakaescolapios.org\/fr\/es\/","logo":{"@type":"ImageObject","inLanguage":"fr-FR","@id":"https:\/\/www.itakaescolapios.org\/fr\/es\/#\/schema\/logo\/image\/","url":"https:\/\/www.itakaescolapios.org\/wp-content\/uploads\/2024\/04\/Logo-itakaescolapios-peque.png","contentUrl":"https:\/\/www.itakaescolapios.org\/wp-content\/uploads\/2024\/04\/Logo-itakaescolapios-peque.png","width":500,"height":199,"caption":"Fundaci\u00f3 Itaka-Escolapios"},"image":{"@id":"https:\/\/www.itakaescolapios.org\/fr\/es\/#\/schema\/logo\/image\/"}},{"@type":"Person","@id":"https:\/\/www.itakaescolapios.org\/es\/#\/schema\/person\/141b7734ef7c6eadcc0fefeb0614c94a","name":"bolivia01","url":"https:\/\/www.itakaescolapios.org\/fr\/author\/bolivia01\/"}]}},"_links":{"self":[{"href":"https:\/\/www.itakaescolapios.org\/fr\/wp-json\/wp\/v2\/posts\/9624","targetHints":{"allow":["GET"]}}],"collection":[{"href":"https:\/\/www.itakaescolapios.org\/fr\/wp-json\/wp\/v2\/posts"}],"about":[{"href":"https:\/\/www.itakaescolapios.org\/fr\/wp-json\/wp\/v2\/types\/post"}],"author":[{"embeddable":true,"href":"https:\/\/www.itakaescolapios.org\/fr\/wp-json\/wp\/v2\/users\/7"}],"replies":[{"embeddable":true,"href":"https:\/\/www.itakaescolapios.org\/fr\/wp-json\/wp\/v2\/comments?post=9624"}],"version-history":[{"count":3,"href":"https:\/\/www.itakaescolapios.org\/fr\/wp-json\/wp\/v2\/posts\/9624\/revisions"}],"predecessor-version":[{"id":49054,"href":"https:\/\/www.itakaescolapios.org\/fr\/wp-json\/wp\/v2\/posts\/9624\/revisions\/49054"}],"wp:featuredmedia":[{"embeddable":true,"href":"https:\/\/www.itakaescolapios.org\/fr\/wp-json\/wp\/v2\/media\/9626"}],"wp:attachment":[{"href":"https:\/\/www.itakaescolapios.org\/fr\/wp-json\/wp\/v2\/media?parent=9624"}],"wp:term":[{"taxonomy":"category","embeddable":true,"href":"https:\/\/www.itakaescolapios.org\/fr\/wp-json\/wp\/v2\/categories?post=9624"},{"taxonomy":"post_tag","embeddable":true,"href":"https:\/\/www.itakaescolapios.org\/fr\/wp-json\/wp\/v2\/tags?post=9624"}],"curies":[{"name":"wp","href":"https:\/\/api.w.org\/{rel}","templated":true}]}}