{"id":9954,"date":"2014-09-22T05:06:37","date_gmt":"2014-09-22T04:06:37","guid":{"rendered":"https:\/\/www.itakaescolapios.org\/?p=9954"},"modified":"2023-11-28T12:38:58","modified_gmt":"2023-11-28T11:38:58","slug":"i-encuentro-de-itaka-escolapios-de-zaragoza","status":"publish","type":"post","link":"https:\/\/www.itakaescolapios.org\/fr\/2014\/09\/i-encuentro-de-itaka-escolapios-de-zaragoza\/","title":{"rendered":"I Encuentro de Itaka Escolapios de Zaragoza"},"content":{"rendered":"<p>A lo largo de la ma\u00f1ana del 21 de septiembre tuvo lugar el primer encuentro de voluntarios de Itaka Escolapios de Zaragoza.<\/p>\n<p>Fue una ma\u00f1ana hermosa para compartir las novedades de la Fundaci\u00f3n, presentar el nuevo curso y los proyectos a impulsar,&#8230; Tambi\u00e9n tuvimos momentos de reflexi\u00f3n conjunta.<\/p>\n<p>Para celebrar el nuevo curso nos a\u00f1adimos a la Eucarist\u00eda del colegio en un ambiente de fraternidad y comuni\u00f3n.<\/p>\n","protected":false},"excerpt":{"rendered":"<p>A lo largo de la ma\u00f1ana del 21 de septiembre tuvo lugar el primer encuentro de voluntarios de Itaka Escolapios de Zaragoza. Fue una ma\u00f1ana hermosa para compartir las novedades [&hellip;]<\/p>\n","protected":false},"author":43,"featured_media":9955,"comment_status":"closed","ping_status":"closed","sticky":false,"template":"","format":"standard","meta":{"_et_pb_use_builder":"","_et_pb_old_content":"","_et_gb_content_width":"","footnotes":""},"categories":[25],"tags":[45,120,123,95,142],"class_list":["post-9954","post","type-post","status-publish","format-standard","has-post-thumbnail","hentry","category-zaragoza","tag-encuentro","tag-presencia-zaragoza","tag-programacion","tag-sede-zaragoza","tag-voluntariado"],"yoast_head":"<!-- This site is optimized with the Yoast SEO plugin v27.4 - https:\/\/yoast.com\/product\/yoast-seo-wordpress\/ -->\n<title>I Encuentro de Itaka Escolapios de Zaragoza<\/title>\n<meta name=\"description\" content=\"A lo largo de la ma\u00f1ana del 21 de septiembre tuvo lugar el primer encuentro de voluntarios de Itaka Escolapios de Zaragoza. Fue una ma\u00f1ana hermosa para compartir las novedades de la Fundaci\u00f3n, presentar el nuevo curso y los proyectos a impulsar,... Tambi\u00e9n tuvimos momentos de reflexi\u00f3n conjunta. Para celebrar el nuevo curso nos a\u00f1adimos\u2026\" \/>\n<meta name=\"robots\" content=\"index, follow, max-snippet:-1, max-image-preview:large, max-video-preview:-1\" \/>\n<link rel=\"canonical\" href=\"http:\/\/A%20lo%20largo%20de%20la%20ma\u00f1ana%20del%2021%20de%20septiembre%20tuvo%20lugar%20el%20primer%20encuentro%20de%20voluntarios%20de%20Itaka%20Escolapios%20de%20Zaragoza.%20Fue%20una%20ma\u00f1ana%20hermosa%20para%20compartir%20las%20novedades%20de%20la%20Fundaci\u00f3n,%20presentar%20el%20nuevo%20curso%20y%20los%20proyectos%20a%20impulsar,...%20Tambi\u00e9n%20tuvimos%20momentos%20de%20reflexi\u00f3n%20conjunta.%20Para%20celebrar%20el%20nuevo%20curso%20nos%20a\u00f1adimos\u2026\" \/>\n<meta property=\"og:locale\" content=\"fr_FR\" \/>\n<meta property=\"og:type\" content=\"article\" \/>\n<meta property=\"og:title\" content=\"I Encuentro de Itaka Escolapios de Zaragoza\" \/>\n<meta property=\"og:description\" content=\"A lo largo de la ma\u00f1ana del 21 de septiembre tuvo lugar el primer encuentro de voluntarios de Itaka Escolapios de Zaragoza. Fue una ma\u00f1ana hermosa para compartir las novedades de la Fundaci\u00f3n, presentar el nuevo curso y los proyectos a impulsar,... Tambi\u00e9n tuvimos momentos de reflexi\u00f3n conjunta. Para celebrar el nuevo curso nos a\u00f1adimos\u2026\" \/>\n<meta property=\"og:url\" content=\"https:\/\/www.itakaescolapios.org\/fr\/2014\/09\/i-encuentro-de-itaka-escolapios-de-zaragoza\/\" \/>\n<meta property=\"og:site_name\" content=\"Itaka-Escolapios\" \/>\n<meta property=\"article:published_time\" content=\"2014-09-22T04:06:37+00:00\" \/>\n<meta property=\"article:modified_time\" content=\"2023-11-28T11:38:58+00:00\" \/>\n<meta property=\"og:image\" content=\"https:\/\/www.itakaescolapios.org\/wp-content\/uploads\/2014\/09\/encuentro-itaka-escolapios-zgz.jpg\" \/>\n\t<meta property=\"og:image:width\" content=\"1360\" \/>\n\t<meta property=\"og:image:height\" content=\"1020\" \/>\n\t<meta property=\"og:image:type\" content=\"image\/jpeg\" \/>\n<meta name=\"author\" content=\"zaragoza01\" \/>\n<meta name=\"twitter:card\" content=\"summary_large_image\" \/>\n<meta name=\"twitter:label1\" content=\"\u00c9crit par\" \/>\n\t<meta name=\"twitter:data1\" content=\"zaragoza01\" \/>\n<script type=\"application\/ld+json\" class=\"yoast-schema-graph\">{\"@context\":\"https:\\\/\\\/schema.org\",\"@graph\":[{\"@type\":\"Article\",\"@id\":\"https:\\\/\\\/www.itakaescolapios.org\\\/fr\\\/2014\\\/09\\\/i-encuentro-de-itaka-escolapios-de-zaragoza\\\/#article\",\"isPartOf\":{\"@id\":\"https:\\\/\\\/www.itakaescolapios.org\\\/fr\\\/2014\\\/09\\\/i-encuentro-de-itaka-escolapios-de-zaragoza\\\/\"},\"author\":{\"name\":\"zaragoza01\",\"@id\":\"https:\\\/\\\/www.itakaescolapios.org\\\/es\\\/#\\\/schema\\\/person\\\/d6727e20f4750225e480c33522d69028\"},\"headline\":\"I Encuentro de Itaka Escolapios de Zaragoza\",\"datePublished\":\"2014-09-22T04:06:37+00:00\",\"dateModified\":\"2023-11-28T11:38:58+00:00\",\"mainEntityOfPage\":{\"@id\":\"https:\\\/\\\/www.itakaescolapios.org\\\/fr\\\/2014\\\/09\\\/i-encuentro-de-itaka-escolapios-de-zaragoza\\\/\"},\"wordCount\":81,\"publisher\":{\"@id\":\"https:\\\/\\\/www.itakaescolapios.org\\\/es\\\/#organization\"},\"image\":{\"@id\":\"https:\\\/\\\/www.itakaescolapios.org\\\/fr\\\/2014\\\/09\\\/i-encuentro-de-itaka-escolapios-de-zaragoza\\\/#primaryimage\"},\"thumbnailUrl\":\"https:\\\/\\\/www.itakaescolapios.org\\\/wp-content\\\/uploads\\\/2014\\\/09\\\/encuentro-itaka-escolapios-zgz.jpg\",\"keywords\":[\"Encuentro\",\"presencia zaragoza\",\"programaci\u00f3n\",\"sede zaragoza\",\"voluntariado\"],\"articleSection\":[\"Zaragoza\"],\"inLanguage\":\"fr-FR\"},{\"@type\":\"WebPage\",\"@id\":\"https:\\\/\\\/www.itakaescolapios.org\\\/fr\\\/2014\\\/09\\\/i-encuentro-de-itaka-escolapios-de-zaragoza\\\/\",\"url\":\"https:\\\/\\\/www.itakaescolapios.org\\\/fr\\\/2014\\\/09\\\/i-encuentro-de-itaka-escolapios-de-zaragoza\\\/\",\"name\":\"I Encuentro de Itaka Escolapios de Zaragoza - Itaka-Escolapios\",\"isPartOf\":{\"@id\":\"https:\\\/\\\/www.itakaescolapios.org\\\/es\\\/#website\"},\"primaryImageOfPage\":{\"@id\":\"https:\\\/\\\/www.itakaescolapios.org\\\/fr\\\/2014\\\/09\\\/i-encuentro-de-itaka-escolapios-de-zaragoza\\\/#primaryimage\"},\"image\":{\"@id\":\"https:\\\/\\\/www.itakaescolapios.org\\\/fr\\\/2014\\\/09\\\/i-encuentro-de-itaka-escolapios-de-zaragoza\\\/#primaryimage\"},\"thumbnailUrl\":\"https:\\\/\\\/www.itakaescolapios.org\\\/wp-content\\\/uploads\\\/2014\\\/09\\\/encuentro-itaka-escolapios-zgz.jpg\",\"datePublished\":\"2014-09-22T04:06:37+00:00\",\"dateModified\":\"2023-11-28T11:38:58+00:00\",\"breadcrumb\":{\"@id\":\"https:\\\/\\\/www.itakaescolapios.org\\\/fr\\\/2014\\\/09\\\/i-encuentro-de-itaka-escolapios-de-zaragoza\\\/#breadcrumb\"},\"inLanguage\":\"fr-FR\",\"potentialAction\":[{\"@type\":\"ReadAction\",\"target\":[\"https:\\\/\\\/www.itakaescolapios.org\\\/fr\\\/2014\\\/09\\\/i-encuentro-de-itaka-escolapios-de-zaragoza\\\/\"]}]},{\"@type\":\"ImageObject\",\"inLanguage\":\"fr-FR\",\"@id\":\"https:\\\/\\\/www.itakaescolapios.org\\\/fr\\\/2014\\\/09\\\/i-encuentro-de-itaka-escolapios-de-zaragoza\\\/#primaryimage\",\"url\":\"https:\\\/\\\/www.itakaescolapios.org\\\/wp-content\\\/uploads\\\/2014\\\/09\\\/encuentro-itaka-escolapios-zgz.jpg\",\"contentUrl\":\"https:\\\/\\\/www.itakaescolapios.org\\\/wp-content\\\/uploads\\\/2014\\\/09\\\/encuentro-itaka-escolapios-zgz.jpg\",\"width\":1360,\"height\":1020},{\"@type\":\"BreadcrumbList\",\"@id\":\"https:\\\/\\\/www.itakaescolapios.org\\\/fr\\\/2014\\\/09\\\/i-encuentro-de-itaka-escolapios-de-zaragoza\\\/#breadcrumb\",\"itemListElement\":[{\"@type\":\"ListItem\",\"position\":1,\"name\":\"Itaka-Escolapios\",\"item\":\"https:\\\/\\\/www.itakaescolapios.org\\\/es\\\/\"},{\"@type\":\"ListItem\",\"position\":2,\"name\":\"I Encuentro de Itaka Escolapios de Zaragoza\"}]},{\"@type\":\"WebSite\",\"@id\":\"https:\\\/\\\/www.itakaescolapios.org\\\/fr\\\/es\\\/#website\",\"url\":\"https:\\\/\\\/www.itakaescolapios.org\\\/fr\\\/es\\\/\",\"name\":\"Itaka-Escolapios\",\"description\":\"Red de Itaka-Escolapios\",\"publisher\":{\"@id\":\"https:\\\/\\\/www.itakaescolapios.org\\\/fr\\\/es\\\/#organization\"},\"potentialAction\":[{\"@type\":\"SearchAction\",\"target\":{\"@type\":\"EntryPoint\",\"urlTemplate\":\"https:\\\/\\\/www.itakaescolapios.org\\\/fr\\\/es\\\/?s={search_term_string}\"},\"query-input\":{\"@type\":\"PropertyValueSpecification\",\"valueRequired\":true,\"valueName\":\"search_term_string\"}}],\"inLanguage\":\"fr-FR\"},{\"@type\":\"Organization\",\"@id\":\"https:\\\/\\\/www.itakaescolapios.org\\\/fr\\\/es\\\/#organization\",\"name\":\"Fundaci\u00f3 Itaka-Escolapios\",\"url\":\"https:\\\/\\\/www.itakaescolapios.org\\\/fr\\\/es\\\/\",\"logo\":{\"@type\":\"ImageObject\",\"inLanguage\":\"fr-FR\",\"@id\":\"https:\\\/\\\/www.itakaescolapios.org\\\/fr\\\/es\\\/#\\\/schema\\\/logo\\\/image\\\/\",\"url\":\"https:\\\/\\\/www.itakaescolapios.org\\\/wp-content\\\/uploads\\\/2024\\\/04\\\/Logo-itakaescolapios-peque.png\",\"contentUrl\":\"https:\\\/\\\/www.itakaescolapios.org\\\/wp-content\\\/uploads\\\/2024\\\/04\\\/Logo-itakaescolapios-peque.png\",\"width\":500,\"height\":199,\"caption\":\"Fundaci\u00f3 Itaka-Escolapios\"},\"image\":{\"@id\":\"https:\\\/\\\/www.itakaescolapios.org\\\/fr\\\/es\\\/#\\\/schema\\\/logo\\\/image\\\/\"}},{\"@type\":\"Person\",\"@id\":\"https:\\\/\\\/www.itakaescolapios.org\\\/es\\\/#\\\/schema\\\/person\\\/d6727e20f4750225e480c33522d69028\",\"name\":\"zaragoza01\",\"url\":\"https:\\\/\\\/www.itakaescolapios.org\\\/fr\\\/author\\\/zaragoza01\\\/\"}]}<\/script>\n<!-- \/ Yoast SEO plugin. -->","yoast_head_json":{"title":"I Encuentro de Itaka Escolapios de Zaragoza","description":"A lo largo de la ma\u00f1ana del 21 de septiembre tuvo lugar el primer encuentro de voluntarios de Itaka Escolapios de Zaragoza. Fue una ma\u00f1ana hermosa para compartir las novedades de la Fundaci\u00f3n, presentar el nuevo curso y los proyectos a impulsar,... Tambi\u00e9n tuvimos momentos de reflexi\u00f3n conjunta. Para celebrar el nuevo curso nos a\u00f1adimos\u2026","robots":{"index":"index","follow":"follow","max-snippet":"max-snippet:-1","max-image-preview":"max-image-preview:large","max-video-preview":"max-video-preview:-1"},"canonical":"A lo largo de la ma\u00f1ana del 21 de septiembre tuvo lugar el primer encuentro de voluntarios de Itaka Escolapios de Zaragoza. Fue una ma\u00f1ana hermosa para compartir las novedades de la Fundaci\u00f3n, presentar el nuevo curso y los proyectos a impulsar,... Tambi\u00e9n tuvimos momentos de reflexi\u00f3n conjunta. Para celebrar el nuevo curso nos a\u00f1adimos\u2026","og_locale":"fr_FR","og_type":"article","og_title":"I Encuentro de Itaka Escolapios de Zaragoza","og_description":"A lo largo de la ma\u00f1ana del 21 de septiembre tuvo lugar el primer encuentro de voluntarios de Itaka Escolapios de Zaragoza. Fue una ma\u00f1ana hermosa para compartir las novedades de la Fundaci\u00f3n, presentar el nuevo curso y los proyectos a impulsar,... Tambi\u00e9n tuvimos momentos de reflexi\u00f3n conjunta. Para celebrar el nuevo curso nos a\u00f1adimos\u2026","og_url":"https:\/\/www.itakaescolapios.org\/fr\/2014\/09\/i-encuentro-de-itaka-escolapios-de-zaragoza\/","og_site_name":"Itaka-Escolapios","article_published_time":"2014-09-22T04:06:37+00:00","article_modified_time":"2023-11-28T11:38:58+00:00","og_image":[{"width":1360,"height":1020,"url":"https:\/\/www.itakaescolapios.org\/wp-content\/uploads\/2014\/09\/encuentro-itaka-escolapios-zgz.jpg","type":"image\/jpeg"}],"author":"zaragoza01","twitter_card":"summary_large_image","twitter_misc":{"\u00c9crit par":"zaragoza01"},"schema":{"@context":"https:\/\/schema.org","@graph":[{"@type":"Article","@id":"https:\/\/www.itakaescolapios.org\/fr\/2014\/09\/i-encuentro-de-itaka-escolapios-de-zaragoza\/#article","isPartOf":{"@id":"https:\/\/www.itakaescolapios.org\/fr\/2014\/09\/i-encuentro-de-itaka-escolapios-de-zaragoza\/"},"author":{"name":"zaragoza01","@id":"https:\/\/www.itakaescolapios.org\/es\/#\/schema\/person\/d6727e20f4750225e480c33522d69028"},"headline":"I Encuentro de Itaka Escolapios de Zaragoza","datePublished":"2014-09-22T04:06:37+00:00","dateModified":"2023-11-28T11:38:58+00:00","mainEntityOfPage":{"@id":"https:\/\/www.itakaescolapios.org\/fr\/2014\/09\/i-encuentro-de-itaka-escolapios-de-zaragoza\/"},"wordCount":81,"publisher":{"@id":"https:\/\/www.itakaescolapios.org\/es\/#organization"},"image":{"@id":"https:\/\/www.itakaescolapios.org\/fr\/2014\/09\/i-encuentro-de-itaka-escolapios-de-zaragoza\/#primaryimage"},"thumbnailUrl":"https:\/\/www.itakaescolapios.org\/wp-content\/uploads\/2014\/09\/encuentro-itaka-escolapios-zgz.jpg","keywords":["Encuentro","presencia zaragoza","programaci\u00f3n","sede zaragoza","voluntariado"],"articleSection":["Zaragoza"],"inLanguage":"fr-FR"},{"@type":"WebPage","@id":"https:\/\/www.itakaescolapios.org\/fr\/2014\/09\/i-encuentro-de-itaka-escolapios-de-zaragoza\/","url":"https:\/\/www.itakaescolapios.org\/fr\/2014\/09\/i-encuentro-de-itaka-escolapios-de-zaragoza\/","name":"I Encuentro de Itaka Escolapios de Zaragoza - Itaka-Escolapios","isPartOf":{"@id":"https:\/\/www.itakaescolapios.org\/es\/#website"},"primaryImageOfPage":{"@id":"https:\/\/www.itakaescolapios.org\/fr\/2014\/09\/i-encuentro-de-itaka-escolapios-de-zaragoza\/#primaryimage"},"image":{"@id":"https:\/\/www.itakaescolapios.org\/fr\/2014\/09\/i-encuentro-de-itaka-escolapios-de-zaragoza\/#primaryimage"},"thumbnailUrl":"https:\/\/www.itakaescolapios.org\/wp-content\/uploads\/2014\/09\/encuentro-itaka-escolapios-zgz.jpg","datePublished":"2014-09-22T04:06:37+00:00","dateModified":"2023-11-28T11:38:58+00:00","breadcrumb":{"@id":"https:\/\/www.itakaescolapios.org\/fr\/2014\/09\/i-encuentro-de-itaka-escolapios-de-zaragoza\/#breadcrumb"},"inLanguage":"fr-FR","potentialAction":[{"@type":"ReadAction","target":["https:\/\/www.itakaescolapios.org\/fr\/2014\/09\/i-encuentro-de-itaka-escolapios-de-zaragoza\/"]}]},{"@type":"ImageObject","inLanguage":"fr-FR","@id":"https:\/\/www.itakaescolapios.org\/fr\/2014\/09\/i-encuentro-de-itaka-escolapios-de-zaragoza\/#primaryimage","url":"https:\/\/www.itakaescolapios.org\/wp-content\/uploads\/2014\/09\/encuentro-itaka-escolapios-zgz.jpg","contentUrl":"https:\/\/www.itakaescolapios.org\/wp-content\/uploads\/2014\/09\/encuentro-itaka-escolapios-zgz.jpg","width":1360,"height":1020},{"@type":"BreadcrumbList","@id":"https:\/\/www.itakaescolapios.org\/fr\/2014\/09\/i-encuentro-de-itaka-escolapios-de-zaragoza\/#breadcrumb","itemListElement":[{"@type":"ListItem","position":1,"name":"Itaka-Escolapios","item":"https:\/\/www.itakaescolapios.org\/es\/"},{"@type":"ListItem","position":2,"name":"I Encuentro de Itaka Escolapios de Zaragoza"}]},{"@type":"WebSite","@id":"https:\/\/www.itakaescolapios.org\/fr\/es\/#website","url":"https:\/\/www.itakaescolapios.org\/fr\/es\/","name":"Itaka-Escolapios","description":"Red de Itaka-Escolapios","publisher":{"@id":"https:\/\/www.itakaescolapios.org\/fr\/es\/#organization"},"potentialAction":[{"@type":"SearchAction","target":{"@type":"EntryPoint","urlTemplate":"https:\/\/www.itakaescolapios.org\/fr\/es\/?s={search_term_string}"},"query-input":{"@type":"PropertyValueSpecification","valueRequired":true,"valueName":"search_term_string"}}],"inLanguage":"fr-FR"},{"@type":"Organization","@id":"https:\/\/www.itakaescolapios.org\/fr\/es\/#organization","name":"Fundaci\u00f3 Itaka-Escolapios","url":"https:\/\/www.itakaescolapios.org\/fr\/es\/","logo":{"@type":"ImageObject","inLanguage":"fr-FR","@id":"https:\/\/www.itakaescolapios.org\/fr\/es\/#\/schema\/logo\/image\/","url":"https:\/\/www.itakaescolapios.org\/wp-content\/uploads\/2024\/04\/Logo-itakaescolapios-peque.png","contentUrl":"https:\/\/www.itakaescolapios.org\/wp-content\/uploads\/2024\/04\/Logo-itakaescolapios-peque.png","width":500,"height":199,"caption":"Fundaci\u00f3 Itaka-Escolapios"},"image":{"@id":"https:\/\/www.itakaescolapios.org\/fr\/es\/#\/schema\/logo\/image\/"}},{"@type":"Person","@id":"https:\/\/www.itakaescolapios.org\/es\/#\/schema\/person\/d6727e20f4750225e480c33522d69028","name":"zaragoza01","url":"https:\/\/www.itakaescolapios.org\/fr\/author\/zaragoza01\/"}]}},"_links":{"self":[{"href":"https:\/\/www.itakaescolapios.org\/fr\/wp-json\/wp\/v2\/posts\/9954","targetHints":{"allow":["GET"]}}],"collection":[{"href":"https:\/\/www.itakaescolapios.org\/fr\/wp-json\/wp\/v2\/posts"}],"about":[{"href":"https:\/\/www.itakaescolapios.org\/fr\/wp-json\/wp\/v2\/types\/post"}],"author":[{"embeddable":true,"href":"https:\/\/www.itakaescolapios.org\/fr\/wp-json\/wp\/v2\/users\/43"}],"replies":[{"embeddable":true,"href":"https:\/\/www.itakaescolapios.org\/fr\/wp-json\/wp\/v2\/comments?post=9954"}],"version-history":[{"count":1,"href":"https:\/\/www.itakaescolapios.org\/fr\/wp-json\/wp\/v2\/posts\/9954\/revisions"}],"predecessor-version":[{"id":9956,"href":"https:\/\/www.itakaescolapios.org\/fr\/wp-json\/wp\/v2\/posts\/9954\/revisions\/9956"}],"wp:featuredmedia":[{"embeddable":true,"href":"https:\/\/www.itakaescolapios.org\/fr\/wp-json\/wp\/v2\/media\/9955"}],"wp:attachment":[{"href":"https:\/\/www.itakaescolapios.org\/fr\/wp-json\/wp\/v2\/media?parent=9954"}],"wp:term":[{"taxonomy":"category","embeddable":true,"href":"https:\/\/www.itakaescolapios.org\/fr\/wp-json\/wp\/v2\/categories?post=9954"},{"taxonomy":"post_tag","embeddable":true,"href":"https:\/\/www.itakaescolapios.org\/fr\/wp-json\/wp\/v2\/tags?post=9954"}],"curies":[{"name":"wp","href":"https:\/\/api.w.org\/{rel}","templated":true}]}}