{"id":11790,"date":"2015-02-09T14:18:21","date_gmt":"2015-02-09T13:18:21","guid":{"rendered":"https:\/\/www.itakaescolapios.org\/?p=11790"},"modified":"2023-11-28T12:38:47","modified_gmt":"2023-11-28T11:38:47","slug":"itavere-viaja-al-carnaval-de-brasil","status":"publish","type":"post","link":"https:\/\/www.itakaescolapios.org\/pt\/2015\/02\/itavere-viaja-al-carnaval-de-brasil\/","title":{"rendered":"It\u00e1vere viaja a Brasil"},"content":{"rendered":"<p>Este\u00a0<strong>domingo d\u00eda 15<\/strong>\u00a0el frio no ser\u00e1 problema, ya que el cole se traslada\u00a0a\u00a0<strong>Brasil,<\/strong>\u00a0al calorcito brasile\u00f1o, para aprender un poco m\u00e1s sobre la cultura de nuestros coles brasile\u00f1os, para ello os esperamos a todos a las\u00a0<strong>10:30<\/strong>\u00a0de la ma\u00f1ana en el cole.\u00a0<strong>\u00bfTE LO VAS A PERDER?<\/strong><\/p>\n<p>OBRIGADO\u200b<\/p>\n","protected":false},"excerpt":{"rendered":"<p>Este\u00a0domingo d\u00eda 15\u00a0el frio no ser\u00e1 problema, ya que el cole se traslada\u00a0a\u00a0Brasil,\u00a0al calorcito brasile\u00f1o, para aprender un poco m\u00e1s sobre la cultura de nuestros coles brasile\u00f1os, para ello os [&hellip;]<\/p>\n","protected":false},"author":43,"featured_media":11805,"comment_status":"closed","ping_status":"closed","sticky":false,"template":"","format":"standard","meta":{"_et_pb_use_builder":"","_et_pb_old_content":"","_et_gb_content_width":"","footnotes":""},"categories":[25],"tags":[90,148,416],"class_list":["post-11790","post","type-post","status-publish","format-standard","has-post-thumbnail","hentry","category-zaragoza","tag-itavere","tag-presencia-barrios","tag-zaragoza"],"yoast_head":"<!-- This site is optimized with the Yoast SEO plugin v27.4 - https:\/\/yoast.com\/product\/yoast-seo-wordpress\/ -->\n<title>It\u00e1vere viaja a Brasil<\/title>\n<meta name=\"description\" content=\"Este\u00a0domingo d\u00eda 15\u00a0el frio no ser\u00e1 problema, ya que el cole se traslada\u00a0a\u00a0Brasil,\u00a0al calorcito brasile\u00f1o, para aprender un poco m\u00e1s sobre la cultura de nuestros coles brasile\u00f1os, para ello os esperamos a todos a las\u00a010:30\u00a0de la ma\u00f1ana en el cole.\u00a0\u00bfTE LO VAS A PERDER? OBRIGADO\u200b\" \/>\n<meta name=\"robots\" content=\"index, follow, max-snippet:-1, max-image-preview:large, max-video-preview:-1\" \/>\n<link rel=\"canonical\" href=\"\" \/>\n<meta property=\"og:locale\" content=\"pt_BR\" \/>\n<meta property=\"og:type\" content=\"article\" \/>\n<meta property=\"og:title\" content=\"It\u00e1vere viaja a Brasil\" \/>\n<meta property=\"og:description\" content=\"Este\u00a0domingo d\u00eda 15\u00a0el frio no ser\u00e1 problema, ya que el cole se traslada\u00a0a\u00a0Brasil,\u00a0al calorcito brasile\u00f1o, para aprender un poco m\u00e1s sobre la cultura de nuestros coles brasile\u00f1os, para ello os esperamos a todos a las\u00a010:30\u00a0de la ma\u00f1ana en el cole.\u00a0\u00bfTE LO VAS A PERDER? OBRIGADO\u200b\" \/>\n<meta property=\"og:url\" content=\"https:\/\/www.itakaescolapios.org\/pt\/2015\/02\/itavere-viaja-al-carnaval-de-brasil\/\" \/>\n<meta property=\"og:site_name\" content=\"Itaka-Escolapios\" \/>\n<meta property=\"article:published_time\" content=\"2015-02-09T13:18:21+00:00\" \/>\n<meta property=\"article:modified_time\" content=\"2023-11-28T11:38:47+00:00\" \/>\n<meta property=\"og:image\" content=\"https:\/\/www.itakaescolapios.org\/wp-content\/uploads\/2015\/02\/IMG-20150206-WA00251.jpg\" \/>\n\t<meta property=\"og:image:width\" content=\"619\" \/>\n\t<meta property=\"og:image:height\" content=\"704\" \/>\n\t<meta property=\"og:image:type\" content=\"image\/jpeg\" \/>\n<meta name=\"author\" content=\"zaragoza01\" \/>\n<meta name=\"twitter:card\" content=\"summary_large_image\" \/>\n<meta name=\"twitter:label1\" content=\"Escrito por\" \/>\n\t<meta name=\"twitter:data1\" content=\"zaragoza01\" \/>\n<script type=\"application\/ld+json\" class=\"yoast-schema-graph\">{\"@context\":\"https:\\\/\\\/schema.org\",\"@graph\":[{\"@type\":\"Article\",\"@id\":\"https:\\\/\\\/www.itakaescolapios.org\\\/pt\\\/2015\\\/02\\\/itavere-viaja-al-carnaval-de-brasil\\\/#article\",\"isPartOf\":{\"@id\":\"https:\\\/\\\/www.itakaescolapios.org\\\/pt\\\/2015\\\/02\\\/itavere-viaja-al-carnaval-de-brasil\\\/\"},\"author\":{\"name\":\"zaragoza01\",\"@id\":\"https:\\\/\\\/www.itakaescolapios.org\\\/es\\\/#\\\/schema\\\/person\\\/d6727e20f4750225e480c33522d69028\"},\"headline\":\"It\u00e1vere viaja a Brasil\",\"datePublished\":\"2015-02-09T13:18:21+00:00\",\"dateModified\":\"2023-11-28T11:38:47+00:00\",\"mainEntityOfPage\":{\"@id\":\"https:\\\/\\\/www.itakaescolapios.org\\\/pt\\\/2015\\\/02\\\/itavere-viaja-al-carnaval-de-brasil\\\/\"},\"wordCount\":61,\"publisher\":{\"@id\":\"https:\\\/\\\/www.itakaescolapios.org\\\/es\\\/#organization\"},\"image\":{\"@id\":\"https:\\\/\\\/www.itakaescolapios.org\\\/pt\\\/2015\\\/02\\\/itavere-viaja-al-carnaval-de-brasil\\\/#primaryimage\"},\"thumbnailUrl\":\"https:\\\/\\\/www.itakaescolapios.org\\\/wp-content\\\/uploads\\\/2015\\\/02\\\/IMG-20150206-WA00251.jpg\",\"keywords\":[\"Itavere\",\"presencia barrios\",\"Zaragoza\"],\"articleSection\":[\"Zaragoza\"],\"inLanguage\":\"pt-BR\"},{\"@type\":\"WebPage\",\"@id\":\"https:\\\/\\\/www.itakaescolapios.org\\\/pt\\\/2015\\\/02\\\/itavere-viaja-al-carnaval-de-brasil\\\/\",\"url\":\"https:\\\/\\\/www.itakaescolapios.org\\\/pt\\\/2015\\\/02\\\/itavere-viaja-al-carnaval-de-brasil\\\/\",\"name\":\"It\u00e1vere viaja a Brasil - Itaka-Escolapios\",\"isPartOf\":{\"@id\":\"https:\\\/\\\/www.itakaescolapios.org\\\/es\\\/#website\"},\"primaryImageOfPage\":{\"@id\":\"https:\\\/\\\/www.itakaescolapios.org\\\/pt\\\/2015\\\/02\\\/itavere-viaja-al-carnaval-de-brasil\\\/#primaryimage\"},\"image\":{\"@id\":\"https:\\\/\\\/www.itakaescolapios.org\\\/pt\\\/2015\\\/02\\\/itavere-viaja-al-carnaval-de-brasil\\\/#primaryimage\"},\"thumbnailUrl\":\"https:\\\/\\\/www.itakaescolapios.org\\\/wp-content\\\/uploads\\\/2015\\\/02\\\/IMG-20150206-WA00251.jpg\",\"datePublished\":\"2015-02-09T13:18:21+00:00\",\"dateModified\":\"2023-11-28T11:38:47+00:00\",\"breadcrumb\":{\"@id\":\"https:\\\/\\\/www.itakaescolapios.org\\\/pt\\\/2015\\\/02\\\/itavere-viaja-al-carnaval-de-brasil\\\/#breadcrumb\"},\"inLanguage\":\"pt-BR\",\"potentialAction\":[{\"@type\":\"ReadAction\",\"target\":[\"https:\\\/\\\/www.itakaescolapios.org\\\/pt\\\/2015\\\/02\\\/itavere-viaja-al-carnaval-de-brasil\\\/\"]}]},{\"@type\":\"ImageObject\",\"inLanguage\":\"pt-BR\",\"@id\":\"https:\\\/\\\/www.itakaescolapios.org\\\/pt\\\/2015\\\/02\\\/itavere-viaja-al-carnaval-de-brasil\\\/#primaryimage\",\"url\":\"https:\\\/\\\/www.itakaescolapios.org\\\/wp-content\\\/uploads\\\/2015\\\/02\\\/IMG-20150206-WA00251.jpg\",\"contentUrl\":\"https:\\\/\\\/www.itakaescolapios.org\\\/wp-content\\\/uploads\\\/2015\\\/02\\\/IMG-20150206-WA00251.jpg\",\"width\":619,\"height\":704},{\"@type\":\"BreadcrumbList\",\"@id\":\"https:\\\/\\\/www.itakaescolapios.org\\\/pt\\\/2015\\\/02\\\/itavere-viaja-al-carnaval-de-brasil\\\/#breadcrumb\",\"itemListElement\":[{\"@type\":\"ListItem\",\"position\":1,\"name\":\"Itaka-Escolapios\",\"item\":\"https:\\\/\\\/www.itakaescolapios.org\\\/es\\\/\"},{\"@type\":\"ListItem\",\"position\":2,\"name\":\"It\u00e1vere viaja a Brasil\"}]},{\"@type\":\"WebSite\",\"@id\":\"https:\\\/\\\/www.itakaescolapios.org\\\/pt\\\/es\\\/#website\",\"url\":\"https:\\\/\\\/www.itakaescolapios.org\\\/pt\\\/es\\\/\",\"name\":\"Itaka-Escolapios\",\"description\":\"Red de Itaka-Escolapios\",\"publisher\":{\"@id\":\"https:\\\/\\\/www.itakaescolapios.org\\\/pt\\\/es\\\/#organization\"},\"potentialAction\":[{\"@type\":\"SearchAction\",\"target\":{\"@type\":\"EntryPoint\",\"urlTemplate\":\"https:\\\/\\\/www.itakaescolapios.org\\\/pt\\\/es\\\/?s={search_term_string}\"},\"query-input\":{\"@type\":\"PropertyValueSpecification\",\"valueRequired\":true,\"valueName\":\"search_term_string\"}}],\"inLanguage\":\"pt-BR\"},{\"@type\":\"Organization\",\"@id\":\"https:\\\/\\\/www.itakaescolapios.org\\\/pt\\\/es\\\/#organization\",\"name\":\"Fundaci\u00f3 Itaka-Escolapios\",\"url\":\"https:\\\/\\\/www.itakaescolapios.org\\\/pt\\\/es\\\/\",\"logo\":{\"@type\":\"ImageObject\",\"inLanguage\":\"pt-BR\",\"@id\":\"https:\\\/\\\/www.itakaescolapios.org\\\/pt\\\/es\\\/#\\\/schema\\\/logo\\\/image\\\/\",\"url\":\"https:\\\/\\\/www.itakaescolapios.org\\\/wp-content\\\/uploads\\\/2024\\\/04\\\/Logo-itakaescolapios-peque.png\",\"contentUrl\":\"https:\\\/\\\/www.itakaescolapios.org\\\/wp-content\\\/uploads\\\/2024\\\/04\\\/Logo-itakaescolapios-peque.png\",\"width\":500,\"height\":199,\"caption\":\"Fundaci\u00f3 Itaka-Escolapios\"},\"image\":{\"@id\":\"https:\\\/\\\/www.itakaescolapios.org\\\/pt\\\/es\\\/#\\\/schema\\\/logo\\\/image\\\/\"}},{\"@type\":\"Person\",\"@id\":\"https:\\\/\\\/www.itakaescolapios.org\\\/es\\\/#\\\/schema\\\/person\\\/d6727e20f4750225e480c33522d69028\",\"name\":\"zaragoza01\",\"url\":\"https:\\\/\\\/www.itakaescolapios.org\\\/pt\\\/author\\\/zaragoza01\\\/\"}]}<\/script>\n<!-- \/ Yoast SEO plugin. -->","yoast_head_json":{"title":"It\u00e1vere viaja a Brasil","description":"Este\u00a0domingo d\u00eda 15\u00a0el frio no ser\u00e1 problema, ya que el cole se traslada\u00a0a\u00a0Brasil,\u00a0al calorcito brasile\u00f1o, para aprender un poco m\u00e1s sobre la cultura de nuestros coles brasile\u00f1os, para ello os esperamos a todos a las\u00a010:30\u00a0de la ma\u00f1ana en el cole.\u00a0\u00bfTE LO VAS A PERDER? OBRIGADO\u200b","robots":{"index":"index","follow":"follow","max-snippet":"max-snippet:-1","max-image-preview":"max-image-preview:large","max-video-preview":"max-video-preview:-1"},"canonical":"Este\u00a0domingo d\u00eda 15\u00a0el frio no ser\u00e1 problema, ya que el cole se traslada\u00a0a\u00a0Brasil,\u00a0al calorcito brasile\u00f1o, para aprender un poco m\u00e1s sobre la cultura de nuestros coles brasile\u00f1os, para ello os esperamos a todos a las\u00a010:30\u00a0de la ma\u00f1ana en el cole.\u00a0\u00bfTE LO VAS A PERDER? OBRIGADO\u200b","og_locale":"pt_BR","og_type":"article","og_title":"It\u00e1vere viaja a Brasil","og_description":"Este\u00a0domingo d\u00eda 15\u00a0el frio no ser\u00e1 problema, ya que el cole se traslada\u00a0a\u00a0Brasil,\u00a0al calorcito brasile\u00f1o, para aprender un poco m\u00e1s sobre la cultura de nuestros coles brasile\u00f1os, para ello os esperamos a todos a las\u00a010:30\u00a0de la ma\u00f1ana en el cole.\u00a0\u00bfTE LO VAS A PERDER? OBRIGADO\u200b","og_url":"https:\/\/www.itakaescolapios.org\/pt\/2015\/02\/itavere-viaja-al-carnaval-de-brasil\/","og_site_name":"Itaka-Escolapios","article_published_time":"2015-02-09T13:18:21+00:00","article_modified_time":"2023-11-28T11:38:47+00:00","og_image":[{"width":619,"height":704,"url":"https:\/\/www.itakaescolapios.org\/wp-content\/uploads\/2015\/02\/IMG-20150206-WA00251.jpg","type":"image\/jpeg"}],"author":"zaragoza01","twitter_card":"summary_large_image","twitter_misc":{"Escrito por":"zaragoza01"},"schema":{"@context":"https:\/\/schema.org","@graph":[{"@type":"Article","@id":"https:\/\/www.itakaescolapios.org\/pt\/2015\/02\/itavere-viaja-al-carnaval-de-brasil\/#article","isPartOf":{"@id":"https:\/\/www.itakaescolapios.org\/pt\/2015\/02\/itavere-viaja-al-carnaval-de-brasil\/"},"author":{"name":"zaragoza01","@id":"https:\/\/www.itakaescolapios.org\/es\/#\/schema\/person\/d6727e20f4750225e480c33522d69028"},"headline":"It\u00e1vere viaja a Brasil","datePublished":"2015-02-09T13:18:21+00:00","dateModified":"2023-11-28T11:38:47+00:00","mainEntityOfPage":{"@id":"https:\/\/www.itakaescolapios.org\/pt\/2015\/02\/itavere-viaja-al-carnaval-de-brasil\/"},"wordCount":61,"publisher":{"@id":"https:\/\/www.itakaescolapios.org\/es\/#organization"},"image":{"@id":"https:\/\/www.itakaescolapios.org\/pt\/2015\/02\/itavere-viaja-al-carnaval-de-brasil\/#primaryimage"},"thumbnailUrl":"https:\/\/www.itakaescolapios.org\/wp-content\/uploads\/2015\/02\/IMG-20150206-WA00251.jpg","keywords":["Itavere","presencia barrios","Zaragoza"],"articleSection":["Zaragoza"],"inLanguage":"pt-BR"},{"@type":"WebPage","@id":"https:\/\/www.itakaescolapios.org\/pt\/2015\/02\/itavere-viaja-al-carnaval-de-brasil\/","url":"https:\/\/www.itakaescolapios.org\/pt\/2015\/02\/itavere-viaja-al-carnaval-de-brasil\/","name":"It\u00e1vere viaja a Brasil - Itaka-Escolapios","isPartOf":{"@id":"https:\/\/www.itakaescolapios.org\/es\/#website"},"primaryImageOfPage":{"@id":"https:\/\/www.itakaescolapios.org\/pt\/2015\/02\/itavere-viaja-al-carnaval-de-brasil\/#primaryimage"},"image":{"@id":"https:\/\/www.itakaescolapios.org\/pt\/2015\/02\/itavere-viaja-al-carnaval-de-brasil\/#primaryimage"},"thumbnailUrl":"https:\/\/www.itakaescolapios.org\/wp-content\/uploads\/2015\/02\/IMG-20150206-WA00251.jpg","datePublished":"2015-02-09T13:18:21+00:00","dateModified":"2023-11-28T11:38:47+00:00","breadcrumb":{"@id":"https:\/\/www.itakaescolapios.org\/pt\/2015\/02\/itavere-viaja-al-carnaval-de-brasil\/#breadcrumb"},"inLanguage":"pt-BR","potentialAction":[{"@type":"ReadAction","target":["https:\/\/www.itakaescolapios.org\/pt\/2015\/02\/itavere-viaja-al-carnaval-de-brasil\/"]}]},{"@type":"ImageObject","inLanguage":"pt-BR","@id":"https:\/\/www.itakaescolapios.org\/pt\/2015\/02\/itavere-viaja-al-carnaval-de-brasil\/#primaryimage","url":"https:\/\/www.itakaescolapios.org\/wp-content\/uploads\/2015\/02\/IMG-20150206-WA00251.jpg","contentUrl":"https:\/\/www.itakaescolapios.org\/wp-content\/uploads\/2015\/02\/IMG-20150206-WA00251.jpg","width":619,"height":704},{"@type":"BreadcrumbList","@id":"https:\/\/www.itakaescolapios.org\/pt\/2015\/02\/itavere-viaja-al-carnaval-de-brasil\/#breadcrumb","itemListElement":[{"@type":"ListItem","position":1,"name":"Itaka-Escolapios","item":"https:\/\/www.itakaescolapios.org\/es\/"},{"@type":"ListItem","position":2,"name":"It\u00e1vere viaja a Brasil"}]},{"@type":"WebSite","@id":"https:\/\/www.itakaescolapios.org\/pt\/es\/#website","url":"https:\/\/www.itakaescolapios.org\/pt\/es\/","name":"Itaka-Escolapios","description":"Red de Itaka-Escolapios","publisher":{"@id":"https:\/\/www.itakaescolapios.org\/pt\/es\/#organization"},"potentialAction":[{"@type":"SearchAction","target":{"@type":"EntryPoint","urlTemplate":"https:\/\/www.itakaescolapios.org\/pt\/es\/?s={search_term_string}"},"query-input":{"@type":"PropertyValueSpecification","valueRequired":true,"valueName":"search_term_string"}}],"inLanguage":"pt-BR"},{"@type":"Organization","@id":"https:\/\/www.itakaescolapios.org\/pt\/es\/#organization","name":"Fundaci\u00f3 Itaka-Escolapios","url":"https:\/\/www.itakaescolapios.org\/pt\/es\/","logo":{"@type":"ImageObject","inLanguage":"pt-BR","@id":"https:\/\/www.itakaescolapios.org\/pt\/es\/#\/schema\/logo\/image\/","url":"https:\/\/www.itakaescolapios.org\/wp-content\/uploads\/2024\/04\/Logo-itakaescolapios-peque.png","contentUrl":"https:\/\/www.itakaescolapios.org\/wp-content\/uploads\/2024\/04\/Logo-itakaescolapios-peque.png","width":500,"height":199,"caption":"Fundaci\u00f3 Itaka-Escolapios"},"image":{"@id":"https:\/\/www.itakaescolapios.org\/pt\/es\/#\/schema\/logo\/image\/"}},{"@type":"Person","@id":"https:\/\/www.itakaescolapios.org\/es\/#\/schema\/person\/d6727e20f4750225e480c33522d69028","name":"zaragoza01","url":"https:\/\/www.itakaescolapios.org\/pt\/author\/zaragoza01\/"}]}},"_links":{"self":[{"href":"https:\/\/www.itakaescolapios.org\/pt\/wp-json\/wp\/v2\/posts\/11790","targetHints":{"allow":["GET"]}}],"collection":[{"href":"https:\/\/www.itakaescolapios.org\/pt\/wp-json\/wp\/v2\/posts"}],"about":[{"href":"https:\/\/www.itakaescolapios.org\/pt\/wp-json\/wp\/v2\/types\/post"}],"author":[{"embeddable":true,"href":"https:\/\/www.itakaescolapios.org\/pt\/wp-json\/wp\/v2\/users\/43"}],"replies":[{"embeddable":true,"href":"https:\/\/www.itakaescolapios.org\/pt\/wp-json\/wp\/v2\/comments?post=11790"}],"version-history":[{"count":4,"href":"https:\/\/www.itakaescolapios.org\/pt\/wp-json\/wp\/v2\/posts\/11790\/revisions"}],"predecessor-version":[{"id":48763,"href":"https:\/\/www.itakaescolapios.org\/pt\/wp-json\/wp\/v2\/posts\/11790\/revisions\/48763"}],"wp:featuredmedia":[{"embeddable":true,"href":"https:\/\/www.itakaescolapios.org\/pt\/wp-json\/wp\/v2\/media\/11805"}],"wp:attachment":[{"href":"https:\/\/www.itakaescolapios.org\/pt\/wp-json\/wp\/v2\/media?parent=11790"}],"wp:term":[{"taxonomy":"category","embeddable":true,"href":"https:\/\/www.itakaescolapios.org\/pt\/wp-json\/wp\/v2\/categories?post=11790"},{"taxonomy":"post_tag","embeddable":true,"href":"https:\/\/www.itakaescolapios.org\/pt\/wp-json\/wp\/v2\/tags?post=11790"}],"curies":[{"name":"wp","href":"https:\/\/api.w.org\/{rel}","templated":true}]}}