{"id":12350,"date":"2015-04-08T21:52:59","date_gmt":"2015-04-08T20:52:59","guid":{"rendered":"https:\/\/www.itakaescolapios.org\/?p=12350"},"modified":"2023-11-28T12:38:43","modified_gmt":"2023-11-28T11:38:43","slug":"pascua-en-pamplona-iruna-2015-bidean-lurberri-y-comunidad-cristiana-escolapia","status":"publish","type":"post","link":"https:\/\/www.itakaescolapios.org\/pt\/2015\/04\/pascua-en-pamplona-iruna-2015-bidean-lurberri-y-comunidad-cristiana-escolapia\/","title":{"rendered":"PASCUA EN PAMPLONA-IRU\u00d1A 2015, Bidean, Lurberri y Comunidad Cristiana Escolapia."},"content":{"rendered":"<p>Acabamos la <strong>Pascua 2015 en Pamplona-Iru\u00f1a<\/strong> emocionados y entusiasmados. El lema de este curso \u201cven y ver\u00e1s\u201d podr\u00eda ser el resumen de lo vivido: hemos acompa\u00f1ado a Jes\u00fas en su Pascua y nos hemos encontrado con \u00c9l. Ha sido a trav\u00e9s de la participaci\u00f3n de tanta gente, a trav\u00e9s de la profundidad de las oraciones, de la vida en grupo (si las paredes de Ira\u00f1eta hablaran\u2026) a trav\u00e9s del Compromiso con las cruces de nuestro mundo: <strong><span style=\"color: #888888\">Aspace e Ikaskide.<\/span><\/strong><\/p>\n<p><strong><span style=\"color: #888888\"><a href=\"https:\/\/www.itakaescolapios.org\/wp-content\/uploads\/2015\/04\/IMG_2250.jpg\"><img decoding=\"async\" class=\"aligncenter size-medium wp-image-12351\" alt=\"IMG_2250\" src=\"https:\/\/www.itakaescolapios.org\/wp-content\/uploads\/2015\/04\/IMG_2250-300x225.jpg\" width=\"300\" height=\"225\" srcset=\"https:\/\/www.itakaescolapios.org\/wp-content\/uploads\/2015\/04\/IMG_2250-300x225.jpg 300w, https:\/\/www.itakaescolapios.org\/wp-content\/uploads\/2015\/04\/IMG_2250-1024x768.jpg 1024w, https:\/\/www.itakaescolapios.org\/wp-content\/uploads\/2015\/04\/IMG_2250-250x187.jpg 250w, https:\/\/www.itakaescolapios.org\/wp-content\/uploads\/2015\/04\/IMG_2250.jpg 1824w\" sizes=\"(max-width: 300px) 100vw, 300px\" \/><\/a><\/span><\/strong>La Pascua de Lurberri tiene tres ritmos que confluyen en las celebraciones de la Comunidad Cristiana Escolapia: Bidean, el Catecumenado y el ritmo de Comunidades y familias de los Colegios (cuya presencia ha sido bastante significativa). Tenemos la suerte de que algunos de los protagonistas, quienes han participado, nos lo cuenten con sus propias palabras:<\/p>\n<p><b>Sergio, de Bidean 3: <\/b><i>me sorprendi\u00f3 casi todo de las eucarist\u00edas y oraciones. Nunca hab\u00eda vivido una Pascua as\u00ed. El ambiente es totalmente diferente al de una misa normal. Empiezo por lo que m\u00e1s me sorprendi\u00f3: el lavatorio de los pies. De peque\u00f1o me contaron muchas veces este gesto de Jes\u00fas pero la primera vez que la he visto puesto en pr\u00e1ctica: me qued\u00e9 impactado. \u00a1Nos quedamos impactado! Cuando me lavaron y besaron el pie sent\u00ed verg\u00fcenza, pero a la vez, sent\u00ed cari\u00f1o, el mismo cari\u00f1o que sientes cuando alguien hace algo por ti. Lavar los pies\u2026 fue algo que yo tambi\u00e9n hice por los ni\u00f1os de Ikaskide; y eso que me cuesta el trato con los ni\u00f1os. Sin embargo para mi grupo sirvi\u00f3 mucho, porque fij\u00f3 bastante parte de su vocaci\u00f3n, a ser su monitor. O\u00ed historias de chavales con un coraz\u00f3n que no les cab\u00eda en el pecho y eso se notaba como cuando un chavalillo se quer\u00eda llevar un zumo para su familia, o cuando todos los mayores cuidaban al m\u00e1s peque\u00f1o. Yo, animo a la gente que vive la fe pero que no lo demuestra mucho que se atreva a venir a Pascua. Es una gran experiencia para ver que ser cristiano es ser humilde y servir. Te reencuentras con tu grupo, lo quieres m\u00e1s que nunca. Yo he visto una manera distinta de vivir mi fe, mucho m\u00e1s que ponerme de rodillas sin m\u00e1s. Si eres de 4\u00ba de la ESO, tras el Jesusen Bila, te animo, amigo, a que descubras en Pascua tu fe.\u00a0<\/i><\/p>\n<p><b>Alessandra, de Bidean 3:<\/b> <i>yo me he sentido muy bien. Al principio da la t\u00edpica pereza de venir en vacaciones y estar en el cole. Luego me he dado cuenta que, estando con la gente del grupo y los chavales de Ikaskide, lo de menos es el sitio. La experiencia con los chavales de Ikaskide tambi\u00e9n fue cambiando: al principio, como estar con otros ni\u00f1os a los que no conoces, pero pasa el tiempo y les coges mucho cari\u00f1o. Me acuerdo especialmente de Pablo, que ha sido muy cari\u00f1oso conmigo. Y bueno, creo que este tiempo ha servido para darme cuenta de por qu\u00e9 estos ni\u00f1os son tan especiales. <\/i><\/p>\n<p><b>Edgar, grupo Musquy-Amets:<\/b> <i>Lo que m\u00e1s me impresion\u00f3 fue la intensidad de las oraciones, todas cargadas de s\u00edmbolos. Desde el acompa\u00f1amiento a Jes\u00fas en sus \u00faltimas horas hasta la alegr\u00eda por la resurrecci\u00f3n. Dir\u00eda que el momento de Pascua que m\u00e1s til\u00edn me ha hecho es la celebraci\u00f3n de Jueves Santo. Toda la gente que viene, la parada para comer, los panes, el lavatorio&#8230; Ese ambiente que te ayuda a acercarte a Jes\u00fas en sus momentos m\u00e1s dif\u00edciles. Para quien se est\u00e9 pensando en venir, le dir\u00eda que pruebe a sumergirse y dejarse empapar. Porque la Pascua es dif\u00edcil que deje indiferente. Es una invitaci\u00f3n perfecta para estar en torno a Jes\u00fas en comunidad.<\/i><\/p>\n<p><b>Itziar, grupo de Bidean 3:<\/b> <i>Fui al campamento sin ganas. \u201cPudiendo estar en casa durmiendo&#8230;\u201d pensaba\u2026 Pero la verdad, no me arrepiento de haber ido. Lo m\u00e1s bonito de estar con estos ni\u00f1os en Ira\u00f1eta era darte cuenta de lo felices que les estabas haciendo. Adem\u00e1s, nos hizo darnos cuenta de lo que realmente tenemos, de lo agradecidos que tenemos que estar. A esto se une la tarde del s\u00e1bado: aprendimos much\u00edsimo sobre nosotros mismos y sobre los dem\u00e1s. Creo que todos coincidimos en que descubrimos una faceta de los dem\u00e1s que no conoc\u00edamos.<\/i> Al juntar los dos grupos de Bidean hemos conseguido que ya no haya dos grupos distintos; ahora somos simplemente Bidean, algo que promete y me gusta much\u00edsimo m\u00e1s.<\/p>\n<p><b>Aitor, grupo de Bidean 3:<\/b> <i>de las oraciones me quedo con lo profundas e intensas que fueron, lo que se dijo y el buen ambiente. Me quedo tambi\u00e9n con las miradas de los chavales; nos dimos cuentas que todos ellos ten\u00edan algo especial en su interior. Animar\u00eda a otros a venir porque se cumplen las expectativas que, al menos yo, me he puesto.<\/i><\/p>\n<p><b>Esti, Bidean 3:<\/b> <i>lo que m\u00e1s me impresion\u00f3 de las celebraciones fue el modo din\u00e1mico de hacerlas, no qued\u00e1ndonos en el banco sino participar. Respecto a los chavales, ser\u00eda dif\u00edcil quedarme con una mirada particular; todos me han aportado y me han ense\u00f1ado una manera nueva de ver el mundo. A pesar de tener dificultades, ellos siguen felices y ofrecen cari\u00f1o. Esto es de admirar. Yo creo que la pascua es una experiencia nueva y que puede aportarnos muchas cosas de las que antes no me daba cuenta.<\/i><\/p>\n<p><b>Samu, Bidean 3:<\/b> <i>la Pascua me ha sorprendido por los sentimientos que se han despertado en m\u00ed en las oraciones. Se respiraba un ambiente de tranquilidad, confianza y profundidad impresionantes que te hac\u00edan sentir paz, entrar m\u00e1s en ti. Pocas veces se alcanzan ese nivel; cuando mirabas alrededor ve\u00edas a la gente centrada en lo suyo. La Pascua me ha hecho conocer a esos peque\u00f1os h\u00e9roes que son los chavales de Ikaskide, me ha ense\u00f1ado a ser agradecido y a ver a Jes\u00fas en los dem\u00e1s y en sus gestos diarios.<\/i><\/p>\n<p><b>Marta, Bidean 3:<\/b> <i>algo que realmente me impresion\u00f3 de las celebraciones de Pascua fue la cantidad de gente que se re\u00fane y las ganas y emoci\u00f3n que ponen en ello.\u00a0 Ver gente que conoces del colegio y que ves realmente emocionados en cada oraci\u00f3n, a m\u00ed me sorprende. Sobre mi experiencia de compromiso con los chavales de Ikaskide, todos me han transmitido algo diferente. Aunque en com\u00fan: siempre hab\u00eda una mirada de felicidad ante lo que hac\u00edamos con ellos. Experimentar esto, me ha marcado. Sin duda, animar\u00eda a ir a la Pascua porque es una experiencia de esas que no olvidar\u00e1s, de las que marcan. Sientes sensaciones buenas; ves la vida de modo distinto, de hecho ves cosas nuevas y realmente buenas.<\/i><\/p>\n<p><b>Pablo, Bidean 3<\/b>: <i>resumo la Pascua en tres palabras: Espectacular, \u00fanico e irrepetible (aunque cada a\u00f1o la repetiremos). \u00a1Hombre! Yo creo que todos \u00edbamos con la expectativa de qu\u00e9 ser\u00e1 esto. La verdad, ha sido un campamento espectacular en el que nos hemos sincerado mucho entre nosotros. Me he sentido superrealizado entre los chavalillos de Ikaskide.<\/i><\/p>\n<p><b>Ana, Bidean 4:<\/b> <i>me quedo con la eucarist\u00eda de Resurrecci\u00f3n, con las velas en la oscuridad, la hoguera, la gente cantando. Del voluntariado dir\u00eda que se demuestra que con un peque\u00f1o gesto nuestro le hemos llegado mucho a la gente de space; gente que no tiene las mismas oportunidades que nosotros. Aunque sean vacaciones, merece la pena ir, sin duda alguna.<\/i><\/p>\n<p><b>Javi, Bidean 4:<\/b> <i>Me han impresionado las celebraciones, especialmente la del jueves: ir por el cole con la velas, cantando\u2026 tambi\u00e9n cuando lavan los pies a algunas personas para hacer el gesto servicial de Jes\u00fas. Sobre todo el par\u00f3n para cenar todos juntos, compartiendo la comida que cada uno ha tra\u00eddo. Y bueno, la Pascua tambi\u00e9n son miradas. La de la gente de Aspace, gente con par\u00e1lisis cerebral: es una mirada tierna y sincera. Tambi\u00e9n la mirada de los que trabajan en la residencia con el cari\u00f1o que les demuestran. Se ve que ese trabajo se coge s\u00f3lo si tienes vocaci\u00f3n. Y por \u00faltimo: si alguien duda si participar\u2026 que no se haga ideas preconcebidas. Es la primera vez que voy y la recomiendo totalmente: he vuelto de Pascua con otra mirada.<\/i><\/p>\n<p><a href=\"https:\/\/www.itakaescolapios.org\/wp-content\/uploads\/2015\/04\/IMG_2154.jpg\"><img decoding=\"async\" class=\"aligncenter size-medium wp-image-12355\" alt=\"IMG_2154\" src=\"https:\/\/www.itakaescolapios.org\/wp-content\/uploads\/2015\/04\/IMG_2154-300x225.jpg\" width=\"300\" height=\"225\" srcset=\"https:\/\/www.itakaescolapios.org\/wp-content\/uploads\/2015\/04\/IMG_2154-300x225.jpg 300w, https:\/\/www.itakaescolapios.org\/wp-content\/uploads\/2015\/04\/IMG_2154-1024x768.jpg 1024w, https:\/\/www.itakaescolapios.org\/wp-content\/uploads\/2015\/04\/IMG_2154-250x187.jpg 250w, https:\/\/www.itakaescolapios.org\/wp-content\/uploads\/2015\/04\/IMG_2154.jpg 2000w\" sizes=\"(max-width: 300px) 100vw, 300px\" \/><\/a> <a href=\"https:\/\/www.itakaescolapios.org\/wp-content\/uploads\/2015\/04\/IMG_2147.jpg\"><img decoding=\"async\" class=\"aligncenter size-medium wp-image-12354\" alt=\"IMG_2147\" src=\"https:\/\/www.itakaescolapios.org\/wp-content\/uploads\/2015\/04\/IMG_2147-300x225.jpg\" width=\"300\" height=\"225\" srcset=\"https:\/\/www.itakaescolapios.org\/wp-content\/uploads\/2015\/04\/IMG_2147-300x225.jpg 300w, https:\/\/www.itakaescolapios.org\/wp-content\/uploads\/2015\/04\/IMG_2147-1024x768.jpg 1024w, https:\/\/www.itakaescolapios.org\/wp-content\/uploads\/2015\/04\/IMG_2147-250x187.jpg 250w, https:\/\/www.itakaescolapios.org\/wp-content\/uploads\/2015\/04\/IMG_2147.jpg 2000w\" sizes=\"(max-width: 300px) 100vw, 300px\" \/><\/a> <a href=\"https:\/\/www.itakaescolapios.org\/wp-content\/uploads\/2015\/04\/IMG_2129.jpg\"><img decoding=\"async\" class=\"aligncenter size-medium wp-image-12353\" alt=\"IMG_2129\" src=\"https:\/\/www.itakaescolapios.org\/wp-content\/uploads\/2015\/04\/IMG_2129-300x225.jpg\" width=\"300\" height=\"225\" srcset=\"https:\/\/www.itakaescolapios.org\/wp-content\/uploads\/2015\/04\/IMG_2129-300x225.jpg 300w, https:\/\/www.itakaescolapios.org\/wp-content\/uploads\/2015\/04\/IMG_2129-1024x768.jpg 1024w, https:\/\/www.itakaescolapios.org\/wp-content\/uploads\/2015\/04\/IMG_2129-250x187.jpg 250w, https:\/\/www.itakaescolapios.org\/wp-content\/uploads\/2015\/04\/IMG_2129.jpg 2000w\" sizes=\"(max-width: 300px) 100vw, 300px\" \/><\/a> <a href=\"https:\/\/www.itakaescolapios.org\/wp-content\/uploads\/2015\/04\/IMG_2355.jpg\"><img decoding=\"async\" class=\"aligncenter size-medium wp-image-12352\" alt=\"IMG_2355\" src=\"https:\/\/www.itakaescolapios.org\/wp-content\/uploads\/2015\/04\/IMG_2355-300x225.jpg\" width=\"300\" height=\"225\" srcset=\"https:\/\/www.itakaescolapios.org\/wp-content\/uploads\/2015\/04\/IMG_2355-300x225.jpg 300w, https:\/\/www.itakaescolapios.org\/wp-content\/uploads\/2015\/04\/IMG_2355-1024x768.jpg 1024w, https:\/\/www.itakaescolapios.org\/wp-content\/uploads\/2015\/04\/IMG_2355-250x187.jpg 250w, https:\/\/www.itakaescolapios.org\/wp-content\/uploads\/2015\/04\/IMG_2355.jpg 2000w\" sizes=\"(max-width: 300px) 100vw, 300px\" \/><\/a> <a href=\"https:\/\/www.itakaescolapios.org\/wp-content\/uploads\/2015\/04\/IMG_2250.jpg\"><img decoding=\"async\" class=\"aligncenter size-medium wp-image-12351\" alt=\"IMG_2250\" src=\"https:\/\/www.itakaescolapios.org\/wp-content\/uploads\/2015\/04\/IMG_2250-300x225.jpg\" width=\"300\" height=\"225\" srcset=\"https:\/\/www.itakaescolapios.org\/wp-content\/uploads\/2015\/04\/IMG_2250-300x225.jpg 300w, https:\/\/www.itakaescolapios.org\/wp-content\/uploads\/2015\/04\/IMG_2250-1024x768.jpg 1024w, https:\/\/www.itakaescolapios.org\/wp-content\/uploads\/2015\/04\/IMG_2250-250x187.jpg 250w, https:\/\/www.itakaescolapios.org\/wp-content\/uploads\/2015\/04\/IMG_2250.jpg 1824w\" sizes=\"(max-width: 300px) 100vw, 300px\" \/><\/a> <a href=\"https:\/\/www.itakaescolapios.org\/wp-content\/uploads\/2015\/04\/IMG_2167.jpg\"><img decoding=\"async\" class=\"aligncenter size-medium wp-image-12356\" alt=\"IMG_2167\" src=\"https:\/\/www.itakaescolapios.org\/wp-content\/uploads\/2015\/04\/IMG_2167-300x225.jpg\" width=\"300\" height=\"225\" srcset=\"https:\/\/www.itakaescolapios.org\/wp-content\/uploads\/2015\/04\/IMG_2167-300x225.jpg 300w, https:\/\/www.itakaescolapios.org\/wp-content\/uploads\/2015\/04\/IMG_2167-1024x768.jpg 1024w, https:\/\/www.itakaescolapios.org\/wp-content\/uploads\/2015\/04\/IMG_2167-250x187.jpg 250w, https:\/\/www.itakaescolapios.org\/wp-content\/uploads\/2015\/04\/IMG_2167.jpg 2000w\" sizes=\"(max-width: 300px) 100vw, 300px\" \/><\/a> <a href=\"https:\/\/www.itakaescolapios.org\/wp-content\/uploads\/2015\/04\/IMG_2194.jpg\"><img decoding=\"async\" class=\"aligncenter size-medium wp-image-12357\" alt=\"IMG_2194\" src=\"https:\/\/www.itakaescolapios.org\/wp-content\/uploads\/2015\/04\/IMG_2194-300x225.jpg\" width=\"300\" height=\"225\" srcset=\"https:\/\/www.itakaescolapios.org\/wp-content\/uploads\/2015\/04\/IMG_2194-300x225.jpg 300w, https:\/\/www.itakaescolapios.org\/wp-content\/uploads\/2015\/04\/IMG_2194-1024x768.jpg 1024w, https:\/\/www.itakaescolapios.org\/wp-content\/uploads\/2015\/04\/IMG_2194-250x187.jpg 250w, https:\/\/www.itakaescolapios.org\/wp-content\/uploads\/2015\/04\/IMG_2194.jpg 2000w\" sizes=\"(max-width: 300px) 100vw, 300px\" \/><\/a> <a href=\"https:\/\/www.itakaescolapios.org\/wp-content\/uploads\/2015\/04\/IMG_2196.jpg\"><img decoding=\"async\" class=\"aligncenter size-medium wp-image-12358\" alt=\"IMG_2196\" src=\"https:\/\/www.itakaescolapios.org\/wp-content\/uploads\/2015\/04\/IMG_2196-300x225.jpg\" width=\"300\" height=\"225\" srcset=\"https:\/\/www.itakaescolapios.org\/wp-content\/uploads\/2015\/04\/IMG_2196-300x225.jpg 300w, https:\/\/www.itakaescolapios.org\/wp-content\/uploads\/2015\/04\/IMG_2196-1024x768.jpg 1024w, https:\/\/www.itakaescolapios.org\/wp-content\/uploads\/2015\/04\/IMG_2196-250x187.jpg 250w, https:\/\/www.itakaescolapios.org\/wp-content\/uploads\/2015\/04\/IMG_2196.jpg 2000w\" sizes=\"(max-width: 300px) 100vw, 300px\" \/><\/a> <a href=\"https:\/\/www.itakaescolapios.org\/wp-content\/uploads\/2015\/04\/IMG_2205.jpg\"><img decoding=\"async\" class=\"aligncenter size-medium wp-image-12359\" alt=\"IMG_2205\" src=\"https:\/\/www.itakaescolapios.org\/wp-content\/uploads\/2015\/04\/IMG_2205-300x225.jpg\" width=\"300\" height=\"225\" srcset=\"https:\/\/www.itakaescolapios.org\/wp-content\/uploads\/2015\/04\/IMG_2205-300x225.jpg 300w, https:\/\/www.itakaescolapios.org\/wp-content\/uploads\/2015\/04\/IMG_2205-1024x768.jpg 1024w, https:\/\/www.itakaescolapios.org\/wp-content\/uploads\/2015\/04\/IMG_2205-250x187.jpg 250w, https:\/\/www.itakaescolapios.org\/wp-content\/uploads\/2015\/04\/IMG_2205.jpg 2000w\" sizes=\"(max-width: 300px) 100vw, 300px\" \/><\/a> <a href=\"https:\/\/www.itakaescolapios.org\/wp-content\/uploads\/2015\/04\/IMG_2239.jpg\"><img decoding=\"async\" class=\"aligncenter size-medium wp-image-12360\" alt=\"IMG_2239\" src=\"https:\/\/www.itakaescolapios.org\/wp-content\/uploads\/2015\/04\/IMG_2239-300x225.jpg\" width=\"300\" height=\"225\" srcset=\"https:\/\/www.itakaescolapios.org\/wp-content\/uploads\/2015\/04\/IMG_2239-300x225.jpg 300w, https:\/\/www.itakaescolapios.org\/wp-content\/uploads\/2015\/04\/IMG_2239-1024x768.jpg 1024w, https:\/\/www.itakaescolapios.org\/wp-content\/uploads\/2015\/04\/IMG_2239-250x187.jpg 250w, https:\/\/www.itakaescolapios.org\/wp-content\/uploads\/2015\/04\/IMG_2239.jpg 2000w\" sizes=\"(max-width: 300px) 100vw, 300px\" \/><\/a> <a href=\"https:\/\/www.itakaescolapios.org\/wp-content\/uploads\/2015\/04\/IMG_2272.jpg\"><img decoding=\"async\" class=\"aligncenter size-medium wp-image-12364\" alt=\"IMG_2272\" src=\"https:\/\/www.itakaescolapios.org\/wp-content\/uploads\/2015\/04\/IMG_2272-300x225.jpg\" width=\"300\" height=\"225\" srcset=\"https:\/\/www.itakaescolapios.org\/wp-content\/uploads\/2015\/04\/IMG_2272-300x225.jpg 300w, https:\/\/www.itakaescolapios.org\/wp-content\/uploads\/2015\/04\/IMG_2272-1024x768.jpg 1024w, https:\/\/www.itakaescolapios.org\/wp-content\/uploads\/2015\/04\/IMG_2272-250x187.jpg 250w, https:\/\/www.itakaescolapios.org\/wp-content\/uploads\/2015\/04\/IMG_2272.jpg 2000w\" sizes=\"(max-width: 300px) 100vw, 300px\" \/><\/a> <a href=\"https:\/\/www.itakaescolapios.org\/wp-content\/uploads\/2015\/04\/IMG_2254.jpg\"><img decoding=\"async\" class=\"aligncenter size-medium wp-image-12363\" alt=\"IMG_2254\" src=\"https:\/\/www.itakaescolapios.org\/wp-content\/uploads\/2015\/04\/IMG_2254-300x225.jpg\" width=\"300\" height=\"225\" srcset=\"https:\/\/www.itakaescolapios.org\/wp-content\/uploads\/2015\/04\/IMG_2254-300x225.jpg 300w, https:\/\/www.itakaescolapios.org\/wp-content\/uploads\/2015\/04\/IMG_2254-1024x768.jpg 1024w, https:\/\/www.itakaescolapios.org\/wp-content\/uploads\/2015\/04\/IMG_2254-250x187.jpg 250w, https:\/\/www.itakaescolapios.org\/wp-content\/uploads\/2015\/04\/IMG_2254.jpg 2000w\" sizes=\"(max-width: 300px) 100vw, 300px\" \/><\/a> <a href=\"https:\/\/www.itakaescolapios.org\/wp-content\/uploads\/2015\/04\/IMG_2247.jpg\"><img decoding=\"async\" class=\"aligncenter size-medium wp-image-12362\" alt=\"IMG_2247\" src=\"https:\/\/www.itakaescolapios.org\/wp-content\/uploads\/2015\/04\/IMG_2247-300x225.jpg\" width=\"300\" height=\"225\" srcset=\"https:\/\/www.itakaescolapios.org\/wp-content\/uploads\/2015\/04\/IMG_2247-300x225.jpg 300w, https:\/\/www.itakaescolapios.org\/wp-content\/uploads\/2015\/04\/IMG_2247-1024x768.jpg 1024w, https:\/\/www.itakaescolapios.org\/wp-content\/uploads\/2015\/04\/IMG_2247-250x187.jpg 250w, https:\/\/www.itakaescolapios.org\/wp-content\/uploads\/2015\/04\/IMG_2247.jpg 2000w\" sizes=\"(max-width: 300px) 100vw, 300px\" \/><\/a> <a href=\"https:\/\/www.itakaescolapios.org\/wp-content\/uploads\/2015\/04\/IMG_2245.jpg\"><img decoding=\"async\" class=\"aligncenter size-medium wp-image-12361\" alt=\"IMG_2245\" src=\"https:\/\/www.itakaescolapios.org\/wp-content\/uploads\/2015\/04\/IMG_2245-300x225.jpg\" width=\"300\" height=\"225\" srcset=\"https:\/\/www.itakaescolapios.org\/wp-content\/uploads\/2015\/04\/IMG_2245-300x225.jpg 300w, https:\/\/www.itakaescolapios.org\/wp-content\/uploads\/2015\/04\/IMG_2245-1024x768.jpg 1024w, https:\/\/www.itakaescolapios.org\/wp-content\/uploads\/2015\/04\/IMG_2245-250x187.jpg 250w, https:\/\/www.itakaescolapios.org\/wp-content\/uploads\/2015\/04\/IMG_2245.jpg 2000w\" sizes=\"(max-width: 300px) 100vw, 300px\" \/><\/a> <a href=\"https:\/\/www.itakaescolapios.org\/wp-content\/uploads\/2015\/04\/IMG_2287.jpg\"><img decoding=\"async\" class=\"aligncenter size-medium wp-image-12365\" alt=\"IMG_2287\" src=\"https:\/\/www.itakaescolapios.org\/wp-content\/uploads\/2015\/04\/IMG_2287-300x225.jpg\" width=\"300\" height=\"225\" srcset=\"https:\/\/www.itakaescolapios.org\/wp-content\/uploads\/2015\/04\/IMG_2287-300x225.jpg 300w, https:\/\/www.itakaescolapios.org\/wp-content\/uploads\/2015\/04\/IMG_2287-1024x768.jpg 1024w, https:\/\/www.itakaescolapios.org\/wp-content\/uploads\/2015\/04\/IMG_2287-250x187.jpg 250w, https:\/\/www.itakaescolapios.org\/wp-content\/uploads\/2015\/04\/IMG_2287.jpg 2000w\" sizes=\"(max-width: 300px) 100vw, 300px\" \/><\/a> <a href=\"https:\/\/www.itakaescolapios.org\/wp-content\/uploads\/2015\/04\/IMG_2342.jpg\"><img decoding=\"async\" class=\"aligncenter size-medium wp-image-12366\" alt=\"IMG_2342\" src=\"https:\/\/www.itakaescolapios.org\/wp-content\/uploads\/2015\/04\/IMG_2342-300x225.jpg\" width=\"300\" height=\"225\" srcset=\"https:\/\/www.itakaescolapios.org\/wp-content\/uploads\/2015\/04\/IMG_2342-300x225.jpg 300w, https:\/\/www.itakaescolapios.org\/wp-content\/uploads\/2015\/04\/IMG_2342-1024x768.jpg 1024w, https:\/\/www.itakaescolapios.org\/wp-content\/uploads\/2015\/04\/IMG_2342-250x187.jpg 250w, https:\/\/www.itakaescolapios.org\/wp-content\/uploads\/2015\/04\/IMG_2342.jpg 2000w\" sizes=\"(max-width: 300px) 100vw, 300px\" \/><\/a> <a href=\"https:\/\/www.itakaescolapios.org\/wp-content\/uploads\/2015\/04\/IMG_2344.jpg\"><img decoding=\"async\" class=\"aligncenter size-medium wp-image-12367\" alt=\"IMG_2344\" src=\"https:\/\/www.itakaescolapios.org\/wp-content\/uploads\/2015\/04\/IMG_2344-300x225.jpg\" width=\"300\" height=\"225\" srcset=\"https:\/\/www.itakaescolapios.org\/wp-content\/uploads\/2015\/04\/IMG_2344-300x225.jpg 300w, https:\/\/www.itakaescolapios.org\/wp-content\/uploads\/2015\/04\/IMG_2344-1024x768.jpg 1024w, https:\/\/www.itakaescolapios.org\/wp-content\/uploads\/2015\/04\/IMG_2344-250x187.jpg 250w, https:\/\/www.itakaescolapios.org\/wp-content\/uploads\/2015\/04\/IMG_2344.jpg 2000w\" sizes=\"(max-width: 300px) 100vw, 300px\" \/><\/a> <a href=\"https:\/\/www.itakaescolapios.org\/wp-content\/uploads\/2015\/04\/IMG_2159.jpg\"><img decoding=\"async\" class=\"aligncenter size-medium wp-image-12368\" alt=\"IMG_2159\" src=\"https:\/\/www.itakaescolapios.org\/wp-content\/uploads\/2015\/04\/IMG_2159-300x225.jpg\" width=\"300\" height=\"225\" srcset=\"https:\/\/www.itakaescolapios.org\/wp-content\/uploads\/2015\/04\/IMG_2159-300x225.jpg 300w, https:\/\/www.itakaescolapios.org\/wp-content\/uploads\/2015\/04\/IMG_2159-1024x768.jpg 1024w, https:\/\/www.itakaescolapios.org\/wp-content\/uploads\/2015\/04\/IMG_2159-250x187.jpg 250w, https:\/\/www.itakaescolapios.org\/wp-content\/uploads\/2015\/04\/IMG_2159.jpg 2000w\" sizes=\"(max-width: 300px) 100vw, 300px\" \/><\/a> <a href=\"https:\/\/www.itakaescolapios.org\/wp-content\/uploads\/2015\/04\/IMG_2157.jpg\"><img decoding=\"async\" class=\"aligncenter size-medium wp-image-12369\" alt=\"IMG_2157\" src=\"https:\/\/www.itakaescolapios.org\/wp-content\/uploads\/2015\/04\/IMG_2157-300x225.jpg\" width=\"300\" height=\"225\" srcset=\"https:\/\/www.itakaescolapios.org\/wp-content\/uploads\/2015\/04\/IMG_2157-300x225.jpg 300w, https:\/\/www.itakaescolapios.org\/wp-content\/uploads\/2015\/04\/IMG_2157-1024x768.jpg 1024w, https:\/\/www.itakaescolapios.org\/wp-content\/uploads\/2015\/04\/IMG_2157-250x187.jpg 250w, https:\/\/www.itakaescolapios.org\/wp-content\/uploads\/2015\/04\/IMG_2157.jpg 2000w\" sizes=\"(max-width: 300px) 100vw, 300px\" \/><\/a> <a href=\"https:\/\/www.itakaescolapios.org\/wp-content\/uploads\/2015\/04\/IMG_2158.jpg\"><img decoding=\"async\" class=\"aligncenter size-medium wp-image-12370\" alt=\"IMG_2158\" src=\"https:\/\/www.itakaescolapios.org\/wp-content\/uploads\/2015\/04\/IMG_2158-300x225.jpg\" width=\"300\" height=\"225\" srcset=\"https:\/\/www.itakaescolapios.org\/wp-content\/uploads\/2015\/04\/IMG_2158-300x225.jpg 300w, https:\/\/www.itakaescolapios.org\/wp-content\/uploads\/2015\/04\/IMG_2158-1024x768.jpg 1024w, https:\/\/www.itakaescolapios.org\/wp-content\/uploads\/2015\/04\/IMG_2158-250x187.jpg 250w, https:\/\/www.itakaescolapios.org\/wp-content\/uploads\/2015\/04\/IMG_2158.jpg 2000w\" sizes=\"(max-width: 300px) 100vw, 300px\" \/><\/a><\/p>\n","protected":false},"excerpt":{"rendered":"<p>Acabamos la Pascua 2015 en Pamplona-Iru\u00f1a emocionados y entusiasmados. El lema de este curso \u201cven y ver\u00e1s\u201d podr\u00eda ser el resumen de lo vivido: hemos acompa\u00f1ado a Jes\u00fas en su [&hellip;]<\/p>\n","protected":false},"author":29,"featured_media":12351,"comment_status":"closed","ping_status":"closed","sticky":false,"template":"","format":"standard","meta":{"_et_pb_use_builder":"","_et_pb_old_content":"","_et_gb_content_width":"","footnotes":""},"categories":[20],"tags":[],"class_list":["post-12350","post","type-post","status-publish","format-standard","has-post-thumbnail","hentry","category-pamplona-iruna"],"yoast_head":"<!-- This site is optimized with the Yoast SEO plugin v27.4 - https:\/\/yoast.com\/product\/yoast-seo-wordpress\/ -->\n<title>PASCUA EN PAMPLONA-IRU\u00d1A 2015, Bidean, Lurberri y Comunidad Cristiana Escolapia.<\/title>\n<meta name=\"description\" content=\"Acabamos la Pascua 2015 en Pamplona-Iru\u00f1a emocionados y entusiasmados. El lema de este curso \u201cven y ver\u00e1s\u201d podr\u00eda ser el resumen de lo vivido: hemos acompa\u00f1ado a Jes\u00fas en su Pascua y nos hemos encontrado con \u00c9l. Ha sido a trav\u00e9s de la participaci\u00f3n de tanta gente, a trav\u00e9s de la profundidad de las oraciones,&hellip;\" \/>\n<meta name=\"robots\" content=\"index, follow, max-snippet:-1, max-image-preview:large, max-video-preview:-1\" \/>\n<link rel=\"canonical\" href=\"\" \/>\n<meta property=\"og:locale\" content=\"pt_BR\" \/>\n<meta property=\"og:type\" content=\"article\" \/>\n<meta property=\"og:title\" content=\"PASCUA EN PAMPLONA-IRU\u00d1A 2015, Bidean, Lurberri y Comunidad Cristiana Escolapia.\" \/>\n<meta property=\"og:description\" content=\"Acabamos la Pascua 2015 en Pamplona-Iru\u00f1a emocionados y entusiasmados. El lema de este curso \u201cven y ver\u00e1s\u201d podr\u00eda ser el resumen de lo vivido: hemos acompa\u00f1ado a Jes\u00fas en su Pascua y nos hemos encontrado con \u00c9l. Ha sido a trav\u00e9s de la participaci\u00f3n de tanta gente, a trav\u00e9s de la profundidad de las oraciones,&hellip;\" \/>\n<meta property=\"og:url\" content=\"https:\/\/www.itakaescolapios.org\/pt\/2015\/04\/pascua-en-pamplona-iruna-2015-bidean-lurberri-y-comunidad-cristiana-escolapia\/\" \/>\n<meta property=\"og:site_name\" content=\"Itaka-Escolapios\" \/>\n<meta property=\"article:published_time\" content=\"2015-04-08T20:52:59+00:00\" \/>\n<meta property=\"article:modified_time\" content=\"2023-11-28T11:38:43+00:00\" \/>\n<meta property=\"og:image\" content=\"https:\/\/www.itakaescolapios.org\/wp-content\/uploads\/2015\/04\/IMG_2250.jpg\" \/>\n\t<meta property=\"og:image:width\" content=\"1824\" \/>\n\t<meta property=\"og:image:height\" content=\"1368\" \/>\n\t<meta property=\"og:image:type\" content=\"image\/jpeg\" \/>\n<meta name=\"author\" content=\"pamplona01\" \/>\n<meta name=\"twitter:card\" content=\"summary_large_image\" \/>\n<meta name=\"twitter:label1\" content=\"Escrito por\" \/>\n\t<meta name=\"twitter:data1\" content=\"pamplona01\" \/>\n\t<meta name=\"twitter:label2\" content=\"Est. tempo de leitura\" \/>\n\t<meta name=\"twitter:data2\" content=\"7 minutos\" \/>\n<script type=\"application\/ld+json\" class=\"yoast-schema-graph\">{\"@context\":\"https:\\\/\\\/schema.org\",\"@graph\":[{\"@type\":\"Article\",\"@id\":\"https:\\\/\\\/www.itakaescolapios.org\\\/pt\\\/2015\\\/04\\\/pascua-en-pamplona-iruna-2015-bidean-lurberri-y-comunidad-cristiana-escolapia\\\/#article\",\"isPartOf\":{\"@id\":\"https:\\\/\\\/www.itakaescolapios.org\\\/pt\\\/2015\\\/04\\\/pascua-en-pamplona-iruna-2015-bidean-lurberri-y-comunidad-cristiana-escolapia\\\/\"},\"author\":{\"name\":\"pamplona01\",\"@id\":\"https:\\\/\\\/www.itakaescolapios.org\\\/es\\\/#\\\/schema\\\/person\\\/a44de70f9a43a90c3e0f59aaaffd61f3\"},\"headline\":\"PASCUA EN PAMPLONA-IRU\u00d1A 2015, Bidean, Lurberri y Comunidad Cristiana Escolapia.\",\"datePublished\":\"2015-04-08T20:52:59+00:00\",\"dateModified\":\"2023-11-28T11:38:43+00:00\",\"mainEntityOfPage\":{\"@id\":\"https:\\\/\\\/www.itakaescolapios.org\\\/pt\\\/2015\\\/04\\\/pascua-en-pamplona-iruna-2015-bidean-lurberri-y-comunidad-cristiana-escolapia\\\/\"},\"wordCount\":1456,\"publisher\":{\"@id\":\"https:\\\/\\\/www.itakaescolapios.org\\\/es\\\/#organization\"},\"image\":{\"@id\":\"https:\\\/\\\/www.itakaescolapios.org\\\/pt\\\/2015\\\/04\\\/pascua-en-pamplona-iruna-2015-bidean-lurberri-y-comunidad-cristiana-escolapia\\\/#primaryimage\"},\"thumbnailUrl\":\"https:\\\/\\\/www.itakaescolapios.org\\\/wp-content\\\/uploads\\\/2015\\\/04\\\/IMG_2250.jpg\",\"articleSection\":[\"Pamplona-Iru\u00f1a\"],\"inLanguage\":\"pt-BR\"},{\"@type\":\"WebPage\",\"@id\":\"https:\\\/\\\/www.itakaescolapios.org\\\/pt\\\/2015\\\/04\\\/pascua-en-pamplona-iruna-2015-bidean-lurberri-y-comunidad-cristiana-escolapia\\\/\",\"url\":\"https:\\\/\\\/www.itakaescolapios.org\\\/pt\\\/2015\\\/04\\\/pascua-en-pamplona-iruna-2015-bidean-lurberri-y-comunidad-cristiana-escolapia\\\/\",\"name\":\"PASCUA EN PAMPLONA-IRU\u00d1A 2015, Bidean, Lurberri y Comunidad Cristiana Escolapia. - Itaka-Escolapios\",\"isPartOf\":{\"@id\":\"https:\\\/\\\/www.itakaescolapios.org\\\/es\\\/#website\"},\"primaryImageOfPage\":{\"@id\":\"https:\\\/\\\/www.itakaescolapios.org\\\/pt\\\/2015\\\/04\\\/pascua-en-pamplona-iruna-2015-bidean-lurberri-y-comunidad-cristiana-escolapia\\\/#primaryimage\"},\"image\":{\"@id\":\"https:\\\/\\\/www.itakaescolapios.org\\\/pt\\\/2015\\\/04\\\/pascua-en-pamplona-iruna-2015-bidean-lurberri-y-comunidad-cristiana-escolapia\\\/#primaryimage\"},\"thumbnailUrl\":\"https:\\\/\\\/www.itakaescolapios.org\\\/wp-content\\\/uploads\\\/2015\\\/04\\\/IMG_2250.jpg\",\"datePublished\":\"2015-04-08T20:52:59+00:00\",\"dateModified\":\"2023-11-28T11:38:43+00:00\",\"breadcrumb\":{\"@id\":\"https:\\\/\\\/www.itakaescolapios.org\\\/pt\\\/2015\\\/04\\\/pascua-en-pamplona-iruna-2015-bidean-lurberri-y-comunidad-cristiana-escolapia\\\/#breadcrumb\"},\"inLanguage\":\"pt-BR\",\"potentialAction\":[{\"@type\":\"ReadAction\",\"target\":[\"https:\\\/\\\/www.itakaescolapios.org\\\/pt\\\/2015\\\/04\\\/pascua-en-pamplona-iruna-2015-bidean-lurberri-y-comunidad-cristiana-escolapia\\\/\"]}]},{\"@type\":\"ImageObject\",\"inLanguage\":\"pt-BR\",\"@id\":\"https:\\\/\\\/www.itakaescolapios.org\\\/pt\\\/2015\\\/04\\\/pascua-en-pamplona-iruna-2015-bidean-lurberri-y-comunidad-cristiana-escolapia\\\/#primaryimage\",\"url\":\"https:\\\/\\\/www.itakaescolapios.org\\\/wp-content\\\/uploads\\\/2015\\\/04\\\/IMG_2250.jpg\",\"contentUrl\":\"https:\\\/\\\/www.itakaescolapios.org\\\/wp-content\\\/uploads\\\/2015\\\/04\\\/IMG_2250.jpg\",\"width\":1824,\"height\":1368},{\"@type\":\"BreadcrumbList\",\"@id\":\"https:\\\/\\\/www.itakaescolapios.org\\\/pt\\\/2015\\\/04\\\/pascua-en-pamplona-iruna-2015-bidean-lurberri-y-comunidad-cristiana-escolapia\\\/#breadcrumb\",\"itemListElement\":[{\"@type\":\"ListItem\",\"position\":1,\"name\":\"Itaka-Escolapios\",\"item\":\"https:\\\/\\\/www.itakaescolapios.org\\\/es\\\/\"},{\"@type\":\"ListItem\",\"position\":2,\"name\":\"PASCUA EN PAMPLONA-IRU\u00d1A 2015, Bidean, Lurberri y Comunidad Cristiana Escolapia.\"}]},{\"@type\":\"WebSite\",\"@id\":\"https:\\\/\\\/www.itakaescolapios.org\\\/pt\\\/es\\\/#website\",\"url\":\"https:\\\/\\\/www.itakaescolapios.org\\\/pt\\\/es\\\/\",\"name\":\"Itaka-Escolapios\",\"description\":\"Red de Itaka-Escolapios\",\"publisher\":{\"@id\":\"https:\\\/\\\/www.itakaescolapios.org\\\/pt\\\/es\\\/#organization\"},\"potentialAction\":[{\"@type\":\"SearchAction\",\"target\":{\"@type\":\"EntryPoint\",\"urlTemplate\":\"https:\\\/\\\/www.itakaescolapios.org\\\/pt\\\/es\\\/?s={search_term_string}\"},\"query-input\":{\"@type\":\"PropertyValueSpecification\",\"valueRequired\":true,\"valueName\":\"search_term_string\"}}],\"inLanguage\":\"pt-BR\"},{\"@type\":\"Organization\",\"@id\":\"https:\\\/\\\/www.itakaescolapios.org\\\/pt\\\/es\\\/#organization\",\"name\":\"Fundaci\u00f3 Itaka-Escolapios\",\"url\":\"https:\\\/\\\/www.itakaescolapios.org\\\/pt\\\/es\\\/\",\"logo\":{\"@type\":\"ImageObject\",\"inLanguage\":\"pt-BR\",\"@id\":\"https:\\\/\\\/www.itakaescolapios.org\\\/pt\\\/es\\\/#\\\/schema\\\/logo\\\/image\\\/\",\"url\":\"https:\\\/\\\/www.itakaescolapios.org\\\/wp-content\\\/uploads\\\/2024\\\/04\\\/Logo-itakaescolapios-peque.png\",\"contentUrl\":\"https:\\\/\\\/www.itakaescolapios.org\\\/wp-content\\\/uploads\\\/2024\\\/04\\\/Logo-itakaescolapios-peque.png\",\"width\":500,\"height\":199,\"caption\":\"Fundaci\u00f3 Itaka-Escolapios\"},\"image\":{\"@id\":\"https:\\\/\\\/www.itakaescolapios.org\\\/pt\\\/es\\\/#\\\/schema\\\/logo\\\/image\\\/\"}},{\"@type\":\"Person\",\"@id\":\"https:\\\/\\\/www.itakaescolapios.org\\\/es\\\/#\\\/schema\\\/person\\\/a44de70f9a43a90c3e0f59aaaffd61f3\",\"name\":\"pamplona01\",\"url\":\"https:\\\/\\\/www.itakaescolapios.org\\\/pt\\\/author\\\/pamplona01\\\/\"}]}<\/script>\n<!-- \/ Yoast SEO plugin. -->","yoast_head_json":{"title":"PASCUA EN PAMPLONA-IRU\u00d1A 2015, Bidean, Lurberri y Comunidad Cristiana Escolapia.","description":"Acabamos la Pascua 2015 en Pamplona-Iru\u00f1a emocionados y entusiasmados. El lema de este curso \u201cven y ver\u00e1s\u201d podr\u00eda ser el resumen de lo vivido: hemos acompa\u00f1ado a Jes\u00fas en su Pascua y nos hemos encontrado con \u00c9l. Ha sido a trav\u00e9s de la participaci\u00f3n de tanta gente, a trav\u00e9s de la profundidad de las oraciones,&hellip;","robots":{"index":"index","follow":"follow","max-snippet":"max-snippet:-1","max-image-preview":"max-image-preview:large","max-video-preview":"max-video-preview:-1"},"canonical":"Acabamos la Pascua 2015 en Pamplona-Iru\u00f1a emocionados y entusiasmados. El lema de este curso \u201cven y ver\u00e1s\u201d podr\u00eda ser el resumen de lo vivido: hemos acompa\u00f1ado a Jes\u00fas en su Pascua y nos hemos encontrado con \u00c9l. Ha sido a trav\u00e9s de la participaci\u00f3n de tanta gente, a trav\u00e9s de la profundidad de las oraciones,&hellip;","og_locale":"pt_BR","og_type":"article","og_title":"PASCUA EN PAMPLONA-IRU\u00d1A 2015, Bidean, Lurberri y Comunidad Cristiana Escolapia.","og_description":"Acabamos la Pascua 2015 en Pamplona-Iru\u00f1a emocionados y entusiasmados. El lema de este curso \u201cven y ver\u00e1s\u201d podr\u00eda ser el resumen de lo vivido: hemos acompa\u00f1ado a Jes\u00fas en su Pascua y nos hemos encontrado con \u00c9l. Ha sido a trav\u00e9s de la participaci\u00f3n de tanta gente, a trav\u00e9s de la profundidad de las oraciones,&hellip;","og_url":"https:\/\/www.itakaescolapios.org\/pt\/2015\/04\/pascua-en-pamplona-iruna-2015-bidean-lurberri-y-comunidad-cristiana-escolapia\/","og_site_name":"Itaka-Escolapios","article_published_time":"2015-04-08T20:52:59+00:00","article_modified_time":"2023-11-28T11:38:43+00:00","og_image":[{"width":1824,"height":1368,"url":"https:\/\/www.itakaescolapios.org\/wp-content\/uploads\/2015\/04\/IMG_2250.jpg","type":"image\/jpeg"}],"author":"pamplona01","twitter_card":"summary_large_image","twitter_misc":{"Escrito por":"pamplona01","Est. tempo de leitura":"7 minutos"},"schema":{"@context":"https:\/\/schema.org","@graph":[{"@type":"Article","@id":"https:\/\/www.itakaescolapios.org\/pt\/2015\/04\/pascua-en-pamplona-iruna-2015-bidean-lurberri-y-comunidad-cristiana-escolapia\/#article","isPartOf":{"@id":"https:\/\/www.itakaescolapios.org\/pt\/2015\/04\/pascua-en-pamplona-iruna-2015-bidean-lurberri-y-comunidad-cristiana-escolapia\/"},"author":{"name":"pamplona01","@id":"https:\/\/www.itakaescolapios.org\/es\/#\/schema\/person\/a44de70f9a43a90c3e0f59aaaffd61f3"},"headline":"PASCUA EN PAMPLONA-IRU\u00d1A 2015, Bidean, Lurberri y Comunidad Cristiana Escolapia.","datePublished":"2015-04-08T20:52:59+00:00","dateModified":"2023-11-28T11:38:43+00:00","mainEntityOfPage":{"@id":"https:\/\/www.itakaescolapios.org\/pt\/2015\/04\/pascua-en-pamplona-iruna-2015-bidean-lurberri-y-comunidad-cristiana-escolapia\/"},"wordCount":1456,"publisher":{"@id":"https:\/\/www.itakaescolapios.org\/es\/#organization"},"image":{"@id":"https:\/\/www.itakaescolapios.org\/pt\/2015\/04\/pascua-en-pamplona-iruna-2015-bidean-lurberri-y-comunidad-cristiana-escolapia\/#primaryimage"},"thumbnailUrl":"https:\/\/www.itakaescolapios.org\/wp-content\/uploads\/2015\/04\/IMG_2250.jpg","articleSection":["Pamplona-Iru\u00f1a"],"inLanguage":"pt-BR"},{"@type":"WebPage","@id":"https:\/\/www.itakaescolapios.org\/pt\/2015\/04\/pascua-en-pamplona-iruna-2015-bidean-lurberri-y-comunidad-cristiana-escolapia\/","url":"https:\/\/www.itakaescolapios.org\/pt\/2015\/04\/pascua-en-pamplona-iruna-2015-bidean-lurberri-y-comunidad-cristiana-escolapia\/","name":"PASCUA EN PAMPLONA-IRU\u00d1A 2015, Bidean, Lurberri y Comunidad Cristiana Escolapia. - Itaka-Escolapios","isPartOf":{"@id":"https:\/\/www.itakaescolapios.org\/es\/#website"},"primaryImageOfPage":{"@id":"https:\/\/www.itakaescolapios.org\/pt\/2015\/04\/pascua-en-pamplona-iruna-2015-bidean-lurberri-y-comunidad-cristiana-escolapia\/#primaryimage"},"image":{"@id":"https:\/\/www.itakaescolapios.org\/pt\/2015\/04\/pascua-en-pamplona-iruna-2015-bidean-lurberri-y-comunidad-cristiana-escolapia\/#primaryimage"},"thumbnailUrl":"https:\/\/www.itakaescolapios.org\/wp-content\/uploads\/2015\/04\/IMG_2250.jpg","datePublished":"2015-04-08T20:52:59+00:00","dateModified":"2023-11-28T11:38:43+00:00","breadcrumb":{"@id":"https:\/\/www.itakaescolapios.org\/pt\/2015\/04\/pascua-en-pamplona-iruna-2015-bidean-lurberri-y-comunidad-cristiana-escolapia\/#breadcrumb"},"inLanguage":"pt-BR","potentialAction":[{"@type":"ReadAction","target":["https:\/\/www.itakaescolapios.org\/pt\/2015\/04\/pascua-en-pamplona-iruna-2015-bidean-lurberri-y-comunidad-cristiana-escolapia\/"]}]},{"@type":"ImageObject","inLanguage":"pt-BR","@id":"https:\/\/www.itakaescolapios.org\/pt\/2015\/04\/pascua-en-pamplona-iruna-2015-bidean-lurberri-y-comunidad-cristiana-escolapia\/#primaryimage","url":"https:\/\/www.itakaescolapios.org\/wp-content\/uploads\/2015\/04\/IMG_2250.jpg","contentUrl":"https:\/\/www.itakaescolapios.org\/wp-content\/uploads\/2015\/04\/IMG_2250.jpg","width":1824,"height":1368},{"@type":"BreadcrumbList","@id":"https:\/\/www.itakaescolapios.org\/pt\/2015\/04\/pascua-en-pamplona-iruna-2015-bidean-lurberri-y-comunidad-cristiana-escolapia\/#breadcrumb","itemListElement":[{"@type":"ListItem","position":1,"name":"Itaka-Escolapios","item":"https:\/\/www.itakaescolapios.org\/es\/"},{"@type":"ListItem","position":2,"name":"PASCUA EN PAMPLONA-IRU\u00d1A 2015, Bidean, Lurberri y Comunidad Cristiana Escolapia."}]},{"@type":"WebSite","@id":"https:\/\/www.itakaescolapios.org\/pt\/es\/#website","url":"https:\/\/www.itakaescolapios.org\/pt\/es\/","name":"Itaka-Escolapios","description":"Red de Itaka-Escolapios","publisher":{"@id":"https:\/\/www.itakaescolapios.org\/pt\/es\/#organization"},"potentialAction":[{"@type":"SearchAction","target":{"@type":"EntryPoint","urlTemplate":"https:\/\/www.itakaescolapios.org\/pt\/es\/?s={search_term_string}"},"query-input":{"@type":"PropertyValueSpecification","valueRequired":true,"valueName":"search_term_string"}}],"inLanguage":"pt-BR"},{"@type":"Organization","@id":"https:\/\/www.itakaescolapios.org\/pt\/es\/#organization","name":"Fundaci\u00f3 Itaka-Escolapios","url":"https:\/\/www.itakaescolapios.org\/pt\/es\/","logo":{"@type":"ImageObject","inLanguage":"pt-BR","@id":"https:\/\/www.itakaescolapios.org\/pt\/es\/#\/schema\/logo\/image\/","url":"https:\/\/www.itakaescolapios.org\/wp-content\/uploads\/2024\/04\/Logo-itakaescolapios-peque.png","contentUrl":"https:\/\/www.itakaescolapios.org\/wp-content\/uploads\/2024\/04\/Logo-itakaescolapios-peque.png","width":500,"height":199,"caption":"Fundaci\u00f3 Itaka-Escolapios"},"image":{"@id":"https:\/\/www.itakaescolapios.org\/pt\/es\/#\/schema\/logo\/image\/"}},{"@type":"Person","@id":"https:\/\/www.itakaescolapios.org\/es\/#\/schema\/person\/a44de70f9a43a90c3e0f59aaaffd61f3","name":"pamplona01","url":"https:\/\/www.itakaescolapios.org\/pt\/author\/pamplona01\/"}]}},"_links":{"self":[{"href":"https:\/\/www.itakaescolapios.org\/pt\/wp-json\/wp\/v2\/posts\/12350","targetHints":{"allow":["GET"]}}],"collection":[{"href":"https:\/\/www.itakaescolapios.org\/pt\/wp-json\/wp\/v2\/posts"}],"about":[{"href":"https:\/\/www.itakaescolapios.org\/pt\/wp-json\/wp\/v2\/types\/post"}],"author":[{"embeddable":true,"href":"https:\/\/www.itakaescolapios.org\/pt\/wp-json\/wp\/v2\/users\/29"}],"replies":[{"embeddable":true,"href":"https:\/\/www.itakaescolapios.org\/pt\/wp-json\/wp\/v2\/comments?post=12350"}],"version-history":[{"count":6,"href":"https:\/\/www.itakaescolapios.org\/pt\/wp-json\/wp\/v2\/posts\/12350\/revisions"}],"predecessor-version":[{"id":48668,"href":"https:\/\/www.itakaescolapios.org\/pt\/wp-json\/wp\/v2\/posts\/12350\/revisions\/48668"}],"wp:featuredmedia":[{"embeddable":true,"href":"https:\/\/www.itakaescolapios.org\/pt\/wp-json\/wp\/v2\/media\/12351"}],"wp:attachment":[{"href":"https:\/\/www.itakaescolapios.org\/pt\/wp-json\/wp\/v2\/media?parent=12350"}],"wp:term":[{"taxonomy":"category","embeddable":true,"href":"https:\/\/www.itakaescolapios.org\/pt\/wp-json\/wp\/v2\/categories?post=12350"},{"taxonomy":"post_tag","embeddable":true,"href":"https:\/\/www.itakaescolapios.org\/pt\/wp-json\/wp\/v2\/tags?post=12350"}],"curies":[{"name":"wp","href":"https:\/\/api.w.org\/{rel}","templated":true}]}}