{"id":12456,"date":"2015-04-22T11:41:17","date_gmt":"2015-04-22T10:41:17","guid":{"rendered":"https:\/\/www.itakaescolapios.org\/?p=12456"},"modified":"2023-11-28T12:38:42","modified_gmt":"2023-11-28T11:38:42","slug":"diez-anos-y-muchos-mas-de-movimiento-calasanz-en-navarra","status":"publish","type":"post","link":"https:\/\/www.itakaescolapios.org\/pt\/2015\/04\/diez-anos-y-muchos-mas-de-movimiento-calasanz-en-navarra\/","title":{"rendered":"Diez a\u00f1os (\u00a1y muchos m\u00e1s!) de Movimiento Calasanz en Navarra."},"content":{"rendered":"<p>Y es que han pasado 10 a\u00f1os y hemos crecido y mucho en el Movimiento Calasanz de Navarra (Calasanz Kideak).<\/p>\n<p>Os dejamos dos fotos de dos campamentos de verano, entre ambas han pasado justo 10 a\u00f1os, de muchos campamentos, grupos, salidas, oraciones, experiencias de voluntariado, promesas, y miles y miles de historias.<\/p>\n<p>Y es que poco a poco vamos construyendo un futuro, un mundo mejor, porque s\u00ed, la educaci\u00f3n cambia el futuro.<\/p>\n<p><strong>B\u00fascate en ambas fotos, y an\u00edmate a escribir sue\u00f1os para el movimiento Calasanz.\u00a0<a href=\"https:\/\/www.facebook.com\/hashtag\/celebra10a%C3%B1os?source=feed_text&amp;story_id=1050487321658730\">\u202a#\u200ecelebra10a\u00f1os\u202c<\/a>\u00a0@itkescolapiosna<\/strong><a href=\"https:\/\/www.itakaescolapios.org\/wp-content\/uploads\/2015\/04\/calasanz-kideak-2005.jpg\"><img decoding=\"async\" class=\"aligncenter size-medium wp-image-12457\" alt=\"calasanz kideak 2005\" src=\"https:\/\/www.itakaescolapios.org\/wp-content\/uploads\/2015\/04\/calasanz-kideak-2005-300x225.jpg\" width=\"300\" height=\"225\" srcset=\"https:\/\/www.itakaescolapios.org\/wp-content\/uploads\/2015\/04\/calasanz-kideak-2005-300x225.jpg 300w, https:\/\/www.itakaescolapios.org\/wp-content\/uploads\/2015\/04\/calasanz-kideak-2005-1024x768.jpg 1024w, https:\/\/www.itakaescolapios.org\/wp-content\/uploads\/2015\/04\/calasanz-kideak-2005-250x187.jpg 250w, https:\/\/www.itakaescolapios.org\/wp-content\/uploads\/2015\/04\/calasanz-kideak-2005.jpg 2048w\" sizes=\"(max-width: 300px) 100vw, 300px\" \/><\/a> <a href=\"https:\/\/www.itakaescolapios.org\/wp-content\/uploads\/2015\/04\/calasanz-kideak-2014.jpg\"><img decoding=\"async\" class=\"aligncenter size-medium wp-image-12458\" alt=\"calasanz kideak 2014\" src=\"https:\/\/www.itakaescolapios.org\/wp-content\/uploads\/2015\/04\/calasanz-kideak-2014-300x225.jpg\" width=\"300\" height=\"225\" srcset=\"https:\/\/www.itakaescolapios.org\/wp-content\/uploads\/2015\/04\/calasanz-kideak-2014-300x225.jpg 300w, https:\/\/www.itakaescolapios.org\/wp-content\/uploads\/2015\/04\/calasanz-kideak-2014-1024x768.jpg 1024w, https:\/\/www.itakaescolapios.org\/wp-content\/uploads\/2015\/04\/calasanz-kideak-2014-250x187.jpg 250w, https:\/\/www.itakaescolapios.org\/wp-content\/uploads\/2015\/04\/calasanz-kideak-2014.jpg 2048w\" sizes=\"(max-width: 300px) 100vw, 300px\" \/><\/a><\/p>\n<div><\/div>\n","protected":false},"excerpt":{"rendered":"<p>Y es que han pasado 10 a\u00f1os y hemos crecido y mucho en el Movimiento Calasanz de Navarra (Calasanz Kideak). Os dejamos dos fotos de dos campamentos de verano, entre [&hellip;]<\/p>\n","protected":false},"author":29,"featured_media":12458,"comment_status":"closed","ping_status":"closed","sticky":false,"template":"","format":"standard","meta":{"_et_pb_use_builder":"","_et_pb_old_content":"","_et_gb_content_width":"","footnotes":""},"categories":[20],"tags":[],"class_list":["post-12456","post","type-post","status-publish","format-standard","has-post-thumbnail","hentry","category-pamplona-iruna"],"yoast_head":"<!-- This site is optimized with the Yoast SEO plugin v27.4 - https:\/\/yoast.com\/product\/yoast-seo-wordpress\/ -->\n<title>Diez a\u00f1os (\u00a1y muchos m\u00e1s!) de Movimiento Calasanz en Navarra.<\/title>\n<meta name=\"description\" content=\"Y es que han pasado 10 a\u00f1os y hemos crecido y mucho en el Movimiento Calasanz de Navarra (Calasanz Kideak). Os dejamos dos fotos de dos campamentos de verano, entre ambas han pasado justo 10 a\u00f1os, de muchos campamentos, grupos, salidas, oraciones, experiencias de voluntariado, promesas, y miles y miles de historias. Y es que&hellip;\" \/>\n<meta name=\"robots\" content=\"index, follow, max-snippet:-1, max-image-preview:large, max-video-preview:-1\" \/>\n<link rel=\"canonical\" href=\"http:\/\/Y%20es%20que%20han%20pasado%2010%20a\u00f1os%20y%20hemos%20crecido%20y%20mucho%20en%20el%20Movimiento%20Calasanz%20de%20Navarra%20(Calasanz%20Kideak).%20Os%20dejamos%20dos%20fotos%20de%20dos%20campamentos%20de%20verano,%20entre%20ambas%20han%20pasado%20justo%2010%20a\u00f1os,%20de%20muchos%20campamentos,%20grupos,%20salidas,%20oraciones,%20experiencias%20de%20voluntariado,%20promesas,%20y%20miles%20y%20miles%20de%20historias.%20Y%20es%20que&hellip;\" \/>\n<meta property=\"og:locale\" content=\"pt_BR\" \/>\n<meta property=\"og:type\" content=\"article\" \/>\n<meta property=\"og:title\" content=\"Diez a\u00f1os (\u00a1y muchos m\u00e1s!) de Movimiento Calasanz en Navarra.\" \/>\n<meta property=\"og:description\" content=\"Y es que han pasado 10 a\u00f1os y hemos crecido y mucho en el Movimiento Calasanz de Navarra (Calasanz Kideak). Os dejamos dos fotos de dos campamentos de verano, entre ambas han pasado justo 10 a\u00f1os, de muchos campamentos, grupos, salidas, oraciones, experiencias de voluntariado, promesas, y miles y miles de historias. Y es que&hellip;\" \/>\n<meta property=\"og:url\" content=\"https:\/\/www.itakaescolapios.org\/pt\/2015\/04\/diez-anos-y-muchos-mas-de-movimiento-calasanz-en-navarra\/\" \/>\n<meta property=\"og:site_name\" content=\"Itaka-Escolapios\" \/>\n<meta property=\"article:published_time\" content=\"2015-04-22T10:41:17+00:00\" \/>\n<meta property=\"article:modified_time\" content=\"2023-11-28T11:38:42+00:00\" \/>\n<meta property=\"og:image\" content=\"https:\/\/www.itakaescolapios.org\/wp-content\/uploads\/2015\/04\/calasanz-kideak-2014.jpg\" \/>\n\t<meta property=\"og:image:width\" content=\"2048\" \/>\n\t<meta property=\"og:image:height\" content=\"1536\" \/>\n\t<meta property=\"og:image:type\" content=\"image\/jpeg\" \/>\n<meta name=\"author\" content=\"pamplona01\" \/>\n<meta name=\"twitter:card\" content=\"summary_large_image\" \/>\n<meta name=\"twitter:label1\" content=\"Escrito por\" \/>\n\t<meta name=\"twitter:data1\" content=\"pamplona01\" \/>\n<script type=\"application\/ld+json\" class=\"yoast-schema-graph\">{\"@context\":\"https:\\\/\\\/schema.org\",\"@graph\":[{\"@type\":\"Article\",\"@id\":\"https:\\\/\\\/www.itakaescolapios.org\\\/pt\\\/2015\\\/04\\\/diez-anos-y-muchos-mas-de-movimiento-calasanz-en-navarra\\\/#article\",\"isPartOf\":{\"@id\":\"https:\\\/\\\/www.itakaescolapios.org\\\/pt\\\/2015\\\/04\\\/diez-anos-y-muchos-mas-de-movimiento-calasanz-en-navarra\\\/\"},\"author\":{\"name\":\"pamplona01\",\"@id\":\"https:\\\/\\\/www.itakaescolapios.org\\\/es\\\/#\\\/schema\\\/person\\\/a44de70f9a43a90c3e0f59aaaffd61f3\"},\"headline\":\"Diez a\u00f1os (\u00a1y muchos m\u00e1s!) de Movimiento Calasanz en Navarra.\",\"datePublished\":\"2015-04-22T10:41:17+00:00\",\"dateModified\":\"2023-11-28T11:38:42+00:00\",\"mainEntityOfPage\":{\"@id\":\"https:\\\/\\\/www.itakaescolapios.org\\\/pt\\\/2015\\\/04\\\/diez-anos-y-muchos-mas-de-movimiento-calasanz-en-navarra\\\/\"},\"wordCount\":105,\"publisher\":{\"@id\":\"https:\\\/\\\/www.itakaescolapios.org\\\/es\\\/#organization\"},\"image\":{\"@id\":\"https:\\\/\\\/www.itakaescolapios.org\\\/pt\\\/2015\\\/04\\\/diez-anos-y-muchos-mas-de-movimiento-calasanz-en-navarra\\\/#primaryimage\"},\"thumbnailUrl\":\"https:\\\/\\\/www.itakaescolapios.org\\\/wp-content\\\/uploads\\\/2015\\\/04\\\/calasanz-kideak-2014.jpg\",\"articleSection\":[\"Pamplona-Iru\u00f1a\"],\"inLanguage\":\"pt-BR\"},{\"@type\":\"WebPage\",\"@id\":\"https:\\\/\\\/www.itakaescolapios.org\\\/pt\\\/2015\\\/04\\\/diez-anos-y-muchos-mas-de-movimiento-calasanz-en-navarra\\\/\",\"url\":\"https:\\\/\\\/www.itakaescolapios.org\\\/pt\\\/2015\\\/04\\\/diez-anos-y-muchos-mas-de-movimiento-calasanz-en-navarra\\\/\",\"name\":\"Diez a\u00f1os (\u00a1y muchos m\u00e1s!) de Movimiento Calasanz en Navarra. - Itaka-Escolapios\",\"isPartOf\":{\"@id\":\"https:\\\/\\\/www.itakaescolapios.org\\\/es\\\/#website\"},\"primaryImageOfPage\":{\"@id\":\"https:\\\/\\\/www.itakaescolapios.org\\\/pt\\\/2015\\\/04\\\/diez-anos-y-muchos-mas-de-movimiento-calasanz-en-navarra\\\/#primaryimage\"},\"image\":{\"@id\":\"https:\\\/\\\/www.itakaescolapios.org\\\/pt\\\/2015\\\/04\\\/diez-anos-y-muchos-mas-de-movimiento-calasanz-en-navarra\\\/#primaryimage\"},\"thumbnailUrl\":\"https:\\\/\\\/www.itakaescolapios.org\\\/wp-content\\\/uploads\\\/2015\\\/04\\\/calasanz-kideak-2014.jpg\",\"datePublished\":\"2015-04-22T10:41:17+00:00\",\"dateModified\":\"2023-11-28T11:38:42+00:00\",\"breadcrumb\":{\"@id\":\"https:\\\/\\\/www.itakaescolapios.org\\\/pt\\\/2015\\\/04\\\/diez-anos-y-muchos-mas-de-movimiento-calasanz-en-navarra\\\/#breadcrumb\"},\"inLanguage\":\"pt-BR\",\"potentialAction\":[{\"@type\":\"ReadAction\",\"target\":[\"https:\\\/\\\/www.itakaescolapios.org\\\/pt\\\/2015\\\/04\\\/diez-anos-y-muchos-mas-de-movimiento-calasanz-en-navarra\\\/\"]}]},{\"@type\":\"ImageObject\",\"inLanguage\":\"pt-BR\",\"@id\":\"https:\\\/\\\/www.itakaescolapios.org\\\/pt\\\/2015\\\/04\\\/diez-anos-y-muchos-mas-de-movimiento-calasanz-en-navarra\\\/#primaryimage\",\"url\":\"https:\\\/\\\/www.itakaescolapios.org\\\/wp-content\\\/uploads\\\/2015\\\/04\\\/calasanz-kideak-2014.jpg\",\"contentUrl\":\"https:\\\/\\\/www.itakaescolapios.org\\\/wp-content\\\/uploads\\\/2015\\\/04\\\/calasanz-kideak-2014.jpg\",\"width\":2048,\"height\":1536},{\"@type\":\"BreadcrumbList\",\"@id\":\"https:\\\/\\\/www.itakaescolapios.org\\\/pt\\\/2015\\\/04\\\/diez-anos-y-muchos-mas-de-movimiento-calasanz-en-navarra\\\/#breadcrumb\",\"itemListElement\":[{\"@type\":\"ListItem\",\"position\":1,\"name\":\"Itaka-Escolapios\",\"item\":\"https:\\\/\\\/www.itakaescolapios.org\\\/es\\\/\"},{\"@type\":\"ListItem\",\"position\":2,\"name\":\"Diez a\u00f1os (\u00a1y muchos m\u00e1s!) de Movimiento Calasanz en Navarra.\"}]},{\"@type\":\"WebSite\",\"@id\":\"https:\\\/\\\/www.itakaescolapios.org\\\/pt\\\/es\\\/#website\",\"url\":\"https:\\\/\\\/www.itakaescolapios.org\\\/pt\\\/es\\\/\",\"name\":\"Itaka-Escolapios\",\"description\":\"Red de Itaka-Escolapios\",\"publisher\":{\"@id\":\"https:\\\/\\\/www.itakaescolapios.org\\\/pt\\\/es\\\/#organization\"},\"potentialAction\":[{\"@type\":\"SearchAction\",\"target\":{\"@type\":\"EntryPoint\",\"urlTemplate\":\"https:\\\/\\\/www.itakaescolapios.org\\\/pt\\\/es\\\/?s={search_term_string}\"},\"query-input\":{\"@type\":\"PropertyValueSpecification\",\"valueRequired\":true,\"valueName\":\"search_term_string\"}}],\"inLanguage\":\"pt-BR\"},{\"@type\":\"Organization\",\"@id\":\"https:\\\/\\\/www.itakaescolapios.org\\\/pt\\\/es\\\/#organization\",\"name\":\"Fundaci\u00f3 Itaka-Escolapios\",\"url\":\"https:\\\/\\\/www.itakaescolapios.org\\\/pt\\\/es\\\/\",\"logo\":{\"@type\":\"ImageObject\",\"inLanguage\":\"pt-BR\",\"@id\":\"https:\\\/\\\/www.itakaescolapios.org\\\/pt\\\/es\\\/#\\\/schema\\\/logo\\\/image\\\/\",\"url\":\"https:\\\/\\\/www.itakaescolapios.org\\\/wp-content\\\/uploads\\\/2024\\\/04\\\/Logo-itakaescolapios-peque.png\",\"contentUrl\":\"https:\\\/\\\/www.itakaescolapios.org\\\/wp-content\\\/uploads\\\/2024\\\/04\\\/Logo-itakaescolapios-peque.png\",\"width\":500,\"height\":199,\"caption\":\"Fundaci\u00f3 Itaka-Escolapios\"},\"image\":{\"@id\":\"https:\\\/\\\/www.itakaescolapios.org\\\/pt\\\/es\\\/#\\\/schema\\\/logo\\\/image\\\/\"}},{\"@type\":\"Person\",\"@id\":\"https:\\\/\\\/www.itakaescolapios.org\\\/es\\\/#\\\/schema\\\/person\\\/a44de70f9a43a90c3e0f59aaaffd61f3\",\"name\":\"pamplona01\",\"url\":\"https:\\\/\\\/www.itakaescolapios.org\\\/pt\\\/author\\\/pamplona01\\\/\"}]}<\/script>\n<!-- \/ Yoast SEO plugin. -->","yoast_head_json":{"title":"Diez a\u00f1os (\u00a1y muchos m\u00e1s!) de Movimiento Calasanz en Navarra.","description":"Y es que han pasado 10 a\u00f1os y hemos crecido y mucho en el Movimiento Calasanz de Navarra (Calasanz Kideak). Os dejamos dos fotos de dos campamentos de verano, entre ambas han pasado justo 10 a\u00f1os, de muchos campamentos, grupos, salidas, oraciones, experiencias de voluntariado, promesas, y miles y miles de historias. Y es que&hellip;","robots":{"index":"index","follow":"follow","max-snippet":"max-snippet:-1","max-image-preview":"max-image-preview:large","max-video-preview":"max-video-preview:-1"},"canonical":"Y es que han pasado 10 a\u00f1os y hemos crecido y mucho en el Movimiento Calasanz de Navarra (Calasanz Kideak). Os dejamos dos fotos de dos campamentos de verano, entre ambas han pasado justo 10 a\u00f1os, de muchos campamentos, grupos, salidas, oraciones, experiencias de voluntariado, promesas, y miles y miles de historias. Y es que&hellip;","og_locale":"pt_BR","og_type":"article","og_title":"Diez a\u00f1os (\u00a1y muchos m\u00e1s!) de Movimiento Calasanz en Navarra.","og_description":"Y es que han pasado 10 a\u00f1os y hemos crecido y mucho en el Movimiento Calasanz de Navarra (Calasanz Kideak). Os dejamos dos fotos de dos campamentos de verano, entre ambas han pasado justo 10 a\u00f1os, de muchos campamentos, grupos, salidas, oraciones, experiencias de voluntariado, promesas, y miles y miles de historias. Y es que&hellip;","og_url":"https:\/\/www.itakaescolapios.org\/pt\/2015\/04\/diez-anos-y-muchos-mas-de-movimiento-calasanz-en-navarra\/","og_site_name":"Itaka-Escolapios","article_published_time":"2015-04-22T10:41:17+00:00","article_modified_time":"2023-11-28T11:38:42+00:00","og_image":[{"width":2048,"height":1536,"url":"https:\/\/www.itakaescolapios.org\/wp-content\/uploads\/2015\/04\/calasanz-kideak-2014.jpg","type":"image\/jpeg"}],"author":"pamplona01","twitter_card":"summary_large_image","twitter_misc":{"Escrito por":"pamplona01"},"schema":{"@context":"https:\/\/schema.org","@graph":[{"@type":"Article","@id":"https:\/\/www.itakaescolapios.org\/pt\/2015\/04\/diez-anos-y-muchos-mas-de-movimiento-calasanz-en-navarra\/#article","isPartOf":{"@id":"https:\/\/www.itakaescolapios.org\/pt\/2015\/04\/diez-anos-y-muchos-mas-de-movimiento-calasanz-en-navarra\/"},"author":{"name":"pamplona01","@id":"https:\/\/www.itakaescolapios.org\/es\/#\/schema\/person\/a44de70f9a43a90c3e0f59aaaffd61f3"},"headline":"Diez a\u00f1os (\u00a1y muchos m\u00e1s!) de Movimiento Calasanz en Navarra.","datePublished":"2015-04-22T10:41:17+00:00","dateModified":"2023-11-28T11:38:42+00:00","mainEntityOfPage":{"@id":"https:\/\/www.itakaescolapios.org\/pt\/2015\/04\/diez-anos-y-muchos-mas-de-movimiento-calasanz-en-navarra\/"},"wordCount":105,"publisher":{"@id":"https:\/\/www.itakaescolapios.org\/es\/#organization"},"image":{"@id":"https:\/\/www.itakaescolapios.org\/pt\/2015\/04\/diez-anos-y-muchos-mas-de-movimiento-calasanz-en-navarra\/#primaryimage"},"thumbnailUrl":"https:\/\/www.itakaescolapios.org\/wp-content\/uploads\/2015\/04\/calasanz-kideak-2014.jpg","articleSection":["Pamplona-Iru\u00f1a"],"inLanguage":"pt-BR"},{"@type":"WebPage","@id":"https:\/\/www.itakaescolapios.org\/pt\/2015\/04\/diez-anos-y-muchos-mas-de-movimiento-calasanz-en-navarra\/","url":"https:\/\/www.itakaescolapios.org\/pt\/2015\/04\/diez-anos-y-muchos-mas-de-movimiento-calasanz-en-navarra\/","name":"Diez a\u00f1os (\u00a1y muchos m\u00e1s!) de Movimiento Calasanz en Navarra. - Itaka-Escolapios","isPartOf":{"@id":"https:\/\/www.itakaescolapios.org\/es\/#website"},"primaryImageOfPage":{"@id":"https:\/\/www.itakaescolapios.org\/pt\/2015\/04\/diez-anos-y-muchos-mas-de-movimiento-calasanz-en-navarra\/#primaryimage"},"image":{"@id":"https:\/\/www.itakaescolapios.org\/pt\/2015\/04\/diez-anos-y-muchos-mas-de-movimiento-calasanz-en-navarra\/#primaryimage"},"thumbnailUrl":"https:\/\/www.itakaescolapios.org\/wp-content\/uploads\/2015\/04\/calasanz-kideak-2014.jpg","datePublished":"2015-04-22T10:41:17+00:00","dateModified":"2023-11-28T11:38:42+00:00","breadcrumb":{"@id":"https:\/\/www.itakaescolapios.org\/pt\/2015\/04\/diez-anos-y-muchos-mas-de-movimiento-calasanz-en-navarra\/#breadcrumb"},"inLanguage":"pt-BR","potentialAction":[{"@type":"ReadAction","target":["https:\/\/www.itakaescolapios.org\/pt\/2015\/04\/diez-anos-y-muchos-mas-de-movimiento-calasanz-en-navarra\/"]}]},{"@type":"ImageObject","inLanguage":"pt-BR","@id":"https:\/\/www.itakaescolapios.org\/pt\/2015\/04\/diez-anos-y-muchos-mas-de-movimiento-calasanz-en-navarra\/#primaryimage","url":"https:\/\/www.itakaescolapios.org\/wp-content\/uploads\/2015\/04\/calasanz-kideak-2014.jpg","contentUrl":"https:\/\/www.itakaescolapios.org\/wp-content\/uploads\/2015\/04\/calasanz-kideak-2014.jpg","width":2048,"height":1536},{"@type":"BreadcrumbList","@id":"https:\/\/www.itakaescolapios.org\/pt\/2015\/04\/diez-anos-y-muchos-mas-de-movimiento-calasanz-en-navarra\/#breadcrumb","itemListElement":[{"@type":"ListItem","position":1,"name":"Itaka-Escolapios","item":"https:\/\/www.itakaescolapios.org\/es\/"},{"@type":"ListItem","position":2,"name":"Diez a\u00f1os (\u00a1y muchos m\u00e1s!) de Movimiento Calasanz en Navarra."}]},{"@type":"WebSite","@id":"https:\/\/www.itakaescolapios.org\/pt\/es\/#website","url":"https:\/\/www.itakaescolapios.org\/pt\/es\/","name":"Itaka-Escolapios","description":"Red de Itaka-Escolapios","publisher":{"@id":"https:\/\/www.itakaescolapios.org\/pt\/es\/#organization"},"potentialAction":[{"@type":"SearchAction","target":{"@type":"EntryPoint","urlTemplate":"https:\/\/www.itakaescolapios.org\/pt\/es\/?s={search_term_string}"},"query-input":{"@type":"PropertyValueSpecification","valueRequired":true,"valueName":"search_term_string"}}],"inLanguage":"pt-BR"},{"@type":"Organization","@id":"https:\/\/www.itakaescolapios.org\/pt\/es\/#organization","name":"Fundaci\u00f3 Itaka-Escolapios","url":"https:\/\/www.itakaescolapios.org\/pt\/es\/","logo":{"@type":"ImageObject","inLanguage":"pt-BR","@id":"https:\/\/www.itakaescolapios.org\/pt\/es\/#\/schema\/logo\/image\/","url":"https:\/\/www.itakaescolapios.org\/wp-content\/uploads\/2024\/04\/Logo-itakaescolapios-peque.png","contentUrl":"https:\/\/www.itakaescolapios.org\/wp-content\/uploads\/2024\/04\/Logo-itakaescolapios-peque.png","width":500,"height":199,"caption":"Fundaci\u00f3 Itaka-Escolapios"},"image":{"@id":"https:\/\/www.itakaescolapios.org\/pt\/es\/#\/schema\/logo\/image\/"}},{"@type":"Person","@id":"https:\/\/www.itakaescolapios.org\/es\/#\/schema\/person\/a44de70f9a43a90c3e0f59aaaffd61f3","name":"pamplona01","url":"https:\/\/www.itakaescolapios.org\/pt\/author\/pamplona01\/"}]}},"_links":{"self":[{"href":"https:\/\/www.itakaescolapios.org\/pt\/wp-json\/wp\/v2\/posts\/12456","targetHints":{"allow":["GET"]}}],"collection":[{"href":"https:\/\/www.itakaescolapios.org\/pt\/wp-json\/wp\/v2\/posts"}],"about":[{"href":"https:\/\/www.itakaescolapios.org\/pt\/wp-json\/wp\/v2\/types\/post"}],"author":[{"embeddable":true,"href":"https:\/\/www.itakaescolapios.org\/pt\/wp-json\/wp\/v2\/users\/29"}],"replies":[{"embeddable":true,"href":"https:\/\/www.itakaescolapios.org\/pt\/wp-json\/wp\/v2\/comments?post=12456"}],"version-history":[{"count":5,"href":"https:\/\/www.itakaescolapios.org\/pt\/wp-json\/wp\/v2\/posts\/12456\/revisions"}],"predecessor-version":[{"id":12463,"href":"https:\/\/www.itakaescolapios.org\/pt\/wp-json\/wp\/v2\/posts\/12456\/revisions\/12463"}],"wp:featuredmedia":[{"embeddable":true,"href":"https:\/\/www.itakaescolapios.org\/pt\/wp-json\/wp\/v2\/media\/12458"}],"wp:attachment":[{"href":"https:\/\/www.itakaescolapios.org\/pt\/wp-json\/wp\/v2\/media?parent=12456"}],"wp:term":[{"taxonomy":"category","embeddable":true,"href":"https:\/\/www.itakaescolapios.org\/pt\/wp-json\/wp\/v2\/categories?post=12456"},{"taxonomy":"post_tag","embeddable":true,"href":"https:\/\/www.itakaescolapios.org\/pt\/wp-json\/wp\/v2\/tags?post=12456"}],"curies":[{"name":"wp","href":"https:\/\/api.w.org\/{rel}","templated":true}]}}