{"id":12465,"date":"2015-04-23T09:22:49","date_gmt":"2015-04-23T08:22:49","guid":{"rendered":"https:\/\/www.itakaescolapios.org\/?p=12465"},"modified":"2023-11-28T12:38:42","modified_gmt":"2023-11-28T11:38:42","slug":"diez-razones-para-participar-en-el-decimo-aniversario-de-itaka-escolapios-en-navarra","status":"publish","type":"post","link":"https:\/\/www.itakaescolapios.org\/pt\/2015\/04\/diez-razones-para-participar-en-el-decimo-aniversario-de-itaka-escolapios-en-navarra\/","title":{"rendered":"Diez razones para participar en el d\u00e9cimo aniversario de Itaka-Escolapios en Navarra."},"content":{"rendered":"<p>Diez razones para vernos el s\u00e1bado 25 de Abril. \u00a1No lo dudes! Nos vemos en el Colegio Calasanz-Escolapios a las 11 h. 1.Porque estamos impulsando juntos un proyecto precioso y transformador. 2. Porque queremos agradecerte toda tu labor y es una buena manera de agradecer todo lo vivido, toda nuestra historia. 3. Porque conoceremos m\u00e1s de lo que se hace en Itaka-Escolapios. 4. Porque podremos vernos todos los que somos. 5. Porque queremos so\u00f1ar juntos 10 a\u00f1os m\u00e1s. 6. Porque hay parking y porque los ni\u00f1os tendr\u00e1n un mont\u00f3n de actividades. 7. Porque trabajando a nivel local construimos lo global: y lo vamos a ver. 8. Porque conoceremos m\u00e1s de cerca los proyectos Trast\u00e9vere de Tafalla e Ikaskide en Pamplona-Iru\u00f1a. 9. Porque sabremos qu\u00e9 se hace en Tipi-Tapa, Mikel Gurea, Bidean, Lurberri, qu\u00e9 pasos se est\u00e1n dando en Hirusta de Tafalla, c\u00f3mo se forman los voluntarios cooperantes en el programa &#8220;Ulises&#8221;, qu\u00e9 retos tiene el servicio jur\u00eddico, el Equipo socio-laboral o el Apoyo Escolar de Ikaskide en Pamplona-Iru\u00f1a&#8230; O c\u00f3mo se organizan los monitores de Trast\u00e9vere. 10. Porque la pr\u00f3xima vez ser\u00e1 dentro de 10 a\u00f1os\u2026 Hamar urte Nafarroan&#8230;. y muchos m\u00e1s de ahora en adelante. <a style=\"line-height: 1.5em\" href=\"https:\/\/www.itakaescolapios.org\/wp-content\/uploads\/2015\/04\/bannercuadrado-castellano.png\"><img decoding=\"async\" alt=\"bannercuadrado castellano\" src=\"https:\/\/www.itakaescolapios.org\/wp-content\/uploads\/2015\/04\/bannercuadrado-castellano-300x300.png\" width=\"300\" height=\"300\" \/><\/a><\/p>\n","protected":false},"excerpt":{"rendered":"<p>Diez razones para vernos el s\u00e1bado 25 de Abril. \u00a1No lo dudes! Nos vemos en el Colegio Calasanz-Escolapios a las 11 h. 1.Porque estamos impulsando juntos un proyecto precioso y [&hellip;]<\/p>\n","protected":false},"author":29,"featured_media":12466,"comment_status":"closed","ping_status":"closed","sticky":false,"template":"","format":"standard","meta":{"_et_pb_use_builder":"","_et_pb_old_content":"","_et_gb_content_width":"","footnotes":""},"categories":[20],"tags":[],"class_list":["post-12465","post","type-post","status-publish","format-standard","has-post-thumbnail","hentry","category-pamplona-iruna"],"yoast_head":"<!-- This site is optimized with the Yoast SEO plugin v27.4 - https:\/\/yoast.com\/product\/yoast-seo-wordpress\/ -->\n<title>Diez razones para participar en el d\u00e9cimo aniversario de Itaka-Escolapios en Navarra.<\/title>\n<meta name=\"description\" content=\"Diez razones para vernos el s\u00e1bado 25 de Abril. \u00a1No lo dudes! Nos vemos en el Colegio Calasanz-Escolapios a las 11 h. 1.Porque estamos impulsando juntos un proyecto precioso y transformador. 2. Porque queremos agradecerte toda tu labor y es una buena manera de agradecer todo lo vivido, toda nuestra historia. 3. Porque conoceremos m\u00e1s&hellip;\" \/>\n<meta name=\"robots\" content=\"index, follow, max-snippet:-1, max-image-preview:large, max-video-preview:-1\" \/>\n<link rel=\"canonical\" href=\"http:\/\/Diez%20razones%20para%20vernos%20el%20s\u00e1bado%2025%20de%20Abril.%20\u00a1No%20lo%20dudes!%20Nos%20vemos%20en%20el%20Colegio%20Calasanz-Escolapios%20a%20las%2011%20h.%201.Porque%20estamos%20impulsando%20juntos%20un%20proyecto%20precioso%20y%20transformador.%202.%20Porque%20queremos%20agradecerte%20toda%20tu%20labor%20y%20es%20una%20buena%20manera%20de%20agradecer%20todo%20lo%20vivido,%20toda%20nuestra%20historia.%203.%20Porque%20conoceremos%20m\u00e1s&hellip;\" \/>\n<meta property=\"og:locale\" content=\"pt_BR\" \/>\n<meta property=\"og:type\" content=\"article\" \/>\n<meta property=\"og:title\" content=\"Diez razones para participar en el d\u00e9cimo aniversario de Itaka-Escolapios en Navarra.\" \/>\n<meta property=\"og:description\" content=\"Diez razones para vernos el s\u00e1bado 25 de Abril. \u00a1No lo dudes! Nos vemos en el Colegio Calasanz-Escolapios a las 11 h. 1.Porque estamos impulsando juntos un proyecto precioso y transformador. 2. Porque queremos agradecerte toda tu labor y es una buena manera de agradecer todo lo vivido, toda nuestra historia. 3. Porque conoceremos m\u00e1s&hellip;\" \/>\n<meta property=\"og:url\" content=\"https:\/\/www.itakaescolapios.org\/pt\/2015\/04\/diez-razones-para-participar-en-el-decimo-aniversario-de-itaka-escolapios-en-navarra\/\" \/>\n<meta property=\"og:site_name\" content=\"Itaka-Escolapios\" \/>\n<meta property=\"article:published_time\" content=\"2015-04-23T08:22:49+00:00\" \/>\n<meta property=\"article:modified_time\" content=\"2023-11-28T11:38:42+00:00\" \/>\n<meta property=\"og:image\" content=\"https:\/\/www.itakaescolapios.org\/wp-content\/uploads\/2015\/04\/foto-hirusta.jpg\" \/>\n\t<meta property=\"og:image:width\" content=\"1280\" \/>\n\t<meta property=\"og:image:height\" content=\"960\" \/>\n\t<meta property=\"og:image:type\" content=\"image\/jpeg\" \/>\n<meta name=\"author\" content=\"pamplona01\" \/>\n<meta name=\"twitter:card\" content=\"summary_large_image\" \/>\n<meta name=\"twitter:label1\" content=\"Escrito por\" \/>\n\t<meta name=\"twitter:data1\" content=\"pamplona01\" \/>\n\t<meta name=\"twitter:label2\" content=\"Est. tempo de leitura\" \/>\n\t<meta name=\"twitter:data2\" content=\"1 minuto\" \/>\n<script type=\"application\/ld+json\" class=\"yoast-schema-graph\">{\"@context\":\"https:\\\/\\\/schema.org\",\"@graph\":[{\"@type\":\"Article\",\"@id\":\"https:\\\/\\\/www.itakaescolapios.org\\\/pt\\\/2015\\\/04\\\/diez-razones-para-participar-en-el-decimo-aniversario-de-itaka-escolapios-en-navarra\\\/#article\",\"isPartOf\":{\"@id\":\"https:\\\/\\\/www.itakaescolapios.org\\\/pt\\\/2015\\\/04\\\/diez-razones-para-participar-en-el-decimo-aniversario-de-itaka-escolapios-en-navarra\\\/\"},\"author\":{\"name\":\"pamplona01\",\"@id\":\"https:\\\/\\\/www.itakaescolapios.org\\\/es\\\/#\\\/schema\\\/person\\\/a44de70f9a43a90c3e0f59aaaffd61f3\"},\"headline\":\"Diez razones para participar en el d\u00e9cimo aniversario de Itaka-Escolapios en Navarra.\",\"datePublished\":\"2015-04-23T08:22:49+00:00\",\"dateModified\":\"2023-11-28T11:38:42+00:00\",\"mainEntityOfPage\":{\"@id\":\"https:\\\/\\\/www.itakaescolapios.org\\\/pt\\\/2015\\\/04\\\/diez-razones-para-participar-en-el-decimo-aniversario-de-itaka-escolapios-en-navarra\\\/\"},\"wordCount\":216,\"publisher\":{\"@id\":\"https:\\\/\\\/www.itakaescolapios.org\\\/es\\\/#organization\"},\"image\":{\"@id\":\"https:\\\/\\\/www.itakaescolapios.org\\\/pt\\\/2015\\\/04\\\/diez-razones-para-participar-en-el-decimo-aniversario-de-itaka-escolapios-en-navarra\\\/#primaryimage\"},\"thumbnailUrl\":\"https:\\\/\\\/www.itakaescolapios.org\\\/wp-content\\\/uploads\\\/2015\\\/04\\\/foto-hirusta.jpg\",\"articleSection\":[\"Pamplona-Iru\u00f1a\"],\"inLanguage\":\"pt-BR\"},{\"@type\":\"WebPage\",\"@id\":\"https:\\\/\\\/www.itakaescolapios.org\\\/pt\\\/2015\\\/04\\\/diez-razones-para-participar-en-el-decimo-aniversario-de-itaka-escolapios-en-navarra\\\/\",\"url\":\"https:\\\/\\\/www.itakaescolapios.org\\\/pt\\\/2015\\\/04\\\/diez-razones-para-participar-en-el-decimo-aniversario-de-itaka-escolapios-en-navarra\\\/\",\"name\":\"Diez razones para participar en el d\u00e9cimo aniversario de Itaka-Escolapios en Navarra. - Itaka-Escolapios\",\"isPartOf\":{\"@id\":\"https:\\\/\\\/www.itakaescolapios.org\\\/es\\\/#website\"},\"primaryImageOfPage\":{\"@id\":\"https:\\\/\\\/www.itakaescolapios.org\\\/pt\\\/2015\\\/04\\\/diez-razones-para-participar-en-el-decimo-aniversario-de-itaka-escolapios-en-navarra\\\/#primaryimage\"},\"image\":{\"@id\":\"https:\\\/\\\/www.itakaescolapios.org\\\/pt\\\/2015\\\/04\\\/diez-razones-para-participar-en-el-decimo-aniversario-de-itaka-escolapios-en-navarra\\\/#primaryimage\"},\"thumbnailUrl\":\"https:\\\/\\\/www.itakaescolapios.org\\\/wp-content\\\/uploads\\\/2015\\\/04\\\/foto-hirusta.jpg\",\"datePublished\":\"2015-04-23T08:22:49+00:00\",\"dateModified\":\"2023-11-28T11:38:42+00:00\",\"breadcrumb\":{\"@id\":\"https:\\\/\\\/www.itakaescolapios.org\\\/pt\\\/2015\\\/04\\\/diez-razones-para-participar-en-el-decimo-aniversario-de-itaka-escolapios-en-navarra\\\/#breadcrumb\"},\"inLanguage\":\"pt-BR\",\"potentialAction\":[{\"@type\":\"ReadAction\",\"target\":[\"https:\\\/\\\/www.itakaescolapios.org\\\/pt\\\/2015\\\/04\\\/diez-razones-para-participar-en-el-decimo-aniversario-de-itaka-escolapios-en-navarra\\\/\"]}]},{\"@type\":\"ImageObject\",\"inLanguage\":\"pt-BR\",\"@id\":\"https:\\\/\\\/www.itakaescolapios.org\\\/pt\\\/2015\\\/04\\\/diez-razones-para-participar-en-el-decimo-aniversario-de-itaka-escolapios-en-navarra\\\/#primaryimage\",\"url\":\"https:\\\/\\\/www.itakaescolapios.org\\\/wp-content\\\/uploads\\\/2015\\\/04\\\/foto-hirusta.jpg\",\"contentUrl\":\"https:\\\/\\\/www.itakaescolapios.org\\\/wp-content\\\/uploads\\\/2015\\\/04\\\/foto-hirusta.jpg\",\"width\":1280,\"height\":960},{\"@type\":\"BreadcrumbList\",\"@id\":\"https:\\\/\\\/www.itakaescolapios.org\\\/pt\\\/2015\\\/04\\\/diez-razones-para-participar-en-el-decimo-aniversario-de-itaka-escolapios-en-navarra\\\/#breadcrumb\",\"itemListElement\":[{\"@type\":\"ListItem\",\"position\":1,\"name\":\"Itaka-Escolapios\",\"item\":\"https:\\\/\\\/www.itakaescolapios.org\\\/es\\\/\"},{\"@type\":\"ListItem\",\"position\":2,\"name\":\"Diez razones para participar en el d\u00e9cimo aniversario de Itaka-Escolapios en Navarra.\"}]},{\"@type\":\"WebSite\",\"@id\":\"https:\\\/\\\/www.itakaescolapios.org\\\/pt\\\/es\\\/#website\",\"url\":\"https:\\\/\\\/www.itakaescolapios.org\\\/pt\\\/es\\\/\",\"name\":\"Itaka-Escolapios\",\"description\":\"Red de Itaka-Escolapios\",\"publisher\":{\"@id\":\"https:\\\/\\\/www.itakaescolapios.org\\\/pt\\\/es\\\/#organization\"},\"potentialAction\":[{\"@type\":\"SearchAction\",\"target\":{\"@type\":\"EntryPoint\",\"urlTemplate\":\"https:\\\/\\\/www.itakaescolapios.org\\\/pt\\\/es\\\/?s={search_term_string}\"},\"query-input\":{\"@type\":\"PropertyValueSpecification\",\"valueRequired\":true,\"valueName\":\"search_term_string\"}}],\"inLanguage\":\"pt-BR\"},{\"@type\":\"Organization\",\"@id\":\"https:\\\/\\\/www.itakaescolapios.org\\\/pt\\\/es\\\/#organization\",\"name\":\"Fundaci\u00f3 Itaka-Escolapios\",\"url\":\"https:\\\/\\\/www.itakaescolapios.org\\\/pt\\\/es\\\/\",\"logo\":{\"@type\":\"ImageObject\",\"inLanguage\":\"pt-BR\",\"@id\":\"https:\\\/\\\/www.itakaescolapios.org\\\/pt\\\/es\\\/#\\\/schema\\\/logo\\\/image\\\/\",\"url\":\"https:\\\/\\\/www.itakaescolapios.org\\\/wp-content\\\/uploads\\\/2024\\\/04\\\/Logo-itakaescolapios-peque.png\",\"contentUrl\":\"https:\\\/\\\/www.itakaescolapios.org\\\/wp-content\\\/uploads\\\/2024\\\/04\\\/Logo-itakaescolapios-peque.png\",\"width\":500,\"height\":199,\"caption\":\"Fundaci\u00f3 Itaka-Escolapios\"},\"image\":{\"@id\":\"https:\\\/\\\/www.itakaescolapios.org\\\/pt\\\/es\\\/#\\\/schema\\\/logo\\\/image\\\/\"}},{\"@type\":\"Person\",\"@id\":\"https:\\\/\\\/www.itakaescolapios.org\\\/es\\\/#\\\/schema\\\/person\\\/a44de70f9a43a90c3e0f59aaaffd61f3\",\"name\":\"pamplona01\",\"url\":\"https:\\\/\\\/www.itakaescolapios.org\\\/pt\\\/author\\\/pamplona01\\\/\"}]}<\/script>\n<!-- \/ Yoast SEO plugin. -->","yoast_head_json":{"title":"Diez razones para participar en el d\u00e9cimo aniversario de Itaka-Escolapios en Navarra.","description":"Diez razones para vernos el s\u00e1bado 25 de Abril. \u00a1No lo dudes! Nos vemos en el Colegio Calasanz-Escolapios a las 11 h. 1.Porque estamos impulsando juntos un proyecto precioso y transformador. 2. Porque queremos agradecerte toda tu labor y es una buena manera de agradecer todo lo vivido, toda nuestra historia. 3. Porque conoceremos m\u00e1s&hellip;","robots":{"index":"index","follow":"follow","max-snippet":"max-snippet:-1","max-image-preview":"max-image-preview:large","max-video-preview":"max-video-preview:-1"},"canonical":"Diez razones para vernos el s\u00e1bado 25 de Abril. \u00a1No lo dudes! Nos vemos en el Colegio Calasanz-Escolapios a las 11 h. 1.Porque estamos impulsando juntos un proyecto precioso y transformador. 2. Porque queremos agradecerte toda tu labor y es una buena manera de agradecer todo lo vivido, toda nuestra historia. 3. Porque conoceremos m\u00e1s&hellip;","og_locale":"pt_BR","og_type":"article","og_title":"Diez razones para participar en el d\u00e9cimo aniversario de Itaka-Escolapios en Navarra.","og_description":"Diez razones para vernos el s\u00e1bado 25 de Abril. \u00a1No lo dudes! Nos vemos en el Colegio Calasanz-Escolapios a las 11 h. 1.Porque estamos impulsando juntos un proyecto precioso y transformador. 2. Porque queremos agradecerte toda tu labor y es una buena manera de agradecer todo lo vivido, toda nuestra historia. 3. Porque conoceremos m\u00e1s&hellip;","og_url":"https:\/\/www.itakaescolapios.org\/pt\/2015\/04\/diez-razones-para-participar-en-el-decimo-aniversario-de-itaka-escolapios-en-navarra\/","og_site_name":"Itaka-Escolapios","article_published_time":"2015-04-23T08:22:49+00:00","article_modified_time":"2023-11-28T11:38:42+00:00","og_image":[{"width":1280,"height":960,"url":"https:\/\/www.itakaescolapios.org\/wp-content\/uploads\/2015\/04\/foto-hirusta.jpg","type":"image\/jpeg"}],"author":"pamplona01","twitter_card":"summary_large_image","twitter_misc":{"Escrito por":"pamplona01","Est. tempo de leitura":"1 minuto"},"schema":{"@context":"https:\/\/schema.org","@graph":[{"@type":"Article","@id":"https:\/\/www.itakaescolapios.org\/pt\/2015\/04\/diez-razones-para-participar-en-el-decimo-aniversario-de-itaka-escolapios-en-navarra\/#article","isPartOf":{"@id":"https:\/\/www.itakaescolapios.org\/pt\/2015\/04\/diez-razones-para-participar-en-el-decimo-aniversario-de-itaka-escolapios-en-navarra\/"},"author":{"name":"pamplona01","@id":"https:\/\/www.itakaescolapios.org\/es\/#\/schema\/person\/a44de70f9a43a90c3e0f59aaaffd61f3"},"headline":"Diez razones para participar en el d\u00e9cimo aniversario de Itaka-Escolapios en Navarra.","datePublished":"2015-04-23T08:22:49+00:00","dateModified":"2023-11-28T11:38:42+00:00","mainEntityOfPage":{"@id":"https:\/\/www.itakaescolapios.org\/pt\/2015\/04\/diez-razones-para-participar-en-el-decimo-aniversario-de-itaka-escolapios-en-navarra\/"},"wordCount":216,"publisher":{"@id":"https:\/\/www.itakaescolapios.org\/es\/#organization"},"image":{"@id":"https:\/\/www.itakaescolapios.org\/pt\/2015\/04\/diez-razones-para-participar-en-el-decimo-aniversario-de-itaka-escolapios-en-navarra\/#primaryimage"},"thumbnailUrl":"https:\/\/www.itakaescolapios.org\/wp-content\/uploads\/2015\/04\/foto-hirusta.jpg","articleSection":["Pamplona-Iru\u00f1a"],"inLanguage":"pt-BR"},{"@type":"WebPage","@id":"https:\/\/www.itakaescolapios.org\/pt\/2015\/04\/diez-razones-para-participar-en-el-decimo-aniversario-de-itaka-escolapios-en-navarra\/","url":"https:\/\/www.itakaescolapios.org\/pt\/2015\/04\/diez-razones-para-participar-en-el-decimo-aniversario-de-itaka-escolapios-en-navarra\/","name":"Diez razones para participar en el d\u00e9cimo aniversario de Itaka-Escolapios en Navarra. - Itaka-Escolapios","isPartOf":{"@id":"https:\/\/www.itakaescolapios.org\/es\/#website"},"primaryImageOfPage":{"@id":"https:\/\/www.itakaescolapios.org\/pt\/2015\/04\/diez-razones-para-participar-en-el-decimo-aniversario-de-itaka-escolapios-en-navarra\/#primaryimage"},"image":{"@id":"https:\/\/www.itakaescolapios.org\/pt\/2015\/04\/diez-razones-para-participar-en-el-decimo-aniversario-de-itaka-escolapios-en-navarra\/#primaryimage"},"thumbnailUrl":"https:\/\/www.itakaescolapios.org\/wp-content\/uploads\/2015\/04\/foto-hirusta.jpg","datePublished":"2015-04-23T08:22:49+00:00","dateModified":"2023-11-28T11:38:42+00:00","breadcrumb":{"@id":"https:\/\/www.itakaescolapios.org\/pt\/2015\/04\/diez-razones-para-participar-en-el-decimo-aniversario-de-itaka-escolapios-en-navarra\/#breadcrumb"},"inLanguage":"pt-BR","potentialAction":[{"@type":"ReadAction","target":["https:\/\/www.itakaescolapios.org\/pt\/2015\/04\/diez-razones-para-participar-en-el-decimo-aniversario-de-itaka-escolapios-en-navarra\/"]}]},{"@type":"ImageObject","inLanguage":"pt-BR","@id":"https:\/\/www.itakaescolapios.org\/pt\/2015\/04\/diez-razones-para-participar-en-el-decimo-aniversario-de-itaka-escolapios-en-navarra\/#primaryimage","url":"https:\/\/www.itakaescolapios.org\/wp-content\/uploads\/2015\/04\/foto-hirusta.jpg","contentUrl":"https:\/\/www.itakaescolapios.org\/wp-content\/uploads\/2015\/04\/foto-hirusta.jpg","width":1280,"height":960},{"@type":"BreadcrumbList","@id":"https:\/\/www.itakaescolapios.org\/pt\/2015\/04\/diez-razones-para-participar-en-el-decimo-aniversario-de-itaka-escolapios-en-navarra\/#breadcrumb","itemListElement":[{"@type":"ListItem","position":1,"name":"Itaka-Escolapios","item":"https:\/\/www.itakaescolapios.org\/es\/"},{"@type":"ListItem","position":2,"name":"Diez razones para participar en el d\u00e9cimo aniversario de Itaka-Escolapios en Navarra."}]},{"@type":"WebSite","@id":"https:\/\/www.itakaescolapios.org\/pt\/es\/#website","url":"https:\/\/www.itakaescolapios.org\/pt\/es\/","name":"Itaka-Escolapios","description":"Red de Itaka-Escolapios","publisher":{"@id":"https:\/\/www.itakaescolapios.org\/pt\/es\/#organization"},"potentialAction":[{"@type":"SearchAction","target":{"@type":"EntryPoint","urlTemplate":"https:\/\/www.itakaescolapios.org\/pt\/es\/?s={search_term_string}"},"query-input":{"@type":"PropertyValueSpecification","valueRequired":true,"valueName":"search_term_string"}}],"inLanguage":"pt-BR"},{"@type":"Organization","@id":"https:\/\/www.itakaescolapios.org\/pt\/es\/#organization","name":"Fundaci\u00f3 Itaka-Escolapios","url":"https:\/\/www.itakaescolapios.org\/pt\/es\/","logo":{"@type":"ImageObject","inLanguage":"pt-BR","@id":"https:\/\/www.itakaescolapios.org\/pt\/es\/#\/schema\/logo\/image\/","url":"https:\/\/www.itakaescolapios.org\/wp-content\/uploads\/2024\/04\/Logo-itakaescolapios-peque.png","contentUrl":"https:\/\/www.itakaescolapios.org\/wp-content\/uploads\/2024\/04\/Logo-itakaescolapios-peque.png","width":500,"height":199,"caption":"Fundaci\u00f3 Itaka-Escolapios"},"image":{"@id":"https:\/\/www.itakaescolapios.org\/pt\/es\/#\/schema\/logo\/image\/"}},{"@type":"Person","@id":"https:\/\/www.itakaescolapios.org\/es\/#\/schema\/person\/a44de70f9a43a90c3e0f59aaaffd61f3","name":"pamplona01","url":"https:\/\/www.itakaescolapios.org\/pt\/author\/pamplona01\/"}]}},"_links":{"self":[{"href":"https:\/\/www.itakaescolapios.org\/pt\/wp-json\/wp\/v2\/posts\/12465","targetHints":{"allow":["GET"]}}],"collection":[{"href":"https:\/\/www.itakaescolapios.org\/pt\/wp-json\/wp\/v2\/posts"}],"about":[{"href":"https:\/\/www.itakaescolapios.org\/pt\/wp-json\/wp\/v2\/types\/post"}],"author":[{"embeddable":true,"href":"https:\/\/www.itakaescolapios.org\/pt\/wp-json\/wp\/v2\/users\/29"}],"replies":[{"embeddable":true,"href":"https:\/\/www.itakaescolapios.org\/pt\/wp-json\/wp\/v2\/comments?post=12465"}],"version-history":[{"count":6,"href":"https:\/\/www.itakaescolapios.org\/pt\/wp-json\/wp\/v2\/posts\/12465\/revisions"}],"predecessor-version":[{"id":12474,"href":"https:\/\/www.itakaescolapios.org\/pt\/wp-json\/wp\/v2\/posts\/12465\/revisions\/12474"}],"wp:featuredmedia":[{"embeddable":true,"href":"https:\/\/www.itakaescolapios.org\/pt\/wp-json\/wp\/v2\/media\/12466"}],"wp:attachment":[{"href":"https:\/\/www.itakaescolapios.org\/pt\/wp-json\/wp\/v2\/media?parent=12465"}],"wp:term":[{"taxonomy":"category","embeddable":true,"href":"https:\/\/www.itakaescolapios.org\/pt\/wp-json\/wp\/v2\/categories?post=12465"},{"taxonomy":"post_tag","embeddable":true,"href":"https:\/\/www.itakaescolapios.org\/pt\/wp-json\/wp\/v2\/tags?post=12465"}],"curies":[{"name":"wp","href":"https:\/\/api.w.org\/{rel}","templated":true}]}}