{"id":12795,"date":"2015-06-10T10:29:35","date_gmt":"2015-06-10T09:29:35","guid":{"rendered":"https:\/\/www.itakaescolapios.org\/?p=12795"},"modified":"2023-11-28T12:38:40","modified_gmt":"2023-11-28T11:38:40","slug":"entrevistas-a-itaka-escolapios-navarra-en-radio-y-television","status":"publish","type":"post","link":"https:\/\/www.itakaescolapios.org\/pt\/2015\/06\/entrevistas-a-itaka-escolapios-navarra-en-radio-y-television\/","title":{"rendered":"Entrevistas a Itaka-Escolapios Navarra en radio y televisi\u00f3n."},"content":{"rendered":"<p>Recientemente hemos vuelto a aparecer en los medios de comunicaci\u00f3n de Navarra. El martes 2 de junio, Patxi Ilarraz y Matxalen Ojanguren hablaban de Itaka-Escolapios en Euskalerria Irratia.\u00a0\u00a0\u00a0\u00a0\u00a0\u00a0\u00a0\u00a0\u00a0\u00a0\u00a0\u00a0\u00a0\u00a0\u00a0\u00a0\u00a0\u00a0\u00a0\u00a0\u00a0\u00a0\u00a0\u00a0\u00a0\u00a0\u00a0\u00a0\u00a0\u00a0\u00a0\u00a0\u00a0\u00a0\u00a0\u00a0\u00a0\u00a0\u00a0 \u00a0 \u00a0 \u00a0 \u00a0 \u00a0 \u00a0 \u00a0 \u00a0 \u00a0 \u00a0 \u00a0 \u00a0 \u00a0 \u00a0 \u00a0 \u00a0 \u00a0 \u00a0 \u00a0 \u00a0 \u00a0 \u00a0 \u00a0 \u00a0 \u00a0 \u00a0 \u00a0 \u00a0 \u00a0 \u00a0 \u00a0 \u00a0 \u00a0 \u00a0 \u00a0 \u00a0 \u00a0 \u00a0 \u00a0 \u00a0 \u00a0 \u00a0 \u00a0 \u00a0 \u00a0 \u00a0 \u00a0 \u00a0 \u00a0 \u00a0 \u00a0 \u00a0 \u00a0 \u00a0 \u00a0 \u00a0 \u00a0 \u00a0 \u00a0 \u00a0 \u00a0 \u00a0 \u00a0 \u00a0 \u00a0 \u00a0 \u00a0 \u00a0 \u00a0 \u00a0 \u00a0 \u00a0 \u00a0 \u00a0 \u00a0 \u00a0 \u00a0 \u00a0 \u00a0 \u00a0 \u00a0 \u00a0\u00a0 \u00a0\u00a0 \u00a0\u00a0\u00a0 Aqu\u00ed pod\u00e9is encontrar el audio de la entrevista, que fue realizada en euskera: <a href=\"http:\/\/euskalerriairratia.eus\/irratia\/\" target=\"_blank\" rel=\"nofollow noopener\">http:\/\/euskalerriairratia.eus\/irratia\/<\/a><\/p>\n<div>Y el s\u00e1bado 30 de mayo Roberto Zabalza participaba en el programa &#8220;Implicados&#8221;, de Navarra TV junto con otras dos personas de otras entidades, hablando sobre experiencias de cooperaci\u00f3n internacional.<\/div>\n<div>\u00a0\u00a0\u00a0\u00a0\u00a0\u00a0\u00a0\u00a0\u00a0\u00a0\u00a0\u00a0\u00a0\u00a0\u00a0\u00a0\u00a0\u00a0\u00a0\u00a0\u00a0\u00a0\u00a0\u00a0\u00a0\u00a0\u00a0\u00a0\u00a0\u00a0\u00a0\u00a0\u00a0\u00a0\u00a0\u00a0\u00a0\u00a0\u00a0\u00a0\u00a0\u00a0\u00a0\u00a0\u00a0\u00a0\u00a0\u00a0\u00a0\u00a0\u00a0\u00a0\u00a0\u00a0\u00a0\u00a0\u00a0\u00a0\u00a0\u00a0\u00a0\u00a0\u00a0\u00a0\u00a0\u00a0\u00a0\u00a0\u00a0\u00a0\u00a0\u00a0\u00a0\u00a0\u00a0 \u00a0 \u00a0 \u00a0 \u00a0 \u00a0 \u00a0 \u00a0 \u00a0 \u00a0 \u00a0 \u00a0 \u00a0 \u00a0 \u00a0 \u00a0 \u00a0 \u00a0 \u00a0 \u00a0 \u00a0 \u00a0 \u00a0 \u00a0 \u00a0 \u00a0 \u00a0 \u00a0 \u00a0 \u00a0 \u00a0 \u00a0 \u00a0 \u00a0 \u00a0 \u00a0 \u00a0 \u00a0 \u00a0 \u00a0 \u00a0 \u00a0 \u00a0 \u00a0 \u00a0 \u00a0 \u00a0 \u00a0 \u00a0 \u00a0 \u00a0 \u00a0 \u00a0 \u00a0 \u00a0 \u00a0 \u00a0\u00a0 \u00a0 \u00a0 \u00a0 \u00a0 \u00a0 \u00a0 Aqu\u00ed ten\u00e9is el v\u00eddeo (a partir del minuto 30:19): <a href=\"https:\/\/www.youtube.com\/watch?v=SSL2GuUKGuY\" target=\"_blank\" rel=\"nofollow noopener\">https:\/\/www.youtube.com\/watch?v=SSL2GuUKGuY<\/a><\/div>\n","protected":false},"excerpt":{"rendered":"<p>Recientemente hemos vuelto a aparecer en los medios de comunicaci\u00f3n de Navarra. El martes 2 de junio, Patxi Ilarraz y Matxalen Ojanguren hablaban de Itaka-Escolapios en Euskalerria Irratia.\u00a0\u00a0\u00a0\u00a0\u00a0\u00a0\u00a0\u00a0\u00a0\u00a0\u00a0\u00a0\u00a0\u00a0\u00a0\u00a0\u00a0\u00a0\u00a0\u00a0\u00a0\u00a0\u00a0\u00a0\u00a0\u00a0\u00a0\u00a0\u00a0\u00a0\u00a0\u00a0\u00a0\u00a0\u00a0\u00a0\u00a0\u00a0\u00a0 \u00a0 \u00a0 [&hellip;]<\/p>\n","protected":false},"author":29,"featured_media":12796,"comment_status":"closed","ping_status":"closed","sticky":false,"template":"","format":"standard","meta":{"_et_pb_use_builder":"","_et_pb_old_content":"","_et_gb_content_width":"","footnotes":""},"categories":[20],"tags":[],"class_list":["post-12795","post","type-post","status-publish","format-standard","has-post-thumbnail","hentry","category-pamplona-iruna"],"yoast_head":"<!-- This site is optimized with the Yoast SEO plugin v27.4 - https:\/\/yoast.com\/product\/yoast-seo-wordpress\/ -->\n<title>Entrevistas a Itaka-Escolapios Navarra en radio y televisi\u00f3n.<\/title>\n<meta name=\"description\" content=\"Recientemente hemos vuelto a aparecer en los medios de comunicaci\u00f3n de Navarra. El martes 2 de junio, Patxi Ilarraz y Matxalen Ojanguren hablaban de Itaka-Escolapios en Euskalerria Irratia.\u00a0\u00a0\u00a0\u00a0\u00a0\u00a0\u00a0\u00a0\u00a0\u00a0\u00a0\u00a0\u00a0\u00a0\u00a0\u00a0\u00a0\u00a0\u00a0\u00a0\u00a0\u00a0\u00a0\u00a0\u00a0\u00a0\u00a0\u00a0\u00a0\u00a0\u00a0\u00a0\u00a0\u00a0\u00a0\u00a0\u00a0\u00a0\u00a0 \u00a0 \u00a0 \u00a0 \u00a0 \u00a0 \u00a0 \u00a0 \u00a0 \u00a0 \u00a0 \u00a0 \u00a0 \u00a0 \u00a0 \u00a0 \u00a0 \u00a0 \u00a0 \u00a0 \u00a0 \u00a0 \u00a0 \u00a0 \u00a0 \u00a0 \u00a0 \u00a0&hellip;\" \/>\n<meta name=\"robots\" content=\"index, follow, max-snippet:-1, max-image-preview:large, max-video-preview:-1\" \/>\n<link rel=\"canonical\" href=\"http:\/\/Recientemente%20hemos%20vuelto%20a%20aparecer%20en%20los%20medios%20de%20comunicaci\u00f3n%20de%20Navarra.%20El%20martes%202%20de%20junio,%20Patxi%20Ilarraz%20y%20Matxalen%20Ojanguren%20hablaban%20de%20Itaka-Escolapios%20en%20Euskalerria%20Irratia.\u00a0\u00a0\u00a0\u00a0\u00a0\u00a0\u00a0\u00a0\u00a0\u00a0\u00a0\u00a0\u00a0\u00a0\u00a0\u00a0\u00a0\u00a0\u00a0\u00a0\u00a0\u00a0\u00a0\u00a0\u00a0\u00a0\u00a0\u00a0\u00a0\u00a0\u00a0\u00a0\u00a0\u00a0\u00a0\u00a0\u00a0\u00a0\u00a0%20\u00a0%20\u00a0%20\u00a0%20\u00a0%20\u00a0%20\u00a0%20\u00a0%20\u00a0%20\u00a0%20\u00a0%20\u00a0%20\u00a0%20\u00a0%20\u00a0%20\u00a0%20\u00a0%20\u00a0%20\u00a0%20\u00a0%20\u00a0%20\u00a0%20\u00a0%20\u00a0%20\u00a0%20\u00a0%20\u00a0%20\u00a0&hellip;\" \/>\n<meta property=\"og:locale\" content=\"pt_BR\" \/>\n<meta property=\"og:type\" content=\"article\" \/>\n<meta property=\"og:title\" content=\"Entrevistas a Itaka-Escolapios Navarra en radio y televisi\u00f3n.\" \/>\n<meta property=\"og:description\" content=\"Recientemente hemos vuelto a aparecer en los medios de comunicaci\u00f3n de Navarra. El martes 2 de junio, Patxi Ilarraz y Matxalen Ojanguren hablaban de Itaka-Escolapios en Euskalerria Irratia.\u00a0\u00a0\u00a0\u00a0\u00a0\u00a0\u00a0\u00a0\u00a0\u00a0\u00a0\u00a0\u00a0\u00a0\u00a0\u00a0\u00a0\u00a0\u00a0\u00a0\u00a0\u00a0\u00a0\u00a0\u00a0\u00a0\u00a0\u00a0\u00a0\u00a0\u00a0\u00a0\u00a0\u00a0\u00a0\u00a0\u00a0\u00a0\u00a0 \u00a0 \u00a0 \u00a0 \u00a0 \u00a0 \u00a0 \u00a0 \u00a0 \u00a0 \u00a0 \u00a0 \u00a0 \u00a0 \u00a0 \u00a0 \u00a0 \u00a0 \u00a0 \u00a0 \u00a0 \u00a0 \u00a0 \u00a0 \u00a0 \u00a0 \u00a0 \u00a0&hellip;\" \/>\n<meta property=\"og:url\" content=\"https:\/\/www.itakaescolapios.org\/pt\/2015\/06\/entrevistas-a-itaka-escolapios-navarra-en-radio-y-television\/\" \/>\n<meta property=\"og:site_name\" content=\"Itaka-Escolapios\" \/>\n<meta property=\"article:published_time\" content=\"2015-06-10T09:29:35+00:00\" \/>\n<meta property=\"article:modified_time\" content=\"2023-11-28T11:38:40+00:00\" \/>\n<meta property=\"og:image\" content=\"https:\/\/www.itakaescolapios.org\/wp-content\/uploads\/2015\/06\/implicados.jpg\" \/>\n\t<meta property=\"og:image:width\" content=\"1280\" \/>\n\t<meta property=\"og:image:height\" content=\"720\" \/>\n\t<meta property=\"og:image:type\" content=\"image\/jpeg\" \/>\n<meta name=\"author\" content=\"pamplona01\" \/>\n<meta name=\"twitter:card\" content=\"summary_large_image\" \/>\n<meta name=\"twitter:label1\" content=\"Escrito por\" \/>\n\t<meta name=\"twitter:data1\" content=\"pamplona01\" \/>\n<script type=\"application\/ld+json\" class=\"yoast-schema-graph\">{\"@context\":\"https:\\\/\\\/schema.org\",\"@graph\":[{\"@type\":\"Article\",\"@id\":\"https:\\\/\\\/www.itakaescolapios.org\\\/pt\\\/2015\\\/06\\\/entrevistas-a-itaka-escolapios-navarra-en-radio-y-television\\\/#article\",\"isPartOf\":{\"@id\":\"https:\\\/\\\/www.itakaescolapios.org\\\/pt\\\/2015\\\/06\\\/entrevistas-a-itaka-escolapios-navarra-en-radio-y-television\\\/\"},\"author\":{\"name\":\"pamplona01\",\"@id\":\"https:\\\/\\\/www.itakaescolapios.org\\\/es\\\/#\\\/schema\\\/person\\\/a44de70f9a43a90c3e0f59aaaffd61f3\"},\"headline\":\"Entrevistas a Itaka-Escolapios Navarra en radio y televisi\u00f3n.\",\"datePublished\":\"2015-06-10T09:29:35+00:00\",\"dateModified\":\"2023-11-28T11:38:40+00:00\",\"mainEntityOfPage\":{\"@id\":\"https:\\\/\\\/www.itakaescolapios.org\\\/pt\\\/2015\\\/06\\\/entrevistas-a-itaka-escolapios-navarra-en-radio-y-television\\\/\"},\"wordCount\":104,\"publisher\":{\"@id\":\"https:\\\/\\\/www.itakaescolapios.org\\\/es\\\/#organization\"},\"image\":{\"@id\":\"https:\\\/\\\/www.itakaescolapios.org\\\/pt\\\/2015\\\/06\\\/entrevistas-a-itaka-escolapios-navarra-en-radio-y-television\\\/#primaryimage\"},\"thumbnailUrl\":\"https:\\\/\\\/www.itakaescolapios.org\\\/wp-content\\\/uploads\\\/2015\\\/06\\\/implicados.jpg\",\"articleSection\":[\"Pamplona-Iru\u00f1a\"],\"inLanguage\":\"pt-BR\"},{\"@type\":\"WebPage\",\"@id\":\"https:\\\/\\\/www.itakaescolapios.org\\\/pt\\\/2015\\\/06\\\/entrevistas-a-itaka-escolapios-navarra-en-radio-y-television\\\/\",\"url\":\"https:\\\/\\\/www.itakaescolapios.org\\\/pt\\\/2015\\\/06\\\/entrevistas-a-itaka-escolapios-navarra-en-radio-y-television\\\/\",\"name\":\"Entrevistas a Itaka-Escolapios Navarra en radio y televisi\u00f3n. - Itaka-Escolapios\",\"isPartOf\":{\"@id\":\"https:\\\/\\\/www.itakaescolapios.org\\\/es\\\/#website\"},\"primaryImageOfPage\":{\"@id\":\"https:\\\/\\\/www.itakaescolapios.org\\\/pt\\\/2015\\\/06\\\/entrevistas-a-itaka-escolapios-navarra-en-radio-y-television\\\/#primaryimage\"},\"image\":{\"@id\":\"https:\\\/\\\/www.itakaescolapios.org\\\/pt\\\/2015\\\/06\\\/entrevistas-a-itaka-escolapios-navarra-en-radio-y-television\\\/#primaryimage\"},\"thumbnailUrl\":\"https:\\\/\\\/www.itakaescolapios.org\\\/wp-content\\\/uploads\\\/2015\\\/06\\\/implicados.jpg\",\"datePublished\":\"2015-06-10T09:29:35+00:00\",\"dateModified\":\"2023-11-28T11:38:40+00:00\",\"breadcrumb\":{\"@id\":\"https:\\\/\\\/www.itakaescolapios.org\\\/pt\\\/2015\\\/06\\\/entrevistas-a-itaka-escolapios-navarra-en-radio-y-television\\\/#breadcrumb\"},\"inLanguage\":\"pt-BR\",\"potentialAction\":[{\"@type\":\"ReadAction\",\"target\":[\"https:\\\/\\\/www.itakaescolapios.org\\\/pt\\\/2015\\\/06\\\/entrevistas-a-itaka-escolapios-navarra-en-radio-y-television\\\/\"]}]},{\"@type\":\"ImageObject\",\"inLanguage\":\"pt-BR\",\"@id\":\"https:\\\/\\\/www.itakaescolapios.org\\\/pt\\\/2015\\\/06\\\/entrevistas-a-itaka-escolapios-navarra-en-radio-y-television\\\/#primaryimage\",\"url\":\"https:\\\/\\\/www.itakaescolapios.org\\\/wp-content\\\/uploads\\\/2015\\\/06\\\/implicados.jpg\",\"contentUrl\":\"https:\\\/\\\/www.itakaescolapios.org\\\/wp-content\\\/uploads\\\/2015\\\/06\\\/implicados.jpg\",\"width\":1280,\"height\":720},{\"@type\":\"BreadcrumbList\",\"@id\":\"https:\\\/\\\/www.itakaescolapios.org\\\/pt\\\/2015\\\/06\\\/entrevistas-a-itaka-escolapios-navarra-en-radio-y-television\\\/#breadcrumb\",\"itemListElement\":[{\"@type\":\"ListItem\",\"position\":1,\"name\":\"Itaka-Escolapios\",\"item\":\"https:\\\/\\\/www.itakaescolapios.org\\\/es\\\/\"},{\"@type\":\"ListItem\",\"position\":2,\"name\":\"Entrevistas a Itaka-Escolapios Navarra en radio y televisi\u00f3n.\"}]},{\"@type\":\"WebSite\",\"@id\":\"https:\\\/\\\/www.itakaescolapios.org\\\/pt\\\/es\\\/#website\",\"url\":\"https:\\\/\\\/www.itakaescolapios.org\\\/pt\\\/es\\\/\",\"name\":\"Itaka-Escolapios\",\"description\":\"Red de Itaka-Escolapios\",\"publisher\":{\"@id\":\"https:\\\/\\\/www.itakaescolapios.org\\\/pt\\\/es\\\/#organization\"},\"potentialAction\":[{\"@type\":\"SearchAction\",\"target\":{\"@type\":\"EntryPoint\",\"urlTemplate\":\"https:\\\/\\\/www.itakaescolapios.org\\\/pt\\\/es\\\/?s={search_term_string}\"},\"query-input\":{\"@type\":\"PropertyValueSpecification\",\"valueRequired\":true,\"valueName\":\"search_term_string\"}}],\"inLanguage\":\"pt-BR\"},{\"@type\":\"Organization\",\"@id\":\"https:\\\/\\\/www.itakaescolapios.org\\\/pt\\\/es\\\/#organization\",\"name\":\"Fundaci\u00f3 Itaka-Escolapios\",\"url\":\"https:\\\/\\\/www.itakaescolapios.org\\\/pt\\\/es\\\/\",\"logo\":{\"@type\":\"ImageObject\",\"inLanguage\":\"pt-BR\",\"@id\":\"https:\\\/\\\/www.itakaescolapios.org\\\/pt\\\/es\\\/#\\\/schema\\\/logo\\\/image\\\/\",\"url\":\"https:\\\/\\\/www.itakaescolapios.org\\\/wp-content\\\/uploads\\\/2024\\\/04\\\/Logo-itakaescolapios-peque.png\",\"contentUrl\":\"https:\\\/\\\/www.itakaescolapios.org\\\/wp-content\\\/uploads\\\/2024\\\/04\\\/Logo-itakaescolapios-peque.png\",\"width\":500,\"height\":199,\"caption\":\"Fundaci\u00f3 Itaka-Escolapios\"},\"image\":{\"@id\":\"https:\\\/\\\/www.itakaescolapios.org\\\/pt\\\/es\\\/#\\\/schema\\\/logo\\\/image\\\/\"}},{\"@type\":\"Person\",\"@id\":\"https:\\\/\\\/www.itakaescolapios.org\\\/es\\\/#\\\/schema\\\/person\\\/a44de70f9a43a90c3e0f59aaaffd61f3\",\"name\":\"pamplona01\",\"url\":\"https:\\\/\\\/www.itakaescolapios.org\\\/pt\\\/author\\\/pamplona01\\\/\"}]}<\/script>\n<!-- \/ Yoast SEO plugin. -->","yoast_head_json":{"title":"Entrevistas a Itaka-Escolapios Navarra en radio y televisi\u00f3n.","description":"Recientemente hemos vuelto a aparecer en los medios de comunicaci\u00f3n de Navarra. El martes 2 de junio, Patxi Ilarraz y Matxalen Ojanguren hablaban de Itaka-Escolapios en Euskalerria Irratia.\u00a0\u00a0\u00a0\u00a0\u00a0\u00a0\u00a0\u00a0\u00a0\u00a0\u00a0\u00a0\u00a0\u00a0\u00a0\u00a0\u00a0\u00a0\u00a0\u00a0\u00a0\u00a0\u00a0\u00a0\u00a0\u00a0\u00a0\u00a0\u00a0\u00a0\u00a0\u00a0\u00a0\u00a0\u00a0\u00a0\u00a0\u00a0\u00a0 \u00a0 \u00a0 \u00a0 \u00a0 \u00a0 \u00a0 \u00a0 \u00a0 \u00a0 \u00a0 \u00a0 \u00a0 \u00a0 \u00a0 \u00a0 \u00a0 \u00a0 \u00a0 \u00a0 \u00a0 \u00a0 \u00a0 \u00a0 \u00a0 \u00a0 \u00a0 \u00a0&hellip;","robots":{"index":"index","follow":"follow","max-snippet":"max-snippet:-1","max-image-preview":"max-image-preview:large","max-video-preview":"max-video-preview:-1"},"canonical":"Recientemente hemos vuelto a aparecer en los medios de comunicaci\u00f3n de Navarra. El martes 2 de junio, Patxi Ilarraz y Matxalen Ojanguren hablaban de Itaka-Escolapios en Euskalerria Irratia.\u00a0\u00a0\u00a0\u00a0\u00a0\u00a0\u00a0\u00a0\u00a0\u00a0\u00a0\u00a0\u00a0\u00a0\u00a0\u00a0\u00a0\u00a0\u00a0\u00a0\u00a0\u00a0\u00a0\u00a0\u00a0\u00a0\u00a0\u00a0\u00a0\u00a0\u00a0\u00a0\u00a0\u00a0\u00a0\u00a0\u00a0\u00a0\u00a0 \u00a0 \u00a0 \u00a0 \u00a0 \u00a0 \u00a0 \u00a0 \u00a0 \u00a0 \u00a0 \u00a0 \u00a0 \u00a0 \u00a0 \u00a0 \u00a0 \u00a0 \u00a0 \u00a0 \u00a0 \u00a0 \u00a0 \u00a0 \u00a0 \u00a0 \u00a0 \u00a0&hellip;","og_locale":"pt_BR","og_type":"article","og_title":"Entrevistas a Itaka-Escolapios Navarra en radio y televisi\u00f3n.","og_description":"Recientemente hemos vuelto a aparecer en los medios de comunicaci\u00f3n de Navarra. El martes 2 de junio, Patxi Ilarraz y Matxalen Ojanguren hablaban de Itaka-Escolapios en Euskalerria Irratia.\u00a0\u00a0\u00a0\u00a0\u00a0\u00a0\u00a0\u00a0\u00a0\u00a0\u00a0\u00a0\u00a0\u00a0\u00a0\u00a0\u00a0\u00a0\u00a0\u00a0\u00a0\u00a0\u00a0\u00a0\u00a0\u00a0\u00a0\u00a0\u00a0\u00a0\u00a0\u00a0\u00a0\u00a0\u00a0\u00a0\u00a0\u00a0\u00a0 \u00a0 \u00a0 \u00a0 \u00a0 \u00a0 \u00a0 \u00a0 \u00a0 \u00a0 \u00a0 \u00a0 \u00a0 \u00a0 \u00a0 \u00a0 \u00a0 \u00a0 \u00a0 \u00a0 \u00a0 \u00a0 \u00a0 \u00a0 \u00a0 \u00a0 \u00a0 \u00a0&hellip;","og_url":"https:\/\/www.itakaescolapios.org\/pt\/2015\/06\/entrevistas-a-itaka-escolapios-navarra-en-radio-y-television\/","og_site_name":"Itaka-Escolapios","article_published_time":"2015-06-10T09:29:35+00:00","article_modified_time":"2023-11-28T11:38:40+00:00","og_image":[{"width":1280,"height":720,"url":"https:\/\/www.itakaescolapios.org\/wp-content\/uploads\/2015\/06\/implicados.jpg","type":"image\/jpeg"}],"author":"pamplona01","twitter_card":"summary_large_image","twitter_misc":{"Escrito por":"pamplona01"},"schema":{"@context":"https:\/\/schema.org","@graph":[{"@type":"Article","@id":"https:\/\/www.itakaescolapios.org\/pt\/2015\/06\/entrevistas-a-itaka-escolapios-navarra-en-radio-y-television\/#article","isPartOf":{"@id":"https:\/\/www.itakaescolapios.org\/pt\/2015\/06\/entrevistas-a-itaka-escolapios-navarra-en-radio-y-television\/"},"author":{"name":"pamplona01","@id":"https:\/\/www.itakaescolapios.org\/es\/#\/schema\/person\/a44de70f9a43a90c3e0f59aaaffd61f3"},"headline":"Entrevistas a Itaka-Escolapios Navarra en radio y televisi\u00f3n.","datePublished":"2015-06-10T09:29:35+00:00","dateModified":"2023-11-28T11:38:40+00:00","mainEntityOfPage":{"@id":"https:\/\/www.itakaescolapios.org\/pt\/2015\/06\/entrevistas-a-itaka-escolapios-navarra-en-radio-y-television\/"},"wordCount":104,"publisher":{"@id":"https:\/\/www.itakaescolapios.org\/es\/#organization"},"image":{"@id":"https:\/\/www.itakaescolapios.org\/pt\/2015\/06\/entrevistas-a-itaka-escolapios-navarra-en-radio-y-television\/#primaryimage"},"thumbnailUrl":"https:\/\/www.itakaescolapios.org\/wp-content\/uploads\/2015\/06\/implicados.jpg","articleSection":["Pamplona-Iru\u00f1a"],"inLanguage":"pt-BR"},{"@type":"WebPage","@id":"https:\/\/www.itakaescolapios.org\/pt\/2015\/06\/entrevistas-a-itaka-escolapios-navarra-en-radio-y-television\/","url":"https:\/\/www.itakaescolapios.org\/pt\/2015\/06\/entrevistas-a-itaka-escolapios-navarra-en-radio-y-television\/","name":"Entrevistas a Itaka-Escolapios Navarra en radio y televisi\u00f3n. - Itaka-Escolapios","isPartOf":{"@id":"https:\/\/www.itakaescolapios.org\/es\/#website"},"primaryImageOfPage":{"@id":"https:\/\/www.itakaescolapios.org\/pt\/2015\/06\/entrevistas-a-itaka-escolapios-navarra-en-radio-y-television\/#primaryimage"},"image":{"@id":"https:\/\/www.itakaescolapios.org\/pt\/2015\/06\/entrevistas-a-itaka-escolapios-navarra-en-radio-y-television\/#primaryimage"},"thumbnailUrl":"https:\/\/www.itakaescolapios.org\/wp-content\/uploads\/2015\/06\/implicados.jpg","datePublished":"2015-06-10T09:29:35+00:00","dateModified":"2023-11-28T11:38:40+00:00","breadcrumb":{"@id":"https:\/\/www.itakaescolapios.org\/pt\/2015\/06\/entrevistas-a-itaka-escolapios-navarra-en-radio-y-television\/#breadcrumb"},"inLanguage":"pt-BR","potentialAction":[{"@type":"ReadAction","target":["https:\/\/www.itakaescolapios.org\/pt\/2015\/06\/entrevistas-a-itaka-escolapios-navarra-en-radio-y-television\/"]}]},{"@type":"ImageObject","inLanguage":"pt-BR","@id":"https:\/\/www.itakaescolapios.org\/pt\/2015\/06\/entrevistas-a-itaka-escolapios-navarra-en-radio-y-television\/#primaryimage","url":"https:\/\/www.itakaescolapios.org\/wp-content\/uploads\/2015\/06\/implicados.jpg","contentUrl":"https:\/\/www.itakaescolapios.org\/wp-content\/uploads\/2015\/06\/implicados.jpg","width":1280,"height":720},{"@type":"BreadcrumbList","@id":"https:\/\/www.itakaescolapios.org\/pt\/2015\/06\/entrevistas-a-itaka-escolapios-navarra-en-radio-y-television\/#breadcrumb","itemListElement":[{"@type":"ListItem","position":1,"name":"Itaka-Escolapios","item":"https:\/\/www.itakaescolapios.org\/es\/"},{"@type":"ListItem","position":2,"name":"Entrevistas a Itaka-Escolapios Navarra en radio y televisi\u00f3n."}]},{"@type":"WebSite","@id":"https:\/\/www.itakaescolapios.org\/pt\/es\/#website","url":"https:\/\/www.itakaescolapios.org\/pt\/es\/","name":"Itaka-Escolapios","description":"Red de Itaka-Escolapios","publisher":{"@id":"https:\/\/www.itakaescolapios.org\/pt\/es\/#organization"},"potentialAction":[{"@type":"SearchAction","target":{"@type":"EntryPoint","urlTemplate":"https:\/\/www.itakaescolapios.org\/pt\/es\/?s={search_term_string}"},"query-input":{"@type":"PropertyValueSpecification","valueRequired":true,"valueName":"search_term_string"}}],"inLanguage":"pt-BR"},{"@type":"Organization","@id":"https:\/\/www.itakaescolapios.org\/pt\/es\/#organization","name":"Fundaci\u00f3 Itaka-Escolapios","url":"https:\/\/www.itakaescolapios.org\/pt\/es\/","logo":{"@type":"ImageObject","inLanguage":"pt-BR","@id":"https:\/\/www.itakaescolapios.org\/pt\/es\/#\/schema\/logo\/image\/","url":"https:\/\/www.itakaescolapios.org\/wp-content\/uploads\/2024\/04\/Logo-itakaescolapios-peque.png","contentUrl":"https:\/\/www.itakaescolapios.org\/wp-content\/uploads\/2024\/04\/Logo-itakaescolapios-peque.png","width":500,"height":199,"caption":"Fundaci\u00f3 Itaka-Escolapios"},"image":{"@id":"https:\/\/www.itakaescolapios.org\/pt\/es\/#\/schema\/logo\/image\/"}},{"@type":"Person","@id":"https:\/\/www.itakaescolapios.org\/es\/#\/schema\/person\/a44de70f9a43a90c3e0f59aaaffd61f3","name":"pamplona01","url":"https:\/\/www.itakaescolapios.org\/pt\/author\/pamplona01\/"}]}},"_links":{"self":[{"href":"https:\/\/www.itakaescolapios.org\/pt\/wp-json\/wp\/v2\/posts\/12795","targetHints":{"allow":["GET"]}}],"collection":[{"href":"https:\/\/www.itakaescolapios.org\/pt\/wp-json\/wp\/v2\/posts"}],"about":[{"href":"https:\/\/www.itakaescolapios.org\/pt\/wp-json\/wp\/v2\/types\/post"}],"author":[{"embeddable":true,"href":"https:\/\/www.itakaescolapios.org\/pt\/wp-json\/wp\/v2\/users\/29"}],"replies":[{"embeddable":true,"href":"https:\/\/www.itakaescolapios.org\/pt\/wp-json\/wp\/v2\/comments?post=12795"}],"version-history":[{"count":9,"href":"https:\/\/www.itakaescolapios.org\/pt\/wp-json\/wp\/v2\/posts\/12795\/revisions"}],"predecessor-version":[{"id":48620,"href":"https:\/\/www.itakaescolapios.org\/pt\/wp-json\/wp\/v2\/posts\/12795\/revisions\/48620"}],"wp:featuredmedia":[{"embeddable":true,"href":"https:\/\/www.itakaescolapios.org\/pt\/wp-json\/wp\/v2\/media\/12796"}],"wp:attachment":[{"href":"https:\/\/www.itakaescolapios.org\/pt\/wp-json\/wp\/v2\/media?parent=12795"}],"wp:term":[{"taxonomy":"category","embeddable":true,"href":"https:\/\/www.itakaescolapios.org\/pt\/wp-json\/wp\/v2\/categories?post=12795"},{"taxonomy":"post_tag","embeddable":true,"href":"https:\/\/www.itakaescolapios.org\/pt\/wp-json\/wp\/v2\/tags?post=12795"}],"curies":[{"name":"wp","href":"https:\/\/api.w.org\/{rel}","templated":true}]}}