{"id":13134,"date":"2015-09-25T08:25:15","date_gmt":"2015-09-25T07:25:15","guid":{"rendered":"https:\/\/www.itakaescolapios.org\/?p=13134"},"modified":"2023-11-28T12:38:37","modified_gmt":"2023-11-28T11:38:37","slug":"ultimos-dias-para-las-inscripciones-en-el-curso-de-monitora-de-tiempo-libre","status":"publish","type":"post","link":"https:\/\/www.itakaescolapios.org\/pt\/2015\/09\/ultimos-dias-para-las-inscripciones-en-el-curso-de-monitora-de-tiempo-libre\/","title":{"rendered":"\u00daltimos d\u00edas para las inscripciones en el curso de monitor\/a de tiempo libre."},"content":{"rendered":"<p>Si est\u00e1s interesado en apuntarte al curso oficial de monitor\/a de tiempo libre que comienza en los pr\u00f3ximos d\u00edas en Pamplona-Iru\u00f1a, todav\u00eda est\u00e1s a tiempo.\u00a0\u00a0\u00a0\u00a0\u00a0\u00a0\u00a0\u00a0\u00a0\u00a0\u00a0\u00a0\u00a0\u00a0\u00a0\u00a0\u00a0\u00a0\u00a0\u00a0\u00a0\u00a0\u00a0\u00a0\u00a0\u00a0\u00a0\u00a0\u00a0\u00a0\u00a0\u00a0\u00a0\u00a0\u00a0\u00a0\u00a0\u00a0\u00a0\u00a0\u00a0\u00a0 Esta formaci\u00f3n contiene tres partes: -120h de parte te\u00f3rico-pr\u00e1ctica. -120 h de pr\u00e1cticas en programas de tiempo libre (a realizar en un plazo m\u00e1ximo de 18 meses desde que acabe la parte te\u00f3rico-pr\u00e1ctica). &#8211; un trabajo escrito de programaci\u00f3n de actividades de tiempo libre, que equivale a 30 h lectivas (con los mismos 18 meses para su presentaci\u00f3n).\u00a0\u00a0\u00a0\u00a0\u00a0\u00a0\u00a0\u00a0\u00a0\u00a0\u00a0\u00a0\u00a0\u00a0\u00a0\u00a0\u00a0\u00a0\u00a0\u00a0\u00a0\u00a0\u00a0\u00a0\u00a0\u00a0\u00a0\u00a0\u00a0\u00a0\u00a0\u00a0\u00a0\u00a0\u00a0\u00a0\u00a0\u00a0\u00a0\u00a0\u00a0\u00a0\u00a0\u00a0\u00a0\u00a0\u00a0\u00a0\u00a0\u00a0\u00a0\u00a0\u00a0\u00a0 \u00a0 \u00a0 \u00a0 \u00a0 \u00a0 \u00a0 \u00a0 \u00a0 \u00a0 \u00a0 \u00a0 \u00a0 \u00a0 \u00a0 \u00a0 \u00a0 \u00a0 \u00a0 \u00a0 \u00a0 \u00a0 \u00a0 \u00a0 \u00a0 \u00a0 \u00a0 \u00a0 \u00a0 \u00a0 \u00a0 \u00a0 \u00a0 \u00a0 \u00a0 \u00a0 \u00a0 \u00a0 \u00a0 \u00a0 \u00a0 \u00a0 \u00a0 \u00a0 El curso se realizar\u00e1 los mi\u00e9rcoles, de 20 a 22 h, y a lo largo de 4 s\u00e1bados y 3 fines de semana completos, entre octubre y mayo.\u00a0 No hay curso en los periodos vacacionales de Navidad y Semana Santa, ni tampoco durante enero. \u00a0 \u00a0 \u00a0 \u00a0 \u00a0 \u00a0 \u00a0 \u00a0 \u00a0 \u00a0 \u00a0 \u00a0 \u00a0 \u00a0 \u00a0 \u00a0 \u00a0 \u00a0 \u00a0 \u00a0 \u00a0 \u00a0 \u00a0 \u00a0 \u00a0 \u00a0 \u00a0 \u00a0 \u00a0 \u00a0 \u00a0 \u00a0 \u00a0 \u00a0 \u00a0 \u00a0 \u00a0 \u00a0 \u00a0 \u00a0 \u00a0 \u00a0 \u00a0 \u00a0 \u00a0 \u00a0 \u00a0 \u00a0 \u00a0 \u00a0 \u00a0 \u00a0 \u00a0 \u00a0 \u00a0 \u00a0 \u00a0 \u00a0 \u00a0 \u00a0 \u00a0 \u00a0 \u00a0 \u00a0 \u00a0 \u00a0 \u00a0 \u00a0 \u00a0 \u00a0 \u00a0 \u00a0 \u00a0 \u00a0 \u00a0 \u00a0 \u00a0 \u00a0 \u00a0 \u00a0 \u00a0 \u00a0 \u00a0 \u00a0 \u00a0 \u00a0 \u00a0 \u00a0\u00a0 \u00a0 \u00a0 \u00a0 \u00a0 El precio es de 330\u20ac.\u00a0\u00a0\u00a0\u00a0\u00a0\u00a0\u00a0\u00a0\u00a0\u00a0\u00a0\u00a0\u00a0\u00a0\u00a0\u00a0\u00a0\u00a0\u00a0\u00a0\u00a0\u00a0\u00a0\u00a0\u00a0\u00a0\u00a0\u00a0\u00a0\u00a0\u00a0\u00a0\u00a0\u00a0\u00a0\u00a0\u00a0\u00a0\u00a0\u00a0\u00a0\u00a0\u00a0\u00a0\u00a0\u00a0\u00a0\u00a0\u00a0\u00a0\u00a0\u00a0\u00a0\u00a0\u00a0\u00a0\u00a0\u00a0\u00a0\u00a0\u00a0\u00a0\u00a0\u00a0\u00a0\u00a0\u00a0\u00a0\u00a0\u00a0\u00a0\u00a0\u00a0\u00a0\u00a0\u00a0\u00a0\u00a0\u00a0\u00a0\u00a0\u00a0\u00a0\u00a0\u00a0\u00a0\u00a0\u00a0\u00a0\u00a0\u00a0\u00a0\u00a0\u00a0\u00a0\u00a0\u00a0\u00a0\u00a0\u00a0\u00a0 \u00a0 \u00a0 \u00a0 \u00a0 \u00a0 \u00a0 \u00a0 \u00a0 \u00a0 \u00a0 \u00a0 \u00a0\u00a0 \u00a1Te esperamos! \u00a0 \u00a0 \u00a0 \u00a0 \u00a0 \u00a0 \u00a0 \u00a0 \u00a0 \u00a0 \u00a0 \u00a0 \u00a0 \u00a0 \u00a0 \u00a0 \u00a0 \u00a0 \u00a0 \u00a0 \u00a0 \u00a0 \u00a0 \u00a0 \u00a0 \u00a0 \u00a0 \u00a0 \u00a0 \u00a0 \u00a0 \u00a0 \u00a0 escuelalurberri@itakaescolapios.org &#8211; 948 20 38 91 \u00a0 \u00a0 \u00a0 \u00a0 \u00a0 \u00a0 \u00a0 \u00a0 \u00a0 \u00a0 \u00a0 \u00a0 \u00a0 \u00a0 \u00a0 \u00a0 \u00a0 \u00a0 \u00a0 \u00a0 \u00a0 \u00a0 \u00a0 \u00a0 \u00a0 \u00a0 \u00a0 \u00a0 \u00a0 \u00a0 \u00a0 \u00a0 \u00a0 \u00a0 \u00a0\u00a0 https:\/\/www.facebook.com\/escuela.lurberri\/<\/p>\n","protected":false},"excerpt":{"rendered":"<p>Si est\u00e1s interesado en apuntarte al curso oficial de monitor\/a de tiempo libre que comienza en los pr\u00f3ximos d\u00edas en Pamplona-Iru\u00f1a, todav\u00eda est\u00e1s a tiempo.\u00a0\u00a0\u00a0\u00a0\u00a0\u00a0\u00a0\u00a0\u00a0\u00a0\u00a0\u00a0\u00a0\u00a0\u00a0\u00a0\u00a0\u00a0\u00a0\u00a0\u00a0\u00a0\u00a0\u00a0\u00a0\u00a0\u00a0\u00a0\u00a0\u00a0\u00a0\u00a0\u00a0\u00a0\u00a0\u00a0\u00a0\u00a0\u00a0\u00a0\u00a0\u00a0 Esta formaci\u00f3n contiene tres partes: [&hellip;]<\/p>\n","protected":false},"author":29,"featured_media":13135,"comment_status":"closed","ping_status":"closed","sticky":false,"template":"","format":"standard","meta":{"_et_pb_use_builder":"","_et_pb_old_content":"","_et_gb_content_width":"","footnotes":""},"categories":[20],"tags":[179,180,73],"class_list":["post-13134","post","type-post","status-publish","format-standard","has-post-thumbnail","hentry","category-pamplona-iruna","tag-curso-monito","tag-curso-tiempo-libre","tag-cursos"],"yoast_head":"<!-- This site is optimized with the Yoast SEO plugin v27.4 - https:\/\/yoast.com\/product\/yoast-seo-wordpress\/ -->\n<title>\u00daltimos d\u00edas para las inscripciones en el curso de monitor\/a de tiempo libre.<\/title>\n<meta name=\"description\" content=\"Si est\u00e1s interesado en apuntarte al curso oficial de monitor\/a de tiempo libre que comienza en los pr\u00f3ximos d\u00edas en Pamplona-Iru\u00f1a, todav\u00eda est\u00e1s a tiempo.\u00a0\u00a0\u00a0\u00a0\u00a0\u00a0\u00a0\u00a0\u00a0\u00a0\u00a0\u00a0\u00a0\u00a0\u00a0\u00a0\u00a0\u00a0\u00a0\u00a0\u00a0\u00a0\u00a0\u00a0\u00a0\u00a0\u00a0\u00a0\u00a0\u00a0\u00a0\u00a0\u00a0\u00a0\u00a0\u00a0\u00a0\u00a0\u00a0\u00a0\u00a0\u00a0 Esta formaci\u00f3n contiene tres partes: -120h de parte te\u00f3rico-pr\u00e1ctica. -120 h de pr\u00e1cticas en programas de tiempo libre (a realizar en un plazo m\u00e1ximo de 18 meses desde que acabe&hellip;\" \/>\n<meta name=\"robots\" content=\"index, follow, max-snippet:-1, max-image-preview:large, max-video-preview:-1\" \/>\n<link rel=\"canonical\" href=\"\" \/>\n<meta property=\"og:locale\" content=\"pt_BR\" \/>\n<meta property=\"og:type\" content=\"article\" \/>\n<meta property=\"og:title\" content=\"\u00daltimos d\u00edas para las inscripciones en el curso de monitor\/a de tiempo libre.\" \/>\n<meta property=\"og:description\" content=\"Si est\u00e1s interesado en apuntarte al curso oficial de monitor\/a de tiempo libre que comienza en los pr\u00f3ximos d\u00edas en Pamplona-Iru\u00f1a, todav\u00eda est\u00e1s a tiempo.\u00a0\u00a0\u00a0\u00a0\u00a0\u00a0\u00a0\u00a0\u00a0\u00a0\u00a0\u00a0\u00a0\u00a0\u00a0\u00a0\u00a0\u00a0\u00a0\u00a0\u00a0\u00a0\u00a0\u00a0\u00a0\u00a0\u00a0\u00a0\u00a0\u00a0\u00a0\u00a0\u00a0\u00a0\u00a0\u00a0\u00a0\u00a0\u00a0\u00a0\u00a0\u00a0 Esta formaci\u00f3n contiene tres partes: -120h de parte te\u00f3rico-pr\u00e1ctica. -120 h de pr\u00e1cticas en programas de tiempo libre (a realizar en un plazo m\u00e1ximo de 18 meses desde que acabe&hellip;\" \/>\n<meta property=\"og:url\" content=\"https:\/\/www.itakaescolapios.org\/pt\/2015\/09\/ultimos-dias-para-las-inscripciones-en-el-curso-de-monitora-de-tiempo-libre\/\" \/>\n<meta property=\"og:site_name\" content=\"Itaka-Escolapios\" \/>\n<meta property=\"article:published_time\" content=\"2015-09-25T07:25:15+00:00\" \/>\n<meta property=\"article:modified_time\" content=\"2023-11-28T11:38:37+00:00\" \/>\n<meta property=\"og:image\" content=\"https:\/\/www.itakaescolapios.org\/wp-content\/uploads\/2015\/09\/1597671_782028565200104_2235281177445062460_o.jpg\" \/>\n\t<meta property=\"og:image:width\" content=\"2048\" \/>\n\t<meta property=\"og:image:height\" content=\"1536\" \/>\n\t<meta property=\"og:image:type\" content=\"image\/jpeg\" \/>\n<meta name=\"author\" content=\"pamplona01\" \/>\n<meta name=\"twitter:card\" content=\"summary_large_image\" \/>\n<meta name=\"twitter:label1\" content=\"Escrito por\" \/>\n\t<meta name=\"twitter:data1\" content=\"pamplona01\" \/>\n\t<meta name=\"twitter:label2\" content=\"Est. tempo de leitura\" \/>\n\t<meta name=\"twitter:data2\" content=\"1 minuto\" \/>\n<script type=\"application\/ld+json\" class=\"yoast-schema-graph\">{\"@context\":\"https:\\\/\\\/schema.org\",\"@graph\":[{\"@type\":\"Article\",\"@id\":\"https:\\\/\\\/www.itakaescolapios.org\\\/pt\\\/2015\\\/09\\\/ultimos-dias-para-las-inscripciones-en-el-curso-de-monitora-de-tiempo-libre\\\/#article\",\"isPartOf\":{\"@id\":\"https:\\\/\\\/www.itakaescolapios.org\\\/pt\\\/2015\\\/09\\\/ultimos-dias-para-las-inscripciones-en-el-curso-de-monitora-de-tiempo-libre\\\/\"},\"author\":{\"name\":\"pamplona01\",\"@id\":\"https:\\\/\\\/www.itakaescolapios.org\\\/es\\\/#\\\/schema\\\/person\\\/a44de70f9a43a90c3e0f59aaaffd61f3\"},\"headline\":\"\u00daltimos d\u00edas para las inscripciones en el curso de monitor\\\/a de tiempo libre.\",\"datePublished\":\"2015-09-25T07:25:15+00:00\",\"dateModified\":\"2023-11-28T11:38:37+00:00\",\"mainEntityOfPage\":{\"@id\":\"https:\\\/\\\/www.itakaescolapios.org\\\/pt\\\/2015\\\/09\\\/ultimos-dias-para-las-inscripciones-en-el-curso-de-monitora-de-tiempo-libre\\\/\"},\"wordCount\":170,\"publisher\":{\"@id\":\"https:\\\/\\\/www.itakaescolapios.org\\\/es\\\/#organization\"},\"image\":{\"@id\":\"https:\\\/\\\/www.itakaescolapios.org\\\/pt\\\/2015\\\/09\\\/ultimos-dias-para-las-inscripciones-en-el-curso-de-monitora-de-tiempo-libre\\\/#primaryimage\"},\"thumbnailUrl\":\"https:\\\/\\\/www.itakaescolapios.org\\\/wp-content\\\/uploads\\\/2015\\\/09\\\/1597671_782028565200104_2235281177445062460_o.jpg\",\"keywords\":[\"curso monito\",\"curso; tiempo libre;\",\"cursos\"],\"articleSection\":[\"Pamplona-Iru\u00f1a\"],\"inLanguage\":\"pt-BR\"},{\"@type\":\"WebPage\",\"@id\":\"https:\\\/\\\/www.itakaescolapios.org\\\/pt\\\/2015\\\/09\\\/ultimos-dias-para-las-inscripciones-en-el-curso-de-monitora-de-tiempo-libre\\\/\",\"url\":\"https:\\\/\\\/www.itakaescolapios.org\\\/pt\\\/2015\\\/09\\\/ultimos-dias-para-las-inscripciones-en-el-curso-de-monitora-de-tiempo-libre\\\/\",\"name\":\"\u00daltimos d\u00edas para las inscripciones en el curso de monitor\\\/a de tiempo libre. - Itaka-Escolapios\",\"isPartOf\":{\"@id\":\"https:\\\/\\\/www.itakaescolapios.org\\\/es\\\/#website\"},\"primaryImageOfPage\":{\"@id\":\"https:\\\/\\\/www.itakaescolapios.org\\\/pt\\\/2015\\\/09\\\/ultimos-dias-para-las-inscripciones-en-el-curso-de-monitora-de-tiempo-libre\\\/#primaryimage\"},\"image\":{\"@id\":\"https:\\\/\\\/www.itakaescolapios.org\\\/pt\\\/2015\\\/09\\\/ultimos-dias-para-las-inscripciones-en-el-curso-de-monitora-de-tiempo-libre\\\/#primaryimage\"},\"thumbnailUrl\":\"https:\\\/\\\/www.itakaescolapios.org\\\/wp-content\\\/uploads\\\/2015\\\/09\\\/1597671_782028565200104_2235281177445062460_o.jpg\",\"datePublished\":\"2015-09-25T07:25:15+00:00\",\"dateModified\":\"2023-11-28T11:38:37+00:00\",\"breadcrumb\":{\"@id\":\"https:\\\/\\\/www.itakaescolapios.org\\\/pt\\\/2015\\\/09\\\/ultimos-dias-para-las-inscripciones-en-el-curso-de-monitora-de-tiempo-libre\\\/#breadcrumb\"},\"inLanguage\":\"pt-BR\",\"potentialAction\":[{\"@type\":\"ReadAction\",\"target\":[\"https:\\\/\\\/www.itakaescolapios.org\\\/pt\\\/2015\\\/09\\\/ultimos-dias-para-las-inscripciones-en-el-curso-de-monitora-de-tiempo-libre\\\/\"]}]},{\"@type\":\"ImageObject\",\"inLanguage\":\"pt-BR\",\"@id\":\"https:\\\/\\\/www.itakaescolapios.org\\\/pt\\\/2015\\\/09\\\/ultimos-dias-para-las-inscripciones-en-el-curso-de-monitora-de-tiempo-libre\\\/#primaryimage\",\"url\":\"https:\\\/\\\/www.itakaescolapios.org\\\/wp-content\\\/uploads\\\/2015\\\/09\\\/1597671_782028565200104_2235281177445062460_o.jpg\",\"contentUrl\":\"https:\\\/\\\/www.itakaescolapios.org\\\/wp-content\\\/uploads\\\/2015\\\/09\\\/1597671_782028565200104_2235281177445062460_o.jpg\",\"width\":2048,\"height\":1536},{\"@type\":\"BreadcrumbList\",\"@id\":\"https:\\\/\\\/www.itakaescolapios.org\\\/pt\\\/2015\\\/09\\\/ultimos-dias-para-las-inscripciones-en-el-curso-de-monitora-de-tiempo-libre\\\/#breadcrumb\",\"itemListElement\":[{\"@type\":\"ListItem\",\"position\":1,\"name\":\"Itaka-Escolapios\",\"item\":\"https:\\\/\\\/www.itakaescolapios.org\\\/es\\\/\"},{\"@type\":\"ListItem\",\"position\":2,\"name\":\"\u00daltimos d\u00edas para las inscripciones en el curso de monitor\\\/a de tiempo libre.\"}]},{\"@type\":\"WebSite\",\"@id\":\"https:\\\/\\\/www.itakaescolapios.org\\\/pt\\\/es\\\/#website\",\"url\":\"https:\\\/\\\/www.itakaescolapios.org\\\/pt\\\/es\\\/\",\"name\":\"Itaka-Escolapios\",\"description\":\"Red de Itaka-Escolapios\",\"publisher\":{\"@id\":\"https:\\\/\\\/www.itakaescolapios.org\\\/pt\\\/es\\\/#organization\"},\"potentialAction\":[{\"@type\":\"SearchAction\",\"target\":{\"@type\":\"EntryPoint\",\"urlTemplate\":\"https:\\\/\\\/www.itakaescolapios.org\\\/pt\\\/es\\\/?s={search_term_string}\"},\"query-input\":{\"@type\":\"PropertyValueSpecification\",\"valueRequired\":true,\"valueName\":\"search_term_string\"}}],\"inLanguage\":\"pt-BR\"},{\"@type\":\"Organization\",\"@id\":\"https:\\\/\\\/www.itakaescolapios.org\\\/pt\\\/es\\\/#organization\",\"name\":\"Fundaci\u00f3 Itaka-Escolapios\",\"url\":\"https:\\\/\\\/www.itakaescolapios.org\\\/pt\\\/es\\\/\",\"logo\":{\"@type\":\"ImageObject\",\"inLanguage\":\"pt-BR\",\"@id\":\"https:\\\/\\\/www.itakaescolapios.org\\\/pt\\\/es\\\/#\\\/schema\\\/logo\\\/image\\\/\",\"url\":\"https:\\\/\\\/www.itakaescolapios.org\\\/wp-content\\\/uploads\\\/2024\\\/04\\\/Logo-itakaescolapios-peque.png\",\"contentUrl\":\"https:\\\/\\\/www.itakaescolapios.org\\\/wp-content\\\/uploads\\\/2024\\\/04\\\/Logo-itakaescolapios-peque.png\",\"width\":500,\"height\":199,\"caption\":\"Fundaci\u00f3 Itaka-Escolapios\"},\"image\":{\"@id\":\"https:\\\/\\\/www.itakaescolapios.org\\\/pt\\\/es\\\/#\\\/schema\\\/logo\\\/image\\\/\"}},{\"@type\":\"Person\",\"@id\":\"https:\\\/\\\/www.itakaescolapios.org\\\/es\\\/#\\\/schema\\\/person\\\/a44de70f9a43a90c3e0f59aaaffd61f3\",\"name\":\"pamplona01\",\"url\":\"https:\\\/\\\/www.itakaescolapios.org\\\/pt\\\/author\\\/pamplona01\\\/\"}]}<\/script>\n<!-- \/ Yoast SEO plugin. -->","yoast_head_json":{"title":"\u00daltimos d\u00edas para las inscripciones en el curso de monitor\/a de tiempo libre.","description":"Si est\u00e1s interesado en apuntarte al curso oficial de monitor\/a de tiempo libre que comienza en los pr\u00f3ximos d\u00edas en Pamplona-Iru\u00f1a, todav\u00eda est\u00e1s a tiempo.\u00a0\u00a0\u00a0\u00a0\u00a0\u00a0\u00a0\u00a0\u00a0\u00a0\u00a0\u00a0\u00a0\u00a0\u00a0\u00a0\u00a0\u00a0\u00a0\u00a0\u00a0\u00a0\u00a0\u00a0\u00a0\u00a0\u00a0\u00a0\u00a0\u00a0\u00a0\u00a0\u00a0\u00a0\u00a0\u00a0\u00a0\u00a0\u00a0\u00a0\u00a0\u00a0 Esta formaci\u00f3n contiene tres partes: -120h de parte te\u00f3rico-pr\u00e1ctica. -120 h de pr\u00e1cticas en programas de tiempo libre (a realizar en un plazo m\u00e1ximo de 18 meses desde que acabe&hellip;","robots":{"index":"index","follow":"follow","max-snippet":"max-snippet:-1","max-image-preview":"max-image-preview:large","max-video-preview":"max-video-preview:-1"},"canonical":"Si est\u00e1s interesado en apuntarte al curso oficial de monitor\/a de tiempo libre que comienza en los pr\u00f3ximos d\u00edas en Pamplona-Iru\u00f1a, todav\u00eda est\u00e1s a tiempo.\u00a0\u00a0\u00a0\u00a0\u00a0\u00a0\u00a0\u00a0\u00a0\u00a0\u00a0\u00a0\u00a0\u00a0\u00a0\u00a0\u00a0\u00a0\u00a0\u00a0\u00a0\u00a0\u00a0\u00a0\u00a0\u00a0\u00a0\u00a0\u00a0\u00a0\u00a0\u00a0\u00a0\u00a0\u00a0\u00a0\u00a0\u00a0\u00a0\u00a0\u00a0\u00a0 Esta formaci\u00f3n contiene tres partes: -120h de parte te\u00f3rico-pr\u00e1ctica. -120 h de pr\u00e1cticas en programas de tiempo libre (a realizar en un plazo m\u00e1ximo de 18 meses desde que acabe&hellip;","og_locale":"pt_BR","og_type":"article","og_title":"\u00daltimos d\u00edas para las inscripciones en el curso de monitor\/a de tiempo libre.","og_description":"Si est\u00e1s interesado en apuntarte al curso oficial de monitor\/a de tiempo libre que comienza en los pr\u00f3ximos d\u00edas en Pamplona-Iru\u00f1a, todav\u00eda est\u00e1s a tiempo.\u00a0\u00a0\u00a0\u00a0\u00a0\u00a0\u00a0\u00a0\u00a0\u00a0\u00a0\u00a0\u00a0\u00a0\u00a0\u00a0\u00a0\u00a0\u00a0\u00a0\u00a0\u00a0\u00a0\u00a0\u00a0\u00a0\u00a0\u00a0\u00a0\u00a0\u00a0\u00a0\u00a0\u00a0\u00a0\u00a0\u00a0\u00a0\u00a0\u00a0\u00a0\u00a0 Esta formaci\u00f3n contiene tres partes: -120h de parte te\u00f3rico-pr\u00e1ctica. -120 h de pr\u00e1cticas en programas de tiempo libre (a realizar en un plazo m\u00e1ximo de 18 meses desde que acabe&hellip;","og_url":"https:\/\/www.itakaescolapios.org\/pt\/2015\/09\/ultimos-dias-para-las-inscripciones-en-el-curso-de-monitora-de-tiempo-libre\/","og_site_name":"Itaka-Escolapios","article_published_time":"2015-09-25T07:25:15+00:00","article_modified_time":"2023-11-28T11:38:37+00:00","og_image":[{"width":2048,"height":1536,"url":"https:\/\/www.itakaescolapios.org\/wp-content\/uploads\/2015\/09\/1597671_782028565200104_2235281177445062460_o.jpg","type":"image\/jpeg"}],"author":"pamplona01","twitter_card":"summary_large_image","twitter_misc":{"Escrito por":"pamplona01","Est. tempo de leitura":"1 minuto"},"schema":{"@context":"https:\/\/schema.org","@graph":[{"@type":"Article","@id":"https:\/\/www.itakaescolapios.org\/pt\/2015\/09\/ultimos-dias-para-las-inscripciones-en-el-curso-de-monitora-de-tiempo-libre\/#article","isPartOf":{"@id":"https:\/\/www.itakaescolapios.org\/pt\/2015\/09\/ultimos-dias-para-las-inscripciones-en-el-curso-de-monitora-de-tiempo-libre\/"},"author":{"name":"pamplona01","@id":"https:\/\/www.itakaescolapios.org\/es\/#\/schema\/person\/a44de70f9a43a90c3e0f59aaaffd61f3"},"headline":"\u00daltimos d\u00edas para las inscripciones en el curso de monitor\/a de tiempo libre.","datePublished":"2015-09-25T07:25:15+00:00","dateModified":"2023-11-28T11:38:37+00:00","mainEntityOfPage":{"@id":"https:\/\/www.itakaescolapios.org\/pt\/2015\/09\/ultimos-dias-para-las-inscripciones-en-el-curso-de-monitora-de-tiempo-libre\/"},"wordCount":170,"publisher":{"@id":"https:\/\/www.itakaescolapios.org\/es\/#organization"},"image":{"@id":"https:\/\/www.itakaescolapios.org\/pt\/2015\/09\/ultimos-dias-para-las-inscripciones-en-el-curso-de-monitora-de-tiempo-libre\/#primaryimage"},"thumbnailUrl":"https:\/\/www.itakaescolapios.org\/wp-content\/uploads\/2015\/09\/1597671_782028565200104_2235281177445062460_o.jpg","keywords":["curso monito","curso; tiempo libre;","cursos"],"articleSection":["Pamplona-Iru\u00f1a"],"inLanguage":"pt-BR"},{"@type":"WebPage","@id":"https:\/\/www.itakaescolapios.org\/pt\/2015\/09\/ultimos-dias-para-las-inscripciones-en-el-curso-de-monitora-de-tiempo-libre\/","url":"https:\/\/www.itakaescolapios.org\/pt\/2015\/09\/ultimos-dias-para-las-inscripciones-en-el-curso-de-monitora-de-tiempo-libre\/","name":"\u00daltimos d\u00edas para las inscripciones en el curso de monitor\/a de tiempo libre. - Itaka-Escolapios","isPartOf":{"@id":"https:\/\/www.itakaescolapios.org\/es\/#website"},"primaryImageOfPage":{"@id":"https:\/\/www.itakaescolapios.org\/pt\/2015\/09\/ultimos-dias-para-las-inscripciones-en-el-curso-de-monitora-de-tiempo-libre\/#primaryimage"},"image":{"@id":"https:\/\/www.itakaescolapios.org\/pt\/2015\/09\/ultimos-dias-para-las-inscripciones-en-el-curso-de-monitora-de-tiempo-libre\/#primaryimage"},"thumbnailUrl":"https:\/\/www.itakaescolapios.org\/wp-content\/uploads\/2015\/09\/1597671_782028565200104_2235281177445062460_o.jpg","datePublished":"2015-09-25T07:25:15+00:00","dateModified":"2023-11-28T11:38:37+00:00","breadcrumb":{"@id":"https:\/\/www.itakaescolapios.org\/pt\/2015\/09\/ultimos-dias-para-las-inscripciones-en-el-curso-de-monitora-de-tiempo-libre\/#breadcrumb"},"inLanguage":"pt-BR","potentialAction":[{"@type":"ReadAction","target":["https:\/\/www.itakaescolapios.org\/pt\/2015\/09\/ultimos-dias-para-las-inscripciones-en-el-curso-de-monitora-de-tiempo-libre\/"]}]},{"@type":"ImageObject","inLanguage":"pt-BR","@id":"https:\/\/www.itakaescolapios.org\/pt\/2015\/09\/ultimos-dias-para-las-inscripciones-en-el-curso-de-monitora-de-tiempo-libre\/#primaryimage","url":"https:\/\/www.itakaescolapios.org\/wp-content\/uploads\/2015\/09\/1597671_782028565200104_2235281177445062460_o.jpg","contentUrl":"https:\/\/www.itakaescolapios.org\/wp-content\/uploads\/2015\/09\/1597671_782028565200104_2235281177445062460_o.jpg","width":2048,"height":1536},{"@type":"BreadcrumbList","@id":"https:\/\/www.itakaescolapios.org\/pt\/2015\/09\/ultimos-dias-para-las-inscripciones-en-el-curso-de-monitora-de-tiempo-libre\/#breadcrumb","itemListElement":[{"@type":"ListItem","position":1,"name":"Itaka-Escolapios","item":"https:\/\/www.itakaescolapios.org\/es\/"},{"@type":"ListItem","position":2,"name":"\u00daltimos d\u00edas para las inscripciones en el curso de monitor\/a de tiempo libre."}]},{"@type":"WebSite","@id":"https:\/\/www.itakaescolapios.org\/pt\/es\/#website","url":"https:\/\/www.itakaescolapios.org\/pt\/es\/","name":"Itaka-Escolapios","description":"Red de Itaka-Escolapios","publisher":{"@id":"https:\/\/www.itakaescolapios.org\/pt\/es\/#organization"},"potentialAction":[{"@type":"SearchAction","target":{"@type":"EntryPoint","urlTemplate":"https:\/\/www.itakaescolapios.org\/pt\/es\/?s={search_term_string}"},"query-input":{"@type":"PropertyValueSpecification","valueRequired":true,"valueName":"search_term_string"}}],"inLanguage":"pt-BR"},{"@type":"Organization","@id":"https:\/\/www.itakaescolapios.org\/pt\/es\/#organization","name":"Fundaci\u00f3 Itaka-Escolapios","url":"https:\/\/www.itakaescolapios.org\/pt\/es\/","logo":{"@type":"ImageObject","inLanguage":"pt-BR","@id":"https:\/\/www.itakaescolapios.org\/pt\/es\/#\/schema\/logo\/image\/","url":"https:\/\/www.itakaescolapios.org\/wp-content\/uploads\/2024\/04\/Logo-itakaescolapios-peque.png","contentUrl":"https:\/\/www.itakaescolapios.org\/wp-content\/uploads\/2024\/04\/Logo-itakaescolapios-peque.png","width":500,"height":199,"caption":"Fundaci\u00f3 Itaka-Escolapios"},"image":{"@id":"https:\/\/www.itakaescolapios.org\/pt\/es\/#\/schema\/logo\/image\/"}},{"@type":"Person","@id":"https:\/\/www.itakaescolapios.org\/es\/#\/schema\/person\/a44de70f9a43a90c3e0f59aaaffd61f3","name":"pamplona01","url":"https:\/\/www.itakaescolapios.org\/pt\/author\/pamplona01\/"}]}},"_links":{"self":[{"href":"https:\/\/www.itakaescolapios.org\/pt\/wp-json\/wp\/v2\/posts\/13134","targetHints":{"allow":["GET"]}}],"collection":[{"href":"https:\/\/www.itakaescolapios.org\/pt\/wp-json\/wp\/v2\/posts"}],"about":[{"href":"https:\/\/www.itakaescolapios.org\/pt\/wp-json\/wp\/v2\/types\/post"}],"author":[{"embeddable":true,"href":"https:\/\/www.itakaescolapios.org\/pt\/wp-json\/wp\/v2\/users\/29"}],"replies":[{"embeddable":true,"href":"https:\/\/www.itakaescolapios.org\/pt\/wp-json\/wp\/v2\/comments?post=13134"}],"version-history":[{"count":25,"href":"https:\/\/www.itakaescolapios.org\/pt\/wp-json\/wp\/v2\/posts\/13134\/revisions"}],"predecessor-version":[{"id":13174,"href":"https:\/\/www.itakaescolapios.org\/pt\/wp-json\/wp\/v2\/posts\/13134\/revisions\/13174"}],"wp:featuredmedia":[{"embeddable":true,"href":"https:\/\/www.itakaescolapios.org\/pt\/wp-json\/wp\/v2\/media\/13135"}],"wp:attachment":[{"href":"https:\/\/www.itakaescolapios.org\/pt\/wp-json\/wp\/v2\/media?parent=13134"}],"wp:term":[{"taxonomy":"category","embeddable":true,"href":"https:\/\/www.itakaescolapios.org\/pt\/wp-json\/wp\/v2\/categories?post=13134"},{"taxonomy":"post_tag","embeddable":true,"href":"https:\/\/www.itakaescolapios.org\/pt\/wp-json\/wp\/v2\/tags?post=13134"}],"curies":[{"name":"wp","href":"https:\/\/api.w.org\/{rel}","templated":true}]}}