{"id":13690,"date":"2015-11-09T11:05:07","date_gmt":"2015-11-09T10:05:07","guid":{"rendered":"https:\/\/www.itakaescolapios.org\/?p=13690"},"modified":"2023-11-28T12:38:34","modified_gmt":"2023-11-28T11:38:34","slug":"itavere-viaja-a-mexico","status":"publish","type":"post","link":"https:\/\/www.itakaescolapios.org\/pt\/2015\/11\/itavere-viaja-a-mexico\/","title":{"rendered":"It\u00e1vere viaja a M\u00e9xico"},"content":{"rendered":"<p>It\u00e1vere vuelve a estar en marcha. Este curso viajaremos, cada dos semanas, a lugares del mundo con presencia de Itaka Escolapios.<\/p>\n<p>Os dejamos un peque\u00f1o video que resume nuestro paso por M\u00e9xico.<\/p>\n<p>\u00a1Qu\u00e9 bien lo hemos pasado!<\/p>\n<p>Si quieres ver el video pincha <a href=\"https:\/\/youtu.be\/1Erg8CFkkSI\">aqu\u00ed<\/a><\/p>\n","protected":false},"excerpt":{"rendered":"<p>It\u00e1vere vuelve a estar en marcha. Este curso viajaremos, cada dos semanas, a lugares del mundo con presencia de Itaka Escolapios. Os dejamos un peque\u00f1o video que resume nuestro paso [&hellip;]<\/p>\n","protected":false},"author":43,"featured_media":13691,"comment_status":"closed","ping_status":"closed","sticky":false,"template":"","format":"standard","meta":{"_et_pb_use_builder":"","_et_pb_old_content":"","_et_gb_content_width":"","footnotes":""},"categories":[25],"tags":[111,90,81,185,120,95,416],"class_list":["post-13690","post","type-post","status-publish","format-standard","has-post-thumbnail","hentry","category-zaragoza","tag-accion-social","tag-itavere","tag-presencia","tag-presencia-en-barrios","tag-presencia-zaragoza","tag-sede-zaragoza","tag-zaragoza"],"yoast_head":"<!-- This site is optimized with the Yoast SEO plugin v27.4 - https:\/\/yoast.com\/product\/yoast-seo-wordpress\/ -->\n<title>It\u00e1vere viaja a M\u00e9xico<\/title>\n<meta name=\"description\" content=\"It\u00e1vere vuelve a estar en marcha. Este curso viajaremos, cada dos semanas, a lugares del mundo con presencia de Itaka Escolapios. Os dejamos un peque\u00f1o video que resume nuestro paso por M\u00e9xico. \u00a1Qu\u00e9 bien lo hemos pasado! Si quieres ver el video pincha aqu\u00ed\" \/>\n<meta name=\"robots\" content=\"index, follow, max-snippet:-1, max-image-preview:large, max-video-preview:-1\" \/>\n<link rel=\"canonical\" href=\"http:\/\/It\u00e1vere%20vuelve%20a%20estar%20en%20marcha.%20Este%20curso%20viajaremos,%20cada%20dos%20semanas,%20a%20lugares%20del%20mundo%20con%20presencia%20de%20Itaka%20Escolapios.%20Os%20dejamos%20un%20peque\u00f1o%20video%20que%20resume%20nuestro%20paso%20por%20M\u00e9xico.%20\u00a1Qu\u00e9%20bien%20lo%20hemos%20pasado!%20Si%20quieres%20ver%20el%20video%20pincha%20aqu\u00ed\" \/>\n<meta property=\"og:locale\" content=\"pt_BR\" \/>\n<meta property=\"og:type\" content=\"article\" \/>\n<meta property=\"og:title\" content=\"It\u00e1vere viaja a M\u00e9xico\" \/>\n<meta property=\"og:description\" content=\"It\u00e1vere vuelve a estar en marcha. Este curso viajaremos, cada dos semanas, a lugares del mundo con presencia de Itaka Escolapios. Os dejamos un peque\u00f1o video que resume nuestro paso por M\u00e9xico. \u00a1Qu\u00e9 bien lo hemos pasado! Si quieres ver el video pincha aqu\u00ed\" \/>\n<meta property=\"og:url\" content=\"https:\/\/www.itakaescolapios.org\/pt\/2015\/11\/itavere-viaja-a-mexico\/\" \/>\n<meta property=\"og:site_name\" content=\"Itaka-Escolapios\" \/>\n<meta property=\"article:published_time\" content=\"2015-11-09T10:05:07+00:00\" \/>\n<meta property=\"article:modified_time\" content=\"2023-11-28T11:38:34+00:00\" \/>\n<meta property=\"og:image\" content=\"https:\/\/www.itakaescolapios.org\/wp-content\/uploads\/2015\/11\/itavere.jpeg\" \/>\n\t<meta property=\"og:image:width\" content=\"640\" \/>\n\t<meta property=\"og:image:height\" content=\"640\" \/>\n\t<meta property=\"og:image:type\" content=\"image\/jpeg\" \/>\n<meta name=\"author\" content=\"zaragoza01\" \/>\n<meta name=\"twitter:card\" content=\"summary_large_image\" \/>\n<meta name=\"twitter:label1\" content=\"Escrito por\" \/>\n\t<meta name=\"twitter:data1\" content=\"zaragoza01\" \/>\n<script type=\"application\/ld+json\" class=\"yoast-schema-graph\">{\"@context\":\"https:\\\/\\\/schema.org\",\"@graph\":[{\"@type\":\"Article\",\"@id\":\"https:\\\/\\\/www.itakaescolapios.org\\\/pt\\\/2015\\\/11\\\/itavere-viaja-a-mexico\\\/#article\",\"isPartOf\":{\"@id\":\"https:\\\/\\\/www.itakaescolapios.org\\\/pt\\\/2015\\\/11\\\/itavere-viaja-a-mexico\\\/\"},\"author\":{\"name\":\"zaragoza01\",\"@id\":\"https:\\\/\\\/www.itakaescolapios.org\\\/es\\\/#\\\/schema\\\/person\\\/d6727e20f4750225e480c33522d69028\"},\"headline\":\"It\u00e1vere viaja a M\u00e9xico\",\"datePublished\":\"2015-11-09T10:05:07+00:00\",\"dateModified\":\"2023-11-28T11:38:34+00:00\",\"mainEntityOfPage\":{\"@id\":\"https:\\\/\\\/www.itakaescolapios.org\\\/pt\\\/2015\\\/11\\\/itavere-viaja-a-mexico\\\/\"},\"wordCount\":53,\"publisher\":{\"@id\":\"https:\\\/\\\/www.itakaescolapios.org\\\/es\\\/#organization\"},\"image\":{\"@id\":\"https:\\\/\\\/www.itakaescolapios.org\\\/pt\\\/2015\\\/11\\\/itavere-viaja-a-mexico\\\/#primaryimage\"},\"thumbnailUrl\":\"https:\\\/\\\/www.itakaescolapios.org\\\/wp-content\\\/uploads\\\/2015\\\/11\\\/itavere.jpeg\",\"keywords\":[\"Acci\u00f3n Social\",\"Itavere\",\"Presencia\",\"presencia en barrios\",\"presencia zaragoza\",\"sede zaragoza\",\"Zaragoza\"],\"articleSection\":[\"Zaragoza\"],\"inLanguage\":\"pt-BR\"},{\"@type\":\"WebPage\",\"@id\":\"https:\\\/\\\/www.itakaescolapios.org\\\/pt\\\/2015\\\/11\\\/itavere-viaja-a-mexico\\\/\",\"url\":\"https:\\\/\\\/www.itakaescolapios.org\\\/pt\\\/2015\\\/11\\\/itavere-viaja-a-mexico\\\/\",\"name\":\"It\u00e1vere viaja a M\u00e9xico - Itaka-Escolapios\",\"isPartOf\":{\"@id\":\"https:\\\/\\\/www.itakaescolapios.org\\\/es\\\/#website\"},\"primaryImageOfPage\":{\"@id\":\"https:\\\/\\\/www.itakaescolapios.org\\\/pt\\\/2015\\\/11\\\/itavere-viaja-a-mexico\\\/#primaryimage\"},\"image\":{\"@id\":\"https:\\\/\\\/www.itakaescolapios.org\\\/pt\\\/2015\\\/11\\\/itavere-viaja-a-mexico\\\/#primaryimage\"},\"thumbnailUrl\":\"https:\\\/\\\/www.itakaescolapios.org\\\/wp-content\\\/uploads\\\/2015\\\/11\\\/itavere.jpeg\",\"datePublished\":\"2015-11-09T10:05:07+00:00\",\"dateModified\":\"2023-11-28T11:38:34+00:00\",\"breadcrumb\":{\"@id\":\"https:\\\/\\\/www.itakaescolapios.org\\\/pt\\\/2015\\\/11\\\/itavere-viaja-a-mexico\\\/#breadcrumb\"},\"inLanguage\":\"pt-BR\",\"potentialAction\":[{\"@type\":\"ReadAction\",\"target\":[\"https:\\\/\\\/www.itakaescolapios.org\\\/pt\\\/2015\\\/11\\\/itavere-viaja-a-mexico\\\/\"]}]},{\"@type\":\"ImageObject\",\"inLanguage\":\"pt-BR\",\"@id\":\"https:\\\/\\\/www.itakaescolapios.org\\\/pt\\\/2015\\\/11\\\/itavere-viaja-a-mexico\\\/#primaryimage\",\"url\":\"https:\\\/\\\/www.itakaescolapios.org\\\/wp-content\\\/uploads\\\/2015\\\/11\\\/itavere.jpeg\",\"contentUrl\":\"https:\\\/\\\/www.itakaescolapios.org\\\/wp-content\\\/uploads\\\/2015\\\/11\\\/itavere.jpeg\",\"width\":640,\"height\":640},{\"@type\":\"BreadcrumbList\",\"@id\":\"https:\\\/\\\/www.itakaescolapios.org\\\/pt\\\/2015\\\/11\\\/itavere-viaja-a-mexico\\\/#breadcrumb\",\"itemListElement\":[{\"@type\":\"ListItem\",\"position\":1,\"name\":\"Itaka-Escolapios\",\"item\":\"https:\\\/\\\/www.itakaescolapios.org\\\/es\\\/\"},{\"@type\":\"ListItem\",\"position\":2,\"name\":\"It\u00e1vere viaja a M\u00e9xico\"}]},{\"@type\":\"WebSite\",\"@id\":\"https:\\\/\\\/www.itakaescolapios.org\\\/pt\\\/es\\\/#website\",\"url\":\"https:\\\/\\\/www.itakaescolapios.org\\\/pt\\\/es\\\/\",\"name\":\"Itaka-Escolapios\",\"description\":\"Red de Itaka-Escolapios\",\"publisher\":{\"@id\":\"https:\\\/\\\/www.itakaescolapios.org\\\/pt\\\/es\\\/#organization\"},\"potentialAction\":[{\"@type\":\"SearchAction\",\"target\":{\"@type\":\"EntryPoint\",\"urlTemplate\":\"https:\\\/\\\/www.itakaescolapios.org\\\/pt\\\/es\\\/?s={search_term_string}\"},\"query-input\":{\"@type\":\"PropertyValueSpecification\",\"valueRequired\":true,\"valueName\":\"search_term_string\"}}],\"inLanguage\":\"pt-BR\"},{\"@type\":\"Organization\",\"@id\":\"https:\\\/\\\/www.itakaescolapios.org\\\/pt\\\/es\\\/#organization\",\"name\":\"Fundaci\u00f3 Itaka-Escolapios\",\"url\":\"https:\\\/\\\/www.itakaescolapios.org\\\/pt\\\/es\\\/\",\"logo\":{\"@type\":\"ImageObject\",\"inLanguage\":\"pt-BR\",\"@id\":\"https:\\\/\\\/www.itakaescolapios.org\\\/pt\\\/es\\\/#\\\/schema\\\/logo\\\/image\\\/\",\"url\":\"https:\\\/\\\/www.itakaescolapios.org\\\/wp-content\\\/uploads\\\/2024\\\/04\\\/Logo-itakaescolapios-peque.png\",\"contentUrl\":\"https:\\\/\\\/www.itakaescolapios.org\\\/wp-content\\\/uploads\\\/2024\\\/04\\\/Logo-itakaescolapios-peque.png\",\"width\":500,\"height\":199,\"caption\":\"Fundaci\u00f3 Itaka-Escolapios\"},\"image\":{\"@id\":\"https:\\\/\\\/www.itakaescolapios.org\\\/pt\\\/es\\\/#\\\/schema\\\/logo\\\/image\\\/\"}},{\"@type\":\"Person\",\"@id\":\"https:\\\/\\\/www.itakaescolapios.org\\\/es\\\/#\\\/schema\\\/person\\\/d6727e20f4750225e480c33522d69028\",\"name\":\"zaragoza01\",\"url\":\"https:\\\/\\\/www.itakaescolapios.org\\\/pt\\\/author\\\/zaragoza01\\\/\"}]}<\/script>\n<!-- \/ Yoast SEO plugin. -->","yoast_head_json":{"title":"It\u00e1vere viaja a M\u00e9xico","description":"It\u00e1vere vuelve a estar en marcha. Este curso viajaremos, cada dos semanas, a lugares del mundo con presencia de Itaka Escolapios. Os dejamos un peque\u00f1o video que resume nuestro paso por M\u00e9xico. \u00a1Qu\u00e9 bien lo hemos pasado! Si quieres ver el video pincha aqu\u00ed","robots":{"index":"index","follow":"follow","max-snippet":"max-snippet:-1","max-image-preview":"max-image-preview:large","max-video-preview":"max-video-preview:-1"},"canonical":"It\u00e1vere vuelve a estar en marcha. Este curso viajaremos, cada dos semanas, a lugares del mundo con presencia de Itaka Escolapios. Os dejamos un peque\u00f1o video que resume nuestro paso por M\u00e9xico. \u00a1Qu\u00e9 bien lo hemos pasado! Si quieres ver el video pincha aqu\u00ed","og_locale":"pt_BR","og_type":"article","og_title":"It\u00e1vere viaja a M\u00e9xico","og_description":"It\u00e1vere vuelve a estar en marcha. Este curso viajaremos, cada dos semanas, a lugares del mundo con presencia de Itaka Escolapios. Os dejamos un peque\u00f1o video que resume nuestro paso por M\u00e9xico. \u00a1Qu\u00e9 bien lo hemos pasado! Si quieres ver el video pincha aqu\u00ed","og_url":"https:\/\/www.itakaescolapios.org\/pt\/2015\/11\/itavere-viaja-a-mexico\/","og_site_name":"Itaka-Escolapios","article_published_time":"2015-11-09T10:05:07+00:00","article_modified_time":"2023-11-28T11:38:34+00:00","og_image":[{"width":640,"height":640,"url":"https:\/\/www.itakaescolapios.org\/wp-content\/uploads\/2015\/11\/itavere.jpeg","type":"image\/jpeg"}],"author":"zaragoza01","twitter_card":"summary_large_image","twitter_misc":{"Escrito por":"zaragoza01"},"schema":{"@context":"https:\/\/schema.org","@graph":[{"@type":"Article","@id":"https:\/\/www.itakaescolapios.org\/pt\/2015\/11\/itavere-viaja-a-mexico\/#article","isPartOf":{"@id":"https:\/\/www.itakaescolapios.org\/pt\/2015\/11\/itavere-viaja-a-mexico\/"},"author":{"name":"zaragoza01","@id":"https:\/\/www.itakaescolapios.org\/es\/#\/schema\/person\/d6727e20f4750225e480c33522d69028"},"headline":"It\u00e1vere viaja a M\u00e9xico","datePublished":"2015-11-09T10:05:07+00:00","dateModified":"2023-11-28T11:38:34+00:00","mainEntityOfPage":{"@id":"https:\/\/www.itakaescolapios.org\/pt\/2015\/11\/itavere-viaja-a-mexico\/"},"wordCount":53,"publisher":{"@id":"https:\/\/www.itakaescolapios.org\/es\/#organization"},"image":{"@id":"https:\/\/www.itakaescolapios.org\/pt\/2015\/11\/itavere-viaja-a-mexico\/#primaryimage"},"thumbnailUrl":"https:\/\/www.itakaescolapios.org\/wp-content\/uploads\/2015\/11\/itavere.jpeg","keywords":["Acci\u00f3n Social","Itavere","Presencia","presencia en barrios","presencia zaragoza","sede zaragoza","Zaragoza"],"articleSection":["Zaragoza"],"inLanguage":"pt-BR"},{"@type":"WebPage","@id":"https:\/\/www.itakaescolapios.org\/pt\/2015\/11\/itavere-viaja-a-mexico\/","url":"https:\/\/www.itakaescolapios.org\/pt\/2015\/11\/itavere-viaja-a-mexico\/","name":"It\u00e1vere viaja a M\u00e9xico - Itaka-Escolapios","isPartOf":{"@id":"https:\/\/www.itakaescolapios.org\/es\/#website"},"primaryImageOfPage":{"@id":"https:\/\/www.itakaescolapios.org\/pt\/2015\/11\/itavere-viaja-a-mexico\/#primaryimage"},"image":{"@id":"https:\/\/www.itakaescolapios.org\/pt\/2015\/11\/itavere-viaja-a-mexico\/#primaryimage"},"thumbnailUrl":"https:\/\/www.itakaescolapios.org\/wp-content\/uploads\/2015\/11\/itavere.jpeg","datePublished":"2015-11-09T10:05:07+00:00","dateModified":"2023-11-28T11:38:34+00:00","breadcrumb":{"@id":"https:\/\/www.itakaescolapios.org\/pt\/2015\/11\/itavere-viaja-a-mexico\/#breadcrumb"},"inLanguage":"pt-BR","potentialAction":[{"@type":"ReadAction","target":["https:\/\/www.itakaescolapios.org\/pt\/2015\/11\/itavere-viaja-a-mexico\/"]}]},{"@type":"ImageObject","inLanguage":"pt-BR","@id":"https:\/\/www.itakaescolapios.org\/pt\/2015\/11\/itavere-viaja-a-mexico\/#primaryimage","url":"https:\/\/www.itakaescolapios.org\/wp-content\/uploads\/2015\/11\/itavere.jpeg","contentUrl":"https:\/\/www.itakaescolapios.org\/wp-content\/uploads\/2015\/11\/itavere.jpeg","width":640,"height":640},{"@type":"BreadcrumbList","@id":"https:\/\/www.itakaescolapios.org\/pt\/2015\/11\/itavere-viaja-a-mexico\/#breadcrumb","itemListElement":[{"@type":"ListItem","position":1,"name":"Itaka-Escolapios","item":"https:\/\/www.itakaescolapios.org\/es\/"},{"@type":"ListItem","position":2,"name":"It\u00e1vere viaja a M\u00e9xico"}]},{"@type":"WebSite","@id":"https:\/\/www.itakaescolapios.org\/pt\/es\/#website","url":"https:\/\/www.itakaescolapios.org\/pt\/es\/","name":"Itaka-Escolapios","description":"Red de Itaka-Escolapios","publisher":{"@id":"https:\/\/www.itakaescolapios.org\/pt\/es\/#organization"},"potentialAction":[{"@type":"SearchAction","target":{"@type":"EntryPoint","urlTemplate":"https:\/\/www.itakaescolapios.org\/pt\/es\/?s={search_term_string}"},"query-input":{"@type":"PropertyValueSpecification","valueRequired":true,"valueName":"search_term_string"}}],"inLanguage":"pt-BR"},{"@type":"Organization","@id":"https:\/\/www.itakaescolapios.org\/pt\/es\/#organization","name":"Fundaci\u00f3 Itaka-Escolapios","url":"https:\/\/www.itakaescolapios.org\/pt\/es\/","logo":{"@type":"ImageObject","inLanguage":"pt-BR","@id":"https:\/\/www.itakaescolapios.org\/pt\/es\/#\/schema\/logo\/image\/","url":"https:\/\/www.itakaescolapios.org\/wp-content\/uploads\/2024\/04\/Logo-itakaescolapios-peque.png","contentUrl":"https:\/\/www.itakaescolapios.org\/wp-content\/uploads\/2024\/04\/Logo-itakaescolapios-peque.png","width":500,"height":199,"caption":"Fundaci\u00f3 Itaka-Escolapios"},"image":{"@id":"https:\/\/www.itakaescolapios.org\/pt\/es\/#\/schema\/logo\/image\/"}},{"@type":"Person","@id":"https:\/\/www.itakaescolapios.org\/es\/#\/schema\/person\/d6727e20f4750225e480c33522d69028","name":"zaragoza01","url":"https:\/\/www.itakaescolapios.org\/pt\/author\/zaragoza01\/"}]}},"_links":{"self":[{"href":"https:\/\/www.itakaescolapios.org\/pt\/wp-json\/wp\/v2\/posts\/13690","targetHints":{"allow":["GET"]}}],"collection":[{"href":"https:\/\/www.itakaescolapios.org\/pt\/wp-json\/wp\/v2\/posts"}],"about":[{"href":"https:\/\/www.itakaescolapios.org\/pt\/wp-json\/wp\/v2\/types\/post"}],"author":[{"embeddable":true,"href":"https:\/\/www.itakaescolapios.org\/pt\/wp-json\/wp\/v2\/users\/43"}],"replies":[{"embeddable":true,"href":"https:\/\/www.itakaescolapios.org\/pt\/wp-json\/wp\/v2\/comments?post=13690"}],"version-history":[{"count":1,"href":"https:\/\/www.itakaescolapios.org\/pt\/wp-json\/wp\/v2\/posts\/13690\/revisions"}],"predecessor-version":[{"id":13692,"href":"https:\/\/www.itakaescolapios.org\/pt\/wp-json\/wp\/v2\/posts\/13690\/revisions\/13692"}],"wp:featuredmedia":[{"embeddable":true,"href":"https:\/\/www.itakaescolapios.org\/pt\/wp-json\/wp\/v2\/media\/13691"}],"wp:attachment":[{"href":"https:\/\/www.itakaescolapios.org\/pt\/wp-json\/wp\/v2\/media?parent=13690"}],"wp:term":[{"taxonomy":"category","embeddable":true,"href":"https:\/\/www.itakaescolapios.org\/pt\/wp-json\/wp\/v2\/categories?post=13690"},{"taxonomy":"post_tag","embeddable":true,"href":"https:\/\/www.itakaescolapios.org\/pt\/wp-json\/wp\/v2\/tags?post=13690"}],"curies":[{"name":"wp","href":"https:\/\/api.w.org\/{rel}","templated":true}]}}