{"id":14051,"date":"2015-11-22T11:43:11","date_gmt":"2015-11-22T10:43:11","guid":{"rendered":"https:\/\/www.itakaescolapios.org\/?p=14051"},"modified":"2023-11-28T12:38:34","modified_gmt":"2023-11-28T11:38:34","slug":"bidean-pamplona-iruna-finalizando-los-minicampamentos-iniciando-la-semana-escolapia-vivir-la-buena-noticia","status":"publish","type":"post","link":"https:\/\/www.itakaescolapios.org\/pt\/2015\/11\/bidean-pamplona-iruna-finalizando-los-minicampamentos-iniciando-la-semana-escolapia-vivir-la-buena-noticia\/","title":{"rendered":"BIDEAN Pamplona-Iru\u00f1a. Finalizando los minicampamentos, iniciando la Semana Escolapia, vivir la buena noticia!"},"content":{"rendered":"<p>Ayer, s\u00e1bado d\u00eda 21, nos reun\u00edamos todos los grupos de Bidean en nuestra Eucarist\u00eda de los s\u00e1bados. Nos reencontramos tras los minicampamentos llenos de emociones y tras haber compartido dos d\u00edas muy intensos. Antes, hemos vivido la entrega como monitores de los m\u00e1s peque\u00f1os del Cole: Talleres y Canciones en Infantil, Cuento Interactivo y manualidades con Primaria, el Concurso Escolapio, etc. Varias formas de llevar buenas noticias, de ser oasis en los desiertos, de alegrar al estilo de Jes\u00fas y Calasanz, de transmitir lo Escolapio&#8230;<\/p>\n<p>En la Eucarist\u00eda vivimos muchas emociones: el Evangelio de Jes\u00fas, la par\u00e1bola de Mateo 25:\u00a0\u201cVenid, sentaos a la mesa del Reino que he puesto para vosotros, porque tuve hambre y me disteis de comer\u2026\u201d se nos hizo muy f\u00e1cil de entender con todo lo vivido. Se nos hace muy f\u00e1cil cuando experimentamos nosotros estas cosas y lo vemos en gente como Idoia y Mar\u00eda que dan pasos que nos sorprenden y nos llaman a vivir m\u00e1s a tope!<a href=\"https:\/\/www.itakaescolapios.org\/wp-content\/uploads\/2015\/11\/DSC00242.jpg\"><img decoding=\"async\" class=\"aligncenter size-medium wp-image-14065\" alt=\"DSC00242\" src=\"https:\/\/www.itakaescolapios.org\/wp-content\/uploads\/2015\/11\/DSC00242-300x225.jpg\" width=\"300\" height=\"225\" srcset=\"https:\/\/www.itakaescolapios.org\/wp-content\/uploads\/2015\/11\/DSC00242-300x225.jpg 300w, https:\/\/www.itakaescolapios.org\/wp-content\/uploads\/2015\/11\/DSC00242-1024x768.jpg 1024w, https:\/\/www.itakaescolapios.org\/wp-content\/uploads\/2015\/11\/DSC00242-250x187.jpg 250w, https:\/\/www.itakaescolapios.org\/wp-content\/uploads\/2015\/11\/DSC00242.jpg 2000w\" sizes=\"(max-width: 300px) 100vw, 300px\" \/><\/a> <a href=\"https:\/\/www.itakaescolapios.org\/wp-content\/uploads\/2015\/11\/DSC00273.jpg\"><img decoding=\"async\" class=\"aligncenter size-medium wp-image-14066\" alt=\"DSC00273\" src=\"https:\/\/www.itakaescolapios.org\/wp-content\/uploads\/2015\/11\/DSC00273-300x225.jpg\" width=\"300\" height=\"225\" srcset=\"https:\/\/www.itakaescolapios.org\/wp-content\/uploads\/2015\/11\/DSC00273-300x225.jpg 300w, https:\/\/www.itakaescolapios.org\/wp-content\/uploads\/2015\/11\/DSC00273-1024x768.jpg 1024w, https:\/\/www.itakaescolapios.org\/wp-content\/uploads\/2015\/11\/DSC00273-250x187.jpg 250w, https:\/\/www.itakaescolapios.org\/wp-content\/uploads\/2015\/11\/DSC00273.jpg 2000w\" sizes=\"(max-width: 300px) 100vw, 300px\" \/><\/a> <a href=\"https:\/\/www.itakaescolapios.org\/wp-content\/uploads\/2015\/11\/DSC00274.jpg\"><img decoding=\"async\" class=\"aligncenter size-medium wp-image-14067\" alt=\"DSC00274\" src=\"https:\/\/www.itakaescolapios.org\/wp-content\/uploads\/2015\/11\/DSC00274-300x225.jpg\" width=\"300\" height=\"225\" srcset=\"https:\/\/www.itakaescolapios.org\/wp-content\/uploads\/2015\/11\/DSC00274-300x225.jpg 300w, https:\/\/www.itakaescolapios.org\/wp-content\/uploads\/2015\/11\/DSC00274-1024x768.jpg 1024w, https:\/\/www.itakaescolapios.org\/wp-content\/uploads\/2015\/11\/DSC00274-250x187.jpg 250w, https:\/\/www.itakaescolapios.org\/wp-content\/uploads\/2015\/11\/DSC00274.jpg 2000w\" sizes=\"(max-width: 300px) 100vw, 300px\" \/><\/a> <a href=\"https:\/\/www.itakaescolapios.org\/wp-content\/uploads\/2015\/11\/DSC00239.jpg\"><img decoding=\"async\" class=\"aligncenter size-medium wp-image-14064\" alt=\"DSC00239\" src=\"https:\/\/www.itakaescolapios.org\/wp-content\/uploads\/2015\/11\/DSC00239-300x225.jpg\" width=\"300\" height=\"225\" srcset=\"https:\/\/www.itakaescolapios.org\/wp-content\/uploads\/2015\/11\/DSC00239-300x225.jpg 300w, https:\/\/www.itakaescolapios.org\/wp-content\/uploads\/2015\/11\/DSC00239-1024x768.jpg 1024w, https:\/\/www.itakaescolapios.org\/wp-content\/uploads\/2015\/11\/DSC00239-250x187.jpg 250w, https:\/\/www.itakaescolapios.org\/wp-content\/uploads\/2015\/11\/DSC00239.jpg 2000w\" sizes=\"(max-width: 300px) 100vw, 300px\" \/><\/a> <a href=\"https:\/\/www.itakaescolapios.org\/wp-content\/uploads\/2015\/11\/DSC00237.jpg\"><img decoding=\"async\" class=\"aligncenter size-medium wp-image-14063\" alt=\"DSC00237\" src=\"https:\/\/www.itakaescolapios.org\/wp-content\/uploads\/2015\/11\/DSC00237-300x225.jpg\" width=\"300\" height=\"225\" srcset=\"https:\/\/www.itakaescolapios.org\/wp-content\/uploads\/2015\/11\/DSC00237-300x225.jpg 300w, https:\/\/www.itakaescolapios.org\/wp-content\/uploads\/2015\/11\/DSC00237-1024x768.jpg 1024w, https:\/\/www.itakaescolapios.org\/wp-content\/uploads\/2015\/11\/DSC00237-250x187.jpg 250w, https:\/\/www.itakaescolapios.org\/wp-content\/uploads\/2015\/11\/DSC00237.jpg 2000w\" sizes=\"(max-width: 300px) 100vw, 300px\" \/><\/a> <a href=\"https:\/\/www.itakaescolapios.org\/wp-content\/uploads\/2015\/11\/DSC00232.jpg\"><img decoding=\"async\" class=\"aligncenter size-medium wp-image-14062\" alt=\"DSC00232\" src=\"https:\/\/www.itakaescolapios.org\/wp-content\/uploads\/2015\/11\/DSC00232-300x225.jpg\" width=\"300\" height=\"225\" srcset=\"https:\/\/www.itakaescolapios.org\/wp-content\/uploads\/2015\/11\/DSC00232-300x225.jpg 300w, https:\/\/www.itakaescolapios.org\/wp-content\/uploads\/2015\/11\/DSC00232-1024x768.jpg 1024w, https:\/\/www.itakaescolapios.org\/wp-content\/uploads\/2015\/11\/DSC00232-250x187.jpg 250w, https:\/\/www.itakaescolapios.org\/wp-content\/uploads\/2015\/11\/DSC00232.jpg 2000w\" sizes=\"(max-width: 300px) 100vw, 300px\" \/><\/a> <a href=\"https:\/\/www.itakaescolapios.org\/wp-content\/uploads\/2015\/11\/DSC00226.jpg\"><img decoding=\"async\" class=\"aligncenter size-medium wp-image-14061\" alt=\"DSC00226\" src=\"https:\/\/www.itakaescolapios.org\/wp-content\/uploads\/2015\/11\/DSC00226-300x225.jpg\" width=\"300\" height=\"225\" srcset=\"https:\/\/www.itakaescolapios.org\/wp-content\/uploads\/2015\/11\/DSC00226-300x225.jpg 300w, https:\/\/www.itakaescolapios.org\/wp-content\/uploads\/2015\/11\/DSC00226-1024x768.jpg 1024w, https:\/\/www.itakaescolapios.org\/wp-content\/uploads\/2015\/11\/DSC00226-250x187.jpg 250w, https:\/\/www.itakaescolapios.org\/wp-content\/uploads\/2015\/11\/DSC00226.jpg 2000w\" sizes=\"(max-width: 300px) 100vw, 300px\" \/><\/a> <a href=\"https:\/\/www.itakaescolapios.org\/wp-content\/uploads\/2015\/11\/DSC00281.jpg\"><img decoding=\"async\" class=\"aligncenter size-medium wp-image-14054\" alt=\"DSC00281\" src=\"https:\/\/www.itakaescolapios.org\/wp-content\/uploads\/2015\/11\/DSC00281-300x225.jpg\" width=\"300\" height=\"225\" srcset=\"https:\/\/www.itakaescolapios.org\/wp-content\/uploads\/2015\/11\/DSC00281-300x225.jpg 300w, https:\/\/www.itakaescolapios.org\/wp-content\/uploads\/2015\/11\/DSC00281-1024x768.jpg 1024w, https:\/\/www.itakaescolapios.org\/wp-content\/uploads\/2015\/11\/DSC00281-250x187.jpg 250w, https:\/\/www.itakaescolapios.org\/wp-content\/uploads\/2015\/11\/DSC00281.jpg 2000w\" sizes=\"(max-width: 300px) 100vw, 300px\" \/><\/a> <a href=\"https:\/\/www.itakaescolapios.org\/wp-content\/uploads\/2015\/11\/DSC00166.jpg\"><img decoding=\"async\" class=\"aligncenter size-medium wp-image-14055\" alt=\"DSC00166\" src=\"https:\/\/www.itakaescolapios.org\/wp-content\/uploads\/2015\/11\/DSC00166-300x225.jpg\" width=\"300\" height=\"225\" srcset=\"https:\/\/www.itakaescolapios.org\/wp-content\/uploads\/2015\/11\/DSC00166-300x225.jpg 300w, https:\/\/www.itakaescolapios.org\/wp-content\/uploads\/2015\/11\/DSC00166-1024x768.jpg 1024w, https:\/\/www.itakaescolapios.org\/wp-content\/uploads\/2015\/11\/DSC00166-250x187.jpg 250w, https:\/\/www.itakaescolapios.org\/wp-content\/uploads\/2015\/11\/DSC00166.jpg 2000w\" sizes=\"(max-width: 300px) 100vw, 300px\" \/><\/a> <a href=\"https:\/\/www.itakaescolapios.org\/wp-content\/uploads\/2015\/11\/DSC00173.jpg\"><img decoding=\"async\" class=\"aligncenter size-medium wp-image-14056\" alt=\"DSC00173\" src=\"https:\/\/www.itakaescolapios.org\/wp-content\/uploads\/2015\/11\/DSC00173-300x225.jpg\" width=\"300\" height=\"225\" srcset=\"https:\/\/www.itakaescolapios.org\/wp-content\/uploads\/2015\/11\/DSC00173-300x225.jpg 300w, https:\/\/www.itakaescolapios.org\/wp-content\/uploads\/2015\/11\/DSC00173-1024x768.jpg 1024w, https:\/\/www.itakaescolapios.org\/wp-content\/uploads\/2015\/11\/DSC00173-250x187.jpg 250w, https:\/\/www.itakaescolapios.org\/wp-content\/uploads\/2015\/11\/DSC00173.jpg 2000w\" sizes=\"(max-width: 300px) 100vw, 300px\" \/><\/a> <a href=\"https:\/\/www.itakaescolapios.org\/wp-content\/uploads\/2015\/11\/DSC00181.jpg\"><img decoding=\"async\" class=\"aligncenter size-medium wp-image-14057\" alt=\"DSC00181\" src=\"https:\/\/www.itakaescolapios.org\/wp-content\/uploads\/2015\/11\/DSC00181-300x225.jpg\" width=\"300\" height=\"225\" srcset=\"https:\/\/www.itakaescolapios.org\/wp-content\/uploads\/2015\/11\/DSC00181-300x225.jpg 300w, https:\/\/www.itakaescolapios.org\/wp-content\/uploads\/2015\/11\/DSC00181-1024x768.jpg 1024w, https:\/\/www.itakaescolapios.org\/wp-content\/uploads\/2015\/11\/DSC00181-250x187.jpg 250w, https:\/\/www.itakaescolapios.org\/wp-content\/uploads\/2015\/11\/DSC00181.jpg 2000w\" sizes=\"(max-width: 300px) 100vw, 300px\" \/><\/a> <a href=\"https:\/\/www.itakaescolapios.org\/wp-content\/uploads\/2015\/11\/DSC00182.jpg\"><img decoding=\"async\" class=\"aligncenter size-medium wp-image-14058\" alt=\"DSC00182\" src=\"https:\/\/www.itakaescolapios.org\/wp-content\/uploads\/2015\/11\/DSC00182-300x225.jpg\" width=\"300\" height=\"225\" srcset=\"https:\/\/www.itakaescolapios.org\/wp-content\/uploads\/2015\/11\/DSC00182-300x225.jpg 300w, https:\/\/www.itakaescolapios.org\/wp-content\/uploads\/2015\/11\/DSC00182-1024x768.jpg 1024w, https:\/\/www.itakaescolapios.org\/wp-content\/uploads\/2015\/11\/DSC00182-250x187.jpg 250w, https:\/\/www.itakaescolapios.org\/wp-content\/uploads\/2015\/11\/DSC00182.jpg 2000w\" sizes=\"(max-width: 300px) 100vw, 300px\" \/><\/a> <a href=\"https:\/\/www.itakaescolapios.org\/wp-content\/uploads\/2015\/11\/DSC00222.jpg\"><img decoding=\"async\" class=\"aligncenter size-medium wp-image-14059\" alt=\"DSC00222\" src=\"https:\/\/www.itakaescolapios.org\/wp-content\/uploads\/2015\/11\/DSC00222-300x225.jpg\" width=\"300\" height=\"225\" srcset=\"https:\/\/www.itakaescolapios.org\/wp-content\/uploads\/2015\/11\/DSC00222-300x225.jpg 300w, https:\/\/www.itakaescolapios.org\/wp-content\/uploads\/2015\/11\/DSC00222-1024x768.jpg 1024w, https:\/\/www.itakaescolapios.org\/wp-content\/uploads\/2015\/11\/DSC00222-250x187.jpg 250w, https:\/\/www.itakaescolapios.org\/wp-content\/uploads\/2015\/11\/DSC00222.jpg 2000w\" sizes=\"(max-width: 300px) 100vw, 300px\" \/><\/a> <a href=\"https:\/\/www.itakaescolapios.org\/wp-content\/uploads\/2015\/11\/DSC00223.jpg\"><img decoding=\"async\" class=\"aligncenter size-medium wp-image-14060\" alt=\"DSC00223\" src=\"https:\/\/www.itakaescolapios.org\/wp-content\/uploads\/2015\/11\/DSC00223-300x225.jpg\" width=\"300\" height=\"225\" srcset=\"https:\/\/www.itakaescolapios.org\/wp-content\/uploads\/2015\/11\/DSC00223-300x225.jpg 300w, https:\/\/www.itakaescolapios.org\/wp-content\/uploads\/2015\/11\/DSC00223-1024x768.jpg 1024w, https:\/\/www.itakaescolapios.org\/wp-content\/uploads\/2015\/11\/DSC00223-250x187.jpg 250w, https:\/\/www.itakaescolapios.org\/wp-content\/uploads\/2015\/11\/DSC00223.jpg 2000w\" sizes=\"(max-width: 300px) 100vw, 300px\" \/><\/a> <a href=\"https:\/\/www.itakaescolapios.org\/wp-content\/uploads\/2015\/11\/DSC00276.jpg\"><img decoding=\"async\" class=\"aligncenter size-medium wp-image-14053\" alt=\"DSC00276\" src=\"https:\/\/www.itakaescolapios.org\/wp-content\/uploads\/2015\/11\/DSC00276-300x225.jpg\" width=\"300\" height=\"225\" srcset=\"https:\/\/www.itakaescolapios.org\/wp-content\/uploads\/2015\/11\/DSC00276-300x225.jpg 300w, https:\/\/www.itakaescolapios.org\/wp-content\/uploads\/2015\/11\/DSC00276-1024x768.jpg 1024w, https:\/\/www.itakaescolapios.org\/wp-content\/uploads\/2015\/11\/DSC00276-250x187.jpg 250w, https:\/\/www.itakaescolapios.org\/wp-content\/uploads\/2015\/11\/DSC00276.jpg 2000w\" sizes=\"(max-width: 300px) 100vw, 300px\" \/><\/a> <a href=\"https:\/\/www.itakaescolapios.org\/wp-content\/uploads\/2015\/11\/DSC00215.jpg\"><img decoding=\"async\" class=\"aligncenter size-medium wp-image-14052\" alt=\"DSC00215\" src=\"https:\/\/www.itakaescolapios.org\/wp-content\/uploads\/2015\/11\/DSC00215-300x225.jpg\" width=\"300\" height=\"225\" srcset=\"https:\/\/www.itakaescolapios.org\/wp-content\/uploads\/2015\/11\/DSC00215-300x225.jpg 300w, https:\/\/www.itakaescolapios.org\/wp-content\/uploads\/2015\/11\/DSC00215-1024x768.jpg 1024w, https:\/\/www.itakaescolapios.org\/wp-content\/uploads\/2015\/11\/DSC00215-250x187.jpg 250w, https:\/\/www.itakaescolapios.org\/wp-content\/uploads\/2015\/11\/DSC00215.jpg 2000w\" sizes=\"(max-width: 300px) 100vw, 300px\" \/><\/a> <a href=\"https:\/\/www.itakaescolapios.org\/wp-content\/uploads\/2015\/11\/PB210566.jpg\"><img decoding=\"async\" class=\"alignleft size-medium wp-image-14068\" alt=\"OLYMPUS DIGITAL CAMERA\" src=\"https:\/\/www.itakaescolapios.org\/wp-content\/uploads\/2015\/11\/PB210566-300x225.jpg\" width=\"300\" height=\"225\" srcset=\"https:\/\/www.itakaescolapios.org\/wp-content\/uploads\/2015\/11\/PB210566-300x225.jpg 300w, https:\/\/www.itakaescolapios.org\/wp-content\/uploads\/2015\/11\/PB210566-1024x768.jpg 1024w, https:\/\/www.itakaescolapios.org\/wp-content\/uploads\/2015\/11\/PB210566-250x187.jpg 250w, https:\/\/www.itakaescolapios.org\/wp-content\/uploads\/2015\/11\/PB210566.jpg 2000w\" sizes=\"(max-width: 300px) 100vw, 300px\" \/><\/a> <a href=\"https:\/\/www.itakaescolapios.org\/wp-content\/uploads\/2015\/11\/PB210567.jpg\"><img decoding=\"async\" class=\"aligncenter size-medium wp-image-14069\" alt=\"OLYMPUS DIGITAL CAMERA\" src=\"https:\/\/www.itakaescolapios.org\/wp-content\/uploads\/2015\/11\/PB210567-300x225.jpg\" width=\"300\" height=\"225\" srcset=\"https:\/\/www.itakaescolapios.org\/wp-content\/uploads\/2015\/11\/PB210567-300x225.jpg 300w, https:\/\/www.itakaescolapios.org\/wp-content\/uploads\/2015\/11\/PB210567-1024x768.jpg 1024w, https:\/\/www.itakaescolapios.org\/wp-content\/uploads\/2015\/11\/PB210567-250x187.jpg 250w, https:\/\/www.itakaescolapios.org\/wp-content\/uploads\/2015\/11\/PB210567.jpg 2000w\" sizes=\"(max-width: 300px) 100vw, 300px\" \/><\/a><a href=\"https:\/\/www.itakaescolapios.org\/wp-content\/uploads\/2015\/11\/PB210567.jpg\"><img decoding=\"async\" class=\"alignleft size-medium wp-image-14069\" alt=\"OLYMPUS DIGITAL CAMERA\" src=\"https:\/\/www.itakaescolapios.org\/wp-content\/uploads\/2015\/11\/PB210567-300x225.jpg\" width=\"300\" height=\"225\" srcset=\"https:\/\/www.itakaescolapios.org\/wp-content\/uploads\/2015\/11\/PB210567-300x225.jpg 300w, https:\/\/www.itakaescolapios.org\/wp-content\/uploads\/2015\/11\/PB210567-1024x768.jpg 1024w, https:\/\/www.itakaescolapios.org\/wp-content\/uploads\/2015\/11\/PB210567-250x187.jpg 250w, https:\/\/www.itakaescolapios.org\/wp-content\/uploads\/2015\/11\/PB210567.jpg 2000w\" sizes=\"(max-width: 300px) 100vw, 300px\" \/><\/a><\/p>\n","protected":false},"excerpt":{"rendered":"<p>Ayer, s\u00e1bado d\u00eda 21, nos reun\u00edamos todos los grupos de Bidean en nuestra Eucarist\u00eda de los s\u00e1bados. Nos reencontramos tras los minicampamentos llenos de emociones y tras haber compartido dos [&hellip;]<\/p>\n","protected":false},"author":29,"featured_media":14068,"comment_status":"closed","ping_status":"closed","sticky":false,"template":"","format":"standard","meta":{"_et_pb_use_builder":"","_et_pb_old_content":"","_et_gb_content_width":"","footnotes":""},"categories":[20],"tags":[],"class_list":["post-14051","post","type-post","status-publish","format-standard","has-post-thumbnail","hentry","category-pamplona-iruna"],"yoast_head":"<!-- This site is optimized with the Yoast SEO plugin v27.4 - https:\/\/yoast.com\/product\/yoast-seo-wordpress\/ -->\n<title>BIDEAN Pamplona-Iru\u00f1a. Finalizando los minicampamentos, iniciando la Semana Escolapia, vivir la buena noticia!<\/title>\n<meta name=\"description\" content=\"Ayer, s\u00e1bado d\u00eda 21, nos reun\u00edamos todos los grupos de Bidean en nuestra Eucarist\u00eda de los s\u00e1bados. Nos reencontramos tras los minicampamentos llenos de emociones y tras haber compartido dos d\u00edas muy intensos. Antes, hemos vivido la entrega como monitores de los m\u00e1s peque\u00f1os del Cole: Talleres y Canciones en Infantil, Cuento Interactivo y manualidades&hellip;\" \/>\n<meta name=\"robots\" content=\"index, follow, max-snippet:-1, max-image-preview:large, max-video-preview:-1\" \/>\n<link rel=\"canonical\" href=\"\" \/>\n<meta property=\"og:locale\" content=\"pt_BR\" \/>\n<meta property=\"og:type\" content=\"article\" \/>\n<meta property=\"og:title\" content=\"BIDEAN Pamplona-Iru\u00f1a. Finalizando los minicampamentos, iniciando la Semana Escolapia, vivir la buena noticia!\" \/>\n<meta property=\"og:description\" content=\"Ayer, s\u00e1bado d\u00eda 21, nos reun\u00edamos todos los grupos de Bidean en nuestra Eucarist\u00eda de los s\u00e1bados. Nos reencontramos tras los minicampamentos llenos de emociones y tras haber compartido dos d\u00edas muy intensos. Antes, hemos vivido la entrega como monitores de los m\u00e1s peque\u00f1os del Cole: Talleres y Canciones en Infantil, Cuento Interactivo y manualidades&hellip;\" \/>\n<meta property=\"og:url\" content=\"https:\/\/www.itakaescolapios.org\/pt\/2015\/11\/bidean-pamplona-iruna-finalizando-los-minicampamentos-iniciando-la-semana-escolapia-vivir-la-buena-noticia\/\" \/>\n<meta property=\"og:site_name\" content=\"Itaka-Escolapios\" \/>\n<meta property=\"article:published_time\" content=\"2015-11-22T10:43:11+00:00\" \/>\n<meta property=\"article:modified_time\" content=\"2023-11-28T11:38:34+00:00\" \/>\n<meta property=\"og:image\" content=\"https:\/\/www.itakaescolapios.org\/wp-content\/uploads\/2015\/11\/PB210566.jpg\" \/>\n\t<meta property=\"og:image:width\" content=\"2000\" \/>\n\t<meta property=\"og:image:height\" content=\"1500\" \/>\n\t<meta property=\"og:image:type\" content=\"image\/jpeg\" \/>\n<meta name=\"author\" content=\"pamplona01\" \/>\n<meta name=\"twitter:card\" content=\"summary_large_image\" \/>\n<meta name=\"twitter:label1\" content=\"Escrito por\" \/>\n\t<meta name=\"twitter:data1\" content=\"pamplona01\" \/>\n\t<meta name=\"twitter:label2\" content=\"Est. tempo de leitura\" \/>\n\t<meta name=\"twitter:data2\" content=\"1 minuto\" \/>\n<script type=\"application\/ld+json\" class=\"yoast-schema-graph\">{\"@context\":\"https:\\\/\\\/schema.org\",\"@graph\":[{\"@type\":\"Article\",\"@id\":\"https:\\\/\\\/www.itakaescolapios.org\\\/pt\\\/2015\\\/11\\\/bidean-pamplona-iruna-finalizando-los-minicampamentos-iniciando-la-semana-escolapia-vivir-la-buena-noticia\\\/#article\",\"isPartOf\":{\"@id\":\"https:\\\/\\\/www.itakaescolapios.org\\\/pt\\\/2015\\\/11\\\/bidean-pamplona-iruna-finalizando-los-minicampamentos-iniciando-la-semana-escolapia-vivir-la-buena-noticia\\\/\"},\"author\":{\"name\":\"pamplona01\",\"@id\":\"https:\\\/\\\/www.itakaescolapios.org\\\/es\\\/#\\\/schema\\\/person\\\/a44de70f9a43a90c3e0f59aaaffd61f3\"},\"headline\":\"BIDEAN Pamplona-Iru\u00f1a. Finalizando los minicampamentos, iniciando la Semana Escolapia, vivir la buena noticia!\",\"datePublished\":\"2015-11-22T10:43:11+00:00\",\"dateModified\":\"2023-11-28T11:38:34+00:00\",\"mainEntityOfPage\":{\"@id\":\"https:\\\/\\\/www.itakaescolapios.org\\\/pt\\\/2015\\\/11\\\/bidean-pamplona-iruna-finalizando-los-minicampamentos-iniciando-la-semana-escolapia-vivir-la-buena-noticia\\\/\"},\"wordCount\":192,\"publisher\":{\"@id\":\"https:\\\/\\\/www.itakaescolapios.org\\\/es\\\/#organization\"},\"image\":{\"@id\":\"https:\\\/\\\/www.itakaescolapios.org\\\/pt\\\/2015\\\/11\\\/bidean-pamplona-iruna-finalizando-los-minicampamentos-iniciando-la-semana-escolapia-vivir-la-buena-noticia\\\/#primaryimage\"},\"thumbnailUrl\":\"https:\\\/\\\/www.itakaescolapios.org\\\/wp-content\\\/uploads\\\/2015\\\/11\\\/PB210566.jpg\",\"articleSection\":[\"Pamplona-Iru\u00f1a\"],\"inLanguage\":\"pt-BR\"},{\"@type\":\"WebPage\",\"@id\":\"https:\\\/\\\/www.itakaescolapios.org\\\/pt\\\/2015\\\/11\\\/bidean-pamplona-iruna-finalizando-los-minicampamentos-iniciando-la-semana-escolapia-vivir-la-buena-noticia\\\/\",\"url\":\"https:\\\/\\\/www.itakaescolapios.org\\\/pt\\\/2015\\\/11\\\/bidean-pamplona-iruna-finalizando-los-minicampamentos-iniciando-la-semana-escolapia-vivir-la-buena-noticia\\\/\",\"name\":\"BIDEAN Pamplona-Iru\u00f1a. Finalizando los minicampamentos, iniciando la Semana Escolapia, vivir la buena noticia! - Itaka-Escolapios\",\"isPartOf\":{\"@id\":\"https:\\\/\\\/www.itakaescolapios.org\\\/es\\\/#website\"},\"primaryImageOfPage\":{\"@id\":\"https:\\\/\\\/www.itakaescolapios.org\\\/pt\\\/2015\\\/11\\\/bidean-pamplona-iruna-finalizando-los-minicampamentos-iniciando-la-semana-escolapia-vivir-la-buena-noticia\\\/#primaryimage\"},\"image\":{\"@id\":\"https:\\\/\\\/www.itakaescolapios.org\\\/pt\\\/2015\\\/11\\\/bidean-pamplona-iruna-finalizando-los-minicampamentos-iniciando-la-semana-escolapia-vivir-la-buena-noticia\\\/#primaryimage\"},\"thumbnailUrl\":\"https:\\\/\\\/www.itakaescolapios.org\\\/wp-content\\\/uploads\\\/2015\\\/11\\\/PB210566.jpg\",\"datePublished\":\"2015-11-22T10:43:11+00:00\",\"dateModified\":\"2023-11-28T11:38:34+00:00\",\"breadcrumb\":{\"@id\":\"https:\\\/\\\/www.itakaescolapios.org\\\/pt\\\/2015\\\/11\\\/bidean-pamplona-iruna-finalizando-los-minicampamentos-iniciando-la-semana-escolapia-vivir-la-buena-noticia\\\/#breadcrumb\"},\"inLanguage\":\"pt-BR\",\"potentialAction\":[{\"@type\":\"ReadAction\",\"target\":[\"https:\\\/\\\/www.itakaescolapios.org\\\/pt\\\/2015\\\/11\\\/bidean-pamplona-iruna-finalizando-los-minicampamentos-iniciando-la-semana-escolapia-vivir-la-buena-noticia\\\/\"]}]},{\"@type\":\"ImageObject\",\"inLanguage\":\"pt-BR\",\"@id\":\"https:\\\/\\\/www.itakaescolapios.org\\\/pt\\\/2015\\\/11\\\/bidean-pamplona-iruna-finalizando-los-minicampamentos-iniciando-la-semana-escolapia-vivir-la-buena-noticia\\\/#primaryimage\",\"url\":\"https:\\\/\\\/www.itakaescolapios.org\\\/wp-content\\\/uploads\\\/2015\\\/11\\\/PB210566.jpg\",\"contentUrl\":\"https:\\\/\\\/www.itakaescolapios.org\\\/wp-content\\\/uploads\\\/2015\\\/11\\\/PB210566.jpg\",\"width\":2000,\"height\":1500},{\"@type\":\"BreadcrumbList\",\"@id\":\"https:\\\/\\\/www.itakaescolapios.org\\\/pt\\\/2015\\\/11\\\/bidean-pamplona-iruna-finalizando-los-minicampamentos-iniciando-la-semana-escolapia-vivir-la-buena-noticia\\\/#breadcrumb\",\"itemListElement\":[{\"@type\":\"ListItem\",\"position\":1,\"name\":\"Itaka-Escolapios\",\"item\":\"https:\\\/\\\/www.itakaescolapios.org\\\/es\\\/\"},{\"@type\":\"ListItem\",\"position\":2,\"name\":\"BIDEAN Pamplona-Iru\u00f1a. Finalizando los minicampamentos, iniciando la Semana Escolapia, vivir la buena noticia!\"}]},{\"@type\":\"WebSite\",\"@id\":\"https:\\\/\\\/www.itakaescolapios.org\\\/pt\\\/es\\\/#website\",\"url\":\"https:\\\/\\\/www.itakaescolapios.org\\\/pt\\\/es\\\/\",\"name\":\"Itaka-Escolapios\",\"description\":\"Red de Itaka-Escolapios\",\"publisher\":{\"@id\":\"https:\\\/\\\/www.itakaescolapios.org\\\/pt\\\/es\\\/#organization\"},\"potentialAction\":[{\"@type\":\"SearchAction\",\"target\":{\"@type\":\"EntryPoint\",\"urlTemplate\":\"https:\\\/\\\/www.itakaescolapios.org\\\/pt\\\/es\\\/?s={search_term_string}\"},\"query-input\":{\"@type\":\"PropertyValueSpecification\",\"valueRequired\":true,\"valueName\":\"search_term_string\"}}],\"inLanguage\":\"pt-BR\"},{\"@type\":\"Organization\",\"@id\":\"https:\\\/\\\/www.itakaescolapios.org\\\/pt\\\/es\\\/#organization\",\"name\":\"Fundaci\u00f3 Itaka-Escolapios\",\"url\":\"https:\\\/\\\/www.itakaescolapios.org\\\/pt\\\/es\\\/\",\"logo\":{\"@type\":\"ImageObject\",\"inLanguage\":\"pt-BR\",\"@id\":\"https:\\\/\\\/www.itakaescolapios.org\\\/pt\\\/es\\\/#\\\/schema\\\/logo\\\/image\\\/\",\"url\":\"https:\\\/\\\/www.itakaescolapios.org\\\/wp-content\\\/uploads\\\/2024\\\/04\\\/Logo-itakaescolapios-peque.png\",\"contentUrl\":\"https:\\\/\\\/www.itakaescolapios.org\\\/wp-content\\\/uploads\\\/2024\\\/04\\\/Logo-itakaescolapios-peque.png\",\"width\":500,\"height\":199,\"caption\":\"Fundaci\u00f3 Itaka-Escolapios\"},\"image\":{\"@id\":\"https:\\\/\\\/www.itakaescolapios.org\\\/pt\\\/es\\\/#\\\/schema\\\/logo\\\/image\\\/\"}},{\"@type\":\"Person\",\"@id\":\"https:\\\/\\\/www.itakaescolapios.org\\\/es\\\/#\\\/schema\\\/person\\\/a44de70f9a43a90c3e0f59aaaffd61f3\",\"name\":\"pamplona01\",\"url\":\"https:\\\/\\\/www.itakaescolapios.org\\\/pt\\\/author\\\/pamplona01\\\/\"}]}<\/script>\n<!-- \/ Yoast SEO plugin. -->","yoast_head_json":{"title":"BIDEAN Pamplona-Iru\u00f1a. Finalizando los minicampamentos, iniciando la Semana Escolapia, vivir la buena noticia!","description":"Ayer, s\u00e1bado d\u00eda 21, nos reun\u00edamos todos los grupos de Bidean en nuestra Eucarist\u00eda de los s\u00e1bados. Nos reencontramos tras los minicampamentos llenos de emociones y tras haber compartido dos d\u00edas muy intensos. Antes, hemos vivido la entrega como monitores de los m\u00e1s peque\u00f1os del Cole: Talleres y Canciones en Infantil, Cuento Interactivo y manualidades&hellip;","robots":{"index":"index","follow":"follow","max-snippet":"max-snippet:-1","max-image-preview":"max-image-preview:large","max-video-preview":"max-video-preview:-1"},"canonical":"Ayer, s\u00e1bado d\u00eda 21, nos reun\u00edamos todos los grupos de Bidean en nuestra Eucarist\u00eda de los s\u00e1bados. Nos reencontramos tras los minicampamentos llenos de emociones y tras haber compartido dos d\u00edas muy intensos. Antes, hemos vivido la entrega como monitores de los m\u00e1s peque\u00f1os del Cole: Talleres y Canciones en Infantil, Cuento Interactivo y manualidades&hellip;","og_locale":"pt_BR","og_type":"article","og_title":"BIDEAN Pamplona-Iru\u00f1a. Finalizando los minicampamentos, iniciando la Semana Escolapia, vivir la buena noticia!","og_description":"Ayer, s\u00e1bado d\u00eda 21, nos reun\u00edamos todos los grupos de Bidean en nuestra Eucarist\u00eda de los s\u00e1bados. Nos reencontramos tras los minicampamentos llenos de emociones y tras haber compartido dos d\u00edas muy intensos. Antes, hemos vivido la entrega como monitores de los m\u00e1s peque\u00f1os del Cole: Talleres y Canciones en Infantil, Cuento Interactivo y manualidades&hellip;","og_url":"https:\/\/www.itakaescolapios.org\/pt\/2015\/11\/bidean-pamplona-iruna-finalizando-los-minicampamentos-iniciando-la-semana-escolapia-vivir-la-buena-noticia\/","og_site_name":"Itaka-Escolapios","article_published_time":"2015-11-22T10:43:11+00:00","article_modified_time":"2023-11-28T11:38:34+00:00","og_image":[{"width":2000,"height":1500,"url":"https:\/\/www.itakaescolapios.org\/wp-content\/uploads\/2015\/11\/PB210566.jpg","type":"image\/jpeg"}],"author":"pamplona01","twitter_card":"summary_large_image","twitter_misc":{"Escrito por":"pamplona01","Est. tempo de leitura":"1 minuto"},"schema":{"@context":"https:\/\/schema.org","@graph":[{"@type":"Article","@id":"https:\/\/www.itakaescolapios.org\/pt\/2015\/11\/bidean-pamplona-iruna-finalizando-los-minicampamentos-iniciando-la-semana-escolapia-vivir-la-buena-noticia\/#article","isPartOf":{"@id":"https:\/\/www.itakaescolapios.org\/pt\/2015\/11\/bidean-pamplona-iruna-finalizando-los-minicampamentos-iniciando-la-semana-escolapia-vivir-la-buena-noticia\/"},"author":{"name":"pamplona01","@id":"https:\/\/www.itakaescolapios.org\/es\/#\/schema\/person\/a44de70f9a43a90c3e0f59aaaffd61f3"},"headline":"BIDEAN Pamplona-Iru\u00f1a. Finalizando los minicampamentos, iniciando la Semana Escolapia, vivir la buena noticia!","datePublished":"2015-11-22T10:43:11+00:00","dateModified":"2023-11-28T11:38:34+00:00","mainEntityOfPage":{"@id":"https:\/\/www.itakaescolapios.org\/pt\/2015\/11\/bidean-pamplona-iruna-finalizando-los-minicampamentos-iniciando-la-semana-escolapia-vivir-la-buena-noticia\/"},"wordCount":192,"publisher":{"@id":"https:\/\/www.itakaescolapios.org\/es\/#organization"},"image":{"@id":"https:\/\/www.itakaescolapios.org\/pt\/2015\/11\/bidean-pamplona-iruna-finalizando-los-minicampamentos-iniciando-la-semana-escolapia-vivir-la-buena-noticia\/#primaryimage"},"thumbnailUrl":"https:\/\/www.itakaescolapios.org\/wp-content\/uploads\/2015\/11\/PB210566.jpg","articleSection":["Pamplona-Iru\u00f1a"],"inLanguage":"pt-BR"},{"@type":"WebPage","@id":"https:\/\/www.itakaescolapios.org\/pt\/2015\/11\/bidean-pamplona-iruna-finalizando-los-minicampamentos-iniciando-la-semana-escolapia-vivir-la-buena-noticia\/","url":"https:\/\/www.itakaescolapios.org\/pt\/2015\/11\/bidean-pamplona-iruna-finalizando-los-minicampamentos-iniciando-la-semana-escolapia-vivir-la-buena-noticia\/","name":"BIDEAN Pamplona-Iru\u00f1a. Finalizando los minicampamentos, iniciando la Semana Escolapia, vivir la buena noticia! - Itaka-Escolapios","isPartOf":{"@id":"https:\/\/www.itakaescolapios.org\/es\/#website"},"primaryImageOfPage":{"@id":"https:\/\/www.itakaescolapios.org\/pt\/2015\/11\/bidean-pamplona-iruna-finalizando-los-minicampamentos-iniciando-la-semana-escolapia-vivir-la-buena-noticia\/#primaryimage"},"image":{"@id":"https:\/\/www.itakaescolapios.org\/pt\/2015\/11\/bidean-pamplona-iruna-finalizando-los-minicampamentos-iniciando-la-semana-escolapia-vivir-la-buena-noticia\/#primaryimage"},"thumbnailUrl":"https:\/\/www.itakaescolapios.org\/wp-content\/uploads\/2015\/11\/PB210566.jpg","datePublished":"2015-11-22T10:43:11+00:00","dateModified":"2023-11-28T11:38:34+00:00","breadcrumb":{"@id":"https:\/\/www.itakaescolapios.org\/pt\/2015\/11\/bidean-pamplona-iruna-finalizando-los-minicampamentos-iniciando-la-semana-escolapia-vivir-la-buena-noticia\/#breadcrumb"},"inLanguage":"pt-BR","potentialAction":[{"@type":"ReadAction","target":["https:\/\/www.itakaescolapios.org\/pt\/2015\/11\/bidean-pamplona-iruna-finalizando-los-minicampamentos-iniciando-la-semana-escolapia-vivir-la-buena-noticia\/"]}]},{"@type":"ImageObject","inLanguage":"pt-BR","@id":"https:\/\/www.itakaescolapios.org\/pt\/2015\/11\/bidean-pamplona-iruna-finalizando-los-minicampamentos-iniciando-la-semana-escolapia-vivir-la-buena-noticia\/#primaryimage","url":"https:\/\/www.itakaescolapios.org\/wp-content\/uploads\/2015\/11\/PB210566.jpg","contentUrl":"https:\/\/www.itakaescolapios.org\/wp-content\/uploads\/2015\/11\/PB210566.jpg","width":2000,"height":1500},{"@type":"BreadcrumbList","@id":"https:\/\/www.itakaescolapios.org\/pt\/2015\/11\/bidean-pamplona-iruna-finalizando-los-minicampamentos-iniciando-la-semana-escolapia-vivir-la-buena-noticia\/#breadcrumb","itemListElement":[{"@type":"ListItem","position":1,"name":"Itaka-Escolapios","item":"https:\/\/www.itakaescolapios.org\/es\/"},{"@type":"ListItem","position":2,"name":"BIDEAN Pamplona-Iru\u00f1a. Finalizando los minicampamentos, iniciando la Semana Escolapia, vivir la buena noticia!"}]},{"@type":"WebSite","@id":"https:\/\/www.itakaescolapios.org\/pt\/es\/#website","url":"https:\/\/www.itakaescolapios.org\/pt\/es\/","name":"Itaka-Escolapios","description":"Red de Itaka-Escolapios","publisher":{"@id":"https:\/\/www.itakaescolapios.org\/pt\/es\/#organization"},"potentialAction":[{"@type":"SearchAction","target":{"@type":"EntryPoint","urlTemplate":"https:\/\/www.itakaescolapios.org\/pt\/es\/?s={search_term_string}"},"query-input":{"@type":"PropertyValueSpecification","valueRequired":true,"valueName":"search_term_string"}}],"inLanguage":"pt-BR"},{"@type":"Organization","@id":"https:\/\/www.itakaescolapios.org\/pt\/es\/#organization","name":"Fundaci\u00f3 Itaka-Escolapios","url":"https:\/\/www.itakaescolapios.org\/pt\/es\/","logo":{"@type":"ImageObject","inLanguage":"pt-BR","@id":"https:\/\/www.itakaescolapios.org\/pt\/es\/#\/schema\/logo\/image\/","url":"https:\/\/www.itakaescolapios.org\/wp-content\/uploads\/2024\/04\/Logo-itakaescolapios-peque.png","contentUrl":"https:\/\/www.itakaescolapios.org\/wp-content\/uploads\/2024\/04\/Logo-itakaescolapios-peque.png","width":500,"height":199,"caption":"Fundaci\u00f3 Itaka-Escolapios"},"image":{"@id":"https:\/\/www.itakaescolapios.org\/pt\/es\/#\/schema\/logo\/image\/"}},{"@type":"Person","@id":"https:\/\/www.itakaescolapios.org\/es\/#\/schema\/person\/a44de70f9a43a90c3e0f59aaaffd61f3","name":"pamplona01","url":"https:\/\/www.itakaescolapios.org\/pt\/author\/pamplona01\/"}]}},"_links":{"self":[{"href":"https:\/\/www.itakaescolapios.org\/pt\/wp-json\/wp\/v2\/posts\/14051","targetHints":{"allow":["GET"]}}],"collection":[{"href":"https:\/\/www.itakaescolapios.org\/pt\/wp-json\/wp\/v2\/posts"}],"about":[{"href":"https:\/\/www.itakaescolapios.org\/pt\/wp-json\/wp\/v2\/types\/post"}],"author":[{"embeddable":true,"href":"https:\/\/www.itakaescolapios.org\/pt\/wp-json\/wp\/v2\/users\/29"}],"replies":[{"embeddable":true,"href":"https:\/\/www.itakaescolapios.org\/pt\/wp-json\/wp\/v2\/comments?post=14051"}],"version-history":[{"count":5,"href":"https:\/\/www.itakaescolapios.org\/pt\/wp-json\/wp\/v2\/posts\/14051\/revisions"}],"predecessor-version":[{"id":48529,"href":"https:\/\/www.itakaescolapios.org\/pt\/wp-json\/wp\/v2\/posts\/14051\/revisions\/48529"}],"wp:featuredmedia":[{"embeddable":true,"href":"https:\/\/www.itakaescolapios.org\/pt\/wp-json\/wp\/v2\/media\/14068"}],"wp:attachment":[{"href":"https:\/\/www.itakaescolapios.org\/pt\/wp-json\/wp\/v2\/media?parent=14051"}],"wp:term":[{"taxonomy":"category","embeddable":true,"href":"https:\/\/www.itakaescolapios.org\/pt\/wp-json\/wp\/v2\/categories?post=14051"},{"taxonomy":"post_tag","embeddable":true,"href":"https:\/\/www.itakaescolapios.org\/pt\/wp-json\/wp\/v2\/tags?post=14051"}],"curies":[{"name":"wp","href":"https:\/\/api.w.org\/{rel}","templated":true}]}}