{"id":14243,"date":"2015-12-04T11:30:37","date_gmt":"2015-12-04T10:30:37","guid":{"rendered":"https:\/\/www.itakaescolapios.org\/?p=14243"},"modified":"2023-11-28T12:38:32","modified_gmt":"2023-11-28T11:38:32","slug":"nueva-sesion-del-grupo-de-mision-compartida-de-bilbao-6","status":"publish","type":"post","link":"https:\/\/www.itakaescolapios.org\/pt\/2015\/12\/nueva-sesion-del-grupo-de-mision-compartida-de-bilbao-6\/","title":{"rendered":"NUEVA SESI\u00d3N DEL GRUPO DE MISI\u00d3N COMPARTIDA DE BILBAO"},"content":{"rendered":"<p>Hoy viernes 4 de diciembre el grupo de misi\u00f3n compartida de la sede de Itaka \u2013 Escolapios Bilbao ha celebrado un nuevo encuentro. En la reuni\u00f3n de hoy, nos hemos dedicado a reflexionar sobre el voluntariado en nuestra sede, analizando lo trabajado hasta ahora y pensando futuras l\u00edneas de trabajo. Un buen momento de trabajo en com\u00fan para compartir experiencias e ideas.<br \/>\nCon la reuni\u00f3n de hoy mantenemos el ritmo de encuentros que nos pusimos a principios de curso. El siguiente encuentro lo celebraremos el pr\u00f3ximo 25 de enero junto a todos los liberados de la sede.<\/p>\n","protected":false},"excerpt":{"rendered":"<p>Hoy viernes 4 de diciembre el grupo de misi\u00f3n compartida de la sede de Itaka \u2013 Escolapios Bilbao ha celebrado un nuevo encuentro. En la reuni\u00f3n de hoy, nos hemos [&hellip;]<\/p>\n","protected":false},"author":4,"featured_media":14244,"comment_status":"closed","ping_status":"closed","sticky":false,"template":"","format":"standard","meta":{"_et_pb_use_builder":"","_et_pb_old_content":"","_et_gb_content_width":"","footnotes":""},"categories":[9],"tags":[],"class_list":["post-14243","post","type-post","status-publish","format-standard","has-post-thumbnail","hentry","category-bilbao"],"yoast_head":"<!-- This site is optimized with the Yoast SEO plugin v27.4 - https:\/\/yoast.com\/product\/yoast-seo-wordpress\/ -->\n<title>NUEVA SESI\u00d3N DEL GRUPO DE MISI\u00d3N COMPARTIDA DE BILBAO<\/title>\n<meta name=\"description\" content=\"Hoy viernes 4 de diciembre el grupo de misi\u00f3n compartida de la sede de Itaka \u2013 Escolapios Bilbao ha celebrado un nuevo encuentro. En la reuni\u00f3n de hoy, nos hemos dedicado a reflexionar sobre el voluntariado en nuestra sede, analizando lo trabajado hasta ahora y pensando futuras l\u00edneas de trabajo. Un buen momento de trabajo&hellip;\" \/>\n<meta name=\"robots\" content=\"index, follow, max-snippet:-1, max-image-preview:large, max-video-preview:-1\" \/>\n<link rel=\"canonical\" href=\"http:\/\/Hoy%20viernes%204%20de%20diciembre%20el%20grupo%20de%20misi\u00f3n%20compartida%20de%20la%20sede%20de%20Itaka%20\u2013%20Escolapios%20Bilbao%20ha%20celebrado%20un%20nuevo%20encuentro.%20En%20la%20reuni\u00f3n%20de%20hoy,%20nos%20hemos%20dedicado%20a%20reflexionar%20sobre%20el%20voluntariado%20en%20nuestra%20sede,%20analizando%20lo%20trabajado%20hasta%20ahora%20y%20pensando%20futuras%20l\u00edneas%20de%20trabajo.%20Un%20buen%20momento%20de%20trabajo&hellip;\" \/>\n<meta property=\"og:locale\" content=\"pt_BR\" \/>\n<meta property=\"og:type\" content=\"article\" \/>\n<meta property=\"og:title\" content=\"NUEVA SESI\u00d3N DEL GRUPO DE MISI\u00d3N COMPARTIDA DE BILBAO\" \/>\n<meta property=\"og:description\" content=\"Hoy viernes 4 de diciembre el grupo de misi\u00f3n compartida de la sede de Itaka \u2013 Escolapios Bilbao ha celebrado un nuevo encuentro. En la reuni\u00f3n de hoy, nos hemos dedicado a reflexionar sobre el voluntariado en nuestra sede, analizando lo trabajado hasta ahora y pensando futuras l\u00edneas de trabajo. Un buen momento de trabajo&hellip;\" \/>\n<meta property=\"og:url\" content=\"https:\/\/www.itakaescolapios.org\/pt\/2015\/12\/nueva-sesion-del-grupo-de-mision-compartida-de-bilbao-6\/\" \/>\n<meta property=\"og:site_name\" content=\"Itaka-Escolapios\" \/>\n<meta property=\"article:published_time\" content=\"2015-12-04T10:30:37+00:00\" \/>\n<meta property=\"article:modified_time\" content=\"2023-11-28T11:38:32+00:00\" \/>\n<meta property=\"og:image\" content=\"https:\/\/www.itakaescolapios.org\/wp-content\/uploads\/2015\/12\/151204.mis\u00f3n-compartida-Itaka-Bilbao.jpg\" \/>\n\t<meta property=\"og:image:width\" content=\"750\" \/>\n\t<meta property=\"og:image:height\" content=\"352\" \/>\n\t<meta property=\"og:image:type\" content=\"image\/jpeg\" \/>\n<meta name=\"author\" content=\"itaka\" \/>\n<meta name=\"twitter:card\" content=\"summary_large_image\" \/>\n<meta name=\"twitter:label1\" content=\"Escrito por\" \/>\n\t<meta name=\"twitter:data1\" content=\"itaka\" \/>\n\t<meta name=\"twitter:label2\" content=\"Est. tempo de leitura\" \/>\n\t<meta name=\"twitter:data2\" content=\"1 minuto\" \/>\n<script type=\"application\/ld+json\" class=\"yoast-schema-graph\">{\"@context\":\"https:\\\/\\\/schema.org\",\"@graph\":[{\"@type\":\"Article\",\"@id\":\"https:\\\/\\\/www.itakaescolapios.org\\\/pt\\\/2015\\\/12\\\/nueva-sesion-del-grupo-de-mision-compartida-de-bilbao-6\\\/#article\",\"isPartOf\":{\"@id\":\"https:\\\/\\\/www.itakaescolapios.org\\\/pt\\\/2015\\\/12\\\/nueva-sesion-del-grupo-de-mision-compartida-de-bilbao-6\\\/\"},\"author\":{\"name\":\"itaka\",\"@id\":\"https:\\\/\\\/www.itakaescolapios.org\\\/es\\\/#\\\/schema\\\/person\\\/670123daeb1cc31cae1b106740036ccb\"},\"headline\":\"NUEVA SESI\u00d3N DEL GRUPO DE MISI\u00d3N COMPARTIDA DE BILBAO\",\"datePublished\":\"2015-12-04T10:30:37+00:00\",\"dateModified\":\"2023-11-28T11:38:32+00:00\",\"mainEntityOfPage\":{\"@id\":\"https:\\\/\\\/www.itakaescolapios.org\\\/pt\\\/2015\\\/12\\\/nueva-sesion-del-grupo-de-mision-compartida-de-bilbao-6\\\/\"},\"wordCount\":111,\"publisher\":{\"@id\":\"https:\\\/\\\/www.itakaescolapios.org\\\/es\\\/#organization\"},\"image\":{\"@id\":\"https:\\\/\\\/www.itakaescolapios.org\\\/pt\\\/2015\\\/12\\\/nueva-sesion-del-grupo-de-mision-compartida-de-bilbao-6\\\/#primaryimage\"},\"thumbnailUrl\":\"https:\\\/\\\/www.itakaescolapios.org\\\/wp-content\\\/uploads\\\/2015\\\/12\\\/151204.mis\u00f3n-compartida-Itaka-Bilbao.jpg\",\"articleSection\":[\"Bilbao\"],\"inLanguage\":\"pt-BR\"},{\"@type\":\"WebPage\",\"@id\":\"https:\\\/\\\/www.itakaescolapios.org\\\/pt\\\/2015\\\/12\\\/nueva-sesion-del-grupo-de-mision-compartida-de-bilbao-6\\\/\",\"url\":\"https:\\\/\\\/www.itakaescolapios.org\\\/pt\\\/2015\\\/12\\\/nueva-sesion-del-grupo-de-mision-compartida-de-bilbao-6\\\/\",\"name\":\"NUEVA SESI\u00d3N DEL GRUPO DE MISI\u00d3N COMPARTIDA DE BILBAO - Itaka-Escolapios\",\"isPartOf\":{\"@id\":\"https:\\\/\\\/www.itakaescolapios.org\\\/es\\\/#website\"},\"primaryImageOfPage\":{\"@id\":\"https:\\\/\\\/www.itakaescolapios.org\\\/pt\\\/2015\\\/12\\\/nueva-sesion-del-grupo-de-mision-compartida-de-bilbao-6\\\/#primaryimage\"},\"image\":{\"@id\":\"https:\\\/\\\/www.itakaescolapios.org\\\/pt\\\/2015\\\/12\\\/nueva-sesion-del-grupo-de-mision-compartida-de-bilbao-6\\\/#primaryimage\"},\"thumbnailUrl\":\"https:\\\/\\\/www.itakaescolapios.org\\\/wp-content\\\/uploads\\\/2015\\\/12\\\/151204.mis\u00f3n-compartida-Itaka-Bilbao.jpg\",\"datePublished\":\"2015-12-04T10:30:37+00:00\",\"dateModified\":\"2023-11-28T11:38:32+00:00\",\"breadcrumb\":{\"@id\":\"https:\\\/\\\/www.itakaescolapios.org\\\/pt\\\/2015\\\/12\\\/nueva-sesion-del-grupo-de-mision-compartida-de-bilbao-6\\\/#breadcrumb\"},\"inLanguage\":\"pt-BR\",\"potentialAction\":[{\"@type\":\"ReadAction\",\"target\":[\"https:\\\/\\\/www.itakaescolapios.org\\\/pt\\\/2015\\\/12\\\/nueva-sesion-del-grupo-de-mision-compartida-de-bilbao-6\\\/\"]}]},{\"@type\":\"ImageObject\",\"inLanguage\":\"pt-BR\",\"@id\":\"https:\\\/\\\/www.itakaescolapios.org\\\/pt\\\/2015\\\/12\\\/nueva-sesion-del-grupo-de-mision-compartida-de-bilbao-6\\\/#primaryimage\",\"url\":\"https:\\\/\\\/www.itakaescolapios.org\\\/wp-content\\\/uploads\\\/2015\\\/12\\\/151204.mis\u00f3n-compartida-Itaka-Bilbao.jpg\",\"contentUrl\":\"https:\\\/\\\/www.itakaescolapios.org\\\/wp-content\\\/uploads\\\/2015\\\/12\\\/151204.mis\u00f3n-compartida-Itaka-Bilbao.jpg\",\"width\":750,\"height\":352},{\"@type\":\"BreadcrumbList\",\"@id\":\"https:\\\/\\\/www.itakaescolapios.org\\\/pt\\\/2015\\\/12\\\/nueva-sesion-del-grupo-de-mision-compartida-de-bilbao-6\\\/#breadcrumb\",\"itemListElement\":[{\"@type\":\"ListItem\",\"position\":1,\"name\":\"Itaka-Escolapios\",\"item\":\"https:\\\/\\\/www.itakaescolapios.org\\\/es\\\/\"},{\"@type\":\"ListItem\",\"position\":2,\"name\":\"NUEVA SESI\u00d3N DEL GRUPO DE MISI\u00d3N COMPARTIDA DE BILBAO\"}]},{\"@type\":\"WebSite\",\"@id\":\"https:\\\/\\\/www.itakaescolapios.org\\\/pt\\\/es\\\/#website\",\"url\":\"https:\\\/\\\/www.itakaescolapios.org\\\/pt\\\/es\\\/\",\"name\":\"Itaka-Escolapios\",\"description\":\"Red de Itaka-Escolapios\",\"publisher\":{\"@id\":\"https:\\\/\\\/www.itakaescolapios.org\\\/pt\\\/es\\\/#organization\"},\"potentialAction\":[{\"@type\":\"SearchAction\",\"target\":{\"@type\":\"EntryPoint\",\"urlTemplate\":\"https:\\\/\\\/www.itakaescolapios.org\\\/pt\\\/es\\\/?s={search_term_string}\"},\"query-input\":{\"@type\":\"PropertyValueSpecification\",\"valueRequired\":true,\"valueName\":\"search_term_string\"}}],\"inLanguage\":\"pt-BR\"},{\"@type\":\"Organization\",\"@id\":\"https:\\\/\\\/www.itakaescolapios.org\\\/pt\\\/es\\\/#organization\",\"name\":\"Fundaci\u00f3 Itaka-Escolapios\",\"url\":\"https:\\\/\\\/www.itakaescolapios.org\\\/pt\\\/es\\\/\",\"logo\":{\"@type\":\"ImageObject\",\"inLanguage\":\"pt-BR\",\"@id\":\"https:\\\/\\\/www.itakaescolapios.org\\\/pt\\\/es\\\/#\\\/schema\\\/logo\\\/image\\\/\",\"url\":\"https:\\\/\\\/www.itakaescolapios.org\\\/wp-content\\\/uploads\\\/2024\\\/04\\\/Logo-itakaescolapios-peque.png\",\"contentUrl\":\"https:\\\/\\\/www.itakaescolapios.org\\\/wp-content\\\/uploads\\\/2024\\\/04\\\/Logo-itakaescolapios-peque.png\",\"width\":500,\"height\":199,\"caption\":\"Fundaci\u00f3 Itaka-Escolapios\"},\"image\":{\"@id\":\"https:\\\/\\\/www.itakaescolapios.org\\\/pt\\\/es\\\/#\\\/schema\\\/logo\\\/image\\\/\"}},{\"@type\":\"Person\",\"@id\":\"https:\\\/\\\/www.itakaescolapios.org\\\/es\\\/#\\\/schema\\\/person\\\/670123daeb1cc31cae1b106740036ccb\",\"name\":\"itaka\",\"url\":\"https:\\\/\\\/www.itakaescolapios.org\\\/pt\\\/author\\\/itaka\\\/\"}]}<\/script>\n<!-- \/ Yoast SEO plugin. -->","yoast_head_json":{"title":"NUEVA SESI\u00d3N DEL GRUPO DE MISI\u00d3N COMPARTIDA DE BILBAO","description":"Hoy viernes 4 de diciembre el grupo de misi\u00f3n compartida de la sede de Itaka \u2013 Escolapios Bilbao ha celebrado un nuevo encuentro. En la reuni\u00f3n de hoy, nos hemos dedicado a reflexionar sobre el voluntariado en nuestra sede, analizando lo trabajado hasta ahora y pensando futuras l\u00edneas de trabajo. Un buen momento de trabajo&hellip;","robots":{"index":"index","follow":"follow","max-snippet":"max-snippet:-1","max-image-preview":"max-image-preview:large","max-video-preview":"max-video-preview:-1"},"canonical":"Hoy viernes 4 de diciembre el grupo de misi\u00f3n compartida de la sede de Itaka \u2013 Escolapios Bilbao ha celebrado un nuevo encuentro. En la reuni\u00f3n de hoy, nos hemos dedicado a reflexionar sobre el voluntariado en nuestra sede, analizando lo trabajado hasta ahora y pensando futuras l\u00edneas de trabajo. Un buen momento de trabajo&hellip;","og_locale":"pt_BR","og_type":"article","og_title":"NUEVA SESI\u00d3N DEL GRUPO DE MISI\u00d3N COMPARTIDA DE BILBAO","og_description":"Hoy viernes 4 de diciembre el grupo de misi\u00f3n compartida de la sede de Itaka \u2013 Escolapios Bilbao ha celebrado un nuevo encuentro. En la reuni\u00f3n de hoy, nos hemos dedicado a reflexionar sobre el voluntariado en nuestra sede, analizando lo trabajado hasta ahora y pensando futuras l\u00edneas de trabajo. Un buen momento de trabajo&hellip;","og_url":"https:\/\/www.itakaescolapios.org\/pt\/2015\/12\/nueva-sesion-del-grupo-de-mision-compartida-de-bilbao-6\/","og_site_name":"Itaka-Escolapios","article_published_time":"2015-12-04T10:30:37+00:00","article_modified_time":"2023-11-28T11:38:32+00:00","og_image":[{"width":750,"height":352,"url":"https:\/\/www.itakaescolapios.org\/wp-content\/uploads\/2015\/12\/151204.mis\u00f3n-compartida-Itaka-Bilbao.jpg","type":"image\/jpeg"}],"author":"itaka","twitter_card":"summary_large_image","twitter_misc":{"Escrito por":"itaka","Est. tempo de leitura":"1 minuto"},"schema":{"@context":"https:\/\/schema.org","@graph":[{"@type":"Article","@id":"https:\/\/www.itakaescolapios.org\/pt\/2015\/12\/nueva-sesion-del-grupo-de-mision-compartida-de-bilbao-6\/#article","isPartOf":{"@id":"https:\/\/www.itakaescolapios.org\/pt\/2015\/12\/nueva-sesion-del-grupo-de-mision-compartida-de-bilbao-6\/"},"author":{"name":"itaka","@id":"https:\/\/www.itakaescolapios.org\/es\/#\/schema\/person\/670123daeb1cc31cae1b106740036ccb"},"headline":"NUEVA SESI\u00d3N DEL GRUPO DE MISI\u00d3N COMPARTIDA DE BILBAO","datePublished":"2015-12-04T10:30:37+00:00","dateModified":"2023-11-28T11:38:32+00:00","mainEntityOfPage":{"@id":"https:\/\/www.itakaescolapios.org\/pt\/2015\/12\/nueva-sesion-del-grupo-de-mision-compartida-de-bilbao-6\/"},"wordCount":111,"publisher":{"@id":"https:\/\/www.itakaescolapios.org\/es\/#organization"},"image":{"@id":"https:\/\/www.itakaescolapios.org\/pt\/2015\/12\/nueva-sesion-del-grupo-de-mision-compartida-de-bilbao-6\/#primaryimage"},"thumbnailUrl":"https:\/\/www.itakaescolapios.org\/wp-content\/uploads\/2015\/12\/151204.mis\u00f3n-compartida-Itaka-Bilbao.jpg","articleSection":["Bilbao"],"inLanguage":"pt-BR"},{"@type":"WebPage","@id":"https:\/\/www.itakaescolapios.org\/pt\/2015\/12\/nueva-sesion-del-grupo-de-mision-compartida-de-bilbao-6\/","url":"https:\/\/www.itakaescolapios.org\/pt\/2015\/12\/nueva-sesion-del-grupo-de-mision-compartida-de-bilbao-6\/","name":"NUEVA SESI\u00d3N DEL GRUPO DE MISI\u00d3N COMPARTIDA DE BILBAO - Itaka-Escolapios","isPartOf":{"@id":"https:\/\/www.itakaescolapios.org\/es\/#website"},"primaryImageOfPage":{"@id":"https:\/\/www.itakaescolapios.org\/pt\/2015\/12\/nueva-sesion-del-grupo-de-mision-compartida-de-bilbao-6\/#primaryimage"},"image":{"@id":"https:\/\/www.itakaescolapios.org\/pt\/2015\/12\/nueva-sesion-del-grupo-de-mision-compartida-de-bilbao-6\/#primaryimage"},"thumbnailUrl":"https:\/\/www.itakaescolapios.org\/wp-content\/uploads\/2015\/12\/151204.mis\u00f3n-compartida-Itaka-Bilbao.jpg","datePublished":"2015-12-04T10:30:37+00:00","dateModified":"2023-11-28T11:38:32+00:00","breadcrumb":{"@id":"https:\/\/www.itakaescolapios.org\/pt\/2015\/12\/nueva-sesion-del-grupo-de-mision-compartida-de-bilbao-6\/#breadcrumb"},"inLanguage":"pt-BR","potentialAction":[{"@type":"ReadAction","target":["https:\/\/www.itakaescolapios.org\/pt\/2015\/12\/nueva-sesion-del-grupo-de-mision-compartida-de-bilbao-6\/"]}]},{"@type":"ImageObject","inLanguage":"pt-BR","@id":"https:\/\/www.itakaescolapios.org\/pt\/2015\/12\/nueva-sesion-del-grupo-de-mision-compartida-de-bilbao-6\/#primaryimage","url":"https:\/\/www.itakaescolapios.org\/wp-content\/uploads\/2015\/12\/151204.mis\u00f3n-compartida-Itaka-Bilbao.jpg","contentUrl":"https:\/\/www.itakaescolapios.org\/wp-content\/uploads\/2015\/12\/151204.mis\u00f3n-compartida-Itaka-Bilbao.jpg","width":750,"height":352},{"@type":"BreadcrumbList","@id":"https:\/\/www.itakaescolapios.org\/pt\/2015\/12\/nueva-sesion-del-grupo-de-mision-compartida-de-bilbao-6\/#breadcrumb","itemListElement":[{"@type":"ListItem","position":1,"name":"Itaka-Escolapios","item":"https:\/\/www.itakaescolapios.org\/es\/"},{"@type":"ListItem","position":2,"name":"NUEVA SESI\u00d3N DEL GRUPO DE MISI\u00d3N COMPARTIDA DE BILBAO"}]},{"@type":"WebSite","@id":"https:\/\/www.itakaescolapios.org\/pt\/es\/#website","url":"https:\/\/www.itakaescolapios.org\/pt\/es\/","name":"Itaka-Escolapios","description":"Red de Itaka-Escolapios","publisher":{"@id":"https:\/\/www.itakaescolapios.org\/pt\/es\/#organization"},"potentialAction":[{"@type":"SearchAction","target":{"@type":"EntryPoint","urlTemplate":"https:\/\/www.itakaescolapios.org\/pt\/es\/?s={search_term_string}"},"query-input":{"@type":"PropertyValueSpecification","valueRequired":true,"valueName":"search_term_string"}}],"inLanguage":"pt-BR"},{"@type":"Organization","@id":"https:\/\/www.itakaescolapios.org\/pt\/es\/#organization","name":"Fundaci\u00f3 Itaka-Escolapios","url":"https:\/\/www.itakaescolapios.org\/pt\/es\/","logo":{"@type":"ImageObject","inLanguage":"pt-BR","@id":"https:\/\/www.itakaescolapios.org\/pt\/es\/#\/schema\/logo\/image\/","url":"https:\/\/www.itakaescolapios.org\/wp-content\/uploads\/2024\/04\/Logo-itakaescolapios-peque.png","contentUrl":"https:\/\/www.itakaescolapios.org\/wp-content\/uploads\/2024\/04\/Logo-itakaescolapios-peque.png","width":500,"height":199,"caption":"Fundaci\u00f3 Itaka-Escolapios"},"image":{"@id":"https:\/\/www.itakaescolapios.org\/pt\/es\/#\/schema\/logo\/image\/"}},{"@type":"Person","@id":"https:\/\/www.itakaescolapios.org\/es\/#\/schema\/person\/670123daeb1cc31cae1b106740036ccb","name":"itaka","url":"https:\/\/www.itakaescolapios.org\/pt\/author\/itaka\/"}]}},"_links":{"self":[{"href":"https:\/\/www.itakaescolapios.org\/pt\/wp-json\/wp\/v2\/posts\/14243","targetHints":{"allow":["GET"]}}],"collection":[{"href":"https:\/\/www.itakaescolapios.org\/pt\/wp-json\/wp\/v2\/posts"}],"about":[{"href":"https:\/\/www.itakaescolapios.org\/pt\/wp-json\/wp\/v2\/types\/post"}],"author":[{"embeddable":true,"href":"https:\/\/www.itakaescolapios.org\/pt\/wp-json\/wp\/v2\/users\/4"}],"replies":[{"embeddable":true,"href":"https:\/\/www.itakaescolapios.org\/pt\/wp-json\/wp\/v2\/comments?post=14243"}],"version-history":[{"count":3,"href":"https:\/\/www.itakaescolapios.org\/pt\/wp-json\/wp\/v2\/posts\/14243\/revisions"}],"predecessor-version":[{"id":48495,"href":"https:\/\/www.itakaescolapios.org\/pt\/wp-json\/wp\/v2\/posts\/14243\/revisions\/48495"}],"wp:featuredmedia":[{"embeddable":true,"href":"https:\/\/www.itakaescolapios.org\/pt\/wp-json\/wp\/v2\/media\/14244"}],"wp:attachment":[{"href":"https:\/\/www.itakaescolapios.org\/pt\/wp-json\/wp\/v2\/media?parent=14243"}],"wp:term":[{"taxonomy":"category","embeddable":true,"href":"https:\/\/www.itakaescolapios.org\/pt\/wp-json\/wp\/v2\/categories?post=14243"},{"taxonomy":"post_tag","embeddable":true,"href":"https:\/\/www.itakaescolapios.org\/pt\/wp-json\/wp\/v2\/tags?post=14243"}],"curies":[{"name":"wp","href":"https:\/\/api.w.org\/{rel}","templated":true}]}}