{"id":14293,"date":"2015-12-23T13:04:42","date_gmt":"2015-12-23T12:04:42","guid":{"rendered":"https:\/\/www.itakaescolapios.org\/?p=14293"},"modified":"2023-11-28T12:38:31","modified_gmt":"2023-11-28T11:38:31","slug":"los-alumnosas-de-primaria-bailan-el-tebe-en-la-campana-de-navidad","status":"publish","type":"post","link":"https:\/\/www.itakaescolapios.org\/pt\/2015\/12\/los-alumnosas-de-primaria-bailan-el-tebe-en-la-campana-de-navidad\/","title":{"rendered":"LOS ALUMNOS\/AS DE PRIMARIA BAILAN EL TEBE EN LA CAMPA\u00d1A DE NAVIDAD"},"content":{"rendered":"<p>La Campa\u00f1a de Navidad (de solidaridad) va llegando a su fin. Os apuntamos un enlace al video en el que los ni\u00f1os y ni\u00f1as de primaria del colegio de Bilbao bailan el \u201cTebe\u201d, baile originario de la isla de Timor. Adem\u00e1s de eso os dejamos un par de fotos de los murales que todo el alumnado ha preparado para que todas las personas que pasan por nuestro colegio conozcan el proyecto de Atambua en Indonesia.<\/p>\n<p>&nbsp;<\/p>\n<p><a href=\"http:\/\/iframewidth=560height=315src=https:\/\/www.youtube.com\/embed\/PtefocuHqlwframeborder=0allowfullscreen\/iframe\">http:\/\/<iframe loading=\"lazy\" src=\"https:\/\/www.youtube.com\/embed\/PtefocuHqlw\" height=\"315\" width=\"560\" allowfullscreen=\"\" frameborder=\"0\"><\/iframe><\/a><\/p>\n","protected":false},"excerpt":{"rendered":"<p>La Campa\u00f1a de Navidad (de solidaridad) va llegando a su fin. Os apuntamos un enlace al video en el que los ni\u00f1os y ni\u00f1as de primaria del colegio de Bilbao [&hellip;]<\/p>\n","protected":false},"author":4,"featured_media":14294,"comment_status":"closed","ping_status":"closed","sticky":false,"template":"","format":"standard","meta":{"_et_pb_use_builder":"","_et_pb_old_content":"","_et_gb_content_width":"","footnotes":""},"categories":[9],"tags":[],"class_list":["post-14293","post","type-post","status-publish","format-standard","has-post-thumbnail","hentry","category-bilbao"],"yoast_head":"<!-- This site is optimized with the Yoast SEO plugin v27.4 - https:\/\/yoast.com\/product\/yoast-seo-wordpress\/ -->\n<title>LOS ALUMNOS\/AS DE PRIMARIA BAILAN EL TEBE EN LA CAMPA\u00d1A DE NAVIDAD<\/title>\n<meta name=\"description\" content=\"La Campa\u00f1a de Navidad (de solidaridad) va llegando a su fin. Os apuntamos un enlace al video en el que los ni\u00f1os y ni\u00f1as de primaria del colegio de Bilbao bailan el \u201cTebe\u201d, baile originario de la isla de Timor. Adem\u00e1s de eso os dejamos un par de fotos de los murales que todo el&hellip;\" \/>\n<meta name=\"robots\" content=\"index, follow, max-snippet:-1, max-image-preview:large, max-video-preview:-1\" \/>\n<link rel=\"canonical\" href=\"http:\/\/La%20Campa\u00f1a%20de%20Navidad%20(de%20solidaridad)%20va%20llegando%20a%20su%20fin.%20Os%20apuntamos%20un%20enlace%20al%20video%20en%20el%20que%20los%20ni\u00f1os%20y%20ni\u00f1as%20de%20primaria%20del%20colegio%20de%20Bilbao%20bailan%20el%20\u201cTebe\u201d,%20baile%20originario%20de%20la%20isla%20de%20Timor.%20Adem\u00e1s%20de%20eso%20os%20dejamos%20un%20par%20de%20fotos%20de%20los%20murales%20que%20todo%20el&hellip;\" \/>\n<meta property=\"og:locale\" content=\"pt_BR\" \/>\n<meta property=\"og:type\" content=\"article\" \/>\n<meta property=\"og:title\" content=\"LOS ALUMNOS\/AS DE PRIMARIA BAILAN EL TEBE EN LA CAMPA\u00d1A DE NAVIDAD\" \/>\n<meta property=\"og:description\" content=\"La Campa\u00f1a de Navidad (de solidaridad) va llegando a su fin. Os apuntamos un enlace al video en el que los ni\u00f1os y ni\u00f1as de primaria del colegio de Bilbao bailan el \u201cTebe\u201d, baile originario de la isla de Timor. Adem\u00e1s de eso os dejamos un par de fotos de los murales que todo el&hellip;\" \/>\n<meta property=\"og:url\" content=\"https:\/\/www.itakaescolapios.org\/pt\/2015\/12\/los-alumnosas-de-primaria-bailan-el-tebe-en-la-campana-de-navidad\/\" \/>\n<meta property=\"og:site_name\" content=\"Itaka-Escolapios\" \/>\n<meta property=\"article:published_time\" content=\"2015-12-23T12:04:42+00:00\" \/>\n<meta property=\"article:modified_time\" content=\"2023-11-28T11:38:31+00:00\" \/>\n<meta property=\"og:image\" content=\"https:\/\/www.itakaescolapios.org\/wp-content\/uploads\/2015\/12\/Tebe-bilbao.jpg\" \/>\n\t<meta property=\"og:image:width\" content=\"1632\" \/>\n\t<meta property=\"og:image:height\" content=\"1224\" \/>\n\t<meta property=\"og:image:type\" content=\"image\/jpeg\" \/>\n<meta name=\"author\" content=\"itaka\" \/>\n<meta name=\"twitter:card\" content=\"summary_large_image\" \/>\n<meta name=\"twitter:label1\" content=\"Escrito por\" \/>\n\t<meta name=\"twitter:data1\" content=\"itaka\" \/>\n<script type=\"application\/ld+json\" class=\"yoast-schema-graph\">{\"@context\":\"https:\\\/\\\/schema.org\",\"@graph\":[{\"@type\":\"Article\",\"@id\":\"https:\\\/\\\/www.itakaescolapios.org\\\/pt\\\/2015\\\/12\\\/los-alumnosas-de-primaria-bailan-el-tebe-en-la-campana-de-navidad\\\/#article\",\"isPartOf\":{\"@id\":\"https:\\\/\\\/www.itakaescolapios.org\\\/pt\\\/2015\\\/12\\\/los-alumnosas-de-primaria-bailan-el-tebe-en-la-campana-de-navidad\\\/\"},\"author\":{\"name\":\"itaka\",\"@id\":\"https:\\\/\\\/www.itakaescolapios.org\\\/es\\\/#\\\/schema\\\/person\\\/670123daeb1cc31cae1b106740036ccb\"},\"headline\":\"LOS ALUMNOS\\\/AS DE PRIMARIA BAILAN EL TEBE EN LA CAMPA\u00d1A DE NAVIDAD\",\"datePublished\":\"2015-12-23T12:04:42+00:00\",\"dateModified\":\"2023-11-28T11:38:31+00:00\",\"mainEntityOfPage\":{\"@id\":\"https:\\\/\\\/www.itakaescolapios.org\\\/pt\\\/2015\\\/12\\\/los-alumnosas-de-primaria-bailan-el-tebe-en-la-campana-de-navidad\\\/\"},\"wordCount\":95,\"publisher\":{\"@id\":\"https:\\\/\\\/www.itakaescolapios.org\\\/es\\\/#organization\"},\"image\":{\"@id\":\"https:\\\/\\\/www.itakaescolapios.org\\\/pt\\\/2015\\\/12\\\/los-alumnosas-de-primaria-bailan-el-tebe-en-la-campana-de-navidad\\\/#primaryimage\"},\"thumbnailUrl\":\"https:\\\/\\\/www.itakaescolapios.org\\\/wp-content\\\/uploads\\\/2015\\\/12\\\/Tebe-bilbao.jpg\",\"articleSection\":[\"Bilbao\"],\"inLanguage\":\"pt-BR\"},{\"@type\":\"WebPage\",\"@id\":\"https:\\\/\\\/www.itakaescolapios.org\\\/pt\\\/2015\\\/12\\\/los-alumnosas-de-primaria-bailan-el-tebe-en-la-campana-de-navidad\\\/\",\"url\":\"https:\\\/\\\/www.itakaescolapios.org\\\/pt\\\/2015\\\/12\\\/los-alumnosas-de-primaria-bailan-el-tebe-en-la-campana-de-navidad\\\/\",\"name\":\"LOS ALUMNOS\\\/AS DE PRIMARIA BAILAN EL TEBE EN LA CAMPA\u00d1A DE NAVIDAD - Itaka-Escolapios\",\"isPartOf\":{\"@id\":\"https:\\\/\\\/www.itakaescolapios.org\\\/es\\\/#website\"},\"primaryImageOfPage\":{\"@id\":\"https:\\\/\\\/www.itakaescolapios.org\\\/pt\\\/2015\\\/12\\\/los-alumnosas-de-primaria-bailan-el-tebe-en-la-campana-de-navidad\\\/#primaryimage\"},\"image\":{\"@id\":\"https:\\\/\\\/www.itakaescolapios.org\\\/pt\\\/2015\\\/12\\\/los-alumnosas-de-primaria-bailan-el-tebe-en-la-campana-de-navidad\\\/#primaryimage\"},\"thumbnailUrl\":\"https:\\\/\\\/www.itakaescolapios.org\\\/wp-content\\\/uploads\\\/2015\\\/12\\\/Tebe-bilbao.jpg\",\"datePublished\":\"2015-12-23T12:04:42+00:00\",\"dateModified\":\"2023-11-28T11:38:31+00:00\",\"breadcrumb\":{\"@id\":\"https:\\\/\\\/www.itakaescolapios.org\\\/pt\\\/2015\\\/12\\\/los-alumnosas-de-primaria-bailan-el-tebe-en-la-campana-de-navidad\\\/#breadcrumb\"},\"inLanguage\":\"pt-BR\",\"potentialAction\":[{\"@type\":\"ReadAction\",\"target\":[\"https:\\\/\\\/www.itakaescolapios.org\\\/pt\\\/2015\\\/12\\\/los-alumnosas-de-primaria-bailan-el-tebe-en-la-campana-de-navidad\\\/\"]}]},{\"@type\":\"ImageObject\",\"inLanguage\":\"pt-BR\",\"@id\":\"https:\\\/\\\/www.itakaescolapios.org\\\/pt\\\/2015\\\/12\\\/los-alumnosas-de-primaria-bailan-el-tebe-en-la-campana-de-navidad\\\/#primaryimage\",\"url\":\"https:\\\/\\\/www.itakaescolapios.org\\\/wp-content\\\/uploads\\\/2015\\\/12\\\/Tebe-bilbao.jpg\",\"contentUrl\":\"https:\\\/\\\/www.itakaescolapios.org\\\/wp-content\\\/uploads\\\/2015\\\/12\\\/Tebe-bilbao.jpg\",\"width\":1632,\"height\":1224},{\"@type\":\"BreadcrumbList\",\"@id\":\"https:\\\/\\\/www.itakaescolapios.org\\\/pt\\\/2015\\\/12\\\/los-alumnosas-de-primaria-bailan-el-tebe-en-la-campana-de-navidad\\\/#breadcrumb\",\"itemListElement\":[{\"@type\":\"ListItem\",\"position\":1,\"name\":\"Itaka-Escolapios\",\"item\":\"https:\\\/\\\/www.itakaescolapios.org\\\/es\\\/\"},{\"@type\":\"ListItem\",\"position\":2,\"name\":\"LOS ALUMNOS\\\/AS DE PRIMARIA BAILAN EL TEBE EN LA CAMPA\u00d1A DE NAVIDAD\"}]},{\"@type\":\"WebSite\",\"@id\":\"https:\\\/\\\/www.itakaescolapios.org\\\/pt\\\/es\\\/#website\",\"url\":\"https:\\\/\\\/www.itakaescolapios.org\\\/pt\\\/es\\\/\",\"name\":\"Itaka-Escolapios\",\"description\":\"Red de Itaka-Escolapios\",\"publisher\":{\"@id\":\"https:\\\/\\\/www.itakaescolapios.org\\\/pt\\\/es\\\/#organization\"},\"potentialAction\":[{\"@type\":\"SearchAction\",\"target\":{\"@type\":\"EntryPoint\",\"urlTemplate\":\"https:\\\/\\\/www.itakaescolapios.org\\\/pt\\\/es\\\/?s={search_term_string}\"},\"query-input\":{\"@type\":\"PropertyValueSpecification\",\"valueRequired\":true,\"valueName\":\"search_term_string\"}}],\"inLanguage\":\"pt-BR\"},{\"@type\":\"Organization\",\"@id\":\"https:\\\/\\\/www.itakaescolapios.org\\\/pt\\\/es\\\/#organization\",\"name\":\"Fundaci\u00f3 Itaka-Escolapios\",\"url\":\"https:\\\/\\\/www.itakaescolapios.org\\\/pt\\\/es\\\/\",\"logo\":{\"@type\":\"ImageObject\",\"inLanguage\":\"pt-BR\",\"@id\":\"https:\\\/\\\/www.itakaescolapios.org\\\/pt\\\/es\\\/#\\\/schema\\\/logo\\\/image\\\/\",\"url\":\"https:\\\/\\\/www.itakaescolapios.org\\\/wp-content\\\/uploads\\\/2024\\\/04\\\/Logo-itakaescolapios-peque.png\",\"contentUrl\":\"https:\\\/\\\/www.itakaescolapios.org\\\/wp-content\\\/uploads\\\/2024\\\/04\\\/Logo-itakaescolapios-peque.png\",\"width\":500,\"height\":199,\"caption\":\"Fundaci\u00f3 Itaka-Escolapios\"},\"image\":{\"@id\":\"https:\\\/\\\/www.itakaescolapios.org\\\/pt\\\/es\\\/#\\\/schema\\\/logo\\\/image\\\/\"}},{\"@type\":\"Person\",\"@id\":\"https:\\\/\\\/www.itakaescolapios.org\\\/es\\\/#\\\/schema\\\/person\\\/670123daeb1cc31cae1b106740036ccb\",\"name\":\"itaka\",\"url\":\"https:\\\/\\\/www.itakaescolapios.org\\\/pt\\\/author\\\/itaka\\\/\"}]}<\/script>\n<!-- \/ Yoast SEO plugin. -->","yoast_head_json":{"title":"LOS ALUMNOS\/AS DE PRIMARIA BAILAN EL TEBE EN LA CAMPA\u00d1A DE NAVIDAD","description":"La Campa\u00f1a de Navidad (de solidaridad) va llegando a su fin. Os apuntamos un enlace al video en el que los ni\u00f1os y ni\u00f1as de primaria del colegio de Bilbao bailan el \u201cTebe\u201d, baile originario de la isla de Timor. Adem\u00e1s de eso os dejamos un par de fotos de los murales que todo el&hellip;","robots":{"index":"index","follow":"follow","max-snippet":"max-snippet:-1","max-image-preview":"max-image-preview:large","max-video-preview":"max-video-preview:-1"},"canonical":"La Campa\u00f1a de Navidad (de solidaridad) va llegando a su fin. Os apuntamos un enlace al video en el que los ni\u00f1os y ni\u00f1as de primaria del colegio de Bilbao bailan el \u201cTebe\u201d, baile originario de la isla de Timor. Adem\u00e1s de eso os dejamos un par de fotos de los murales que todo el&hellip;","og_locale":"pt_BR","og_type":"article","og_title":"LOS ALUMNOS\/AS DE PRIMARIA BAILAN EL TEBE EN LA CAMPA\u00d1A DE NAVIDAD","og_description":"La Campa\u00f1a de Navidad (de solidaridad) va llegando a su fin. Os apuntamos un enlace al video en el que los ni\u00f1os y ni\u00f1as de primaria del colegio de Bilbao bailan el \u201cTebe\u201d, baile originario de la isla de Timor. Adem\u00e1s de eso os dejamos un par de fotos de los murales que todo el&hellip;","og_url":"https:\/\/www.itakaescolapios.org\/pt\/2015\/12\/los-alumnosas-de-primaria-bailan-el-tebe-en-la-campana-de-navidad\/","og_site_name":"Itaka-Escolapios","article_published_time":"2015-12-23T12:04:42+00:00","article_modified_time":"2023-11-28T11:38:31+00:00","og_image":[{"width":1632,"height":1224,"url":"https:\/\/www.itakaescolapios.org\/wp-content\/uploads\/2015\/12\/Tebe-bilbao.jpg","type":"image\/jpeg"}],"author":"itaka","twitter_card":"summary_large_image","twitter_misc":{"Escrito por":"itaka"},"schema":{"@context":"https:\/\/schema.org","@graph":[{"@type":"Article","@id":"https:\/\/www.itakaescolapios.org\/pt\/2015\/12\/los-alumnosas-de-primaria-bailan-el-tebe-en-la-campana-de-navidad\/#article","isPartOf":{"@id":"https:\/\/www.itakaescolapios.org\/pt\/2015\/12\/los-alumnosas-de-primaria-bailan-el-tebe-en-la-campana-de-navidad\/"},"author":{"name":"itaka","@id":"https:\/\/www.itakaescolapios.org\/es\/#\/schema\/person\/670123daeb1cc31cae1b106740036ccb"},"headline":"LOS ALUMNOS\/AS DE PRIMARIA BAILAN EL TEBE EN LA CAMPA\u00d1A DE NAVIDAD","datePublished":"2015-12-23T12:04:42+00:00","dateModified":"2023-11-28T11:38:31+00:00","mainEntityOfPage":{"@id":"https:\/\/www.itakaescolapios.org\/pt\/2015\/12\/los-alumnosas-de-primaria-bailan-el-tebe-en-la-campana-de-navidad\/"},"wordCount":95,"publisher":{"@id":"https:\/\/www.itakaescolapios.org\/es\/#organization"},"image":{"@id":"https:\/\/www.itakaescolapios.org\/pt\/2015\/12\/los-alumnosas-de-primaria-bailan-el-tebe-en-la-campana-de-navidad\/#primaryimage"},"thumbnailUrl":"https:\/\/www.itakaescolapios.org\/wp-content\/uploads\/2015\/12\/Tebe-bilbao.jpg","articleSection":["Bilbao"],"inLanguage":"pt-BR"},{"@type":"WebPage","@id":"https:\/\/www.itakaescolapios.org\/pt\/2015\/12\/los-alumnosas-de-primaria-bailan-el-tebe-en-la-campana-de-navidad\/","url":"https:\/\/www.itakaescolapios.org\/pt\/2015\/12\/los-alumnosas-de-primaria-bailan-el-tebe-en-la-campana-de-navidad\/","name":"LOS ALUMNOS\/AS DE PRIMARIA BAILAN EL TEBE EN LA CAMPA\u00d1A DE NAVIDAD - Itaka-Escolapios","isPartOf":{"@id":"https:\/\/www.itakaescolapios.org\/es\/#website"},"primaryImageOfPage":{"@id":"https:\/\/www.itakaescolapios.org\/pt\/2015\/12\/los-alumnosas-de-primaria-bailan-el-tebe-en-la-campana-de-navidad\/#primaryimage"},"image":{"@id":"https:\/\/www.itakaescolapios.org\/pt\/2015\/12\/los-alumnosas-de-primaria-bailan-el-tebe-en-la-campana-de-navidad\/#primaryimage"},"thumbnailUrl":"https:\/\/www.itakaescolapios.org\/wp-content\/uploads\/2015\/12\/Tebe-bilbao.jpg","datePublished":"2015-12-23T12:04:42+00:00","dateModified":"2023-11-28T11:38:31+00:00","breadcrumb":{"@id":"https:\/\/www.itakaescolapios.org\/pt\/2015\/12\/los-alumnosas-de-primaria-bailan-el-tebe-en-la-campana-de-navidad\/#breadcrumb"},"inLanguage":"pt-BR","potentialAction":[{"@type":"ReadAction","target":["https:\/\/www.itakaescolapios.org\/pt\/2015\/12\/los-alumnosas-de-primaria-bailan-el-tebe-en-la-campana-de-navidad\/"]}]},{"@type":"ImageObject","inLanguage":"pt-BR","@id":"https:\/\/www.itakaescolapios.org\/pt\/2015\/12\/los-alumnosas-de-primaria-bailan-el-tebe-en-la-campana-de-navidad\/#primaryimage","url":"https:\/\/www.itakaescolapios.org\/wp-content\/uploads\/2015\/12\/Tebe-bilbao.jpg","contentUrl":"https:\/\/www.itakaescolapios.org\/wp-content\/uploads\/2015\/12\/Tebe-bilbao.jpg","width":1632,"height":1224},{"@type":"BreadcrumbList","@id":"https:\/\/www.itakaescolapios.org\/pt\/2015\/12\/los-alumnosas-de-primaria-bailan-el-tebe-en-la-campana-de-navidad\/#breadcrumb","itemListElement":[{"@type":"ListItem","position":1,"name":"Itaka-Escolapios","item":"https:\/\/www.itakaescolapios.org\/es\/"},{"@type":"ListItem","position":2,"name":"LOS ALUMNOS\/AS DE PRIMARIA BAILAN EL TEBE EN LA CAMPA\u00d1A DE NAVIDAD"}]},{"@type":"WebSite","@id":"https:\/\/www.itakaescolapios.org\/pt\/es\/#website","url":"https:\/\/www.itakaescolapios.org\/pt\/es\/","name":"Itaka-Escolapios","description":"Red de Itaka-Escolapios","publisher":{"@id":"https:\/\/www.itakaescolapios.org\/pt\/es\/#organization"},"potentialAction":[{"@type":"SearchAction","target":{"@type":"EntryPoint","urlTemplate":"https:\/\/www.itakaescolapios.org\/pt\/es\/?s={search_term_string}"},"query-input":{"@type":"PropertyValueSpecification","valueRequired":true,"valueName":"search_term_string"}}],"inLanguage":"pt-BR"},{"@type":"Organization","@id":"https:\/\/www.itakaescolapios.org\/pt\/es\/#organization","name":"Fundaci\u00f3 Itaka-Escolapios","url":"https:\/\/www.itakaescolapios.org\/pt\/es\/","logo":{"@type":"ImageObject","inLanguage":"pt-BR","@id":"https:\/\/www.itakaescolapios.org\/pt\/es\/#\/schema\/logo\/image\/","url":"https:\/\/www.itakaescolapios.org\/wp-content\/uploads\/2024\/04\/Logo-itakaescolapios-peque.png","contentUrl":"https:\/\/www.itakaescolapios.org\/wp-content\/uploads\/2024\/04\/Logo-itakaescolapios-peque.png","width":500,"height":199,"caption":"Fundaci\u00f3 Itaka-Escolapios"},"image":{"@id":"https:\/\/www.itakaescolapios.org\/pt\/es\/#\/schema\/logo\/image\/"}},{"@type":"Person","@id":"https:\/\/www.itakaescolapios.org\/es\/#\/schema\/person\/670123daeb1cc31cae1b106740036ccb","name":"itaka","url":"https:\/\/www.itakaescolapios.org\/pt\/author\/itaka\/"}]}},"_links":{"self":[{"href":"https:\/\/www.itakaescolapios.org\/pt\/wp-json\/wp\/v2\/posts\/14293","targetHints":{"allow":["GET"]}}],"collection":[{"href":"https:\/\/www.itakaescolapios.org\/pt\/wp-json\/wp\/v2\/posts"}],"about":[{"href":"https:\/\/www.itakaescolapios.org\/pt\/wp-json\/wp\/v2\/types\/post"}],"author":[{"embeddable":true,"href":"https:\/\/www.itakaescolapios.org\/pt\/wp-json\/wp\/v2\/users\/4"}],"replies":[{"embeddable":true,"href":"https:\/\/www.itakaescolapios.org\/pt\/wp-json\/wp\/v2\/comments?post=14293"}],"version-history":[{"count":9,"href":"https:\/\/www.itakaescolapios.org\/pt\/wp-json\/wp\/v2\/posts\/14293\/revisions"}],"predecessor-version":[{"id":48473,"href":"https:\/\/www.itakaescolapios.org\/pt\/wp-json\/wp\/v2\/posts\/14293\/revisions\/48473"}],"wp:featuredmedia":[{"embeddable":true,"href":"https:\/\/www.itakaescolapios.org\/pt\/wp-json\/wp\/v2\/media\/14294"}],"wp:attachment":[{"href":"https:\/\/www.itakaescolapios.org\/pt\/wp-json\/wp\/v2\/media?parent=14293"}],"wp:term":[{"taxonomy":"category","embeddable":true,"href":"https:\/\/www.itakaescolapios.org\/pt\/wp-json\/wp\/v2\/categories?post=14293"},{"taxonomy":"post_tag","embeddable":true,"href":"https:\/\/www.itakaescolapios.org\/pt\/wp-json\/wp\/v2\/tags?post=14293"}],"curies":[{"name":"wp","href":"https:\/\/api.w.org\/{rel}","templated":true}]}}