{"id":14319,"date":"2016-01-03T18:06:54","date_gmt":"2016-01-03T17:06:54","guid":{"rendered":"https:\/\/www.itakaescolapios.org\/?p=14319"},"modified":"2023-11-28T12:38:31","modified_gmt":"2023-11-28T11:38:31","slug":"ikaskide-y-la-labor-de-itaka-escolapios-premio-haba-de-oro-2016-de-la-cabalgata-de-pamplona-iruna","status":"publish","type":"post","link":"https:\/\/www.itakaescolapios.org\/pt\/2016\/01\/ikaskide-y-la-labor-de-itaka-escolapios-premio-haba-de-oro-2016-de-la-cabalgata-de-pamplona-iruna\/","title":{"rendered":"IKASKIDE Y LA LABOR DE ITAKA-ESCOLAPIOS, Premio Haba de Oro 2015 de la Cabalgata de Pamplona-Iru\u00f1a."},"content":{"rendered":"<p>La Asociaci\u00f3n de la Cabalgata de Reyes Magos de Pamplona-Iru\u00f1a ha concedido a Itaka-Escolapios el \u201cHaba de oro\u201d, un premio con el que se reconoce a una entidad por su labor en favor de la promoci\u00f3n social de los ni\u00f1os y adolescentes.<\/p>\n<p>La decisi\u00f3n de a qui\u00e9n se le da este premio, seg\u00fan las bases de la asociaci\u00f3n, emana de un jurado compuesto por el alcalde de Pamplona-Iru\u00f1a, una representante de la Fundaci\u00f3n Caja Navarra, el ganador del a\u00f1o pasado (en este caso Nuevo Futuro), un representante del arzobispado, el consejero de Derechos Sociales del Gobierno de Navarra y un representante del Tribunal Superior de Justicia de Navarra.<br \/>\nEl premio es por la labor global que realiza Itaka-Escolapios, pero especialmente por el proyecto Ikaskide, tal y como\u00a0nos lo explicaron en el momento de comunicarnos oficialmente la concesi\u00f3n del premio.<br \/>\nEl premio es un galard\u00f3n en forma de\u00a0&#8220;haba&#8221;, recordando la tradici\u00f3n del d\u00eda de Reyes y se entreg\u00f3 ayer por la tarde, s\u00e1bado\u00a02 de enero, en el\u00a0Ayuntamiento de Pamplona-Iru\u00f1a.\u00a0Estamos agradecidos por el reconocimiento social que comporta.<br \/>\n\u00a1Felicidades a todos\/as! Zorionak!! Denon lanari esker izan da sari hau eta ikaskide ta bere haurrak eta jendeak dira gure sari nagusiena! Eskerrik asko denei Gracias a todos los que hac\u00e9is posible cada d\u00eda Ikaskide; y a tantas personas que han construido la historia escolapia en Tafalla y Pamplona-Iru\u00f1a. Todos vosotros, nuestros chavales y familias, cada destinatario de Ikaskide, sois nuestro mejor premio.<br \/>\nEste reconocimiento es fruto del trabajo de todos y\u00a0nos anima a seguir trabajando por todos estos chicos y chicas.<\/p>\n<p>La noticia, en el minuto 11:20 del siguiente v\u00eddeo.<\/p>\n<p>https:\/\/www.youtube.com\/watch?v=Za1Gwoqsixo<\/p>\n<p>Para acceder al texto que le\u00edmos en el acto de entrega del premio,<a href=\"https:\/\/www.facebook.com\/ikaskide.itakaescolapios\/posts\/977312225671736\"> CLICA AQUI.<\/a><\/p>\n","protected":false},"excerpt":{"rendered":"<p>La Asociaci\u00f3n de la Cabalgata de Reyes Magos de Pamplona-Iru\u00f1a ha concedido a Itaka-Escolapios el \u201cHaba de oro\u201d, un premio con el que se reconoce a una entidad por su [&hellip;]<\/p>\n","protected":false},"author":29,"featured_media":14320,"comment_status":"closed","ping_status":"closed","sticky":false,"template":"","format":"standard","meta":{"_et_pb_use_builder":"","_et_pb_old_content":"","_et_gb_content_width":"","footnotes":""},"categories":[20],"tags":[111,71,155,142],"class_list":["post-14319","post","type-post","status-publish","format-standard","has-post-thumbnail","hentry","category-pamplona-iruna","tag-accion-social","tag-ikaskide","tag-pamplona-iruna-2","tag-voluntariado"],"yoast_head":"<!-- This site is optimized with the Yoast SEO plugin v27.4 - https:\/\/yoast.com\/product\/yoast-seo-wordpress\/ -->\n<title>IKASKIDE Y LA LABOR DE ITAKA-ESCOLAPIOS, Premio Haba de Oro 2015 de la Cabalgata de Pamplona-Iru\u00f1a.<\/title>\n<meta name=\"description\" content=\"La Asociaci\u00f3n de la Cabalgata de Reyes Magos de Pamplona-Iru\u00f1a ha concedido a Itaka-Escolapios el \u201cHaba de oro\u201d, un premio con el que se reconoce a una entidad por su labor en favor de la promoci\u00f3n social de los ni\u00f1os y adolescentes. La decisi\u00f3n de a qui\u00e9n se le da este premio, seg\u00fan las bases&hellip;\" \/>\n<meta name=\"robots\" content=\"index, follow, max-snippet:-1, max-image-preview:large, max-video-preview:-1\" \/>\n<link rel=\"canonical\" href=\"http:\/\/La%20Asociaci\u00f3n%20de%20la%20Cabalgata%20de%20Reyes%20Magos%20de%20Pamplona-Iru\u00f1a%20ha%20concedido%20a%20Itaka-Escolapios%20el%20\u201cHaba%20de%20oro\u201d,%20un%20premio%20con%20el%20que%20se%20reconoce%20a%20una%20entidad%20por%20su%20labor%20en%20favor%20de%20la%20promoci\u00f3n%20social%20de%20los%20ni\u00f1os%20y%20adolescentes.%20La%20decisi\u00f3n%20de%20a%20qui\u00e9n%20se%20le%20da%20este%20premio,%20seg\u00fan%20las%20bases&hellip;\" \/>\n<meta property=\"og:locale\" content=\"pt_BR\" \/>\n<meta property=\"og:type\" content=\"article\" \/>\n<meta property=\"og:title\" content=\"IKASKIDE Y LA LABOR DE ITAKA-ESCOLAPIOS, Premio Haba de Oro 2015 de la Cabalgata de Pamplona-Iru\u00f1a.\" \/>\n<meta property=\"og:description\" content=\"La Asociaci\u00f3n de la Cabalgata de Reyes Magos de Pamplona-Iru\u00f1a ha concedido a Itaka-Escolapios el \u201cHaba de oro\u201d, un premio con el que se reconoce a una entidad por su labor en favor de la promoci\u00f3n social de los ni\u00f1os y adolescentes. La decisi\u00f3n de a qui\u00e9n se le da este premio, seg\u00fan las bases&hellip;\" \/>\n<meta property=\"og:url\" content=\"https:\/\/www.itakaescolapios.org\/pt\/2016\/01\/ikaskide-y-la-labor-de-itaka-escolapios-premio-haba-de-oro-2016-de-la-cabalgata-de-pamplona-iruna\/\" \/>\n<meta property=\"og:site_name\" content=\"Itaka-Escolapios\" \/>\n<meta property=\"article:published_time\" content=\"2016-01-03T17:06:54+00:00\" \/>\n<meta property=\"article:modified_time\" content=\"2023-11-28T11:38:31+00:00\" \/>\n<meta property=\"og:image\" content=\"https:\/\/www.itakaescolapios.org\/wp-content\/uploads\/2016\/01\/Alfonso.jpg\" \/>\n\t<meta property=\"og:image:width\" content=\"960\" \/>\n\t<meta property=\"og:image:height\" content=\"538\" \/>\n\t<meta property=\"og:image:type\" content=\"image\/jpeg\" \/>\n<meta name=\"author\" content=\"pamplona01\" \/>\n<meta name=\"twitter:card\" content=\"summary_large_image\" \/>\n<meta name=\"twitter:label1\" content=\"Escrito por\" \/>\n\t<meta name=\"twitter:data1\" content=\"pamplona01\" \/>\n\t<meta name=\"twitter:label2\" content=\"Est. tempo de leitura\" \/>\n\t<meta name=\"twitter:data2\" content=\"2 minutos\" \/>\n<script type=\"application\/ld+json\" class=\"yoast-schema-graph\">{\"@context\":\"https:\\\/\\\/schema.org\",\"@graph\":[{\"@type\":\"Article\",\"@id\":\"https:\\\/\\\/www.itakaescolapios.org\\\/pt\\\/2016\\\/01\\\/ikaskide-y-la-labor-de-itaka-escolapios-premio-haba-de-oro-2016-de-la-cabalgata-de-pamplona-iruna\\\/#article\",\"isPartOf\":{\"@id\":\"https:\\\/\\\/www.itakaescolapios.org\\\/pt\\\/2016\\\/01\\\/ikaskide-y-la-labor-de-itaka-escolapios-premio-haba-de-oro-2016-de-la-cabalgata-de-pamplona-iruna\\\/\"},\"author\":{\"name\":\"pamplona01\",\"@id\":\"https:\\\/\\\/www.itakaescolapios.org\\\/es\\\/#\\\/schema\\\/person\\\/a44de70f9a43a90c3e0f59aaaffd61f3\"},\"headline\":\"IKASKIDE Y LA LABOR DE ITAKA-ESCOLAPIOS, Premio Haba de Oro 2015 de la Cabalgata de Pamplona-Iru\u00f1a.\",\"datePublished\":\"2016-01-03T17:06:54+00:00\",\"dateModified\":\"2023-11-28T11:38:31+00:00\",\"mainEntityOfPage\":{\"@id\":\"https:\\\/\\\/www.itakaescolapios.org\\\/pt\\\/2016\\\/01\\\/ikaskide-y-la-labor-de-itaka-escolapios-premio-haba-de-oro-2016-de-la-cabalgata-de-pamplona-iruna\\\/\"},\"wordCount\":332,\"publisher\":{\"@id\":\"https:\\\/\\\/www.itakaescolapios.org\\\/es\\\/#organization\"},\"image\":{\"@id\":\"https:\\\/\\\/www.itakaescolapios.org\\\/pt\\\/2016\\\/01\\\/ikaskide-y-la-labor-de-itaka-escolapios-premio-haba-de-oro-2016-de-la-cabalgata-de-pamplona-iruna\\\/#primaryimage\"},\"thumbnailUrl\":\"https:\\\/\\\/www.itakaescolapios.org\\\/wp-content\\\/uploads\\\/2016\\\/01\\\/Alfonso.jpg\",\"keywords\":[\"Acci\u00f3n Social\",\"ikaskide\",\"pamplona-iru\u00f1a\",\"voluntariado\"],\"articleSection\":[\"Pamplona-Iru\u00f1a\"],\"inLanguage\":\"pt-BR\"},{\"@type\":\"WebPage\",\"@id\":\"https:\\\/\\\/www.itakaescolapios.org\\\/pt\\\/2016\\\/01\\\/ikaskide-y-la-labor-de-itaka-escolapios-premio-haba-de-oro-2016-de-la-cabalgata-de-pamplona-iruna\\\/\",\"url\":\"https:\\\/\\\/www.itakaescolapios.org\\\/pt\\\/2016\\\/01\\\/ikaskide-y-la-labor-de-itaka-escolapios-premio-haba-de-oro-2016-de-la-cabalgata-de-pamplona-iruna\\\/\",\"name\":\"IKASKIDE Y LA LABOR DE ITAKA-ESCOLAPIOS, Premio Haba de Oro 2015 de la Cabalgata de Pamplona-Iru\u00f1a. - Itaka-Escolapios\",\"isPartOf\":{\"@id\":\"https:\\\/\\\/www.itakaescolapios.org\\\/es\\\/#website\"},\"primaryImageOfPage\":{\"@id\":\"https:\\\/\\\/www.itakaescolapios.org\\\/pt\\\/2016\\\/01\\\/ikaskide-y-la-labor-de-itaka-escolapios-premio-haba-de-oro-2016-de-la-cabalgata-de-pamplona-iruna\\\/#primaryimage\"},\"image\":{\"@id\":\"https:\\\/\\\/www.itakaescolapios.org\\\/pt\\\/2016\\\/01\\\/ikaskide-y-la-labor-de-itaka-escolapios-premio-haba-de-oro-2016-de-la-cabalgata-de-pamplona-iruna\\\/#primaryimage\"},\"thumbnailUrl\":\"https:\\\/\\\/www.itakaescolapios.org\\\/wp-content\\\/uploads\\\/2016\\\/01\\\/Alfonso.jpg\",\"datePublished\":\"2016-01-03T17:06:54+00:00\",\"dateModified\":\"2023-11-28T11:38:31+00:00\",\"breadcrumb\":{\"@id\":\"https:\\\/\\\/www.itakaescolapios.org\\\/pt\\\/2016\\\/01\\\/ikaskide-y-la-labor-de-itaka-escolapios-premio-haba-de-oro-2016-de-la-cabalgata-de-pamplona-iruna\\\/#breadcrumb\"},\"inLanguage\":\"pt-BR\",\"potentialAction\":[{\"@type\":\"ReadAction\",\"target\":[\"https:\\\/\\\/www.itakaescolapios.org\\\/pt\\\/2016\\\/01\\\/ikaskide-y-la-labor-de-itaka-escolapios-premio-haba-de-oro-2016-de-la-cabalgata-de-pamplona-iruna\\\/\"]}]},{\"@type\":\"ImageObject\",\"inLanguage\":\"pt-BR\",\"@id\":\"https:\\\/\\\/www.itakaescolapios.org\\\/pt\\\/2016\\\/01\\\/ikaskide-y-la-labor-de-itaka-escolapios-premio-haba-de-oro-2016-de-la-cabalgata-de-pamplona-iruna\\\/#primaryimage\",\"url\":\"https:\\\/\\\/www.itakaescolapios.org\\\/wp-content\\\/uploads\\\/2016\\\/01\\\/Alfonso.jpg\",\"contentUrl\":\"https:\\\/\\\/www.itakaescolapios.org\\\/wp-content\\\/uploads\\\/2016\\\/01\\\/Alfonso.jpg\",\"width\":960,\"height\":538},{\"@type\":\"BreadcrumbList\",\"@id\":\"https:\\\/\\\/www.itakaescolapios.org\\\/pt\\\/2016\\\/01\\\/ikaskide-y-la-labor-de-itaka-escolapios-premio-haba-de-oro-2016-de-la-cabalgata-de-pamplona-iruna\\\/#breadcrumb\",\"itemListElement\":[{\"@type\":\"ListItem\",\"position\":1,\"name\":\"Itaka-Escolapios\",\"item\":\"https:\\\/\\\/www.itakaescolapios.org\\\/es\\\/\"},{\"@type\":\"ListItem\",\"position\":2,\"name\":\"IKASKIDE Y LA LABOR DE ITAKA-ESCOLAPIOS, Premio Haba de Oro 2015 de la Cabalgata de Pamplona-Iru\u00f1a.\"}]},{\"@type\":\"WebSite\",\"@id\":\"https:\\\/\\\/www.itakaescolapios.org\\\/pt\\\/es\\\/#website\",\"url\":\"https:\\\/\\\/www.itakaescolapios.org\\\/pt\\\/es\\\/\",\"name\":\"Itaka-Escolapios\",\"description\":\"Red de Itaka-Escolapios\",\"publisher\":{\"@id\":\"https:\\\/\\\/www.itakaescolapios.org\\\/pt\\\/es\\\/#organization\"},\"potentialAction\":[{\"@type\":\"SearchAction\",\"target\":{\"@type\":\"EntryPoint\",\"urlTemplate\":\"https:\\\/\\\/www.itakaescolapios.org\\\/pt\\\/es\\\/?s={search_term_string}\"},\"query-input\":{\"@type\":\"PropertyValueSpecification\",\"valueRequired\":true,\"valueName\":\"search_term_string\"}}],\"inLanguage\":\"pt-BR\"},{\"@type\":\"Organization\",\"@id\":\"https:\\\/\\\/www.itakaescolapios.org\\\/pt\\\/es\\\/#organization\",\"name\":\"Fundaci\u00f3 Itaka-Escolapios\",\"url\":\"https:\\\/\\\/www.itakaescolapios.org\\\/pt\\\/es\\\/\",\"logo\":{\"@type\":\"ImageObject\",\"inLanguage\":\"pt-BR\",\"@id\":\"https:\\\/\\\/www.itakaescolapios.org\\\/pt\\\/es\\\/#\\\/schema\\\/logo\\\/image\\\/\",\"url\":\"https:\\\/\\\/www.itakaescolapios.org\\\/wp-content\\\/uploads\\\/2024\\\/04\\\/Logo-itakaescolapios-peque.png\",\"contentUrl\":\"https:\\\/\\\/www.itakaescolapios.org\\\/wp-content\\\/uploads\\\/2024\\\/04\\\/Logo-itakaescolapios-peque.png\",\"width\":500,\"height\":199,\"caption\":\"Fundaci\u00f3 Itaka-Escolapios\"},\"image\":{\"@id\":\"https:\\\/\\\/www.itakaescolapios.org\\\/pt\\\/es\\\/#\\\/schema\\\/logo\\\/image\\\/\"}},{\"@type\":\"Person\",\"@id\":\"https:\\\/\\\/www.itakaescolapios.org\\\/es\\\/#\\\/schema\\\/person\\\/a44de70f9a43a90c3e0f59aaaffd61f3\",\"name\":\"pamplona01\",\"url\":\"https:\\\/\\\/www.itakaescolapios.org\\\/pt\\\/author\\\/pamplona01\\\/\"}]}<\/script>\n<!-- \/ Yoast SEO plugin. -->","yoast_head_json":{"title":"IKASKIDE Y LA LABOR DE ITAKA-ESCOLAPIOS, Premio Haba de Oro 2015 de la Cabalgata de Pamplona-Iru\u00f1a.","description":"La Asociaci\u00f3n de la Cabalgata de Reyes Magos de Pamplona-Iru\u00f1a ha concedido a Itaka-Escolapios el \u201cHaba de oro\u201d, un premio con el que se reconoce a una entidad por su labor en favor de la promoci\u00f3n social de los ni\u00f1os y adolescentes. La decisi\u00f3n de a qui\u00e9n se le da este premio, seg\u00fan las bases&hellip;","robots":{"index":"index","follow":"follow","max-snippet":"max-snippet:-1","max-image-preview":"max-image-preview:large","max-video-preview":"max-video-preview:-1"},"canonical":"La Asociaci\u00f3n de la Cabalgata de Reyes Magos de Pamplona-Iru\u00f1a ha concedido a Itaka-Escolapios el \u201cHaba de oro\u201d, un premio con el que se reconoce a una entidad por su labor en favor de la promoci\u00f3n social de los ni\u00f1os y adolescentes. La decisi\u00f3n de a qui\u00e9n se le da este premio, seg\u00fan las bases&hellip;","og_locale":"pt_BR","og_type":"article","og_title":"IKASKIDE Y LA LABOR DE ITAKA-ESCOLAPIOS, Premio Haba de Oro 2015 de la Cabalgata de Pamplona-Iru\u00f1a.","og_description":"La Asociaci\u00f3n de la Cabalgata de Reyes Magos de Pamplona-Iru\u00f1a ha concedido a Itaka-Escolapios el \u201cHaba de oro\u201d, un premio con el que se reconoce a una entidad por su labor en favor de la promoci\u00f3n social de los ni\u00f1os y adolescentes. La decisi\u00f3n de a qui\u00e9n se le da este premio, seg\u00fan las bases&hellip;","og_url":"https:\/\/www.itakaescolapios.org\/pt\/2016\/01\/ikaskide-y-la-labor-de-itaka-escolapios-premio-haba-de-oro-2016-de-la-cabalgata-de-pamplona-iruna\/","og_site_name":"Itaka-Escolapios","article_published_time":"2016-01-03T17:06:54+00:00","article_modified_time":"2023-11-28T11:38:31+00:00","og_image":[{"width":960,"height":538,"url":"https:\/\/www.itakaescolapios.org\/wp-content\/uploads\/2016\/01\/Alfonso.jpg","type":"image\/jpeg"}],"author":"pamplona01","twitter_card":"summary_large_image","twitter_misc":{"Escrito por":"pamplona01","Est. tempo de leitura":"2 minutos"},"schema":{"@context":"https:\/\/schema.org","@graph":[{"@type":"Article","@id":"https:\/\/www.itakaescolapios.org\/pt\/2016\/01\/ikaskide-y-la-labor-de-itaka-escolapios-premio-haba-de-oro-2016-de-la-cabalgata-de-pamplona-iruna\/#article","isPartOf":{"@id":"https:\/\/www.itakaescolapios.org\/pt\/2016\/01\/ikaskide-y-la-labor-de-itaka-escolapios-premio-haba-de-oro-2016-de-la-cabalgata-de-pamplona-iruna\/"},"author":{"name":"pamplona01","@id":"https:\/\/www.itakaescolapios.org\/es\/#\/schema\/person\/a44de70f9a43a90c3e0f59aaaffd61f3"},"headline":"IKASKIDE Y LA LABOR DE ITAKA-ESCOLAPIOS, Premio Haba de Oro 2015 de la Cabalgata de Pamplona-Iru\u00f1a.","datePublished":"2016-01-03T17:06:54+00:00","dateModified":"2023-11-28T11:38:31+00:00","mainEntityOfPage":{"@id":"https:\/\/www.itakaescolapios.org\/pt\/2016\/01\/ikaskide-y-la-labor-de-itaka-escolapios-premio-haba-de-oro-2016-de-la-cabalgata-de-pamplona-iruna\/"},"wordCount":332,"publisher":{"@id":"https:\/\/www.itakaescolapios.org\/es\/#organization"},"image":{"@id":"https:\/\/www.itakaescolapios.org\/pt\/2016\/01\/ikaskide-y-la-labor-de-itaka-escolapios-premio-haba-de-oro-2016-de-la-cabalgata-de-pamplona-iruna\/#primaryimage"},"thumbnailUrl":"https:\/\/www.itakaescolapios.org\/wp-content\/uploads\/2016\/01\/Alfonso.jpg","keywords":["Acci\u00f3n Social","ikaskide","pamplona-iru\u00f1a","voluntariado"],"articleSection":["Pamplona-Iru\u00f1a"],"inLanguage":"pt-BR"},{"@type":"WebPage","@id":"https:\/\/www.itakaescolapios.org\/pt\/2016\/01\/ikaskide-y-la-labor-de-itaka-escolapios-premio-haba-de-oro-2016-de-la-cabalgata-de-pamplona-iruna\/","url":"https:\/\/www.itakaescolapios.org\/pt\/2016\/01\/ikaskide-y-la-labor-de-itaka-escolapios-premio-haba-de-oro-2016-de-la-cabalgata-de-pamplona-iruna\/","name":"IKASKIDE Y LA LABOR DE ITAKA-ESCOLAPIOS, Premio Haba de Oro 2015 de la Cabalgata de Pamplona-Iru\u00f1a. - Itaka-Escolapios","isPartOf":{"@id":"https:\/\/www.itakaescolapios.org\/es\/#website"},"primaryImageOfPage":{"@id":"https:\/\/www.itakaescolapios.org\/pt\/2016\/01\/ikaskide-y-la-labor-de-itaka-escolapios-premio-haba-de-oro-2016-de-la-cabalgata-de-pamplona-iruna\/#primaryimage"},"image":{"@id":"https:\/\/www.itakaescolapios.org\/pt\/2016\/01\/ikaskide-y-la-labor-de-itaka-escolapios-premio-haba-de-oro-2016-de-la-cabalgata-de-pamplona-iruna\/#primaryimage"},"thumbnailUrl":"https:\/\/www.itakaescolapios.org\/wp-content\/uploads\/2016\/01\/Alfonso.jpg","datePublished":"2016-01-03T17:06:54+00:00","dateModified":"2023-11-28T11:38:31+00:00","breadcrumb":{"@id":"https:\/\/www.itakaescolapios.org\/pt\/2016\/01\/ikaskide-y-la-labor-de-itaka-escolapios-premio-haba-de-oro-2016-de-la-cabalgata-de-pamplona-iruna\/#breadcrumb"},"inLanguage":"pt-BR","potentialAction":[{"@type":"ReadAction","target":["https:\/\/www.itakaescolapios.org\/pt\/2016\/01\/ikaskide-y-la-labor-de-itaka-escolapios-premio-haba-de-oro-2016-de-la-cabalgata-de-pamplona-iruna\/"]}]},{"@type":"ImageObject","inLanguage":"pt-BR","@id":"https:\/\/www.itakaescolapios.org\/pt\/2016\/01\/ikaskide-y-la-labor-de-itaka-escolapios-premio-haba-de-oro-2016-de-la-cabalgata-de-pamplona-iruna\/#primaryimage","url":"https:\/\/www.itakaescolapios.org\/wp-content\/uploads\/2016\/01\/Alfonso.jpg","contentUrl":"https:\/\/www.itakaescolapios.org\/wp-content\/uploads\/2016\/01\/Alfonso.jpg","width":960,"height":538},{"@type":"BreadcrumbList","@id":"https:\/\/www.itakaescolapios.org\/pt\/2016\/01\/ikaskide-y-la-labor-de-itaka-escolapios-premio-haba-de-oro-2016-de-la-cabalgata-de-pamplona-iruna\/#breadcrumb","itemListElement":[{"@type":"ListItem","position":1,"name":"Itaka-Escolapios","item":"https:\/\/www.itakaescolapios.org\/es\/"},{"@type":"ListItem","position":2,"name":"IKASKIDE Y LA LABOR DE ITAKA-ESCOLAPIOS, Premio Haba de Oro 2015 de la Cabalgata de Pamplona-Iru\u00f1a."}]},{"@type":"WebSite","@id":"https:\/\/www.itakaescolapios.org\/pt\/es\/#website","url":"https:\/\/www.itakaescolapios.org\/pt\/es\/","name":"Itaka-Escolapios","description":"Red de Itaka-Escolapios","publisher":{"@id":"https:\/\/www.itakaescolapios.org\/pt\/es\/#organization"},"potentialAction":[{"@type":"SearchAction","target":{"@type":"EntryPoint","urlTemplate":"https:\/\/www.itakaescolapios.org\/pt\/es\/?s={search_term_string}"},"query-input":{"@type":"PropertyValueSpecification","valueRequired":true,"valueName":"search_term_string"}}],"inLanguage":"pt-BR"},{"@type":"Organization","@id":"https:\/\/www.itakaescolapios.org\/pt\/es\/#organization","name":"Fundaci\u00f3 Itaka-Escolapios","url":"https:\/\/www.itakaescolapios.org\/pt\/es\/","logo":{"@type":"ImageObject","inLanguage":"pt-BR","@id":"https:\/\/www.itakaescolapios.org\/pt\/es\/#\/schema\/logo\/image\/","url":"https:\/\/www.itakaescolapios.org\/wp-content\/uploads\/2024\/04\/Logo-itakaescolapios-peque.png","contentUrl":"https:\/\/www.itakaescolapios.org\/wp-content\/uploads\/2024\/04\/Logo-itakaescolapios-peque.png","width":500,"height":199,"caption":"Fundaci\u00f3 Itaka-Escolapios"},"image":{"@id":"https:\/\/www.itakaescolapios.org\/pt\/es\/#\/schema\/logo\/image\/"}},{"@type":"Person","@id":"https:\/\/www.itakaescolapios.org\/es\/#\/schema\/person\/a44de70f9a43a90c3e0f59aaaffd61f3","name":"pamplona01","url":"https:\/\/www.itakaescolapios.org\/pt\/author\/pamplona01\/"}]}},"_links":{"self":[{"href":"https:\/\/www.itakaescolapios.org\/pt\/wp-json\/wp\/v2\/posts\/14319","targetHints":{"allow":["GET"]}}],"collection":[{"href":"https:\/\/www.itakaescolapios.org\/pt\/wp-json\/wp\/v2\/posts"}],"about":[{"href":"https:\/\/www.itakaescolapios.org\/pt\/wp-json\/wp\/v2\/types\/post"}],"author":[{"embeddable":true,"href":"https:\/\/www.itakaescolapios.org\/pt\/wp-json\/wp\/v2\/users\/29"}],"replies":[{"embeddable":true,"href":"https:\/\/www.itakaescolapios.org\/pt\/wp-json\/wp\/v2\/comments?post=14319"}],"version-history":[{"count":9,"href":"https:\/\/www.itakaescolapios.org\/pt\/wp-json\/wp\/v2\/posts\/14319\/revisions"}],"predecessor-version":[{"id":48467,"href":"https:\/\/www.itakaescolapios.org\/pt\/wp-json\/wp\/v2\/posts\/14319\/revisions\/48467"}],"wp:featuredmedia":[{"embeddable":true,"href":"https:\/\/www.itakaescolapios.org\/pt\/wp-json\/wp\/v2\/media\/14320"}],"wp:attachment":[{"href":"https:\/\/www.itakaescolapios.org\/pt\/wp-json\/wp\/v2\/media?parent=14319"}],"wp:term":[{"taxonomy":"category","embeddable":true,"href":"https:\/\/www.itakaescolapios.org\/pt\/wp-json\/wp\/v2\/categories?post=14319"},{"taxonomy":"post_tag","embeddable":true,"href":"https:\/\/www.itakaescolapios.org\/pt\/wp-json\/wp\/v2\/tags?post=14319"}],"curies":[{"name":"wp","href":"https:\/\/api.w.org\/{rel}","templated":true}]}}