{"id":14331,"date":"2016-01-11T10:31:22","date_gmt":"2016-01-11T09:31:22","guid":{"rendered":"https:\/\/www.itakaescolapios.org\/?p=14331"},"modified":"2023-11-28T12:38:31","modified_gmt":"2023-11-28T11:38:31","slug":"un-viaje-de-ocho-anos-y-ocho-horas","status":"publish","type":"post","link":"https:\/\/www.itakaescolapios.org\/pt\/2016\/01\/un-viaje-de-ocho-anos-y-ocho-horas\/","title":{"rendered":"Un viaje de ocho a\u00f1os y ocho horas"},"content":{"rendered":"<p>Os dejamos aqu\u00ed el art\u00edculo que Nerea San Esteban , voluntaria de Itaka-Escolapios y estudiante de periodismo, ha escrito recogiendo el testimonio de George, uno de los alumnos de castellano de Ikaskide.<\/p>\n<p>Para leer,<a href=\"http:\/\/stolperstein.es\/2016\/01\/05\/un-viaje-de-ocho-anos-y-ocho-horas\/\"> CLICA AQUI.<\/a><\/p>\n","protected":false},"excerpt":{"rendered":"<p>Os dejamos aqu\u00ed el art\u00edculo que Nerea San Esteban , voluntaria de Itaka-Escolapios y estudiante de periodismo, ha escrito recogiendo el testimonio de George, uno de los alumnos de castellano [&hellip;]<\/p>\n","protected":false},"author":29,"featured_media":14332,"comment_status":"closed","ping_status":"closed","sticky":false,"template":"","format":"standard","meta":{"_et_pb_use_builder":"","_et_pb_old_content":"","_et_gb_content_width":"","footnotes":""},"categories":[20],"tags":[111,71,155],"class_list":["post-14331","post","type-post","status-publish","format-standard","has-post-thumbnail","hentry","category-pamplona-iruna","tag-accion-social","tag-ikaskide","tag-pamplona-iruna-2"],"yoast_head":"<!-- This site is optimized with the Yoast SEO plugin v27.4 - https:\/\/yoast.com\/product\/yoast-seo-wordpress\/ -->\n<title>Un viaje de ocho a\u00f1os y ocho horas<\/title>\n<meta name=\"description\" content=\"Os dejamos aqu\u00ed el art\u00edculo que Nerea San Esteban , voluntaria de Itaka-Escolapios y estudiante de periodismo, ha escrito recogiendo el testimonio de George, uno de los alumnos de castellano de Ikaskide. Para leer, CLICA AQUI.\" \/>\n<meta name=\"robots\" content=\"index, follow, max-snippet:-1, max-image-preview:large, max-video-preview:-1\" \/>\n<link rel=\"canonical\" href=\"http:\/\/Os%20dejamos%20aqu\u00ed%20el%20art\u00edculo%20que%20Nerea%20San%20Esteban%20,%20voluntaria%20de%20Itaka-Escolapios%20y%20estudiante%20de%20periodismo,%20ha%20escrito%20recogiendo%20el%20testimonio%20de%20George,%20uno%20de%20los%20alumnos%20de%20castellano%20de%20Ikaskide.%20Para%20leer,%20CLICA%20AQUI.\" \/>\n<meta property=\"og:locale\" content=\"pt_BR\" \/>\n<meta property=\"og:type\" content=\"article\" \/>\n<meta property=\"og:title\" content=\"Un viaje de ocho a\u00f1os y ocho horas\" \/>\n<meta property=\"og:description\" content=\"Os dejamos aqu\u00ed el art\u00edculo que Nerea San Esteban , voluntaria de Itaka-Escolapios y estudiante de periodismo, ha escrito recogiendo el testimonio de George, uno de los alumnos de castellano de Ikaskide. Para leer, CLICA AQUI.\" \/>\n<meta property=\"og:url\" content=\"https:\/\/www.itakaescolapios.org\/pt\/2016\/01\/un-viaje-de-ocho-anos-y-ocho-horas\/\" \/>\n<meta property=\"og:site_name\" content=\"Itaka-Escolapios\" \/>\n<meta property=\"article:published_time\" content=\"2016-01-11T09:31:22+00:00\" \/>\n<meta property=\"article:modified_time\" content=\"2023-11-28T11:38:31+00:00\" \/>\n<meta property=\"og:image\" content=\"https:\/\/www.itakaescolapios.org\/wp-content\/uploads\/2016\/01\/georgenana_mapa-apaisada.jpg\" \/>\n\t<meta property=\"og:image:width\" content=\"654\" \/>\n\t<meta property=\"og:image:height\" content=\"243\" \/>\n\t<meta property=\"og:image:type\" content=\"image\/jpeg\" \/>\n<meta name=\"author\" content=\"pamplona01\" \/>\n<meta name=\"twitter:card\" content=\"summary_large_image\" \/>\n<meta name=\"twitter:label1\" content=\"Escrito por\" \/>\n\t<meta name=\"twitter:data1\" content=\"pamplona01\" \/>\n<script type=\"application\/ld+json\" class=\"yoast-schema-graph\">{\"@context\":\"https:\\\/\\\/schema.org\",\"@graph\":[{\"@type\":\"Article\",\"@id\":\"https:\\\/\\\/www.itakaescolapios.org\\\/pt\\\/2016\\\/01\\\/un-viaje-de-ocho-anos-y-ocho-horas\\\/#article\",\"isPartOf\":{\"@id\":\"https:\\\/\\\/www.itakaescolapios.org\\\/pt\\\/2016\\\/01\\\/un-viaje-de-ocho-anos-y-ocho-horas\\\/\"},\"author\":{\"name\":\"pamplona01\",\"@id\":\"https:\\\/\\\/www.itakaescolapios.org\\\/es\\\/#\\\/schema\\\/person\\\/a44de70f9a43a90c3e0f59aaaffd61f3\"},\"headline\":\"Un viaje de ocho a\u00f1os y ocho horas\",\"datePublished\":\"2016-01-11T09:31:22+00:00\",\"dateModified\":\"2023-11-28T11:38:31+00:00\",\"mainEntityOfPage\":{\"@id\":\"https:\\\/\\\/www.itakaescolapios.org\\\/pt\\\/2016\\\/01\\\/un-viaje-de-ocho-anos-y-ocho-horas\\\/\"},\"wordCount\":45,\"publisher\":{\"@id\":\"https:\\\/\\\/www.itakaescolapios.org\\\/es\\\/#organization\"},\"image\":{\"@id\":\"https:\\\/\\\/www.itakaescolapios.org\\\/pt\\\/2016\\\/01\\\/un-viaje-de-ocho-anos-y-ocho-horas\\\/#primaryimage\"},\"thumbnailUrl\":\"https:\\\/\\\/www.itakaescolapios.org\\\/wp-content\\\/uploads\\\/2016\\\/01\\\/georgenana_mapa-apaisada.jpg\",\"keywords\":[\"Acci\u00f3n Social\",\"ikaskide\",\"pamplona-iru\u00f1a\"],\"articleSection\":[\"Pamplona-Iru\u00f1a\"],\"inLanguage\":\"pt-BR\"},{\"@type\":\"WebPage\",\"@id\":\"https:\\\/\\\/www.itakaescolapios.org\\\/pt\\\/2016\\\/01\\\/un-viaje-de-ocho-anos-y-ocho-horas\\\/\",\"url\":\"https:\\\/\\\/www.itakaescolapios.org\\\/pt\\\/2016\\\/01\\\/un-viaje-de-ocho-anos-y-ocho-horas\\\/\",\"name\":\"Un viaje de ocho a\u00f1os y ocho horas - Itaka-Escolapios\",\"isPartOf\":{\"@id\":\"https:\\\/\\\/www.itakaescolapios.org\\\/es\\\/#website\"},\"primaryImageOfPage\":{\"@id\":\"https:\\\/\\\/www.itakaescolapios.org\\\/pt\\\/2016\\\/01\\\/un-viaje-de-ocho-anos-y-ocho-horas\\\/#primaryimage\"},\"image\":{\"@id\":\"https:\\\/\\\/www.itakaescolapios.org\\\/pt\\\/2016\\\/01\\\/un-viaje-de-ocho-anos-y-ocho-horas\\\/#primaryimage\"},\"thumbnailUrl\":\"https:\\\/\\\/www.itakaescolapios.org\\\/wp-content\\\/uploads\\\/2016\\\/01\\\/georgenana_mapa-apaisada.jpg\",\"datePublished\":\"2016-01-11T09:31:22+00:00\",\"dateModified\":\"2023-11-28T11:38:31+00:00\",\"breadcrumb\":{\"@id\":\"https:\\\/\\\/www.itakaescolapios.org\\\/pt\\\/2016\\\/01\\\/un-viaje-de-ocho-anos-y-ocho-horas\\\/#breadcrumb\"},\"inLanguage\":\"pt-BR\",\"potentialAction\":[{\"@type\":\"ReadAction\",\"target\":[\"https:\\\/\\\/www.itakaescolapios.org\\\/pt\\\/2016\\\/01\\\/un-viaje-de-ocho-anos-y-ocho-horas\\\/\"]}]},{\"@type\":\"ImageObject\",\"inLanguage\":\"pt-BR\",\"@id\":\"https:\\\/\\\/www.itakaescolapios.org\\\/pt\\\/2016\\\/01\\\/un-viaje-de-ocho-anos-y-ocho-horas\\\/#primaryimage\",\"url\":\"https:\\\/\\\/www.itakaescolapios.org\\\/wp-content\\\/uploads\\\/2016\\\/01\\\/georgenana_mapa-apaisada.jpg\",\"contentUrl\":\"https:\\\/\\\/www.itakaescolapios.org\\\/wp-content\\\/uploads\\\/2016\\\/01\\\/georgenana_mapa-apaisada.jpg\",\"width\":654,\"height\":243},{\"@type\":\"BreadcrumbList\",\"@id\":\"https:\\\/\\\/www.itakaescolapios.org\\\/pt\\\/2016\\\/01\\\/un-viaje-de-ocho-anos-y-ocho-horas\\\/#breadcrumb\",\"itemListElement\":[{\"@type\":\"ListItem\",\"position\":1,\"name\":\"Itaka-Escolapios\",\"item\":\"https:\\\/\\\/www.itakaescolapios.org\\\/es\\\/\"},{\"@type\":\"ListItem\",\"position\":2,\"name\":\"Un viaje de ocho a\u00f1os y ocho horas\"}]},{\"@type\":\"WebSite\",\"@id\":\"https:\\\/\\\/www.itakaescolapios.org\\\/pt\\\/es\\\/#website\",\"url\":\"https:\\\/\\\/www.itakaescolapios.org\\\/pt\\\/es\\\/\",\"name\":\"Itaka-Escolapios\",\"description\":\"Red de Itaka-Escolapios\",\"publisher\":{\"@id\":\"https:\\\/\\\/www.itakaescolapios.org\\\/pt\\\/es\\\/#organization\"},\"potentialAction\":[{\"@type\":\"SearchAction\",\"target\":{\"@type\":\"EntryPoint\",\"urlTemplate\":\"https:\\\/\\\/www.itakaescolapios.org\\\/pt\\\/es\\\/?s={search_term_string}\"},\"query-input\":{\"@type\":\"PropertyValueSpecification\",\"valueRequired\":true,\"valueName\":\"search_term_string\"}}],\"inLanguage\":\"pt-BR\"},{\"@type\":\"Organization\",\"@id\":\"https:\\\/\\\/www.itakaescolapios.org\\\/pt\\\/es\\\/#organization\",\"name\":\"Fundaci\u00f3 Itaka-Escolapios\",\"url\":\"https:\\\/\\\/www.itakaescolapios.org\\\/pt\\\/es\\\/\",\"logo\":{\"@type\":\"ImageObject\",\"inLanguage\":\"pt-BR\",\"@id\":\"https:\\\/\\\/www.itakaescolapios.org\\\/pt\\\/es\\\/#\\\/schema\\\/logo\\\/image\\\/\",\"url\":\"https:\\\/\\\/www.itakaescolapios.org\\\/wp-content\\\/uploads\\\/2024\\\/04\\\/Logo-itakaescolapios-peque.png\",\"contentUrl\":\"https:\\\/\\\/www.itakaescolapios.org\\\/wp-content\\\/uploads\\\/2024\\\/04\\\/Logo-itakaescolapios-peque.png\",\"width\":500,\"height\":199,\"caption\":\"Fundaci\u00f3 Itaka-Escolapios\"},\"image\":{\"@id\":\"https:\\\/\\\/www.itakaescolapios.org\\\/pt\\\/es\\\/#\\\/schema\\\/logo\\\/image\\\/\"}},{\"@type\":\"Person\",\"@id\":\"https:\\\/\\\/www.itakaescolapios.org\\\/es\\\/#\\\/schema\\\/person\\\/a44de70f9a43a90c3e0f59aaaffd61f3\",\"name\":\"pamplona01\",\"url\":\"https:\\\/\\\/www.itakaescolapios.org\\\/pt\\\/author\\\/pamplona01\\\/\"}]}<\/script>\n<!-- \/ Yoast SEO plugin. -->","yoast_head_json":{"title":"Un viaje de ocho a\u00f1os y ocho horas","description":"Os dejamos aqu\u00ed el art\u00edculo que Nerea San Esteban , voluntaria de Itaka-Escolapios y estudiante de periodismo, ha escrito recogiendo el testimonio de George, uno de los alumnos de castellano de Ikaskide. Para leer, CLICA AQUI.","robots":{"index":"index","follow":"follow","max-snippet":"max-snippet:-1","max-image-preview":"max-image-preview:large","max-video-preview":"max-video-preview:-1"},"canonical":"Os dejamos aqu\u00ed el art\u00edculo que Nerea San Esteban , voluntaria de Itaka-Escolapios y estudiante de periodismo, ha escrito recogiendo el testimonio de George, uno de los alumnos de castellano de Ikaskide. Para leer, CLICA AQUI.","og_locale":"pt_BR","og_type":"article","og_title":"Un viaje de ocho a\u00f1os y ocho horas","og_description":"Os dejamos aqu\u00ed el art\u00edculo que Nerea San Esteban , voluntaria de Itaka-Escolapios y estudiante de periodismo, ha escrito recogiendo el testimonio de George, uno de los alumnos de castellano de Ikaskide. Para leer, CLICA AQUI.","og_url":"https:\/\/www.itakaescolapios.org\/pt\/2016\/01\/un-viaje-de-ocho-anos-y-ocho-horas\/","og_site_name":"Itaka-Escolapios","article_published_time":"2016-01-11T09:31:22+00:00","article_modified_time":"2023-11-28T11:38:31+00:00","og_image":[{"width":654,"height":243,"url":"https:\/\/www.itakaescolapios.org\/wp-content\/uploads\/2016\/01\/georgenana_mapa-apaisada.jpg","type":"image\/jpeg"}],"author":"pamplona01","twitter_card":"summary_large_image","twitter_misc":{"Escrito por":"pamplona01"},"schema":{"@context":"https:\/\/schema.org","@graph":[{"@type":"Article","@id":"https:\/\/www.itakaescolapios.org\/pt\/2016\/01\/un-viaje-de-ocho-anos-y-ocho-horas\/#article","isPartOf":{"@id":"https:\/\/www.itakaescolapios.org\/pt\/2016\/01\/un-viaje-de-ocho-anos-y-ocho-horas\/"},"author":{"name":"pamplona01","@id":"https:\/\/www.itakaescolapios.org\/es\/#\/schema\/person\/a44de70f9a43a90c3e0f59aaaffd61f3"},"headline":"Un viaje de ocho a\u00f1os y ocho horas","datePublished":"2016-01-11T09:31:22+00:00","dateModified":"2023-11-28T11:38:31+00:00","mainEntityOfPage":{"@id":"https:\/\/www.itakaescolapios.org\/pt\/2016\/01\/un-viaje-de-ocho-anos-y-ocho-horas\/"},"wordCount":45,"publisher":{"@id":"https:\/\/www.itakaescolapios.org\/es\/#organization"},"image":{"@id":"https:\/\/www.itakaescolapios.org\/pt\/2016\/01\/un-viaje-de-ocho-anos-y-ocho-horas\/#primaryimage"},"thumbnailUrl":"https:\/\/www.itakaescolapios.org\/wp-content\/uploads\/2016\/01\/georgenana_mapa-apaisada.jpg","keywords":["Acci\u00f3n Social","ikaskide","pamplona-iru\u00f1a"],"articleSection":["Pamplona-Iru\u00f1a"],"inLanguage":"pt-BR"},{"@type":"WebPage","@id":"https:\/\/www.itakaescolapios.org\/pt\/2016\/01\/un-viaje-de-ocho-anos-y-ocho-horas\/","url":"https:\/\/www.itakaescolapios.org\/pt\/2016\/01\/un-viaje-de-ocho-anos-y-ocho-horas\/","name":"Un viaje de ocho a\u00f1os y ocho horas - Itaka-Escolapios","isPartOf":{"@id":"https:\/\/www.itakaescolapios.org\/es\/#website"},"primaryImageOfPage":{"@id":"https:\/\/www.itakaescolapios.org\/pt\/2016\/01\/un-viaje-de-ocho-anos-y-ocho-horas\/#primaryimage"},"image":{"@id":"https:\/\/www.itakaescolapios.org\/pt\/2016\/01\/un-viaje-de-ocho-anos-y-ocho-horas\/#primaryimage"},"thumbnailUrl":"https:\/\/www.itakaescolapios.org\/wp-content\/uploads\/2016\/01\/georgenana_mapa-apaisada.jpg","datePublished":"2016-01-11T09:31:22+00:00","dateModified":"2023-11-28T11:38:31+00:00","breadcrumb":{"@id":"https:\/\/www.itakaescolapios.org\/pt\/2016\/01\/un-viaje-de-ocho-anos-y-ocho-horas\/#breadcrumb"},"inLanguage":"pt-BR","potentialAction":[{"@type":"ReadAction","target":["https:\/\/www.itakaescolapios.org\/pt\/2016\/01\/un-viaje-de-ocho-anos-y-ocho-horas\/"]}]},{"@type":"ImageObject","inLanguage":"pt-BR","@id":"https:\/\/www.itakaescolapios.org\/pt\/2016\/01\/un-viaje-de-ocho-anos-y-ocho-horas\/#primaryimage","url":"https:\/\/www.itakaescolapios.org\/wp-content\/uploads\/2016\/01\/georgenana_mapa-apaisada.jpg","contentUrl":"https:\/\/www.itakaescolapios.org\/wp-content\/uploads\/2016\/01\/georgenana_mapa-apaisada.jpg","width":654,"height":243},{"@type":"BreadcrumbList","@id":"https:\/\/www.itakaescolapios.org\/pt\/2016\/01\/un-viaje-de-ocho-anos-y-ocho-horas\/#breadcrumb","itemListElement":[{"@type":"ListItem","position":1,"name":"Itaka-Escolapios","item":"https:\/\/www.itakaescolapios.org\/es\/"},{"@type":"ListItem","position":2,"name":"Un viaje de ocho a\u00f1os y ocho horas"}]},{"@type":"WebSite","@id":"https:\/\/www.itakaescolapios.org\/pt\/es\/#website","url":"https:\/\/www.itakaescolapios.org\/pt\/es\/","name":"Itaka-Escolapios","description":"Red de Itaka-Escolapios","publisher":{"@id":"https:\/\/www.itakaescolapios.org\/pt\/es\/#organization"},"potentialAction":[{"@type":"SearchAction","target":{"@type":"EntryPoint","urlTemplate":"https:\/\/www.itakaescolapios.org\/pt\/es\/?s={search_term_string}"},"query-input":{"@type":"PropertyValueSpecification","valueRequired":true,"valueName":"search_term_string"}}],"inLanguage":"pt-BR"},{"@type":"Organization","@id":"https:\/\/www.itakaescolapios.org\/pt\/es\/#organization","name":"Fundaci\u00f3 Itaka-Escolapios","url":"https:\/\/www.itakaescolapios.org\/pt\/es\/","logo":{"@type":"ImageObject","inLanguage":"pt-BR","@id":"https:\/\/www.itakaescolapios.org\/pt\/es\/#\/schema\/logo\/image\/","url":"https:\/\/www.itakaescolapios.org\/wp-content\/uploads\/2024\/04\/Logo-itakaescolapios-peque.png","contentUrl":"https:\/\/www.itakaescolapios.org\/wp-content\/uploads\/2024\/04\/Logo-itakaescolapios-peque.png","width":500,"height":199,"caption":"Fundaci\u00f3 Itaka-Escolapios"},"image":{"@id":"https:\/\/www.itakaescolapios.org\/pt\/es\/#\/schema\/logo\/image\/"}},{"@type":"Person","@id":"https:\/\/www.itakaescolapios.org\/es\/#\/schema\/person\/a44de70f9a43a90c3e0f59aaaffd61f3","name":"pamplona01","url":"https:\/\/www.itakaescolapios.org\/pt\/author\/pamplona01\/"}]}},"_links":{"self":[{"href":"https:\/\/www.itakaescolapios.org\/pt\/wp-json\/wp\/v2\/posts\/14331","targetHints":{"allow":["GET"]}}],"collection":[{"href":"https:\/\/www.itakaescolapios.org\/pt\/wp-json\/wp\/v2\/posts"}],"about":[{"href":"https:\/\/www.itakaescolapios.org\/pt\/wp-json\/wp\/v2\/types\/post"}],"author":[{"embeddable":true,"href":"https:\/\/www.itakaescolapios.org\/pt\/wp-json\/wp\/v2\/users\/29"}],"replies":[{"embeddable":true,"href":"https:\/\/www.itakaescolapios.org\/pt\/wp-json\/wp\/v2\/comments?post=14331"}],"version-history":[{"count":4,"href":"https:\/\/www.itakaescolapios.org\/pt\/wp-json\/wp\/v2\/posts\/14331\/revisions"}],"predecessor-version":[{"id":48465,"href":"https:\/\/www.itakaescolapios.org\/pt\/wp-json\/wp\/v2\/posts\/14331\/revisions\/48465"}],"wp:featuredmedia":[{"embeddable":true,"href":"https:\/\/www.itakaescolapios.org\/pt\/wp-json\/wp\/v2\/media\/14332"}],"wp:attachment":[{"href":"https:\/\/www.itakaescolapios.org\/pt\/wp-json\/wp\/v2\/media?parent=14331"}],"wp:term":[{"taxonomy":"category","embeddable":true,"href":"https:\/\/www.itakaescolapios.org\/pt\/wp-json\/wp\/v2\/categories?post=14331"},{"taxonomy":"post_tag","embeddable":true,"href":"https:\/\/www.itakaescolapios.org\/pt\/wp-json\/wp\/v2\/tags?post=14331"}],"curies":[{"name":"wp","href":"https:\/\/api.w.org\/{rel}","templated":true}]}}