{"id":15599,"date":"2016-05-02T09:53:00","date_gmt":"2016-05-02T08:53:00","guid":{"rendered":"https:\/\/www.itakaescolapios.org\/?p=15599"},"modified":"2023-11-28T12:38:26","modified_gmt":"2023-11-28T11:38:26","slug":"celebramos-el-final-de-la-campana-de-solidaridad-con-la-caminhada","status":"publish","type":"post","link":"https:\/\/www.itakaescolapios.org\/pt\/2016\/05\/celebramos-el-final-de-la-campana-de-solidaridad-con-la-caminhada\/","title":{"rendered":"Celebramos el final de la campa\u00f1a de solidaridad con la \"Caminhada\""},"content":{"rendered":"<p>El pasado s\u00e1bado celebramos con gran \u00e9xito la XIX Caminhada. Queremos dar las gracias a todas las personas que, otro a\u00f1o m\u00e1s, la hab\u00e9is hecho posible: alumnos y alumnas de los dos colegios escolapios de Pamplona-Iru\u00f1a, profesorado, familias, voluntarios\/as de Itaka-Escolapios, chicos y chicas de los grupos, monitores\/as\u2026<\/p>\n<p>Desafiando a la climatolog\u00eda adversa, y tras unas semanas repletas de actividades en las clases y en los grupos, el pasado s\u00e1bado 30 de abril celebramos esta fiesta solidaria que nos sit\u00faa m\u00e1s cerca de Atamb\u00faa, m\u00e1s cerca del sue\u00f1o de ese Asrama que permitir\u00e1 a tantos chicos y chicas de esta presencia escolapia el acceso a la educaci\u00f3n.<\/p>\n<p>Con el recuerdo fresco de esta XIX Caminhada, seguimos entrenando nuestro coraz\u00f3n para que cada vez sea m\u00e1s solidario, m\u00e1s generoso, m\u00e1s agradecido\u2026 Seguimos \u201cAl encuentro de Atamb\u00faa\u201d, al encuentro de la solidaridad, al encuentro de la educaci\u00f3n para todos y para todas\u2026<\/p>\n<p>Pronto os haremos llegar el dato de dinero recaudado.<\/p>\n<p>Os dejamos el link de un video que resume lo que pudimos vivir el pasado s\u00e1bado:<\/p>\n<p><a href=\"https:\/\/m.youtube.com\/watch?v=pW4hV6sjU8g\" target=\"_blank\" rel=\"noopener\">https:\/\/m.youtube.com\/watch?v=pW4hV6sjU8g<\/a><\/p>\n<p><a href=\"https:\/\/www.itakaescolapios.org\/wp-content\/uploads\/2016\/05\/DSC_0099.jpg\"><img decoding=\"async\" class=\"alignleft size-medium wp-image-15604\" alt=\"DSC_0099\" src=\"https:\/\/www.itakaescolapios.org\/wp-content\/uploads\/2016\/05\/DSC_0099-300x199.jpg\" width=\"300\" height=\"199\" srcset=\"https:\/\/www.itakaescolapios.org\/wp-content\/uploads\/2016\/05\/DSC_0099-300x199.jpg 300w, https:\/\/www.itakaescolapios.org\/wp-content\/uploads\/2016\/05\/DSC_0099-1024x680.jpg 1024w, https:\/\/www.itakaescolapios.org\/wp-content\/uploads\/2016\/05\/DSC_0099-250x166.jpg 250w, https:\/\/www.itakaescolapios.org\/wp-content\/uploads\/2016\/05\/DSC_0099.jpg 2000w\" sizes=\"(max-width: 300px) 100vw, 300px\" \/><\/a> <a href=\"https:\/\/www.itakaescolapios.org\/wp-content\/uploads\/2016\/05\/DSC_0084.jpg\"><img decoding=\"async\" class=\"alignleft size-medium wp-image-15603\" alt=\"DSC_0084\" src=\"https:\/\/www.itakaescolapios.org\/wp-content\/uploads\/2016\/05\/DSC_0084-300x199.jpg\" width=\"300\" height=\"199\" srcset=\"https:\/\/www.itakaescolapios.org\/wp-content\/uploads\/2016\/05\/DSC_0084-300x199.jpg 300w, https:\/\/www.itakaescolapios.org\/wp-content\/uploads\/2016\/05\/DSC_0084-1024x680.jpg 1024w, https:\/\/www.itakaescolapios.org\/wp-content\/uploads\/2016\/05\/DSC_0084-250x166.jpg 250w, https:\/\/www.itakaescolapios.org\/wp-content\/uploads\/2016\/05\/DSC_0084.jpg 2000w\" sizes=\"(max-width: 300px) 100vw, 300px\" \/><\/a> <a href=\"https:\/\/www.itakaescolapios.org\/wp-content\/uploads\/2016\/05\/DSC_0077.jpeg.jpg\"><img decoding=\"async\" class=\"alignleft size-medium wp-image-15602\" alt=\"DSC_0077.jpeg\" src=\"https:\/\/www.itakaescolapios.org\/wp-content\/uploads\/2016\/05\/DSC_0077.jpeg-199x300.jpg\" width=\"199\" height=\"300\" srcset=\"https:\/\/www.itakaescolapios.org\/wp-content\/uploads\/2016\/05\/DSC_0077.jpeg-199x300.jpg 199w, https:\/\/www.itakaescolapios.org\/wp-content\/uploads\/2016\/05\/DSC_0077.jpeg-680x1024.jpg 680w, https:\/\/www.itakaescolapios.org\/wp-content\/uploads\/2016\/05\/DSC_0077.jpeg-250x376.jpg 250w, https:\/\/www.itakaescolapios.org\/wp-content\/uploads\/2016\/05\/DSC_0077.jpeg.jpg 996w\" sizes=\"(max-width: 199px) 100vw, 199px\" \/><\/a><\/p>\n","protected":false},"excerpt":{"rendered":"<p>El pasado s\u00e1bado celebramos con gran \u00e9xito la XIX Caminhada. Queremos dar las gracias a todas las personas que, otro a\u00f1o m\u00e1s, la hab\u00e9is hecho posible: alumnos y alumnas de [&hellip;]<\/p>\n","protected":false},"author":29,"featured_media":15600,"comment_status":"closed","ping_status":"closed","sticky":false,"template":"","format":"standard","meta":{"_et_pb_use_builder":"","_et_pb_old_content":"","_et_gb_content_width":"","footnotes":""},"categories":[20],"tags":[78,155,43],"class_list":["post-15599","post","type-post","status-publish","format-standard","has-post-thumbnail","hentry","category-pamplona-iruna","tag-campana","tag-pamplona-iruna-2","tag-solidaridad"],"yoast_head":"<!-- This site is optimized with the Yoast SEO plugin v27.4 - https:\/\/yoast.com\/product\/yoast-seo-wordpress\/ -->\n<title>Celebramos el final de la campa\u00f1a de solidaridad con la &quot;Caminhada&quot;<\/title>\n<meta name=\"description\" content=\"El pasado s\u00e1bado celebramos con gran \u00e9xito la XIX Caminhada. Queremos dar las gracias a todas las personas que, otro a\u00f1o m\u00e1s, la hab\u00e9is hecho posible: alumnos y alumnas de los dos colegios escolapios de Pamplona-Iru\u00f1a, profesorado, familias, voluntarios\/as de Itaka-Escolapios, chicos y chicas de los grupos, monitores\/as\u2026 Desafiando a la climatolog\u00eda adversa, y tras&hellip;\" \/>\n<meta name=\"robots\" content=\"index, follow, max-snippet:-1, max-image-preview:large, max-video-preview:-1\" \/>\n<link rel=\"canonical\" href=\"\" \/>\n<meta property=\"og:locale\" content=\"pt_BR\" \/>\n<meta property=\"og:type\" content=\"article\" \/>\n<meta property=\"og:title\" content=\"Celebramos el final de la campa\u00f1a de solidaridad con la &quot;Caminhada&quot;\" \/>\n<meta property=\"og:description\" content=\"El pasado s\u00e1bado celebramos con gran \u00e9xito la XIX Caminhada. Queremos dar las gracias a todas las personas que, otro a\u00f1o m\u00e1s, la hab\u00e9is hecho posible: alumnos y alumnas de los dos colegios escolapios de Pamplona-Iru\u00f1a, profesorado, familias, voluntarios\/as de Itaka-Escolapios, chicos y chicas de los grupos, monitores\/as\u2026 Desafiando a la climatolog\u00eda adversa, y tras&hellip;\" \/>\n<meta property=\"og:url\" content=\"https:\/\/www.itakaescolapios.org\/pt\/2016\/05\/celebramos-el-final-de-la-campana-de-solidaridad-con-la-caminhada\/\" \/>\n<meta property=\"og:site_name\" content=\"Itaka-Escolapios\" \/>\n<meta property=\"article:published_time\" content=\"2016-05-02T08:53:00+00:00\" \/>\n<meta property=\"article:modified_time\" content=\"2023-11-28T11:38:26+00:00\" \/>\n<meta property=\"og:image\" content=\"https:\/\/www.itakaescolapios.org\/wp-content\/uploads\/2016\/05\/DSC_0234.jpg\" \/>\n\t<meta property=\"og:image:width\" content=\"2000\" \/>\n\t<meta property=\"og:image:height\" content=\"1328\" \/>\n\t<meta property=\"og:image:type\" content=\"image\/jpeg\" \/>\n<meta name=\"author\" content=\"pamplona01\" \/>\n<meta name=\"twitter:card\" content=\"summary_large_image\" \/>\n<meta name=\"twitter:label1\" content=\"Escrito por\" \/>\n\t<meta name=\"twitter:data1\" content=\"pamplona01\" \/>\n\t<meta name=\"twitter:label2\" content=\"Est. tempo de leitura\" \/>\n\t<meta name=\"twitter:data2\" content=\"1 minuto\" \/>\n<script type=\"application\/ld+json\" class=\"yoast-schema-graph\">{\"@context\":\"https:\\\/\\\/schema.org\",\"@graph\":[{\"@type\":\"Article\",\"@id\":\"https:\\\/\\\/www.itakaescolapios.org\\\/pt\\\/2016\\\/05\\\/celebramos-el-final-de-la-campana-de-solidaridad-con-la-caminhada\\\/#article\",\"isPartOf\":{\"@id\":\"https:\\\/\\\/www.itakaescolapios.org\\\/pt\\\/2016\\\/05\\\/celebramos-el-final-de-la-campana-de-solidaridad-con-la-caminhada\\\/\"},\"author\":{\"name\":\"pamplona01\",\"@id\":\"https:\\\/\\\/www.itakaescolapios.org\\\/es\\\/#\\\/schema\\\/person\\\/a44de70f9a43a90c3e0f59aaaffd61f3\"},\"headline\":\"Celebramos el final de la campa\u00f1a de solidaridad con la \\\"Caminhada\\\"\",\"datePublished\":\"2016-05-02T08:53:00+00:00\",\"dateModified\":\"2023-11-28T11:38:26+00:00\",\"mainEntityOfPage\":{\"@id\":\"https:\\\/\\\/www.itakaescolapios.org\\\/pt\\\/2016\\\/05\\\/celebramos-el-final-de-la-campana-de-solidaridad-con-la-caminhada\\\/\"},\"wordCount\":218,\"publisher\":{\"@id\":\"https:\\\/\\\/www.itakaescolapios.org\\\/es\\\/#organization\"},\"image\":{\"@id\":\"https:\\\/\\\/www.itakaescolapios.org\\\/pt\\\/2016\\\/05\\\/celebramos-el-final-de-la-campana-de-solidaridad-con-la-caminhada\\\/#primaryimage\"},\"thumbnailUrl\":\"https:\\\/\\\/www.itakaescolapios.org\\\/wp-content\\\/uploads\\\/2016\\\/05\\\/DSC_0234.jpg\",\"keywords\":[\"Campa\u00f1a\",\"pamplona-iru\u00f1a\",\"Solidaridad\"],\"articleSection\":[\"Pamplona-Iru\u00f1a\"],\"inLanguage\":\"pt-BR\"},{\"@type\":\"WebPage\",\"@id\":\"https:\\\/\\\/www.itakaescolapios.org\\\/pt\\\/2016\\\/05\\\/celebramos-el-final-de-la-campana-de-solidaridad-con-la-caminhada\\\/\",\"url\":\"https:\\\/\\\/www.itakaescolapios.org\\\/pt\\\/2016\\\/05\\\/celebramos-el-final-de-la-campana-de-solidaridad-con-la-caminhada\\\/\",\"name\":\"Celebramos el final de la campa\u00f1a de solidaridad con la \\\"Caminhada\\\" - Itaka-Escolapios\",\"isPartOf\":{\"@id\":\"https:\\\/\\\/www.itakaescolapios.org\\\/es\\\/#website\"},\"primaryImageOfPage\":{\"@id\":\"https:\\\/\\\/www.itakaescolapios.org\\\/pt\\\/2016\\\/05\\\/celebramos-el-final-de-la-campana-de-solidaridad-con-la-caminhada\\\/#primaryimage\"},\"image\":{\"@id\":\"https:\\\/\\\/www.itakaescolapios.org\\\/pt\\\/2016\\\/05\\\/celebramos-el-final-de-la-campana-de-solidaridad-con-la-caminhada\\\/#primaryimage\"},\"thumbnailUrl\":\"https:\\\/\\\/www.itakaescolapios.org\\\/wp-content\\\/uploads\\\/2016\\\/05\\\/DSC_0234.jpg\",\"datePublished\":\"2016-05-02T08:53:00+00:00\",\"dateModified\":\"2023-11-28T11:38:26+00:00\",\"breadcrumb\":{\"@id\":\"https:\\\/\\\/www.itakaescolapios.org\\\/pt\\\/2016\\\/05\\\/celebramos-el-final-de-la-campana-de-solidaridad-con-la-caminhada\\\/#breadcrumb\"},\"inLanguage\":\"pt-BR\",\"potentialAction\":[{\"@type\":\"ReadAction\",\"target\":[\"https:\\\/\\\/www.itakaescolapios.org\\\/pt\\\/2016\\\/05\\\/celebramos-el-final-de-la-campana-de-solidaridad-con-la-caminhada\\\/\"]}]},{\"@type\":\"ImageObject\",\"inLanguage\":\"pt-BR\",\"@id\":\"https:\\\/\\\/www.itakaescolapios.org\\\/pt\\\/2016\\\/05\\\/celebramos-el-final-de-la-campana-de-solidaridad-con-la-caminhada\\\/#primaryimage\",\"url\":\"https:\\\/\\\/www.itakaescolapios.org\\\/wp-content\\\/uploads\\\/2016\\\/05\\\/DSC_0234.jpg\",\"contentUrl\":\"https:\\\/\\\/www.itakaescolapios.org\\\/wp-content\\\/uploads\\\/2016\\\/05\\\/DSC_0234.jpg\",\"width\":2000,\"height\":1328},{\"@type\":\"BreadcrumbList\",\"@id\":\"https:\\\/\\\/www.itakaescolapios.org\\\/pt\\\/2016\\\/05\\\/celebramos-el-final-de-la-campana-de-solidaridad-con-la-caminhada\\\/#breadcrumb\",\"itemListElement\":[{\"@type\":\"ListItem\",\"position\":1,\"name\":\"Itaka-Escolapios\",\"item\":\"https:\\\/\\\/www.itakaescolapios.org\\\/es\\\/\"},{\"@type\":\"ListItem\",\"position\":2,\"name\":\"Celebramos el final de la campa\u00f1a de solidaridad con la \\\"Caminhada\\\"\"}]},{\"@type\":\"WebSite\",\"@id\":\"https:\\\/\\\/www.itakaescolapios.org\\\/pt\\\/es\\\/#website\",\"url\":\"https:\\\/\\\/www.itakaescolapios.org\\\/pt\\\/es\\\/\",\"name\":\"Itaka-Escolapios\",\"description\":\"Red de Itaka-Escolapios\",\"publisher\":{\"@id\":\"https:\\\/\\\/www.itakaescolapios.org\\\/pt\\\/es\\\/#organization\"},\"potentialAction\":[{\"@type\":\"SearchAction\",\"target\":{\"@type\":\"EntryPoint\",\"urlTemplate\":\"https:\\\/\\\/www.itakaescolapios.org\\\/pt\\\/es\\\/?s={search_term_string}\"},\"query-input\":{\"@type\":\"PropertyValueSpecification\",\"valueRequired\":true,\"valueName\":\"search_term_string\"}}],\"inLanguage\":\"pt-BR\"},{\"@type\":\"Organization\",\"@id\":\"https:\\\/\\\/www.itakaescolapios.org\\\/pt\\\/es\\\/#organization\",\"name\":\"Fundaci\u00f3 Itaka-Escolapios\",\"url\":\"https:\\\/\\\/www.itakaescolapios.org\\\/pt\\\/es\\\/\",\"logo\":{\"@type\":\"ImageObject\",\"inLanguage\":\"pt-BR\",\"@id\":\"https:\\\/\\\/www.itakaescolapios.org\\\/pt\\\/es\\\/#\\\/schema\\\/logo\\\/image\\\/\",\"url\":\"https:\\\/\\\/www.itakaescolapios.org\\\/wp-content\\\/uploads\\\/2024\\\/04\\\/Logo-itakaescolapios-peque.png\",\"contentUrl\":\"https:\\\/\\\/www.itakaescolapios.org\\\/wp-content\\\/uploads\\\/2024\\\/04\\\/Logo-itakaescolapios-peque.png\",\"width\":500,\"height\":199,\"caption\":\"Fundaci\u00f3 Itaka-Escolapios\"},\"image\":{\"@id\":\"https:\\\/\\\/www.itakaescolapios.org\\\/pt\\\/es\\\/#\\\/schema\\\/logo\\\/image\\\/\"}},{\"@type\":\"Person\",\"@id\":\"https:\\\/\\\/www.itakaescolapios.org\\\/es\\\/#\\\/schema\\\/person\\\/a44de70f9a43a90c3e0f59aaaffd61f3\",\"name\":\"pamplona01\",\"url\":\"https:\\\/\\\/www.itakaescolapios.org\\\/pt\\\/author\\\/pamplona01\\\/\"}]}<\/script>\n<!-- \/ Yoast SEO plugin. -->","yoast_head_json":{"title":"Celebramos el final de la campa\u00f1a de solidaridad con la \"Caminhada\"","description":"El pasado s\u00e1bado celebramos con gran \u00e9xito la XIX Caminhada. Queremos dar las gracias a todas las personas que, otro a\u00f1o m\u00e1s, la hab\u00e9is hecho posible: alumnos y alumnas de los dos colegios escolapios de Pamplona-Iru\u00f1a, profesorado, familias, voluntarios\/as de Itaka-Escolapios, chicos y chicas de los grupos, monitores\/as\u2026 Desafiando a la climatolog\u00eda adversa, y tras&hellip;","robots":{"index":"index","follow":"follow","max-snippet":"max-snippet:-1","max-image-preview":"max-image-preview:large","max-video-preview":"max-video-preview:-1"},"canonical":"El pasado s\u00e1bado celebramos con gran \u00e9xito la XIX Caminhada. Queremos dar las gracias a todas las personas que, otro a\u00f1o m\u00e1s, la hab\u00e9is hecho posible: alumnos y alumnas de los dos colegios escolapios de Pamplona-Iru\u00f1a, profesorado, familias, voluntarios\/as de Itaka-Escolapios, chicos y chicas de los grupos, monitores\/as\u2026 Desafiando a la climatolog\u00eda adversa, y tras&hellip;","og_locale":"pt_BR","og_type":"article","og_title":"Celebramos el final de la campa\u00f1a de solidaridad con la \"Caminhada\"","og_description":"El pasado s\u00e1bado celebramos con gran \u00e9xito la XIX Caminhada. Queremos dar las gracias a todas las personas que, otro a\u00f1o m\u00e1s, la hab\u00e9is hecho posible: alumnos y alumnas de los dos colegios escolapios de Pamplona-Iru\u00f1a, profesorado, familias, voluntarios\/as de Itaka-Escolapios, chicos y chicas de los grupos, monitores\/as\u2026 Desafiando a la climatolog\u00eda adversa, y tras&hellip;","og_url":"https:\/\/www.itakaescolapios.org\/pt\/2016\/05\/celebramos-el-final-de-la-campana-de-solidaridad-con-la-caminhada\/","og_site_name":"Itaka-Escolapios","article_published_time":"2016-05-02T08:53:00+00:00","article_modified_time":"2023-11-28T11:38:26+00:00","og_image":[{"width":2000,"height":1328,"url":"https:\/\/www.itakaescolapios.org\/wp-content\/uploads\/2016\/05\/DSC_0234.jpg","type":"image\/jpeg"}],"author":"pamplona01","twitter_card":"summary_large_image","twitter_misc":{"Escrito por":"pamplona01","Est. tempo de leitura":"1 minuto"},"schema":{"@context":"https:\/\/schema.org","@graph":[{"@type":"Article","@id":"https:\/\/www.itakaescolapios.org\/pt\/2016\/05\/celebramos-el-final-de-la-campana-de-solidaridad-con-la-caminhada\/#article","isPartOf":{"@id":"https:\/\/www.itakaescolapios.org\/pt\/2016\/05\/celebramos-el-final-de-la-campana-de-solidaridad-con-la-caminhada\/"},"author":{"name":"pamplona01","@id":"https:\/\/www.itakaescolapios.org\/es\/#\/schema\/person\/a44de70f9a43a90c3e0f59aaaffd61f3"},"headline":"Celebramos el final de la campa\u00f1a de solidaridad con la \"Caminhada\"","datePublished":"2016-05-02T08:53:00+00:00","dateModified":"2023-11-28T11:38:26+00:00","mainEntityOfPage":{"@id":"https:\/\/www.itakaescolapios.org\/pt\/2016\/05\/celebramos-el-final-de-la-campana-de-solidaridad-con-la-caminhada\/"},"wordCount":218,"publisher":{"@id":"https:\/\/www.itakaescolapios.org\/es\/#organization"},"image":{"@id":"https:\/\/www.itakaescolapios.org\/pt\/2016\/05\/celebramos-el-final-de-la-campana-de-solidaridad-con-la-caminhada\/#primaryimage"},"thumbnailUrl":"https:\/\/www.itakaescolapios.org\/wp-content\/uploads\/2016\/05\/DSC_0234.jpg","keywords":["Campa\u00f1a","pamplona-iru\u00f1a","Solidaridad"],"articleSection":["Pamplona-Iru\u00f1a"],"inLanguage":"pt-BR"},{"@type":"WebPage","@id":"https:\/\/www.itakaescolapios.org\/pt\/2016\/05\/celebramos-el-final-de-la-campana-de-solidaridad-con-la-caminhada\/","url":"https:\/\/www.itakaescolapios.org\/pt\/2016\/05\/celebramos-el-final-de-la-campana-de-solidaridad-con-la-caminhada\/","name":"Celebramos el final de la campa\u00f1a de solidaridad con la \"Caminhada\" - Itaka-Escolapios","isPartOf":{"@id":"https:\/\/www.itakaescolapios.org\/es\/#website"},"primaryImageOfPage":{"@id":"https:\/\/www.itakaescolapios.org\/pt\/2016\/05\/celebramos-el-final-de-la-campana-de-solidaridad-con-la-caminhada\/#primaryimage"},"image":{"@id":"https:\/\/www.itakaescolapios.org\/pt\/2016\/05\/celebramos-el-final-de-la-campana-de-solidaridad-con-la-caminhada\/#primaryimage"},"thumbnailUrl":"https:\/\/www.itakaescolapios.org\/wp-content\/uploads\/2016\/05\/DSC_0234.jpg","datePublished":"2016-05-02T08:53:00+00:00","dateModified":"2023-11-28T11:38:26+00:00","breadcrumb":{"@id":"https:\/\/www.itakaescolapios.org\/pt\/2016\/05\/celebramos-el-final-de-la-campana-de-solidaridad-con-la-caminhada\/#breadcrumb"},"inLanguage":"pt-BR","potentialAction":[{"@type":"ReadAction","target":["https:\/\/www.itakaescolapios.org\/pt\/2016\/05\/celebramos-el-final-de-la-campana-de-solidaridad-con-la-caminhada\/"]}]},{"@type":"ImageObject","inLanguage":"pt-BR","@id":"https:\/\/www.itakaescolapios.org\/pt\/2016\/05\/celebramos-el-final-de-la-campana-de-solidaridad-con-la-caminhada\/#primaryimage","url":"https:\/\/www.itakaescolapios.org\/wp-content\/uploads\/2016\/05\/DSC_0234.jpg","contentUrl":"https:\/\/www.itakaescolapios.org\/wp-content\/uploads\/2016\/05\/DSC_0234.jpg","width":2000,"height":1328},{"@type":"BreadcrumbList","@id":"https:\/\/www.itakaescolapios.org\/pt\/2016\/05\/celebramos-el-final-de-la-campana-de-solidaridad-con-la-caminhada\/#breadcrumb","itemListElement":[{"@type":"ListItem","position":1,"name":"Itaka-Escolapios","item":"https:\/\/www.itakaescolapios.org\/es\/"},{"@type":"ListItem","position":2,"name":"Celebramos el final de la campa\u00f1a de solidaridad con la \"Caminhada\""}]},{"@type":"WebSite","@id":"https:\/\/www.itakaescolapios.org\/pt\/es\/#website","url":"https:\/\/www.itakaescolapios.org\/pt\/es\/","name":"Itaka-Escolapios","description":"Red de Itaka-Escolapios","publisher":{"@id":"https:\/\/www.itakaescolapios.org\/pt\/es\/#organization"},"potentialAction":[{"@type":"SearchAction","target":{"@type":"EntryPoint","urlTemplate":"https:\/\/www.itakaescolapios.org\/pt\/es\/?s={search_term_string}"},"query-input":{"@type":"PropertyValueSpecification","valueRequired":true,"valueName":"search_term_string"}}],"inLanguage":"pt-BR"},{"@type":"Organization","@id":"https:\/\/www.itakaescolapios.org\/pt\/es\/#organization","name":"Fundaci\u00f3 Itaka-Escolapios","url":"https:\/\/www.itakaescolapios.org\/pt\/es\/","logo":{"@type":"ImageObject","inLanguage":"pt-BR","@id":"https:\/\/www.itakaescolapios.org\/pt\/es\/#\/schema\/logo\/image\/","url":"https:\/\/www.itakaescolapios.org\/wp-content\/uploads\/2024\/04\/Logo-itakaescolapios-peque.png","contentUrl":"https:\/\/www.itakaescolapios.org\/wp-content\/uploads\/2024\/04\/Logo-itakaescolapios-peque.png","width":500,"height":199,"caption":"Fundaci\u00f3 Itaka-Escolapios"},"image":{"@id":"https:\/\/www.itakaescolapios.org\/pt\/es\/#\/schema\/logo\/image\/"}},{"@type":"Person","@id":"https:\/\/www.itakaescolapios.org\/es\/#\/schema\/person\/a44de70f9a43a90c3e0f59aaaffd61f3","name":"pamplona01","url":"https:\/\/www.itakaescolapios.org\/pt\/author\/pamplona01\/"}]}},"_links":{"self":[{"href":"https:\/\/www.itakaescolapios.org\/pt\/wp-json\/wp\/v2\/posts\/15599","targetHints":{"allow":["GET"]}}],"collection":[{"href":"https:\/\/www.itakaescolapios.org\/pt\/wp-json\/wp\/v2\/posts"}],"about":[{"href":"https:\/\/www.itakaescolapios.org\/pt\/wp-json\/wp\/v2\/types\/post"}],"author":[{"embeddable":true,"href":"https:\/\/www.itakaescolapios.org\/pt\/wp-json\/wp\/v2\/users\/29"}],"replies":[{"embeddable":true,"href":"https:\/\/www.itakaescolapios.org\/pt\/wp-json\/wp\/v2\/comments?post=15599"}],"version-history":[{"count":5,"href":"https:\/\/www.itakaescolapios.org\/pt\/wp-json\/wp\/v2\/posts\/15599\/revisions"}],"predecessor-version":[{"id":48327,"href":"https:\/\/www.itakaescolapios.org\/pt\/wp-json\/wp\/v2\/posts\/15599\/revisions\/48327"}],"wp:featuredmedia":[{"embeddable":true,"href":"https:\/\/www.itakaescolapios.org\/pt\/wp-json\/wp\/v2\/media\/15600"}],"wp:attachment":[{"href":"https:\/\/www.itakaescolapios.org\/pt\/wp-json\/wp\/v2\/media?parent=15599"}],"wp:term":[{"taxonomy":"category","embeddable":true,"href":"https:\/\/www.itakaescolapios.org\/pt\/wp-json\/wp\/v2\/categories?post=15599"},{"taxonomy":"post_tag","embeddable":true,"href":"https:\/\/www.itakaescolapios.org\/pt\/wp-json\/wp\/v2\/tags?post=15599"}],"curies":[{"name":"wp","href":"https:\/\/api.w.org\/{rel}","templated":true}]}}