{"id":16035,"date":"2016-07-20T12:30:24","date_gmt":"2016-07-20T11:30:24","guid":{"rendered":"https:\/\/www.itakaescolapios.org\/?p=16035"},"modified":"2023-11-28T12:38:23","modified_gmt":"2023-11-28T11:38:23","slug":"concierto-benefico-en-el-fex","status":"publish","type":"post","link":"https:\/\/www.itakaescolapios.org\/pt\/2016\/07\/concierto-benefico-en-el-fex\/","title":{"rendered":"Concierto ben\u00e9fico en el FEX"},"content":{"rendered":"<p>El Festival\u00a0Internacional de M\u00fasica y\u00a0Danza de Granada (FEX), en colaboraci\u00f3n con\u00a0el Ayuntamiento de Granada, convoca\u00a0seis conciertos solidarios. Este a\u00f1o la Fundaci\u00f3n\u00a0Itaka &#8211; Escolapios ha sido seleccionada para llevar a cabo uno de los conciertos solidarios. El\u00a0reconocido\u00a0Tr\u00edo Alb\u00e9niz de Granada ha colaborado con Itaka-Escolapios para organizar\u00a0este concierto, con Jos\u00e9 Luis Recuerda, Ismael Ramos y Jos\u00e9 Armillas, que ha tenido lugar en el patio del Ayuntamiento de Granada el\u00a026 de junio. La cantidad recaudada en la venta de entradas y aportaciones para fila\u00a00\u00a0ha sido de 2.474\u20ac\u00a0a beneficio de Itaka &#8211; Escolapios. Muchas gracias a todos los participantes, as\u00ed como al Tr\u00edo Alb\u00e9niz de forma especial por esta colaboraci\u00f3n, al\u00a0FEX y al Ayuntamiento\u00a0de Granada.<\/p>\n\n\t\t<style type=\"text\/css\">\n\t\t\t#gallery-1 {\n\t\t\t\tmargin: auto;\n\t\t\t}\n\t\t\t#gallery-1 .gallery-item {\n\t\t\t\tfloat: left;\n\t\t\t\tmargin-top: 10px;\n\t\t\t\ttext-align: center;\n\t\t\t\twidth: 33%;\n\t\t\t}\n\t\t\t#gallery-1 img {\n\t\t\t\tborder: 2px solid #cfcfcf;\n\t\t\t}\n\t\t\t#gallery-1 .gallery-caption {\n\t\t\t\tmargin-left: 0;\n\t\t\t}\n\t\t\t\/* see gallery_shortcode() in wp-includes\/media.php *\/\n\t\t<\/style>\n\t\t<div id='gallery-1' class='gallery galleryid-16035 gallery-columns-3 gallery-size-thumbnail'><dl class='gallery-item'>\n\t\t\t<dt class='gallery-icon portrait'>\n\t\t\t\t<a href='https:\/\/www.itakaescolapios.org\/pt\/2016\/07\/concierto-benefico-en-el-fex\/img-20160625-wa0011\/'><img decoding=\"async\" width=\"90\" height=\"90\" src=\"https:\/\/www.itakaescolapios.org\/wp-content\/uploads\/2016\/07\/IMG-20160625-WA0011-90x90.jpg\" class=\"attachment-thumbnail size-thumbnail\" alt=\"\" \/><\/a>\n\t\t\t<\/dt><\/dl><dl class='gallery-item'>\n\t\t\t<dt class='gallery-icon landscape'>\n\t\t\t\t<a href='https:\/\/www.itakaescolapios.org\/pt\/2016\/07\/concierto-benefico-en-el-fex\/img-20160627-wa0004\/'><img decoding=\"async\" width=\"90\" height=\"90\" src=\"https:\/\/www.itakaescolapios.org\/wp-content\/uploads\/2016\/07\/IMG-20160627-WA0004-90x90.jpg\" class=\"attachment-thumbnail size-thumbnail\" alt=\"\" \/><\/a>\n\t\t\t<\/dt><\/dl><dl class='gallery-item'>\n\t\t\t<dt class='gallery-icon landscape'>\n\t\t\t\t<a href='https:\/\/www.itakaescolapios.org\/pt\/2016\/07\/concierto-benefico-en-el-fex\/wp_20160626_21_35_19_pro\/'><img decoding=\"async\" width=\"90\" height=\"90\" src=\"https:\/\/www.itakaescolapios.org\/wp-content\/uploads\/2016\/07\/WP_20160626_21_35_19_Pro-90x90.jpg\" class=\"attachment-thumbnail size-thumbnail\" alt=\"\" \/><\/a>\n\t\t\t<\/dt><\/dl><br style=\"clear: both\" \/><dl class='gallery-item'>\n\t\t\t<dt class='gallery-icon landscape'>\n\t\t\t\t<a href='https:\/\/www.itakaescolapios.org\/pt\/2016\/07\/concierto-benefico-en-el-fex\/wp_20160626_21_35_43_pro\/'><img decoding=\"async\" width=\"90\" height=\"90\" src=\"https:\/\/www.itakaescolapios.org\/wp-content\/uploads\/2016\/07\/WP_20160626_21_35_43_Pro-90x90.jpg\" class=\"attachment-thumbnail size-thumbnail\" alt=\"\" \/><\/a>\n\t\t\t<\/dt><\/dl><dl class='gallery-item'>\n\t\t\t<dt class='gallery-icon landscape'>\n\t\t\t\t<a href='https:\/\/www.itakaescolapios.org\/pt\/2016\/07\/concierto-benefico-en-el-fex\/wp_20160626_21_37_20_pro\/'><img decoding=\"async\" width=\"90\" height=\"90\" src=\"https:\/\/www.itakaescolapios.org\/wp-content\/uploads\/2016\/07\/WP_20160626_21_37_20_Pro-90x90.jpg\" class=\"attachment-thumbnail size-thumbnail\" alt=\"\" \/><\/a>\n\t\t\t<\/dt><\/dl>\n\t\t\t<br style='clear: both' \/>\n\t\t<\/div>\n\n","protected":false},"excerpt":{"rendered":"<p>El Festival\u00a0Internacional de M\u00fasica y\u00a0Danza de Granada (FEX), en colaboraci\u00f3n con\u00a0el Ayuntamiento de Granada, convoca\u00a0seis conciertos solidarios. Este a\u00f1o la Fundaci\u00f3n\u00a0Itaka &#8211; Escolapios ha sido seleccionada para llevar a cabo [&hellip;]<\/p>\n","protected":false},"author":25,"featured_media":16038,"comment_status":"closed","ping_status":"closed","sticky":false,"template":"","format":"standard","meta":{"_et_pb_use_builder":"","_et_pb_old_content":"","_et_gb_content_width":"","footnotes":""},"categories":[11],"tags":[229,410,228],"class_list":["post-16035","post","type-post","status-publish","format-standard","has-post-thumbnail","hentry","category-granada","tag-fex","tag-granada","tag-musica"],"yoast_head":"<!-- This site is optimized with the Yoast SEO plugin v27.4 - https:\/\/yoast.com\/product\/yoast-seo-wordpress\/ -->\n<title>Concierto ben\u00e9fico en el FEX<\/title>\n<meta name=\"description\" content=\"El Festival\u00a0Internacional de M\u00fasica y\u00a0Danza de Granada (FEX), en colaboraci\u00f3n con\u00a0el Ayuntamiento de Granada, convoca\u00a0seis conciertos solidarios. Este a\u00f1o la Fundaci\u00f3n\u00a0Itaka - Escolapios ha sido seleccionada para llevar a cabo uno de los conciertos solidarios. El\u00a0reconocido\u00a0Tr\u00edo Alb\u00e9niz de Granada ha colaborado con Itaka-Escolapios para organizar\u00a0este concierto, con Jos\u00e9 Luis Recuerda, Ismael Ramos y Jos\u00e9 Armillas,&hellip;\" \/>\n<meta name=\"robots\" content=\"index, follow, max-snippet:-1, max-image-preview:large, max-video-preview:-1\" \/>\n<link rel=\"canonical\" href=\"http:\/\/El%20Festival\u00a0Internacional%20de%20M\u00fasica%20y\u00a0Danza%20de%20Granada%20(FEX),%20en%20colaboraci\u00f3n%20con\u00a0el%20Ayuntamiento%20de%20Granada,%20convoca\u00a0seis%20conciertos%20solidarios.%20Este%20a\u00f1o%20la%20Fundaci\u00f3n\u00a0Itaka%20-%20Escolapios%20ha%20sido%20seleccionada%20para%20llevar%20a%20cabo%20uno%20de%20los%20conciertos%20solidarios.%20El\u00a0reconocido\u00a0Tr\u00edo%20Alb\u00e9niz%20de%20Granada%20ha%20colaborado%20con%20Itaka-Escolapios%20para%20organizar\u00a0este%20concierto,%20con%20Jos\u00e9%20Luis%20Recuerda,%20Ismael%20Ramos%20y%20Jos\u00e9%20Armillas,&hellip;\" \/>\n<meta property=\"og:locale\" content=\"pt_BR\" \/>\n<meta property=\"og:type\" content=\"article\" \/>\n<meta property=\"og:title\" content=\"Concierto ben\u00e9fico en el FEX\" \/>\n<meta property=\"og:description\" content=\"El Festival\u00a0Internacional de M\u00fasica y\u00a0Danza de Granada (FEX), en colaboraci\u00f3n con\u00a0el Ayuntamiento de Granada, convoca\u00a0seis conciertos solidarios. Este a\u00f1o la Fundaci\u00f3n\u00a0Itaka - Escolapios ha sido seleccionada para llevar a cabo uno de los conciertos solidarios. El\u00a0reconocido\u00a0Tr\u00edo Alb\u00e9niz de Granada ha colaborado con Itaka-Escolapios para organizar\u00a0este concierto, con Jos\u00e9 Luis Recuerda, Ismael Ramos y Jos\u00e9 Armillas,&hellip;\" \/>\n<meta property=\"og:url\" content=\"https:\/\/www.itakaescolapios.org\/pt\/2016\/07\/concierto-benefico-en-el-fex\/\" \/>\n<meta property=\"og:site_name\" content=\"Itaka-Escolapios\" \/>\n<meta property=\"article:published_time\" content=\"2016-07-20T11:30:24+00:00\" \/>\n<meta property=\"article:modified_time\" content=\"2023-11-28T11:38:23+00:00\" \/>\n<meta property=\"og:image\" content=\"https:\/\/www.itakaescolapios.org\/wp-content\/uploads\/2016\/07\/WP_20160626_21_35_19_Pro.jpg\" \/>\n\t<meta property=\"og:image:width\" content=\"2000\" \/>\n\t<meta property=\"og:image:height\" content=\"1127\" \/>\n\t<meta property=\"og:image:type\" content=\"image\/jpeg\" \/>\n<meta name=\"author\" content=\"granada01\" \/>\n<meta name=\"twitter:card\" content=\"summary_large_image\" \/>\n<meta name=\"twitter:label1\" content=\"Escrito por\" \/>\n\t<meta name=\"twitter:data1\" content=\"granada01\" \/>\n\t<meta name=\"twitter:label2\" content=\"Est. tempo de leitura\" \/>\n\t<meta name=\"twitter:data2\" content=\"1 minuto\" \/>\n<script type=\"application\/ld+json\" class=\"yoast-schema-graph\">{\"@context\":\"https:\\\/\\\/schema.org\",\"@graph\":[{\"@type\":\"Article\",\"@id\":\"https:\\\/\\\/www.itakaescolapios.org\\\/pt\\\/2016\\\/07\\\/concierto-benefico-en-el-fex\\\/#article\",\"isPartOf\":{\"@id\":\"https:\\\/\\\/www.itakaescolapios.org\\\/pt\\\/2016\\\/07\\\/concierto-benefico-en-el-fex\\\/\"},\"author\":{\"name\":\"granada01\",\"@id\":\"https:\\\/\\\/www.itakaescolapios.org\\\/es\\\/#\\\/schema\\\/person\\\/1a1a06b7cd775a7ac4567252df659ec9\"},\"headline\":\"Concierto ben\u00e9fico en el FEX\",\"datePublished\":\"2016-07-20T11:30:24+00:00\",\"dateModified\":\"2023-11-28T11:38:23+00:00\",\"mainEntityOfPage\":{\"@id\":\"https:\\\/\\\/www.itakaescolapios.org\\\/pt\\\/2016\\\/07\\\/concierto-benefico-en-el-fex\\\/\"},\"wordCount\":139,\"publisher\":{\"@id\":\"https:\\\/\\\/www.itakaescolapios.org\\\/es\\\/#organization\"},\"image\":{\"@id\":\"https:\\\/\\\/www.itakaescolapios.org\\\/pt\\\/2016\\\/07\\\/concierto-benefico-en-el-fex\\\/#primaryimage\"},\"thumbnailUrl\":\"https:\\\/\\\/www.itakaescolapios.org\\\/wp-content\\\/uploads\\\/2016\\\/07\\\/WP_20160626_21_35_19_Pro.jpg\",\"keywords\":[\"FEX\",\"Granada\",\"M\u00fasica\"],\"articleSection\":[\"Granada\"],\"inLanguage\":\"pt-BR\"},{\"@type\":\"WebPage\",\"@id\":\"https:\\\/\\\/www.itakaescolapios.org\\\/pt\\\/2016\\\/07\\\/concierto-benefico-en-el-fex\\\/\",\"url\":\"https:\\\/\\\/www.itakaescolapios.org\\\/pt\\\/2016\\\/07\\\/concierto-benefico-en-el-fex\\\/\",\"name\":\"Concierto ben\u00e9fico en el FEX - Itaka-Escolapios\",\"isPartOf\":{\"@id\":\"https:\\\/\\\/www.itakaescolapios.org\\\/es\\\/#website\"},\"primaryImageOfPage\":{\"@id\":\"https:\\\/\\\/www.itakaescolapios.org\\\/pt\\\/2016\\\/07\\\/concierto-benefico-en-el-fex\\\/#primaryimage\"},\"image\":{\"@id\":\"https:\\\/\\\/www.itakaescolapios.org\\\/pt\\\/2016\\\/07\\\/concierto-benefico-en-el-fex\\\/#primaryimage\"},\"thumbnailUrl\":\"https:\\\/\\\/www.itakaescolapios.org\\\/wp-content\\\/uploads\\\/2016\\\/07\\\/WP_20160626_21_35_19_Pro.jpg\",\"datePublished\":\"2016-07-20T11:30:24+00:00\",\"dateModified\":\"2023-11-28T11:38:23+00:00\",\"breadcrumb\":{\"@id\":\"https:\\\/\\\/www.itakaescolapios.org\\\/pt\\\/2016\\\/07\\\/concierto-benefico-en-el-fex\\\/#breadcrumb\"},\"inLanguage\":\"pt-BR\",\"potentialAction\":[{\"@type\":\"ReadAction\",\"target\":[\"https:\\\/\\\/www.itakaescolapios.org\\\/pt\\\/2016\\\/07\\\/concierto-benefico-en-el-fex\\\/\"]}]},{\"@type\":\"ImageObject\",\"inLanguage\":\"pt-BR\",\"@id\":\"https:\\\/\\\/www.itakaescolapios.org\\\/pt\\\/2016\\\/07\\\/concierto-benefico-en-el-fex\\\/#primaryimage\",\"url\":\"https:\\\/\\\/www.itakaescolapios.org\\\/wp-content\\\/uploads\\\/2016\\\/07\\\/WP_20160626_21_35_19_Pro.jpg\",\"contentUrl\":\"https:\\\/\\\/www.itakaescolapios.org\\\/wp-content\\\/uploads\\\/2016\\\/07\\\/WP_20160626_21_35_19_Pro.jpg\",\"width\":2000,\"height\":1127},{\"@type\":\"BreadcrumbList\",\"@id\":\"https:\\\/\\\/www.itakaescolapios.org\\\/pt\\\/2016\\\/07\\\/concierto-benefico-en-el-fex\\\/#breadcrumb\",\"itemListElement\":[{\"@type\":\"ListItem\",\"position\":1,\"name\":\"Itaka-Escolapios\",\"item\":\"https:\\\/\\\/www.itakaescolapios.org\\\/es\\\/\"},{\"@type\":\"ListItem\",\"position\":2,\"name\":\"Concierto ben\u00e9fico en el FEX\"}]},{\"@type\":\"WebSite\",\"@id\":\"https:\\\/\\\/www.itakaescolapios.org\\\/pt\\\/es\\\/#website\",\"url\":\"https:\\\/\\\/www.itakaescolapios.org\\\/pt\\\/es\\\/\",\"name\":\"Itaka-Escolapios\",\"description\":\"Red de Itaka-Escolapios\",\"publisher\":{\"@id\":\"https:\\\/\\\/www.itakaescolapios.org\\\/pt\\\/es\\\/#organization\"},\"potentialAction\":[{\"@type\":\"SearchAction\",\"target\":{\"@type\":\"EntryPoint\",\"urlTemplate\":\"https:\\\/\\\/www.itakaescolapios.org\\\/pt\\\/es\\\/?s={search_term_string}\"},\"query-input\":{\"@type\":\"PropertyValueSpecification\",\"valueRequired\":true,\"valueName\":\"search_term_string\"}}],\"inLanguage\":\"pt-BR\"},{\"@type\":\"Organization\",\"@id\":\"https:\\\/\\\/www.itakaescolapios.org\\\/pt\\\/es\\\/#organization\",\"name\":\"Fundaci\u00f3 Itaka-Escolapios\",\"url\":\"https:\\\/\\\/www.itakaescolapios.org\\\/pt\\\/es\\\/\",\"logo\":{\"@type\":\"ImageObject\",\"inLanguage\":\"pt-BR\",\"@id\":\"https:\\\/\\\/www.itakaescolapios.org\\\/pt\\\/es\\\/#\\\/schema\\\/logo\\\/image\\\/\",\"url\":\"https:\\\/\\\/www.itakaescolapios.org\\\/wp-content\\\/uploads\\\/2024\\\/04\\\/Logo-itakaescolapios-peque.png\",\"contentUrl\":\"https:\\\/\\\/www.itakaescolapios.org\\\/wp-content\\\/uploads\\\/2024\\\/04\\\/Logo-itakaescolapios-peque.png\",\"width\":500,\"height\":199,\"caption\":\"Fundaci\u00f3 Itaka-Escolapios\"},\"image\":{\"@id\":\"https:\\\/\\\/www.itakaescolapios.org\\\/pt\\\/es\\\/#\\\/schema\\\/logo\\\/image\\\/\"}},{\"@type\":\"Person\",\"@id\":\"https:\\\/\\\/www.itakaescolapios.org\\\/es\\\/#\\\/schema\\\/person\\\/1a1a06b7cd775a7ac4567252df659ec9\",\"name\":\"granada01\",\"url\":\"https:\\\/\\\/www.itakaescolapios.org\\\/pt\\\/author\\\/granada01\\\/\"}]}<\/script>\n<!-- \/ Yoast SEO plugin. -->","yoast_head_json":{"title":"Concierto ben\u00e9fico en el FEX","description":"El Festival\u00a0Internacional de M\u00fasica y\u00a0Danza de Granada (FEX), en colaboraci\u00f3n con\u00a0el Ayuntamiento de Granada, convoca\u00a0seis conciertos solidarios. Este a\u00f1o la Fundaci\u00f3n\u00a0Itaka - Escolapios ha sido seleccionada para llevar a cabo uno de los conciertos solidarios. El\u00a0reconocido\u00a0Tr\u00edo Alb\u00e9niz de Granada ha colaborado con Itaka-Escolapios para organizar\u00a0este concierto, con Jos\u00e9 Luis Recuerda, Ismael Ramos y Jos\u00e9 Armillas,&hellip;","robots":{"index":"index","follow":"follow","max-snippet":"max-snippet:-1","max-image-preview":"max-image-preview:large","max-video-preview":"max-video-preview:-1"},"canonical":"El Festival\u00a0Internacional de M\u00fasica y\u00a0Danza de Granada (FEX), en colaboraci\u00f3n con\u00a0el Ayuntamiento de Granada, convoca\u00a0seis conciertos solidarios. Este a\u00f1o la Fundaci\u00f3n\u00a0Itaka - Escolapios ha sido seleccionada para llevar a cabo uno de los conciertos solidarios. El\u00a0reconocido\u00a0Tr\u00edo Alb\u00e9niz de Granada ha colaborado con Itaka-Escolapios para organizar\u00a0este concierto, con Jos\u00e9 Luis Recuerda, Ismael Ramos y Jos\u00e9 Armillas,&hellip;","og_locale":"pt_BR","og_type":"article","og_title":"Concierto ben\u00e9fico en el FEX","og_description":"El Festival\u00a0Internacional de M\u00fasica y\u00a0Danza de Granada (FEX), en colaboraci\u00f3n con\u00a0el Ayuntamiento de Granada, convoca\u00a0seis conciertos solidarios. Este a\u00f1o la Fundaci\u00f3n\u00a0Itaka - Escolapios ha sido seleccionada para llevar a cabo uno de los conciertos solidarios. El\u00a0reconocido\u00a0Tr\u00edo Alb\u00e9niz de Granada ha colaborado con Itaka-Escolapios para organizar\u00a0este concierto, con Jos\u00e9 Luis Recuerda, Ismael Ramos y Jos\u00e9 Armillas,&hellip;","og_url":"https:\/\/www.itakaescolapios.org\/pt\/2016\/07\/concierto-benefico-en-el-fex\/","og_site_name":"Itaka-Escolapios","article_published_time":"2016-07-20T11:30:24+00:00","article_modified_time":"2023-11-28T11:38:23+00:00","og_image":[{"width":2000,"height":1127,"url":"https:\/\/www.itakaescolapios.org\/wp-content\/uploads\/2016\/07\/WP_20160626_21_35_19_Pro.jpg","type":"image\/jpeg"}],"author":"granada01","twitter_card":"summary_large_image","twitter_misc":{"Escrito por":"granada01","Est. tempo de leitura":"1 minuto"},"schema":{"@context":"https:\/\/schema.org","@graph":[{"@type":"Article","@id":"https:\/\/www.itakaescolapios.org\/pt\/2016\/07\/concierto-benefico-en-el-fex\/#article","isPartOf":{"@id":"https:\/\/www.itakaescolapios.org\/pt\/2016\/07\/concierto-benefico-en-el-fex\/"},"author":{"name":"granada01","@id":"https:\/\/www.itakaescolapios.org\/es\/#\/schema\/person\/1a1a06b7cd775a7ac4567252df659ec9"},"headline":"Concierto ben\u00e9fico en el FEX","datePublished":"2016-07-20T11:30:24+00:00","dateModified":"2023-11-28T11:38:23+00:00","mainEntityOfPage":{"@id":"https:\/\/www.itakaescolapios.org\/pt\/2016\/07\/concierto-benefico-en-el-fex\/"},"wordCount":139,"publisher":{"@id":"https:\/\/www.itakaescolapios.org\/es\/#organization"},"image":{"@id":"https:\/\/www.itakaescolapios.org\/pt\/2016\/07\/concierto-benefico-en-el-fex\/#primaryimage"},"thumbnailUrl":"https:\/\/www.itakaescolapios.org\/wp-content\/uploads\/2016\/07\/WP_20160626_21_35_19_Pro.jpg","keywords":["FEX","Granada","M\u00fasica"],"articleSection":["Granada"],"inLanguage":"pt-BR"},{"@type":"WebPage","@id":"https:\/\/www.itakaescolapios.org\/pt\/2016\/07\/concierto-benefico-en-el-fex\/","url":"https:\/\/www.itakaescolapios.org\/pt\/2016\/07\/concierto-benefico-en-el-fex\/","name":"Concierto ben\u00e9fico en el FEX - Itaka-Escolapios","isPartOf":{"@id":"https:\/\/www.itakaescolapios.org\/es\/#website"},"primaryImageOfPage":{"@id":"https:\/\/www.itakaescolapios.org\/pt\/2016\/07\/concierto-benefico-en-el-fex\/#primaryimage"},"image":{"@id":"https:\/\/www.itakaescolapios.org\/pt\/2016\/07\/concierto-benefico-en-el-fex\/#primaryimage"},"thumbnailUrl":"https:\/\/www.itakaescolapios.org\/wp-content\/uploads\/2016\/07\/WP_20160626_21_35_19_Pro.jpg","datePublished":"2016-07-20T11:30:24+00:00","dateModified":"2023-11-28T11:38:23+00:00","breadcrumb":{"@id":"https:\/\/www.itakaescolapios.org\/pt\/2016\/07\/concierto-benefico-en-el-fex\/#breadcrumb"},"inLanguage":"pt-BR","potentialAction":[{"@type":"ReadAction","target":["https:\/\/www.itakaescolapios.org\/pt\/2016\/07\/concierto-benefico-en-el-fex\/"]}]},{"@type":"ImageObject","inLanguage":"pt-BR","@id":"https:\/\/www.itakaescolapios.org\/pt\/2016\/07\/concierto-benefico-en-el-fex\/#primaryimage","url":"https:\/\/www.itakaescolapios.org\/wp-content\/uploads\/2016\/07\/WP_20160626_21_35_19_Pro.jpg","contentUrl":"https:\/\/www.itakaescolapios.org\/wp-content\/uploads\/2016\/07\/WP_20160626_21_35_19_Pro.jpg","width":2000,"height":1127},{"@type":"BreadcrumbList","@id":"https:\/\/www.itakaescolapios.org\/pt\/2016\/07\/concierto-benefico-en-el-fex\/#breadcrumb","itemListElement":[{"@type":"ListItem","position":1,"name":"Itaka-Escolapios","item":"https:\/\/www.itakaescolapios.org\/es\/"},{"@type":"ListItem","position":2,"name":"Concierto ben\u00e9fico en el FEX"}]},{"@type":"WebSite","@id":"https:\/\/www.itakaescolapios.org\/pt\/es\/#website","url":"https:\/\/www.itakaescolapios.org\/pt\/es\/","name":"Itaka-Escolapios","description":"Red de Itaka-Escolapios","publisher":{"@id":"https:\/\/www.itakaescolapios.org\/pt\/es\/#organization"},"potentialAction":[{"@type":"SearchAction","target":{"@type":"EntryPoint","urlTemplate":"https:\/\/www.itakaescolapios.org\/pt\/es\/?s={search_term_string}"},"query-input":{"@type":"PropertyValueSpecification","valueRequired":true,"valueName":"search_term_string"}}],"inLanguage":"pt-BR"},{"@type":"Organization","@id":"https:\/\/www.itakaescolapios.org\/pt\/es\/#organization","name":"Fundaci\u00f3 Itaka-Escolapios","url":"https:\/\/www.itakaescolapios.org\/pt\/es\/","logo":{"@type":"ImageObject","inLanguage":"pt-BR","@id":"https:\/\/www.itakaescolapios.org\/pt\/es\/#\/schema\/logo\/image\/","url":"https:\/\/www.itakaescolapios.org\/wp-content\/uploads\/2024\/04\/Logo-itakaescolapios-peque.png","contentUrl":"https:\/\/www.itakaescolapios.org\/wp-content\/uploads\/2024\/04\/Logo-itakaescolapios-peque.png","width":500,"height":199,"caption":"Fundaci\u00f3 Itaka-Escolapios"},"image":{"@id":"https:\/\/www.itakaescolapios.org\/pt\/es\/#\/schema\/logo\/image\/"}},{"@type":"Person","@id":"https:\/\/www.itakaescolapios.org\/es\/#\/schema\/person\/1a1a06b7cd775a7ac4567252df659ec9","name":"granada01","url":"https:\/\/www.itakaescolapios.org\/pt\/author\/granada01\/"}]}},"_links":{"self":[{"href":"https:\/\/www.itakaescolapios.org\/pt\/wp-json\/wp\/v2\/posts\/16035","targetHints":{"allow":["GET"]}}],"collection":[{"href":"https:\/\/www.itakaescolapios.org\/pt\/wp-json\/wp\/v2\/posts"}],"about":[{"href":"https:\/\/www.itakaescolapios.org\/pt\/wp-json\/wp\/v2\/types\/post"}],"author":[{"embeddable":true,"href":"https:\/\/www.itakaescolapios.org\/pt\/wp-json\/wp\/v2\/users\/25"}],"replies":[{"embeddable":true,"href":"https:\/\/www.itakaescolapios.org\/pt\/wp-json\/wp\/v2\/comments?post=16035"}],"version-history":[{"count":6,"href":"https:\/\/www.itakaescolapios.org\/pt\/wp-json\/wp\/v2\/posts\/16035\/revisions"}],"predecessor-version":[{"id":48259,"href":"https:\/\/www.itakaescolapios.org\/pt\/wp-json\/wp\/v2\/posts\/16035\/revisions\/48259"}],"wp:featuredmedia":[{"embeddable":true,"href":"https:\/\/www.itakaescolapios.org\/pt\/wp-json\/wp\/v2\/media\/16038"}],"wp:attachment":[{"href":"https:\/\/www.itakaescolapios.org\/pt\/wp-json\/wp\/v2\/media?parent=16035"}],"wp:term":[{"taxonomy":"category","embeddable":true,"href":"https:\/\/www.itakaescolapios.org\/pt\/wp-json\/wp\/v2\/categories?post=16035"},{"taxonomy":"post_tag","embeddable":true,"href":"https:\/\/www.itakaescolapios.org\/pt\/wp-json\/wp\/v2\/tags?post=16035"}],"curies":[{"name":"wp","href":"https:\/\/api.w.org\/{rel}","templated":true}]}}