{"id":17301,"date":"2016-11-17T11:08:14","date_gmt":"2016-11-17T10:08:14","guid":{"rendered":"https:\/\/www.itakaescolapios.org\/?p=17301"},"modified":"2023-11-28T12:38:17","modified_gmt":"2023-11-28T11:38:17","slug":"encuentro-formativo-en-valencia","status":"publish","type":"post","link":"https:\/\/www.itakaescolapios.org\/pt\/2016\/11\/encuentro-formativo-en-valencia\/","title":{"rendered":"ENCUENTRO FORMATIVO EN VALENCIA"},"content":{"rendered":"<p style=\"text-align: justify\">El pasado s\u00e1bado tuvo lugar el Primer Encuentro Formativo del VES (Voluntariado Escolapios Social) en Valencia, en el Real Colegio de las Escuelas P\u00edas, donde se reunieron 25 j\u00f3venes\u00a0 para seguir adquiriendo recursos para tratar a los ni\u00f1os y crecer en su compromiso social.<\/p>\n<p style=\"text-align: justify\">La ma\u00f1ana comenz\u00f3 con dos formaciones simult\u00e1neas: Una, para voluntarios de primer ciclo, con Juan Carlos Colomer, sobre la evoluci\u00f3n cognitiva de los ni\u00f1os y adolescentes, en la que, partiendo de teor\u00edas como la de Piaget o la de Gardner, se explic\u00f3 que cada ni\u00f1o y su contexto son \u00fanicos; y la segunda formaci\u00f3n de Itziar Va\u00f1\u00f3, para los voluntarios de segundo ciclo, sobre las dimensionas pol\u00edticas del voluntariado, en la que se discurri\u00f3 sobre c\u00f3mo la actividad c\u00edvica ha de ser consecuente con el cambio que queremos como voluntarios. Despu\u00e9s, ya todos juntos, vimos los distintos tipos de voluntario que se puede ser, para as\u00ed tomar conciencia de c\u00f3mo es cada uno en su acci\u00f3n.<\/p>\n<p style=\"text-align: justify\">Ya por la tarde tuvimos una charla con Diego y Elena sobre la manipulaci\u00f3n medi\u00e1tica y sobre c\u00f3mo configurar una mirada cr\u00edtica frente a la informaci\u00f3n que recibimos de los medios de comunicaci\u00f3n.<\/p>\n<p style=\"text-align: justify\">En definitiva, un d\u00eda intenso de convivencia, de cuestionarse, compartir y aprender.<\/p>\n\n\t\t<style type=\"text\/css\">\n\t\t\t#gallery-1 {\n\t\t\t\tmargin: auto;\n\t\t\t}\n\t\t\t#gallery-1 .gallery-item {\n\t\t\t\tfloat: left;\n\t\t\t\tmargin-top: 10px;\n\t\t\t\ttext-align: center;\n\t\t\t\twidth: 25%;\n\t\t\t}\n\t\t\t#gallery-1 img {\n\t\t\t\tborder: 2px solid #cfcfcf;\n\t\t\t}\n\t\t\t#gallery-1 .gallery-caption {\n\t\t\t\tmargin-left: 0;\n\t\t\t}\n\t\t\t\/* see gallery_shortcode() in wp-includes\/media.php *\/\n\t\t<\/style>\n\t\t<div id='gallery-1' class='gallery galleryid-17301 gallery-columns-4 gallery-size-thumbnail'><dl class='gallery-item'>\n\t\t\t<dt class='gallery-icon landscape'>\n\t\t\t\t<a href='https:\/\/www.itakaescolapios.org\/wp-content\/uploads\/2016\/11\/WhatsApp-Image-2016-11-12-at-16.27.25.jpeg'><img decoding=\"async\" width=\"90\" height=\"90\" src=\"https:\/\/www.itakaescolapios.org\/wp-content\/uploads\/2016\/11\/WhatsApp-Image-2016-11-12-at-16.27.25-90x90.jpeg\" class=\"attachment-thumbnail size-thumbnail\" alt=\"\" \/><\/a>\n\t\t\t<\/dt><\/dl><dl class='gallery-item'>\n\t\t\t<dt class='gallery-icon landscape'>\n\t\t\t\t<a href='https:\/\/www.itakaescolapios.org\/wp-content\/uploads\/2016\/11\/WhatsApp-Image-2016-11-12-at-12.43.49.jpeg'><img decoding=\"async\" width=\"90\" height=\"90\" src=\"https:\/\/www.itakaescolapios.org\/wp-content\/uploads\/2016\/11\/WhatsApp-Image-2016-11-12-at-12.43.49-90x90.jpeg\" class=\"attachment-thumbnail size-thumbnail\" alt=\"\" \/><\/a>\n\t\t\t<\/dt><\/dl><dl class='gallery-item'>\n\t\t\t<dt class='gallery-icon landscape'>\n\t\t\t\t<a href='https:\/\/www.itakaescolapios.org\/wp-content\/uploads\/2016\/11\/WhatsApp-Image-2016-11-12-at-10.56.49.jpeg'><img decoding=\"async\" width=\"90\" height=\"90\" src=\"https:\/\/www.itakaescolapios.org\/wp-content\/uploads\/2016\/11\/WhatsApp-Image-2016-11-12-at-10.56.49-90x90.jpeg\" class=\"attachment-thumbnail size-thumbnail\" alt=\"\" \/><\/a>\n\t\t\t<\/dt><\/dl><dl class='gallery-item'>\n\t\t\t<dt class='gallery-icon landscape'>\n\t\t\t\t<a href='https:\/\/www.itakaescolapios.org\/wp-content\/uploads\/2016\/11\/WhatsApp-Image-2016-11-12-at-10.47.47.jpeg'><img decoding=\"async\" width=\"90\" height=\"90\" src=\"https:\/\/www.itakaescolapios.org\/wp-content\/uploads\/2016\/11\/WhatsApp-Image-2016-11-12-at-10.47.47-90x90.jpeg\" class=\"attachment-thumbnail size-thumbnail\" alt=\"\" \/><\/a>\n\t\t\t<\/dt><\/dl><br style=\"clear: both\" \/>\n\t\t<\/div>\n\n<p style=\"text-align: justify\">\n","protected":false},"excerpt":{"rendered":"<p>El pasado s\u00e1bado tuvo lugar el Primer Encuentro Formativo del VES (Voluntariado Escolapios Social) en Valencia, en el Real Colegio de las Escuelas P\u00edas, donde se reunieron 25 j\u00f3venes\u00a0 para [&hellip;]<\/p>\n","protected":false},"author":39,"featured_media":17302,"comment_status":"closed","ping_status":"closed","sticky":false,"template":"","format":"standard","meta":{"_et_pb_use_builder":"","_et_pb_old_content":"","_et_gb_content_width":"","footnotes":""},"categories":[12],"tags":[237,72,160,142],"class_list":["post-17301","post","type-post","status-publish","format-standard","has-post-thumbnail","hentry","category-valencia","tag-compromiso","tag-formacion","tag-ves","tag-voluntariado"],"yoast_head":"<!-- This site is optimized with the Yoast SEO plugin v27.4 - https:\/\/yoast.com\/product\/yoast-seo-wordpress\/ -->\n<title>ENCUENTRO FORMATIVO EN VALENCIA<\/title>\n<meta name=\"description\" content=\"El pasado s\u00e1bado tuvo lugar el Primer Encuentro Formativo del VES (Voluntariado Escolapios Social) en Valencia, en el Real Colegio de las Escuelas P\u00edas, donde se reunieron 25 j\u00f3venes\u00a0 para seguir adquiriendo recursos para tratar a los ni\u00f1os y crecer en su compromiso social. La ma\u00f1ana comenz\u00f3 con dos formaciones simult\u00e1neas: Una, para voluntarios de&hellip;\" \/>\n<meta name=\"robots\" content=\"index, follow, max-snippet:-1, max-image-preview:large, max-video-preview:-1\" \/>\n<link rel=\"canonical\" href=\"\" \/>\n<meta property=\"og:locale\" content=\"pt_BR\" \/>\n<meta property=\"og:type\" content=\"article\" \/>\n<meta property=\"og:title\" content=\"ENCUENTRO FORMATIVO EN VALENCIA\" \/>\n<meta property=\"og:description\" content=\"El pasado s\u00e1bado tuvo lugar el Primer Encuentro Formativo del VES (Voluntariado Escolapios Social) en Valencia, en el Real Colegio de las Escuelas P\u00edas, donde se reunieron 25 j\u00f3venes\u00a0 para seguir adquiriendo recursos para tratar a los ni\u00f1os y crecer en su compromiso social. La ma\u00f1ana comenz\u00f3 con dos formaciones simult\u00e1neas: Una, para voluntarios de&hellip;\" \/>\n<meta property=\"og:url\" content=\"https:\/\/www.itakaescolapios.org\/pt\/2016\/11\/encuentro-formativo-en-valencia\/\" \/>\n<meta property=\"og:site_name\" content=\"Itaka-Escolapios\" \/>\n<meta property=\"article:published_time\" content=\"2016-11-17T10:08:14+00:00\" \/>\n<meta property=\"article:modified_time\" content=\"2023-11-28T11:38:17+00:00\" \/>\n<meta property=\"og:image\" content=\"https:\/\/www.itakaescolapios.org\/wp-content\/uploads\/2016\/11\/WhatsApp-Image-2016-11-12-at-10.38.08.jpeg\" \/>\n\t<meta property=\"og:image:width\" content=\"1328\" \/>\n\t<meta property=\"og:image:height\" content=\"747\" \/>\n\t<meta property=\"og:image:type\" content=\"image\/jpeg\" \/>\n<meta name=\"author\" content=\"valencia01\" \/>\n<meta name=\"twitter:card\" content=\"summary_large_image\" \/>\n<meta name=\"twitter:label1\" content=\"Escrito por\" \/>\n\t<meta name=\"twitter:data1\" content=\"valencia01\" \/>\n\t<meta name=\"twitter:label2\" content=\"Est. tempo de leitura\" \/>\n\t<meta name=\"twitter:data2\" content=\"1 minuto\" \/>\n<script type=\"application\/ld+json\" class=\"yoast-schema-graph\">{\"@context\":\"https:\\\/\\\/schema.org\",\"@graph\":[{\"@type\":\"Article\",\"@id\":\"https:\\\/\\\/www.itakaescolapios.org\\\/pt\\\/2016\\\/11\\\/encuentro-formativo-en-valencia\\\/#article\",\"isPartOf\":{\"@id\":\"https:\\\/\\\/www.itakaescolapios.org\\\/pt\\\/2016\\\/11\\\/encuentro-formativo-en-valencia\\\/\"},\"author\":{\"name\":\"valencia01\",\"@id\":\"https:\\\/\\\/www.itakaescolapios.org\\\/es\\\/#\\\/schema\\\/person\\\/c232ccaa2b3f2e98db93c1f8dfca96ff\"},\"headline\":\"ENCUENTRO FORMATIVO EN VALENCIA\",\"datePublished\":\"2016-11-17T10:08:14+00:00\",\"dateModified\":\"2023-11-28T11:38:17+00:00\",\"mainEntityOfPage\":{\"@id\":\"https:\\\/\\\/www.itakaescolapios.org\\\/pt\\\/2016\\\/11\\\/encuentro-formativo-en-valencia\\\/\"},\"wordCount\":237,\"publisher\":{\"@id\":\"https:\\\/\\\/www.itakaescolapios.org\\\/es\\\/#organization\"},\"image\":{\"@id\":\"https:\\\/\\\/www.itakaescolapios.org\\\/pt\\\/2016\\\/11\\\/encuentro-formativo-en-valencia\\\/#primaryimage\"},\"thumbnailUrl\":\"https:\\\/\\\/www.itakaescolapios.org\\\/wp-content\\\/uploads\\\/2016\\\/11\\\/WhatsApp-Image-2016-11-12-at-10.38.08.jpeg\",\"keywords\":[\"compromiso\",\"formaci\u00f3n\",\"VES\",\"voluntariado\"],\"articleSection\":[\"Valencia\"],\"inLanguage\":\"pt-BR\"},{\"@type\":\"WebPage\",\"@id\":\"https:\\\/\\\/www.itakaescolapios.org\\\/pt\\\/2016\\\/11\\\/encuentro-formativo-en-valencia\\\/\",\"url\":\"https:\\\/\\\/www.itakaescolapios.org\\\/pt\\\/2016\\\/11\\\/encuentro-formativo-en-valencia\\\/\",\"name\":\"ENCUENTRO FORMATIVO EN VALENCIA - Itaka-Escolapios\",\"isPartOf\":{\"@id\":\"https:\\\/\\\/www.itakaescolapios.org\\\/es\\\/#website\"},\"primaryImageOfPage\":{\"@id\":\"https:\\\/\\\/www.itakaescolapios.org\\\/pt\\\/2016\\\/11\\\/encuentro-formativo-en-valencia\\\/#primaryimage\"},\"image\":{\"@id\":\"https:\\\/\\\/www.itakaescolapios.org\\\/pt\\\/2016\\\/11\\\/encuentro-formativo-en-valencia\\\/#primaryimage\"},\"thumbnailUrl\":\"https:\\\/\\\/www.itakaescolapios.org\\\/wp-content\\\/uploads\\\/2016\\\/11\\\/WhatsApp-Image-2016-11-12-at-10.38.08.jpeg\",\"datePublished\":\"2016-11-17T10:08:14+00:00\",\"dateModified\":\"2023-11-28T11:38:17+00:00\",\"breadcrumb\":{\"@id\":\"https:\\\/\\\/www.itakaescolapios.org\\\/pt\\\/2016\\\/11\\\/encuentro-formativo-en-valencia\\\/#breadcrumb\"},\"inLanguage\":\"pt-BR\",\"potentialAction\":[{\"@type\":\"ReadAction\",\"target\":[\"https:\\\/\\\/www.itakaescolapios.org\\\/pt\\\/2016\\\/11\\\/encuentro-formativo-en-valencia\\\/\"]}]},{\"@type\":\"ImageObject\",\"inLanguage\":\"pt-BR\",\"@id\":\"https:\\\/\\\/www.itakaescolapios.org\\\/pt\\\/2016\\\/11\\\/encuentro-formativo-en-valencia\\\/#primaryimage\",\"url\":\"https:\\\/\\\/www.itakaescolapios.org\\\/wp-content\\\/uploads\\\/2016\\\/11\\\/WhatsApp-Image-2016-11-12-at-10.38.08.jpeg\",\"contentUrl\":\"https:\\\/\\\/www.itakaescolapios.org\\\/wp-content\\\/uploads\\\/2016\\\/11\\\/WhatsApp-Image-2016-11-12-at-10.38.08.jpeg\",\"width\":1328,\"height\":747},{\"@type\":\"BreadcrumbList\",\"@id\":\"https:\\\/\\\/www.itakaescolapios.org\\\/pt\\\/2016\\\/11\\\/encuentro-formativo-en-valencia\\\/#breadcrumb\",\"itemListElement\":[{\"@type\":\"ListItem\",\"position\":1,\"name\":\"Itaka-Escolapios\",\"item\":\"https:\\\/\\\/www.itakaescolapios.org\\\/es\\\/\"},{\"@type\":\"ListItem\",\"position\":2,\"name\":\"ENCUENTRO FORMATIVO EN VALENCIA\"}]},{\"@type\":\"WebSite\",\"@id\":\"https:\\\/\\\/www.itakaescolapios.org\\\/pt\\\/es\\\/#website\",\"url\":\"https:\\\/\\\/www.itakaescolapios.org\\\/pt\\\/es\\\/\",\"name\":\"Itaka-Escolapios\",\"description\":\"Red de Itaka-Escolapios\",\"publisher\":{\"@id\":\"https:\\\/\\\/www.itakaescolapios.org\\\/pt\\\/es\\\/#organization\"},\"potentialAction\":[{\"@type\":\"SearchAction\",\"target\":{\"@type\":\"EntryPoint\",\"urlTemplate\":\"https:\\\/\\\/www.itakaescolapios.org\\\/pt\\\/es\\\/?s={search_term_string}\"},\"query-input\":{\"@type\":\"PropertyValueSpecification\",\"valueRequired\":true,\"valueName\":\"search_term_string\"}}],\"inLanguage\":\"pt-BR\"},{\"@type\":\"Organization\",\"@id\":\"https:\\\/\\\/www.itakaescolapios.org\\\/pt\\\/es\\\/#organization\",\"name\":\"Fundaci\u00f3 Itaka-Escolapios\",\"url\":\"https:\\\/\\\/www.itakaescolapios.org\\\/pt\\\/es\\\/\",\"logo\":{\"@type\":\"ImageObject\",\"inLanguage\":\"pt-BR\",\"@id\":\"https:\\\/\\\/www.itakaescolapios.org\\\/pt\\\/es\\\/#\\\/schema\\\/logo\\\/image\\\/\",\"url\":\"https:\\\/\\\/www.itakaescolapios.org\\\/wp-content\\\/uploads\\\/2024\\\/04\\\/Logo-itakaescolapios-peque.png\",\"contentUrl\":\"https:\\\/\\\/www.itakaescolapios.org\\\/wp-content\\\/uploads\\\/2024\\\/04\\\/Logo-itakaescolapios-peque.png\",\"width\":500,\"height\":199,\"caption\":\"Fundaci\u00f3 Itaka-Escolapios\"},\"image\":{\"@id\":\"https:\\\/\\\/www.itakaescolapios.org\\\/pt\\\/es\\\/#\\\/schema\\\/logo\\\/image\\\/\"}},{\"@type\":\"Person\",\"@id\":\"https:\\\/\\\/www.itakaescolapios.org\\\/es\\\/#\\\/schema\\\/person\\\/c232ccaa2b3f2e98db93c1f8dfca96ff\",\"name\":\"valencia01\",\"url\":\"https:\\\/\\\/www.itakaescolapios.org\\\/pt\\\/author\\\/valencia01\\\/\"}]}<\/script>\n<!-- \/ Yoast SEO plugin. -->","yoast_head_json":{"title":"ENCUENTRO FORMATIVO EN VALENCIA","description":"El pasado s\u00e1bado tuvo lugar el Primer Encuentro Formativo del VES (Voluntariado Escolapios Social) en Valencia, en el Real Colegio de las Escuelas P\u00edas, donde se reunieron 25 j\u00f3venes\u00a0 para seguir adquiriendo recursos para tratar a los ni\u00f1os y crecer en su compromiso social. La ma\u00f1ana comenz\u00f3 con dos formaciones simult\u00e1neas: Una, para voluntarios de&hellip;","robots":{"index":"index","follow":"follow","max-snippet":"max-snippet:-1","max-image-preview":"max-image-preview:large","max-video-preview":"max-video-preview:-1"},"canonical":"El pasado s\u00e1bado tuvo lugar el Primer Encuentro Formativo del VES (Voluntariado Escolapios Social) en Valencia, en el Real Colegio de las Escuelas P\u00edas, donde se reunieron 25 j\u00f3venes\u00a0 para seguir adquiriendo recursos para tratar a los ni\u00f1os y crecer en su compromiso social. La ma\u00f1ana comenz\u00f3 con dos formaciones simult\u00e1neas: Una, para voluntarios de&hellip;","og_locale":"pt_BR","og_type":"article","og_title":"ENCUENTRO FORMATIVO EN VALENCIA","og_description":"El pasado s\u00e1bado tuvo lugar el Primer Encuentro Formativo del VES (Voluntariado Escolapios Social) en Valencia, en el Real Colegio de las Escuelas P\u00edas, donde se reunieron 25 j\u00f3venes\u00a0 para seguir adquiriendo recursos para tratar a los ni\u00f1os y crecer en su compromiso social. La ma\u00f1ana comenz\u00f3 con dos formaciones simult\u00e1neas: Una, para voluntarios de&hellip;","og_url":"https:\/\/www.itakaescolapios.org\/pt\/2016\/11\/encuentro-formativo-en-valencia\/","og_site_name":"Itaka-Escolapios","article_published_time":"2016-11-17T10:08:14+00:00","article_modified_time":"2023-11-28T11:38:17+00:00","og_image":[{"width":1328,"height":747,"url":"https:\/\/www.itakaescolapios.org\/wp-content\/uploads\/2016\/11\/WhatsApp-Image-2016-11-12-at-10.38.08.jpeg","type":"image\/jpeg"}],"author":"valencia01","twitter_card":"summary_large_image","twitter_misc":{"Escrito por":"valencia01","Est. tempo de leitura":"1 minuto"},"schema":{"@context":"https:\/\/schema.org","@graph":[{"@type":"Article","@id":"https:\/\/www.itakaescolapios.org\/pt\/2016\/11\/encuentro-formativo-en-valencia\/#article","isPartOf":{"@id":"https:\/\/www.itakaescolapios.org\/pt\/2016\/11\/encuentro-formativo-en-valencia\/"},"author":{"name":"valencia01","@id":"https:\/\/www.itakaescolapios.org\/es\/#\/schema\/person\/c232ccaa2b3f2e98db93c1f8dfca96ff"},"headline":"ENCUENTRO FORMATIVO EN VALENCIA","datePublished":"2016-11-17T10:08:14+00:00","dateModified":"2023-11-28T11:38:17+00:00","mainEntityOfPage":{"@id":"https:\/\/www.itakaescolapios.org\/pt\/2016\/11\/encuentro-formativo-en-valencia\/"},"wordCount":237,"publisher":{"@id":"https:\/\/www.itakaescolapios.org\/es\/#organization"},"image":{"@id":"https:\/\/www.itakaescolapios.org\/pt\/2016\/11\/encuentro-formativo-en-valencia\/#primaryimage"},"thumbnailUrl":"https:\/\/www.itakaescolapios.org\/wp-content\/uploads\/2016\/11\/WhatsApp-Image-2016-11-12-at-10.38.08.jpeg","keywords":["compromiso","formaci\u00f3n","VES","voluntariado"],"articleSection":["Valencia"],"inLanguage":"pt-BR"},{"@type":"WebPage","@id":"https:\/\/www.itakaescolapios.org\/pt\/2016\/11\/encuentro-formativo-en-valencia\/","url":"https:\/\/www.itakaescolapios.org\/pt\/2016\/11\/encuentro-formativo-en-valencia\/","name":"ENCUENTRO FORMATIVO EN VALENCIA - Itaka-Escolapios","isPartOf":{"@id":"https:\/\/www.itakaescolapios.org\/es\/#website"},"primaryImageOfPage":{"@id":"https:\/\/www.itakaescolapios.org\/pt\/2016\/11\/encuentro-formativo-en-valencia\/#primaryimage"},"image":{"@id":"https:\/\/www.itakaescolapios.org\/pt\/2016\/11\/encuentro-formativo-en-valencia\/#primaryimage"},"thumbnailUrl":"https:\/\/www.itakaescolapios.org\/wp-content\/uploads\/2016\/11\/WhatsApp-Image-2016-11-12-at-10.38.08.jpeg","datePublished":"2016-11-17T10:08:14+00:00","dateModified":"2023-11-28T11:38:17+00:00","breadcrumb":{"@id":"https:\/\/www.itakaescolapios.org\/pt\/2016\/11\/encuentro-formativo-en-valencia\/#breadcrumb"},"inLanguage":"pt-BR","potentialAction":[{"@type":"ReadAction","target":["https:\/\/www.itakaescolapios.org\/pt\/2016\/11\/encuentro-formativo-en-valencia\/"]}]},{"@type":"ImageObject","inLanguage":"pt-BR","@id":"https:\/\/www.itakaescolapios.org\/pt\/2016\/11\/encuentro-formativo-en-valencia\/#primaryimage","url":"https:\/\/www.itakaescolapios.org\/wp-content\/uploads\/2016\/11\/WhatsApp-Image-2016-11-12-at-10.38.08.jpeg","contentUrl":"https:\/\/www.itakaescolapios.org\/wp-content\/uploads\/2016\/11\/WhatsApp-Image-2016-11-12-at-10.38.08.jpeg","width":1328,"height":747},{"@type":"BreadcrumbList","@id":"https:\/\/www.itakaescolapios.org\/pt\/2016\/11\/encuentro-formativo-en-valencia\/#breadcrumb","itemListElement":[{"@type":"ListItem","position":1,"name":"Itaka-Escolapios","item":"https:\/\/www.itakaescolapios.org\/es\/"},{"@type":"ListItem","position":2,"name":"ENCUENTRO FORMATIVO EN VALENCIA"}]},{"@type":"WebSite","@id":"https:\/\/www.itakaescolapios.org\/pt\/es\/#website","url":"https:\/\/www.itakaescolapios.org\/pt\/es\/","name":"Itaka-Escolapios","description":"Red de Itaka-Escolapios","publisher":{"@id":"https:\/\/www.itakaescolapios.org\/pt\/es\/#organization"},"potentialAction":[{"@type":"SearchAction","target":{"@type":"EntryPoint","urlTemplate":"https:\/\/www.itakaescolapios.org\/pt\/es\/?s={search_term_string}"},"query-input":{"@type":"PropertyValueSpecification","valueRequired":true,"valueName":"search_term_string"}}],"inLanguage":"pt-BR"},{"@type":"Organization","@id":"https:\/\/www.itakaescolapios.org\/pt\/es\/#organization","name":"Fundaci\u00f3 Itaka-Escolapios","url":"https:\/\/www.itakaescolapios.org\/pt\/es\/","logo":{"@type":"ImageObject","inLanguage":"pt-BR","@id":"https:\/\/www.itakaescolapios.org\/pt\/es\/#\/schema\/logo\/image\/","url":"https:\/\/www.itakaescolapios.org\/wp-content\/uploads\/2024\/04\/Logo-itakaescolapios-peque.png","contentUrl":"https:\/\/www.itakaescolapios.org\/wp-content\/uploads\/2024\/04\/Logo-itakaescolapios-peque.png","width":500,"height":199,"caption":"Fundaci\u00f3 Itaka-Escolapios"},"image":{"@id":"https:\/\/www.itakaescolapios.org\/pt\/es\/#\/schema\/logo\/image\/"}},{"@type":"Person","@id":"https:\/\/www.itakaescolapios.org\/es\/#\/schema\/person\/c232ccaa2b3f2e98db93c1f8dfca96ff","name":"valencia01","url":"https:\/\/www.itakaescolapios.org\/pt\/author\/valencia01\/"}]}},"_links":{"self":[{"href":"https:\/\/www.itakaescolapios.org\/pt\/wp-json\/wp\/v2\/posts\/17301","targetHints":{"allow":["GET"]}}],"collection":[{"href":"https:\/\/www.itakaescolapios.org\/pt\/wp-json\/wp\/v2\/posts"}],"about":[{"href":"https:\/\/www.itakaescolapios.org\/pt\/wp-json\/wp\/v2\/types\/post"}],"author":[{"embeddable":true,"href":"https:\/\/www.itakaescolapios.org\/pt\/wp-json\/wp\/v2\/users\/39"}],"replies":[{"embeddable":true,"href":"https:\/\/www.itakaescolapios.org\/pt\/wp-json\/wp\/v2\/comments?post=17301"}],"version-history":[{"count":4,"href":"https:\/\/www.itakaescolapios.org\/pt\/wp-json\/wp\/v2\/posts\/17301\/revisions"}],"predecessor-version":[{"id":48087,"href":"https:\/\/www.itakaescolapios.org\/pt\/wp-json\/wp\/v2\/posts\/17301\/revisions\/48087"}],"wp:featuredmedia":[{"embeddable":true,"href":"https:\/\/www.itakaescolapios.org\/pt\/wp-json\/wp\/v2\/media\/17302"}],"wp:attachment":[{"href":"https:\/\/www.itakaescolapios.org\/pt\/wp-json\/wp\/v2\/media?parent=17301"}],"wp:term":[{"taxonomy":"category","embeddable":true,"href":"https:\/\/www.itakaescolapios.org\/pt\/wp-json\/wp\/v2\/categories?post=17301"},{"taxonomy":"post_tag","embeddable":true,"href":"https:\/\/www.itakaescolapios.org\/pt\/wp-json\/wp\/v2\/tags?post=17301"}],"curies":[{"name":"wp","href":"https:\/\/api.w.org\/{rel}","templated":true}]}}