{"id":17696,"date":"2016-12-23T13:28:34","date_gmt":"2016-12-23T12:28:34","guid":{"rendered":"https:\/\/www.itakaescolapios.org\/?p=17696"},"modified":"2023-11-28T12:38:15","modified_gmt":"2023-11-28T11:38:15","slug":"nada-por-aqui-nada-por-alla-un-ano-mas-magia-en-familia","status":"publish","type":"post","link":"https:\/\/www.itakaescolapios.org\/pt\/2016\/12\/nada-por-aqui-nada-por-alla-un-ano-mas-magia-en-familia\/","title":{"rendered":"NADA POR AQU\u00cd, NADA POR ALL\u00c1\u2026 UN A\u00d1O M\u00c1S, MAGIA EN FAMILIA!"},"content":{"rendered":"<p style=\"text-align: justify\">Por quinto a\u00f1o consecutivo, el colegio san Jos\u00e9 de Calasanz de Valencia acogi\u00f3 el espect\u00e1culo de Magia en Familia que, con el t\u00edtulo \u201cEn busca del tesoro\u201d, puso encima del escenario los mejores trucos de magia aderezados con la diversi\u00f3n correspondiente, de la mano del mago Kiki, el mago Vaza y el mago Sergio.<\/p>\n<p style=\"text-align: justify\">Unas 500 personas, entre ni\u00f1os y adultos, asistieron el pasado s\u00e1bado a las dos sesiones \u00a0de Magia en Familia, muchos de ellos disfrazados de piratas, personal del barco, e incluso \u00a1de dinosaurios! Desde la aparici\u00f3n de palomas, hasta cuerdas que se un\u00edan misteriosamente, pasando por otros muchos trucos incre\u00edbles que dejaron embobado a todo el p\u00fablico, que particip\u00f3 activamente en el espect\u00e1culo.<\/p>\n<p style=\"text-align: justify\">Lo importante era pasarlo bien y colaborar con el proyecto escolapio al que va destinada este a\u00f1o la Campa\u00f1a de Solidaridad y el evento: la mejora de una escuela en Kamda (la India), a la que asisten unos 600 ni\u00f1os y ni\u00f1as.<\/p>\n<p style=\"text-align: justify\">Adem\u00e1s, los asistentes pudieron fotografiarse en el photocall con los magos-piratas, y con los personajes de la campa\u00f1a, la Expedici\u00f3n Itaka- Escolapios que, encabezada por San Jos\u00e9 de Calasanz, presid\u00edan el hall del sal\u00f3n de actos.<\/p>\n<p style=\"text-align: justify\">S\u00f3lo queda dar las gracias a los tres magos, a los voluntarios que colaboraron tanto ese d\u00eda como en las semanas anteriores para que todo estuviese perfecto, \u00a0y, por supuesto, gracias a todos los asistentes se recaudaron m\u00e1s de 2.000 y sobre todo, muchas sonrisas y buenos momentos que convirtieron una tarde lluviosa en un d\u00eda muy especial para todos!<\/p>\n<p style=\"text-align: justify\">Pod\u00e9is ver todas las fotos de este d\u00eda en nuestro <a title=\"Facebook\" href=\"https:\/\/www.facebook.com\/pg\/ItakaBetania\/photos\/?tab=album&amp;album_id=1309105975846087\">Facebook<\/a>!<\/p>\n<p style=\"text-align: justify\">\n","protected":false},"excerpt":{"rendered":"<p>Por quinto a\u00f1o consecutivo, el colegio san Jos\u00e9 de Calasanz de Valencia acogi\u00f3 el espect\u00e1culo de Magia en Familia que, con el t\u00edtulo \u201cEn busca del tesoro\u201d, puso encima del [&hellip;]<\/p>\n","protected":false},"author":39,"featured_media":17697,"comment_status":"closed","ping_status":"closed","sticky":false,"template":"","format":"standard","meta":{"_et_pb_use_builder":"","_et_pb_old_content":"","_et_gb_content_width":"","footnotes":""},"categories":[12],"tags":[419,238,152,239,240],"class_list":["post-17696","post","type-post","status-publish","format-standard","has-post-thumbnail","hentry","category-valencia","tag-itaka-escolapios","tag-kamda","tag-magia-en-familia","tag-magia-familiar","tag-piratas"],"yoast_head":"<!-- This site is optimized with the Yoast SEO plugin v27.4 - https:\/\/yoast.com\/product\/yoast-seo-wordpress\/ -->\n<title>NADA POR AQU\u00cd, NADA POR ALL\u00c1\u2026 UN A\u00d1O M\u00c1S, MAGIA EN FAMILIA!<\/title>\n<meta name=\"description\" content=\"Por quinto a\u00f1o consecutivo, el colegio san Jos\u00e9 de Calasanz de Valencia acogi\u00f3 el espect\u00e1culo de Magia en Familia que, con el t\u00edtulo \u201cEn busca del tesoro\u201d, puso encima del escenario los mejores trucos de magia aderezados con la diversi\u00f3n correspondiente, de la mano del mago Kiki, el mago Vaza y el mago Sergio. Unas&hellip;\" \/>\n<meta name=\"robots\" content=\"index, follow, max-snippet:-1, max-image-preview:large, max-video-preview:-1\" \/>\n<link rel=\"canonical\" href=\"http:\/\/Por%20quinto%20a\u00f1o%20consecutivo,%20el%20colegio%20san%20Jos\u00e9%20de%20Calasanz%20de%20Valencia%20acogi\u00f3%20el%20espect\u00e1culo%20de%20Magia%20en%20Familia%20que,%20con%20el%20t\u00edtulo%20\u201cEn%20busca%20del%20tesoro\u201d,%20puso%20encima%20del%20escenario%20los%20mejores%20trucos%20de%20magia%20aderezados%20con%20la%20diversi\u00f3n%20correspondiente,%20de%20la%20mano%20del%20mago%20Kiki,%20el%20mago%20Vaza%20y%20el%20mago%20Sergio.%20Unas&hellip;\" \/>\n<meta property=\"og:locale\" content=\"pt_BR\" \/>\n<meta property=\"og:type\" content=\"article\" \/>\n<meta property=\"og:title\" content=\"NADA POR AQU\u00cd, NADA POR ALL\u00c1\u2026 UN A\u00d1O M\u00c1S, MAGIA EN FAMILIA!\" \/>\n<meta property=\"og:description\" content=\"Por quinto a\u00f1o consecutivo, el colegio san Jos\u00e9 de Calasanz de Valencia acogi\u00f3 el espect\u00e1culo de Magia en Familia que, con el t\u00edtulo \u201cEn busca del tesoro\u201d, puso encima del escenario los mejores trucos de magia aderezados con la diversi\u00f3n correspondiente, de la mano del mago Kiki, el mago Vaza y el mago Sergio. Unas&hellip;\" \/>\n<meta property=\"og:url\" content=\"https:\/\/www.itakaescolapios.org\/pt\/2016\/12\/nada-por-aqui-nada-por-alla-un-ano-mas-magia-en-familia\/\" \/>\n<meta property=\"og:site_name\" content=\"Itaka-Escolapios\" \/>\n<meta property=\"article:published_time\" content=\"2016-12-23T12:28:34+00:00\" \/>\n<meta property=\"article:modified_time\" content=\"2023-11-28T11:38:15+00:00\" \/>\n<meta property=\"og:image\" content=\"https:\/\/www.itakaescolapios.org\/wp-content\/uploads\/2016\/12\/MAGIA-EN-FAMILIA-71.jpg\" \/>\n\t<meta property=\"og:image:width\" content=\"2000\" \/>\n\t<meta property=\"og:image:height\" content=\"1500\" \/>\n\t<meta property=\"og:image:type\" content=\"image\/jpeg\" \/>\n<meta name=\"author\" content=\"valencia01\" \/>\n<meta name=\"twitter:card\" content=\"summary_large_image\" \/>\n<meta name=\"twitter:label1\" content=\"Escrito por\" \/>\n\t<meta name=\"twitter:data1\" content=\"valencia01\" \/>\n\t<meta name=\"twitter:label2\" content=\"Est. tempo de leitura\" \/>\n\t<meta name=\"twitter:data2\" content=\"1 minuto\" \/>\n<script type=\"application\/ld+json\" class=\"yoast-schema-graph\">{\"@context\":\"https:\\\/\\\/schema.org\",\"@graph\":[{\"@type\":\"Article\",\"@id\":\"https:\\\/\\\/www.itakaescolapios.org\\\/pt\\\/2016\\\/12\\\/nada-por-aqui-nada-por-alla-un-ano-mas-magia-en-familia\\\/#article\",\"isPartOf\":{\"@id\":\"https:\\\/\\\/www.itakaescolapios.org\\\/pt\\\/2016\\\/12\\\/nada-por-aqui-nada-por-alla-un-ano-mas-magia-en-familia\\\/\"},\"author\":{\"name\":\"valencia01\",\"@id\":\"https:\\\/\\\/www.itakaescolapios.org\\\/es\\\/#\\\/schema\\\/person\\\/c232ccaa2b3f2e98db93c1f8dfca96ff\"},\"headline\":\"NADA POR AQU\u00cd, NADA POR ALL\u00c1\u2026 UN A\u00d1O M\u00c1S, MAGIA EN FAMILIA!\",\"datePublished\":\"2016-12-23T12:28:34+00:00\",\"dateModified\":\"2023-11-28T11:38:15+00:00\",\"mainEntityOfPage\":{\"@id\":\"https:\\\/\\\/www.itakaescolapios.org\\\/pt\\\/2016\\\/12\\\/nada-por-aqui-nada-por-alla-un-ano-mas-magia-en-familia\\\/\"},\"wordCount\":302,\"publisher\":{\"@id\":\"https:\\\/\\\/www.itakaescolapios.org\\\/es\\\/#organization\"},\"image\":{\"@id\":\"https:\\\/\\\/www.itakaescolapios.org\\\/pt\\\/2016\\\/12\\\/nada-por-aqui-nada-por-alla-un-ano-mas-magia-en-familia\\\/#primaryimage\"},\"thumbnailUrl\":\"https:\\\/\\\/www.itakaescolapios.org\\\/wp-content\\\/uploads\\\/2016\\\/12\\\/MAGIA-EN-FAMILIA-71.jpg\",\"keywords\":[\"Itaka Escolapios\",\"Kamda\",\"Magia en Familia\",\"magia familiar\",\"piratas\"],\"articleSection\":[\"Valencia\"],\"inLanguage\":\"pt-BR\"},{\"@type\":\"WebPage\",\"@id\":\"https:\\\/\\\/www.itakaescolapios.org\\\/pt\\\/2016\\\/12\\\/nada-por-aqui-nada-por-alla-un-ano-mas-magia-en-familia\\\/\",\"url\":\"https:\\\/\\\/www.itakaescolapios.org\\\/pt\\\/2016\\\/12\\\/nada-por-aqui-nada-por-alla-un-ano-mas-magia-en-familia\\\/\",\"name\":\"NADA POR AQU\u00cd, NADA POR ALL\u00c1\u2026 UN A\u00d1O M\u00c1S, MAGIA EN FAMILIA! - Itaka-Escolapios\",\"isPartOf\":{\"@id\":\"https:\\\/\\\/www.itakaescolapios.org\\\/es\\\/#website\"},\"primaryImageOfPage\":{\"@id\":\"https:\\\/\\\/www.itakaescolapios.org\\\/pt\\\/2016\\\/12\\\/nada-por-aqui-nada-por-alla-un-ano-mas-magia-en-familia\\\/#primaryimage\"},\"image\":{\"@id\":\"https:\\\/\\\/www.itakaescolapios.org\\\/pt\\\/2016\\\/12\\\/nada-por-aqui-nada-por-alla-un-ano-mas-magia-en-familia\\\/#primaryimage\"},\"thumbnailUrl\":\"https:\\\/\\\/www.itakaescolapios.org\\\/wp-content\\\/uploads\\\/2016\\\/12\\\/MAGIA-EN-FAMILIA-71.jpg\",\"datePublished\":\"2016-12-23T12:28:34+00:00\",\"dateModified\":\"2023-11-28T11:38:15+00:00\",\"breadcrumb\":{\"@id\":\"https:\\\/\\\/www.itakaescolapios.org\\\/pt\\\/2016\\\/12\\\/nada-por-aqui-nada-por-alla-un-ano-mas-magia-en-familia\\\/#breadcrumb\"},\"inLanguage\":\"pt-BR\",\"potentialAction\":[{\"@type\":\"ReadAction\",\"target\":[\"https:\\\/\\\/www.itakaescolapios.org\\\/pt\\\/2016\\\/12\\\/nada-por-aqui-nada-por-alla-un-ano-mas-magia-en-familia\\\/\"]}]},{\"@type\":\"ImageObject\",\"inLanguage\":\"pt-BR\",\"@id\":\"https:\\\/\\\/www.itakaescolapios.org\\\/pt\\\/2016\\\/12\\\/nada-por-aqui-nada-por-alla-un-ano-mas-magia-en-familia\\\/#primaryimage\",\"url\":\"https:\\\/\\\/www.itakaescolapios.org\\\/wp-content\\\/uploads\\\/2016\\\/12\\\/MAGIA-EN-FAMILIA-71.jpg\",\"contentUrl\":\"https:\\\/\\\/www.itakaescolapios.org\\\/wp-content\\\/uploads\\\/2016\\\/12\\\/MAGIA-EN-FAMILIA-71.jpg\",\"width\":2000,\"height\":1500},{\"@type\":\"BreadcrumbList\",\"@id\":\"https:\\\/\\\/www.itakaescolapios.org\\\/pt\\\/2016\\\/12\\\/nada-por-aqui-nada-por-alla-un-ano-mas-magia-en-familia\\\/#breadcrumb\",\"itemListElement\":[{\"@type\":\"ListItem\",\"position\":1,\"name\":\"Itaka-Escolapios\",\"item\":\"https:\\\/\\\/www.itakaescolapios.org\\\/es\\\/\"},{\"@type\":\"ListItem\",\"position\":2,\"name\":\"NADA POR AQU\u00cd, NADA POR ALL\u00c1\u2026 UN A\u00d1O M\u00c1S, MAGIA EN FAMILIA!\"}]},{\"@type\":\"WebSite\",\"@id\":\"https:\\\/\\\/www.itakaescolapios.org\\\/pt\\\/es\\\/#website\",\"url\":\"https:\\\/\\\/www.itakaescolapios.org\\\/pt\\\/es\\\/\",\"name\":\"Itaka-Escolapios\",\"description\":\"Red de Itaka-Escolapios\",\"publisher\":{\"@id\":\"https:\\\/\\\/www.itakaescolapios.org\\\/pt\\\/es\\\/#organization\"},\"potentialAction\":[{\"@type\":\"SearchAction\",\"target\":{\"@type\":\"EntryPoint\",\"urlTemplate\":\"https:\\\/\\\/www.itakaescolapios.org\\\/pt\\\/es\\\/?s={search_term_string}\"},\"query-input\":{\"@type\":\"PropertyValueSpecification\",\"valueRequired\":true,\"valueName\":\"search_term_string\"}}],\"inLanguage\":\"pt-BR\"},{\"@type\":\"Organization\",\"@id\":\"https:\\\/\\\/www.itakaescolapios.org\\\/pt\\\/es\\\/#organization\",\"name\":\"Fundaci\u00f3 Itaka-Escolapios\",\"url\":\"https:\\\/\\\/www.itakaescolapios.org\\\/pt\\\/es\\\/\",\"logo\":{\"@type\":\"ImageObject\",\"inLanguage\":\"pt-BR\",\"@id\":\"https:\\\/\\\/www.itakaescolapios.org\\\/pt\\\/es\\\/#\\\/schema\\\/logo\\\/image\\\/\",\"url\":\"https:\\\/\\\/www.itakaescolapios.org\\\/wp-content\\\/uploads\\\/2024\\\/04\\\/Logo-itakaescolapios-peque.png\",\"contentUrl\":\"https:\\\/\\\/www.itakaescolapios.org\\\/wp-content\\\/uploads\\\/2024\\\/04\\\/Logo-itakaescolapios-peque.png\",\"width\":500,\"height\":199,\"caption\":\"Fundaci\u00f3 Itaka-Escolapios\"},\"image\":{\"@id\":\"https:\\\/\\\/www.itakaescolapios.org\\\/pt\\\/es\\\/#\\\/schema\\\/logo\\\/image\\\/\"}},{\"@type\":\"Person\",\"@id\":\"https:\\\/\\\/www.itakaescolapios.org\\\/es\\\/#\\\/schema\\\/person\\\/c232ccaa2b3f2e98db93c1f8dfca96ff\",\"name\":\"valencia01\",\"url\":\"https:\\\/\\\/www.itakaescolapios.org\\\/pt\\\/author\\\/valencia01\\\/\"}]}<\/script>\n<!-- \/ Yoast SEO plugin. -->","yoast_head_json":{"title":"NADA POR AQU\u00cd, NADA POR ALL\u00c1\u2026 UN A\u00d1O M\u00c1S, MAGIA EN FAMILIA!","description":"Por quinto a\u00f1o consecutivo, el colegio san Jos\u00e9 de Calasanz de Valencia acogi\u00f3 el espect\u00e1culo de Magia en Familia que, con el t\u00edtulo \u201cEn busca del tesoro\u201d, puso encima del escenario los mejores trucos de magia aderezados con la diversi\u00f3n correspondiente, de la mano del mago Kiki, el mago Vaza y el mago Sergio. Unas&hellip;","robots":{"index":"index","follow":"follow","max-snippet":"max-snippet:-1","max-image-preview":"max-image-preview:large","max-video-preview":"max-video-preview:-1"},"canonical":"Por quinto a\u00f1o consecutivo, el colegio san Jos\u00e9 de Calasanz de Valencia acogi\u00f3 el espect\u00e1culo de Magia en Familia que, con el t\u00edtulo \u201cEn busca del tesoro\u201d, puso encima del escenario los mejores trucos de magia aderezados con la diversi\u00f3n correspondiente, de la mano del mago Kiki, el mago Vaza y el mago Sergio. Unas&hellip;","og_locale":"pt_BR","og_type":"article","og_title":"NADA POR AQU\u00cd, NADA POR ALL\u00c1\u2026 UN A\u00d1O M\u00c1S, MAGIA EN FAMILIA!","og_description":"Por quinto a\u00f1o consecutivo, el colegio san Jos\u00e9 de Calasanz de Valencia acogi\u00f3 el espect\u00e1culo de Magia en Familia que, con el t\u00edtulo \u201cEn busca del tesoro\u201d, puso encima del escenario los mejores trucos de magia aderezados con la diversi\u00f3n correspondiente, de la mano del mago Kiki, el mago Vaza y el mago Sergio. Unas&hellip;","og_url":"https:\/\/www.itakaescolapios.org\/pt\/2016\/12\/nada-por-aqui-nada-por-alla-un-ano-mas-magia-en-familia\/","og_site_name":"Itaka-Escolapios","article_published_time":"2016-12-23T12:28:34+00:00","article_modified_time":"2023-11-28T11:38:15+00:00","og_image":[{"width":2000,"height":1500,"url":"https:\/\/www.itakaescolapios.org\/wp-content\/uploads\/2016\/12\/MAGIA-EN-FAMILIA-71.jpg","type":"image\/jpeg"}],"author":"valencia01","twitter_card":"summary_large_image","twitter_misc":{"Escrito por":"valencia01","Est. tempo de leitura":"1 minuto"},"schema":{"@context":"https:\/\/schema.org","@graph":[{"@type":"Article","@id":"https:\/\/www.itakaescolapios.org\/pt\/2016\/12\/nada-por-aqui-nada-por-alla-un-ano-mas-magia-en-familia\/#article","isPartOf":{"@id":"https:\/\/www.itakaescolapios.org\/pt\/2016\/12\/nada-por-aqui-nada-por-alla-un-ano-mas-magia-en-familia\/"},"author":{"name":"valencia01","@id":"https:\/\/www.itakaescolapios.org\/es\/#\/schema\/person\/c232ccaa2b3f2e98db93c1f8dfca96ff"},"headline":"NADA POR AQU\u00cd, NADA POR ALL\u00c1\u2026 UN A\u00d1O M\u00c1S, MAGIA EN FAMILIA!","datePublished":"2016-12-23T12:28:34+00:00","dateModified":"2023-11-28T11:38:15+00:00","mainEntityOfPage":{"@id":"https:\/\/www.itakaescolapios.org\/pt\/2016\/12\/nada-por-aqui-nada-por-alla-un-ano-mas-magia-en-familia\/"},"wordCount":302,"publisher":{"@id":"https:\/\/www.itakaescolapios.org\/es\/#organization"},"image":{"@id":"https:\/\/www.itakaescolapios.org\/pt\/2016\/12\/nada-por-aqui-nada-por-alla-un-ano-mas-magia-en-familia\/#primaryimage"},"thumbnailUrl":"https:\/\/www.itakaescolapios.org\/wp-content\/uploads\/2016\/12\/MAGIA-EN-FAMILIA-71.jpg","keywords":["Itaka Escolapios","Kamda","Magia en Familia","magia familiar","piratas"],"articleSection":["Valencia"],"inLanguage":"pt-BR"},{"@type":"WebPage","@id":"https:\/\/www.itakaescolapios.org\/pt\/2016\/12\/nada-por-aqui-nada-por-alla-un-ano-mas-magia-en-familia\/","url":"https:\/\/www.itakaescolapios.org\/pt\/2016\/12\/nada-por-aqui-nada-por-alla-un-ano-mas-magia-en-familia\/","name":"NADA POR AQU\u00cd, NADA POR ALL\u00c1\u2026 UN A\u00d1O M\u00c1S, MAGIA EN FAMILIA! - Itaka-Escolapios","isPartOf":{"@id":"https:\/\/www.itakaescolapios.org\/es\/#website"},"primaryImageOfPage":{"@id":"https:\/\/www.itakaescolapios.org\/pt\/2016\/12\/nada-por-aqui-nada-por-alla-un-ano-mas-magia-en-familia\/#primaryimage"},"image":{"@id":"https:\/\/www.itakaescolapios.org\/pt\/2016\/12\/nada-por-aqui-nada-por-alla-un-ano-mas-magia-en-familia\/#primaryimage"},"thumbnailUrl":"https:\/\/www.itakaescolapios.org\/wp-content\/uploads\/2016\/12\/MAGIA-EN-FAMILIA-71.jpg","datePublished":"2016-12-23T12:28:34+00:00","dateModified":"2023-11-28T11:38:15+00:00","breadcrumb":{"@id":"https:\/\/www.itakaescolapios.org\/pt\/2016\/12\/nada-por-aqui-nada-por-alla-un-ano-mas-magia-en-familia\/#breadcrumb"},"inLanguage":"pt-BR","potentialAction":[{"@type":"ReadAction","target":["https:\/\/www.itakaescolapios.org\/pt\/2016\/12\/nada-por-aqui-nada-por-alla-un-ano-mas-magia-en-familia\/"]}]},{"@type":"ImageObject","inLanguage":"pt-BR","@id":"https:\/\/www.itakaescolapios.org\/pt\/2016\/12\/nada-por-aqui-nada-por-alla-un-ano-mas-magia-en-familia\/#primaryimage","url":"https:\/\/www.itakaescolapios.org\/wp-content\/uploads\/2016\/12\/MAGIA-EN-FAMILIA-71.jpg","contentUrl":"https:\/\/www.itakaescolapios.org\/wp-content\/uploads\/2016\/12\/MAGIA-EN-FAMILIA-71.jpg","width":2000,"height":1500},{"@type":"BreadcrumbList","@id":"https:\/\/www.itakaescolapios.org\/pt\/2016\/12\/nada-por-aqui-nada-por-alla-un-ano-mas-magia-en-familia\/#breadcrumb","itemListElement":[{"@type":"ListItem","position":1,"name":"Itaka-Escolapios","item":"https:\/\/www.itakaescolapios.org\/es\/"},{"@type":"ListItem","position":2,"name":"NADA POR AQU\u00cd, NADA POR ALL\u00c1\u2026 UN A\u00d1O M\u00c1S, MAGIA EN FAMILIA!"}]},{"@type":"WebSite","@id":"https:\/\/www.itakaescolapios.org\/pt\/es\/#website","url":"https:\/\/www.itakaescolapios.org\/pt\/es\/","name":"Itaka-Escolapios","description":"Red de Itaka-Escolapios","publisher":{"@id":"https:\/\/www.itakaescolapios.org\/pt\/es\/#organization"},"potentialAction":[{"@type":"SearchAction","target":{"@type":"EntryPoint","urlTemplate":"https:\/\/www.itakaescolapios.org\/pt\/es\/?s={search_term_string}"},"query-input":{"@type":"PropertyValueSpecification","valueRequired":true,"valueName":"search_term_string"}}],"inLanguage":"pt-BR"},{"@type":"Organization","@id":"https:\/\/www.itakaescolapios.org\/pt\/es\/#organization","name":"Fundaci\u00f3 Itaka-Escolapios","url":"https:\/\/www.itakaescolapios.org\/pt\/es\/","logo":{"@type":"ImageObject","inLanguage":"pt-BR","@id":"https:\/\/www.itakaescolapios.org\/pt\/es\/#\/schema\/logo\/image\/","url":"https:\/\/www.itakaescolapios.org\/wp-content\/uploads\/2024\/04\/Logo-itakaescolapios-peque.png","contentUrl":"https:\/\/www.itakaescolapios.org\/wp-content\/uploads\/2024\/04\/Logo-itakaescolapios-peque.png","width":500,"height":199,"caption":"Fundaci\u00f3 Itaka-Escolapios"},"image":{"@id":"https:\/\/www.itakaescolapios.org\/pt\/es\/#\/schema\/logo\/image\/"}},{"@type":"Person","@id":"https:\/\/www.itakaescolapios.org\/es\/#\/schema\/person\/c232ccaa2b3f2e98db93c1f8dfca96ff","name":"valencia01","url":"https:\/\/www.itakaescolapios.org\/pt\/author\/valencia01\/"}]}},"_links":{"self":[{"href":"https:\/\/www.itakaescolapios.org\/pt\/wp-json\/wp\/v2\/posts\/17696","targetHints":{"allow":["GET"]}}],"collection":[{"href":"https:\/\/www.itakaescolapios.org\/pt\/wp-json\/wp\/v2\/posts"}],"about":[{"href":"https:\/\/www.itakaescolapios.org\/pt\/wp-json\/wp\/v2\/types\/post"}],"author":[{"embeddable":true,"href":"https:\/\/www.itakaescolapios.org\/pt\/wp-json\/wp\/v2\/users\/39"}],"replies":[{"embeddable":true,"href":"https:\/\/www.itakaescolapios.org\/pt\/wp-json\/wp\/v2\/comments?post=17696"}],"version-history":[{"count":3,"href":"https:\/\/www.itakaescolapios.org\/pt\/wp-json\/wp\/v2\/posts\/17696\/revisions"}],"predecessor-version":[{"id":48021,"href":"https:\/\/www.itakaescolapios.org\/pt\/wp-json\/wp\/v2\/posts\/17696\/revisions\/48021"}],"wp:featuredmedia":[{"embeddable":true,"href":"https:\/\/www.itakaescolapios.org\/pt\/wp-json\/wp\/v2\/media\/17697"}],"wp:attachment":[{"href":"https:\/\/www.itakaescolapios.org\/pt\/wp-json\/wp\/v2\/media?parent=17696"}],"wp:term":[{"taxonomy":"category","embeddable":true,"href":"https:\/\/www.itakaescolapios.org\/pt\/wp-json\/wp\/v2\/categories?post=17696"},{"taxonomy":"post_tag","embeddable":true,"href":"https:\/\/www.itakaescolapios.org\/pt\/wp-json\/wp\/v2\/tags?post=17696"}],"curies":[{"name":"wp","href":"https:\/\/api.w.org\/{rel}","templated":true}]}}