{"id":18453,"date":"2017-03-13T16:39:42","date_gmt":"2017-03-13T15:39:42","guid":{"rendered":"https:\/\/www.itakaescolapios.org\/?p=18453"},"modified":"2023-11-28T12:38:09","modified_gmt":"2023-11-28T11:38:09","slug":"ortzadar-eguna-en-pamplona-iruna-y-bilbao","status":"publish","type":"post","link":"https:\/\/www.itakaescolapios.org\/pt\/2017\/03\/ortzadar-eguna-en-pamplona-iruna-y-bilbao\/","title":{"rendered":"Ortzadar Eguna en Pamplona-Iru\u00f1a y Bilbao"},"content":{"rendered":"<p>Chicas y chicos de los grupos del Movimiento Calasanz de Bilbao, Pamplona-Iru\u00f1a, Tolosa y Vitoria-Gasteiz se reunieron para celebrar el Encuentro Ortzadar Eguna &#8211; Escolapios Muy Cient\u00edficos. En las dos sedes, Pamplona-Iru\u00f1a y Bilbao, rein\u00f3 el buen ambiente y las ganas de profundizar en las claves de la creaci\u00f3n de la mano de la Ciencia y de la Fe. Una gozada compartir tan buenos momentos con grandes creyentes y cient\u00edficos, defensores de la Creaci\u00f3n -personas que han contribuido al progreso- como Francisco de As\u00eds, Ada Lovelace, Einstein, Santa Clara, Newton&#8230; o escolapios como el inventor del motor a explosi\u00f3n Eugenio Barsanti, Inghirami y Pizzi, grandes astr\u00f3nomos, el paleont\u00f3logo Ruiz de Gaona, etc.<\/p>\n<p>Os dejamos varias fotos de esta gran fiesta de la cabeza y el coraz\u00f3n, de la fe y la ciencia, del amor por la Creaci\u00f3n que Dios nos ha regalado y de todos los que queremos seguir haci\u00e9ndola progresar.\u00a0<a href=\"https:\/\/www.itakaescolapios.org\/wp-content\/uploads\/2017\/03\/IMG-20170311-WA0055.jpg\"><img decoding=\"async\" class=\"alignleft size-medium wp-image-18454\" alt=\"IMG-20170311-WA0055\" src=\"https:\/\/www.itakaescolapios.org\/wp-content\/uploads\/2017\/03\/IMG-20170311-WA0055-300x168.jpg\" width=\"300\" height=\"168\" srcset=\"https:\/\/www.itakaescolapios.org\/wp-content\/uploads\/2017\/03\/IMG-20170311-WA0055-300x168.jpg 300w, https:\/\/www.itakaescolapios.org\/wp-content\/uploads\/2017\/03\/IMG-20170311-WA0055-1024x576.jpg 1024w, https:\/\/www.itakaescolapios.org\/wp-content\/uploads\/2017\/03\/IMG-20170311-WA0055-250x140.jpg 250w, https:\/\/www.itakaescolapios.org\/wp-content\/uploads\/2017\/03\/IMG-20170311-WA0055.jpg 1600w\" sizes=\"(max-width: 300px) 100vw, 300px\" \/><\/a> <a href=\"https:\/\/www.itakaescolapios.org\/wp-content\/uploads\/2017\/03\/IMG-20170311-WA0056.jpg\"><img decoding=\"async\" class=\"alignleft size-medium wp-image-18455\" alt=\"IMG-20170311-WA0056\" src=\"https:\/\/www.itakaescolapios.org\/wp-content\/uploads\/2017\/03\/IMG-20170311-WA0056-300x168.jpg\" width=\"300\" height=\"168\" srcset=\"https:\/\/www.itakaescolapios.org\/wp-content\/uploads\/2017\/03\/IMG-20170311-WA0056-300x168.jpg 300w, https:\/\/www.itakaescolapios.org\/wp-content\/uploads\/2017\/03\/IMG-20170311-WA0056-1024x576.jpg 1024w, https:\/\/www.itakaescolapios.org\/wp-content\/uploads\/2017\/03\/IMG-20170311-WA0056-250x140.jpg 250w, https:\/\/www.itakaescolapios.org\/wp-content\/uploads\/2017\/03\/IMG-20170311-WA0056.jpg 1600w\" sizes=\"(max-width: 300px) 100vw, 300px\" \/><\/a> <a href=\"https:\/\/www.itakaescolapios.org\/wp-content\/uploads\/2017\/03\/IMG-20170312-WA0007.jpg\"><img decoding=\"async\" class=\"alignleft size-medium wp-image-18456\" alt=\"IMG-20170312-WA0007\" src=\"https:\/\/www.itakaescolapios.org\/wp-content\/uploads\/2017\/03\/IMG-20170312-WA0007-300x168.jpg\" width=\"300\" height=\"168\" srcset=\"https:\/\/www.itakaescolapios.org\/wp-content\/uploads\/2017\/03\/IMG-20170312-WA0007-300x168.jpg 300w, https:\/\/www.itakaescolapios.org\/wp-content\/uploads\/2017\/03\/IMG-20170312-WA0007-1024x575.jpg 1024w, https:\/\/www.itakaescolapios.org\/wp-content\/uploads\/2017\/03\/IMG-20170312-WA0007-250x140.jpg 250w, https:\/\/www.itakaescolapios.org\/wp-content\/uploads\/2017\/03\/IMG-20170312-WA0007.jpg 1599w\" sizes=\"(max-width: 300px) 100vw, 300px\" \/><\/a> <a href=\"https:\/\/www.itakaescolapios.org\/wp-content\/uploads\/2017\/03\/IMG-20170312-WA0009.jpg\"><img decoding=\"async\" class=\"alignleft size-medium wp-image-18457\" alt=\"IMG-20170312-WA0009\" src=\"https:\/\/www.itakaescolapios.org\/wp-content\/uploads\/2017\/03\/IMG-20170312-WA0009-300x168.jpg\" width=\"300\" height=\"168\" srcset=\"https:\/\/www.itakaescolapios.org\/wp-content\/uploads\/2017\/03\/IMG-20170312-WA0009-300x168.jpg 300w, https:\/\/www.itakaescolapios.org\/wp-content\/uploads\/2017\/03\/IMG-20170312-WA0009-1024x576.jpg 1024w, https:\/\/www.itakaescolapios.org\/wp-content\/uploads\/2017\/03\/IMG-20170312-WA0009-250x140.jpg 250w, https:\/\/www.itakaescolapios.org\/wp-content\/uploads\/2017\/03\/IMG-20170312-WA0009.jpg 1600w\" sizes=\"(max-width: 300px) 100vw, 300px\" \/><\/a> <a href=\"https:\/\/www.itakaescolapios.org\/wp-content\/uploads\/2017\/03\/IMG-20170313-WA0008.jpg\"><img decoding=\"async\" class=\"alignleft size-medium wp-image-18458\" alt=\"IMG-20170313-WA0008\" src=\"https:\/\/www.itakaescolapios.org\/wp-content\/uploads\/2017\/03\/IMG-20170313-WA0008-300x168.jpg\" width=\"300\" height=\"168\" srcset=\"https:\/\/www.itakaescolapios.org\/wp-content\/uploads\/2017\/03\/IMG-20170313-WA0008-300x168.jpg 300w, https:\/\/www.itakaescolapios.org\/wp-content\/uploads\/2017\/03\/IMG-20170313-WA0008-1024x575.jpg 1024w, https:\/\/www.itakaescolapios.org\/wp-content\/uploads\/2017\/03\/IMG-20170313-WA0008-250x140.jpg 250w, https:\/\/www.itakaescolapios.org\/wp-content\/uploads\/2017\/03\/IMG-20170313-WA0008.jpg 1599w\" sizes=\"(max-width: 300px) 100vw, 300px\" \/><\/a> <a href=\"https:\/\/www.itakaescolapios.org\/wp-content\/uploads\/2017\/03\/IMG-20170313-WA0010.jpg\"><img decoding=\"async\" class=\"alignleft size-medium wp-image-18459\" alt=\"IMG-20170313-WA0010\" src=\"https:\/\/www.itakaescolapios.org\/wp-content\/uploads\/2017\/03\/IMG-20170313-WA0010-300x168.jpg\" width=\"300\" height=\"168\" srcset=\"https:\/\/www.itakaescolapios.org\/wp-content\/uploads\/2017\/03\/IMG-20170313-WA0010-300x168.jpg 300w, https:\/\/www.itakaescolapios.org\/wp-content\/uploads\/2017\/03\/IMG-20170313-WA0010-1024x575.jpg 1024w, https:\/\/www.itakaescolapios.org\/wp-content\/uploads\/2017\/03\/IMG-20170313-WA0010-250x140.jpg 250w, https:\/\/www.itakaescolapios.org\/wp-content\/uploads\/2017\/03\/IMG-20170313-WA0010.jpg 1599w\" sizes=\"(max-width: 300px) 100vw, 300px\" \/><\/a> <a href=\"https:\/\/www.itakaescolapios.org\/wp-content\/uploads\/2017\/03\/IMG-20170313-WA0011.jpg\"><img decoding=\"async\" class=\"alignleft size-medium wp-image-18460\" alt=\"IMG-20170313-WA0011\" src=\"https:\/\/www.itakaescolapios.org\/wp-content\/uploads\/2017\/03\/IMG-20170313-WA0011-300x168.jpg\" width=\"300\" height=\"168\" srcset=\"https:\/\/www.itakaescolapios.org\/wp-content\/uploads\/2017\/03\/IMG-20170313-WA0011-300x168.jpg 300w, https:\/\/www.itakaescolapios.org\/wp-content\/uploads\/2017\/03\/IMG-20170313-WA0011-1024x575.jpg 1024w, https:\/\/www.itakaescolapios.org\/wp-content\/uploads\/2017\/03\/IMG-20170313-WA0011-250x140.jpg 250w, https:\/\/www.itakaescolapios.org\/wp-content\/uploads\/2017\/03\/IMG-20170313-WA0011.jpg 1599w\" sizes=\"(max-width: 300px) 100vw, 300px\" \/><\/a> <a href=\"https:\/\/www.itakaescolapios.org\/wp-content\/uploads\/2017\/03\/IMG-20170313-WA0012.jpg\"><img decoding=\"async\" class=\"alignleft size-medium wp-image-18461\" alt=\"IMG-20170313-WA0012\" src=\"https:\/\/www.itakaescolapios.org\/wp-content\/uploads\/2017\/03\/IMG-20170313-WA0012-168x300.jpg\" width=\"168\" height=\"300\" srcset=\"https:\/\/www.itakaescolapios.org\/wp-content\/uploads\/2017\/03\/IMG-20170313-WA0012-168x300.jpg 168w, https:\/\/www.itakaescolapios.org\/wp-content\/uploads\/2017\/03\/IMG-20170313-WA0012-575x1024.jpg 575w, https:\/\/www.itakaescolapios.org\/wp-content\/uploads\/2017\/03\/IMG-20170313-WA0012.jpg 843w\" sizes=\"(max-width: 168px) 100vw, 168px\" \/><\/a> <a href=\"https:\/\/www.itakaescolapios.org\/wp-content\/uploads\/2017\/03\/IMG-20170313-WA0013.jpg\"><img decoding=\"async\" class=\"alignleft size-medium wp-image-18462\" alt=\"IMG-20170313-WA0013\" src=\"https:\/\/www.itakaescolapios.org\/wp-content\/uploads\/2017\/03\/IMG-20170313-WA0013-168x300.jpg\" width=\"168\" height=\"300\" srcset=\"https:\/\/www.itakaescolapios.org\/wp-content\/uploads\/2017\/03\/IMG-20170313-WA0013-168x300.jpg 168w, https:\/\/www.itakaescolapios.org\/wp-content\/uploads\/2017\/03\/IMG-20170313-WA0013-575x1024.jpg 575w, https:\/\/www.itakaescolapios.org\/wp-content\/uploads\/2017\/03\/IMG-20170313-WA0013.jpg 843w\" sizes=\"(max-width: 168px) 100vw, 168px\" \/><\/a> <a href=\"https:\/\/www.itakaescolapios.org\/wp-content\/uploads\/2017\/03\/IMG-20170313-WA0014.jpg\"><img decoding=\"async\" class=\"alignleft size-medium wp-image-18463\" alt=\"IMG-20170313-WA0014\" src=\"https:\/\/www.itakaescolapios.org\/wp-content\/uploads\/2017\/03\/IMG-20170313-WA0014-300x168.jpg\" width=\"300\" height=\"168\" srcset=\"https:\/\/www.itakaescolapios.org\/wp-content\/uploads\/2017\/03\/IMG-20170313-WA0014-300x168.jpg 300w, https:\/\/www.itakaescolapios.org\/wp-content\/uploads\/2017\/03\/IMG-20170313-WA0014-1024x575.jpg 1024w, https:\/\/www.itakaescolapios.org\/wp-content\/uploads\/2017\/03\/IMG-20170313-WA0014-250x140.jpg 250w, https:\/\/www.itakaescolapios.org\/wp-content\/uploads\/2017\/03\/IMG-20170313-WA0014.jpg 1599w\" sizes=\"(max-width: 300px) 100vw, 300px\" \/><\/a> <a href=\"https:\/\/www.itakaescolapios.org\/wp-content\/uploads\/2017\/03\/IMG-20170313-WA0015.jpg\"><img decoding=\"async\" class=\"alignleft size-medium wp-image-18464\" alt=\"IMG-20170313-WA0015\" src=\"https:\/\/www.itakaescolapios.org\/wp-content\/uploads\/2017\/03\/IMG-20170313-WA0015-300x168.jpg\" width=\"300\" height=\"168\" srcset=\"https:\/\/www.itakaescolapios.org\/wp-content\/uploads\/2017\/03\/IMG-20170313-WA0015-300x168.jpg 300w, https:\/\/www.itakaescolapios.org\/wp-content\/uploads\/2017\/03\/IMG-20170313-WA0015-1024x575.jpg 1024w, https:\/\/www.itakaescolapios.org\/wp-content\/uploads\/2017\/03\/IMG-20170313-WA0015-250x140.jpg 250w, https:\/\/www.itakaescolapios.org\/wp-content\/uploads\/2017\/03\/IMG-20170313-WA0015.jpg 1599w\" sizes=\"(max-width: 300px) 100vw, 300px\" \/><\/a><\/p>\n","protected":false},"excerpt":{"rendered":"<p>Chicas y chicos de los grupos del Movimiento Calasanz de Bilbao, Pamplona-Iru\u00f1a, Tolosa y Vitoria-Gasteiz se reunieron para celebrar el Encuentro Ortzadar Eguna &#8211; Escolapios Muy Cient\u00edficos. En las dos [&hellip;]<\/p>\n","protected":false},"author":29,"featured_media":18456,"comment_status":"closed","ping_status":"closed","sticky":false,"template":"","format":"standard","meta":{"_et_pb_use_builder":"","_et_pb_old_content":"","_et_gb_content_width":"","footnotes":""},"categories":[9,30,20],"tags":[],"class_list":["post-18453","post","type-post","status-publish","format-standard","has-post-thumbnail","hentry","category-bilbao","category-itaka-escolapios","category-pamplona-iruna"],"yoast_head":"<!-- This site is optimized with the Yoast SEO plugin v27.4 - https:\/\/yoast.com\/product\/yoast-seo-wordpress\/ -->\n<title>Ortzadar Eguna en Pamplona-Iru\u00f1a y Bilbao<\/title>\n<meta name=\"description\" content=\"Chicas y chicos de los grupos del Movimiento Calasanz de Bilbao, Pamplona-Iru\u00f1a, Tolosa y Vitoria-Gasteiz se reunieron para celebrar el Encuentro Ortzadar Eguna - Escolapios Muy Cient\u00edficos. En las dos sedes, Pamplona-Iru\u00f1a y Bilbao, rein\u00f3 el buen ambiente y las ganas de profundizar en las claves de la creaci\u00f3n de la mano de la Ciencia&hellip;\" \/>\n<meta name=\"robots\" content=\"index, follow, max-snippet:-1, max-image-preview:large, max-video-preview:-1\" \/>\n<link rel=\"canonical\" href=\"http:\/\/Chicas%20y%20chicos%20de%20los%20grupos%20del%20Movimiento%20Calasanz%20de%20Bilbao,%20Pamplona-Iru\u00f1a,%20Tolosa%20y%20Vitoria-Gasteiz%20se%20reunieron%20para%20celebrar%20el%20Encuentro%20Ortzadar%20Eguna%20-%20Escolapios%20Muy%20Cient\u00edficos.%20En%20las%20dos%20sedes,%20Pamplona-Iru\u00f1a%20y%20Bilbao,%20rein\u00f3%20el%20buen%20ambiente%20y%20las%20ganas%20de%20profundizar%20en%20las%20claves%20de%20la%20creaci\u00f3n%20de%20la%20mano%20de%20la%20Ciencia&hellip;\" \/>\n<meta property=\"og:locale\" content=\"pt_BR\" \/>\n<meta property=\"og:type\" content=\"article\" \/>\n<meta property=\"og:title\" content=\"Ortzadar Eguna en Pamplona-Iru\u00f1a y Bilbao\" \/>\n<meta property=\"og:description\" content=\"Chicas y chicos de los grupos del Movimiento Calasanz de Bilbao, Pamplona-Iru\u00f1a, Tolosa y Vitoria-Gasteiz se reunieron para celebrar el Encuentro Ortzadar Eguna - Escolapios Muy Cient\u00edficos. En las dos sedes, Pamplona-Iru\u00f1a y Bilbao, rein\u00f3 el buen ambiente y las ganas de profundizar en las claves de la creaci\u00f3n de la mano de la Ciencia&hellip;\" \/>\n<meta property=\"og:url\" content=\"https:\/\/www.itakaescolapios.org\/pt\/2017\/03\/ortzadar-eguna-en-pamplona-iruna-y-bilbao\/\" \/>\n<meta property=\"og:site_name\" content=\"Itaka-Escolapios\" \/>\n<meta property=\"article:published_time\" content=\"2017-03-13T15:39:42+00:00\" \/>\n<meta property=\"article:modified_time\" content=\"2023-11-28T11:38:09+00:00\" \/>\n<meta property=\"og:image\" content=\"https:\/\/www.itakaescolapios.org\/wp-content\/uploads\/2017\/03\/IMG-20170312-WA0007.jpg\" \/>\n\t<meta property=\"og:image:width\" content=\"1599\" \/>\n\t<meta property=\"og:image:height\" content=\"899\" \/>\n\t<meta property=\"og:image:type\" content=\"image\/jpeg\" \/>\n<meta name=\"author\" content=\"pamplona01\" \/>\n<meta name=\"twitter:card\" content=\"summary_large_image\" \/>\n<meta name=\"twitter:label1\" content=\"Escrito por\" \/>\n\t<meta name=\"twitter:data1\" content=\"pamplona01\" \/>\n\t<meta name=\"twitter:label2\" content=\"Est. tempo de leitura\" \/>\n\t<meta name=\"twitter:data2\" content=\"1 minuto\" \/>\n<script type=\"application\/ld+json\" class=\"yoast-schema-graph\">{\"@context\":\"https:\\\/\\\/schema.org\",\"@graph\":[{\"@type\":\"Article\",\"@id\":\"https:\\\/\\\/www.itakaescolapios.org\\\/pt\\\/2017\\\/03\\\/ortzadar-eguna-en-pamplona-iruna-y-bilbao\\\/#article\",\"isPartOf\":{\"@id\":\"https:\\\/\\\/www.itakaescolapios.org\\\/pt\\\/2017\\\/03\\\/ortzadar-eguna-en-pamplona-iruna-y-bilbao\\\/\"},\"author\":{\"name\":\"pamplona01\",\"@id\":\"https:\\\/\\\/www.itakaescolapios.org\\\/es\\\/#\\\/schema\\\/person\\\/a44de70f9a43a90c3e0f59aaaffd61f3\"},\"headline\":\"Ortzadar Eguna en Pamplona-Iru\u00f1a y Bilbao\",\"datePublished\":\"2017-03-13T15:39:42+00:00\",\"dateModified\":\"2023-11-28T11:38:09+00:00\",\"mainEntityOfPage\":{\"@id\":\"https:\\\/\\\/www.itakaescolapios.org\\\/pt\\\/2017\\\/03\\\/ortzadar-eguna-en-pamplona-iruna-y-bilbao\\\/\"},\"wordCount\":171,\"publisher\":{\"@id\":\"https:\\\/\\\/www.itakaescolapios.org\\\/es\\\/#organization\"},\"image\":{\"@id\":\"https:\\\/\\\/www.itakaescolapios.org\\\/pt\\\/2017\\\/03\\\/ortzadar-eguna-en-pamplona-iruna-y-bilbao\\\/#primaryimage\"},\"thumbnailUrl\":\"https:\\\/\\\/www.itakaescolapios.org\\\/wp-content\\\/uploads\\\/2017\\\/03\\\/IMG-20170312-WA0007.jpg\",\"articleSection\":[\"Bilbao\",\"Itaka Escolapios\",\"Pamplona-Iru\u00f1a\"],\"inLanguage\":\"pt-BR\"},{\"@type\":\"WebPage\",\"@id\":\"https:\\\/\\\/www.itakaescolapios.org\\\/pt\\\/2017\\\/03\\\/ortzadar-eguna-en-pamplona-iruna-y-bilbao\\\/\",\"url\":\"https:\\\/\\\/www.itakaescolapios.org\\\/pt\\\/2017\\\/03\\\/ortzadar-eguna-en-pamplona-iruna-y-bilbao\\\/\",\"name\":\"Ortzadar Eguna en Pamplona-Iru\u00f1a y Bilbao - Itaka-Escolapios\",\"isPartOf\":{\"@id\":\"https:\\\/\\\/www.itakaescolapios.org\\\/es\\\/#website\"},\"primaryImageOfPage\":{\"@id\":\"https:\\\/\\\/www.itakaescolapios.org\\\/pt\\\/2017\\\/03\\\/ortzadar-eguna-en-pamplona-iruna-y-bilbao\\\/#primaryimage\"},\"image\":{\"@id\":\"https:\\\/\\\/www.itakaescolapios.org\\\/pt\\\/2017\\\/03\\\/ortzadar-eguna-en-pamplona-iruna-y-bilbao\\\/#primaryimage\"},\"thumbnailUrl\":\"https:\\\/\\\/www.itakaescolapios.org\\\/wp-content\\\/uploads\\\/2017\\\/03\\\/IMG-20170312-WA0007.jpg\",\"datePublished\":\"2017-03-13T15:39:42+00:00\",\"dateModified\":\"2023-11-28T11:38:09+00:00\",\"breadcrumb\":{\"@id\":\"https:\\\/\\\/www.itakaescolapios.org\\\/pt\\\/2017\\\/03\\\/ortzadar-eguna-en-pamplona-iruna-y-bilbao\\\/#breadcrumb\"},\"inLanguage\":\"pt-BR\",\"potentialAction\":[{\"@type\":\"ReadAction\",\"target\":[\"https:\\\/\\\/www.itakaescolapios.org\\\/pt\\\/2017\\\/03\\\/ortzadar-eguna-en-pamplona-iruna-y-bilbao\\\/\"]}]},{\"@type\":\"ImageObject\",\"inLanguage\":\"pt-BR\",\"@id\":\"https:\\\/\\\/www.itakaescolapios.org\\\/pt\\\/2017\\\/03\\\/ortzadar-eguna-en-pamplona-iruna-y-bilbao\\\/#primaryimage\",\"url\":\"https:\\\/\\\/www.itakaescolapios.org\\\/wp-content\\\/uploads\\\/2017\\\/03\\\/IMG-20170312-WA0007.jpg\",\"contentUrl\":\"https:\\\/\\\/www.itakaescolapios.org\\\/wp-content\\\/uploads\\\/2017\\\/03\\\/IMG-20170312-WA0007.jpg\",\"width\":1599,\"height\":899},{\"@type\":\"BreadcrumbList\",\"@id\":\"https:\\\/\\\/www.itakaescolapios.org\\\/pt\\\/2017\\\/03\\\/ortzadar-eguna-en-pamplona-iruna-y-bilbao\\\/#breadcrumb\",\"itemListElement\":[{\"@type\":\"ListItem\",\"position\":1,\"name\":\"Itaka-Escolapios\",\"item\":\"https:\\\/\\\/www.itakaescolapios.org\\\/es\\\/\"},{\"@type\":\"ListItem\",\"position\":2,\"name\":\"Ortzadar Eguna en Pamplona-Iru\u00f1a y Bilbao\"}]},{\"@type\":\"WebSite\",\"@id\":\"https:\\\/\\\/www.itakaescolapios.org\\\/pt\\\/es\\\/#website\",\"url\":\"https:\\\/\\\/www.itakaescolapios.org\\\/pt\\\/es\\\/\",\"name\":\"Itaka-Escolapios\",\"description\":\"Red de Itaka-Escolapios\",\"publisher\":{\"@id\":\"https:\\\/\\\/www.itakaescolapios.org\\\/pt\\\/es\\\/#organization\"},\"potentialAction\":[{\"@type\":\"SearchAction\",\"target\":{\"@type\":\"EntryPoint\",\"urlTemplate\":\"https:\\\/\\\/www.itakaescolapios.org\\\/pt\\\/es\\\/?s={search_term_string}\"},\"query-input\":{\"@type\":\"PropertyValueSpecification\",\"valueRequired\":true,\"valueName\":\"search_term_string\"}}],\"inLanguage\":\"pt-BR\"},{\"@type\":\"Organization\",\"@id\":\"https:\\\/\\\/www.itakaescolapios.org\\\/pt\\\/es\\\/#organization\",\"name\":\"Fundaci\u00f3 Itaka-Escolapios\",\"url\":\"https:\\\/\\\/www.itakaescolapios.org\\\/pt\\\/es\\\/\",\"logo\":{\"@type\":\"ImageObject\",\"inLanguage\":\"pt-BR\",\"@id\":\"https:\\\/\\\/www.itakaescolapios.org\\\/pt\\\/es\\\/#\\\/schema\\\/logo\\\/image\\\/\",\"url\":\"https:\\\/\\\/www.itakaescolapios.org\\\/wp-content\\\/uploads\\\/2024\\\/04\\\/Logo-itakaescolapios-peque.png\",\"contentUrl\":\"https:\\\/\\\/www.itakaescolapios.org\\\/wp-content\\\/uploads\\\/2024\\\/04\\\/Logo-itakaescolapios-peque.png\",\"width\":500,\"height\":199,\"caption\":\"Fundaci\u00f3 Itaka-Escolapios\"},\"image\":{\"@id\":\"https:\\\/\\\/www.itakaescolapios.org\\\/pt\\\/es\\\/#\\\/schema\\\/logo\\\/image\\\/\"}},{\"@type\":\"Person\",\"@id\":\"https:\\\/\\\/www.itakaescolapios.org\\\/es\\\/#\\\/schema\\\/person\\\/a44de70f9a43a90c3e0f59aaaffd61f3\",\"name\":\"pamplona01\",\"url\":\"https:\\\/\\\/www.itakaescolapios.org\\\/pt\\\/author\\\/pamplona01\\\/\"}]}<\/script>\n<!-- \/ Yoast SEO plugin. -->","yoast_head_json":{"title":"Ortzadar Eguna en Pamplona-Iru\u00f1a y Bilbao","description":"Chicas y chicos de los grupos del Movimiento Calasanz de Bilbao, Pamplona-Iru\u00f1a, Tolosa y Vitoria-Gasteiz se reunieron para celebrar el Encuentro Ortzadar Eguna - Escolapios Muy Cient\u00edficos. En las dos sedes, Pamplona-Iru\u00f1a y Bilbao, rein\u00f3 el buen ambiente y las ganas de profundizar en las claves de la creaci\u00f3n de la mano de la Ciencia&hellip;","robots":{"index":"index","follow":"follow","max-snippet":"max-snippet:-1","max-image-preview":"max-image-preview:large","max-video-preview":"max-video-preview:-1"},"canonical":"Chicas y chicos de los grupos del Movimiento Calasanz de Bilbao, Pamplona-Iru\u00f1a, Tolosa y Vitoria-Gasteiz se reunieron para celebrar el Encuentro Ortzadar Eguna - Escolapios Muy Cient\u00edficos. En las dos sedes, Pamplona-Iru\u00f1a y Bilbao, rein\u00f3 el buen ambiente y las ganas de profundizar en las claves de la creaci\u00f3n de la mano de la Ciencia&hellip;","og_locale":"pt_BR","og_type":"article","og_title":"Ortzadar Eguna en Pamplona-Iru\u00f1a y Bilbao","og_description":"Chicas y chicos de los grupos del Movimiento Calasanz de Bilbao, Pamplona-Iru\u00f1a, Tolosa y Vitoria-Gasteiz se reunieron para celebrar el Encuentro Ortzadar Eguna - Escolapios Muy Cient\u00edficos. En las dos sedes, Pamplona-Iru\u00f1a y Bilbao, rein\u00f3 el buen ambiente y las ganas de profundizar en las claves de la creaci\u00f3n de la mano de la Ciencia&hellip;","og_url":"https:\/\/www.itakaescolapios.org\/pt\/2017\/03\/ortzadar-eguna-en-pamplona-iruna-y-bilbao\/","og_site_name":"Itaka-Escolapios","article_published_time":"2017-03-13T15:39:42+00:00","article_modified_time":"2023-11-28T11:38:09+00:00","og_image":[{"width":1599,"height":899,"url":"https:\/\/www.itakaescolapios.org\/wp-content\/uploads\/2017\/03\/IMG-20170312-WA0007.jpg","type":"image\/jpeg"}],"author":"pamplona01","twitter_card":"summary_large_image","twitter_misc":{"Escrito por":"pamplona01","Est. tempo de leitura":"1 minuto"},"schema":{"@context":"https:\/\/schema.org","@graph":[{"@type":"Article","@id":"https:\/\/www.itakaescolapios.org\/pt\/2017\/03\/ortzadar-eguna-en-pamplona-iruna-y-bilbao\/#article","isPartOf":{"@id":"https:\/\/www.itakaescolapios.org\/pt\/2017\/03\/ortzadar-eguna-en-pamplona-iruna-y-bilbao\/"},"author":{"name":"pamplona01","@id":"https:\/\/www.itakaescolapios.org\/es\/#\/schema\/person\/a44de70f9a43a90c3e0f59aaaffd61f3"},"headline":"Ortzadar Eguna en Pamplona-Iru\u00f1a y Bilbao","datePublished":"2017-03-13T15:39:42+00:00","dateModified":"2023-11-28T11:38:09+00:00","mainEntityOfPage":{"@id":"https:\/\/www.itakaescolapios.org\/pt\/2017\/03\/ortzadar-eguna-en-pamplona-iruna-y-bilbao\/"},"wordCount":171,"publisher":{"@id":"https:\/\/www.itakaescolapios.org\/es\/#organization"},"image":{"@id":"https:\/\/www.itakaescolapios.org\/pt\/2017\/03\/ortzadar-eguna-en-pamplona-iruna-y-bilbao\/#primaryimage"},"thumbnailUrl":"https:\/\/www.itakaescolapios.org\/wp-content\/uploads\/2017\/03\/IMG-20170312-WA0007.jpg","articleSection":["Bilbao","Itaka Escolapios","Pamplona-Iru\u00f1a"],"inLanguage":"pt-BR"},{"@type":"WebPage","@id":"https:\/\/www.itakaescolapios.org\/pt\/2017\/03\/ortzadar-eguna-en-pamplona-iruna-y-bilbao\/","url":"https:\/\/www.itakaescolapios.org\/pt\/2017\/03\/ortzadar-eguna-en-pamplona-iruna-y-bilbao\/","name":"Ortzadar Eguna en Pamplona-Iru\u00f1a y Bilbao - Itaka-Escolapios","isPartOf":{"@id":"https:\/\/www.itakaescolapios.org\/es\/#website"},"primaryImageOfPage":{"@id":"https:\/\/www.itakaescolapios.org\/pt\/2017\/03\/ortzadar-eguna-en-pamplona-iruna-y-bilbao\/#primaryimage"},"image":{"@id":"https:\/\/www.itakaescolapios.org\/pt\/2017\/03\/ortzadar-eguna-en-pamplona-iruna-y-bilbao\/#primaryimage"},"thumbnailUrl":"https:\/\/www.itakaescolapios.org\/wp-content\/uploads\/2017\/03\/IMG-20170312-WA0007.jpg","datePublished":"2017-03-13T15:39:42+00:00","dateModified":"2023-11-28T11:38:09+00:00","breadcrumb":{"@id":"https:\/\/www.itakaescolapios.org\/pt\/2017\/03\/ortzadar-eguna-en-pamplona-iruna-y-bilbao\/#breadcrumb"},"inLanguage":"pt-BR","potentialAction":[{"@type":"ReadAction","target":["https:\/\/www.itakaescolapios.org\/pt\/2017\/03\/ortzadar-eguna-en-pamplona-iruna-y-bilbao\/"]}]},{"@type":"ImageObject","inLanguage":"pt-BR","@id":"https:\/\/www.itakaescolapios.org\/pt\/2017\/03\/ortzadar-eguna-en-pamplona-iruna-y-bilbao\/#primaryimage","url":"https:\/\/www.itakaescolapios.org\/wp-content\/uploads\/2017\/03\/IMG-20170312-WA0007.jpg","contentUrl":"https:\/\/www.itakaescolapios.org\/wp-content\/uploads\/2017\/03\/IMG-20170312-WA0007.jpg","width":1599,"height":899},{"@type":"BreadcrumbList","@id":"https:\/\/www.itakaescolapios.org\/pt\/2017\/03\/ortzadar-eguna-en-pamplona-iruna-y-bilbao\/#breadcrumb","itemListElement":[{"@type":"ListItem","position":1,"name":"Itaka-Escolapios","item":"https:\/\/www.itakaescolapios.org\/es\/"},{"@type":"ListItem","position":2,"name":"Ortzadar Eguna en Pamplona-Iru\u00f1a y Bilbao"}]},{"@type":"WebSite","@id":"https:\/\/www.itakaescolapios.org\/pt\/es\/#website","url":"https:\/\/www.itakaescolapios.org\/pt\/es\/","name":"Itaka-Escolapios","description":"Red de Itaka-Escolapios","publisher":{"@id":"https:\/\/www.itakaescolapios.org\/pt\/es\/#organization"},"potentialAction":[{"@type":"SearchAction","target":{"@type":"EntryPoint","urlTemplate":"https:\/\/www.itakaescolapios.org\/pt\/es\/?s={search_term_string}"},"query-input":{"@type":"PropertyValueSpecification","valueRequired":true,"valueName":"search_term_string"}}],"inLanguage":"pt-BR"},{"@type":"Organization","@id":"https:\/\/www.itakaescolapios.org\/pt\/es\/#organization","name":"Fundaci\u00f3 Itaka-Escolapios","url":"https:\/\/www.itakaescolapios.org\/pt\/es\/","logo":{"@type":"ImageObject","inLanguage":"pt-BR","@id":"https:\/\/www.itakaescolapios.org\/pt\/es\/#\/schema\/logo\/image\/","url":"https:\/\/www.itakaescolapios.org\/wp-content\/uploads\/2024\/04\/Logo-itakaescolapios-peque.png","contentUrl":"https:\/\/www.itakaescolapios.org\/wp-content\/uploads\/2024\/04\/Logo-itakaescolapios-peque.png","width":500,"height":199,"caption":"Fundaci\u00f3 Itaka-Escolapios"},"image":{"@id":"https:\/\/www.itakaescolapios.org\/pt\/es\/#\/schema\/logo\/image\/"}},{"@type":"Person","@id":"https:\/\/www.itakaescolapios.org\/es\/#\/schema\/person\/a44de70f9a43a90c3e0f59aaaffd61f3","name":"pamplona01","url":"https:\/\/www.itakaescolapios.org\/pt\/author\/pamplona01\/"}]}},"_links":{"self":[{"href":"https:\/\/www.itakaescolapios.org\/pt\/wp-json\/wp\/v2\/posts\/18453","targetHints":{"allow":["GET"]}}],"collection":[{"href":"https:\/\/www.itakaescolapios.org\/pt\/wp-json\/wp\/v2\/posts"}],"about":[{"href":"https:\/\/www.itakaescolapios.org\/pt\/wp-json\/wp\/v2\/types\/post"}],"author":[{"embeddable":true,"href":"https:\/\/www.itakaescolapios.org\/pt\/wp-json\/wp\/v2\/users\/29"}],"replies":[{"embeddable":true,"href":"https:\/\/www.itakaescolapios.org\/pt\/wp-json\/wp\/v2\/comments?post=18453"}],"version-history":[{"count":3,"href":"https:\/\/www.itakaescolapios.org\/pt\/wp-json\/wp\/v2\/posts\/18453\/revisions"}],"predecessor-version":[{"id":47872,"href":"https:\/\/www.itakaescolapios.org\/pt\/wp-json\/wp\/v2\/posts\/18453\/revisions\/47872"}],"wp:featuredmedia":[{"embeddable":true,"href":"https:\/\/www.itakaescolapios.org\/pt\/wp-json\/wp\/v2\/media\/18456"}],"wp:attachment":[{"href":"https:\/\/www.itakaescolapios.org\/pt\/wp-json\/wp\/v2\/media?parent=18453"}],"wp:term":[{"taxonomy":"category","embeddable":true,"href":"https:\/\/www.itakaescolapios.org\/pt\/wp-json\/wp\/v2\/categories?post=18453"},{"taxonomy":"post_tag","embeddable":true,"href":"https:\/\/www.itakaescolapios.org\/pt\/wp-json\/wp\/v2\/tags?post=18453"}],"curies":[{"name":"wp","href":"https:\/\/api.w.org\/{rel}","templated":true}]}}