{"id":18758,"date":"2017-04-03T11:41:22","date_gmt":"2017-04-03T10:41:22","guid":{"rendered":"https:\/\/www.itakaescolapios.org\/?p=18758"},"modified":"2023-11-28T12:38:07","modified_gmt":"2023-11-28T11:38:07","slug":"caminhada-en-pamplona-iruna-por-una-educacion-para-todos","status":"publish","type":"post","link":"https:\/\/www.itakaescolapios.org\/pt\/2017\/04\/caminhada-en-pamplona-iruna-por-una-educacion-para-todos\/","title":{"rendered":"Caminhada en Pamplona-Iru\u00f1a: por una educaci\u00f3n para todos"},"content":{"rendered":"<p>El domingo 2 de abril Itaka-Escolapios y los Colegios La Compasi\u00f3n Escolapios y Calasanz Escolapios celebramos\u00a0 nuestra XX Caminhada, nuestra fiesta solidaria de Pamplona-Iru\u00f1a. Este a\u00f1o como sabemos en favor de la escuela escolapia de Kamda, una zona olvidada de India, donde el derecho a la educaci\u00f3n est\u00e1 lejos de ser garantizado. Adem\u00e1s esta Caminhada ha sido una manera de recordar estos 400 a\u00f1os de historia escolapia que celebramos este a\u00f1o 2017:\u00a0 escuelas para todos en tantos lugares del mundo.<\/p>\n<p>Las familias de los dos colegios, much\u00edsima gente a pesar de la lluvia, hicimos un trayecto novedoso desde los colegios hasta la Plaza de los Burgos, en pleno Casco Viejo, acompa\u00f1ados por los gigantes y cabezudos. All\u00ed recordamos la labor de Calasanz y regresamos a los patios de los colegios, que ya estaban llenos de puestos con talleres y juegos infantiles, venta de pintxos y bebidas, hinchables, actividades, etc.<\/p>\n<p>No pod\u00eda faltar la conexi\u00f3n con nuestras dos cooperantes en la escuela e internado de Anzaldo (Bolivia): pudimos escuchar a Mar\u00eda e Idoia a trav\u00e9s de la megafon\u00eda, y fue, como siempre un momento de emoci\u00f3n.<\/p>\n<p>Como ellas, seguimos so\u00f1ando con un mundo donde la educaci\u00f3n alcance a todos los chavales\/as del mundo.<a href=\"https:\/\/www.itakaescolapios.org\/wp-content\/uploads\/2017\/04\/Baile-final-Compa-Panoramica-1-min.jpg\"><img decoding=\"async\" class=\"alignleft size-medium wp-image-18760\" alt=\"Baile final Compa Panoramica 1-min\" src=\"https:\/\/www.itakaescolapios.org\/wp-content\/uploads\/2017\/04\/Baile-final-Compa-Panoramica-1-min-300x156.jpg\" width=\"300\" height=\"156\" srcset=\"https:\/\/www.itakaescolapios.org\/wp-content\/uploads\/2017\/04\/Baile-final-Compa-Panoramica-1-min-300x156.jpg 300w, https:\/\/www.itakaescolapios.org\/wp-content\/uploads\/2017\/04\/Baile-final-Compa-Panoramica-1-min-1024x535.jpg 1024w, https:\/\/www.itakaescolapios.org\/wp-content\/uploads\/2017\/04\/Baile-final-Compa-Panoramica-1-min-250x130.jpg 250w, https:\/\/www.itakaescolapios.org\/wp-content\/uploads\/2017\/04\/Baile-final-Compa-Panoramica-1-min.jpg 2000w\" sizes=\"(max-width: 300px) 100vw, 300px\" \/><\/a> <a href=\"https:\/\/www.itakaescolapios.org\/wp-content\/uploads\/2017\/04\/acto-central-1.jpg\"><img decoding=\"async\" class=\"alignleft size-medium wp-image-18761\" alt=\"acto central 1\" src=\"https:\/\/www.itakaescolapios.org\/wp-content\/uploads\/2017\/04\/acto-central-1-300x82.jpg\" width=\"300\" height=\"82\" srcset=\"https:\/\/www.itakaescolapios.org\/wp-content\/uploads\/2017\/04\/acto-central-1-300x82.jpg 300w, https:\/\/www.itakaescolapios.org\/wp-content\/uploads\/2017\/04\/acto-central-1-1024x280.jpg 1024w, https:\/\/www.itakaescolapios.org\/wp-content\/uploads\/2017\/04\/acto-central-1-250x68.jpg 250w, https:\/\/www.itakaescolapios.org\/wp-content\/uploads\/2017\/04\/acto-central-1.jpg 2000w\" sizes=\"(max-width: 300px) 100vw, 300px\" \/><\/a><\/p>\n","protected":false},"excerpt":{"rendered":"<p>El domingo 2 de abril Itaka-Escolapios y los Colegios La Compasi\u00f3n Escolapios y Calasanz Escolapios celebramos\u00a0 nuestra XX Caminhada, nuestra fiesta solidaria de Pamplona-Iru\u00f1a. Este a\u00f1o como sabemos en favor [&hellip;]<\/p>\n","protected":false},"author":29,"featured_media":18759,"comment_status":"closed","ping_status":"closed","sticky":false,"template":"","format":"standard","meta":{"_et_pb_use_builder":"","_et_pb_old_content":"","_et_gb_content_width":"","footnotes":""},"categories":[20],"tags":[255,194],"class_list":["post-18758","post","type-post","status-publish","format-standard","has-post-thumbnail","hentry","category-pamplona-iruna","tag-caminhada","tag-campana-solidaridad"],"yoast_head":"<!-- This site is optimized with the Yoast SEO plugin v27.4 - https:\/\/yoast.com\/product\/yoast-seo-wordpress\/ -->\n<title>Caminhada en Pamplona-Iru\u00f1a: por una educaci\u00f3n para todos<\/title>\n<meta name=\"description\" content=\"El domingo 2 de abril Itaka-Escolapios y los Colegios La Compasi\u00f3n Escolapios y Calasanz Escolapios celebramos\u00a0 nuestra XX Caminhada, nuestra fiesta solidaria de Pamplona-Iru\u00f1a. Este a\u00f1o como sabemos en favor de la escuela escolapia de Kamda, una zona olvidada de India, donde el derecho a la educaci\u00f3n est\u00e1 lejos de ser garantizado. Adem\u00e1s esta Caminhada&hellip;\" \/>\n<meta name=\"robots\" content=\"index, follow, max-snippet:-1, max-image-preview:large, max-video-preview:-1\" \/>\n<link rel=\"canonical\" href=\"http:\/\/El%20domingo%202%20de%20abril%20Itaka-Escolapios%20y%20los%20Colegios%20La%20Compasi\u00f3n%20Escolapios%20y%20Calasanz%20Escolapios%20celebramos\u00a0%20nuestra%20XX%20Caminhada,%20nuestra%20fiesta%20solidaria%20de%20Pamplona-Iru\u00f1a.%20Este%20a\u00f1o%20como%20sabemos%20en%20favor%20de%20la%20escuela%20escolapia%20de%20Kamda,%20una%20zona%20olvidada%20de%20India,%20donde%20el%20derecho%20a%20la%20educaci\u00f3n%20est\u00e1%20lejos%20de%20ser%20garantizado.%20Adem\u00e1s%20esta%20Caminhada&hellip;\" \/>\n<meta property=\"og:locale\" content=\"pt_BR\" \/>\n<meta property=\"og:type\" content=\"article\" \/>\n<meta property=\"og:title\" content=\"Caminhada en Pamplona-Iru\u00f1a: por una educaci\u00f3n para todos\" \/>\n<meta property=\"og:description\" content=\"El domingo 2 de abril Itaka-Escolapios y los Colegios La Compasi\u00f3n Escolapios y Calasanz Escolapios celebramos\u00a0 nuestra XX Caminhada, nuestra fiesta solidaria de Pamplona-Iru\u00f1a. Este a\u00f1o como sabemos en favor de la escuela escolapia de Kamda, una zona olvidada de India, donde el derecho a la educaci\u00f3n est\u00e1 lejos de ser garantizado. Adem\u00e1s esta Caminhada&hellip;\" \/>\n<meta property=\"og:url\" content=\"https:\/\/www.itakaescolapios.org\/pt\/2017\/04\/caminhada-en-pamplona-iruna-por-una-educacion-para-todos\/\" \/>\n<meta property=\"og:site_name\" content=\"Itaka-Escolapios\" \/>\n<meta property=\"article:published_time\" content=\"2017-04-03T10:41:22+00:00\" \/>\n<meta property=\"article:modified_time\" content=\"2023-11-28T11:38:07+00:00\" \/>\n<meta property=\"og:image\" content=\"https:\/\/www.itakaescolapios.org\/wp-content\/uploads\/2017\/04\/Panoramica-Acto-Central-2-min.jpg\" \/>\n\t<meta property=\"og:image:width\" content=\"2000\" \/>\n\t<meta property=\"og:image:height\" content=\"1023\" \/>\n\t<meta property=\"og:image:type\" content=\"image\/jpeg\" \/>\n<meta name=\"author\" content=\"pamplona01\" \/>\n<meta name=\"twitter:card\" content=\"summary_large_image\" \/>\n<meta name=\"twitter:label1\" content=\"Escrito por\" \/>\n\t<meta name=\"twitter:data1\" content=\"pamplona01\" \/>\n\t<meta name=\"twitter:label2\" content=\"Est. tempo de leitura\" \/>\n\t<meta name=\"twitter:data2\" content=\"1 minuto\" \/>\n<script type=\"application\/ld+json\" class=\"yoast-schema-graph\">{\"@context\":\"https:\\\/\\\/schema.org\",\"@graph\":[{\"@type\":\"Article\",\"@id\":\"https:\\\/\\\/www.itakaescolapios.org\\\/pt\\\/2017\\\/04\\\/caminhada-en-pamplona-iruna-por-una-educacion-para-todos\\\/#article\",\"isPartOf\":{\"@id\":\"https:\\\/\\\/www.itakaescolapios.org\\\/pt\\\/2017\\\/04\\\/caminhada-en-pamplona-iruna-por-una-educacion-para-todos\\\/\"},\"author\":{\"name\":\"pamplona01\",\"@id\":\"https:\\\/\\\/www.itakaescolapios.org\\\/es\\\/#\\\/schema\\\/person\\\/a44de70f9a43a90c3e0f59aaaffd61f3\"},\"headline\":\"Caminhada en Pamplona-Iru\u00f1a: por una educaci\u00f3n para todos\",\"datePublished\":\"2017-04-03T10:41:22+00:00\",\"dateModified\":\"2023-11-28T11:38:07+00:00\",\"mainEntityOfPage\":{\"@id\":\"https:\\\/\\\/www.itakaescolapios.org\\\/pt\\\/2017\\\/04\\\/caminhada-en-pamplona-iruna-por-una-educacion-para-todos\\\/\"},\"wordCount\":227,\"publisher\":{\"@id\":\"https:\\\/\\\/www.itakaescolapios.org\\\/es\\\/#organization\"},\"image\":{\"@id\":\"https:\\\/\\\/www.itakaescolapios.org\\\/pt\\\/2017\\\/04\\\/caminhada-en-pamplona-iruna-por-una-educacion-para-todos\\\/#primaryimage\"},\"thumbnailUrl\":\"https:\\\/\\\/www.itakaescolapios.org\\\/wp-content\\\/uploads\\\/2017\\\/04\\\/Panoramica-Acto-Central-2-min.jpg\",\"keywords\":[\"caminhada\",\"campa\u00f1a solidaridad\"],\"articleSection\":[\"Pamplona-Iru\u00f1a\"],\"inLanguage\":\"pt-BR\"},{\"@type\":\"WebPage\",\"@id\":\"https:\\\/\\\/www.itakaescolapios.org\\\/pt\\\/2017\\\/04\\\/caminhada-en-pamplona-iruna-por-una-educacion-para-todos\\\/\",\"url\":\"https:\\\/\\\/www.itakaescolapios.org\\\/pt\\\/2017\\\/04\\\/caminhada-en-pamplona-iruna-por-una-educacion-para-todos\\\/\",\"name\":\"Caminhada en Pamplona-Iru\u00f1a: por una educaci\u00f3n para todos - Itaka-Escolapios\",\"isPartOf\":{\"@id\":\"https:\\\/\\\/www.itakaescolapios.org\\\/es\\\/#website\"},\"primaryImageOfPage\":{\"@id\":\"https:\\\/\\\/www.itakaescolapios.org\\\/pt\\\/2017\\\/04\\\/caminhada-en-pamplona-iruna-por-una-educacion-para-todos\\\/#primaryimage\"},\"image\":{\"@id\":\"https:\\\/\\\/www.itakaescolapios.org\\\/pt\\\/2017\\\/04\\\/caminhada-en-pamplona-iruna-por-una-educacion-para-todos\\\/#primaryimage\"},\"thumbnailUrl\":\"https:\\\/\\\/www.itakaescolapios.org\\\/wp-content\\\/uploads\\\/2017\\\/04\\\/Panoramica-Acto-Central-2-min.jpg\",\"datePublished\":\"2017-04-03T10:41:22+00:00\",\"dateModified\":\"2023-11-28T11:38:07+00:00\",\"breadcrumb\":{\"@id\":\"https:\\\/\\\/www.itakaescolapios.org\\\/pt\\\/2017\\\/04\\\/caminhada-en-pamplona-iruna-por-una-educacion-para-todos\\\/#breadcrumb\"},\"inLanguage\":\"pt-BR\",\"potentialAction\":[{\"@type\":\"ReadAction\",\"target\":[\"https:\\\/\\\/www.itakaescolapios.org\\\/pt\\\/2017\\\/04\\\/caminhada-en-pamplona-iruna-por-una-educacion-para-todos\\\/\"]}]},{\"@type\":\"ImageObject\",\"inLanguage\":\"pt-BR\",\"@id\":\"https:\\\/\\\/www.itakaescolapios.org\\\/pt\\\/2017\\\/04\\\/caminhada-en-pamplona-iruna-por-una-educacion-para-todos\\\/#primaryimage\",\"url\":\"https:\\\/\\\/www.itakaescolapios.org\\\/wp-content\\\/uploads\\\/2017\\\/04\\\/Panoramica-Acto-Central-2-min.jpg\",\"contentUrl\":\"https:\\\/\\\/www.itakaescolapios.org\\\/wp-content\\\/uploads\\\/2017\\\/04\\\/Panoramica-Acto-Central-2-min.jpg\",\"width\":2000,\"height\":1023},{\"@type\":\"BreadcrumbList\",\"@id\":\"https:\\\/\\\/www.itakaescolapios.org\\\/pt\\\/2017\\\/04\\\/caminhada-en-pamplona-iruna-por-una-educacion-para-todos\\\/#breadcrumb\",\"itemListElement\":[{\"@type\":\"ListItem\",\"position\":1,\"name\":\"Itaka-Escolapios\",\"item\":\"https:\\\/\\\/www.itakaescolapios.org\\\/es\\\/\"},{\"@type\":\"ListItem\",\"position\":2,\"name\":\"Caminhada en Pamplona-Iru\u00f1a: por una educaci\u00f3n para todos\"}]},{\"@type\":\"WebSite\",\"@id\":\"https:\\\/\\\/www.itakaescolapios.org\\\/pt\\\/es\\\/#website\",\"url\":\"https:\\\/\\\/www.itakaescolapios.org\\\/pt\\\/es\\\/\",\"name\":\"Itaka-Escolapios\",\"description\":\"Red de Itaka-Escolapios\",\"publisher\":{\"@id\":\"https:\\\/\\\/www.itakaescolapios.org\\\/pt\\\/es\\\/#organization\"},\"potentialAction\":[{\"@type\":\"SearchAction\",\"target\":{\"@type\":\"EntryPoint\",\"urlTemplate\":\"https:\\\/\\\/www.itakaescolapios.org\\\/pt\\\/es\\\/?s={search_term_string}\"},\"query-input\":{\"@type\":\"PropertyValueSpecification\",\"valueRequired\":true,\"valueName\":\"search_term_string\"}}],\"inLanguage\":\"pt-BR\"},{\"@type\":\"Organization\",\"@id\":\"https:\\\/\\\/www.itakaescolapios.org\\\/pt\\\/es\\\/#organization\",\"name\":\"Fundaci\u00f3 Itaka-Escolapios\",\"url\":\"https:\\\/\\\/www.itakaescolapios.org\\\/pt\\\/es\\\/\",\"logo\":{\"@type\":\"ImageObject\",\"inLanguage\":\"pt-BR\",\"@id\":\"https:\\\/\\\/www.itakaescolapios.org\\\/pt\\\/es\\\/#\\\/schema\\\/logo\\\/image\\\/\",\"url\":\"https:\\\/\\\/www.itakaescolapios.org\\\/wp-content\\\/uploads\\\/2024\\\/04\\\/Logo-itakaescolapios-peque.png\",\"contentUrl\":\"https:\\\/\\\/www.itakaescolapios.org\\\/wp-content\\\/uploads\\\/2024\\\/04\\\/Logo-itakaescolapios-peque.png\",\"width\":500,\"height\":199,\"caption\":\"Fundaci\u00f3 Itaka-Escolapios\"},\"image\":{\"@id\":\"https:\\\/\\\/www.itakaescolapios.org\\\/pt\\\/es\\\/#\\\/schema\\\/logo\\\/image\\\/\"}},{\"@type\":\"Person\",\"@id\":\"https:\\\/\\\/www.itakaescolapios.org\\\/es\\\/#\\\/schema\\\/person\\\/a44de70f9a43a90c3e0f59aaaffd61f3\",\"name\":\"pamplona01\",\"url\":\"https:\\\/\\\/www.itakaescolapios.org\\\/pt\\\/author\\\/pamplona01\\\/\"}]}<\/script>\n<!-- \/ Yoast SEO plugin. -->","yoast_head_json":{"title":"Caminhada en Pamplona-Iru\u00f1a: por una educaci\u00f3n para todos","description":"El domingo 2 de abril Itaka-Escolapios y los Colegios La Compasi\u00f3n Escolapios y Calasanz Escolapios celebramos\u00a0 nuestra XX Caminhada, nuestra fiesta solidaria de Pamplona-Iru\u00f1a. Este a\u00f1o como sabemos en favor de la escuela escolapia de Kamda, una zona olvidada de India, donde el derecho a la educaci\u00f3n est\u00e1 lejos de ser garantizado. Adem\u00e1s esta Caminhada&hellip;","robots":{"index":"index","follow":"follow","max-snippet":"max-snippet:-1","max-image-preview":"max-image-preview:large","max-video-preview":"max-video-preview:-1"},"canonical":"El domingo 2 de abril Itaka-Escolapios y los Colegios La Compasi\u00f3n Escolapios y Calasanz Escolapios celebramos\u00a0 nuestra XX Caminhada, nuestra fiesta solidaria de Pamplona-Iru\u00f1a. Este a\u00f1o como sabemos en favor de la escuela escolapia de Kamda, una zona olvidada de India, donde el derecho a la educaci\u00f3n est\u00e1 lejos de ser garantizado. Adem\u00e1s esta Caminhada&hellip;","og_locale":"pt_BR","og_type":"article","og_title":"Caminhada en Pamplona-Iru\u00f1a: por una educaci\u00f3n para todos","og_description":"El domingo 2 de abril Itaka-Escolapios y los Colegios La Compasi\u00f3n Escolapios y Calasanz Escolapios celebramos\u00a0 nuestra XX Caminhada, nuestra fiesta solidaria de Pamplona-Iru\u00f1a. Este a\u00f1o como sabemos en favor de la escuela escolapia de Kamda, una zona olvidada de India, donde el derecho a la educaci\u00f3n est\u00e1 lejos de ser garantizado. Adem\u00e1s esta Caminhada&hellip;","og_url":"https:\/\/www.itakaescolapios.org\/pt\/2017\/04\/caminhada-en-pamplona-iruna-por-una-educacion-para-todos\/","og_site_name":"Itaka-Escolapios","article_published_time":"2017-04-03T10:41:22+00:00","article_modified_time":"2023-11-28T11:38:07+00:00","og_image":[{"width":2000,"height":1023,"url":"https:\/\/www.itakaescolapios.org\/wp-content\/uploads\/2017\/04\/Panoramica-Acto-Central-2-min.jpg","type":"image\/jpeg"}],"author":"pamplona01","twitter_card":"summary_large_image","twitter_misc":{"Escrito por":"pamplona01","Est. tempo de leitura":"1 minuto"},"schema":{"@context":"https:\/\/schema.org","@graph":[{"@type":"Article","@id":"https:\/\/www.itakaescolapios.org\/pt\/2017\/04\/caminhada-en-pamplona-iruna-por-una-educacion-para-todos\/#article","isPartOf":{"@id":"https:\/\/www.itakaescolapios.org\/pt\/2017\/04\/caminhada-en-pamplona-iruna-por-una-educacion-para-todos\/"},"author":{"name":"pamplona01","@id":"https:\/\/www.itakaescolapios.org\/es\/#\/schema\/person\/a44de70f9a43a90c3e0f59aaaffd61f3"},"headline":"Caminhada en Pamplona-Iru\u00f1a: por una educaci\u00f3n para todos","datePublished":"2017-04-03T10:41:22+00:00","dateModified":"2023-11-28T11:38:07+00:00","mainEntityOfPage":{"@id":"https:\/\/www.itakaescolapios.org\/pt\/2017\/04\/caminhada-en-pamplona-iruna-por-una-educacion-para-todos\/"},"wordCount":227,"publisher":{"@id":"https:\/\/www.itakaescolapios.org\/es\/#organization"},"image":{"@id":"https:\/\/www.itakaescolapios.org\/pt\/2017\/04\/caminhada-en-pamplona-iruna-por-una-educacion-para-todos\/#primaryimage"},"thumbnailUrl":"https:\/\/www.itakaescolapios.org\/wp-content\/uploads\/2017\/04\/Panoramica-Acto-Central-2-min.jpg","keywords":["caminhada","campa\u00f1a solidaridad"],"articleSection":["Pamplona-Iru\u00f1a"],"inLanguage":"pt-BR"},{"@type":"WebPage","@id":"https:\/\/www.itakaescolapios.org\/pt\/2017\/04\/caminhada-en-pamplona-iruna-por-una-educacion-para-todos\/","url":"https:\/\/www.itakaescolapios.org\/pt\/2017\/04\/caminhada-en-pamplona-iruna-por-una-educacion-para-todos\/","name":"Caminhada en Pamplona-Iru\u00f1a: por una educaci\u00f3n para todos - Itaka-Escolapios","isPartOf":{"@id":"https:\/\/www.itakaescolapios.org\/es\/#website"},"primaryImageOfPage":{"@id":"https:\/\/www.itakaescolapios.org\/pt\/2017\/04\/caminhada-en-pamplona-iruna-por-una-educacion-para-todos\/#primaryimage"},"image":{"@id":"https:\/\/www.itakaescolapios.org\/pt\/2017\/04\/caminhada-en-pamplona-iruna-por-una-educacion-para-todos\/#primaryimage"},"thumbnailUrl":"https:\/\/www.itakaescolapios.org\/wp-content\/uploads\/2017\/04\/Panoramica-Acto-Central-2-min.jpg","datePublished":"2017-04-03T10:41:22+00:00","dateModified":"2023-11-28T11:38:07+00:00","breadcrumb":{"@id":"https:\/\/www.itakaescolapios.org\/pt\/2017\/04\/caminhada-en-pamplona-iruna-por-una-educacion-para-todos\/#breadcrumb"},"inLanguage":"pt-BR","potentialAction":[{"@type":"ReadAction","target":["https:\/\/www.itakaescolapios.org\/pt\/2017\/04\/caminhada-en-pamplona-iruna-por-una-educacion-para-todos\/"]}]},{"@type":"ImageObject","inLanguage":"pt-BR","@id":"https:\/\/www.itakaescolapios.org\/pt\/2017\/04\/caminhada-en-pamplona-iruna-por-una-educacion-para-todos\/#primaryimage","url":"https:\/\/www.itakaescolapios.org\/wp-content\/uploads\/2017\/04\/Panoramica-Acto-Central-2-min.jpg","contentUrl":"https:\/\/www.itakaescolapios.org\/wp-content\/uploads\/2017\/04\/Panoramica-Acto-Central-2-min.jpg","width":2000,"height":1023},{"@type":"BreadcrumbList","@id":"https:\/\/www.itakaescolapios.org\/pt\/2017\/04\/caminhada-en-pamplona-iruna-por-una-educacion-para-todos\/#breadcrumb","itemListElement":[{"@type":"ListItem","position":1,"name":"Itaka-Escolapios","item":"https:\/\/www.itakaescolapios.org\/es\/"},{"@type":"ListItem","position":2,"name":"Caminhada en Pamplona-Iru\u00f1a: por una educaci\u00f3n para todos"}]},{"@type":"WebSite","@id":"https:\/\/www.itakaescolapios.org\/pt\/es\/#website","url":"https:\/\/www.itakaescolapios.org\/pt\/es\/","name":"Itaka-Escolapios","description":"Red de Itaka-Escolapios","publisher":{"@id":"https:\/\/www.itakaescolapios.org\/pt\/es\/#organization"},"potentialAction":[{"@type":"SearchAction","target":{"@type":"EntryPoint","urlTemplate":"https:\/\/www.itakaescolapios.org\/pt\/es\/?s={search_term_string}"},"query-input":{"@type":"PropertyValueSpecification","valueRequired":true,"valueName":"search_term_string"}}],"inLanguage":"pt-BR"},{"@type":"Organization","@id":"https:\/\/www.itakaescolapios.org\/pt\/es\/#organization","name":"Fundaci\u00f3 Itaka-Escolapios","url":"https:\/\/www.itakaescolapios.org\/pt\/es\/","logo":{"@type":"ImageObject","inLanguage":"pt-BR","@id":"https:\/\/www.itakaescolapios.org\/pt\/es\/#\/schema\/logo\/image\/","url":"https:\/\/www.itakaescolapios.org\/wp-content\/uploads\/2024\/04\/Logo-itakaescolapios-peque.png","contentUrl":"https:\/\/www.itakaescolapios.org\/wp-content\/uploads\/2024\/04\/Logo-itakaescolapios-peque.png","width":500,"height":199,"caption":"Fundaci\u00f3 Itaka-Escolapios"},"image":{"@id":"https:\/\/www.itakaescolapios.org\/pt\/es\/#\/schema\/logo\/image\/"}},{"@type":"Person","@id":"https:\/\/www.itakaescolapios.org\/es\/#\/schema\/person\/a44de70f9a43a90c3e0f59aaaffd61f3","name":"pamplona01","url":"https:\/\/www.itakaescolapios.org\/pt\/author\/pamplona01\/"}]}},"_links":{"self":[{"href":"https:\/\/www.itakaescolapios.org\/pt\/wp-json\/wp\/v2\/posts\/18758","targetHints":{"allow":["GET"]}}],"collection":[{"href":"https:\/\/www.itakaescolapios.org\/pt\/wp-json\/wp\/v2\/posts"}],"about":[{"href":"https:\/\/www.itakaescolapios.org\/pt\/wp-json\/wp\/v2\/types\/post"}],"author":[{"embeddable":true,"href":"https:\/\/www.itakaescolapios.org\/pt\/wp-json\/wp\/v2\/users\/29"}],"replies":[{"embeddable":true,"href":"https:\/\/www.itakaescolapios.org\/pt\/wp-json\/wp\/v2\/comments?post=18758"}],"version-history":[{"count":3,"href":"https:\/\/www.itakaescolapios.org\/pt\/wp-json\/wp\/v2\/posts\/18758\/revisions"}],"predecessor-version":[{"id":47804,"href":"https:\/\/www.itakaescolapios.org\/pt\/wp-json\/wp\/v2\/posts\/18758\/revisions\/47804"}],"wp:featuredmedia":[{"embeddable":true,"href":"https:\/\/www.itakaescolapios.org\/pt\/wp-json\/wp\/v2\/media\/18759"}],"wp:attachment":[{"href":"https:\/\/www.itakaescolapios.org\/pt\/wp-json\/wp\/v2\/media?parent=18758"}],"wp:term":[{"taxonomy":"category","embeddable":true,"href":"https:\/\/www.itakaescolapios.org\/pt\/wp-json\/wp\/v2\/categories?post=18758"},{"taxonomy":"post_tag","embeddable":true,"href":"https:\/\/www.itakaescolapios.org\/pt\/wp-json\/wp\/v2\/tags?post=18758"}],"curies":[{"name":"wp","href":"https:\/\/api.w.org\/{rel}","templated":true}]}}