{"id":18775,"date":"2017-04-05T12:00:46","date_gmt":"2017-04-05T11:00:46","guid":{"rendered":"https:\/\/www.itakaescolapios.org\/?p=18775"},"modified":"2023-11-28T12:38:07","modified_gmt":"2023-11-28T11:38:07","slug":"curso-de-promocion-del-voluntariado-en-valencia","status":"publish","type":"post","link":"https:\/\/www.itakaescolapios.org\/pt\/2017\/04\/curso-de-promocion-del-voluntariado-en-valencia\/","title":{"rendered":"CURSO DE PROMOCI\u00d3N DEL VOLUNTARIADO EN VALENCIA"},"content":{"rendered":"<p style=\"text-align: justify\">Los d\u00edas 26 de marzo y 1 de abril tuvimos en el colegio de las Escuelas P\u00edas Malvarrosa el Curso de Promoci\u00f3n del Voluntariado (CPV) para todas las personas interesadas en realizar este verano la experiencia del Campo de Trabajo. Tras los meses previos de convocatoria en las aulas de bachiller de los colegios, acudieron un total de 36 j\u00f3venes, pertenecientes a colegios de Micer Masc\u00f3, Carniceros, Malvarrosa, Gandia y Escolapias. Durante las dos convocatorias se recibieron formaciones impartidas por los voluntarios del equipo de formaci\u00f3n de Itaka- Escolapios.<\/p>\n<p style=\"text-align: justify\">El primer d\u00eda trabajamos principalmente el an\u00e1lisis de la realidad, desde un punto m\u00e1s global hasta el m\u00e1s individual. Hicimos una din\u00e1mica en equipos representando desigualdades entre los pa\u00edses, analizando porcentajes, reflexionando sobre art\u00edculos actuales de prensa y acerc\u00e1ndose a historias m\u00e1s concretas de marginaci\u00f3n y desigualdad mediante actividades y v\u00eddeos. Despu\u00e9s de una ma\u00f1ana dedicada a \u201cabrir los ojos\u201d a una realidad de pobreza que grita un cambio, cerramos la tarde con la pregunta \u201c\u00bfqu\u00e9 podemos hacer nosotros?\u201d.<\/p>\n<p style=\"text-align: justify\">El segundo d\u00eda retomamos la primera sesi\u00f3n con una formaci\u00f3n donde nos centramos en las causas de la pobreza y las caracter\u00edsticas de la exclusi\u00f3n social dentro del llamado \u201ccuarto mundo\u201d. Trabajamos los conceptos de asistencialismo, promoci\u00f3n y cambio de estructuras, y los asistentes pudieron conocer a nuestro voluntario estrella, Bartolo, y las caracter\u00edsticas que posee para ser un voluntario perfecto. Por \u00faltimo, terminamos la carga formativa con una reflexi\u00f3n sobre la importancia del voluntariado escolapio social y su significado. La tarde fue m\u00e1s pr\u00e1ctica, dedicada al Campo de Trabajo y su funcionamiento. Para ello, vinieron cuatro voluntarios y un coordinador de campo de trabajo que disfrutaron el a\u00f1o pasado y con mucho cari\u00f1o compartieron sus recuerdos y animaron a vivir esta experiencia inolvidable.<\/p>\n\n\t\t<style type=\"text\/css\">\n\t\t\t#gallery-1 {\n\t\t\t\tmargin: auto;\n\t\t\t}\n\t\t\t#gallery-1 .gallery-item {\n\t\t\t\tfloat: left;\n\t\t\t\tmargin-top: 10px;\n\t\t\t\ttext-align: center;\n\t\t\t\twidth: 33%;\n\t\t\t}\n\t\t\t#gallery-1 img {\n\t\t\t\tborder: 2px solid #cfcfcf;\n\t\t\t}\n\t\t\t#gallery-1 .gallery-caption {\n\t\t\t\tmargin-left: 0;\n\t\t\t}\n\t\t\t\/* see gallery_shortcode() in wp-includes\/media.php *\/\n\t\t<\/style>\n\t\t<div id='gallery-1' class='gallery galleryid-18775 gallery-columns-3 gallery-size-thumbnail'><dl class='gallery-item'>\n\t\t\t<dt class='gallery-icon landscape'>\n\t\t\t\t<img decoding=\"async\" width=\"90\" height=\"90\" src=\"https:\/\/www.itakaescolapios.org\/wp-content\/uploads\/2017\/04\/IMG-20170326-WA0004-90x90.jpg\" class=\"attachment-thumbnail size-thumbnail\" alt=\"\" \/>\n\t\t\t<\/dt><\/dl><dl class='gallery-item'>\n\t\t\t<dt class='gallery-icon landscape'>\n\t\t\t\t<img decoding=\"async\" width=\"90\" height=\"90\" src=\"https:\/\/www.itakaescolapios.org\/wp-content\/uploads\/2017\/04\/IMG-20170326-WA0003-90x90.jpg\" class=\"attachment-thumbnail size-thumbnail\" alt=\"\" \/>\n\t\t\t<\/dt><\/dl><dl class='gallery-item'>\n\t\t\t<dt class='gallery-icon landscape'>\n\t\t\t\t<img decoding=\"async\" width=\"90\" height=\"90\" src=\"https:\/\/www.itakaescolapios.org\/wp-content\/uploads\/2017\/04\/IMG-20170326-WA0007-90x90.jpg\" class=\"attachment-thumbnail size-thumbnail\" alt=\"\" \/>\n\t\t\t<\/dt><\/dl><br style=\"clear: both\" \/><dl class='gallery-item'>\n\t\t\t<dt class='gallery-icon landscape'>\n\t\t\t\t<img decoding=\"async\" width=\"90\" height=\"90\" src=\"https:\/\/www.itakaescolapios.org\/wp-content\/uploads\/2017\/04\/IMG-20170326-WA0009-90x90.jpg\" class=\"attachment-thumbnail size-thumbnail\" alt=\"\" \/>\n\t\t\t<\/dt><\/dl><dl class='gallery-item'>\n\t\t\t<dt class='gallery-icon landscape'>\n\t\t\t\t<img decoding=\"async\" width=\"90\" height=\"90\" src=\"https:\/\/www.itakaescolapios.org\/wp-content\/uploads\/2017\/04\/IMG-20170401-WA0017-90x90.jpg\" class=\"attachment-thumbnail size-thumbnail\" alt=\"\" \/>\n\t\t\t<\/dt><\/dl><dl class='gallery-item'>\n\t\t\t<dt class='gallery-icon landscape'>\n\t\t\t\t<img decoding=\"async\" width=\"90\" height=\"90\" src=\"https:\/\/www.itakaescolapios.org\/wp-content\/uploads\/2017\/04\/IMG-20170401-WA0025-90x90.jpg\" class=\"attachment-thumbnail size-thumbnail\" alt=\"\" \/>\n\t\t\t<\/dt><\/dl><br style=\"clear: both\" \/>\n\t\t<\/div>\n\n<p style=\"text-align: justify\">\n","protected":false},"excerpt":{"rendered":"<p>Los d\u00edas 26 de marzo y 1 de abril tuvimos en el colegio de las Escuelas P\u00edas Malvarrosa el Curso de Promoci\u00f3n del Voluntariado (CPV) para todas las personas interesadas [&hellip;]<\/p>\n","protected":false},"author":39,"featured_media":18782,"comment_status":"closed","ping_status":"closed","sticky":false,"template":"","format":"standard","meta":{"_et_pb_use_builder":"","_et_pb_old_content":"","_et_gb_content_width":"","footnotes":""},"categories":[12],"tags":[159,166,261,72],"class_list":["post-18775","post","type-post","status-publish","format-standard","has-post-thumbnail","hentry","category-valencia","tag-campo-de-trabajo","tag-curso-de-promocion-del-voluntariado","tag-experiencia-de-verano","tag-formacion"],"yoast_head":"<!-- This site is optimized with the Yoast SEO plugin v27.4 - https:\/\/yoast.com\/product\/yoast-seo-wordpress\/ -->\n<title>CURSO DE PROMOCI\u00d3N DEL VOLUNTARIADO EN VALENCIA<\/title>\n<meta name=\"description\" content=\"Los d\u00edas 26 de marzo y 1 de abril tuvimos en el colegio de las Escuelas P\u00edas Malvarrosa el Curso de Promoci\u00f3n del Voluntariado (CPV) para todas las personas interesadas en realizar este verano la experiencia del Campo de Trabajo. Tras los meses previos de convocatoria en las aulas de bachiller de los colegios, acudieron&hellip;\" \/>\n<meta name=\"robots\" content=\"index, follow, max-snippet:-1, max-image-preview:large, max-video-preview:-1\" \/>\n<link rel=\"canonical\" href=\"http:\/\/Los%20d\u00edas%2026%20de%20marzo%20y%201%20de%20abril%20tuvimos%20en%20el%20colegio%20de%20las%20Escuelas%20P\u00edas%20Malvarrosa%20el%20Curso%20de%20Promoci\u00f3n%20del%20Voluntariado%20(CPV)%20para%20todas%20las%20personas%20interesadas%20en%20realizar%20este%20verano%20la%20experiencia%20del%20Campo%20de%20Trabajo.%20Tras%20los%20meses%20previos%20de%20convocatoria%20en%20las%20aulas%20de%20bachiller%20de%20los%20colegios,%20acudieron&hellip;\" \/>\n<meta property=\"og:locale\" content=\"pt_BR\" \/>\n<meta property=\"og:type\" content=\"article\" \/>\n<meta property=\"og:title\" content=\"CURSO DE PROMOCI\u00d3N DEL VOLUNTARIADO EN VALENCIA\" \/>\n<meta property=\"og:description\" content=\"Los d\u00edas 26 de marzo y 1 de abril tuvimos en el colegio de las Escuelas P\u00edas Malvarrosa el Curso de Promoci\u00f3n del Voluntariado (CPV) para todas las personas interesadas en realizar este verano la experiencia del Campo de Trabajo. Tras los meses previos de convocatoria en las aulas de bachiller de los colegios, acudieron&hellip;\" \/>\n<meta property=\"og:url\" content=\"https:\/\/www.itakaescolapios.org\/pt\/2017\/04\/curso-de-promocion-del-voluntariado-en-valencia\/\" \/>\n<meta property=\"og:site_name\" content=\"Itaka-Escolapios\" \/>\n<meta property=\"article:published_time\" content=\"2017-04-05T11:00:46+00:00\" \/>\n<meta property=\"article:modified_time\" content=\"2023-11-28T11:38:07+00:00\" \/>\n<meta property=\"og:image\" content=\"https:\/\/www.itakaescolapios.org\/wp-content\/uploads\/2017\/04\/IMG-20170326-WA0005.jpg\" \/>\n\t<meta property=\"og:image:width\" content=\"1600\" \/>\n\t<meta property=\"og:image:height\" content=\"1200\" \/>\n\t<meta property=\"og:image:type\" content=\"image\/jpeg\" \/>\n<meta name=\"author\" content=\"valencia01\" \/>\n<meta name=\"twitter:card\" content=\"summary_large_image\" \/>\n<meta name=\"twitter:label1\" content=\"Escrito por\" \/>\n\t<meta name=\"twitter:data1\" content=\"valencia01\" \/>\n\t<meta name=\"twitter:label2\" content=\"Est. tempo de leitura\" \/>\n\t<meta name=\"twitter:data2\" content=\"2 minutos\" \/>\n<script type=\"application\/ld+json\" class=\"yoast-schema-graph\">{\"@context\":\"https:\\\/\\\/schema.org\",\"@graph\":[{\"@type\":\"Article\",\"@id\":\"https:\\\/\\\/www.itakaescolapios.org\\\/pt\\\/2017\\\/04\\\/curso-de-promocion-del-voluntariado-en-valencia\\\/#article\",\"isPartOf\":{\"@id\":\"https:\\\/\\\/www.itakaescolapios.org\\\/pt\\\/2017\\\/04\\\/curso-de-promocion-del-voluntariado-en-valencia\\\/\"},\"author\":{\"name\":\"valencia01\",\"@id\":\"https:\\\/\\\/www.itakaescolapios.org\\\/es\\\/#\\\/schema\\\/person\\\/c232ccaa2b3f2e98db93c1f8dfca96ff\"},\"headline\":\"CURSO DE PROMOCI\u00d3N DEL VOLUNTARIADO EN VALENCIA\",\"datePublished\":\"2017-04-05T11:00:46+00:00\",\"dateModified\":\"2023-11-28T11:38:07+00:00\",\"mainEntityOfPage\":{\"@id\":\"https:\\\/\\\/www.itakaescolapios.org\\\/pt\\\/2017\\\/04\\\/curso-de-promocion-del-voluntariado-en-valencia\\\/\"},\"wordCount\":331,\"publisher\":{\"@id\":\"https:\\\/\\\/www.itakaescolapios.org\\\/es\\\/#organization\"},\"image\":{\"@id\":\"https:\\\/\\\/www.itakaescolapios.org\\\/pt\\\/2017\\\/04\\\/curso-de-promocion-del-voluntariado-en-valencia\\\/#primaryimage\"},\"thumbnailUrl\":\"https:\\\/\\\/www.itakaescolapios.org\\\/wp-content\\\/uploads\\\/2017\\\/04\\\/IMG-20170326-WA0005.jpg\",\"keywords\":[\"Campo de Trabajo\",\"Curso de Promoci\u00f3n del Voluntariado\",\"experiencia de verano\",\"formaci\u00f3n\"],\"articleSection\":[\"Valencia\"],\"inLanguage\":\"pt-BR\"},{\"@type\":\"WebPage\",\"@id\":\"https:\\\/\\\/www.itakaescolapios.org\\\/pt\\\/2017\\\/04\\\/curso-de-promocion-del-voluntariado-en-valencia\\\/\",\"url\":\"https:\\\/\\\/www.itakaescolapios.org\\\/pt\\\/2017\\\/04\\\/curso-de-promocion-del-voluntariado-en-valencia\\\/\",\"name\":\"CURSO DE PROMOCI\u00d3N DEL VOLUNTARIADO EN VALENCIA - Itaka-Escolapios\",\"isPartOf\":{\"@id\":\"https:\\\/\\\/www.itakaescolapios.org\\\/es\\\/#website\"},\"primaryImageOfPage\":{\"@id\":\"https:\\\/\\\/www.itakaescolapios.org\\\/pt\\\/2017\\\/04\\\/curso-de-promocion-del-voluntariado-en-valencia\\\/#primaryimage\"},\"image\":{\"@id\":\"https:\\\/\\\/www.itakaescolapios.org\\\/pt\\\/2017\\\/04\\\/curso-de-promocion-del-voluntariado-en-valencia\\\/#primaryimage\"},\"thumbnailUrl\":\"https:\\\/\\\/www.itakaescolapios.org\\\/wp-content\\\/uploads\\\/2017\\\/04\\\/IMG-20170326-WA0005.jpg\",\"datePublished\":\"2017-04-05T11:00:46+00:00\",\"dateModified\":\"2023-11-28T11:38:07+00:00\",\"breadcrumb\":{\"@id\":\"https:\\\/\\\/www.itakaescolapios.org\\\/pt\\\/2017\\\/04\\\/curso-de-promocion-del-voluntariado-en-valencia\\\/#breadcrumb\"},\"inLanguage\":\"pt-BR\",\"potentialAction\":[{\"@type\":\"ReadAction\",\"target\":[\"https:\\\/\\\/www.itakaescolapios.org\\\/pt\\\/2017\\\/04\\\/curso-de-promocion-del-voluntariado-en-valencia\\\/\"]}]},{\"@type\":\"ImageObject\",\"inLanguage\":\"pt-BR\",\"@id\":\"https:\\\/\\\/www.itakaescolapios.org\\\/pt\\\/2017\\\/04\\\/curso-de-promocion-del-voluntariado-en-valencia\\\/#primaryimage\",\"url\":\"https:\\\/\\\/www.itakaescolapios.org\\\/wp-content\\\/uploads\\\/2017\\\/04\\\/IMG-20170326-WA0005.jpg\",\"contentUrl\":\"https:\\\/\\\/www.itakaescolapios.org\\\/wp-content\\\/uploads\\\/2017\\\/04\\\/IMG-20170326-WA0005.jpg\",\"width\":1600,\"height\":1200},{\"@type\":\"BreadcrumbList\",\"@id\":\"https:\\\/\\\/www.itakaescolapios.org\\\/pt\\\/2017\\\/04\\\/curso-de-promocion-del-voluntariado-en-valencia\\\/#breadcrumb\",\"itemListElement\":[{\"@type\":\"ListItem\",\"position\":1,\"name\":\"Itaka-Escolapios\",\"item\":\"https:\\\/\\\/www.itakaescolapios.org\\\/es\\\/\"},{\"@type\":\"ListItem\",\"position\":2,\"name\":\"CURSO DE PROMOCI\u00d3N DEL VOLUNTARIADO EN VALENCIA\"}]},{\"@type\":\"WebSite\",\"@id\":\"https:\\\/\\\/www.itakaescolapios.org\\\/pt\\\/es\\\/#website\",\"url\":\"https:\\\/\\\/www.itakaescolapios.org\\\/pt\\\/es\\\/\",\"name\":\"Itaka-Escolapios\",\"description\":\"Red de Itaka-Escolapios\",\"publisher\":{\"@id\":\"https:\\\/\\\/www.itakaescolapios.org\\\/pt\\\/es\\\/#organization\"},\"potentialAction\":[{\"@type\":\"SearchAction\",\"target\":{\"@type\":\"EntryPoint\",\"urlTemplate\":\"https:\\\/\\\/www.itakaescolapios.org\\\/pt\\\/es\\\/?s={search_term_string}\"},\"query-input\":{\"@type\":\"PropertyValueSpecification\",\"valueRequired\":true,\"valueName\":\"search_term_string\"}}],\"inLanguage\":\"pt-BR\"},{\"@type\":\"Organization\",\"@id\":\"https:\\\/\\\/www.itakaescolapios.org\\\/pt\\\/es\\\/#organization\",\"name\":\"Fundaci\u00f3 Itaka-Escolapios\",\"url\":\"https:\\\/\\\/www.itakaescolapios.org\\\/pt\\\/es\\\/\",\"logo\":{\"@type\":\"ImageObject\",\"inLanguage\":\"pt-BR\",\"@id\":\"https:\\\/\\\/www.itakaescolapios.org\\\/pt\\\/es\\\/#\\\/schema\\\/logo\\\/image\\\/\",\"url\":\"https:\\\/\\\/www.itakaescolapios.org\\\/wp-content\\\/uploads\\\/2024\\\/04\\\/Logo-itakaescolapios-peque.png\",\"contentUrl\":\"https:\\\/\\\/www.itakaescolapios.org\\\/wp-content\\\/uploads\\\/2024\\\/04\\\/Logo-itakaescolapios-peque.png\",\"width\":500,\"height\":199,\"caption\":\"Fundaci\u00f3 Itaka-Escolapios\"},\"image\":{\"@id\":\"https:\\\/\\\/www.itakaescolapios.org\\\/pt\\\/es\\\/#\\\/schema\\\/logo\\\/image\\\/\"}},{\"@type\":\"Person\",\"@id\":\"https:\\\/\\\/www.itakaescolapios.org\\\/es\\\/#\\\/schema\\\/person\\\/c232ccaa2b3f2e98db93c1f8dfca96ff\",\"name\":\"valencia01\",\"url\":\"https:\\\/\\\/www.itakaescolapios.org\\\/pt\\\/author\\\/valencia01\\\/\"}]}<\/script>\n<!-- \/ Yoast SEO plugin. -->","yoast_head_json":{"title":"CURSO DE PROMOCI\u00d3N DEL VOLUNTARIADO EN VALENCIA","description":"Los d\u00edas 26 de marzo y 1 de abril tuvimos en el colegio de las Escuelas P\u00edas Malvarrosa el Curso de Promoci\u00f3n del Voluntariado (CPV) para todas las personas interesadas en realizar este verano la experiencia del Campo de Trabajo. Tras los meses previos de convocatoria en las aulas de bachiller de los colegios, acudieron&hellip;","robots":{"index":"index","follow":"follow","max-snippet":"max-snippet:-1","max-image-preview":"max-image-preview:large","max-video-preview":"max-video-preview:-1"},"canonical":"Los d\u00edas 26 de marzo y 1 de abril tuvimos en el colegio de las Escuelas P\u00edas Malvarrosa el Curso de Promoci\u00f3n del Voluntariado (CPV) para todas las personas interesadas en realizar este verano la experiencia del Campo de Trabajo. Tras los meses previos de convocatoria en las aulas de bachiller de los colegios, acudieron&hellip;","og_locale":"pt_BR","og_type":"article","og_title":"CURSO DE PROMOCI\u00d3N DEL VOLUNTARIADO EN VALENCIA","og_description":"Los d\u00edas 26 de marzo y 1 de abril tuvimos en el colegio de las Escuelas P\u00edas Malvarrosa el Curso de Promoci\u00f3n del Voluntariado (CPV) para todas las personas interesadas en realizar este verano la experiencia del Campo de Trabajo. Tras los meses previos de convocatoria en las aulas de bachiller de los colegios, acudieron&hellip;","og_url":"https:\/\/www.itakaescolapios.org\/pt\/2017\/04\/curso-de-promocion-del-voluntariado-en-valencia\/","og_site_name":"Itaka-Escolapios","article_published_time":"2017-04-05T11:00:46+00:00","article_modified_time":"2023-11-28T11:38:07+00:00","og_image":[{"width":1600,"height":1200,"url":"https:\/\/www.itakaescolapios.org\/wp-content\/uploads\/2017\/04\/IMG-20170326-WA0005.jpg","type":"image\/jpeg"}],"author":"valencia01","twitter_card":"summary_large_image","twitter_misc":{"Escrito por":"valencia01","Est. tempo de leitura":"2 minutos"},"schema":{"@context":"https:\/\/schema.org","@graph":[{"@type":"Article","@id":"https:\/\/www.itakaescolapios.org\/pt\/2017\/04\/curso-de-promocion-del-voluntariado-en-valencia\/#article","isPartOf":{"@id":"https:\/\/www.itakaescolapios.org\/pt\/2017\/04\/curso-de-promocion-del-voluntariado-en-valencia\/"},"author":{"name":"valencia01","@id":"https:\/\/www.itakaescolapios.org\/es\/#\/schema\/person\/c232ccaa2b3f2e98db93c1f8dfca96ff"},"headline":"CURSO DE PROMOCI\u00d3N DEL VOLUNTARIADO EN VALENCIA","datePublished":"2017-04-05T11:00:46+00:00","dateModified":"2023-11-28T11:38:07+00:00","mainEntityOfPage":{"@id":"https:\/\/www.itakaescolapios.org\/pt\/2017\/04\/curso-de-promocion-del-voluntariado-en-valencia\/"},"wordCount":331,"publisher":{"@id":"https:\/\/www.itakaescolapios.org\/es\/#organization"},"image":{"@id":"https:\/\/www.itakaescolapios.org\/pt\/2017\/04\/curso-de-promocion-del-voluntariado-en-valencia\/#primaryimage"},"thumbnailUrl":"https:\/\/www.itakaescolapios.org\/wp-content\/uploads\/2017\/04\/IMG-20170326-WA0005.jpg","keywords":["Campo de Trabajo","Curso de Promoci\u00f3n del Voluntariado","experiencia de verano","formaci\u00f3n"],"articleSection":["Valencia"],"inLanguage":"pt-BR"},{"@type":"WebPage","@id":"https:\/\/www.itakaescolapios.org\/pt\/2017\/04\/curso-de-promocion-del-voluntariado-en-valencia\/","url":"https:\/\/www.itakaescolapios.org\/pt\/2017\/04\/curso-de-promocion-del-voluntariado-en-valencia\/","name":"CURSO DE PROMOCI\u00d3N DEL VOLUNTARIADO EN VALENCIA - Itaka-Escolapios","isPartOf":{"@id":"https:\/\/www.itakaescolapios.org\/es\/#website"},"primaryImageOfPage":{"@id":"https:\/\/www.itakaescolapios.org\/pt\/2017\/04\/curso-de-promocion-del-voluntariado-en-valencia\/#primaryimage"},"image":{"@id":"https:\/\/www.itakaescolapios.org\/pt\/2017\/04\/curso-de-promocion-del-voluntariado-en-valencia\/#primaryimage"},"thumbnailUrl":"https:\/\/www.itakaescolapios.org\/wp-content\/uploads\/2017\/04\/IMG-20170326-WA0005.jpg","datePublished":"2017-04-05T11:00:46+00:00","dateModified":"2023-11-28T11:38:07+00:00","breadcrumb":{"@id":"https:\/\/www.itakaescolapios.org\/pt\/2017\/04\/curso-de-promocion-del-voluntariado-en-valencia\/#breadcrumb"},"inLanguage":"pt-BR","potentialAction":[{"@type":"ReadAction","target":["https:\/\/www.itakaescolapios.org\/pt\/2017\/04\/curso-de-promocion-del-voluntariado-en-valencia\/"]}]},{"@type":"ImageObject","inLanguage":"pt-BR","@id":"https:\/\/www.itakaescolapios.org\/pt\/2017\/04\/curso-de-promocion-del-voluntariado-en-valencia\/#primaryimage","url":"https:\/\/www.itakaescolapios.org\/wp-content\/uploads\/2017\/04\/IMG-20170326-WA0005.jpg","contentUrl":"https:\/\/www.itakaescolapios.org\/wp-content\/uploads\/2017\/04\/IMG-20170326-WA0005.jpg","width":1600,"height":1200},{"@type":"BreadcrumbList","@id":"https:\/\/www.itakaescolapios.org\/pt\/2017\/04\/curso-de-promocion-del-voluntariado-en-valencia\/#breadcrumb","itemListElement":[{"@type":"ListItem","position":1,"name":"Itaka-Escolapios","item":"https:\/\/www.itakaescolapios.org\/es\/"},{"@type":"ListItem","position":2,"name":"CURSO DE PROMOCI\u00d3N DEL VOLUNTARIADO EN VALENCIA"}]},{"@type":"WebSite","@id":"https:\/\/www.itakaescolapios.org\/pt\/es\/#website","url":"https:\/\/www.itakaescolapios.org\/pt\/es\/","name":"Itaka-Escolapios","description":"Red de Itaka-Escolapios","publisher":{"@id":"https:\/\/www.itakaescolapios.org\/pt\/es\/#organization"},"potentialAction":[{"@type":"SearchAction","target":{"@type":"EntryPoint","urlTemplate":"https:\/\/www.itakaescolapios.org\/pt\/es\/?s={search_term_string}"},"query-input":{"@type":"PropertyValueSpecification","valueRequired":true,"valueName":"search_term_string"}}],"inLanguage":"pt-BR"},{"@type":"Organization","@id":"https:\/\/www.itakaescolapios.org\/pt\/es\/#organization","name":"Fundaci\u00f3 Itaka-Escolapios","url":"https:\/\/www.itakaescolapios.org\/pt\/es\/","logo":{"@type":"ImageObject","inLanguage":"pt-BR","@id":"https:\/\/www.itakaescolapios.org\/pt\/es\/#\/schema\/logo\/image\/","url":"https:\/\/www.itakaescolapios.org\/wp-content\/uploads\/2024\/04\/Logo-itakaescolapios-peque.png","contentUrl":"https:\/\/www.itakaescolapios.org\/wp-content\/uploads\/2024\/04\/Logo-itakaescolapios-peque.png","width":500,"height":199,"caption":"Fundaci\u00f3 Itaka-Escolapios"},"image":{"@id":"https:\/\/www.itakaescolapios.org\/pt\/es\/#\/schema\/logo\/image\/"}},{"@type":"Person","@id":"https:\/\/www.itakaescolapios.org\/es\/#\/schema\/person\/c232ccaa2b3f2e98db93c1f8dfca96ff","name":"valencia01","url":"https:\/\/www.itakaescolapios.org\/pt\/author\/valencia01\/"}]}},"_links":{"self":[{"href":"https:\/\/www.itakaescolapios.org\/pt\/wp-json\/wp\/v2\/posts\/18775","targetHints":{"allow":["GET"]}}],"collection":[{"href":"https:\/\/www.itakaescolapios.org\/pt\/wp-json\/wp\/v2\/posts"}],"about":[{"href":"https:\/\/www.itakaescolapios.org\/pt\/wp-json\/wp\/v2\/types\/post"}],"author":[{"embeddable":true,"href":"https:\/\/www.itakaescolapios.org\/pt\/wp-json\/wp\/v2\/users\/39"}],"replies":[{"embeddable":true,"href":"https:\/\/www.itakaescolapios.org\/pt\/wp-json\/wp\/v2\/comments?post=18775"}],"version-history":[{"count":4,"href":"https:\/\/www.itakaescolapios.org\/pt\/wp-json\/wp\/v2\/posts\/18775\/revisions"}],"predecessor-version":[{"id":47792,"href":"https:\/\/www.itakaescolapios.org\/pt\/wp-json\/wp\/v2\/posts\/18775\/revisions\/47792"}],"wp:featuredmedia":[{"embeddable":true,"href":"https:\/\/www.itakaescolapios.org\/pt\/wp-json\/wp\/v2\/media\/18782"}],"wp:attachment":[{"href":"https:\/\/www.itakaescolapios.org\/pt\/wp-json\/wp\/v2\/media?parent=18775"}],"wp:term":[{"taxonomy":"category","embeddable":true,"href":"https:\/\/www.itakaescolapios.org\/pt\/wp-json\/wp\/v2\/categories?post=18775"},{"taxonomy":"post_tag","embeddable":true,"href":"https:\/\/www.itakaescolapios.org\/pt\/wp-json\/wp\/v2\/tags?post=18775"}],"curies":[{"name":"wp","href":"https:\/\/api.w.org\/{rel}","templated":true}]}}