{"id":19272,"date":"2017-05-18T11:21:02","date_gmt":"2017-05-18T10:21:02","guid":{"rendered":"https:\/\/www.itakaescolapios.org\/?p=19272"},"modified":"2023-11-28T12:38:03","modified_gmt":"2023-11-28T11:38:03","slug":"papiro-232-cuidar-la-tierra-cuidar-la-vida","status":"publish","type":"post","link":"https:\/\/www.itakaescolapios.org\/pt\/2017\/05\/papiro-232-cuidar-la-tierra-cuidar-la-vida\/","title":{"rendered":"PAPIRO 232: CUIDAR LA TIERRA, CUIDAR LA VIDA"},"content":{"rendered":"<p><span style=\"font-size: 14px;\">Ya tenemos disponible un nuevo n\u00famero Papiro, el 232, correspondiente el mes de mayo, con muchas informaci\u00f3n de las presencias escolapias en Bilbao, Logro\u00f1o y Vitoria adem\u00e1s de ofrecer un interesante material sobre el cuidado de la vida y la naturaleza.<\/span><\/p>\n<p>Elaborado por el equipo del Ministerio de Transformaci\u00f3n Social, recoge art\u00edculos y recursos para la reflexi\u00f3n, la formaci\u00f3n y el di\u00e1logo sobre el desaf\u00edo eco-social y la necesaria conversi\u00f3n ecol\u00f3gica que \u00e9ste supone.<\/p>\n<p>Lo encontramos en\u00a0<a href=\"https:\/\/www.itakaescolapios.org\/pdf-sender.php?file=wp-content\/uploads\/2012\/07\/232_Cuidar_la_Tierra.pdf\">https:\/\/www.itakaescolapios.org\/pdf-sender.php?file=wp-content\/uploads\/2012\/07\/232_Cuidar_la_Tierra.pdf<\/a><\/p>\n","protected":false},"excerpt":{"rendered":"<p>Ya tenemos disponible un nuevo n\u00famero Papiro, el 232, correspondiente el mes de mayo, con muchas informaci\u00f3n de las presencias escolapias en Bilbao, Logro\u00f1o y Vitoria adem\u00e1s de ofrecer un [&hellip;]<\/p>\n","protected":false},"author":4,"featured_media":19273,"comment_status":"closed","ping_status":"closed","sticky":false,"template":"","format":"standard","meta":{"_et_pb_use_builder":"","_et_pb_old_content":"","_et_gb_content_width":"","footnotes":""},"categories":[9,30,19,13],"tags":[],"class_list":["post-19272","post","type-post","status-publish","format-standard","has-post-thumbnail","hentry","category-bilbao","category-itaka-escolapios","category-logrono","category-vitoria"],"yoast_head":"<!-- This site is optimized with the Yoast SEO plugin v27.4 - https:\/\/yoast.com\/product\/yoast-seo-wordpress\/ -->\n<title>PAPIRO 232: CUIDAR LA TIERRA, CUIDAR LA VIDA<\/title>\n<meta name=\"description\" content=\"Ya tenemos disponible un nuevo n\u00famero Papiro, el 232, correspondiente el mes de mayo, con muchas informaci\u00f3n de las presencias escolapias en Bilbao, Logro\u00f1o y Vitoria adem\u00e1s de ofrecer un interesante material sobre el cuidado de la vida y la naturaleza. Elaborado por el equipo del Ministerio de Transformaci\u00f3n Social, recoge art\u00edculos y recursos para&hellip;\" \/>\n<meta name=\"robots\" content=\"index, follow, max-snippet:-1, max-image-preview:large, max-video-preview:-1\" \/>\n<link rel=\"canonical\" href=\"http:\/\/Ya%20tenemos%20disponible%20un%20nuevo%20n\u00famero%20Papiro,%20el%20232,%20correspondiente%20el%20mes%20de%20mayo,%20con%20muchas%20informaci\u00f3n%20de%20las%20presencias%20escolapias%20en%20Bilbao,%20Logro\u00f1o%20y%20Vitoria%20adem\u00e1s%20de%20ofrecer%20un%20interesante%20material%20sobre%20el%20cuidado%20de%20la%20vida%20y%20la%20naturaleza.%20Elaborado%20por%20el%20equipo%20del%20Ministerio%20de%20Transformaci\u00f3n%20Social,%20recoge%20art\u00edculos%20y%20recursos%20para&hellip;\" \/>\n<meta property=\"og:locale\" content=\"pt_BR\" \/>\n<meta property=\"og:type\" content=\"article\" \/>\n<meta property=\"og:title\" content=\"PAPIRO 232: CUIDAR LA TIERRA, CUIDAR LA VIDA\" \/>\n<meta property=\"og:description\" content=\"Ya tenemos disponible un nuevo n\u00famero Papiro, el 232, correspondiente el mes de mayo, con muchas informaci\u00f3n de las presencias escolapias en Bilbao, Logro\u00f1o y Vitoria adem\u00e1s de ofrecer un interesante material sobre el cuidado de la vida y la naturaleza. Elaborado por el equipo del Ministerio de Transformaci\u00f3n Social, recoge art\u00edculos y recursos para&hellip;\" \/>\n<meta property=\"og:url\" content=\"https:\/\/www.itakaescolapios.org\/pt\/2017\/05\/papiro-232-cuidar-la-tierra-cuidar-la-vida\/\" \/>\n<meta property=\"og:site_name\" content=\"Itaka-Escolapios\" \/>\n<meta property=\"article:published_time\" content=\"2017-05-18T10:21:02+00:00\" \/>\n<meta property=\"article:modified_time\" content=\"2023-11-28T11:38:03+00:00\" \/>\n<meta property=\"og:image\" content=\"https:\/\/www.itakaescolapios.org\/wp-content\/uploads\/2017\/05\/1-Captura3.jpg\" \/>\n\t<meta property=\"og:image:width\" content=\"650\" \/>\n\t<meta property=\"og:image:height\" content=\"886\" \/>\n\t<meta property=\"og:image:type\" content=\"image\/jpeg\" \/>\n<meta name=\"author\" content=\"itaka\" \/>\n<meta name=\"twitter:card\" content=\"summary_large_image\" \/>\n<meta name=\"twitter:label1\" content=\"Escrito por\" \/>\n\t<meta name=\"twitter:data1\" content=\"itaka\" \/>\n\t<meta name=\"twitter:label2\" content=\"Est. tempo de leitura\" \/>\n\t<meta name=\"twitter:data2\" content=\"1 minuto\" \/>\n<script type=\"application\/ld+json\" class=\"yoast-schema-graph\">{\"@context\":\"https:\\\/\\\/schema.org\",\"@graph\":[{\"@type\":\"Article\",\"@id\":\"https:\\\/\\\/www.itakaescolapios.org\\\/pt\\\/2017\\\/05\\\/papiro-232-cuidar-la-tierra-cuidar-la-vida\\\/#article\",\"isPartOf\":{\"@id\":\"https:\\\/\\\/www.itakaescolapios.org\\\/pt\\\/2017\\\/05\\\/papiro-232-cuidar-la-tierra-cuidar-la-vida\\\/\"},\"author\":{\"name\":\"itaka\",\"@id\":\"https:\\\/\\\/www.itakaescolapios.org\\\/es\\\/#\\\/schema\\\/person\\\/670123daeb1cc31cae1b106740036ccb\"},\"headline\":\"PAPIRO 232: CUIDAR LA TIERRA, CUIDAR LA VIDA\",\"datePublished\":\"2017-05-18T10:21:02+00:00\",\"dateModified\":\"2023-11-28T11:38:03+00:00\",\"mainEntityOfPage\":{\"@id\":\"https:\\\/\\\/www.itakaescolapios.org\\\/pt\\\/2017\\\/05\\\/papiro-232-cuidar-la-tierra-cuidar-la-vida\\\/\"},\"wordCount\":108,\"publisher\":{\"@id\":\"https:\\\/\\\/www.itakaescolapios.org\\\/es\\\/#organization\"},\"image\":{\"@id\":\"https:\\\/\\\/www.itakaescolapios.org\\\/pt\\\/2017\\\/05\\\/papiro-232-cuidar-la-tierra-cuidar-la-vida\\\/#primaryimage\"},\"thumbnailUrl\":\"https:\\\/\\\/www.itakaescolapios.org\\\/wp-content\\\/uploads\\\/2017\\\/05\\\/1-Captura3.jpg\",\"articleSection\":[\"Bilbao\",\"Itaka Escolapios\",\"Logro\u00f1o\",\"Vitoria-Gasteiz\"],\"inLanguage\":\"pt-BR\"},{\"@type\":\"WebPage\",\"@id\":\"https:\\\/\\\/www.itakaescolapios.org\\\/pt\\\/2017\\\/05\\\/papiro-232-cuidar-la-tierra-cuidar-la-vida\\\/\",\"url\":\"https:\\\/\\\/www.itakaescolapios.org\\\/pt\\\/2017\\\/05\\\/papiro-232-cuidar-la-tierra-cuidar-la-vida\\\/\",\"name\":\"PAPIRO 232: CUIDAR LA TIERRA, CUIDAR LA VIDA - Itaka-Escolapios\",\"isPartOf\":{\"@id\":\"https:\\\/\\\/www.itakaescolapios.org\\\/es\\\/#website\"},\"primaryImageOfPage\":{\"@id\":\"https:\\\/\\\/www.itakaescolapios.org\\\/pt\\\/2017\\\/05\\\/papiro-232-cuidar-la-tierra-cuidar-la-vida\\\/#primaryimage\"},\"image\":{\"@id\":\"https:\\\/\\\/www.itakaescolapios.org\\\/pt\\\/2017\\\/05\\\/papiro-232-cuidar-la-tierra-cuidar-la-vida\\\/#primaryimage\"},\"thumbnailUrl\":\"https:\\\/\\\/www.itakaescolapios.org\\\/wp-content\\\/uploads\\\/2017\\\/05\\\/1-Captura3.jpg\",\"datePublished\":\"2017-05-18T10:21:02+00:00\",\"dateModified\":\"2023-11-28T11:38:03+00:00\",\"breadcrumb\":{\"@id\":\"https:\\\/\\\/www.itakaescolapios.org\\\/pt\\\/2017\\\/05\\\/papiro-232-cuidar-la-tierra-cuidar-la-vida\\\/#breadcrumb\"},\"inLanguage\":\"pt-BR\",\"potentialAction\":[{\"@type\":\"ReadAction\",\"target\":[\"https:\\\/\\\/www.itakaescolapios.org\\\/pt\\\/2017\\\/05\\\/papiro-232-cuidar-la-tierra-cuidar-la-vida\\\/\"]}]},{\"@type\":\"ImageObject\",\"inLanguage\":\"pt-BR\",\"@id\":\"https:\\\/\\\/www.itakaescolapios.org\\\/pt\\\/2017\\\/05\\\/papiro-232-cuidar-la-tierra-cuidar-la-vida\\\/#primaryimage\",\"url\":\"https:\\\/\\\/www.itakaescolapios.org\\\/wp-content\\\/uploads\\\/2017\\\/05\\\/1-Captura3.jpg\",\"contentUrl\":\"https:\\\/\\\/www.itakaescolapios.org\\\/wp-content\\\/uploads\\\/2017\\\/05\\\/1-Captura3.jpg\",\"width\":650,\"height\":886},{\"@type\":\"BreadcrumbList\",\"@id\":\"https:\\\/\\\/www.itakaescolapios.org\\\/pt\\\/2017\\\/05\\\/papiro-232-cuidar-la-tierra-cuidar-la-vida\\\/#breadcrumb\",\"itemListElement\":[{\"@type\":\"ListItem\",\"position\":1,\"name\":\"Itaka-Escolapios\",\"item\":\"https:\\\/\\\/www.itakaescolapios.org\\\/es\\\/\"},{\"@type\":\"ListItem\",\"position\":2,\"name\":\"PAPIRO 232: CUIDAR LA TIERRA, CUIDAR LA VIDA\"}]},{\"@type\":\"WebSite\",\"@id\":\"https:\\\/\\\/www.itakaescolapios.org\\\/pt\\\/es\\\/#website\",\"url\":\"https:\\\/\\\/www.itakaescolapios.org\\\/pt\\\/es\\\/\",\"name\":\"Itaka-Escolapios\",\"description\":\"Red de Itaka-Escolapios\",\"publisher\":{\"@id\":\"https:\\\/\\\/www.itakaescolapios.org\\\/pt\\\/es\\\/#organization\"},\"potentialAction\":[{\"@type\":\"SearchAction\",\"target\":{\"@type\":\"EntryPoint\",\"urlTemplate\":\"https:\\\/\\\/www.itakaescolapios.org\\\/pt\\\/es\\\/?s={search_term_string}\"},\"query-input\":{\"@type\":\"PropertyValueSpecification\",\"valueRequired\":true,\"valueName\":\"search_term_string\"}}],\"inLanguage\":\"pt-BR\"},{\"@type\":\"Organization\",\"@id\":\"https:\\\/\\\/www.itakaescolapios.org\\\/pt\\\/es\\\/#organization\",\"name\":\"Fundaci\u00f3 Itaka-Escolapios\",\"url\":\"https:\\\/\\\/www.itakaescolapios.org\\\/pt\\\/es\\\/\",\"logo\":{\"@type\":\"ImageObject\",\"inLanguage\":\"pt-BR\",\"@id\":\"https:\\\/\\\/www.itakaescolapios.org\\\/pt\\\/es\\\/#\\\/schema\\\/logo\\\/image\\\/\",\"url\":\"https:\\\/\\\/www.itakaescolapios.org\\\/wp-content\\\/uploads\\\/2024\\\/04\\\/Logo-itakaescolapios-peque.png\",\"contentUrl\":\"https:\\\/\\\/www.itakaescolapios.org\\\/wp-content\\\/uploads\\\/2024\\\/04\\\/Logo-itakaescolapios-peque.png\",\"width\":500,\"height\":199,\"caption\":\"Fundaci\u00f3 Itaka-Escolapios\"},\"image\":{\"@id\":\"https:\\\/\\\/www.itakaescolapios.org\\\/pt\\\/es\\\/#\\\/schema\\\/logo\\\/image\\\/\"}},{\"@type\":\"Person\",\"@id\":\"https:\\\/\\\/www.itakaescolapios.org\\\/es\\\/#\\\/schema\\\/person\\\/670123daeb1cc31cae1b106740036ccb\",\"name\":\"itaka\",\"url\":\"https:\\\/\\\/www.itakaescolapios.org\\\/pt\\\/author\\\/itaka\\\/\"}]}<\/script>\n<!-- \/ Yoast SEO plugin. -->","yoast_head_json":{"title":"PAPIRO 232: CUIDAR LA TIERRA, CUIDAR LA VIDA","description":"Ya tenemos disponible un nuevo n\u00famero Papiro, el 232, correspondiente el mes de mayo, con muchas informaci\u00f3n de las presencias escolapias en Bilbao, Logro\u00f1o y Vitoria adem\u00e1s de ofrecer un interesante material sobre el cuidado de la vida y la naturaleza. Elaborado por el equipo del Ministerio de Transformaci\u00f3n Social, recoge art\u00edculos y recursos para&hellip;","robots":{"index":"index","follow":"follow","max-snippet":"max-snippet:-1","max-image-preview":"max-image-preview:large","max-video-preview":"max-video-preview:-1"},"canonical":"Ya tenemos disponible un nuevo n\u00famero Papiro, el 232, correspondiente el mes de mayo, con muchas informaci\u00f3n de las presencias escolapias en Bilbao, Logro\u00f1o y Vitoria adem\u00e1s de ofrecer un interesante material sobre el cuidado de la vida y la naturaleza. Elaborado por el equipo del Ministerio de Transformaci\u00f3n Social, recoge art\u00edculos y recursos para&hellip;","og_locale":"pt_BR","og_type":"article","og_title":"PAPIRO 232: CUIDAR LA TIERRA, CUIDAR LA VIDA","og_description":"Ya tenemos disponible un nuevo n\u00famero Papiro, el 232, correspondiente el mes de mayo, con muchas informaci\u00f3n de las presencias escolapias en Bilbao, Logro\u00f1o y Vitoria adem\u00e1s de ofrecer un interesante material sobre el cuidado de la vida y la naturaleza. Elaborado por el equipo del Ministerio de Transformaci\u00f3n Social, recoge art\u00edculos y recursos para&hellip;","og_url":"https:\/\/www.itakaescolapios.org\/pt\/2017\/05\/papiro-232-cuidar-la-tierra-cuidar-la-vida\/","og_site_name":"Itaka-Escolapios","article_published_time":"2017-05-18T10:21:02+00:00","article_modified_time":"2023-11-28T11:38:03+00:00","og_image":[{"width":650,"height":886,"url":"https:\/\/www.itakaescolapios.org\/wp-content\/uploads\/2017\/05\/1-Captura3.jpg","type":"image\/jpeg"}],"author":"itaka","twitter_card":"summary_large_image","twitter_misc":{"Escrito por":"itaka","Est. tempo de leitura":"1 minuto"},"schema":{"@context":"https:\/\/schema.org","@graph":[{"@type":"Article","@id":"https:\/\/www.itakaescolapios.org\/pt\/2017\/05\/papiro-232-cuidar-la-tierra-cuidar-la-vida\/#article","isPartOf":{"@id":"https:\/\/www.itakaescolapios.org\/pt\/2017\/05\/papiro-232-cuidar-la-tierra-cuidar-la-vida\/"},"author":{"name":"itaka","@id":"https:\/\/www.itakaescolapios.org\/es\/#\/schema\/person\/670123daeb1cc31cae1b106740036ccb"},"headline":"PAPIRO 232: CUIDAR LA TIERRA, CUIDAR LA VIDA","datePublished":"2017-05-18T10:21:02+00:00","dateModified":"2023-11-28T11:38:03+00:00","mainEntityOfPage":{"@id":"https:\/\/www.itakaescolapios.org\/pt\/2017\/05\/papiro-232-cuidar-la-tierra-cuidar-la-vida\/"},"wordCount":108,"publisher":{"@id":"https:\/\/www.itakaescolapios.org\/es\/#organization"},"image":{"@id":"https:\/\/www.itakaescolapios.org\/pt\/2017\/05\/papiro-232-cuidar-la-tierra-cuidar-la-vida\/#primaryimage"},"thumbnailUrl":"https:\/\/www.itakaescolapios.org\/wp-content\/uploads\/2017\/05\/1-Captura3.jpg","articleSection":["Bilbao","Itaka Escolapios","Logro\u00f1o","Vitoria-Gasteiz"],"inLanguage":"pt-BR"},{"@type":"WebPage","@id":"https:\/\/www.itakaescolapios.org\/pt\/2017\/05\/papiro-232-cuidar-la-tierra-cuidar-la-vida\/","url":"https:\/\/www.itakaescolapios.org\/pt\/2017\/05\/papiro-232-cuidar-la-tierra-cuidar-la-vida\/","name":"PAPIRO 232: CUIDAR LA TIERRA, CUIDAR LA VIDA - Itaka-Escolapios","isPartOf":{"@id":"https:\/\/www.itakaescolapios.org\/es\/#website"},"primaryImageOfPage":{"@id":"https:\/\/www.itakaescolapios.org\/pt\/2017\/05\/papiro-232-cuidar-la-tierra-cuidar-la-vida\/#primaryimage"},"image":{"@id":"https:\/\/www.itakaescolapios.org\/pt\/2017\/05\/papiro-232-cuidar-la-tierra-cuidar-la-vida\/#primaryimage"},"thumbnailUrl":"https:\/\/www.itakaescolapios.org\/wp-content\/uploads\/2017\/05\/1-Captura3.jpg","datePublished":"2017-05-18T10:21:02+00:00","dateModified":"2023-11-28T11:38:03+00:00","breadcrumb":{"@id":"https:\/\/www.itakaescolapios.org\/pt\/2017\/05\/papiro-232-cuidar-la-tierra-cuidar-la-vida\/#breadcrumb"},"inLanguage":"pt-BR","potentialAction":[{"@type":"ReadAction","target":["https:\/\/www.itakaescolapios.org\/pt\/2017\/05\/papiro-232-cuidar-la-tierra-cuidar-la-vida\/"]}]},{"@type":"ImageObject","inLanguage":"pt-BR","@id":"https:\/\/www.itakaescolapios.org\/pt\/2017\/05\/papiro-232-cuidar-la-tierra-cuidar-la-vida\/#primaryimage","url":"https:\/\/www.itakaescolapios.org\/wp-content\/uploads\/2017\/05\/1-Captura3.jpg","contentUrl":"https:\/\/www.itakaescolapios.org\/wp-content\/uploads\/2017\/05\/1-Captura3.jpg","width":650,"height":886},{"@type":"BreadcrumbList","@id":"https:\/\/www.itakaescolapios.org\/pt\/2017\/05\/papiro-232-cuidar-la-tierra-cuidar-la-vida\/#breadcrumb","itemListElement":[{"@type":"ListItem","position":1,"name":"Itaka-Escolapios","item":"https:\/\/www.itakaescolapios.org\/es\/"},{"@type":"ListItem","position":2,"name":"PAPIRO 232: CUIDAR LA TIERRA, CUIDAR LA VIDA"}]},{"@type":"WebSite","@id":"https:\/\/www.itakaescolapios.org\/pt\/es\/#website","url":"https:\/\/www.itakaescolapios.org\/pt\/es\/","name":"Itaka-Escolapios","description":"Red de Itaka-Escolapios","publisher":{"@id":"https:\/\/www.itakaescolapios.org\/pt\/es\/#organization"},"potentialAction":[{"@type":"SearchAction","target":{"@type":"EntryPoint","urlTemplate":"https:\/\/www.itakaescolapios.org\/pt\/es\/?s={search_term_string}"},"query-input":{"@type":"PropertyValueSpecification","valueRequired":true,"valueName":"search_term_string"}}],"inLanguage":"pt-BR"},{"@type":"Organization","@id":"https:\/\/www.itakaescolapios.org\/pt\/es\/#organization","name":"Fundaci\u00f3 Itaka-Escolapios","url":"https:\/\/www.itakaescolapios.org\/pt\/es\/","logo":{"@type":"ImageObject","inLanguage":"pt-BR","@id":"https:\/\/www.itakaescolapios.org\/pt\/es\/#\/schema\/logo\/image\/","url":"https:\/\/www.itakaescolapios.org\/wp-content\/uploads\/2024\/04\/Logo-itakaescolapios-peque.png","contentUrl":"https:\/\/www.itakaescolapios.org\/wp-content\/uploads\/2024\/04\/Logo-itakaescolapios-peque.png","width":500,"height":199,"caption":"Fundaci\u00f3 Itaka-Escolapios"},"image":{"@id":"https:\/\/www.itakaescolapios.org\/pt\/es\/#\/schema\/logo\/image\/"}},{"@type":"Person","@id":"https:\/\/www.itakaescolapios.org\/es\/#\/schema\/person\/670123daeb1cc31cae1b106740036ccb","name":"itaka","url":"https:\/\/www.itakaescolapios.org\/pt\/author\/itaka\/"}]}},"_links":{"self":[{"href":"https:\/\/www.itakaescolapios.org\/pt\/wp-json\/wp\/v2\/posts\/19272","targetHints":{"allow":["GET"]}}],"collection":[{"href":"https:\/\/www.itakaescolapios.org\/pt\/wp-json\/wp\/v2\/posts"}],"about":[{"href":"https:\/\/www.itakaescolapios.org\/pt\/wp-json\/wp\/v2\/types\/post"}],"author":[{"embeddable":true,"href":"https:\/\/www.itakaescolapios.org\/pt\/wp-json\/wp\/v2\/users\/4"}],"replies":[{"embeddable":true,"href":"https:\/\/www.itakaescolapios.org\/pt\/wp-json\/wp\/v2\/comments?post=19272"}],"version-history":[{"count":4,"href":"https:\/\/www.itakaescolapios.org\/pt\/wp-json\/wp\/v2\/posts\/19272\/revisions"}],"predecessor-version":[{"id":47696,"href":"https:\/\/www.itakaescolapios.org\/pt\/wp-json\/wp\/v2\/posts\/19272\/revisions\/47696"}],"wp:featuredmedia":[{"embeddable":true,"href":"https:\/\/www.itakaescolapios.org\/pt\/wp-json\/wp\/v2\/media\/19273"}],"wp:attachment":[{"href":"https:\/\/www.itakaescolapios.org\/pt\/wp-json\/wp\/v2\/media?parent=19272"}],"wp:term":[{"taxonomy":"category","embeddable":true,"href":"https:\/\/www.itakaescolapios.org\/pt\/wp-json\/wp\/v2\/categories?post=19272"},{"taxonomy":"post_tag","embeddable":true,"href":"https:\/\/www.itakaescolapios.org\/pt\/wp-json\/wp\/v2\/tags?post=19272"}],"curies":[{"name":"wp","href":"https:\/\/api.w.org\/{rel}","templated":true}]}}