{"id":20304,"date":"2017-10-02T12:27:07","date_gmt":"2017-10-02T11:27:07","guid":{"rendered":"https:\/\/www.itakaescolapios.org\/?p=20304"},"modified":"2023-11-28T12:37:51","modified_gmt":"2023-11-28T11:37:51","slug":"firma-del-acuerdo-anual-entre-la-fraternidad-de-betania-e-itaka-escolapios","status":"publish","type":"post","link":"https:\/\/www.itakaescolapios.org\/pt\/2017\/10\/firma-del-acuerdo-anual-entre-la-fraternidad-de-betania-e-itaka-escolapios\/","title":{"rendered":"FIRMA DEL ACUERDO ANUAL ENTRE LA FRATERNIDAD DE BETANIA E ITAKA- ESCOLAPIOS"},"content":{"rendered":"<p style=\"text-align: justify\">El pasado s\u00e1bado, en el transcurso de la Asamblea de la Fraternidad Escolapia de Betania, se firm\u00f3 el acuerdo entre Itaka- Escolapios y la Congregaci\u00f3n Provincial, que concreta la misi\u00f3n compartida de ambas partes para este curso 2017-18.<\/p>\n<p style=\"text-align: justify\">Los encargados de esta firma en nombre de la Orden y de la Fraternidad de las Escuelas P\u00edas fueron el superior provincial de Betania, Daniel Hallado, y la patrona por parte de la Fraternidad, Pilar Ruiz.<\/p>\n","protected":false},"excerpt":{"rendered":"<p>El pasado s\u00e1bado, en el transcurso de la Asamblea de la Fraternidad Escolapia de Betania, se firm\u00f3 el acuerdo entre Itaka- Escolapios y la Congregaci\u00f3n Provincial, que concreta la misi\u00f3n [&hellip;]<\/p>\n","protected":false},"author":39,"featured_media":20305,"comment_status":"closed","ping_status":"closed","sticky":false,"template":"","format":"standard","meta":{"_et_pb_use_builder":"","_et_pb_old_content":"","_et_gb_content_width":"","footnotes":""},"categories":[146,12],"tags":[273,196,110,274,275],"class_list":["post-20304","post","type-post","status-publish","format-standard","has-post-thumbnail","hentry","category-madrid","category-valencia","tag-acuerdo-anual","tag-betania","tag-escuelas-pias","tag-fraternidad","tag-mision-compartida"],"yoast_head":"<!-- This site is optimized with the Yoast SEO plugin v27.4 - https:\/\/yoast.com\/product\/yoast-seo-wordpress\/ -->\n<title>FIRMA DEL ACUERDO ANUAL ENTRE LA FRATERNIDAD DE BETANIA E ITAKA- ESCOLAPIOS<\/title>\n<meta name=\"description\" content=\"El pasado s\u00e1bado, en el transcurso de la Asamblea de la Fraternidad Escolapia de Betania, se firm\u00f3 el acuerdo entre Itaka- Escolapios y la Congregaci\u00f3n Provincial, que concreta la misi\u00f3n compartida de ambas partes para este curso 2017-18. Los encargados de esta firma en nombre de la Orden y de la Fraternidad de las Escuelas&hellip;\" \/>\n<meta name=\"robots\" content=\"index, follow, max-snippet:-1, max-image-preview:large, max-video-preview:-1\" \/>\n<link rel=\"canonical\" href=\"http:\/\/El%20pasado%20s\u00e1bado,%20en%20el%20transcurso%20de%20la%20Asamblea%20de%20la%20Fraternidad%20Escolapia%20de%20Betania,%20se%20firm\u00f3%20el%20acuerdo%20entre%20Itaka-%20Escolapios%20y%20la%20Congregaci\u00f3n%20Provincial,%20que%20concreta%20la%20misi\u00f3n%20compartida%20de%20ambas%20partes%20para%20este%20curso%202017-18.%20Los%20encargados%20de%20esta%20firma%20en%20nombre%20de%20la%20Orden%20y%20de%20la%20Fraternidad%20de%20las%20Escuelas&hellip;\" \/>\n<meta property=\"og:locale\" content=\"pt_BR\" \/>\n<meta property=\"og:type\" content=\"article\" \/>\n<meta property=\"og:title\" content=\"FIRMA DEL ACUERDO ANUAL ENTRE LA FRATERNIDAD DE BETANIA E ITAKA- ESCOLAPIOS\" \/>\n<meta property=\"og:description\" content=\"El pasado s\u00e1bado, en el transcurso de la Asamblea de la Fraternidad Escolapia de Betania, se firm\u00f3 el acuerdo entre Itaka- Escolapios y la Congregaci\u00f3n Provincial, que concreta la misi\u00f3n compartida de ambas partes para este curso 2017-18. Los encargados de esta firma en nombre de la Orden y de la Fraternidad de las Escuelas&hellip;\" \/>\n<meta property=\"og:url\" content=\"https:\/\/www.itakaescolapios.org\/pt\/2017\/10\/firma-del-acuerdo-anual-entre-la-fraternidad-de-betania-e-itaka-escolapios\/\" \/>\n<meta property=\"og:site_name\" content=\"Itaka-Escolapios\" \/>\n<meta property=\"article:published_time\" content=\"2017-10-02T11:27:07+00:00\" \/>\n<meta property=\"article:modified_time\" content=\"2023-11-28T11:37:51+00:00\" \/>\n<meta property=\"og:image\" content=\"https:\/\/www.itakaescolapios.org\/wp-content\/uploads\/2017\/10\/firma-acuerdo-anual.jpeg\" \/>\n\t<meta property=\"og:image:width\" content=\"1600\" \/>\n\t<meta property=\"og:image:height\" content=\"1200\" \/>\n\t<meta property=\"og:image:type\" content=\"image\/jpeg\" \/>\n<meta name=\"author\" content=\"valencia01\" \/>\n<meta name=\"twitter:card\" content=\"summary_large_image\" \/>\n<meta name=\"twitter:label1\" content=\"Escrito por\" \/>\n\t<meta name=\"twitter:data1\" content=\"valencia01\" \/>\n<script type=\"application\/ld+json\" class=\"yoast-schema-graph\">{\"@context\":\"https:\\\/\\\/schema.org\",\"@graph\":[{\"@type\":\"Article\",\"@id\":\"https:\\\/\\\/www.itakaescolapios.org\\\/pt\\\/2017\\\/10\\\/firma-del-acuerdo-anual-entre-la-fraternidad-de-betania-e-itaka-escolapios\\\/#article\",\"isPartOf\":{\"@id\":\"https:\\\/\\\/www.itakaescolapios.org\\\/pt\\\/2017\\\/10\\\/firma-del-acuerdo-anual-entre-la-fraternidad-de-betania-e-itaka-escolapios\\\/\"},\"author\":{\"name\":\"valencia01\",\"@id\":\"https:\\\/\\\/www.itakaescolapios.org\\\/es\\\/#\\\/schema\\\/person\\\/c232ccaa2b3f2e98db93c1f8dfca96ff\"},\"headline\":\"FIRMA DEL ACUERDO ANUAL ENTRE LA FRATERNIDAD DE BETANIA E ITAKA- ESCOLAPIOS\",\"datePublished\":\"2017-10-02T11:27:07+00:00\",\"dateModified\":\"2023-11-28T11:37:51+00:00\",\"mainEntityOfPage\":{\"@id\":\"https:\\\/\\\/www.itakaescolapios.org\\\/pt\\\/2017\\\/10\\\/firma-del-acuerdo-anual-entre-la-fraternidad-de-betania-e-itaka-escolapios\\\/\"},\"wordCount\":90,\"publisher\":{\"@id\":\"https:\\\/\\\/www.itakaescolapios.org\\\/es\\\/#organization\"},\"image\":{\"@id\":\"https:\\\/\\\/www.itakaescolapios.org\\\/pt\\\/2017\\\/10\\\/firma-del-acuerdo-anual-entre-la-fraternidad-de-betania-e-itaka-escolapios\\\/#primaryimage\"},\"thumbnailUrl\":\"https:\\\/\\\/www.itakaescolapios.org\\\/wp-content\\\/uploads\\\/2017\\\/10\\\/firma-acuerdo-anual.jpeg\",\"keywords\":[\"acuerdo anual\",\"Betania\",\"Escuelas P\u00edas\",\"Fraternidad\",\"misi\u00f3n compartida\"],\"articleSection\":[\"Madrid\",\"Valencia\"],\"inLanguage\":\"pt-BR\"},{\"@type\":\"WebPage\",\"@id\":\"https:\\\/\\\/www.itakaescolapios.org\\\/pt\\\/2017\\\/10\\\/firma-del-acuerdo-anual-entre-la-fraternidad-de-betania-e-itaka-escolapios\\\/\",\"url\":\"https:\\\/\\\/www.itakaescolapios.org\\\/pt\\\/2017\\\/10\\\/firma-del-acuerdo-anual-entre-la-fraternidad-de-betania-e-itaka-escolapios\\\/\",\"name\":\"FIRMA DEL ACUERDO ANUAL ENTRE LA FRATERNIDAD DE BETANIA E ITAKA- ESCOLAPIOS - Itaka-Escolapios\",\"isPartOf\":{\"@id\":\"https:\\\/\\\/www.itakaescolapios.org\\\/es\\\/#website\"},\"primaryImageOfPage\":{\"@id\":\"https:\\\/\\\/www.itakaescolapios.org\\\/pt\\\/2017\\\/10\\\/firma-del-acuerdo-anual-entre-la-fraternidad-de-betania-e-itaka-escolapios\\\/#primaryimage\"},\"image\":{\"@id\":\"https:\\\/\\\/www.itakaescolapios.org\\\/pt\\\/2017\\\/10\\\/firma-del-acuerdo-anual-entre-la-fraternidad-de-betania-e-itaka-escolapios\\\/#primaryimage\"},\"thumbnailUrl\":\"https:\\\/\\\/www.itakaescolapios.org\\\/wp-content\\\/uploads\\\/2017\\\/10\\\/firma-acuerdo-anual.jpeg\",\"datePublished\":\"2017-10-02T11:27:07+00:00\",\"dateModified\":\"2023-11-28T11:37:51+00:00\",\"breadcrumb\":{\"@id\":\"https:\\\/\\\/www.itakaescolapios.org\\\/pt\\\/2017\\\/10\\\/firma-del-acuerdo-anual-entre-la-fraternidad-de-betania-e-itaka-escolapios\\\/#breadcrumb\"},\"inLanguage\":\"pt-BR\",\"potentialAction\":[{\"@type\":\"ReadAction\",\"target\":[\"https:\\\/\\\/www.itakaescolapios.org\\\/pt\\\/2017\\\/10\\\/firma-del-acuerdo-anual-entre-la-fraternidad-de-betania-e-itaka-escolapios\\\/\"]}]},{\"@type\":\"ImageObject\",\"inLanguage\":\"pt-BR\",\"@id\":\"https:\\\/\\\/www.itakaescolapios.org\\\/pt\\\/2017\\\/10\\\/firma-del-acuerdo-anual-entre-la-fraternidad-de-betania-e-itaka-escolapios\\\/#primaryimage\",\"url\":\"https:\\\/\\\/www.itakaescolapios.org\\\/wp-content\\\/uploads\\\/2017\\\/10\\\/firma-acuerdo-anual.jpeg\",\"contentUrl\":\"https:\\\/\\\/www.itakaescolapios.org\\\/wp-content\\\/uploads\\\/2017\\\/10\\\/firma-acuerdo-anual.jpeg\",\"width\":1600,\"height\":1200},{\"@type\":\"BreadcrumbList\",\"@id\":\"https:\\\/\\\/www.itakaescolapios.org\\\/pt\\\/2017\\\/10\\\/firma-del-acuerdo-anual-entre-la-fraternidad-de-betania-e-itaka-escolapios\\\/#breadcrumb\",\"itemListElement\":[{\"@type\":\"ListItem\",\"position\":1,\"name\":\"Itaka-Escolapios\",\"item\":\"https:\\\/\\\/www.itakaescolapios.org\\\/es\\\/\"},{\"@type\":\"ListItem\",\"position\":2,\"name\":\"FIRMA DEL ACUERDO ANUAL ENTRE LA FRATERNIDAD DE BETANIA E ITAKA- ESCOLAPIOS\"}]},{\"@type\":\"WebSite\",\"@id\":\"https:\\\/\\\/www.itakaescolapios.org\\\/pt\\\/es\\\/#website\",\"url\":\"https:\\\/\\\/www.itakaescolapios.org\\\/pt\\\/es\\\/\",\"name\":\"Itaka-Escolapios\",\"description\":\"Red de Itaka-Escolapios\",\"publisher\":{\"@id\":\"https:\\\/\\\/www.itakaescolapios.org\\\/pt\\\/es\\\/#organization\"},\"potentialAction\":[{\"@type\":\"SearchAction\",\"target\":{\"@type\":\"EntryPoint\",\"urlTemplate\":\"https:\\\/\\\/www.itakaescolapios.org\\\/pt\\\/es\\\/?s={search_term_string}\"},\"query-input\":{\"@type\":\"PropertyValueSpecification\",\"valueRequired\":true,\"valueName\":\"search_term_string\"}}],\"inLanguage\":\"pt-BR\"},{\"@type\":\"Organization\",\"@id\":\"https:\\\/\\\/www.itakaescolapios.org\\\/pt\\\/es\\\/#organization\",\"name\":\"Fundaci\u00f3 Itaka-Escolapios\",\"url\":\"https:\\\/\\\/www.itakaescolapios.org\\\/pt\\\/es\\\/\",\"logo\":{\"@type\":\"ImageObject\",\"inLanguage\":\"pt-BR\",\"@id\":\"https:\\\/\\\/www.itakaescolapios.org\\\/pt\\\/es\\\/#\\\/schema\\\/logo\\\/image\\\/\",\"url\":\"https:\\\/\\\/www.itakaescolapios.org\\\/wp-content\\\/uploads\\\/2024\\\/04\\\/Logo-itakaescolapios-peque.png\",\"contentUrl\":\"https:\\\/\\\/www.itakaescolapios.org\\\/wp-content\\\/uploads\\\/2024\\\/04\\\/Logo-itakaescolapios-peque.png\",\"width\":500,\"height\":199,\"caption\":\"Fundaci\u00f3 Itaka-Escolapios\"},\"image\":{\"@id\":\"https:\\\/\\\/www.itakaescolapios.org\\\/pt\\\/es\\\/#\\\/schema\\\/logo\\\/image\\\/\"}},{\"@type\":\"Person\",\"@id\":\"https:\\\/\\\/www.itakaescolapios.org\\\/es\\\/#\\\/schema\\\/person\\\/c232ccaa2b3f2e98db93c1f8dfca96ff\",\"name\":\"valencia01\",\"url\":\"https:\\\/\\\/www.itakaescolapios.org\\\/pt\\\/author\\\/valencia01\\\/\"}]}<\/script>\n<!-- \/ Yoast SEO plugin. -->","yoast_head_json":{"title":"FIRMA DEL ACUERDO ANUAL ENTRE LA FRATERNIDAD DE BETANIA E ITAKA- ESCOLAPIOS","description":"El pasado s\u00e1bado, en el transcurso de la Asamblea de la Fraternidad Escolapia de Betania, se firm\u00f3 el acuerdo entre Itaka- Escolapios y la Congregaci\u00f3n Provincial, que concreta la misi\u00f3n compartida de ambas partes para este curso 2017-18. Los encargados de esta firma en nombre de la Orden y de la Fraternidad de las Escuelas&hellip;","robots":{"index":"index","follow":"follow","max-snippet":"max-snippet:-1","max-image-preview":"max-image-preview:large","max-video-preview":"max-video-preview:-1"},"canonical":"El pasado s\u00e1bado, en el transcurso de la Asamblea de la Fraternidad Escolapia de Betania, se firm\u00f3 el acuerdo entre Itaka- Escolapios y la Congregaci\u00f3n Provincial, que concreta la misi\u00f3n compartida de ambas partes para este curso 2017-18. Los encargados de esta firma en nombre de la Orden y de la Fraternidad de las Escuelas&hellip;","og_locale":"pt_BR","og_type":"article","og_title":"FIRMA DEL ACUERDO ANUAL ENTRE LA FRATERNIDAD DE BETANIA E ITAKA- ESCOLAPIOS","og_description":"El pasado s\u00e1bado, en el transcurso de la Asamblea de la Fraternidad Escolapia de Betania, se firm\u00f3 el acuerdo entre Itaka- Escolapios y la Congregaci\u00f3n Provincial, que concreta la misi\u00f3n compartida de ambas partes para este curso 2017-18. Los encargados de esta firma en nombre de la Orden y de la Fraternidad de las Escuelas&hellip;","og_url":"https:\/\/www.itakaescolapios.org\/pt\/2017\/10\/firma-del-acuerdo-anual-entre-la-fraternidad-de-betania-e-itaka-escolapios\/","og_site_name":"Itaka-Escolapios","article_published_time":"2017-10-02T11:27:07+00:00","article_modified_time":"2023-11-28T11:37:51+00:00","og_image":[{"width":1600,"height":1200,"url":"https:\/\/www.itakaescolapios.org\/wp-content\/uploads\/2017\/10\/firma-acuerdo-anual.jpeg","type":"image\/jpeg"}],"author":"valencia01","twitter_card":"summary_large_image","twitter_misc":{"Escrito por":"valencia01"},"schema":{"@context":"https:\/\/schema.org","@graph":[{"@type":"Article","@id":"https:\/\/www.itakaescolapios.org\/pt\/2017\/10\/firma-del-acuerdo-anual-entre-la-fraternidad-de-betania-e-itaka-escolapios\/#article","isPartOf":{"@id":"https:\/\/www.itakaescolapios.org\/pt\/2017\/10\/firma-del-acuerdo-anual-entre-la-fraternidad-de-betania-e-itaka-escolapios\/"},"author":{"name":"valencia01","@id":"https:\/\/www.itakaescolapios.org\/es\/#\/schema\/person\/c232ccaa2b3f2e98db93c1f8dfca96ff"},"headline":"FIRMA DEL ACUERDO ANUAL ENTRE LA FRATERNIDAD DE BETANIA E ITAKA- ESCOLAPIOS","datePublished":"2017-10-02T11:27:07+00:00","dateModified":"2023-11-28T11:37:51+00:00","mainEntityOfPage":{"@id":"https:\/\/www.itakaescolapios.org\/pt\/2017\/10\/firma-del-acuerdo-anual-entre-la-fraternidad-de-betania-e-itaka-escolapios\/"},"wordCount":90,"publisher":{"@id":"https:\/\/www.itakaescolapios.org\/es\/#organization"},"image":{"@id":"https:\/\/www.itakaescolapios.org\/pt\/2017\/10\/firma-del-acuerdo-anual-entre-la-fraternidad-de-betania-e-itaka-escolapios\/#primaryimage"},"thumbnailUrl":"https:\/\/www.itakaescolapios.org\/wp-content\/uploads\/2017\/10\/firma-acuerdo-anual.jpeg","keywords":["acuerdo anual","Betania","Escuelas P\u00edas","Fraternidad","misi\u00f3n compartida"],"articleSection":["Madrid","Valencia"],"inLanguage":"pt-BR"},{"@type":"WebPage","@id":"https:\/\/www.itakaescolapios.org\/pt\/2017\/10\/firma-del-acuerdo-anual-entre-la-fraternidad-de-betania-e-itaka-escolapios\/","url":"https:\/\/www.itakaescolapios.org\/pt\/2017\/10\/firma-del-acuerdo-anual-entre-la-fraternidad-de-betania-e-itaka-escolapios\/","name":"FIRMA DEL ACUERDO ANUAL ENTRE LA FRATERNIDAD DE BETANIA E ITAKA- ESCOLAPIOS - Itaka-Escolapios","isPartOf":{"@id":"https:\/\/www.itakaescolapios.org\/es\/#website"},"primaryImageOfPage":{"@id":"https:\/\/www.itakaescolapios.org\/pt\/2017\/10\/firma-del-acuerdo-anual-entre-la-fraternidad-de-betania-e-itaka-escolapios\/#primaryimage"},"image":{"@id":"https:\/\/www.itakaescolapios.org\/pt\/2017\/10\/firma-del-acuerdo-anual-entre-la-fraternidad-de-betania-e-itaka-escolapios\/#primaryimage"},"thumbnailUrl":"https:\/\/www.itakaescolapios.org\/wp-content\/uploads\/2017\/10\/firma-acuerdo-anual.jpeg","datePublished":"2017-10-02T11:27:07+00:00","dateModified":"2023-11-28T11:37:51+00:00","breadcrumb":{"@id":"https:\/\/www.itakaescolapios.org\/pt\/2017\/10\/firma-del-acuerdo-anual-entre-la-fraternidad-de-betania-e-itaka-escolapios\/#breadcrumb"},"inLanguage":"pt-BR","potentialAction":[{"@type":"ReadAction","target":["https:\/\/www.itakaescolapios.org\/pt\/2017\/10\/firma-del-acuerdo-anual-entre-la-fraternidad-de-betania-e-itaka-escolapios\/"]}]},{"@type":"ImageObject","inLanguage":"pt-BR","@id":"https:\/\/www.itakaescolapios.org\/pt\/2017\/10\/firma-del-acuerdo-anual-entre-la-fraternidad-de-betania-e-itaka-escolapios\/#primaryimage","url":"https:\/\/www.itakaescolapios.org\/wp-content\/uploads\/2017\/10\/firma-acuerdo-anual.jpeg","contentUrl":"https:\/\/www.itakaescolapios.org\/wp-content\/uploads\/2017\/10\/firma-acuerdo-anual.jpeg","width":1600,"height":1200},{"@type":"BreadcrumbList","@id":"https:\/\/www.itakaescolapios.org\/pt\/2017\/10\/firma-del-acuerdo-anual-entre-la-fraternidad-de-betania-e-itaka-escolapios\/#breadcrumb","itemListElement":[{"@type":"ListItem","position":1,"name":"Itaka-Escolapios","item":"https:\/\/www.itakaescolapios.org\/es\/"},{"@type":"ListItem","position":2,"name":"FIRMA DEL ACUERDO ANUAL ENTRE LA FRATERNIDAD DE BETANIA E ITAKA- ESCOLAPIOS"}]},{"@type":"WebSite","@id":"https:\/\/www.itakaescolapios.org\/pt\/es\/#website","url":"https:\/\/www.itakaescolapios.org\/pt\/es\/","name":"Itaka-Escolapios","description":"Red de Itaka-Escolapios","publisher":{"@id":"https:\/\/www.itakaescolapios.org\/pt\/es\/#organization"},"potentialAction":[{"@type":"SearchAction","target":{"@type":"EntryPoint","urlTemplate":"https:\/\/www.itakaescolapios.org\/pt\/es\/?s={search_term_string}"},"query-input":{"@type":"PropertyValueSpecification","valueRequired":true,"valueName":"search_term_string"}}],"inLanguage":"pt-BR"},{"@type":"Organization","@id":"https:\/\/www.itakaescolapios.org\/pt\/es\/#organization","name":"Fundaci\u00f3 Itaka-Escolapios","url":"https:\/\/www.itakaescolapios.org\/pt\/es\/","logo":{"@type":"ImageObject","inLanguage":"pt-BR","@id":"https:\/\/www.itakaescolapios.org\/pt\/es\/#\/schema\/logo\/image\/","url":"https:\/\/www.itakaescolapios.org\/wp-content\/uploads\/2024\/04\/Logo-itakaescolapios-peque.png","contentUrl":"https:\/\/www.itakaescolapios.org\/wp-content\/uploads\/2024\/04\/Logo-itakaescolapios-peque.png","width":500,"height":199,"caption":"Fundaci\u00f3 Itaka-Escolapios"},"image":{"@id":"https:\/\/www.itakaescolapios.org\/pt\/es\/#\/schema\/logo\/image\/"}},{"@type":"Person","@id":"https:\/\/www.itakaescolapios.org\/es\/#\/schema\/person\/c232ccaa2b3f2e98db93c1f8dfca96ff","name":"valencia01","url":"https:\/\/www.itakaescolapios.org\/pt\/author\/valencia01\/"}]}},"_links":{"self":[{"href":"https:\/\/www.itakaescolapios.org\/pt\/wp-json\/wp\/v2\/posts\/20304","targetHints":{"allow":["GET"]}}],"collection":[{"href":"https:\/\/www.itakaescolapios.org\/pt\/wp-json\/wp\/v2\/posts"}],"about":[{"href":"https:\/\/www.itakaescolapios.org\/pt\/wp-json\/wp\/v2\/types\/post"}],"author":[{"embeddable":true,"href":"https:\/\/www.itakaescolapios.org\/pt\/wp-json\/wp\/v2\/users\/39"}],"replies":[{"embeddable":true,"href":"https:\/\/www.itakaescolapios.org\/pt\/wp-json\/wp\/v2\/comments?post=20304"}],"version-history":[{"count":5,"href":"https:\/\/www.itakaescolapios.org\/pt\/wp-json\/wp\/v2\/posts\/20304\/revisions"}],"predecessor-version":[{"id":47390,"href":"https:\/\/www.itakaescolapios.org\/pt\/wp-json\/wp\/v2\/posts\/20304\/revisions\/47390"}],"wp:featuredmedia":[{"embeddable":true,"href":"https:\/\/www.itakaescolapios.org\/pt\/wp-json\/wp\/v2\/media\/20305"}],"wp:attachment":[{"href":"https:\/\/www.itakaescolapios.org\/pt\/wp-json\/wp\/v2\/media?parent=20304"}],"wp:term":[{"taxonomy":"category","embeddable":true,"href":"https:\/\/www.itakaescolapios.org\/pt\/wp-json\/wp\/v2\/categories?post=20304"},{"taxonomy":"post_tag","embeddable":true,"href":"https:\/\/www.itakaescolapios.org\/pt\/wp-json\/wp\/v2\/tags?post=20304"}],"curies":[{"name":"wp","href":"https:\/\/api.w.org\/{rel}","templated":true}]}}