{"id":22077,"date":"2018-02-13T11:51:50","date_gmt":"2018-02-13T10:51:50","guid":{"rendered":"https:\/\/www.itakaescolapios.org\/?p=22077"},"modified":"2023-11-28T12:37:38","modified_gmt":"2023-11-28T11:37:38","slug":"encuentro-de-sedes-y-tecnicos-en-betania","status":"publish","type":"post","link":"https:\/\/www.itakaescolapios.org\/pt\/2018\/02\/encuentro-de-sedes-y-tecnicos-en-betania\/","title":{"rendered":"ENCUENTRO DE SEDES Y T\u00c9CNICOS EN BETANIA"},"content":{"rendered":"<p style=\"text-align: justify\">El pasado fin de semana nos reunimos las sedes de Valencia, Madrid, Albacete y Oviedo, de la provincia escolapia de Betania, en los locales de Valencia, en un encuentro para evaluar la trayectoria hasta el momento y establecer las l\u00edneas de futuro para pr\u00f3ximos cursos.<\/p>\n<p style=\"text-align: justify\">El encuentro cont\u00f3 con la presencia de t\u00e9cnicos y voluntarios de los equipos de sede de Betania, as\u00ed como del provincial Daniel Hallado, y Pilar Ruiz, miembros del Patronato de Itaka- Escolapios. El viernes la reuni\u00f3n estableci\u00f3 las l\u00edneas estrat\u00e9gicas que se reforzar\u00e1n durante el pr\u00f3ximo curso y que incluyen tanto los proyectos ya existentes como los nuevos que se quieren desarrollar.<\/p>\n<p style=\"text-align: justify\">En el encuentro tambi\u00e9n tuvimos un tiempo para conectarnos con Atamb\u00faa, en Indonesia, donde Elena L\u00f3pez y Alfredo Marcos colaboran con el proyecto escolapio enviados como voluntarios de larga duraci\u00f3n por Itaka- Escolapios y la Fraternidad de Betania. La reuni\u00f3n se cerr\u00f3 profundizando m\u00e1s en los proyectos que llevamos a cabo en cada una de las sedes, as\u00ed como en la red Itaka- Escolapios, haci\u00e9ndolos nuestros para seguir avanzando juntos.<\/p>\n<p style=\"text-align: justify\">Dos d\u00edas intensos de trabajo y convivencia que nos han ayudado a asentar m\u00e1s el proyecto com\u00fan a favor de la educaci\u00f3n de los m\u00e1s peque\u00f1os.<\/p>\n\n\t\t<style type=\"text\/css\">\n\t\t\t#gallery-1 {\n\t\t\t\tmargin: auto;\n\t\t\t}\n\t\t\t#gallery-1 .gallery-item {\n\t\t\t\tfloat: left;\n\t\t\t\tmargin-top: 10px;\n\t\t\t\ttext-align: center;\n\t\t\t\twidth: 20%;\n\t\t\t}\n\t\t\t#gallery-1 img {\n\t\t\t\tborder: 2px solid #cfcfcf;\n\t\t\t}\n\t\t\t#gallery-1 .gallery-caption {\n\t\t\t\tmargin-left: 0;\n\t\t\t}\n\t\t\t\/* see gallery_shortcode() in wp-includes\/media.php *\/\n\t\t<\/style>\n\t\t<div id='gallery-1' class='gallery galleryid-22077 gallery-columns-5 gallery-size-thumbnail'><dl class='gallery-item'>\n\t\t\t<dt class='gallery-icon landscape'>\n\t\t\t\t<img decoding=\"async\" width=\"90\" height=\"90\" src=\"https:\/\/www.itakaescolapios.org\/wp-content\/uploads\/2018\/02\/IMG_20180209_141411-90x90.jpg\" class=\"attachment-thumbnail size-thumbnail\" alt=\"\" \/>\n\t\t\t<\/dt><\/dl><dl class='gallery-item'>\n\t\t\t<dt class='gallery-icon landscape'>\n\t\t\t\t<img decoding=\"async\" width=\"90\" height=\"90\" src=\"https:\/\/www.itakaescolapios.org\/wp-content\/uploads\/2018\/02\/IMG-20180209-WA0021-90x90.jpg\" class=\"attachment-thumbnail size-thumbnail\" alt=\"\" \/>\n\t\t\t<\/dt><\/dl><dl class='gallery-item'>\n\t\t\t<dt class='gallery-icon landscape'>\n\t\t\t\t<img decoding=\"async\" width=\"90\" height=\"90\" src=\"https:\/\/www.itakaescolapios.org\/wp-content\/uploads\/2018\/02\/IMG_20180210_104221-90x90.jpg\" class=\"attachment-thumbnail size-thumbnail\" alt=\"\" \/>\n\t\t\t<\/dt><\/dl><dl class='gallery-item'>\n\t\t\t<dt class='gallery-icon landscape'>\n\t\t\t\t<img decoding=\"async\" width=\"90\" height=\"90\" src=\"https:\/\/www.itakaescolapios.org\/wp-content\/uploads\/2018\/02\/IMG_20180210_105030-90x90.jpg\" class=\"attachment-thumbnail size-thumbnail\" alt=\"\" \/>\n\t\t\t<\/dt><\/dl><dl class='gallery-item'>\n\t\t\t<dt class='gallery-icon landscape'>\n\t\t\t\t<img decoding=\"async\" width=\"90\" height=\"90\" src=\"https:\/\/www.itakaescolapios.org\/wp-content\/uploads\/2018\/02\/IMG_20180210_110850-90x90.jpg\" class=\"attachment-thumbnail size-thumbnail\" alt=\"\" \/>\n\t\t\t<\/dt><\/dl><br style=\"clear: both\" \/><dl class='gallery-item'>\n\t\t\t<dt class='gallery-icon landscape'>\n\t\t\t\t<img decoding=\"async\" width=\"90\" height=\"90\" src=\"https:\/\/www.itakaescolapios.org\/wp-content\/uploads\/2018\/02\/IMG_20180210_111650-90x90.jpg\" class=\"attachment-thumbnail size-thumbnail\" alt=\"\" \/>\n\t\t\t<\/dt><\/dl><dl class='gallery-item'>\n\t\t\t<dt class='gallery-icon landscape'>\n\t\t\t\t<img decoding=\"async\" width=\"90\" height=\"90\" src=\"https:\/\/www.itakaescolapios.org\/wp-content\/uploads\/2018\/02\/IMG_20180210_113103-90x90.jpg\" class=\"attachment-thumbnail size-thumbnail\" alt=\"\" \/>\n\t\t\t<\/dt><\/dl><dl class='gallery-item'>\n\t\t\t<dt class='gallery-icon landscape'>\n\t\t\t\t<img decoding=\"async\" width=\"90\" height=\"90\" src=\"https:\/\/www.itakaescolapios.org\/wp-content\/uploads\/2018\/02\/IMG_20180210_114038-90x90.jpg\" class=\"attachment-thumbnail size-thumbnail\" alt=\"\" \/>\n\t\t\t<\/dt><\/dl><dl class='gallery-item'>\n\t\t\t<dt class='gallery-icon landscape'>\n\t\t\t\t<img decoding=\"async\" width=\"90\" height=\"90\" src=\"https:\/\/www.itakaescolapios.org\/wp-content\/uploads\/2018\/02\/IMG_20180210_120447-90x90.jpg\" class=\"attachment-thumbnail size-thumbnail\" alt=\"\" \/>\n\t\t\t<\/dt><\/dl><dl class='gallery-item'>\n\t\t\t<dt class='gallery-icon landscape'>\n\t\t\t\t<img decoding=\"async\" width=\"90\" height=\"90\" src=\"https:\/\/www.itakaescolapios.org\/wp-content\/uploads\/2018\/02\/IMG_20180210_121009-90x90.jpg\" class=\"attachment-thumbnail size-thumbnail\" alt=\"\" \/>\n\t\t\t<\/dt><\/dl><br style=\"clear: both\" \/><dl class='gallery-item'>\n\t\t\t<dt class='gallery-icon landscape'>\n\t\t\t\t<img decoding=\"async\" width=\"90\" height=\"90\" src=\"https:\/\/www.itakaescolapios.org\/wp-content\/uploads\/2018\/02\/IMG_20180210_121233-90x90.jpg\" class=\"attachment-thumbnail size-thumbnail\" alt=\"\" \/>\n\t\t\t<\/dt><\/dl><dl class='gallery-item'>\n\t\t\t<dt class='gallery-icon landscape'>\n\t\t\t\t<img decoding=\"async\" width=\"90\" height=\"90\" src=\"https:\/\/www.itakaescolapios.org\/wp-content\/uploads\/2018\/02\/IMG_20180210_121241-90x90.jpg\" class=\"attachment-thumbnail size-thumbnail\" alt=\"\" \/>\n\t\t\t<\/dt><\/dl><dl class='gallery-item'>\n\t\t\t<dt class='gallery-icon landscape'>\n\t\t\t\t<img decoding=\"async\" width=\"90\" height=\"90\" src=\"https:\/\/www.itakaescolapios.org\/wp-content\/uploads\/2018\/02\/IMG_20180210_121245-90x90.jpg\" class=\"attachment-thumbnail size-thumbnail\" alt=\"\" \/>\n\t\t\t<\/dt><\/dl><dl class='gallery-item'>\n\t\t\t<dt class='gallery-icon portrait'>\n\t\t\t\t<img decoding=\"async\" width=\"90\" height=\"90\" src=\"https:\/\/www.itakaescolapios.org\/wp-content\/uploads\/2018\/02\/IMG_20180210_121249-90x90.jpg\" class=\"attachment-thumbnail size-thumbnail\" alt=\"\" \/>\n\t\t\t<\/dt><\/dl><dl class='gallery-item'>\n\t\t\t<dt class='gallery-icon landscape'>\n\t\t\t\t<img decoding=\"async\" width=\"90\" height=\"90\" src=\"https:\/\/www.itakaescolapios.org\/wp-content\/uploads\/2018\/02\/IMG_20180210_121255-90x90.jpg\" class=\"attachment-thumbnail size-thumbnail\" alt=\"\" \/>\n\t\t\t<\/dt><\/dl><br style=\"clear: both\" \/><dl class='gallery-item'>\n\t\t\t<dt class='gallery-icon landscape'>\n\t\t\t\t<img decoding=\"async\" width=\"90\" height=\"90\" src=\"https:\/\/www.itakaescolapios.org\/wp-content\/uploads\/2018\/02\/IMG_20180210_121312-90x90.jpg\" class=\"attachment-thumbnail size-thumbnail\" alt=\"\" \/>\n\t\t\t<\/dt><\/dl><dl class='gallery-item'>\n\t\t\t<dt class='gallery-icon landscape'>\n\t\t\t\t<img decoding=\"async\" width=\"90\" height=\"90\" src=\"https:\/\/www.itakaescolapios.org\/wp-content\/uploads\/2018\/02\/IMG_20180210_130417-90x90.jpg\" class=\"attachment-thumbnail size-thumbnail\" alt=\"\" \/>\n\t\t\t<\/dt><\/dl><dl class='gallery-item'>\n\t\t\t<dt class='gallery-icon landscape'>\n\t\t\t\t<img decoding=\"async\" width=\"90\" height=\"90\" src=\"https:\/\/www.itakaescolapios.org\/wp-content\/uploads\/2018\/02\/IMG_20180210_130637-90x90.jpg\" class=\"attachment-thumbnail size-thumbnail\" alt=\"\" \/>\n\t\t\t<\/dt><\/dl><dl class='gallery-item'>\n\t\t\t<dt class='gallery-icon landscape'>\n\t\t\t\t<img decoding=\"async\" width=\"90\" height=\"90\" src=\"https:\/\/www.itakaescolapios.org\/wp-content\/uploads\/2018\/02\/IMG_20180210_130718-90x90.jpg\" class=\"attachment-thumbnail size-thumbnail\" alt=\"\" \/>\n\t\t\t<\/dt><\/dl><dl class='gallery-item'>\n\t\t\t<dt class='gallery-icon portrait'>\n\t\t\t\t<img decoding=\"async\" width=\"90\" height=\"90\" src=\"https:\/\/www.itakaescolapios.org\/wp-content\/uploads\/2018\/02\/IMG_20180210_133201-90x90.jpg\" class=\"attachment-thumbnail size-thumbnail\" alt=\"\" \/>\n\t\t\t<\/dt><\/dl><br style=\"clear: both\" \/><dl class='gallery-item'>\n\t\t\t<dt class='gallery-icon landscape'>\n\t\t\t\t<img decoding=\"async\" width=\"90\" height=\"90\" src=\"https:\/\/www.itakaescolapios.org\/wp-content\/uploads\/2018\/02\/IMG_20180210_132850-90x90.jpg\" class=\"attachment-thumbnail size-thumbnail\" alt=\"\" \/>\n\t\t\t<\/dt><\/dl><dl class='gallery-item'>\n\t\t\t<dt class='gallery-icon landscape'>\n\t\t\t\t<img decoding=\"async\" width=\"90\" height=\"90\" src=\"https:\/\/www.itakaescolapios.org\/wp-content\/uploads\/2018\/02\/IMG-20180210-WA0000-90x90.jpg\" class=\"attachment-thumbnail size-thumbnail\" alt=\"\" \/>\n\t\t\t<\/dt><\/dl>\n\t\t\t<br style='clear: both' \/>\n\t\t<\/div>\n\n","protected":false},"excerpt":{"rendered":"<p>El pasado fin de semana nos reunimos las sedes de Valencia, Madrid, Albacete y Oviedo, de la provincia escolapia de Betania, en los locales de Valencia, en un encuentro para [&hellip;]<\/p>\n","protected":false},"author":39,"featured_media":22098,"comment_status":"closed","ping_status":"closed","sticky":false,"template":"","format":"standard","meta":{"_et_pb_use_builder":"","_et_pb_old_content":"","_et_gb_content_width":"","footnotes":""},"categories":[146,12],"tags":[196,45,291,419,309,307,308],"class_list":["post-22077","post","type-post","status-publish","format-standard","has-post-thumbnail","hentry","category-madrid","category-valencia","tag-betania","tag-encuentro","tag-futuro","tag-itaka-escolapios","tag-lineas-estrategicas","tag-sedes","tag-tecnicos"],"yoast_head":"<!-- This site is optimized with the Yoast SEO plugin v27.4 - https:\/\/yoast.com\/product\/yoast-seo-wordpress\/ -->\n<title>ENCUENTRO DE SEDES Y T\u00c9CNICOS EN BETANIA<\/title>\n<meta name=\"description\" content=\"El pasado fin de semana nos reunimos las sedes de Valencia, Madrid, Albacete y Oviedo, de la provincia escolapia de Betania, en los locales de Valencia, en un encuentro para evaluar la trayectoria hasta el momento y establecer las l\u00edneas de futuro para pr\u00f3ximos cursos. El encuentro cont\u00f3 con la presencia de t\u00e9cnicos y voluntarios&hellip;\" \/>\n<meta name=\"robots\" content=\"index, follow, max-snippet:-1, max-image-preview:large, max-video-preview:-1\" \/>\n<link rel=\"canonical\" href=\"http:\/\/El%20pasado%20fin%20de%20semana%20nos%20reunimos%20las%20sedes%20de%20Valencia,%20Madrid,%20Albacete%20y%20Oviedo,%20de%20la%20provincia%20escolapia%20de%20Betania,%20en%20los%20locales%20de%20Valencia,%20en%20un%20encuentro%20para%20evaluar%20la%20trayectoria%20hasta%20el%20momento%20y%20establecer%20las%20l\u00edneas%20de%20futuro%20para%20pr\u00f3ximos%20cursos.%20El%20encuentro%20cont\u00f3%20con%20la%20presencia%20de%20t\u00e9cnicos%20y%20voluntarios&hellip;\" \/>\n<meta property=\"og:locale\" content=\"pt_BR\" \/>\n<meta property=\"og:type\" content=\"article\" \/>\n<meta property=\"og:title\" content=\"ENCUENTRO DE SEDES Y T\u00c9CNICOS EN BETANIA\" \/>\n<meta property=\"og:description\" content=\"El pasado fin de semana nos reunimos las sedes de Valencia, Madrid, Albacete y Oviedo, de la provincia escolapia de Betania, en los locales de Valencia, en un encuentro para evaluar la trayectoria hasta el momento y establecer las l\u00edneas de futuro para pr\u00f3ximos cursos. El encuentro cont\u00f3 con la presencia de t\u00e9cnicos y voluntarios&hellip;\" \/>\n<meta property=\"og:url\" content=\"https:\/\/www.itakaescolapios.org\/pt\/2018\/02\/encuentro-de-sedes-y-tecnicos-en-betania\/\" \/>\n<meta property=\"og:site_name\" content=\"Itaka-Escolapios\" \/>\n<meta property=\"article:published_time\" content=\"2018-02-13T10:51:50+00:00\" \/>\n<meta property=\"article:modified_time\" content=\"2023-11-28T11:37:38+00:00\" \/>\n<meta property=\"og:image\" content=\"https:\/\/www.itakaescolapios.org\/wp-content\/uploads\/2018\/02\/IMG-20180209-WA0021.jpg\" \/>\n\t<meta property=\"og:image:width\" content=\"1600\" \/>\n\t<meta property=\"og:image:height\" content=\"900\" \/>\n\t<meta property=\"og:image:type\" content=\"image\/jpeg\" \/>\n<meta name=\"author\" content=\"valencia01\" \/>\n<meta name=\"twitter:card\" content=\"summary_large_image\" \/>\n<meta name=\"twitter:label1\" content=\"Escrito por\" \/>\n\t<meta name=\"twitter:data1\" content=\"valencia01\" \/>\n\t<meta name=\"twitter:label2\" content=\"Est. tempo de leitura\" \/>\n\t<meta name=\"twitter:data2\" content=\"1 minuto\" \/>\n<script type=\"application\/ld+json\" class=\"yoast-schema-graph\">{\"@context\":\"https:\\\/\\\/schema.org\",\"@graph\":[{\"@type\":\"Article\",\"@id\":\"https:\\\/\\\/www.itakaescolapios.org\\\/pt\\\/2018\\\/02\\\/encuentro-de-sedes-y-tecnicos-en-betania\\\/#article\",\"isPartOf\":{\"@id\":\"https:\\\/\\\/www.itakaescolapios.org\\\/pt\\\/2018\\\/02\\\/encuentro-de-sedes-y-tecnicos-en-betania\\\/\"},\"author\":{\"name\":\"valencia01\",\"@id\":\"https:\\\/\\\/www.itakaescolapios.org\\\/es\\\/#\\\/schema\\\/person\\\/c232ccaa2b3f2e98db93c1f8dfca96ff\"},\"headline\":\"ENCUENTRO DE SEDES Y T\u00c9CNICOS EN BETANIA\",\"datePublished\":\"2018-02-13T10:51:50+00:00\",\"dateModified\":\"2023-11-28T11:37:38+00:00\",\"mainEntityOfPage\":{\"@id\":\"https:\\\/\\\/www.itakaescolapios.org\\\/pt\\\/2018\\\/02\\\/encuentro-de-sedes-y-tecnicos-en-betania\\\/\"},\"wordCount\":237,\"publisher\":{\"@id\":\"https:\\\/\\\/www.itakaescolapios.org\\\/es\\\/#organization\"},\"image\":{\"@id\":\"https:\\\/\\\/www.itakaescolapios.org\\\/pt\\\/2018\\\/02\\\/encuentro-de-sedes-y-tecnicos-en-betania\\\/#primaryimage\"},\"thumbnailUrl\":\"https:\\\/\\\/www.itakaescolapios.org\\\/wp-content\\\/uploads\\\/2018\\\/02\\\/IMG-20180209-WA0021.jpg\",\"keywords\":[\"Betania\",\"Encuentro\",\"futuro\",\"Itaka Escolapios\",\"l\u00edneas estrat\u00e9gicas\",\"sedes\",\"t\u00e9cnicos\"],\"articleSection\":[\"Madrid\",\"Valencia\"],\"inLanguage\":\"pt-BR\"},{\"@type\":\"WebPage\",\"@id\":\"https:\\\/\\\/www.itakaescolapios.org\\\/pt\\\/2018\\\/02\\\/encuentro-de-sedes-y-tecnicos-en-betania\\\/\",\"url\":\"https:\\\/\\\/www.itakaescolapios.org\\\/pt\\\/2018\\\/02\\\/encuentro-de-sedes-y-tecnicos-en-betania\\\/\",\"name\":\"ENCUENTRO DE SEDES Y T\u00c9CNICOS EN BETANIA - Itaka-Escolapios\",\"isPartOf\":{\"@id\":\"https:\\\/\\\/www.itakaescolapios.org\\\/es\\\/#website\"},\"primaryImageOfPage\":{\"@id\":\"https:\\\/\\\/www.itakaescolapios.org\\\/pt\\\/2018\\\/02\\\/encuentro-de-sedes-y-tecnicos-en-betania\\\/#primaryimage\"},\"image\":{\"@id\":\"https:\\\/\\\/www.itakaescolapios.org\\\/pt\\\/2018\\\/02\\\/encuentro-de-sedes-y-tecnicos-en-betania\\\/#primaryimage\"},\"thumbnailUrl\":\"https:\\\/\\\/www.itakaescolapios.org\\\/wp-content\\\/uploads\\\/2018\\\/02\\\/IMG-20180209-WA0021.jpg\",\"datePublished\":\"2018-02-13T10:51:50+00:00\",\"dateModified\":\"2023-11-28T11:37:38+00:00\",\"breadcrumb\":{\"@id\":\"https:\\\/\\\/www.itakaescolapios.org\\\/pt\\\/2018\\\/02\\\/encuentro-de-sedes-y-tecnicos-en-betania\\\/#breadcrumb\"},\"inLanguage\":\"pt-BR\",\"potentialAction\":[{\"@type\":\"ReadAction\",\"target\":[\"https:\\\/\\\/www.itakaescolapios.org\\\/pt\\\/2018\\\/02\\\/encuentro-de-sedes-y-tecnicos-en-betania\\\/\"]}]},{\"@type\":\"ImageObject\",\"inLanguage\":\"pt-BR\",\"@id\":\"https:\\\/\\\/www.itakaescolapios.org\\\/pt\\\/2018\\\/02\\\/encuentro-de-sedes-y-tecnicos-en-betania\\\/#primaryimage\",\"url\":\"https:\\\/\\\/www.itakaescolapios.org\\\/wp-content\\\/uploads\\\/2018\\\/02\\\/IMG-20180209-WA0021.jpg\",\"contentUrl\":\"https:\\\/\\\/www.itakaescolapios.org\\\/wp-content\\\/uploads\\\/2018\\\/02\\\/IMG-20180209-WA0021.jpg\",\"width\":1600,\"height\":900},{\"@type\":\"BreadcrumbList\",\"@id\":\"https:\\\/\\\/www.itakaescolapios.org\\\/pt\\\/2018\\\/02\\\/encuentro-de-sedes-y-tecnicos-en-betania\\\/#breadcrumb\",\"itemListElement\":[{\"@type\":\"ListItem\",\"position\":1,\"name\":\"Itaka-Escolapios\",\"item\":\"https:\\\/\\\/www.itakaescolapios.org\\\/es\\\/\"},{\"@type\":\"ListItem\",\"position\":2,\"name\":\"ENCUENTRO DE SEDES Y T\u00c9CNICOS EN BETANIA\"}]},{\"@type\":\"WebSite\",\"@id\":\"https:\\\/\\\/www.itakaescolapios.org\\\/pt\\\/es\\\/#website\",\"url\":\"https:\\\/\\\/www.itakaescolapios.org\\\/pt\\\/es\\\/\",\"name\":\"Itaka-Escolapios\",\"description\":\"Red de Itaka-Escolapios\",\"publisher\":{\"@id\":\"https:\\\/\\\/www.itakaescolapios.org\\\/pt\\\/es\\\/#organization\"},\"potentialAction\":[{\"@type\":\"SearchAction\",\"target\":{\"@type\":\"EntryPoint\",\"urlTemplate\":\"https:\\\/\\\/www.itakaescolapios.org\\\/pt\\\/es\\\/?s={search_term_string}\"},\"query-input\":{\"@type\":\"PropertyValueSpecification\",\"valueRequired\":true,\"valueName\":\"search_term_string\"}}],\"inLanguage\":\"pt-BR\"},{\"@type\":\"Organization\",\"@id\":\"https:\\\/\\\/www.itakaescolapios.org\\\/pt\\\/es\\\/#organization\",\"name\":\"Fundaci\u00f3 Itaka-Escolapios\",\"url\":\"https:\\\/\\\/www.itakaescolapios.org\\\/pt\\\/es\\\/\",\"logo\":{\"@type\":\"ImageObject\",\"inLanguage\":\"pt-BR\",\"@id\":\"https:\\\/\\\/www.itakaescolapios.org\\\/pt\\\/es\\\/#\\\/schema\\\/logo\\\/image\\\/\",\"url\":\"https:\\\/\\\/www.itakaescolapios.org\\\/wp-content\\\/uploads\\\/2024\\\/04\\\/Logo-itakaescolapios-peque.png\",\"contentUrl\":\"https:\\\/\\\/www.itakaescolapios.org\\\/wp-content\\\/uploads\\\/2024\\\/04\\\/Logo-itakaescolapios-peque.png\",\"width\":500,\"height\":199,\"caption\":\"Fundaci\u00f3 Itaka-Escolapios\"},\"image\":{\"@id\":\"https:\\\/\\\/www.itakaescolapios.org\\\/pt\\\/es\\\/#\\\/schema\\\/logo\\\/image\\\/\"}},{\"@type\":\"Person\",\"@id\":\"https:\\\/\\\/www.itakaescolapios.org\\\/es\\\/#\\\/schema\\\/person\\\/c232ccaa2b3f2e98db93c1f8dfca96ff\",\"name\":\"valencia01\",\"url\":\"https:\\\/\\\/www.itakaescolapios.org\\\/pt\\\/author\\\/valencia01\\\/\"}]}<\/script>\n<!-- \/ Yoast SEO plugin. -->","yoast_head_json":{"title":"ENCUENTRO DE SEDES Y T\u00c9CNICOS EN BETANIA","description":"El pasado fin de semana nos reunimos las sedes de Valencia, Madrid, Albacete y Oviedo, de la provincia escolapia de Betania, en los locales de Valencia, en un encuentro para evaluar la trayectoria hasta el momento y establecer las l\u00edneas de futuro para pr\u00f3ximos cursos. El encuentro cont\u00f3 con la presencia de t\u00e9cnicos y voluntarios&hellip;","robots":{"index":"index","follow":"follow","max-snippet":"max-snippet:-1","max-image-preview":"max-image-preview:large","max-video-preview":"max-video-preview:-1"},"canonical":"El pasado fin de semana nos reunimos las sedes de Valencia, Madrid, Albacete y Oviedo, de la provincia escolapia de Betania, en los locales de Valencia, en un encuentro para evaluar la trayectoria hasta el momento y establecer las l\u00edneas de futuro para pr\u00f3ximos cursos. El encuentro cont\u00f3 con la presencia de t\u00e9cnicos y voluntarios&hellip;","og_locale":"pt_BR","og_type":"article","og_title":"ENCUENTRO DE SEDES Y T\u00c9CNICOS EN BETANIA","og_description":"El pasado fin de semana nos reunimos las sedes de Valencia, Madrid, Albacete y Oviedo, de la provincia escolapia de Betania, en los locales de Valencia, en un encuentro para evaluar la trayectoria hasta el momento y establecer las l\u00edneas de futuro para pr\u00f3ximos cursos. El encuentro cont\u00f3 con la presencia de t\u00e9cnicos y voluntarios&hellip;","og_url":"https:\/\/www.itakaescolapios.org\/pt\/2018\/02\/encuentro-de-sedes-y-tecnicos-en-betania\/","og_site_name":"Itaka-Escolapios","article_published_time":"2018-02-13T10:51:50+00:00","article_modified_time":"2023-11-28T11:37:38+00:00","og_image":[{"width":1600,"height":900,"url":"https:\/\/www.itakaescolapios.org\/wp-content\/uploads\/2018\/02\/IMG-20180209-WA0021.jpg","type":"image\/jpeg"}],"author":"valencia01","twitter_card":"summary_large_image","twitter_misc":{"Escrito por":"valencia01","Est. tempo de leitura":"1 minuto"},"schema":{"@context":"https:\/\/schema.org","@graph":[{"@type":"Article","@id":"https:\/\/www.itakaescolapios.org\/pt\/2018\/02\/encuentro-de-sedes-y-tecnicos-en-betania\/#article","isPartOf":{"@id":"https:\/\/www.itakaescolapios.org\/pt\/2018\/02\/encuentro-de-sedes-y-tecnicos-en-betania\/"},"author":{"name":"valencia01","@id":"https:\/\/www.itakaescolapios.org\/es\/#\/schema\/person\/c232ccaa2b3f2e98db93c1f8dfca96ff"},"headline":"ENCUENTRO DE SEDES Y T\u00c9CNICOS EN BETANIA","datePublished":"2018-02-13T10:51:50+00:00","dateModified":"2023-11-28T11:37:38+00:00","mainEntityOfPage":{"@id":"https:\/\/www.itakaescolapios.org\/pt\/2018\/02\/encuentro-de-sedes-y-tecnicos-en-betania\/"},"wordCount":237,"publisher":{"@id":"https:\/\/www.itakaescolapios.org\/es\/#organization"},"image":{"@id":"https:\/\/www.itakaescolapios.org\/pt\/2018\/02\/encuentro-de-sedes-y-tecnicos-en-betania\/#primaryimage"},"thumbnailUrl":"https:\/\/www.itakaescolapios.org\/wp-content\/uploads\/2018\/02\/IMG-20180209-WA0021.jpg","keywords":["Betania","Encuentro","futuro","Itaka Escolapios","l\u00edneas estrat\u00e9gicas","sedes","t\u00e9cnicos"],"articleSection":["Madrid","Valencia"],"inLanguage":"pt-BR"},{"@type":"WebPage","@id":"https:\/\/www.itakaescolapios.org\/pt\/2018\/02\/encuentro-de-sedes-y-tecnicos-en-betania\/","url":"https:\/\/www.itakaescolapios.org\/pt\/2018\/02\/encuentro-de-sedes-y-tecnicos-en-betania\/","name":"ENCUENTRO DE SEDES Y T\u00c9CNICOS EN BETANIA - Itaka-Escolapios","isPartOf":{"@id":"https:\/\/www.itakaescolapios.org\/es\/#website"},"primaryImageOfPage":{"@id":"https:\/\/www.itakaescolapios.org\/pt\/2018\/02\/encuentro-de-sedes-y-tecnicos-en-betania\/#primaryimage"},"image":{"@id":"https:\/\/www.itakaescolapios.org\/pt\/2018\/02\/encuentro-de-sedes-y-tecnicos-en-betania\/#primaryimage"},"thumbnailUrl":"https:\/\/www.itakaescolapios.org\/wp-content\/uploads\/2018\/02\/IMG-20180209-WA0021.jpg","datePublished":"2018-02-13T10:51:50+00:00","dateModified":"2023-11-28T11:37:38+00:00","breadcrumb":{"@id":"https:\/\/www.itakaescolapios.org\/pt\/2018\/02\/encuentro-de-sedes-y-tecnicos-en-betania\/#breadcrumb"},"inLanguage":"pt-BR","potentialAction":[{"@type":"ReadAction","target":["https:\/\/www.itakaescolapios.org\/pt\/2018\/02\/encuentro-de-sedes-y-tecnicos-en-betania\/"]}]},{"@type":"ImageObject","inLanguage":"pt-BR","@id":"https:\/\/www.itakaescolapios.org\/pt\/2018\/02\/encuentro-de-sedes-y-tecnicos-en-betania\/#primaryimage","url":"https:\/\/www.itakaescolapios.org\/wp-content\/uploads\/2018\/02\/IMG-20180209-WA0021.jpg","contentUrl":"https:\/\/www.itakaescolapios.org\/wp-content\/uploads\/2018\/02\/IMG-20180209-WA0021.jpg","width":1600,"height":900},{"@type":"BreadcrumbList","@id":"https:\/\/www.itakaescolapios.org\/pt\/2018\/02\/encuentro-de-sedes-y-tecnicos-en-betania\/#breadcrumb","itemListElement":[{"@type":"ListItem","position":1,"name":"Itaka-Escolapios","item":"https:\/\/www.itakaescolapios.org\/es\/"},{"@type":"ListItem","position":2,"name":"ENCUENTRO DE SEDES Y T\u00c9CNICOS EN BETANIA"}]},{"@type":"WebSite","@id":"https:\/\/www.itakaescolapios.org\/pt\/es\/#website","url":"https:\/\/www.itakaescolapios.org\/pt\/es\/","name":"Itaka-Escolapios","description":"Red de Itaka-Escolapios","publisher":{"@id":"https:\/\/www.itakaescolapios.org\/pt\/es\/#organization"},"potentialAction":[{"@type":"SearchAction","target":{"@type":"EntryPoint","urlTemplate":"https:\/\/www.itakaescolapios.org\/pt\/es\/?s={search_term_string}"},"query-input":{"@type":"PropertyValueSpecification","valueRequired":true,"valueName":"search_term_string"}}],"inLanguage":"pt-BR"},{"@type":"Organization","@id":"https:\/\/www.itakaescolapios.org\/pt\/es\/#organization","name":"Fundaci\u00f3 Itaka-Escolapios","url":"https:\/\/www.itakaescolapios.org\/pt\/es\/","logo":{"@type":"ImageObject","inLanguage":"pt-BR","@id":"https:\/\/www.itakaescolapios.org\/pt\/es\/#\/schema\/logo\/image\/","url":"https:\/\/www.itakaescolapios.org\/wp-content\/uploads\/2024\/04\/Logo-itakaescolapios-peque.png","contentUrl":"https:\/\/www.itakaescolapios.org\/wp-content\/uploads\/2024\/04\/Logo-itakaescolapios-peque.png","width":500,"height":199,"caption":"Fundaci\u00f3 Itaka-Escolapios"},"image":{"@id":"https:\/\/www.itakaescolapios.org\/pt\/es\/#\/schema\/logo\/image\/"}},{"@type":"Person","@id":"https:\/\/www.itakaescolapios.org\/es\/#\/schema\/person\/c232ccaa2b3f2e98db93c1f8dfca96ff","name":"valencia01","url":"https:\/\/www.itakaescolapios.org\/pt\/author\/valencia01\/"}]}},"_links":{"self":[{"href":"https:\/\/www.itakaescolapios.org\/pt\/wp-json\/wp\/v2\/posts\/22077","targetHints":{"allow":["GET"]}}],"collection":[{"href":"https:\/\/www.itakaescolapios.org\/pt\/wp-json\/wp\/v2\/posts"}],"about":[{"href":"https:\/\/www.itakaescolapios.org\/pt\/wp-json\/wp\/v2\/types\/post"}],"author":[{"embeddable":true,"href":"https:\/\/www.itakaescolapios.org\/pt\/wp-json\/wp\/v2\/users\/39"}],"replies":[{"embeddable":true,"href":"https:\/\/www.itakaescolapios.org\/pt\/wp-json\/wp\/v2\/comments?post=22077"}],"version-history":[{"count":3,"href":"https:\/\/www.itakaescolapios.org\/pt\/wp-json\/wp\/v2\/posts\/22077\/revisions"}],"predecessor-version":[{"id":47012,"href":"https:\/\/www.itakaescolapios.org\/pt\/wp-json\/wp\/v2\/posts\/22077\/revisions\/47012"}],"wp:featuredmedia":[{"embeddable":true,"href":"https:\/\/www.itakaescolapios.org\/pt\/wp-json\/wp\/v2\/media\/22098"}],"wp:attachment":[{"href":"https:\/\/www.itakaescolapios.org\/pt\/wp-json\/wp\/v2\/media?parent=22077"}],"wp:term":[{"taxonomy":"category","embeddable":true,"href":"https:\/\/www.itakaescolapios.org\/pt\/wp-json\/wp\/v2\/categories?post=22077"},{"taxonomy":"post_tag","embeddable":true,"href":"https:\/\/www.itakaescolapios.org\/pt\/wp-json\/wp\/v2\/tags?post=22077"}],"curies":[{"name":"wp","href":"https:\/\/api.w.org\/{rel}","templated":true}]}}