{"id":22704,"date":"2018-04-20T10:08:19","date_gmt":"2018-04-20T09:08:19","guid":{"rendered":"https:\/\/www.itakaescolapios.org\/?p=22704"},"modified":"2023-11-28T12:37:31","modified_gmt":"2023-11-28T11:37:31","slug":"deja-tu-huella-utzi-zure-arrastoa","status":"publish","type":"post","link":"https:\/\/www.itakaescolapios.org\/pt\/2018\/04\/deja-tu-huella-utzi-zure-arrastoa\/","title":{"rendered":"\u201cDEJA TU HUELLA\u201d-\u201dUTZI ZURE ARRASTOA\u201d"},"content":{"rendered":"<p>Este ser\u00e1 el lema de la pr\u00f3xima semana vocacional que tendr\u00e1 lugar desde el s\u00e1bado 21 de abril al s\u00e1bado 28 de abril en la Presencia Escolapia de Bilbao. Se trata de una iniciativa a la Fraternidad, al Catecumenado y grupos, as\u00ed como al Colegio. Nos unimos al lema de la SAME (SEMANA DE ACCI\u00d3N <span style=\"color: #000000; font-family: Calibri; font-size: medium;\">MUNDIAL POR LA EDUCACI\u00d3N)<\/span> que tambi\u00e9n se celebra en las mismas fechas.<\/p>\n<p>A la vez se pondr\u00e1n en marcha algunas acciones: reflexiones en el grupo o comunidad, eucarist\u00eda especial del 21 y del 28,\u2026 y m\u00e1s.Es una oportunidad para intensificar nuestra oraci\u00f3n, disponibilidad y toma de conciencia de la importancia y necesidad de sacerdotes y religiosos escolapios.<\/p>\n<p>A lo de est\u00e1 semana iremos colgando todo el material que se va ir trabajando durante esta semana.<\/p>\n<p><b>\u00a1Aprov\u00e9chala y disfr\u00fatala!<\/b><\/p>\n<p>Comparte como la est\u00e1s viviendo utilizando el hashtag <b>#sv2018<\/b> en twitter.<\/p>\n","protected":false},"excerpt":{"rendered":"<p>Este ser\u00e1 el lema de la pr\u00f3xima semana vocacional que tendr\u00e1 lugar desde el s\u00e1bado 21 de abril al s\u00e1bado 28 de abril en la Presencia Escolapia de Bilbao. Se [&hellip;]<\/p>\n","protected":false},"author":4,"featured_media":22705,"comment_status":"closed","ping_status":"closed","sticky":false,"template":"","format":"standard","meta":{"_et_pb_use_builder":"","_et_pb_old_content":"","_et_gb_content_width":"","footnotes":""},"categories":[9],"tags":[],"class_list":["post-22704","post","type-post","status-publish","format-standard","has-post-thumbnail","hentry","category-bilbao"],"yoast_head":"<!-- This site is optimized with the Yoast SEO plugin v27.4 - https:\/\/yoast.com\/product\/yoast-seo-wordpress\/ -->\n<title>\u201cDEJA TU HUELLA\u201d-\u201dUTZI ZURE ARRASTOA\u201d<\/title>\n<meta name=\"description\" content=\"Este ser\u00e1 el lema de la pr\u00f3xima semana vocacional que tendr\u00e1 lugar desde el s\u00e1bado 21 de abril al s\u00e1bado 28 de abril en la Presencia Escolapia de Bilbao. Se trata de una iniciativa a la Fraternidad, al Catecumenado y grupos, as\u00ed como al Colegio. Nos unimos al lema de la SAME (SEMANA DE ACCI\u00d3N&hellip;\" \/>\n<meta name=\"robots\" content=\"index, follow, max-snippet:-1, max-image-preview:large, max-video-preview:-1\" \/>\n<link rel=\"canonical\" href=\"http:\/\/Este%20ser\u00e1%20el%20lema%20de%20la%20pr\u00f3xima%20semana%20vocacional%20que%20tendr\u00e1%20lugar%20desde%20el%20s\u00e1bado%2021%20de%20abril%20al%20s\u00e1bado%2028%20de%20abril%20en%20la%20Presencia%20Escolapia%20de%20Bilbao.%20Se%20trata%20de%20una%20iniciativa%20a%20la%20Fraternidad,%20al%20Catecumenado%20y%20grupos,%20as\u00ed%20como%20al%20Colegio.%20Nos%20unimos%20al%20lema%20de%20la%20SAME%20(SEMANA%20DE%20ACCI\u00d3N&hellip;\" \/>\n<meta property=\"og:locale\" content=\"pt_BR\" \/>\n<meta property=\"og:type\" content=\"article\" \/>\n<meta property=\"og:title\" content=\"\u201cDEJA TU HUELLA\u201d-\u201dUTZI ZURE ARRASTOA\u201d\" \/>\n<meta property=\"og:description\" content=\"Este ser\u00e1 el lema de la pr\u00f3xima semana vocacional que tendr\u00e1 lugar desde el s\u00e1bado 21 de abril al s\u00e1bado 28 de abril en la Presencia Escolapia de Bilbao. Se trata de una iniciativa a la Fraternidad, al Catecumenado y grupos, as\u00ed como al Colegio. Nos unimos al lema de la SAME (SEMANA DE ACCI\u00d3N&hellip;\" \/>\n<meta property=\"og:url\" content=\"https:\/\/www.itakaescolapios.org\/pt\/2018\/04\/deja-tu-huella-utzi-zure-arrastoa\/\" \/>\n<meta property=\"og:site_name\" content=\"Itaka-Escolapios\" \/>\n<meta property=\"article:published_time\" content=\"2018-04-20T09:08:19+00:00\" \/>\n<meta property=\"article:modified_time\" content=\"2023-11-28T11:37:31+00:00\" \/>\n<meta property=\"og:image\" content=\"https:\/\/www.itakaescolapios.org\/wp-content\/uploads\/2018\/04\/Cartel-semana-vocacional18.jpg\" \/>\n\t<meta property=\"og:image:width\" content=\"1061\" \/>\n\t<meta property=\"og:image:height\" content=\"1500\" \/>\n\t<meta property=\"og:image:type\" content=\"image\/jpeg\" \/>\n<meta name=\"author\" content=\"itaka\" \/>\n<meta name=\"twitter:card\" content=\"summary_large_image\" \/>\n<meta name=\"twitter:label1\" content=\"Escrito por\" \/>\n\t<meta name=\"twitter:data1\" content=\"itaka\" \/>\n\t<meta name=\"twitter:label2\" content=\"Est. tempo de leitura\" \/>\n\t<meta name=\"twitter:data2\" content=\"1 minuto\" \/>\n<script type=\"application\/ld+json\" class=\"yoast-schema-graph\">{\"@context\":\"https:\\\/\\\/schema.org\",\"@graph\":[{\"@type\":\"Article\",\"@id\":\"https:\\\/\\\/www.itakaescolapios.org\\\/pt\\\/2018\\\/04\\\/deja-tu-huella-utzi-zure-arrastoa\\\/#article\",\"isPartOf\":{\"@id\":\"https:\\\/\\\/www.itakaescolapios.org\\\/pt\\\/2018\\\/04\\\/deja-tu-huella-utzi-zure-arrastoa\\\/\"},\"author\":{\"name\":\"itaka\",\"@id\":\"https:\\\/\\\/www.itakaescolapios.org\\\/es\\\/#\\\/schema\\\/person\\\/670123daeb1cc31cae1b106740036ccb\"},\"headline\":\"\u201cDEJA TU HUELLA\u201d-\u201dUTZI ZURE ARRASTOA\u201d\",\"datePublished\":\"2018-04-20T09:08:19+00:00\",\"dateModified\":\"2023-11-28T11:37:31+00:00\",\"mainEntityOfPage\":{\"@id\":\"https:\\\/\\\/www.itakaescolapios.org\\\/pt\\\/2018\\\/04\\\/deja-tu-huella-utzi-zure-arrastoa\\\/\"},\"wordCount\":161,\"publisher\":{\"@id\":\"https:\\\/\\\/www.itakaescolapios.org\\\/es\\\/#organization\"},\"image\":{\"@id\":\"https:\\\/\\\/www.itakaescolapios.org\\\/pt\\\/2018\\\/04\\\/deja-tu-huella-utzi-zure-arrastoa\\\/#primaryimage\"},\"thumbnailUrl\":\"https:\\\/\\\/www.itakaescolapios.org\\\/wp-content\\\/uploads\\\/2018\\\/04\\\/Cartel-semana-vocacional18.jpg\",\"articleSection\":[\"Bilbao\"],\"inLanguage\":\"pt-BR\"},{\"@type\":\"WebPage\",\"@id\":\"https:\\\/\\\/www.itakaescolapios.org\\\/pt\\\/2018\\\/04\\\/deja-tu-huella-utzi-zure-arrastoa\\\/\",\"url\":\"https:\\\/\\\/www.itakaescolapios.org\\\/pt\\\/2018\\\/04\\\/deja-tu-huella-utzi-zure-arrastoa\\\/\",\"name\":\"\u201cDEJA TU HUELLA\u201d-\u201dUTZI ZURE ARRASTOA\u201d - Itaka-Escolapios\",\"isPartOf\":{\"@id\":\"https:\\\/\\\/www.itakaescolapios.org\\\/es\\\/#website\"},\"primaryImageOfPage\":{\"@id\":\"https:\\\/\\\/www.itakaescolapios.org\\\/pt\\\/2018\\\/04\\\/deja-tu-huella-utzi-zure-arrastoa\\\/#primaryimage\"},\"image\":{\"@id\":\"https:\\\/\\\/www.itakaescolapios.org\\\/pt\\\/2018\\\/04\\\/deja-tu-huella-utzi-zure-arrastoa\\\/#primaryimage\"},\"thumbnailUrl\":\"https:\\\/\\\/www.itakaescolapios.org\\\/wp-content\\\/uploads\\\/2018\\\/04\\\/Cartel-semana-vocacional18.jpg\",\"datePublished\":\"2018-04-20T09:08:19+00:00\",\"dateModified\":\"2023-11-28T11:37:31+00:00\",\"breadcrumb\":{\"@id\":\"https:\\\/\\\/www.itakaescolapios.org\\\/pt\\\/2018\\\/04\\\/deja-tu-huella-utzi-zure-arrastoa\\\/#breadcrumb\"},\"inLanguage\":\"pt-BR\",\"potentialAction\":[{\"@type\":\"ReadAction\",\"target\":[\"https:\\\/\\\/www.itakaescolapios.org\\\/pt\\\/2018\\\/04\\\/deja-tu-huella-utzi-zure-arrastoa\\\/\"]}]},{\"@type\":\"ImageObject\",\"inLanguage\":\"pt-BR\",\"@id\":\"https:\\\/\\\/www.itakaescolapios.org\\\/pt\\\/2018\\\/04\\\/deja-tu-huella-utzi-zure-arrastoa\\\/#primaryimage\",\"url\":\"https:\\\/\\\/www.itakaescolapios.org\\\/wp-content\\\/uploads\\\/2018\\\/04\\\/Cartel-semana-vocacional18.jpg\",\"contentUrl\":\"https:\\\/\\\/www.itakaescolapios.org\\\/wp-content\\\/uploads\\\/2018\\\/04\\\/Cartel-semana-vocacional18.jpg\",\"width\":1061,\"height\":1500},{\"@type\":\"BreadcrumbList\",\"@id\":\"https:\\\/\\\/www.itakaescolapios.org\\\/pt\\\/2018\\\/04\\\/deja-tu-huella-utzi-zure-arrastoa\\\/#breadcrumb\",\"itemListElement\":[{\"@type\":\"ListItem\",\"position\":1,\"name\":\"Itaka-Escolapios\",\"item\":\"https:\\\/\\\/www.itakaescolapios.org\\\/es\\\/\"},{\"@type\":\"ListItem\",\"position\":2,\"name\":\"\u201cDEJA TU HUELLA\u201d-\u201dUTZI ZURE ARRASTOA\u201d\"}]},{\"@type\":\"WebSite\",\"@id\":\"https:\\\/\\\/www.itakaescolapios.org\\\/pt\\\/es\\\/#website\",\"url\":\"https:\\\/\\\/www.itakaescolapios.org\\\/pt\\\/es\\\/\",\"name\":\"Itaka-Escolapios\",\"description\":\"Red de Itaka-Escolapios\",\"publisher\":{\"@id\":\"https:\\\/\\\/www.itakaescolapios.org\\\/pt\\\/es\\\/#organization\"},\"potentialAction\":[{\"@type\":\"SearchAction\",\"target\":{\"@type\":\"EntryPoint\",\"urlTemplate\":\"https:\\\/\\\/www.itakaescolapios.org\\\/pt\\\/es\\\/?s={search_term_string}\"},\"query-input\":{\"@type\":\"PropertyValueSpecification\",\"valueRequired\":true,\"valueName\":\"search_term_string\"}}],\"inLanguage\":\"pt-BR\"},{\"@type\":\"Organization\",\"@id\":\"https:\\\/\\\/www.itakaescolapios.org\\\/pt\\\/es\\\/#organization\",\"name\":\"Fundaci\u00f3 Itaka-Escolapios\",\"url\":\"https:\\\/\\\/www.itakaescolapios.org\\\/pt\\\/es\\\/\",\"logo\":{\"@type\":\"ImageObject\",\"inLanguage\":\"pt-BR\",\"@id\":\"https:\\\/\\\/www.itakaescolapios.org\\\/pt\\\/es\\\/#\\\/schema\\\/logo\\\/image\\\/\",\"url\":\"https:\\\/\\\/www.itakaescolapios.org\\\/wp-content\\\/uploads\\\/2024\\\/04\\\/Logo-itakaescolapios-peque.png\",\"contentUrl\":\"https:\\\/\\\/www.itakaescolapios.org\\\/wp-content\\\/uploads\\\/2024\\\/04\\\/Logo-itakaescolapios-peque.png\",\"width\":500,\"height\":199,\"caption\":\"Fundaci\u00f3 Itaka-Escolapios\"},\"image\":{\"@id\":\"https:\\\/\\\/www.itakaescolapios.org\\\/pt\\\/es\\\/#\\\/schema\\\/logo\\\/image\\\/\"}},{\"@type\":\"Person\",\"@id\":\"https:\\\/\\\/www.itakaescolapios.org\\\/es\\\/#\\\/schema\\\/person\\\/670123daeb1cc31cae1b106740036ccb\",\"name\":\"itaka\",\"url\":\"https:\\\/\\\/www.itakaescolapios.org\\\/pt\\\/author\\\/itaka\\\/\"}]}<\/script>\n<!-- \/ Yoast SEO plugin. -->","yoast_head_json":{"title":"\u201cDEJA TU HUELLA\u201d-\u201dUTZI ZURE ARRASTOA\u201d","description":"Este ser\u00e1 el lema de la pr\u00f3xima semana vocacional que tendr\u00e1 lugar desde el s\u00e1bado 21 de abril al s\u00e1bado 28 de abril en la Presencia Escolapia de Bilbao. Se trata de una iniciativa a la Fraternidad, al Catecumenado y grupos, as\u00ed como al Colegio. Nos unimos al lema de la SAME (SEMANA DE ACCI\u00d3N&hellip;","robots":{"index":"index","follow":"follow","max-snippet":"max-snippet:-1","max-image-preview":"max-image-preview:large","max-video-preview":"max-video-preview:-1"},"canonical":"Este ser\u00e1 el lema de la pr\u00f3xima semana vocacional que tendr\u00e1 lugar desde el s\u00e1bado 21 de abril al s\u00e1bado 28 de abril en la Presencia Escolapia de Bilbao. Se trata de una iniciativa a la Fraternidad, al Catecumenado y grupos, as\u00ed como al Colegio. Nos unimos al lema de la SAME (SEMANA DE ACCI\u00d3N&hellip;","og_locale":"pt_BR","og_type":"article","og_title":"\u201cDEJA TU HUELLA\u201d-\u201dUTZI ZURE ARRASTOA\u201d","og_description":"Este ser\u00e1 el lema de la pr\u00f3xima semana vocacional que tendr\u00e1 lugar desde el s\u00e1bado 21 de abril al s\u00e1bado 28 de abril en la Presencia Escolapia de Bilbao. Se trata de una iniciativa a la Fraternidad, al Catecumenado y grupos, as\u00ed como al Colegio. Nos unimos al lema de la SAME (SEMANA DE ACCI\u00d3N&hellip;","og_url":"https:\/\/www.itakaescolapios.org\/pt\/2018\/04\/deja-tu-huella-utzi-zure-arrastoa\/","og_site_name":"Itaka-Escolapios","article_published_time":"2018-04-20T09:08:19+00:00","article_modified_time":"2023-11-28T11:37:31+00:00","og_image":[{"width":1061,"height":1500,"url":"https:\/\/www.itakaescolapios.org\/wp-content\/uploads\/2018\/04\/Cartel-semana-vocacional18.jpg","type":"image\/jpeg"}],"author":"itaka","twitter_card":"summary_large_image","twitter_misc":{"Escrito por":"itaka","Est. tempo de leitura":"1 minuto"},"schema":{"@context":"https:\/\/schema.org","@graph":[{"@type":"Article","@id":"https:\/\/www.itakaescolapios.org\/pt\/2018\/04\/deja-tu-huella-utzi-zure-arrastoa\/#article","isPartOf":{"@id":"https:\/\/www.itakaescolapios.org\/pt\/2018\/04\/deja-tu-huella-utzi-zure-arrastoa\/"},"author":{"name":"itaka","@id":"https:\/\/www.itakaescolapios.org\/es\/#\/schema\/person\/670123daeb1cc31cae1b106740036ccb"},"headline":"\u201cDEJA TU HUELLA\u201d-\u201dUTZI ZURE ARRASTOA\u201d","datePublished":"2018-04-20T09:08:19+00:00","dateModified":"2023-11-28T11:37:31+00:00","mainEntityOfPage":{"@id":"https:\/\/www.itakaescolapios.org\/pt\/2018\/04\/deja-tu-huella-utzi-zure-arrastoa\/"},"wordCount":161,"publisher":{"@id":"https:\/\/www.itakaescolapios.org\/es\/#organization"},"image":{"@id":"https:\/\/www.itakaescolapios.org\/pt\/2018\/04\/deja-tu-huella-utzi-zure-arrastoa\/#primaryimage"},"thumbnailUrl":"https:\/\/www.itakaescolapios.org\/wp-content\/uploads\/2018\/04\/Cartel-semana-vocacional18.jpg","articleSection":["Bilbao"],"inLanguage":"pt-BR"},{"@type":"WebPage","@id":"https:\/\/www.itakaescolapios.org\/pt\/2018\/04\/deja-tu-huella-utzi-zure-arrastoa\/","url":"https:\/\/www.itakaescolapios.org\/pt\/2018\/04\/deja-tu-huella-utzi-zure-arrastoa\/","name":"\u201cDEJA TU HUELLA\u201d-\u201dUTZI ZURE ARRASTOA\u201d - Itaka-Escolapios","isPartOf":{"@id":"https:\/\/www.itakaescolapios.org\/es\/#website"},"primaryImageOfPage":{"@id":"https:\/\/www.itakaescolapios.org\/pt\/2018\/04\/deja-tu-huella-utzi-zure-arrastoa\/#primaryimage"},"image":{"@id":"https:\/\/www.itakaescolapios.org\/pt\/2018\/04\/deja-tu-huella-utzi-zure-arrastoa\/#primaryimage"},"thumbnailUrl":"https:\/\/www.itakaescolapios.org\/wp-content\/uploads\/2018\/04\/Cartel-semana-vocacional18.jpg","datePublished":"2018-04-20T09:08:19+00:00","dateModified":"2023-11-28T11:37:31+00:00","breadcrumb":{"@id":"https:\/\/www.itakaescolapios.org\/pt\/2018\/04\/deja-tu-huella-utzi-zure-arrastoa\/#breadcrumb"},"inLanguage":"pt-BR","potentialAction":[{"@type":"ReadAction","target":["https:\/\/www.itakaescolapios.org\/pt\/2018\/04\/deja-tu-huella-utzi-zure-arrastoa\/"]}]},{"@type":"ImageObject","inLanguage":"pt-BR","@id":"https:\/\/www.itakaescolapios.org\/pt\/2018\/04\/deja-tu-huella-utzi-zure-arrastoa\/#primaryimage","url":"https:\/\/www.itakaescolapios.org\/wp-content\/uploads\/2018\/04\/Cartel-semana-vocacional18.jpg","contentUrl":"https:\/\/www.itakaescolapios.org\/wp-content\/uploads\/2018\/04\/Cartel-semana-vocacional18.jpg","width":1061,"height":1500},{"@type":"BreadcrumbList","@id":"https:\/\/www.itakaescolapios.org\/pt\/2018\/04\/deja-tu-huella-utzi-zure-arrastoa\/#breadcrumb","itemListElement":[{"@type":"ListItem","position":1,"name":"Itaka-Escolapios","item":"https:\/\/www.itakaescolapios.org\/es\/"},{"@type":"ListItem","position":2,"name":"\u201cDEJA TU HUELLA\u201d-\u201dUTZI ZURE ARRASTOA\u201d"}]},{"@type":"WebSite","@id":"https:\/\/www.itakaescolapios.org\/pt\/es\/#website","url":"https:\/\/www.itakaescolapios.org\/pt\/es\/","name":"Itaka-Escolapios","description":"Red de Itaka-Escolapios","publisher":{"@id":"https:\/\/www.itakaescolapios.org\/pt\/es\/#organization"},"potentialAction":[{"@type":"SearchAction","target":{"@type":"EntryPoint","urlTemplate":"https:\/\/www.itakaescolapios.org\/pt\/es\/?s={search_term_string}"},"query-input":{"@type":"PropertyValueSpecification","valueRequired":true,"valueName":"search_term_string"}}],"inLanguage":"pt-BR"},{"@type":"Organization","@id":"https:\/\/www.itakaescolapios.org\/pt\/es\/#organization","name":"Fundaci\u00f3 Itaka-Escolapios","url":"https:\/\/www.itakaescolapios.org\/pt\/es\/","logo":{"@type":"ImageObject","inLanguage":"pt-BR","@id":"https:\/\/www.itakaescolapios.org\/pt\/es\/#\/schema\/logo\/image\/","url":"https:\/\/www.itakaescolapios.org\/wp-content\/uploads\/2024\/04\/Logo-itakaescolapios-peque.png","contentUrl":"https:\/\/www.itakaescolapios.org\/wp-content\/uploads\/2024\/04\/Logo-itakaescolapios-peque.png","width":500,"height":199,"caption":"Fundaci\u00f3 Itaka-Escolapios"},"image":{"@id":"https:\/\/www.itakaescolapios.org\/pt\/es\/#\/schema\/logo\/image\/"}},{"@type":"Person","@id":"https:\/\/www.itakaescolapios.org\/es\/#\/schema\/person\/670123daeb1cc31cae1b106740036ccb","name":"itaka","url":"https:\/\/www.itakaescolapios.org\/pt\/author\/itaka\/"}]}},"_links":{"self":[{"href":"https:\/\/www.itakaescolapios.org\/pt\/wp-json\/wp\/v2\/posts\/22704","targetHints":{"allow":["GET"]}}],"collection":[{"href":"https:\/\/www.itakaescolapios.org\/pt\/wp-json\/wp\/v2\/posts"}],"about":[{"href":"https:\/\/www.itakaescolapios.org\/pt\/wp-json\/wp\/v2\/types\/post"}],"author":[{"embeddable":true,"href":"https:\/\/www.itakaescolapios.org\/pt\/wp-json\/wp\/v2\/users\/4"}],"replies":[{"embeddable":true,"href":"https:\/\/www.itakaescolapios.org\/pt\/wp-json\/wp\/v2\/comments?post=22704"}],"version-history":[{"count":3,"href":"https:\/\/www.itakaescolapios.org\/pt\/wp-json\/wp\/v2\/posts\/22704\/revisions"}],"predecessor-version":[{"id":46835,"href":"https:\/\/www.itakaescolapios.org\/pt\/wp-json\/wp\/v2\/posts\/22704\/revisions\/46835"}],"wp:featuredmedia":[{"embeddable":true,"href":"https:\/\/www.itakaescolapios.org\/pt\/wp-json\/wp\/v2\/media\/22705"}],"wp:attachment":[{"href":"https:\/\/www.itakaescolapios.org\/pt\/wp-json\/wp\/v2\/media?parent=22704"}],"wp:term":[{"taxonomy":"category","embeddable":true,"href":"https:\/\/www.itakaescolapios.org\/pt\/wp-json\/wp\/v2\/categories?post=22704"},{"taxonomy":"post_tag","embeddable":true,"href":"https:\/\/www.itakaescolapios.org\/pt\/wp-json\/wp\/v2\/tags?post=22704"}],"curies":[{"name":"wp","href":"https:\/\/api.w.org\/{rel}","templated":true}]}}