{"id":22720,"date":"2018-04-21T13:44:21","date_gmt":"2018-04-21T12:44:21","guid":{"rendered":"https:\/\/www.itakaescolapios.org\/?p=22720"},"modified":"2023-11-28T12:37:31","modified_gmt":"2023-11-28T11:37:31","slug":"presentacion-del-documental-un-hogar-fuera-de-casa","status":"publish","type":"post","link":"https:\/\/www.itakaescolapios.org\/pt\/2018\/04\/presentacion-del-documental-un-hogar-fuera-de-casa\/","title":{"rendered":"PRESENTACI\u00d3N DEL DOCUMENTAL \u201cUN HOGAR FUERA DE CASA\u201d"},"content":{"rendered":"<p>Ayer se present\u00f3 en Madrid en la sede de FUNCAS (Fundaci\u00f3n de Cajas de Ahorro) el documental \u201cUN HOGAR FUERA DE CASA\u201d en \u00e9l editado y producido por ellos se aborda la situaci\u00f3n de los j\u00f3venes inmigrantes menores de edad que cruzan el estrecho en busca de un futuro mejor. En el documental se describe el trabajo que viene desarrollando el programa Aukera de Itaka Escolapios a trav\u00e9s de sus hogares, y el trabajo de Pe\u00f1ascal cooperativa a trav\u00e9s de sus ciclos formativos.<br \/>\nOs dejamos el enlace del documental y algunas fotos del estreno de ayer y el posterior debate.<\/p>\n<p>https:\/\/vimeo.com\/259561161\/865e508a1f<\/p>\n\n\t\t<style type=\"text\/css\">\n\t\t\t#gallery-1 {\n\t\t\t\tmargin: auto;\n\t\t\t}\n\t\t\t#gallery-1 .gallery-item {\n\t\t\t\tfloat: left;\n\t\t\t\tmargin-top: 10px;\n\t\t\t\ttext-align: center;\n\t\t\t\twidth: 33%;\n\t\t\t}\n\t\t\t#gallery-1 img {\n\t\t\t\tborder: 2px solid #cfcfcf;\n\t\t\t}\n\t\t\t#gallery-1 .gallery-caption {\n\t\t\t\tmargin-left: 0;\n\t\t\t}\n\t\t\t\/* see gallery_shortcode() in wp-includes\/media.php *\/\n\t\t<\/style>\n\t\t<div id='gallery-1' class='gallery galleryid-22720 gallery-columns-3 gallery-size-thumbnail'><dl class='gallery-item'>\n\t\t\t<dt class='gallery-icon landscape'>\n\t\t\t\t<a href='https:\/\/www.itakaescolapios.org\/pt\/2018\/04\/presentacion-del-documental-un-hogar-fuera-de-casa\/img_7755\/'><img decoding=\"async\" width=\"90\" height=\"90\" src=\"https:\/\/www.itakaescolapios.org\/wp-content\/uploads\/2018\/04\/IMG_7755-90x90.jpg\" class=\"attachment-thumbnail size-thumbnail\" alt=\"\" \/><\/a>\n\t\t\t<\/dt><\/dl><dl class='gallery-item'>\n\t\t\t<dt class='gallery-icon landscape'>\n\t\t\t\t<a href='https:\/\/www.itakaescolapios.org\/pt\/2018\/04\/presentacion-del-documental-un-hogar-fuera-de-casa\/img_7758\/'><img decoding=\"async\" width=\"90\" height=\"90\" src=\"https:\/\/www.itakaescolapios.org\/wp-content\/uploads\/2018\/04\/IMG_7758-90x90.jpg\" class=\"attachment-thumbnail size-thumbnail\" alt=\"\" \/><\/a>\n\t\t\t<\/dt><\/dl><dl class='gallery-item'>\n\t\t\t<dt class='gallery-icon landscape'>\n\t\t\t\t<a href='https:\/\/www.itakaescolapios.org\/pt\/2018\/04\/presentacion-del-documental-un-hogar-fuera-de-casa\/img_7769\/'><img decoding=\"async\" width=\"90\" height=\"90\" src=\"https:\/\/www.itakaescolapios.org\/wp-content\/uploads\/2018\/04\/IMG_7769-90x90.jpg\" class=\"attachment-thumbnail size-thumbnail\" alt=\"\" \/><\/a>\n\t\t\t<\/dt><\/dl><br style=\"clear: both\" \/><dl class='gallery-item'>\n\t\t\t<dt class='gallery-icon portrait'>\n\t\t\t\t<a href='https:\/\/www.itakaescolapios.org\/pt\/2018\/04\/presentacion-del-documental-un-hogar-fuera-de-casa\/img_7797\/'><img decoding=\"async\" width=\"90\" height=\"90\" src=\"https:\/\/www.itakaescolapios.org\/wp-content\/uploads\/2018\/04\/IMG_7797-90x90.jpg\" class=\"attachment-thumbnail size-thumbnail\" alt=\"\" \/><\/a>\n\t\t\t<\/dt><\/dl>\n\t\t\t<br style='clear: both' \/>\n\t\t<\/div>\n\n","protected":false},"excerpt":{"rendered":"<p>Ayer se present\u00f3 en Madrid en la sede de FUNCAS (Fundaci\u00f3n de Cajas de Ahorro) el documental \u201cUN HOGAR FUERA DE CASA\u201d en \u00e9l editado y producido por ellos se [&hellip;]<\/p>\n","protected":false},"author":1,"featured_media":22724,"comment_status":"closed","ping_status":"closed","sticky":false,"template":"","format":"standard","meta":{"_et_pb_use_builder":"","_et_pb_old_content":"","_et_gb_content_width":"","footnotes":""},"categories":[9],"tags":[],"class_list":["post-22720","post","type-post","status-publish","format-standard","has-post-thumbnail","hentry","category-bilbao"],"yoast_head":"<!-- This site is optimized with the Yoast SEO plugin v27.4 - https:\/\/yoast.com\/product\/yoast-seo-wordpress\/ -->\n<title>PRESENTACI\u00d3N DEL DOCUMENTAL \u201cUN HOGAR FUERA DE CASA\u201d<\/title>\n<meta name=\"description\" content=\"Ayer se present\u00f3 en Madrid en la sede de FUNCAS (Fundaci\u00f3n de Cajas de Ahorro) el documental \u201cUN HOGAR FUERA DE CASA\u201d en \u00e9l editado y producido por ellos se aborda la situaci\u00f3n de los j\u00f3venes inmigrantes menores de edad que cruzan el estrecho en busca de un futuro mejor. En el documental se describe&hellip;\" \/>\n<meta name=\"robots\" content=\"index, follow, max-snippet:-1, max-image-preview:large, max-video-preview:-1\" \/>\n<link rel=\"canonical\" href=\"http:\/\/Ayer%20se%20present\u00f3%20en%20Madrid%20en%20la%20sede%20de%20FUNCAS%20(Fundaci\u00f3n%20de%20Cajas%20de%20Ahorro)%20el%20documental%20\u201cUN%20HOGAR%20FUERA%20DE%20CASA\u201d%20en%20\u00e9l%20editado%20y%20producido%20por%20ellos%20se%20aborda%20la%20situaci\u00f3n%20de%20los%20j\u00f3venes%20inmigrantes%20menores%20de%20edad%20que%20cruzan%20el%20estrecho%20en%20busca%20de%20un%20futuro%20mejor.%20En%20el%20documental%20se%20describe&hellip;\" \/>\n<meta property=\"og:locale\" content=\"pt_BR\" \/>\n<meta property=\"og:type\" content=\"article\" \/>\n<meta property=\"og:title\" content=\"PRESENTACI\u00d3N DEL DOCUMENTAL \u201cUN HOGAR FUERA DE CASA\u201d\" \/>\n<meta property=\"og:description\" content=\"Ayer se present\u00f3 en Madrid en la sede de FUNCAS (Fundaci\u00f3n de Cajas de Ahorro) el documental \u201cUN HOGAR FUERA DE CASA\u201d en \u00e9l editado y producido por ellos se aborda la situaci\u00f3n de los j\u00f3venes inmigrantes menores de edad que cruzan el estrecho en busca de un futuro mejor. En el documental se describe&hellip;\" \/>\n<meta property=\"og:url\" content=\"https:\/\/www.itakaescolapios.org\/pt\/2018\/04\/presentacion-del-documental-un-hogar-fuera-de-casa\/\" \/>\n<meta property=\"og:site_name\" content=\"Itaka-Escolapios\" \/>\n<meta property=\"article:published_time\" content=\"2018-04-21T12:44:21+00:00\" \/>\n<meta property=\"article:modified_time\" content=\"2023-11-28T11:37:31+00:00\" \/>\n<meta property=\"og:image\" content=\"https:\/\/www.itakaescolapios.org\/wp-content\/uploads\/2018\/04\/IMG_7797.jpg\" \/>\n\t<meta property=\"og:image:width\" content=\"1085\" \/>\n\t<meta property=\"og:image:height\" content=\"1500\" \/>\n\t<meta property=\"og:image:type\" content=\"image\/jpeg\" \/>\n<meta name=\"author\" content=\"administrador\" \/>\n<meta name=\"twitter:card\" content=\"summary_large_image\" \/>\n<meta name=\"twitter:label1\" content=\"Escrito por\" \/>\n\t<meta name=\"twitter:data1\" content=\"administrador\" \/>\n\t<meta name=\"twitter:label2\" content=\"Est. tempo de leitura\" \/>\n\t<meta name=\"twitter:data2\" content=\"1 minuto\" \/>\n<script type=\"application\/ld+json\" class=\"yoast-schema-graph\">{\"@context\":\"https:\\\/\\\/schema.org\",\"@graph\":[{\"@type\":\"Article\",\"@id\":\"https:\\\/\\\/www.itakaescolapios.org\\\/pt\\\/2018\\\/04\\\/presentacion-del-documental-un-hogar-fuera-de-casa\\\/#article\",\"isPartOf\":{\"@id\":\"https:\\\/\\\/www.itakaescolapios.org\\\/pt\\\/2018\\\/04\\\/presentacion-del-documental-un-hogar-fuera-de-casa\\\/\"},\"author\":{\"name\":\"administrador\",\"@id\":\"https:\\\/\\\/www.itakaescolapios.org\\\/es\\\/#\\\/schema\\\/person\\\/aaa10333558991c1d6ad358b7721fe71\"},\"headline\":\"PRESENTACI\u00d3N DEL DOCUMENTAL \u201cUN HOGAR FUERA DE CASA\u201d\",\"datePublished\":\"2018-04-21T12:44:21+00:00\",\"dateModified\":\"2023-11-28T11:37:31+00:00\",\"mainEntityOfPage\":{\"@id\":\"https:\\\/\\\/www.itakaescolapios.org\\\/pt\\\/2018\\\/04\\\/presentacion-del-documental-un-hogar-fuera-de-casa\\\/\"},\"wordCount\":123,\"publisher\":{\"@id\":\"https:\\\/\\\/www.itakaescolapios.org\\\/es\\\/#organization\"},\"image\":{\"@id\":\"https:\\\/\\\/www.itakaescolapios.org\\\/pt\\\/2018\\\/04\\\/presentacion-del-documental-un-hogar-fuera-de-casa\\\/#primaryimage\"},\"thumbnailUrl\":\"https:\\\/\\\/www.itakaescolapios.org\\\/wp-content\\\/uploads\\\/2018\\\/04\\\/IMG_7797.jpg\",\"articleSection\":[\"Bilbao\"],\"inLanguage\":\"pt-BR\"},{\"@type\":\"WebPage\",\"@id\":\"https:\\\/\\\/www.itakaescolapios.org\\\/pt\\\/2018\\\/04\\\/presentacion-del-documental-un-hogar-fuera-de-casa\\\/\",\"url\":\"https:\\\/\\\/www.itakaescolapios.org\\\/pt\\\/2018\\\/04\\\/presentacion-del-documental-un-hogar-fuera-de-casa\\\/\",\"name\":\"PRESENTACI\u00d3N DEL DOCUMENTAL \u201cUN HOGAR FUERA DE CASA\u201d - Itaka-Escolapios\",\"isPartOf\":{\"@id\":\"https:\\\/\\\/www.itakaescolapios.org\\\/es\\\/#website\"},\"primaryImageOfPage\":{\"@id\":\"https:\\\/\\\/www.itakaescolapios.org\\\/pt\\\/2018\\\/04\\\/presentacion-del-documental-un-hogar-fuera-de-casa\\\/#primaryimage\"},\"image\":{\"@id\":\"https:\\\/\\\/www.itakaescolapios.org\\\/pt\\\/2018\\\/04\\\/presentacion-del-documental-un-hogar-fuera-de-casa\\\/#primaryimage\"},\"thumbnailUrl\":\"https:\\\/\\\/www.itakaescolapios.org\\\/wp-content\\\/uploads\\\/2018\\\/04\\\/IMG_7797.jpg\",\"datePublished\":\"2018-04-21T12:44:21+00:00\",\"dateModified\":\"2023-11-28T11:37:31+00:00\",\"breadcrumb\":{\"@id\":\"https:\\\/\\\/www.itakaescolapios.org\\\/pt\\\/2018\\\/04\\\/presentacion-del-documental-un-hogar-fuera-de-casa\\\/#breadcrumb\"},\"inLanguage\":\"pt-BR\",\"potentialAction\":[{\"@type\":\"ReadAction\",\"target\":[\"https:\\\/\\\/www.itakaescolapios.org\\\/pt\\\/2018\\\/04\\\/presentacion-del-documental-un-hogar-fuera-de-casa\\\/\"]}]},{\"@type\":\"ImageObject\",\"inLanguage\":\"pt-BR\",\"@id\":\"https:\\\/\\\/www.itakaescolapios.org\\\/pt\\\/2018\\\/04\\\/presentacion-del-documental-un-hogar-fuera-de-casa\\\/#primaryimage\",\"url\":\"https:\\\/\\\/www.itakaescolapios.org\\\/wp-content\\\/uploads\\\/2018\\\/04\\\/IMG_7797.jpg\",\"contentUrl\":\"https:\\\/\\\/www.itakaescolapios.org\\\/wp-content\\\/uploads\\\/2018\\\/04\\\/IMG_7797.jpg\",\"width\":1085,\"height\":1500},{\"@type\":\"BreadcrumbList\",\"@id\":\"https:\\\/\\\/www.itakaescolapios.org\\\/pt\\\/2018\\\/04\\\/presentacion-del-documental-un-hogar-fuera-de-casa\\\/#breadcrumb\",\"itemListElement\":[{\"@type\":\"ListItem\",\"position\":1,\"name\":\"Itaka-Escolapios\",\"item\":\"https:\\\/\\\/www.itakaescolapios.org\\\/es\\\/\"},{\"@type\":\"ListItem\",\"position\":2,\"name\":\"PRESENTACI\u00d3N DEL DOCUMENTAL \u201cUN HOGAR FUERA DE CASA\u201d\"}]},{\"@type\":\"WebSite\",\"@id\":\"https:\\\/\\\/www.itakaescolapios.org\\\/pt\\\/es\\\/#website\",\"url\":\"https:\\\/\\\/www.itakaescolapios.org\\\/pt\\\/es\\\/\",\"name\":\"Itaka-Escolapios\",\"description\":\"Red de Itaka-Escolapios\",\"publisher\":{\"@id\":\"https:\\\/\\\/www.itakaescolapios.org\\\/pt\\\/es\\\/#organization\"},\"potentialAction\":[{\"@type\":\"SearchAction\",\"target\":{\"@type\":\"EntryPoint\",\"urlTemplate\":\"https:\\\/\\\/www.itakaescolapios.org\\\/pt\\\/es\\\/?s={search_term_string}\"},\"query-input\":{\"@type\":\"PropertyValueSpecification\",\"valueRequired\":true,\"valueName\":\"search_term_string\"}}],\"inLanguage\":\"pt-BR\"},{\"@type\":\"Organization\",\"@id\":\"https:\\\/\\\/www.itakaescolapios.org\\\/pt\\\/es\\\/#organization\",\"name\":\"Fundaci\u00f3 Itaka-Escolapios\",\"url\":\"https:\\\/\\\/www.itakaescolapios.org\\\/pt\\\/es\\\/\",\"logo\":{\"@type\":\"ImageObject\",\"inLanguage\":\"pt-BR\",\"@id\":\"https:\\\/\\\/www.itakaescolapios.org\\\/pt\\\/es\\\/#\\\/schema\\\/logo\\\/image\\\/\",\"url\":\"https:\\\/\\\/www.itakaescolapios.org\\\/wp-content\\\/uploads\\\/2024\\\/04\\\/Logo-itakaescolapios-peque.png\",\"contentUrl\":\"https:\\\/\\\/www.itakaescolapios.org\\\/wp-content\\\/uploads\\\/2024\\\/04\\\/Logo-itakaescolapios-peque.png\",\"width\":500,\"height\":199,\"caption\":\"Fundaci\u00f3 Itaka-Escolapios\"},\"image\":{\"@id\":\"https:\\\/\\\/www.itakaescolapios.org\\\/pt\\\/es\\\/#\\\/schema\\\/logo\\\/image\\\/\"}},{\"@type\":\"Person\",\"@id\":\"https:\\\/\\\/www.itakaescolapios.org\\\/es\\\/#\\\/schema\\\/person\\\/aaa10333558991c1d6ad358b7721fe71\",\"name\":\"administrador\",\"url\":\"https:\\\/\\\/www.itakaescolapios.org\\\/pt\\\/author\\\/administrador\\\/\"}]}<\/script>\n<!-- \/ Yoast SEO plugin. -->","yoast_head_json":{"title":"PRESENTACI\u00d3N DEL DOCUMENTAL \u201cUN HOGAR FUERA DE CASA\u201d","description":"Ayer se present\u00f3 en Madrid en la sede de FUNCAS (Fundaci\u00f3n de Cajas de Ahorro) el documental \u201cUN HOGAR FUERA DE CASA\u201d en \u00e9l editado y producido por ellos se aborda la situaci\u00f3n de los j\u00f3venes inmigrantes menores de edad que cruzan el estrecho en busca de un futuro mejor. En el documental se describe&hellip;","robots":{"index":"index","follow":"follow","max-snippet":"max-snippet:-1","max-image-preview":"max-image-preview:large","max-video-preview":"max-video-preview:-1"},"canonical":"Ayer se present\u00f3 en Madrid en la sede de FUNCAS (Fundaci\u00f3n de Cajas de Ahorro) el documental \u201cUN HOGAR FUERA DE CASA\u201d en \u00e9l editado y producido por ellos se aborda la situaci\u00f3n de los j\u00f3venes inmigrantes menores de edad que cruzan el estrecho en busca de un futuro mejor. En el documental se describe&hellip;","og_locale":"pt_BR","og_type":"article","og_title":"PRESENTACI\u00d3N DEL DOCUMENTAL \u201cUN HOGAR FUERA DE CASA\u201d","og_description":"Ayer se present\u00f3 en Madrid en la sede de FUNCAS (Fundaci\u00f3n de Cajas de Ahorro) el documental \u201cUN HOGAR FUERA DE CASA\u201d en \u00e9l editado y producido por ellos se aborda la situaci\u00f3n de los j\u00f3venes inmigrantes menores de edad que cruzan el estrecho en busca de un futuro mejor. En el documental se describe&hellip;","og_url":"https:\/\/www.itakaescolapios.org\/pt\/2018\/04\/presentacion-del-documental-un-hogar-fuera-de-casa\/","og_site_name":"Itaka-Escolapios","article_published_time":"2018-04-21T12:44:21+00:00","article_modified_time":"2023-11-28T11:37:31+00:00","og_image":[{"width":1085,"height":1500,"url":"https:\/\/www.itakaescolapios.org\/wp-content\/uploads\/2018\/04\/IMG_7797.jpg","type":"image\/jpeg"}],"author":"administrador","twitter_card":"summary_large_image","twitter_misc":{"Escrito por":"administrador","Est. tempo de leitura":"1 minuto"},"schema":{"@context":"https:\/\/schema.org","@graph":[{"@type":"Article","@id":"https:\/\/www.itakaescolapios.org\/pt\/2018\/04\/presentacion-del-documental-un-hogar-fuera-de-casa\/#article","isPartOf":{"@id":"https:\/\/www.itakaescolapios.org\/pt\/2018\/04\/presentacion-del-documental-un-hogar-fuera-de-casa\/"},"author":{"name":"administrador","@id":"https:\/\/www.itakaescolapios.org\/es\/#\/schema\/person\/aaa10333558991c1d6ad358b7721fe71"},"headline":"PRESENTACI\u00d3N DEL DOCUMENTAL \u201cUN HOGAR FUERA DE CASA\u201d","datePublished":"2018-04-21T12:44:21+00:00","dateModified":"2023-11-28T11:37:31+00:00","mainEntityOfPage":{"@id":"https:\/\/www.itakaescolapios.org\/pt\/2018\/04\/presentacion-del-documental-un-hogar-fuera-de-casa\/"},"wordCount":123,"publisher":{"@id":"https:\/\/www.itakaescolapios.org\/es\/#organization"},"image":{"@id":"https:\/\/www.itakaescolapios.org\/pt\/2018\/04\/presentacion-del-documental-un-hogar-fuera-de-casa\/#primaryimage"},"thumbnailUrl":"https:\/\/www.itakaescolapios.org\/wp-content\/uploads\/2018\/04\/IMG_7797.jpg","articleSection":["Bilbao"],"inLanguage":"pt-BR"},{"@type":"WebPage","@id":"https:\/\/www.itakaescolapios.org\/pt\/2018\/04\/presentacion-del-documental-un-hogar-fuera-de-casa\/","url":"https:\/\/www.itakaescolapios.org\/pt\/2018\/04\/presentacion-del-documental-un-hogar-fuera-de-casa\/","name":"PRESENTACI\u00d3N DEL DOCUMENTAL \u201cUN HOGAR FUERA DE CASA\u201d - Itaka-Escolapios","isPartOf":{"@id":"https:\/\/www.itakaescolapios.org\/es\/#website"},"primaryImageOfPage":{"@id":"https:\/\/www.itakaescolapios.org\/pt\/2018\/04\/presentacion-del-documental-un-hogar-fuera-de-casa\/#primaryimage"},"image":{"@id":"https:\/\/www.itakaescolapios.org\/pt\/2018\/04\/presentacion-del-documental-un-hogar-fuera-de-casa\/#primaryimage"},"thumbnailUrl":"https:\/\/www.itakaescolapios.org\/wp-content\/uploads\/2018\/04\/IMG_7797.jpg","datePublished":"2018-04-21T12:44:21+00:00","dateModified":"2023-11-28T11:37:31+00:00","breadcrumb":{"@id":"https:\/\/www.itakaescolapios.org\/pt\/2018\/04\/presentacion-del-documental-un-hogar-fuera-de-casa\/#breadcrumb"},"inLanguage":"pt-BR","potentialAction":[{"@type":"ReadAction","target":["https:\/\/www.itakaescolapios.org\/pt\/2018\/04\/presentacion-del-documental-un-hogar-fuera-de-casa\/"]}]},{"@type":"ImageObject","inLanguage":"pt-BR","@id":"https:\/\/www.itakaescolapios.org\/pt\/2018\/04\/presentacion-del-documental-un-hogar-fuera-de-casa\/#primaryimage","url":"https:\/\/www.itakaescolapios.org\/wp-content\/uploads\/2018\/04\/IMG_7797.jpg","contentUrl":"https:\/\/www.itakaescolapios.org\/wp-content\/uploads\/2018\/04\/IMG_7797.jpg","width":1085,"height":1500},{"@type":"BreadcrumbList","@id":"https:\/\/www.itakaescolapios.org\/pt\/2018\/04\/presentacion-del-documental-un-hogar-fuera-de-casa\/#breadcrumb","itemListElement":[{"@type":"ListItem","position":1,"name":"Itaka-Escolapios","item":"https:\/\/www.itakaescolapios.org\/es\/"},{"@type":"ListItem","position":2,"name":"PRESENTACI\u00d3N DEL DOCUMENTAL \u201cUN HOGAR FUERA DE CASA\u201d"}]},{"@type":"WebSite","@id":"https:\/\/www.itakaescolapios.org\/pt\/es\/#website","url":"https:\/\/www.itakaescolapios.org\/pt\/es\/","name":"Itaka-Escolapios","description":"Red de Itaka-Escolapios","publisher":{"@id":"https:\/\/www.itakaescolapios.org\/pt\/es\/#organization"},"potentialAction":[{"@type":"SearchAction","target":{"@type":"EntryPoint","urlTemplate":"https:\/\/www.itakaescolapios.org\/pt\/es\/?s={search_term_string}"},"query-input":{"@type":"PropertyValueSpecification","valueRequired":true,"valueName":"search_term_string"}}],"inLanguage":"pt-BR"},{"@type":"Organization","@id":"https:\/\/www.itakaescolapios.org\/pt\/es\/#organization","name":"Fundaci\u00f3 Itaka-Escolapios","url":"https:\/\/www.itakaescolapios.org\/pt\/es\/","logo":{"@type":"ImageObject","inLanguage":"pt-BR","@id":"https:\/\/www.itakaescolapios.org\/pt\/es\/#\/schema\/logo\/image\/","url":"https:\/\/www.itakaescolapios.org\/wp-content\/uploads\/2024\/04\/Logo-itakaescolapios-peque.png","contentUrl":"https:\/\/www.itakaescolapios.org\/wp-content\/uploads\/2024\/04\/Logo-itakaescolapios-peque.png","width":500,"height":199,"caption":"Fundaci\u00f3 Itaka-Escolapios"},"image":{"@id":"https:\/\/www.itakaescolapios.org\/pt\/es\/#\/schema\/logo\/image\/"}},{"@type":"Person","@id":"https:\/\/www.itakaescolapios.org\/es\/#\/schema\/person\/aaa10333558991c1d6ad358b7721fe71","name":"administrador","url":"https:\/\/www.itakaescolapios.org\/pt\/author\/administrador\/"}]}},"_links":{"self":[{"href":"https:\/\/www.itakaescolapios.org\/pt\/wp-json\/wp\/v2\/posts\/22720","targetHints":{"allow":["GET"]}}],"collection":[{"href":"https:\/\/www.itakaescolapios.org\/pt\/wp-json\/wp\/v2\/posts"}],"about":[{"href":"https:\/\/www.itakaescolapios.org\/pt\/wp-json\/wp\/v2\/types\/post"}],"author":[{"embeddable":true,"href":"https:\/\/www.itakaescolapios.org\/pt\/wp-json\/wp\/v2\/users\/1"}],"replies":[{"embeddable":true,"href":"https:\/\/www.itakaescolapios.org\/pt\/wp-json\/wp\/v2\/comments?post=22720"}],"version-history":[{"count":3,"href":"https:\/\/www.itakaescolapios.org\/pt\/wp-json\/wp\/v2\/posts\/22720\/revisions"}],"predecessor-version":[{"id":46831,"href":"https:\/\/www.itakaescolapios.org\/pt\/wp-json\/wp\/v2\/posts\/22720\/revisions\/46831"}],"wp:featuredmedia":[{"embeddable":true,"href":"https:\/\/www.itakaescolapios.org\/pt\/wp-json\/wp\/v2\/media\/22724"}],"wp:attachment":[{"href":"https:\/\/www.itakaescolapios.org\/pt\/wp-json\/wp\/v2\/media?parent=22720"}],"wp:term":[{"taxonomy":"category","embeddable":true,"href":"https:\/\/www.itakaescolapios.org\/pt\/wp-json\/wp\/v2\/categories?post=22720"},{"taxonomy":"post_tag","embeddable":true,"href":"https:\/\/www.itakaescolapios.org\/pt\/wp-json\/wp\/v2\/tags?post=22720"}],"curies":[{"name":"wp","href":"https:\/\/api.w.org\/{rel}","templated":true}]}}