{"id":25144,"date":"2018-10-29T10:05:59","date_gmt":"2018-10-29T09:05:59","guid":{"rendered":"https:\/\/www.itakaescolapios.org\/?p=25144"},"modified":"2023-11-28T12:37:10","modified_gmt":"2023-11-28T11:37:10","slug":"jornada-de-trabajo-de-la-red-itaka-escolapios-en-madrid","status":"publish","type":"post","link":"https:\/\/www.itakaescolapios.org\/pt\/2018\/10\/jornada-de-trabajo-de-la-red-itaka-escolapios-en-madrid\/","title":{"rendered":"Jornada de trabajo de la red Itaka-Escolapios en Madrid"},"content":{"rendered":"<p>Este s\u00e1bado 27 de octubre hemos celebrado un encuentro de la red Itaka-Escolapios en Madrid, que ha reunido a cerca de una veintena de personas, procedentes de 9 demarcaciones escolapias diferentes. Ha sido una jornada de trabajo a continuaci\u00f3n del encuentro escolapio de Educaci\u00f3n No Formal de Salamanca (22-26 de octubre), y a la que se han sumado tambi\u00e9n algunos otros responsables de Itaka-Escolapios.<\/p>\n<p>La jornada ha servido para compartir las novedades y momento actual en la red y en cada una de las demarcaciones, as\u00ed como para reflexionar juntos sobre algunos temas relevantes. As\u00ed, por la ma\u00f1ana hubo una presentaci\u00f3n por videoconferencia del P. Javier Aguirregabiria, presidente de Itaka-Escolapios, sobre las posibilidades que ofrece nuestra red en la revitalizaci\u00f3n de las Escuelas P\u00edas. Por la tarde, analizamos los equipos generales de la red, sus l\u00edneas de trabajo actuales y posibles. Tras el trabajo por grupos y una puesta en com\u00fan, la jornada concluy\u00f3 con una buena valoraci\u00f3n de los asistentes. \u00a1Gracias por vuestra participaci\u00f3n y aportaciones!<\/p>\n","protected":false},"excerpt":{"rendered":"<p>Este s\u00e1bado 27 de octubre hemos celebrado un encuentro de la red Itaka-Escolapios en Madrid, que ha reunido a cerca de una veintena de personas, procedentes de 9 demarcaciones escolapias [&hellip;]<\/p>\n","protected":false},"author":46,"featured_media":25146,"comment_status":"closed","ping_status":"closed","sticky":false,"template":"","format":"standard","meta":{"_et_pb_use_builder":"","_et_pb_old_content":"","_et_gb_content_width":"","footnotes":""},"categories":[30],"tags":[],"class_list":["post-25144","post","type-post","status-publish","format-standard","has-post-thumbnail","hentry","category-itaka-escolapios"],"yoast_head":"<!-- This site is optimized with the Yoast SEO plugin v27.4 - https:\/\/yoast.com\/product\/yoast-seo-wordpress\/ -->\n<title>Jornada de trabajo de la red Itaka-Escolapios en Madrid<\/title>\n<meta name=\"description\" content=\"Este s\u00e1bado 27 de octubre hemos celebrado un encuentro de la red Itaka-Escolapios en Madrid, que ha reunido a cerca de una veintena de personas, procedentes de 9 demarcaciones escolapias diferentes. Ha sido una jornada de trabajo a continuaci\u00f3n del encuentro escolapio de Educaci\u00f3n No Formal de Salamanca (22-26 de octubre), y a la que&hellip;\" \/>\n<meta name=\"robots\" content=\"index, follow, max-snippet:-1, max-image-preview:large, max-video-preview:-1\" \/>\n<link rel=\"canonical\" href=\"http:\/\/Este%20s\u00e1bado%2027%20de%20octubre%20hemos%20celebrado%20un%20encuentro%20de%20la%20red%20Itaka-Escolapios%20en%20Madrid,%20que%20ha%20reunido%20a%20cerca%20de%20una%20veintena%20de%20personas,%20procedentes%20de%209%20demarcaciones%20escolapias%20diferentes.%20Ha%20sido%20una%20jornada%20de%20trabajo%20a%20continuaci\u00f3n%20del%20encuentro%20escolapio%20de%20Educaci\u00f3n%20No%20Formal%20de%20Salamanca%20(22-26%20de%20octubre),%20y%20a%20la%20que&hellip;\" \/>\n<meta property=\"og:locale\" content=\"pt_BR\" \/>\n<meta property=\"og:type\" content=\"article\" \/>\n<meta property=\"og:title\" content=\"Jornada de trabajo de la red Itaka-Escolapios en Madrid\" \/>\n<meta property=\"og:description\" content=\"Este s\u00e1bado 27 de octubre hemos celebrado un encuentro de la red Itaka-Escolapios en Madrid, que ha reunido a cerca de una veintena de personas, procedentes de 9 demarcaciones escolapias diferentes. Ha sido una jornada de trabajo a continuaci\u00f3n del encuentro escolapio de Educaci\u00f3n No Formal de Salamanca (22-26 de octubre), y a la que&hellip;\" \/>\n<meta property=\"og:url\" content=\"https:\/\/www.itakaescolapios.org\/pt\/2018\/10\/jornada-de-trabajo-de-la-red-itaka-escolapios-en-madrid\/\" \/>\n<meta property=\"og:site_name\" content=\"Itaka-Escolapios\" \/>\n<meta property=\"article:published_time\" content=\"2018-10-29T09:05:59+00:00\" \/>\n<meta property=\"article:modified_time\" content=\"2023-11-28T11:37:10+00:00\" \/>\n<meta property=\"og:image\" content=\"https:\/\/www.itakaescolapios.org\/wp-content\/uploads\/2018\/10\/181027-Madrid1.jpg\" \/>\n\t<meta property=\"og:image:width\" content=\"2000\" \/>\n\t<meta property=\"og:image:height\" content=\"1127\" \/>\n\t<meta property=\"og:image:type\" content=\"image\/jpeg\" \/>\n<meta name=\"author\" content=\"itakaescolapios\" \/>\n<meta name=\"twitter:card\" content=\"summary_large_image\" \/>\n<meta name=\"twitter:label1\" content=\"Escrito por\" \/>\n\t<meta name=\"twitter:data1\" content=\"itakaescolapios\" \/>\n\t<meta name=\"twitter:label2\" content=\"Est. tempo de leitura\" \/>\n\t<meta name=\"twitter:data2\" content=\"1 minuto\" \/>\n<script type=\"application\/ld+json\" class=\"yoast-schema-graph\">{\"@context\":\"https:\\\/\\\/schema.org\",\"@graph\":[{\"@type\":\"Article\",\"@id\":\"https:\\\/\\\/www.itakaescolapios.org\\\/pt\\\/2018\\\/10\\\/jornada-de-trabajo-de-la-red-itaka-escolapios-en-madrid\\\/#article\",\"isPartOf\":{\"@id\":\"https:\\\/\\\/www.itakaescolapios.org\\\/pt\\\/2018\\\/10\\\/jornada-de-trabajo-de-la-red-itaka-escolapios-en-madrid\\\/\"},\"author\":{\"name\":\"itakaescolapios\",\"@id\":\"https:\\\/\\\/www.itakaescolapios.org\\\/es\\\/#\\\/schema\\\/person\\\/768ce0f19db5c2c2b6361e77e15db2db\"},\"headline\":\"Jornada de trabajo de la red Itaka-Escolapios en Madrid\",\"datePublished\":\"2018-10-29T09:05:59+00:00\",\"dateModified\":\"2023-11-28T11:37:10+00:00\",\"mainEntityOfPage\":{\"@id\":\"https:\\\/\\\/www.itakaescolapios.org\\\/pt\\\/2018\\\/10\\\/jornada-de-trabajo-de-la-red-itaka-escolapios-en-madrid\\\/\"},\"wordCount\":186,\"publisher\":{\"@id\":\"https:\\\/\\\/www.itakaescolapios.org\\\/es\\\/#organization\"},\"image\":{\"@id\":\"https:\\\/\\\/www.itakaescolapios.org\\\/pt\\\/2018\\\/10\\\/jornada-de-trabajo-de-la-red-itaka-escolapios-en-madrid\\\/#primaryimage\"},\"thumbnailUrl\":\"https:\\\/\\\/www.itakaescolapios.org\\\/wp-content\\\/uploads\\\/2018\\\/10\\\/181027-Madrid1.jpg\",\"articleSection\":[\"Itaka Escolapios\"],\"inLanguage\":\"pt-BR\"},{\"@type\":\"WebPage\",\"@id\":\"https:\\\/\\\/www.itakaescolapios.org\\\/pt\\\/2018\\\/10\\\/jornada-de-trabajo-de-la-red-itaka-escolapios-en-madrid\\\/\",\"url\":\"https:\\\/\\\/www.itakaescolapios.org\\\/pt\\\/2018\\\/10\\\/jornada-de-trabajo-de-la-red-itaka-escolapios-en-madrid\\\/\",\"name\":\"Jornada de trabajo de la red Itaka-Escolapios en Madrid - Itaka-Escolapios\",\"isPartOf\":{\"@id\":\"https:\\\/\\\/www.itakaescolapios.org\\\/es\\\/#website\"},\"primaryImageOfPage\":{\"@id\":\"https:\\\/\\\/www.itakaescolapios.org\\\/pt\\\/2018\\\/10\\\/jornada-de-trabajo-de-la-red-itaka-escolapios-en-madrid\\\/#primaryimage\"},\"image\":{\"@id\":\"https:\\\/\\\/www.itakaescolapios.org\\\/pt\\\/2018\\\/10\\\/jornada-de-trabajo-de-la-red-itaka-escolapios-en-madrid\\\/#primaryimage\"},\"thumbnailUrl\":\"https:\\\/\\\/www.itakaescolapios.org\\\/wp-content\\\/uploads\\\/2018\\\/10\\\/181027-Madrid1.jpg\",\"datePublished\":\"2018-10-29T09:05:59+00:00\",\"dateModified\":\"2023-11-28T11:37:10+00:00\",\"breadcrumb\":{\"@id\":\"https:\\\/\\\/www.itakaescolapios.org\\\/pt\\\/2018\\\/10\\\/jornada-de-trabajo-de-la-red-itaka-escolapios-en-madrid\\\/#breadcrumb\"},\"inLanguage\":\"pt-BR\",\"potentialAction\":[{\"@type\":\"ReadAction\",\"target\":[\"https:\\\/\\\/www.itakaescolapios.org\\\/pt\\\/2018\\\/10\\\/jornada-de-trabajo-de-la-red-itaka-escolapios-en-madrid\\\/\"]}]},{\"@type\":\"ImageObject\",\"inLanguage\":\"pt-BR\",\"@id\":\"https:\\\/\\\/www.itakaescolapios.org\\\/pt\\\/2018\\\/10\\\/jornada-de-trabajo-de-la-red-itaka-escolapios-en-madrid\\\/#primaryimage\",\"url\":\"https:\\\/\\\/www.itakaescolapios.org\\\/wp-content\\\/uploads\\\/2018\\\/10\\\/181027-Madrid1.jpg\",\"contentUrl\":\"https:\\\/\\\/www.itakaescolapios.org\\\/wp-content\\\/uploads\\\/2018\\\/10\\\/181027-Madrid1.jpg\",\"width\":2000,\"height\":1127},{\"@type\":\"BreadcrumbList\",\"@id\":\"https:\\\/\\\/www.itakaescolapios.org\\\/pt\\\/2018\\\/10\\\/jornada-de-trabajo-de-la-red-itaka-escolapios-en-madrid\\\/#breadcrumb\",\"itemListElement\":[{\"@type\":\"ListItem\",\"position\":1,\"name\":\"Itaka-Escolapios\",\"item\":\"https:\\\/\\\/www.itakaescolapios.org\\\/es\\\/\"},{\"@type\":\"ListItem\",\"position\":2,\"name\":\"Jornada de trabajo de la red Itaka-Escolapios en Madrid\"}]},{\"@type\":\"WebSite\",\"@id\":\"https:\\\/\\\/www.itakaescolapios.org\\\/pt\\\/es\\\/#website\",\"url\":\"https:\\\/\\\/www.itakaescolapios.org\\\/pt\\\/es\\\/\",\"name\":\"Itaka-Escolapios\",\"description\":\"Red de Itaka-Escolapios\",\"publisher\":{\"@id\":\"https:\\\/\\\/www.itakaescolapios.org\\\/pt\\\/es\\\/#organization\"},\"potentialAction\":[{\"@type\":\"SearchAction\",\"target\":{\"@type\":\"EntryPoint\",\"urlTemplate\":\"https:\\\/\\\/www.itakaescolapios.org\\\/pt\\\/es\\\/?s={search_term_string}\"},\"query-input\":{\"@type\":\"PropertyValueSpecification\",\"valueRequired\":true,\"valueName\":\"search_term_string\"}}],\"inLanguage\":\"pt-BR\"},{\"@type\":\"Organization\",\"@id\":\"https:\\\/\\\/www.itakaescolapios.org\\\/pt\\\/es\\\/#organization\",\"name\":\"Fundaci\u00f3 Itaka-Escolapios\",\"url\":\"https:\\\/\\\/www.itakaescolapios.org\\\/pt\\\/es\\\/\",\"logo\":{\"@type\":\"ImageObject\",\"inLanguage\":\"pt-BR\",\"@id\":\"https:\\\/\\\/www.itakaescolapios.org\\\/pt\\\/es\\\/#\\\/schema\\\/logo\\\/image\\\/\",\"url\":\"https:\\\/\\\/www.itakaescolapios.org\\\/wp-content\\\/uploads\\\/2024\\\/04\\\/Logo-itakaescolapios-peque.png\",\"contentUrl\":\"https:\\\/\\\/www.itakaescolapios.org\\\/wp-content\\\/uploads\\\/2024\\\/04\\\/Logo-itakaescolapios-peque.png\",\"width\":500,\"height\":199,\"caption\":\"Fundaci\u00f3 Itaka-Escolapios\"},\"image\":{\"@id\":\"https:\\\/\\\/www.itakaescolapios.org\\\/pt\\\/es\\\/#\\\/schema\\\/logo\\\/image\\\/\"}},{\"@type\":\"Person\",\"@id\":\"https:\\\/\\\/www.itakaescolapios.org\\\/es\\\/#\\\/schema\\\/person\\\/768ce0f19db5c2c2b6361e77e15db2db\",\"name\":\"itakaescolapios\",\"url\":\"https:\\\/\\\/www.itakaescolapios.org\\\/pt\\\/author\\\/itakaescolapios\\\/\"}]}<\/script>\n<!-- \/ Yoast SEO plugin. -->","yoast_head_json":{"title":"Jornada de trabajo de la red Itaka-Escolapios en Madrid","description":"Este s\u00e1bado 27 de octubre hemos celebrado un encuentro de la red Itaka-Escolapios en Madrid, que ha reunido a cerca de una veintena de personas, procedentes de 9 demarcaciones escolapias diferentes. Ha sido una jornada de trabajo a continuaci\u00f3n del encuentro escolapio de Educaci\u00f3n No Formal de Salamanca (22-26 de octubre), y a la que&hellip;","robots":{"index":"index","follow":"follow","max-snippet":"max-snippet:-1","max-image-preview":"max-image-preview:large","max-video-preview":"max-video-preview:-1"},"canonical":"Este s\u00e1bado 27 de octubre hemos celebrado un encuentro de la red Itaka-Escolapios en Madrid, que ha reunido a cerca de una veintena de personas, procedentes de 9 demarcaciones escolapias diferentes. Ha sido una jornada de trabajo a continuaci\u00f3n del encuentro escolapio de Educaci\u00f3n No Formal de Salamanca (22-26 de octubre), y a la que&hellip;","og_locale":"pt_BR","og_type":"article","og_title":"Jornada de trabajo de la red Itaka-Escolapios en Madrid","og_description":"Este s\u00e1bado 27 de octubre hemos celebrado un encuentro de la red Itaka-Escolapios en Madrid, que ha reunido a cerca de una veintena de personas, procedentes de 9 demarcaciones escolapias diferentes. Ha sido una jornada de trabajo a continuaci\u00f3n del encuentro escolapio de Educaci\u00f3n No Formal de Salamanca (22-26 de octubre), y a la que&hellip;","og_url":"https:\/\/www.itakaescolapios.org\/pt\/2018\/10\/jornada-de-trabajo-de-la-red-itaka-escolapios-en-madrid\/","og_site_name":"Itaka-Escolapios","article_published_time":"2018-10-29T09:05:59+00:00","article_modified_time":"2023-11-28T11:37:10+00:00","og_image":[{"width":2000,"height":1127,"url":"https:\/\/www.itakaescolapios.org\/wp-content\/uploads\/2018\/10\/181027-Madrid1.jpg","type":"image\/jpeg"}],"author":"itakaescolapios","twitter_card":"summary_large_image","twitter_misc":{"Escrito por":"itakaescolapios","Est. tempo de leitura":"1 minuto"},"schema":{"@context":"https:\/\/schema.org","@graph":[{"@type":"Article","@id":"https:\/\/www.itakaescolapios.org\/pt\/2018\/10\/jornada-de-trabajo-de-la-red-itaka-escolapios-en-madrid\/#article","isPartOf":{"@id":"https:\/\/www.itakaescolapios.org\/pt\/2018\/10\/jornada-de-trabajo-de-la-red-itaka-escolapios-en-madrid\/"},"author":{"name":"itakaescolapios","@id":"https:\/\/www.itakaescolapios.org\/es\/#\/schema\/person\/768ce0f19db5c2c2b6361e77e15db2db"},"headline":"Jornada de trabajo de la red Itaka-Escolapios en Madrid","datePublished":"2018-10-29T09:05:59+00:00","dateModified":"2023-11-28T11:37:10+00:00","mainEntityOfPage":{"@id":"https:\/\/www.itakaescolapios.org\/pt\/2018\/10\/jornada-de-trabajo-de-la-red-itaka-escolapios-en-madrid\/"},"wordCount":186,"publisher":{"@id":"https:\/\/www.itakaescolapios.org\/es\/#organization"},"image":{"@id":"https:\/\/www.itakaescolapios.org\/pt\/2018\/10\/jornada-de-trabajo-de-la-red-itaka-escolapios-en-madrid\/#primaryimage"},"thumbnailUrl":"https:\/\/www.itakaescolapios.org\/wp-content\/uploads\/2018\/10\/181027-Madrid1.jpg","articleSection":["Itaka Escolapios"],"inLanguage":"pt-BR"},{"@type":"WebPage","@id":"https:\/\/www.itakaescolapios.org\/pt\/2018\/10\/jornada-de-trabajo-de-la-red-itaka-escolapios-en-madrid\/","url":"https:\/\/www.itakaescolapios.org\/pt\/2018\/10\/jornada-de-trabajo-de-la-red-itaka-escolapios-en-madrid\/","name":"Jornada de trabajo de la red Itaka-Escolapios en Madrid - Itaka-Escolapios","isPartOf":{"@id":"https:\/\/www.itakaescolapios.org\/es\/#website"},"primaryImageOfPage":{"@id":"https:\/\/www.itakaescolapios.org\/pt\/2018\/10\/jornada-de-trabajo-de-la-red-itaka-escolapios-en-madrid\/#primaryimage"},"image":{"@id":"https:\/\/www.itakaescolapios.org\/pt\/2018\/10\/jornada-de-trabajo-de-la-red-itaka-escolapios-en-madrid\/#primaryimage"},"thumbnailUrl":"https:\/\/www.itakaescolapios.org\/wp-content\/uploads\/2018\/10\/181027-Madrid1.jpg","datePublished":"2018-10-29T09:05:59+00:00","dateModified":"2023-11-28T11:37:10+00:00","breadcrumb":{"@id":"https:\/\/www.itakaescolapios.org\/pt\/2018\/10\/jornada-de-trabajo-de-la-red-itaka-escolapios-en-madrid\/#breadcrumb"},"inLanguage":"pt-BR","potentialAction":[{"@type":"ReadAction","target":["https:\/\/www.itakaescolapios.org\/pt\/2018\/10\/jornada-de-trabajo-de-la-red-itaka-escolapios-en-madrid\/"]}]},{"@type":"ImageObject","inLanguage":"pt-BR","@id":"https:\/\/www.itakaescolapios.org\/pt\/2018\/10\/jornada-de-trabajo-de-la-red-itaka-escolapios-en-madrid\/#primaryimage","url":"https:\/\/www.itakaescolapios.org\/wp-content\/uploads\/2018\/10\/181027-Madrid1.jpg","contentUrl":"https:\/\/www.itakaescolapios.org\/wp-content\/uploads\/2018\/10\/181027-Madrid1.jpg","width":2000,"height":1127},{"@type":"BreadcrumbList","@id":"https:\/\/www.itakaescolapios.org\/pt\/2018\/10\/jornada-de-trabajo-de-la-red-itaka-escolapios-en-madrid\/#breadcrumb","itemListElement":[{"@type":"ListItem","position":1,"name":"Itaka-Escolapios","item":"https:\/\/www.itakaescolapios.org\/es\/"},{"@type":"ListItem","position":2,"name":"Jornada de trabajo de la red Itaka-Escolapios en Madrid"}]},{"@type":"WebSite","@id":"https:\/\/www.itakaescolapios.org\/pt\/es\/#website","url":"https:\/\/www.itakaescolapios.org\/pt\/es\/","name":"Itaka-Escolapios","description":"Red de Itaka-Escolapios","publisher":{"@id":"https:\/\/www.itakaescolapios.org\/pt\/es\/#organization"},"potentialAction":[{"@type":"SearchAction","target":{"@type":"EntryPoint","urlTemplate":"https:\/\/www.itakaescolapios.org\/pt\/es\/?s={search_term_string}"},"query-input":{"@type":"PropertyValueSpecification","valueRequired":true,"valueName":"search_term_string"}}],"inLanguage":"pt-BR"},{"@type":"Organization","@id":"https:\/\/www.itakaescolapios.org\/pt\/es\/#organization","name":"Fundaci\u00f3 Itaka-Escolapios","url":"https:\/\/www.itakaescolapios.org\/pt\/es\/","logo":{"@type":"ImageObject","inLanguage":"pt-BR","@id":"https:\/\/www.itakaescolapios.org\/pt\/es\/#\/schema\/logo\/image\/","url":"https:\/\/www.itakaescolapios.org\/wp-content\/uploads\/2024\/04\/Logo-itakaescolapios-peque.png","contentUrl":"https:\/\/www.itakaescolapios.org\/wp-content\/uploads\/2024\/04\/Logo-itakaescolapios-peque.png","width":500,"height":199,"caption":"Fundaci\u00f3 Itaka-Escolapios"},"image":{"@id":"https:\/\/www.itakaescolapios.org\/pt\/es\/#\/schema\/logo\/image\/"}},{"@type":"Person","@id":"https:\/\/www.itakaescolapios.org\/es\/#\/schema\/person\/768ce0f19db5c2c2b6361e77e15db2db","name":"itakaescolapios","url":"https:\/\/www.itakaescolapios.org\/pt\/author\/itakaescolapios\/"}]}},"_links":{"self":[{"href":"https:\/\/www.itakaescolapios.org\/pt\/wp-json\/wp\/v2\/posts\/25144","targetHints":{"allow":["GET"]}}],"collection":[{"href":"https:\/\/www.itakaescolapios.org\/pt\/wp-json\/wp\/v2\/posts"}],"about":[{"href":"https:\/\/www.itakaescolapios.org\/pt\/wp-json\/wp\/v2\/types\/post"}],"author":[{"embeddable":true,"href":"https:\/\/www.itakaescolapios.org\/pt\/wp-json\/wp\/v2\/users\/46"}],"replies":[{"embeddable":true,"href":"https:\/\/www.itakaescolapios.org\/pt\/wp-json\/wp\/v2\/comments?post=25144"}],"version-history":[{"count":7,"href":"https:\/\/www.itakaescolapios.org\/pt\/wp-json\/wp\/v2\/posts\/25144\/revisions"}],"predecessor-version":[{"id":46202,"href":"https:\/\/www.itakaescolapios.org\/pt\/wp-json\/wp\/v2\/posts\/25144\/revisions\/46202"}],"wp:featuredmedia":[{"embeddable":true,"href":"https:\/\/www.itakaescolapios.org\/pt\/wp-json\/wp\/v2\/media\/25146"}],"wp:attachment":[{"href":"https:\/\/www.itakaescolapios.org\/pt\/wp-json\/wp\/v2\/media?parent=25144"}],"wp:term":[{"taxonomy":"category","embeddable":true,"href":"https:\/\/www.itakaescolapios.org\/pt\/wp-json\/wp\/v2\/categories?post=25144"},{"taxonomy":"post_tag","embeddable":true,"href":"https:\/\/www.itakaescolapios.org\/pt\/wp-json\/wp\/v2\/tags?post=25144"}],"curies":[{"name":"wp","href":"https:\/\/api.w.org\/{rel}","templated":true}]}}