{"id":25904,"date":"2018-11-28T12:57:45","date_gmt":"2018-11-28T11:57:45","guid":{"rendered":"https:\/\/www.itakaescolapios.org\/?p=25904"},"modified":"2023-11-28T12:37:06","modified_gmt":"2023-11-28T11:37:06","slug":"seguimos-las-formaciones-de-voluntariado-en-valencia","status":"publish","type":"post","link":"https:\/\/www.itakaescolapios.org\/pt\/2018\/11\/seguimos-las-formaciones-de-voluntariado-en-valencia\/","title":{"rendered":"SEGUIMOS LAS FORMACIONES DE VOLUNTARIADO EN VALENCIA"},"content":{"rendered":"<p style=\"text-align: justify\">El pasado viernes 9 de noviembre todos los voluntarios y voluntarias de Itaka-Escolapios en Valencia tuvo su primer encuentro formativo del curso 2018-2019.<\/p>\n<p style=\"text-align: justify\">Los encuentros de formaci\u00f3n suponen una oportunidad para profundizar en la acci\u00f3n directa dentro del voluntariado y c\u00f3mo mejorarla. El encuentro del viernes 9 de noviembre se centr\u00f3 en la arteterapia, gracias a los formadores Pepe y Marieta, una pedagog\u00eda que a\u00fan se est\u00e1 desarrollando en Espa\u00f1a y que consiste en la utilizaci\u00f3n del arte como v\u00eda terap\u00e9utica para la expresi\u00f3n y desarrollo de la personalidad. La formaci\u00f3n se dividi\u00f3 en dos partes. En un primer momento, Pepe hizo una explicaci\u00f3n de las bases te\u00f3ricas de esta escuela, prestando especial atenci\u00f3n a la psicolog\u00eda evolutiva y la percepci\u00f3n. Result\u00f3 interesante la oportunidad de consultar dudas concretas y entender un poco m\u00e1s sobre la compleja evoluci\u00f3n psicol\u00f3gica de la personalidad.<\/p>\n<p style=\"text-align: justify\">Tras este primer momento, hubo una pausa para merendar. Al ser una formaci\u00f3n para todos los proyectos y equipos, la merienda fue un espacio de reencuentro y convivencia, donde los voluntarios pudieron compartir sus impresiones sobre el avance del curso.<\/p>\n<p style=\"text-align: justify\">Despu\u00e9s del descanso, Marieta dirigi\u00f3 una actividad pr\u00e1ctica donde aterrizar lo que se hab\u00eda explicado. En torno al an\u00e1lisis de su propio dibujo, los voluntarios y voluntarias\u00a0 pudieron hacer una aproximaci\u00f3n a los rasgos de su personalidad. Para finalizar, Marieta propuso distintos m\u00e9todos para utilizar la arteterapia de manera pr\u00e1ctica.<\/p>\n\n\t\t<style type=\"text\/css\">\n\t\t\t#gallery-1 {\n\t\t\t\tmargin: auto;\n\t\t\t}\n\t\t\t#gallery-1 .gallery-item {\n\t\t\t\tfloat: left;\n\t\t\t\tmargin-top: 10px;\n\t\t\t\ttext-align: center;\n\t\t\t\twidth: 20%;\n\t\t\t}\n\t\t\t#gallery-1 img {\n\t\t\t\tborder: 2px solid #cfcfcf;\n\t\t\t}\n\t\t\t#gallery-1 .gallery-caption {\n\t\t\t\tmargin-left: 0;\n\t\t\t}\n\t\t\t\/* see gallery_shortcode() in wp-includes\/media.php *\/\n\t\t<\/style>\n\t\t<div id='gallery-1' class='gallery galleryid-25904 gallery-columns-5 gallery-size-thumbnail'><dl class='gallery-item'>\n\t\t\t<dt class='gallery-icon landscape'>\n\t\t\t\t<img decoding=\"async\" width=\"90\" height=\"90\" src=\"https:\/\/www.itakaescolapios.org\/wp-content\/uploads\/2018\/11\/WhatsApp-Image-2018-11-28-at-12.43.36-90x90.jpeg\" class=\"attachment-thumbnail size-thumbnail\" alt=\"\" \/>\n\t\t\t<\/dt><\/dl><dl class='gallery-item'>\n\t\t\t<dt class='gallery-icon landscape'>\n\t\t\t\t<img decoding=\"async\" width=\"90\" height=\"90\" src=\"https:\/\/www.itakaescolapios.org\/wp-content\/uploads\/2018\/11\/WhatsApp-Image-2018-11-28-at-12.43.35-1-90x90.jpeg\" class=\"attachment-thumbnail size-thumbnail\" alt=\"\" \/>\n\t\t\t<\/dt><\/dl><dl class='gallery-item'>\n\t\t\t<dt class='gallery-icon landscape'>\n\t\t\t\t<img decoding=\"async\" width=\"90\" height=\"90\" src=\"https:\/\/www.itakaescolapios.org\/wp-content\/uploads\/2018\/11\/WhatsApp-Image-2018-11-28-at-12.43.36-1-90x90.jpeg\" class=\"attachment-thumbnail size-thumbnail\" alt=\"\" \/>\n\t\t\t<\/dt><\/dl><dl class='gallery-item'>\n\t\t\t<dt class='gallery-icon landscape'>\n\t\t\t\t<img decoding=\"async\" width=\"90\" height=\"90\" src=\"https:\/\/www.itakaescolapios.org\/wp-content\/uploads\/2018\/11\/WhatsApp-Image-2018-11-28-at-12.43.36-2-90x90.jpeg\" class=\"attachment-thumbnail size-thumbnail\" alt=\"\" \/>\n\t\t\t<\/dt><\/dl><dl class='gallery-item'>\n\t\t\t<dt class='gallery-icon landscape'>\n\t\t\t\t<img decoding=\"async\" width=\"90\" height=\"90\" src=\"https:\/\/www.itakaescolapios.org\/wp-content\/uploads\/2018\/11\/WhatsApp-Image-2018-11-28-at-12.43.36-4-90x90.jpeg\" class=\"attachment-thumbnail size-thumbnail\" alt=\"\" \/>\n\t\t\t<\/dt><\/dl><br style=\"clear: both\" \/><dl class='gallery-item'>\n\t\t\t<dt class='gallery-icon landscape'>\n\t\t\t\t<img decoding=\"async\" width=\"90\" height=\"90\" src=\"https:\/\/www.itakaescolapios.org\/wp-content\/uploads\/2018\/11\/WhatsApp-Image-2018-11-28-at-12.43.37-1-90x90.jpeg\" class=\"attachment-thumbnail size-thumbnail\" alt=\"\" \/>\n\t\t\t<\/dt><\/dl><dl class='gallery-item'>\n\t\t\t<dt class='gallery-icon landscape'>\n\t\t\t\t<img decoding=\"async\" width=\"90\" height=\"90\" src=\"https:\/\/www.itakaescolapios.org\/wp-content\/uploads\/2018\/11\/WhatsApp-Image-2018-11-28-at-12.43.37-3-90x90.jpeg\" class=\"attachment-thumbnail size-thumbnail\" alt=\"\" \/>\n\t\t\t<\/dt><\/dl><dl class='gallery-item'>\n\t\t\t<dt class='gallery-icon landscape'>\n\t\t\t\t<img decoding=\"async\" width=\"90\" height=\"90\" src=\"https:\/\/www.itakaescolapios.org\/wp-content\/uploads\/2018\/11\/WhatsApp-Image-2018-11-28-at-12.43.37-4-90x90.jpeg\" class=\"attachment-thumbnail size-thumbnail\" alt=\"\" \/>\n\t\t\t<\/dt><\/dl><dl class='gallery-item'>\n\t\t\t<dt class='gallery-icon landscape'>\n\t\t\t\t<img decoding=\"async\" width=\"90\" height=\"90\" src=\"https:\/\/www.itakaescolapios.org\/wp-content\/uploads\/2018\/11\/WhatsApp-Image-2018-11-28-at-12.43.38-1-90x90.jpeg\" class=\"attachment-thumbnail size-thumbnail\" alt=\"\" \/>\n\t\t\t<\/dt><\/dl><dl class='gallery-item'>\n\t\t\t<dt class='gallery-icon landscape'>\n\t\t\t\t<img decoding=\"async\" width=\"90\" height=\"90\" src=\"https:\/\/www.itakaescolapios.org\/wp-content\/uploads\/2018\/11\/WhatsApp-Image-2018-11-28-at-12.43.38-6-90x90.jpeg\" class=\"attachment-thumbnail size-thumbnail\" alt=\"\" \/>\n\t\t\t<\/dt><\/dl><br style=\"clear: both\" \/><dl class='gallery-item'>\n\t\t\t<dt class='gallery-icon landscape'>\n\t\t\t\t<img decoding=\"async\" width=\"90\" height=\"90\" src=\"https:\/\/www.itakaescolapios.org\/wp-content\/uploads\/2018\/11\/WhatsApp-Image-2018-11-28-at-12.43.38-90x90.jpeg\" class=\"attachment-thumbnail size-thumbnail\" alt=\"\" \/>\n\t\t\t<\/dt><\/dl><dl class='gallery-item'>\n\t\t\t<dt class='gallery-icon landscape'>\n\t\t\t\t<img decoding=\"async\" width=\"90\" height=\"90\" src=\"https:\/\/www.itakaescolapios.org\/wp-content\/uploads\/2018\/11\/WhatsApp-Image-2018-11-28-at-12.43.39-3-90x90.jpeg\" class=\"attachment-thumbnail size-thumbnail\" alt=\"\" \/>\n\t\t\t<\/dt><\/dl><dl class='gallery-item'>\n\t\t\t<dt class='gallery-icon portrait'>\n\t\t\t\t<img decoding=\"async\" width=\"90\" height=\"90\" src=\"https:\/\/www.itakaescolapios.org\/wp-content\/uploads\/2018\/11\/WhatsApp-Image-2018-11-28-at-12.43.39-4-90x90.jpeg\" class=\"attachment-thumbnail size-thumbnail\" alt=\"\" \/>\n\t\t\t<\/dt><\/dl><dl class='gallery-item'>\n\t\t\t<dt class='gallery-icon portrait'>\n\t\t\t\t<img decoding=\"async\" width=\"90\" height=\"90\" src=\"https:\/\/www.itakaescolapios.org\/wp-content\/uploads\/2018\/11\/WhatsApp-Image-2018-11-28-at-12.43.39-5-90x90.jpeg\" class=\"attachment-thumbnail size-thumbnail\" alt=\"\" \/>\n\t\t\t<\/dt><\/dl><dl class='gallery-item'>\n\t\t\t<dt class='gallery-icon landscape'>\n\t\t\t\t<img decoding=\"async\" width=\"90\" height=\"90\" src=\"https:\/\/www.itakaescolapios.org\/wp-content\/uploads\/2018\/11\/WhatsApp-Image-2018-11-28-at-12.43.39-6-90x90.jpeg\" class=\"attachment-thumbnail size-thumbnail\" alt=\"\" \/>\n\t\t\t<\/dt><\/dl><br style=\"clear: both\" \/><dl class='gallery-item'>\n\t\t\t<dt class='gallery-icon landscape'>\n\t\t\t\t<img decoding=\"async\" width=\"90\" height=\"90\" src=\"https:\/\/www.itakaescolapios.org\/wp-content\/uploads\/2018\/11\/WhatsApp-Image-2018-11-28-at-12.43.39-7-90x90.jpeg\" class=\"attachment-thumbnail size-thumbnail\" alt=\"\" \/>\n\t\t\t<\/dt><\/dl><dl class='gallery-item'>\n\t\t\t<dt class='gallery-icon landscape'>\n\t\t\t\t<img decoding=\"async\" width=\"90\" height=\"90\" src=\"https:\/\/www.itakaescolapios.org\/wp-content\/uploads\/2018\/11\/WhatsApp-Image-2018-11-28-at-12.43.39-90x90.jpeg\" class=\"attachment-thumbnail size-thumbnail\" alt=\"\" \/>\n\t\t\t<\/dt><\/dl>\n\t\t\t<br style='clear: both' \/>\n\t\t<\/div>\n\n","protected":false},"excerpt":{"rendered":"<p>El pasado viernes 9 de noviembre todos los voluntarios y voluntarias de Itaka-Escolapios en Valencia tuvo su primer encuentro formativo del curso 2018-2019. Los encuentros de formaci\u00f3n suponen una oportunidad [&hellip;]<\/p>\n","protected":false},"author":39,"featured_media":25905,"comment_status":"closed","ping_status":"closed","sticky":false,"template":"","format":"standard","meta":{"_et_pb_use_builder":"","_et_pb_old_content":"","_et_gb_content_width":"","footnotes":""},"categories":[12],"tags":[358,161,359,72,318,350,272,157],"class_list":["post-25904","post","type-post","status-publish","format-standard","has-post-thumbnail","hentry","category-valencia","tag-arteterapia","tag-encuentro-formativo","tag-equipos","tag-formacion","tag-proyecto-amaltea","tag-proyecto-llum","tag-proyectos","tag-reflexion"],"yoast_head":"<!-- This site is optimized with the Yoast SEO plugin v27.4 - https:\/\/yoast.com\/product\/yoast-seo-wordpress\/ -->\n<title>SEGUIMOS LAS FORMACIONES DE VOLUNTARIADO EN VALENCIA<\/title>\n<meta name=\"description\" content=\"El pasado viernes 9 de noviembre todos los voluntarios y voluntarias de Itaka-Escolapios en Valencia tuvo su primer encuentro formativo del curso 2018-2019. Los encuentros de formaci\u00f3n suponen una oportunidad para profundizar en la acci\u00f3n directa dentro del voluntariado y c\u00f3mo mejorarla. El encuentro del viernes 9 de noviembre se centr\u00f3 en la arteterapia, gracias&hellip;\" \/>\n<meta name=\"robots\" content=\"index, follow, max-snippet:-1, max-image-preview:large, max-video-preview:-1\" \/>\n<link rel=\"canonical\" href=\"http:\/\/El%20pasado%20viernes%209%20de%20noviembre%20todos%20los%20voluntarios%20y%20voluntarias%20de%20Itaka-Escolapios%20en%20Valencia%20tuvo%20su%20primer%20encuentro%20formativo%20del%20curso%202018-2019.%20Los%20encuentros%20de%20formaci\u00f3n%20suponen%20una%20oportunidad%20para%20profundizar%20en%20la%20acci\u00f3n%20directa%20dentro%20del%20voluntariado%20y%20c\u00f3mo%20mejorarla.%20El%20encuentro%20del%20viernes%209%20de%20noviembre%20se%20centr\u00f3%20en%20la%20arteterapia,%20gracias&hellip;\" \/>\n<meta property=\"og:locale\" content=\"pt_BR\" \/>\n<meta property=\"og:type\" content=\"article\" \/>\n<meta property=\"og:title\" content=\"SEGUIMOS LAS FORMACIONES DE VOLUNTARIADO EN VALENCIA\" \/>\n<meta property=\"og:description\" content=\"El pasado viernes 9 de noviembre todos los voluntarios y voluntarias de Itaka-Escolapios en Valencia tuvo su primer encuentro formativo del curso 2018-2019. Los encuentros de formaci\u00f3n suponen una oportunidad para profundizar en la acci\u00f3n directa dentro del voluntariado y c\u00f3mo mejorarla. El encuentro del viernes 9 de noviembre se centr\u00f3 en la arteterapia, gracias&hellip;\" \/>\n<meta property=\"og:url\" content=\"https:\/\/www.itakaescolapios.org\/pt\/2018\/11\/seguimos-las-formaciones-de-voluntariado-en-valencia\/\" \/>\n<meta property=\"og:site_name\" content=\"Itaka-Escolapios\" \/>\n<meta property=\"article:published_time\" content=\"2018-11-28T11:57:45+00:00\" \/>\n<meta property=\"article:modified_time\" content=\"2023-11-28T11:37:06+00:00\" \/>\n<meta property=\"og:image\" content=\"https:\/\/www.itakaescolapios.org\/wp-content\/uploads\/2018\/11\/WhatsApp-Image-2018-11-28-at-12.43.39-1.jpeg\" \/>\n\t<meta property=\"og:image:width\" content=\"1600\" \/>\n\t<meta property=\"og:image:height\" content=\"1200\" \/>\n\t<meta property=\"og:image:type\" content=\"image\/jpeg\" \/>\n<meta name=\"author\" content=\"valencia01\" \/>\n<meta name=\"twitter:card\" content=\"summary_large_image\" \/>\n<meta name=\"twitter:label1\" content=\"Escrito por\" \/>\n\t<meta name=\"twitter:data1\" content=\"valencia01\" \/>\n\t<meta name=\"twitter:label2\" content=\"Est. tempo de leitura\" \/>\n\t<meta name=\"twitter:data2\" content=\"1 minuto\" \/>\n<script type=\"application\/ld+json\" class=\"yoast-schema-graph\">{\"@context\":\"https:\\\/\\\/schema.org\",\"@graph\":[{\"@type\":\"Article\",\"@id\":\"https:\\\/\\\/www.itakaescolapios.org\\\/pt\\\/2018\\\/11\\\/seguimos-las-formaciones-de-voluntariado-en-valencia\\\/#article\",\"isPartOf\":{\"@id\":\"https:\\\/\\\/www.itakaescolapios.org\\\/pt\\\/2018\\\/11\\\/seguimos-las-formaciones-de-voluntariado-en-valencia\\\/\"},\"author\":{\"name\":\"valencia01\",\"@id\":\"https:\\\/\\\/www.itakaescolapios.org\\\/es\\\/#\\\/schema\\\/person\\\/c232ccaa2b3f2e98db93c1f8dfca96ff\"},\"headline\":\"SEGUIMOS LAS FORMACIONES DE VOLUNTARIADO EN VALENCIA\",\"datePublished\":\"2018-11-28T11:57:45+00:00\",\"dateModified\":\"2023-11-28T11:37:06+00:00\",\"mainEntityOfPage\":{\"@id\":\"https:\\\/\\\/www.itakaescolapios.org\\\/pt\\\/2018\\\/11\\\/seguimos-las-formaciones-de-voluntariado-en-valencia\\\/\"},\"wordCount\":269,\"publisher\":{\"@id\":\"https:\\\/\\\/www.itakaescolapios.org\\\/es\\\/#organization\"},\"image\":{\"@id\":\"https:\\\/\\\/www.itakaescolapios.org\\\/pt\\\/2018\\\/11\\\/seguimos-las-formaciones-de-voluntariado-en-valencia\\\/#primaryimage\"},\"thumbnailUrl\":\"https:\\\/\\\/www.itakaescolapios.org\\\/wp-content\\\/uploads\\\/2018\\\/11\\\/WhatsApp-Image-2018-11-28-at-12.43.39-1.jpeg\",\"keywords\":[\"arteterapia\",\"Encuentro Formativo\",\"equipos\",\"formaci\u00f3n\",\"Proyecto Amaltea\",\"Proyecto Llum\",\"proyectos\",\"reflexi\u00f3n\"],\"articleSection\":[\"Valencia\"],\"inLanguage\":\"pt-BR\"},{\"@type\":\"WebPage\",\"@id\":\"https:\\\/\\\/www.itakaescolapios.org\\\/pt\\\/2018\\\/11\\\/seguimos-las-formaciones-de-voluntariado-en-valencia\\\/\",\"url\":\"https:\\\/\\\/www.itakaescolapios.org\\\/pt\\\/2018\\\/11\\\/seguimos-las-formaciones-de-voluntariado-en-valencia\\\/\",\"name\":\"SEGUIMOS LAS FORMACIONES DE VOLUNTARIADO EN VALENCIA - Itaka-Escolapios\",\"isPartOf\":{\"@id\":\"https:\\\/\\\/www.itakaescolapios.org\\\/es\\\/#website\"},\"primaryImageOfPage\":{\"@id\":\"https:\\\/\\\/www.itakaescolapios.org\\\/pt\\\/2018\\\/11\\\/seguimos-las-formaciones-de-voluntariado-en-valencia\\\/#primaryimage\"},\"image\":{\"@id\":\"https:\\\/\\\/www.itakaescolapios.org\\\/pt\\\/2018\\\/11\\\/seguimos-las-formaciones-de-voluntariado-en-valencia\\\/#primaryimage\"},\"thumbnailUrl\":\"https:\\\/\\\/www.itakaescolapios.org\\\/wp-content\\\/uploads\\\/2018\\\/11\\\/WhatsApp-Image-2018-11-28-at-12.43.39-1.jpeg\",\"datePublished\":\"2018-11-28T11:57:45+00:00\",\"dateModified\":\"2023-11-28T11:37:06+00:00\",\"breadcrumb\":{\"@id\":\"https:\\\/\\\/www.itakaescolapios.org\\\/pt\\\/2018\\\/11\\\/seguimos-las-formaciones-de-voluntariado-en-valencia\\\/#breadcrumb\"},\"inLanguage\":\"pt-BR\",\"potentialAction\":[{\"@type\":\"ReadAction\",\"target\":[\"https:\\\/\\\/www.itakaescolapios.org\\\/pt\\\/2018\\\/11\\\/seguimos-las-formaciones-de-voluntariado-en-valencia\\\/\"]}]},{\"@type\":\"ImageObject\",\"inLanguage\":\"pt-BR\",\"@id\":\"https:\\\/\\\/www.itakaescolapios.org\\\/pt\\\/2018\\\/11\\\/seguimos-las-formaciones-de-voluntariado-en-valencia\\\/#primaryimage\",\"url\":\"https:\\\/\\\/www.itakaescolapios.org\\\/wp-content\\\/uploads\\\/2018\\\/11\\\/WhatsApp-Image-2018-11-28-at-12.43.39-1.jpeg\",\"contentUrl\":\"https:\\\/\\\/www.itakaescolapios.org\\\/wp-content\\\/uploads\\\/2018\\\/11\\\/WhatsApp-Image-2018-11-28-at-12.43.39-1.jpeg\",\"width\":1600,\"height\":1200},{\"@type\":\"BreadcrumbList\",\"@id\":\"https:\\\/\\\/www.itakaescolapios.org\\\/pt\\\/2018\\\/11\\\/seguimos-las-formaciones-de-voluntariado-en-valencia\\\/#breadcrumb\",\"itemListElement\":[{\"@type\":\"ListItem\",\"position\":1,\"name\":\"Itaka-Escolapios\",\"item\":\"https:\\\/\\\/www.itakaescolapios.org\\\/es\\\/\"},{\"@type\":\"ListItem\",\"position\":2,\"name\":\"SEGUIMOS LAS FORMACIONES DE VOLUNTARIADO EN VALENCIA\"}]},{\"@type\":\"WebSite\",\"@id\":\"https:\\\/\\\/www.itakaescolapios.org\\\/pt\\\/es\\\/#website\",\"url\":\"https:\\\/\\\/www.itakaescolapios.org\\\/pt\\\/es\\\/\",\"name\":\"Itaka-Escolapios\",\"description\":\"Red de Itaka-Escolapios\",\"publisher\":{\"@id\":\"https:\\\/\\\/www.itakaescolapios.org\\\/pt\\\/es\\\/#organization\"},\"potentialAction\":[{\"@type\":\"SearchAction\",\"target\":{\"@type\":\"EntryPoint\",\"urlTemplate\":\"https:\\\/\\\/www.itakaescolapios.org\\\/pt\\\/es\\\/?s={search_term_string}\"},\"query-input\":{\"@type\":\"PropertyValueSpecification\",\"valueRequired\":true,\"valueName\":\"search_term_string\"}}],\"inLanguage\":\"pt-BR\"},{\"@type\":\"Organization\",\"@id\":\"https:\\\/\\\/www.itakaescolapios.org\\\/pt\\\/es\\\/#organization\",\"name\":\"Fundaci\u00f3 Itaka-Escolapios\",\"url\":\"https:\\\/\\\/www.itakaescolapios.org\\\/pt\\\/es\\\/\",\"logo\":{\"@type\":\"ImageObject\",\"inLanguage\":\"pt-BR\",\"@id\":\"https:\\\/\\\/www.itakaescolapios.org\\\/pt\\\/es\\\/#\\\/schema\\\/logo\\\/image\\\/\",\"url\":\"https:\\\/\\\/www.itakaescolapios.org\\\/wp-content\\\/uploads\\\/2024\\\/04\\\/Logo-itakaescolapios-peque.png\",\"contentUrl\":\"https:\\\/\\\/www.itakaescolapios.org\\\/wp-content\\\/uploads\\\/2024\\\/04\\\/Logo-itakaescolapios-peque.png\",\"width\":500,\"height\":199,\"caption\":\"Fundaci\u00f3 Itaka-Escolapios\"},\"image\":{\"@id\":\"https:\\\/\\\/www.itakaescolapios.org\\\/pt\\\/es\\\/#\\\/schema\\\/logo\\\/image\\\/\"}},{\"@type\":\"Person\",\"@id\":\"https:\\\/\\\/www.itakaescolapios.org\\\/es\\\/#\\\/schema\\\/person\\\/c232ccaa2b3f2e98db93c1f8dfca96ff\",\"name\":\"valencia01\",\"url\":\"https:\\\/\\\/www.itakaescolapios.org\\\/pt\\\/author\\\/valencia01\\\/\"}]}<\/script>\n<!-- \/ Yoast SEO plugin. -->","yoast_head_json":{"title":"SEGUIMOS LAS FORMACIONES DE VOLUNTARIADO EN VALENCIA","description":"El pasado viernes 9 de noviembre todos los voluntarios y voluntarias de Itaka-Escolapios en Valencia tuvo su primer encuentro formativo del curso 2018-2019. Los encuentros de formaci\u00f3n suponen una oportunidad para profundizar en la acci\u00f3n directa dentro del voluntariado y c\u00f3mo mejorarla. El encuentro del viernes 9 de noviembre se centr\u00f3 en la arteterapia, gracias&hellip;","robots":{"index":"index","follow":"follow","max-snippet":"max-snippet:-1","max-image-preview":"max-image-preview:large","max-video-preview":"max-video-preview:-1"},"canonical":"El pasado viernes 9 de noviembre todos los voluntarios y voluntarias de Itaka-Escolapios en Valencia tuvo su primer encuentro formativo del curso 2018-2019. Los encuentros de formaci\u00f3n suponen una oportunidad para profundizar en la acci\u00f3n directa dentro del voluntariado y c\u00f3mo mejorarla. El encuentro del viernes 9 de noviembre se centr\u00f3 en la arteterapia, gracias&hellip;","og_locale":"pt_BR","og_type":"article","og_title":"SEGUIMOS LAS FORMACIONES DE VOLUNTARIADO EN VALENCIA","og_description":"El pasado viernes 9 de noviembre todos los voluntarios y voluntarias de Itaka-Escolapios en Valencia tuvo su primer encuentro formativo del curso 2018-2019. Los encuentros de formaci\u00f3n suponen una oportunidad para profundizar en la acci\u00f3n directa dentro del voluntariado y c\u00f3mo mejorarla. El encuentro del viernes 9 de noviembre se centr\u00f3 en la arteterapia, gracias&hellip;","og_url":"https:\/\/www.itakaescolapios.org\/pt\/2018\/11\/seguimos-las-formaciones-de-voluntariado-en-valencia\/","og_site_name":"Itaka-Escolapios","article_published_time":"2018-11-28T11:57:45+00:00","article_modified_time":"2023-11-28T11:37:06+00:00","og_image":[{"width":1600,"height":1200,"url":"https:\/\/www.itakaescolapios.org\/wp-content\/uploads\/2018\/11\/WhatsApp-Image-2018-11-28-at-12.43.39-1.jpeg","type":"image\/jpeg"}],"author":"valencia01","twitter_card":"summary_large_image","twitter_misc":{"Escrito por":"valencia01","Est. tempo de leitura":"1 minuto"},"schema":{"@context":"https:\/\/schema.org","@graph":[{"@type":"Article","@id":"https:\/\/www.itakaescolapios.org\/pt\/2018\/11\/seguimos-las-formaciones-de-voluntariado-en-valencia\/#article","isPartOf":{"@id":"https:\/\/www.itakaescolapios.org\/pt\/2018\/11\/seguimos-las-formaciones-de-voluntariado-en-valencia\/"},"author":{"name":"valencia01","@id":"https:\/\/www.itakaescolapios.org\/es\/#\/schema\/person\/c232ccaa2b3f2e98db93c1f8dfca96ff"},"headline":"SEGUIMOS LAS FORMACIONES DE VOLUNTARIADO EN VALENCIA","datePublished":"2018-11-28T11:57:45+00:00","dateModified":"2023-11-28T11:37:06+00:00","mainEntityOfPage":{"@id":"https:\/\/www.itakaescolapios.org\/pt\/2018\/11\/seguimos-las-formaciones-de-voluntariado-en-valencia\/"},"wordCount":269,"publisher":{"@id":"https:\/\/www.itakaescolapios.org\/es\/#organization"},"image":{"@id":"https:\/\/www.itakaescolapios.org\/pt\/2018\/11\/seguimos-las-formaciones-de-voluntariado-en-valencia\/#primaryimage"},"thumbnailUrl":"https:\/\/www.itakaescolapios.org\/wp-content\/uploads\/2018\/11\/WhatsApp-Image-2018-11-28-at-12.43.39-1.jpeg","keywords":["arteterapia","Encuentro Formativo","equipos","formaci\u00f3n","Proyecto Amaltea","Proyecto Llum","proyectos","reflexi\u00f3n"],"articleSection":["Valencia"],"inLanguage":"pt-BR"},{"@type":"WebPage","@id":"https:\/\/www.itakaescolapios.org\/pt\/2018\/11\/seguimos-las-formaciones-de-voluntariado-en-valencia\/","url":"https:\/\/www.itakaescolapios.org\/pt\/2018\/11\/seguimos-las-formaciones-de-voluntariado-en-valencia\/","name":"SEGUIMOS LAS FORMACIONES DE VOLUNTARIADO EN VALENCIA - Itaka-Escolapios","isPartOf":{"@id":"https:\/\/www.itakaescolapios.org\/es\/#website"},"primaryImageOfPage":{"@id":"https:\/\/www.itakaescolapios.org\/pt\/2018\/11\/seguimos-las-formaciones-de-voluntariado-en-valencia\/#primaryimage"},"image":{"@id":"https:\/\/www.itakaescolapios.org\/pt\/2018\/11\/seguimos-las-formaciones-de-voluntariado-en-valencia\/#primaryimage"},"thumbnailUrl":"https:\/\/www.itakaescolapios.org\/wp-content\/uploads\/2018\/11\/WhatsApp-Image-2018-11-28-at-12.43.39-1.jpeg","datePublished":"2018-11-28T11:57:45+00:00","dateModified":"2023-11-28T11:37:06+00:00","breadcrumb":{"@id":"https:\/\/www.itakaescolapios.org\/pt\/2018\/11\/seguimos-las-formaciones-de-voluntariado-en-valencia\/#breadcrumb"},"inLanguage":"pt-BR","potentialAction":[{"@type":"ReadAction","target":["https:\/\/www.itakaescolapios.org\/pt\/2018\/11\/seguimos-las-formaciones-de-voluntariado-en-valencia\/"]}]},{"@type":"ImageObject","inLanguage":"pt-BR","@id":"https:\/\/www.itakaescolapios.org\/pt\/2018\/11\/seguimos-las-formaciones-de-voluntariado-en-valencia\/#primaryimage","url":"https:\/\/www.itakaescolapios.org\/wp-content\/uploads\/2018\/11\/WhatsApp-Image-2018-11-28-at-12.43.39-1.jpeg","contentUrl":"https:\/\/www.itakaescolapios.org\/wp-content\/uploads\/2018\/11\/WhatsApp-Image-2018-11-28-at-12.43.39-1.jpeg","width":1600,"height":1200},{"@type":"BreadcrumbList","@id":"https:\/\/www.itakaescolapios.org\/pt\/2018\/11\/seguimos-las-formaciones-de-voluntariado-en-valencia\/#breadcrumb","itemListElement":[{"@type":"ListItem","position":1,"name":"Itaka-Escolapios","item":"https:\/\/www.itakaescolapios.org\/es\/"},{"@type":"ListItem","position":2,"name":"SEGUIMOS LAS FORMACIONES DE VOLUNTARIADO EN VALENCIA"}]},{"@type":"WebSite","@id":"https:\/\/www.itakaescolapios.org\/pt\/es\/#website","url":"https:\/\/www.itakaescolapios.org\/pt\/es\/","name":"Itaka-Escolapios","description":"Red de Itaka-Escolapios","publisher":{"@id":"https:\/\/www.itakaescolapios.org\/pt\/es\/#organization"},"potentialAction":[{"@type":"SearchAction","target":{"@type":"EntryPoint","urlTemplate":"https:\/\/www.itakaescolapios.org\/pt\/es\/?s={search_term_string}"},"query-input":{"@type":"PropertyValueSpecification","valueRequired":true,"valueName":"search_term_string"}}],"inLanguage":"pt-BR"},{"@type":"Organization","@id":"https:\/\/www.itakaescolapios.org\/pt\/es\/#organization","name":"Fundaci\u00f3 Itaka-Escolapios","url":"https:\/\/www.itakaescolapios.org\/pt\/es\/","logo":{"@type":"ImageObject","inLanguage":"pt-BR","@id":"https:\/\/www.itakaescolapios.org\/pt\/es\/#\/schema\/logo\/image\/","url":"https:\/\/www.itakaescolapios.org\/wp-content\/uploads\/2024\/04\/Logo-itakaescolapios-peque.png","contentUrl":"https:\/\/www.itakaescolapios.org\/wp-content\/uploads\/2024\/04\/Logo-itakaescolapios-peque.png","width":500,"height":199,"caption":"Fundaci\u00f3 Itaka-Escolapios"},"image":{"@id":"https:\/\/www.itakaescolapios.org\/pt\/es\/#\/schema\/logo\/image\/"}},{"@type":"Person","@id":"https:\/\/www.itakaescolapios.org\/es\/#\/schema\/person\/c232ccaa2b3f2e98db93c1f8dfca96ff","name":"valencia01","url":"https:\/\/www.itakaescolapios.org\/pt\/author\/valencia01\/"}]}},"_links":{"self":[{"href":"https:\/\/www.itakaescolapios.org\/pt\/wp-json\/wp\/v2\/posts\/25904","targetHints":{"allow":["GET"]}}],"collection":[{"href":"https:\/\/www.itakaescolapios.org\/pt\/wp-json\/wp\/v2\/posts"}],"about":[{"href":"https:\/\/www.itakaescolapios.org\/pt\/wp-json\/wp\/v2\/types\/post"}],"author":[{"embeddable":true,"href":"https:\/\/www.itakaescolapios.org\/pt\/wp-json\/wp\/v2\/users\/39"}],"replies":[{"embeddable":true,"href":"https:\/\/www.itakaescolapios.org\/pt\/wp-json\/wp\/v2\/comments?post=25904"}],"version-history":[{"count":4,"href":"https:\/\/www.itakaescolapios.org\/pt\/wp-json\/wp\/v2\/posts\/25904\/revisions"}],"predecessor-version":[{"id":46098,"href":"https:\/\/www.itakaescolapios.org\/pt\/wp-json\/wp\/v2\/posts\/25904\/revisions\/46098"}],"wp:featuredmedia":[{"embeddable":true,"href":"https:\/\/www.itakaescolapios.org\/pt\/wp-json\/wp\/v2\/media\/25905"}],"wp:attachment":[{"href":"https:\/\/www.itakaescolapios.org\/pt\/wp-json\/wp\/v2\/media?parent=25904"}],"wp:term":[{"taxonomy":"category","embeddable":true,"href":"https:\/\/www.itakaescolapios.org\/pt\/wp-json\/wp\/v2\/categories?post=25904"},{"taxonomy":"post_tag","embeddable":true,"href":"https:\/\/www.itakaescolapios.org\/pt\/wp-json\/wp\/v2\/tags?post=25904"}],"curies":[{"name":"wp","href":"https:\/\/api.w.org\/{rel}","templated":true}]}}