{"id":26847,"date":"2019-02-27T13:11:20","date_gmt":"2019-02-27T12:11:20","guid":{"rendered":"https:\/\/www.itakaescolapios.org\/?p=26847"},"modified":"2023-11-28T12:36:57","modified_gmt":"2023-11-28T11:36:57","slug":"encuentro-de-accion-social-en-betania-2","status":"publish","type":"post","link":"https:\/\/www.itakaescolapios.org\/pt\/2019\/02\/encuentro-de-accion-social-en-betania-2\/","title":{"rendered":"ENCUENTRO DE ACCI\u00d3N SOCIAL EN BETANIA"},"content":{"rendered":"<p style=\"text-align: justify\">La semana pasada tuvimos el 4\u00ba Encuentro de Coordinadores y Coordinadoras de Acci\u00f3n Social de los colegios escolapios de la provincia de Betania, en Cercedilla. A este encuentro formativo tambi\u00e9n asistieron otros miembros del claustro \u00a0con el objetivo de llegar a m\u00e1s personas y tener un \u201cefecto multiplicador\u201d que se reflejase despu\u00e9s en los respectivos centros escolares. En total, 35 personas, incluyendo las tres t\u00e9cnicas de Itaka- Escolapios que forman parte del Equipo Provincial de Acci\u00f3n Social, con ganas de avanzar juntas en nuestra labor social y mejorarla.<\/p>\n<p style=\"text-align: justify\">Las sesiones formativas empezaron con una charla de Jos\u00e9 \u00c1ngel Beltr\u00e1n, Coordinador provincial de Pastoral, pregunt\u00e1ndonos qu\u00e9 buscamos en la Acci\u00f3n Social de los colegios e invit\u00e1ndonos a \u201cremar m\u00e1s adentro\u201d, para convertirnos en verdaderas escuelas transformadoras y constructoras de un mundo mejor.<\/p>\n<p style=\"text-align: justify\">Continuamos trabajando nuestras propias realidades para ver en qu\u00e9 punto estamos, haciendo un diagn\u00f3stico de la Acci\u00f3n Social de Betania que qued\u00f3 reflejado en un panel dividido por destinatarios que reciben las acciones y personas con las que se trabaja. Para ello seguimos los planteamientos de Escuelas Cat\u00f3licas, a los que agradecemos la claridad y materiales que han aportado. El cuadro nos dio una visi\u00f3n muy clara de hacia d\u00f3nde tenemos que avanzar, convirtiendo nuestras actividades en acciones transformadoras que vinculen todos los \u00e1mbitos.<\/p>\n<p style=\"text-align: justify\">A continuaci\u00f3n, nos centramos en proyectos de Acci\u00f3n Social que realizamos en casi todos los centros para analizar c\u00f3mo las llevamos a cabo realmente, si son adecuados o si nos quedamos en la superficie de lo que realmente queremos. La tarde dio pie a un espacio de intercambio de experiencias y opiniones muy enriquecedor y del que salimos con muchas ideas y cambios de visi\u00f3n.<\/p>\n<p style=\"text-align: justify\">Tras una noche muy divertida en la que nos convertimos en vaqueros e indios de un Sal\u00f3n del Oeste en una noche de misterio, retomamos la actividad formativa el s\u00e1bado, presentando con Mariu, de Aluche, y Eva, del Calasancio, una herramienta proporcionada tambi\u00e9n por Escuelas Cat\u00f3licas, muy \u00fatil para la evaluaci\u00f3n, a trav\u00e9s de una r\u00fabrica que nos permite saber en qu\u00e9 punto estamos de cada acci\u00f3n y c\u00f3mo podemos avanzar para dar un paso m\u00e1s.<\/p>\n<p style=\"text-align: justify\">Las formaciones se cerraron con la experiencia de Santiago 1, presentadas por Mar\u00eda y Cristina, y del Voluntariado Escolar en el Calasancio, explicado por Eva, y apoyado por otros centros que tambi\u00e9n lo desarrollan, como en Alcal\u00e1 de Henares.<\/p>\n<p style=\"text-align: justify\">Con la comida se cerr\u00f3 el Encuentro que nos deja intercambio de buenas ideas y proyectos, herramientas y pasos para mejorar, y un horizonte com\u00fan en la Acci\u00f3n Social de Betania que sigue poniendo su mirada en los preferidos de Jes\u00fas, los \u00faltimos y m\u00e1s peque\u00f1os.<\/p>\n<p style=\"text-align: justify\">\u00a1Gracias a todos y todas por participar!<\/p>\n<p style=\"text-align: justify\">\u00a1Os dejamos todas las fotos en nuestros <a href=\"https:\/\/www.facebook.com\/pg\/ItakaBetania\/photos\/?tab=album&amp;album_id=2210950465661629\" target=\"_blank\" rel=\"noopener\">Facebook Fundaci\u00f3n Itaka- Escolapios Betania<\/a>!<\/p>\n<p style=\"text-align: justify\">\n\n\t\t<style type=\"text\/css\">\n\t\t\t#gallery-1 {\n\t\t\t\tmargin: auto;\n\t\t\t}\n\t\t\t#gallery-1 .gallery-item {\n\t\t\t\tfloat: left;\n\t\t\t\tmargin-top: 10px;\n\t\t\t\ttext-align: center;\n\t\t\t\twidth: 33%;\n\t\t\t}\n\t\t\t#gallery-1 img {\n\t\t\t\tborder: 2px solid #cfcfcf;\n\t\t\t}\n\t\t\t#gallery-1 .gallery-caption {\n\t\t\t\tmargin-left: 0;\n\t\t\t}\n\t\t\t\/* see gallery_shortcode() in wp-includes\/media.php *\/\n\t\t<\/style>\n\t\t<div id='gallery-1' class='gallery galleryid-26847 gallery-columns-3 gallery-size-thumbnail'><dl class='gallery-item'>\n\t\t\t<dt class='gallery-icon landscape'>\n\t\t\t\t<a href='https:\/\/www.itakaescolapios.org\/pt\/2019\/02\/encuentro-de-accion-social-en-betania-2\/img_20190222_102249\/'><img decoding=\"async\" width=\"90\" height=\"90\" src=\"https:\/\/www.itakaescolapios.org\/wp-content\/uploads\/2019\/02\/IMG_20190222_102249-90x90.jpg\" class=\"attachment-thumbnail size-thumbnail\" alt=\"\" \/><\/a>\n\t\t\t<\/dt><\/dl><dl class='gallery-item'>\n\t\t\t<dt class='gallery-icon landscape'>\n\t\t\t\t<a href='https:\/\/www.itakaescolapios.org\/pt\/2019\/02\/encuentro-de-accion-social-en-betania-2\/img_20190222_125801\/'><img decoding=\"async\" width=\"90\" height=\"90\" src=\"https:\/\/www.itakaescolapios.org\/wp-content\/uploads\/2019\/02\/IMG_20190222_125801-90x90.jpg\" class=\"attachment-thumbnail size-thumbnail\" alt=\"\" \/><\/a>\n\t\t\t<\/dt><\/dl><dl class='gallery-item'>\n\t\t\t<dt class='gallery-icon landscape'>\n\t\t\t\t<a href='https:\/\/www.itakaescolapios.org\/pt\/2019\/02\/encuentro-de-accion-social-en-betania-2\/img_20190222_125835\/'><img decoding=\"async\" width=\"90\" height=\"90\" src=\"https:\/\/www.itakaescolapios.org\/wp-content\/uploads\/2019\/02\/IMG_20190222_125835-90x90.jpg\" class=\"attachment-thumbnail size-thumbnail\" alt=\"\" \/><\/a>\n\t\t\t<\/dt><\/dl><br style=\"clear: both\" \/><dl class='gallery-item'>\n\t\t\t<dt class='gallery-icon landscape'>\n\t\t\t\t<a href='https:\/\/www.itakaescolapios.org\/pt\/2019\/02\/encuentro-de-accion-social-en-betania-2\/img_20190222_131653\/'><img decoding=\"async\" width=\"90\" height=\"90\" src=\"https:\/\/www.itakaescolapios.org\/wp-content\/uploads\/2019\/02\/IMG_20190222_131653-90x90.jpg\" class=\"attachment-thumbnail size-thumbnail\" alt=\"\" \/><\/a>\n\t\t\t<\/dt><\/dl><dl class='gallery-item'>\n\t\t\t<dt class='gallery-icon landscape'>\n\t\t\t\t<a href='https:\/\/www.itakaescolapios.org\/pt\/2019\/02\/encuentro-de-accion-social-en-betania-2\/img_20190222_132807\/'><img decoding=\"async\" width=\"90\" height=\"90\" src=\"https:\/\/www.itakaescolapios.org\/wp-content\/uploads\/2019\/02\/IMG_20190222_132807-90x90.jpg\" class=\"attachment-thumbnail size-thumbnail\" alt=\"\" \/><\/a>\n\t\t\t<\/dt><\/dl><dl class='gallery-item'>\n\t\t\t<dt class='gallery-icon landscape'>\n\t\t\t\t<a href='https:\/\/www.itakaescolapios.org\/pt\/2019\/02\/encuentro-de-accion-social-en-betania-2\/img_20190222_164756\/'><img decoding=\"async\" width=\"90\" height=\"90\" src=\"https:\/\/www.itakaescolapios.org\/wp-content\/uploads\/2019\/02\/IMG_20190222_164756-90x90.jpg\" class=\"attachment-thumbnail size-thumbnail\" alt=\"\" \/><\/a>\n\t\t\t<\/dt><\/dl><br style=\"clear: both\" \/><dl class='gallery-item'>\n\t\t\t<dt class='gallery-icon landscape'>\n\t\t\t\t<a href='https:\/\/www.itakaescolapios.org\/pt\/2019\/02\/encuentro-de-accion-social-en-betania-2\/img_20190223_103943\/'><img decoding=\"async\" width=\"90\" height=\"90\" src=\"https:\/\/www.itakaescolapios.org\/wp-content\/uploads\/2019\/02\/IMG_20190223_103943-90x90.jpg\" class=\"attachment-thumbnail size-thumbnail\" alt=\"\" \/><\/a>\n\t\t\t<\/dt><\/dl><dl class='gallery-item'>\n\t\t\t<dt class='gallery-icon landscape'>\n\t\t\t\t<a href='https:\/\/www.itakaescolapios.org\/pt\/2019\/02\/encuentro-de-accion-social-en-betania-2\/img_20190222_182811\/'><img decoding=\"async\" width=\"90\" height=\"90\" src=\"https:\/\/www.itakaescolapios.org\/wp-content\/uploads\/2019\/02\/IMG_20190222_182811-90x90.jpg\" class=\"attachment-thumbnail size-thumbnail\" alt=\"\" \/><\/a>\n\t\t\t<\/dt><\/dl>\n\t\t\t<br style='clear: both' \/>\n\t\t<\/div>\n\n","protected":false},"excerpt":{"rendered":"<p>La semana pasada tuvimos el 4\u00ba Encuentro de Coordinadores y Coordinadoras de Acci\u00f3n Social de los colegios escolapios de la provincia de Betania, en Cercedilla. A este encuentro formativo tambi\u00e9n [&hellip;]<\/p>\n","protected":false},"author":39,"featured_media":26854,"comment_status":"closed","ping_status":"closed","sticky":false,"template":"","format":"standard","meta":{"_et_pb_use_builder":"","_et_pb_old_content":"","_et_gb_content_width":"","footnotes":""},"categories":[146,12],"tags":[111,377,196,375,87,376,292,45,330,378,110],"class_list":["post-26847","post","type-post","status-publish","format-standard","has-post-thumbnail","hentry","category-madrid","category-valencia","tag-accion-social","tag-as","tag-betania","tag-cercedilla","tag-colegios","tag-coordinadores","tag-das","tag-encuentro","tag-epas","tag-escuelas-catolicas","tag-escuelas-pias"],"yoast_head":"<!-- This site is optimized with the Yoast SEO plugin v27.4 - https:\/\/yoast.com\/product\/yoast-seo-wordpress\/ -->\n<title>ENCUENTRO DE ACCI\u00d3N SOCIAL EN BETANIA<\/title>\n<meta name=\"description\" content=\"La semana pasada tuvimos el 4\u00ba Encuentro de Coordinadores y Coordinadoras de Acci\u00f3n Social de los colegios escolapios de la provincia de Betania, en Cercedilla. A este encuentro formativo tambi\u00e9n asistieron otros miembros del claustro \u00a0con el objetivo de llegar a m\u00e1s personas y tener un \u201cefecto multiplicador\u201d que se reflejase despu\u00e9s en los respectivos&hellip;\" \/>\n<meta name=\"robots\" content=\"index, follow, max-snippet:-1, max-image-preview:large, max-video-preview:-1\" \/>\n<link rel=\"canonical\" href=\"http:\/\/La%20semana%20pasada%20tuvimos%20el%204\u00ba%20Encuentro%20de%20Coordinadores%20y%20Coordinadoras%20de%20Acci\u00f3n%20Social%20de%20los%20colegios%20escolapios%20de%20la%20provincia%20de%20Betania,%20en%20Cercedilla.%20A%20este%20encuentro%20formativo%20tambi\u00e9n%20asistieron%20otros%20miembros%20del%20claustro%20\u00a0con%20el%20objetivo%20de%20llegar%20a%20m\u00e1s%20personas%20y%20tener%20un%20\u201cefecto%20multiplicador\u201d%20que%20se%20reflejase%20despu\u00e9s%20en%20los%20respectivos&hellip;\" \/>\n<meta property=\"og:locale\" content=\"pt_BR\" \/>\n<meta property=\"og:type\" content=\"article\" \/>\n<meta property=\"og:title\" content=\"ENCUENTRO DE ACCI\u00d3N SOCIAL EN BETANIA\" \/>\n<meta property=\"og:description\" content=\"La semana pasada tuvimos el 4\u00ba Encuentro de Coordinadores y Coordinadoras de Acci\u00f3n Social de los colegios escolapios de la provincia de Betania, en Cercedilla. A este encuentro formativo tambi\u00e9n asistieron otros miembros del claustro \u00a0con el objetivo de llegar a m\u00e1s personas y tener un \u201cefecto multiplicador\u201d que se reflejase despu\u00e9s en los respectivos&hellip;\" \/>\n<meta property=\"og:url\" content=\"https:\/\/www.itakaescolapios.org\/pt\/2019\/02\/encuentro-de-accion-social-en-betania-2\/\" \/>\n<meta property=\"og:site_name\" content=\"Itaka-Escolapios\" \/>\n<meta property=\"article:published_time\" content=\"2019-02-27T12:11:20+00:00\" \/>\n<meta property=\"article:modified_time\" content=\"2023-11-28T11:36:57+00:00\" \/>\n<meta property=\"og:image\" content=\"https:\/\/www.itakaescolapios.org\/wp-content\/uploads\/2019\/02\/IMG_20190222_182811.jpg\" \/>\n\t<meta property=\"og:image:width\" content=\"2000\" \/>\n\t<meta property=\"og:image:height\" content=\"1500\" \/>\n\t<meta property=\"og:image:type\" content=\"image\/jpeg\" \/>\n<meta name=\"author\" content=\"valencia01\" \/>\n<meta name=\"twitter:card\" content=\"summary_large_image\" \/>\n<meta name=\"twitter:label1\" content=\"Escrito por\" \/>\n\t<meta name=\"twitter:data1\" content=\"valencia01\" \/>\n\t<meta name=\"twitter:label2\" content=\"Est. tempo de leitura\" \/>\n\t<meta name=\"twitter:data2\" content=\"2 minutos\" \/>\n<script type=\"application\/ld+json\" class=\"yoast-schema-graph\">{\"@context\":\"https:\\\/\\\/schema.org\",\"@graph\":[{\"@type\":\"Article\",\"@id\":\"https:\\\/\\\/www.itakaescolapios.org\\\/pt\\\/2019\\\/02\\\/encuentro-de-accion-social-en-betania-2\\\/#article\",\"isPartOf\":{\"@id\":\"https:\\\/\\\/www.itakaescolapios.org\\\/pt\\\/2019\\\/02\\\/encuentro-de-accion-social-en-betania-2\\\/\"},\"author\":{\"name\":\"valencia01\",\"@id\":\"https:\\\/\\\/www.itakaescolapios.org\\\/es\\\/#\\\/schema\\\/person\\\/c232ccaa2b3f2e98db93c1f8dfca96ff\"},\"headline\":\"ENCUENTRO DE ACCI\u00d3N SOCIAL EN BETANIA\",\"datePublished\":\"2019-02-27T12:11:20+00:00\",\"dateModified\":\"2023-11-28T11:36:57+00:00\",\"mainEntityOfPage\":{\"@id\":\"https:\\\/\\\/www.itakaescolapios.org\\\/pt\\\/2019\\\/02\\\/encuentro-de-accion-social-en-betania-2\\\/\"},\"wordCount\":504,\"publisher\":{\"@id\":\"https:\\\/\\\/www.itakaescolapios.org\\\/es\\\/#organization\"},\"image\":{\"@id\":\"https:\\\/\\\/www.itakaescolapios.org\\\/pt\\\/2019\\\/02\\\/encuentro-de-accion-social-en-betania-2\\\/#primaryimage\"},\"thumbnailUrl\":\"https:\\\/\\\/www.itakaescolapios.org\\\/wp-content\\\/uploads\\\/2019\\\/02\\\/IMG_20190222_182811.jpg\",\"keywords\":[\"Acci\u00f3n Social\",\"AS\",\"Betania\",\"Cercedilla\",\"Colegios\",\"Coordinadores\",\"DAS\",\"Encuentro\",\"EPAS\",\"Escuelas Cat\u00f3licas\",\"Escuelas P\u00edas\"],\"articleSection\":[\"Madrid\",\"Valencia\"],\"inLanguage\":\"pt-BR\"},{\"@type\":\"WebPage\",\"@id\":\"https:\\\/\\\/www.itakaescolapios.org\\\/pt\\\/2019\\\/02\\\/encuentro-de-accion-social-en-betania-2\\\/\",\"url\":\"https:\\\/\\\/www.itakaescolapios.org\\\/pt\\\/2019\\\/02\\\/encuentro-de-accion-social-en-betania-2\\\/\",\"name\":\"ENCUENTRO DE ACCI\u00d3N SOCIAL EN BETANIA - Itaka-Escolapios\",\"isPartOf\":{\"@id\":\"https:\\\/\\\/www.itakaescolapios.org\\\/es\\\/#website\"},\"primaryImageOfPage\":{\"@id\":\"https:\\\/\\\/www.itakaescolapios.org\\\/pt\\\/2019\\\/02\\\/encuentro-de-accion-social-en-betania-2\\\/#primaryimage\"},\"image\":{\"@id\":\"https:\\\/\\\/www.itakaescolapios.org\\\/pt\\\/2019\\\/02\\\/encuentro-de-accion-social-en-betania-2\\\/#primaryimage\"},\"thumbnailUrl\":\"https:\\\/\\\/www.itakaescolapios.org\\\/wp-content\\\/uploads\\\/2019\\\/02\\\/IMG_20190222_182811.jpg\",\"datePublished\":\"2019-02-27T12:11:20+00:00\",\"dateModified\":\"2023-11-28T11:36:57+00:00\",\"breadcrumb\":{\"@id\":\"https:\\\/\\\/www.itakaescolapios.org\\\/pt\\\/2019\\\/02\\\/encuentro-de-accion-social-en-betania-2\\\/#breadcrumb\"},\"inLanguage\":\"pt-BR\",\"potentialAction\":[{\"@type\":\"ReadAction\",\"target\":[\"https:\\\/\\\/www.itakaescolapios.org\\\/pt\\\/2019\\\/02\\\/encuentro-de-accion-social-en-betania-2\\\/\"]}]},{\"@type\":\"ImageObject\",\"inLanguage\":\"pt-BR\",\"@id\":\"https:\\\/\\\/www.itakaescolapios.org\\\/pt\\\/2019\\\/02\\\/encuentro-de-accion-social-en-betania-2\\\/#primaryimage\",\"url\":\"https:\\\/\\\/www.itakaescolapios.org\\\/wp-content\\\/uploads\\\/2019\\\/02\\\/IMG_20190222_182811.jpg\",\"contentUrl\":\"https:\\\/\\\/www.itakaescolapios.org\\\/wp-content\\\/uploads\\\/2019\\\/02\\\/IMG_20190222_182811.jpg\",\"width\":2000,\"height\":1500},{\"@type\":\"BreadcrumbList\",\"@id\":\"https:\\\/\\\/www.itakaescolapios.org\\\/pt\\\/2019\\\/02\\\/encuentro-de-accion-social-en-betania-2\\\/#breadcrumb\",\"itemListElement\":[{\"@type\":\"ListItem\",\"position\":1,\"name\":\"Itaka-Escolapios\",\"item\":\"https:\\\/\\\/www.itakaescolapios.org\\\/es\\\/\"},{\"@type\":\"ListItem\",\"position\":2,\"name\":\"ENCUENTRO DE ACCI\u00d3N SOCIAL EN BETANIA\"}]},{\"@type\":\"WebSite\",\"@id\":\"https:\\\/\\\/www.itakaescolapios.org\\\/pt\\\/es\\\/#website\",\"url\":\"https:\\\/\\\/www.itakaescolapios.org\\\/pt\\\/es\\\/\",\"name\":\"Itaka-Escolapios\",\"description\":\"Red de Itaka-Escolapios\",\"publisher\":{\"@id\":\"https:\\\/\\\/www.itakaescolapios.org\\\/pt\\\/es\\\/#organization\"},\"potentialAction\":[{\"@type\":\"SearchAction\",\"target\":{\"@type\":\"EntryPoint\",\"urlTemplate\":\"https:\\\/\\\/www.itakaescolapios.org\\\/pt\\\/es\\\/?s={search_term_string}\"},\"query-input\":{\"@type\":\"PropertyValueSpecification\",\"valueRequired\":true,\"valueName\":\"search_term_string\"}}],\"inLanguage\":\"pt-BR\"},{\"@type\":\"Organization\",\"@id\":\"https:\\\/\\\/www.itakaescolapios.org\\\/pt\\\/es\\\/#organization\",\"name\":\"Fundaci\u00f3 Itaka-Escolapios\",\"url\":\"https:\\\/\\\/www.itakaescolapios.org\\\/pt\\\/es\\\/\",\"logo\":{\"@type\":\"ImageObject\",\"inLanguage\":\"pt-BR\",\"@id\":\"https:\\\/\\\/www.itakaescolapios.org\\\/pt\\\/es\\\/#\\\/schema\\\/logo\\\/image\\\/\",\"url\":\"https:\\\/\\\/www.itakaescolapios.org\\\/wp-content\\\/uploads\\\/2024\\\/04\\\/Logo-itakaescolapios-peque.png\",\"contentUrl\":\"https:\\\/\\\/www.itakaescolapios.org\\\/wp-content\\\/uploads\\\/2024\\\/04\\\/Logo-itakaescolapios-peque.png\",\"width\":500,\"height\":199,\"caption\":\"Fundaci\u00f3 Itaka-Escolapios\"},\"image\":{\"@id\":\"https:\\\/\\\/www.itakaescolapios.org\\\/pt\\\/es\\\/#\\\/schema\\\/logo\\\/image\\\/\"}},{\"@type\":\"Person\",\"@id\":\"https:\\\/\\\/www.itakaescolapios.org\\\/es\\\/#\\\/schema\\\/person\\\/c232ccaa2b3f2e98db93c1f8dfca96ff\",\"name\":\"valencia01\",\"url\":\"https:\\\/\\\/www.itakaescolapios.org\\\/pt\\\/author\\\/valencia01\\\/\"}]}<\/script>\n<!-- \/ Yoast SEO plugin. -->","yoast_head_json":{"title":"ENCUENTRO DE ACCI\u00d3N SOCIAL EN BETANIA","description":"La semana pasada tuvimos el 4\u00ba Encuentro de Coordinadores y Coordinadoras de Acci\u00f3n Social de los colegios escolapios de la provincia de Betania, en Cercedilla. A este encuentro formativo tambi\u00e9n asistieron otros miembros del claustro \u00a0con el objetivo de llegar a m\u00e1s personas y tener un \u201cefecto multiplicador\u201d que se reflejase despu\u00e9s en los respectivos&hellip;","robots":{"index":"index","follow":"follow","max-snippet":"max-snippet:-1","max-image-preview":"max-image-preview:large","max-video-preview":"max-video-preview:-1"},"canonical":"La semana pasada tuvimos el 4\u00ba Encuentro de Coordinadores y Coordinadoras de Acci\u00f3n Social de los colegios escolapios de la provincia de Betania, en Cercedilla. A este encuentro formativo tambi\u00e9n asistieron otros miembros del claustro \u00a0con el objetivo de llegar a m\u00e1s personas y tener un \u201cefecto multiplicador\u201d que se reflejase despu\u00e9s en los respectivos&hellip;","og_locale":"pt_BR","og_type":"article","og_title":"ENCUENTRO DE ACCI\u00d3N SOCIAL EN BETANIA","og_description":"La semana pasada tuvimos el 4\u00ba Encuentro de Coordinadores y Coordinadoras de Acci\u00f3n Social de los colegios escolapios de la provincia de Betania, en Cercedilla. A este encuentro formativo tambi\u00e9n asistieron otros miembros del claustro \u00a0con el objetivo de llegar a m\u00e1s personas y tener un \u201cefecto multiplicador\u201d que se reflejase despu\u00e9s en los respectivos&hellip;","og_url":"https:\/\/www.itakaescolapios.org\/pt\/2019\/02\/encuentro-de-accion-social-en-betania-2\/","og_site_name":"Itaka-Escolapios","article_published_time":"2019-02-27T12:11:20+00:00","article_modified_time":"2023-11-28T11:36:57+00:00","og_image":[{"width":2000,"height":1500,"url":"https:\/\/www.itakaescolapios.org\/wp-content\/uploads\/2019\/02\/IMG_20190222_182811.jpg","type":"image\/jpeg"}],"author":"valencia01","twitter_card":"summary_large_image","twitter_misc":{"Escrito por":"valencia01","Est. tempo de leitura":"2 minutos"},"schema":{"@context":"https:\/\/schema.org","@graph":[{"@type":"Article","@id":"https:\/\/www.itakaescolapios.org\/pt\/2019\/02\/encuentro-de-accion-social-en-betania-2\/#article","isPartOf":{"@id":"https:\/\/www.itakaescolapios.org\/pt\/2019\/02\/encuentro-de-accion-social-en-betania-2\/"},"author":{"name":"valencia01","@id":"https:\/\/www.itakaescolapios.org\/es\/#\/schema\/person\/c232ccaa2b3f2e98db93c1f8dfca96ff"},"headline":"ENCUENTRO DE ACCI\u00d3N SOCIAL EN BETANIA","datePublished":"2019-02-27T12:11:20+00:00","dateModified":"2023-11-28T11:36:57+00:00","mainEntityOfPage":{"@id":"https:\/\/www.itakaescolapios.org\/pt\/2019\/02\/encuentro-de-accion-social-en-betania-2\/"},"wordCount":504,"publisher":{"@id":"https:\/\/www.itakaescolapios.org\/es\/#organization"},"image":{"@id":"https:\/\/www.itakaescolapios.org\/pt\/2019\/02\/encuentro-de-accion-social-en-betania-2\/#primaryimage"},"thumbnailUrl":"https:\/\/www.itakaescolapios.org\/wp-content\/uploads\/2019\/02\/IMG_20190222_182811.jpg","keywords":["Acci\u00f3n Social","AS","Betania","Cercedilla","Colegios","Coordinadores","DAS","Encuentro","EPAS","Escuelas Cat\u00f3licas","Escuelas P\u00edas"],"articleSection":["Madrid","Valencia"],"inLanguage":"pt-BR"},{"@type":"WebPage","@id":"https:\/\/www.itakaescolapios.org\/pt\/2019\/02\/encuentro-de-accion-social-en-betania-2\/","url":"https:\/\/www.itakaescolapios.org\/pt\/2019\/02\/encuentro-de-accion-social-en-betania-2\/","name":"ENCUENTRO DE ACCI\u00d3N SOCIAL EN BETANIA - Itaka-Escolapios","isPartOf":{"@id":"https:\/\/www.itakaescolapios.org\/es\/#website"},"primaryImageOfPage":{"@id":"https:\/\/www.itakaescolapios.org\/pt\/2019\/02\/encuentro-de-accion-social-en-betania-2\/#primaryimage"},"image":{"@id":"https:\/\/www.itakaescolapios.org\/pt\/2019\/02\/encuentro-de-accion-social-en-betania-2\/#primaryimage"},"thumbnailUrl":"https:\/\/www.itakaescolapios.org\/wp-content\/uploads\/2019\/02\/IMG_20190222_182811.jpg","datePublished":"2019-02-27T12:11:20+00:00","dateModified":"2023-11-28T11:36:57+00:00","breadcrumb":{"@id":"https:\/\/www.itakaescolapios.org\/pt\/2019\/02\/encuentro-de-accion-social-en-betania-2\/#breadcrumb"},"inLanguage":"pt-BR","potentialAction":[{"@type":"ReadAction","target":["https:\/\/www.itakaescolapios.org\/pt\/2019\/02\/encuentro-de-accion-social-en-betania-2\/"]}]},{"@type":"ImageObject","inLanguage":"pt-BR","@id":"https:\/\/www.itakaescolapios.org\/pt\/2019\/02\/encuentro-de-accion-social-en-betania-2\/#primaryimage","url":"https:\/\/www.itakaescolapios.org\/wp-content\/uploads\/2019\/02\/IMG_20190222_182811.jpg","contentUrl":"https:\/\/www.itakaescolapios.org\/wp-content\/uploads\/2019\/02\/IMG_20190222_182811.jpg","width":2000,"height":1500},{"@type":"BreadcrumbList","@id":"https:\/\/www.itakaescolapios.org\/pt\/2019\/02\/encuentro-de-accion-social-en-betania-2\/#breadcrumb","itemListElement":[{"@type":"ListItem","position":1,"name":"Itaka-Escolapios","item":"https:\/\/www.itakaescolapios.org\/es\/"},{"@type":"ListItem","position":2,"name":"ENCUENTRO DE ACCI\u00d3N SOCIAL EN BETANIA"}]},{"@type":"WebSite","@id":"https:\/\/www.itakaescolapios.org\/pt\/es\/#website","url":"https:\/\/www.itakaescolapios.org\/pt\/es\/","name":"Itaka-Escolapios","description":"Red de Itaka-Escolapios","publisher":{"@id":"https:\/\/www.itakaescolapios.org\/pt\/es\/#organization"},"potentialAction":[{"@type":"SearchAction","target":{"@type":"EntryPoint","urlTemplate":"https:\/\/www.itakaescolapios.org\/pt\/es\/?s={search_term_string}"},"query-input":{"@type":"PropertyValueSpecification","valueRequired":true,"valueName":"search_term_string"}}],"inLanguage":"pt-BR"},{"@type":"Organization","@id":"https:\/\/www.itakaescolapios.org\/pt\/es\/#organization","name":"Fundaci\u00f3 Itaka-Escolapios","url":"https:\/\/www.itakaescolapios.org\/pt\/es\/","logo":{"@type":"ImageObject","inLanguage":"pt-BR","@id":"https:\/\/www.itakaescolapios.org\/pt\/es\/#\/schema\/logo\/image\/","url":"https:\/\/www.itakaescolapios.org\/wp-content\/uploads\/2024\/04\/Logo-itakaescolapios-peque.png","contentUrl":"https:\/\/www.itakaescolapios.org\/wp-content\/uploads\/2024\/04\/Logo-itakaescolapios-peque.png","width":500,"height":199,"caption":"Fundaci\u00f3 Itaka-Escolapios"},"image":{"@id":"https:\/\/www.itakaescolapios.org\/pt\/es\/#\/schema\/logo\/image\/"}},{"@type":"Person","@id":"https:\/\/www.itakaescolapios.org\/es\/#\/schema\/person\/c232ccaa2b3f2e98db93c1f8dfca96ff","name":"valencia01","url":"https:\/\/www.itakaescolapios.org\/pt\/author\/valencia01\/"}]}},"_links":{"self":[{"href":"https:\/\/www.itakaescolapios.org\/pt\/wp-json\/wp\/v2\/posts\/26847","targetHints":{"allow":["GET"]}}],"collection":[{"href":"https:\/\/www.itakaescolapios.org\/pt\/wp-json\/wp\/v2\/posts"}],"about":[{"href":"https:\/\/www.itakaescolapios.org\/pt\/wp-json\/wp\/v2\/types\/post"}],"author":[{"embeddable":true,"href":"https:\/\/www.itakaescolapios.org\/pt\/wp-json\/wp\/v2\/users\/39"}],"replies":[{"embeddable":true,"href":"https:\/\/www.itakaescolapios.org\/pt\/wp-json\/wp\/v2\/comments?post=26847"}],"version-history":[{"count":3,"href":"https:\/\/www.itakaescolapios.org\/pt\/wp-json\/wp\/v2\/posts\/26847\/revisions"}],"predecessor-version":[{"id":45853,"href":"https:\/\/www.itakaescolapios.org\/pt\/wp-json\/wp\/v2\/posts\/26847\/revisions\/45853"}],"wp:featuredmedia":[{"embeddable":true,"href":"https:\/\/www.itakaescolapios.org\/pt\/wp-json\/wp\/v2\/media\/26854"}],"wp:attachment":[{"href":"https:\/\/www.itakaescolapios.org\/pt\/wp-json\/wp\/v2\/media?parent=26847"}],"wp:term":[{"taxonomy":"category","embeddable":true,"href":"https:\/\/www.itakaescolapios.org\/pt\/wp-json\/wp\/v2\/categories?post=26847"},{"taxonomy":"post_tag","embeddable":true,"href":"https:\/\/www.itakaescolapios.org\/pt\/wp-json\/wp\/v2\/tags?post=26847"}],"curies":[{"name":"wp","href":"https:\/\/api.w.org\/{rel}","templated":true}]}}