{"id":27613,"date":"2019-05-28T21:10:04","date_gmt":"2019-05-28T20:10:04","guid":{"rendered":"https:\/\/www.itakaescolapios.org\/?p=27613"},"modified":"2023-11-28T12:36:50","modified_gmt":"2023-11-28T11:36:50","slug":"itaka-escolapios-en-congo","status":"publish","type":"post","link":"https:\/\/www.itakaescolapios.org\/pt\/2019\/05\/itaka-escolapios-en-congo\/","title":{"rendered":"ITAKA - ESCOLAPIOS EN CONGO"},"content":{"rendered":"<p>Ahora que se inicia una nueva organizaci\u00f3n escolapia en la Rep\u00fablica Democr\u00e1tica del Congo, ahora que estamos dedicando un a\u00f1o entero para dar a conocer y para apoyar la misi\u00f3n escolapia en este pa\u00eds con tantas necesidades educativas y sociales en nuestra Campa\u00f1a de Solidaridad anual&#8230; tenemos la alegr\u00eda de iniciar tambi\u00e9n la presencia de Itaka &#8211; Escolapios en este pa\u00eds, con un buen equipo animador, unos escolapios muy animados y unos cuantos voluntarios dispuestos a iniciar este camino de servicio.<\/p>\n<p>\u00a1Es una gran alegr\u00eda!<\/p>\n","protected":false},"excerpt":{"rendered":"<p>Ahora que se inicia una nueva organizaci\u00f3n escolapia en la Rep\u00fablica Democr\u00e1tica del Congo, ahora que estamos dedicando un a\u00f1o entero para dar a conocer y para apoyar la misi\u00f3n [&hellip;]<\/p>\n","protected":false},"author":4,"featured_media":27614,"comment_status":"closed","ping_status":"closed","sticky":false,"template":"","format":"standard","meta":{"_et_pb_use_builder":"","_et_pb_old_content":"","_et_gb_content_width":"","footnotes":""},"categories":[337],"tags":[],"class_list":["post-27613","post","type-post","status-publish","format-standard","has-post-thumbnail","hentry","category-r-d-congo"],"yoast_head":"<!-- This site is optimized with the Yoast SEO plugin v27.4 - https:\/\/yoast.com\/product\/yoast-seo-wordpress\/ -->\n<title>ITAKA - ESCOLAPIOS EN CONGO<\/title>\n<meta name=\"description\" content=\"Ahora que se inicia una nueva organizaci\u00f3n escolapia en la Rep\u00fablica Democr\u00e1tica del Congo, ahora que estamos dedicando un a\u00f1o entero para dar a conocer y para apoyar la misi\u00f3n escolapia en este pa\u00eds con tantas necesidades educativas y sociales en nuestra Campa\u00f1a de Solidaridad anual... tenemos la alegr\u00eda de iniciar tambi\u00e9n la presencia de&hellip;\" \/>\n<meta name=\"robots\" content=\"index, follow, max-snippet:-1, max-image-preview:large, max-video-preview:-1\" \/>\n<link rel=\"canonical\" href=\"http:\/\/Ahora%20que%20se%20inicia%20una%20nueva%20organizaci\u00f3n%20escolapia%20en%20la%20Rep\u00fablica%20Democr\u00e1tica%20del%20Congo,%20ahora%20que%20estamos%20dedicando%20un%20a\u00f1o%20entero%20para%20dar%20a%20conocer%20y%20para%20apoyar%20la%20misi\u00f3n%20escolapia%20en%20este%20pa\u00eds%20con%20tantas%20necesidades%20educativas%20y%20sociales%20en%20nuestra%20Campa\u00f1a%20de%20Solidaridad%20anual...%20tenemos%20la%20alegr\u00eda%20de%20iniciar%20tambi\u00e9n%20la%20presencia%20de&hellip;\" \/>\n<meta property=\"og:locale\" content=\"pt_BR\" \/>\n<meta property=\"og:type\" content=\"article\" \/>\n<meta property=\"og:title\" content=\"ITAKA - ESCOLAPIOS EN CONGO\" \/>\n<meta property=\"og:description\" content=\"Ahora que se inicia una nueva organizaci\u00f3n escolapia en la Rep\u00fablica Democr\u00e1tica del Congo, ahora que estamos dedicando un a\u00f1o entero para dar a conocer y para apoyar la misi\u00f3n escolapia en este pa\u00eds con tantas necesidades educativas y sociales en nuestra Campa\u00f1a de Solidaridad anual... tenemos la alegr\u00eda de iniciar tambi\u00e9n la presencia de&hellip;\" \/>\n<meta property=\"og:url\" content=\"https:\/\/www.itakaescolapios.org\/pt\/2019\/05\/itaka-escolapios-en-congo\/\" \/>\n<meta property=\"og:site_name\" content=\"Itaka-Escolapios\" \/>\n<meta property=\"article:published_time\" content=\"2019-05-28T20:10:04+00:00\" \/>\n<meta property=\"article:modified_time\" content=\"2023-11-28T11:36:50+00:00\" \/>\n<meta property=\"og:image\" content=\"https:\/\/www.itakaescolapios.org\/wp-content\/uploads\/2019\/05\/Itaka-Congo.jpg\" \/>\n\t<meta property=\"og:image:width\" content=\"960\" \/>\n\t<meta property=\"og:image:height\" content=\"720\" \/>\n\t<meta property=\"og:image:type\" content=\"image\/jpeg\" \/>\n<meta name=\"author\" content=\"itaka\" \/>\n<meta name=\"twitter:card\" content=\"summary_large_image\" \/>\n<meta name=\"twitter:label1\" content=\"Escrito por\" \/>\n\t<meta name=\"twitter:data1\" content=\"itaka\" \/>\n<script type=\"application\/ld+json\" class=\"yoast-schema-graph\">{\"@context\":\"https:\\\/\\\/schema.org\",\"@graph\":[{\"@type\":\"Article\",\"@id\":\"https:\\\/\\\/www.itakaescolapios.org\\\/pt\\\/2019\\\/05\\\/itaka-escolapios-en-congo\\\/#article\",\"isPartOf\":{\"@id\":\"https:\\\/\\\/www.itakaescolapios.org\\\/pt\\\/2019\\\/05\\\/itaka-escolapios-en-congo\\\/\"},\"author\":{\"name\":\"itaka\",\"@id\":\"https:\\\/\\\/www.itakaescolapios.org\\\/es\\\/#\\\/schema\\\/person\\\/670123daeb1cc31cae1b106740036ccb\"},\"headline\":\"ITAKA - ESCOLAPIOS EN CONGO\",\"datePublished\":\"2019-05-28T20:10:04+00:00\",\"dateModified\":\"2023-11-28T11:36:50+00:00\",\"mainEntityOfPage\":{\"@id\":\"https:\\\/\\\/www.itakaescolapios.org\\\/pt\\\/2019\\\/05\\\/itaka-escolapios-en-congo\\\/\"},\"wordCount\":101,\"publisher\":{\"@id\":\"https:\\\/\\\/www.itakaescolapios.org\\\/es\\\/#organization\"},\"image\":{\"@id\":\"https:\\\/\\\/www.itakaescolapios.org\\\/pt\\\/2019\\\/05\\\/itaka-escolapios-en-congo\\\/#primaryimage\"},\"thumbnailUrl\":\"https:\\\/\\\/www.itakaescolapios.org\\\/wp-content\\\/uploads\\\/2019\\\/05\\\/Itaka-Congo.jpg\",\"articleSection\":[\"R.D. Congo\"],\"inLanguage\":\"pt-BR\"},{\"@type\":\"WebPage\",\"@id\":\"https:\\\/\\\/www.itakaescolapios.org\\\/pt\\\/2019\\\/05\\\/itaka-escolapios-en-congo\\\/\",\"url\":\"https:\\\/\\\/www.itakaescolapios.org\\\/pt\\\/2019\\\/05\\\/itaka-escolapios-en-congo\\\/\",\"name\":\"ITAKA - ESCOLAPIOS EN CONGO - Itaka-Escolapios\",\"isPartOf\":{\"@id\":\"https:\\\/\\\/www.itakaescolapios.org\\\/es\\\/#website\"},\"primaryImageOfPage\":{\"@id\":\"https:\\\/\\\/www.itakaescolapios.org\\\/pt\\\/2019\\\/05\\\/itaka-escolapios-en-congo\\\/#primaryimage\"},\"image\":{\"@id\":\"https:\\\/\\\/www.itakaescolapios.org\\\/pt\\\/2019\\\/05\\\/itaka-escolapios-en-congo\\\/#primaryimage\"},\"thumbnailUrl\":\"https:\\\/\\\/www.itakaescolapios.org\\\/wp-content\\\/uploads\\\/2019\\\/05\\\/Itaka-Congo.jpg\",\"datePublished\":\"2019-05-28T20:10:04+00:00\",\"dateModified\":\"2023-11-28T11:36:50+00:00\",\"breadcrumb\":{\"@id\":\"https:\\\/\\\/www.itakaescolapios.org\\\/pt\\\/2019\\\/05\\\/itaka-escolapios-en-congo\\\/#breadcrumb\"},\"inLanguage\":\"pt-BR\",\"potentialAction\":[{\"@type\":\"ReadAction\",\"target\":[\"https:\\\/\\\/www.itakaescolapios.org\\\/pt\\\/2019\\\/05\\\/itaka-escolapios-en-congo\\\/\"]}]},{\"@type\":\"ImageObject\",\"inLanguage\":\"pt-BR\",\"@id\":\"https:\\\/\\\/www.itakaescolapios.org\\\/pt\\\/2019\\\/05\\\/itaka-escolapios-en-congo\\\/#primaryimage\",\"url\":\"https:\\\/\\\/www.itakaescolapios.org\\\/wp-content\\\/uploads\\\/2019\\\/05\\\/Itaka-Congo.jpg\",\"contentUrl\":\"https:\\\/\\\/www.itakaescolapios.org\\\/wp-content\\\/uploads\\\/2019\\\/05\\\/Itaka-Congo.jpg\",\"width\":960,\"height\":720},{\"@type\":\"BreadcrumbList\",\"@id\":\"https:\\\/\\\/www.itakaescolapios.org\\\/pt\\\/2019\\\/05\\\/itaka-escolapios-en-congo\\\/#breadcrumb\",\"itemListElement\":[{\"@type\":\"ListItem\",\"position\":1,\"name\":\"Itaka-Escolapios\",\"item\":\"https:\\\/\\\/www.itakaescolapios.org\\\/es\\\/\"},{\"@type\":\"ListItem\",\"position\":2,\"name\":\"ITAKA - ESCOLAPIOS EN CONGO\"}]},{\"@type\":\"WebSite\",\"@id\":\"https:\\\/\\\/www.itakaescolapios.org\\\/pt\\\/es\\\/#website\",\"url\":\"https:\\\/\\\/www.itakaescolapios.org\\\/pt\\\/es\\\/\",\"name\":\"Itaka-Escolapios\",\"description\":\"Red de Itaka-Escolapios\",\"publisher\":{\"@id\":\"https:\\\/\\\/www.itakaescolapios.org\\\/pt\\\/es\\\/#organization\"},\"potentialAction\":[{\"@type\":\"SearchAction\",\"target\":{\"@type\":\"EntryPoint\",\"urlTemplate\":\"https:\\\/\\\/www.itakaescolapios.org\\\/pt\\\/es\\\/?s={search_term_string}\"},\"query-input\":{\"@type\":\"PropertyValueSpecification\",\"valueRequired\":true,\"valueName\":\"search_term_string\"}}],\"inLanguage\":\"pt-BR\"},{\"@type\":\"Organization\",\"@id\":\"https:\\\/\\\/www.itakaescolapios.org\\\/pt\\\/es\\\/#organization\",\"name\":\"Fundaci\u00f3 Itaka-Escolapios\",\"url\":\"https:\\\/\\\/www.itakaescolapios.org\\\/pt\\\/es\\\/\",\"logo\":{\"@type\":\"ImageObject\",\"inLanguage\":\"pt-BR\",\"@id\":\"https:\\\/\\\/www.itakaescolapios.org\\\/pt\\\/es\\\/#\\\/schema\\\/logo\\\/image\\\/\",\"url\":\"https:\\\/\\\/www.itakaescolapios.org\\\/wp-content\\\/uploads\\\/2024\\\/04\\\/Logo-itakaescolapios-peque.png\",\"contentUrl\":\"https:\\\/\\\/www.itakaescolapios.org\\\/wp-content\\\/uploads\\\/2024\\\/04\\\/Logo-itakaescolapios-peque.png\",\"width\":500,\"height\":199,\"caption\":\"Fundaci\u00f3 Itaka-Escolapios\"},\"image\":{\"@id\":\"https:\\\/\\\/www.itakaescolapios.org\\\/pt\\\/es\\\/#\\\/schema\\\/logo\\\/image\\\/\"}},{\"@type\":\"Person\",\"@id\":\"https:\\\/\\\/www.itakaescolapios.org\\\/es\\\/#\\\/schema\\\/person\\\/670123daeb1cc31cae1b106740036ccb\",\"name\":\"itaka\",\"url\":\"https:\\\/\\\/www.itakaescolapios.org\\\/pt\\\/author\\\/itaka\\\/\"}]}<\/script>\n<!-- \/ Yoast SEO plugin. -->","yoast_head_json":{"title":"ITAKA - ESCOLAPIOS EN CONGO","description":"Ahora que se inicia una nueva organizaci\u00f3n escolapia en la Rep\u00fablica Democr\u00e1tica del Congo, ahora que estamos dedicando un a\u00f1o entero para dar a conocer y para apoyar la misi\u00f3n escolapia en este pa\u00eds con tantas necesidades educativas y sociales en nuestra Campa\u00f1a de Solidaridad anual... tenemos la alegr\u00eda de iniciar tambi\u00e9n la presencia de&hellip;","robots":{"index":"index","follow":"follow","max-snippet":"max-snippet:-1","max-image-preview":"max-image-preview:large","max-video-preview":"max-video-preview:-1"},"canonical":"Ahora que se inicia una nueva organizaci\u00f3n escolapia en la Rep\u00fablica Democr\u00e1tica del Congo, ahora que estamos dedicando un a\u00f1o entero para dar a conocer y para apoyar la misi\u00f3n escolapia en este pa\u00eds con tantas necesidades educativas y sociales en nuestra Campa\u00f1a de Solidaridad anual... tenemos la alegr\u00eda de iniciar tambi\u00e9n la presencia de&hellip;","og_locale":"pt_BR","og_type":"article","og_title":"ITAKA - ESCOLAPIOS EN CONGO","og_description":"Ahora que se inicia una nueva organizaci\u00f3n escolapia en la Rep\u00fablica Democr\u00e1tica del Congo, ahora que estamos dedicando un a\u00f1o entero para dar a conocer y para apoyar la misi\u00f3n escolapia en este pa\u00eds con tantas necesidades educativas y sociales en nuestra Campa\u00f1a de Solidaridad anual... tenemos la alegr\u00eda de iniciar tambi\u00e9n la presencia de&hellip;","og_url":"https:\/\/www.itakaescolapios.org\/pt\/2019\/05\/itaka-escolapios-en-congo\/","og_site_name":"Itaka-Escolapios","article_published_time":"2019-05-28T20:10:04+00:00","article_modified_time":"2023-11-28T11:36:50+00:00","og_image":[{"width":960,"height":720,"url":"https:\/\/www.itakaescolapios.org\/wp-content\/uploads\/2019\/05\/Itaka-Congo.jpg","type":"image\/jpeg"}],"author":"itaka","twitter_card":"summary_large_image","twitter_misc":{"Escrito por":"itaka"},"schema":{"@context":"https:\/\/schema.org","@graph":[{"@type":"Article","@id":"https:\/\/www.itakaescolapios.org\/pt\/2019\/05\/itaka-escolapios-en-congo\/#article","isPartOf":{"@id":"https:\/\/www.itakaescolapios.org\/pt\/2019\/05\/itaka-escolapios-en-congo\/"},"author":{"name":"itaka","@id":"https:\/\/www.itakaescolapios.org\/es\/#\/schema\/person\/670123daeb1cc31cae1b106740036ccb"},"headline":"ITAKA - ESCOLAPIOS EN CONGO","datePublished":"2019-05-28T20:10:04+00:00","dateModified":"2023-11-28T11:36:50+00:00","mainEntityOfPage":{"@id":"https:\/\/www.itakaescolapios.org\/pt\/2019\/05\/itaka-escolapios-en-congo\/"},"wordCount":101,"publisher":{"@id":"https:\/\/www.itakaescolapios.org\/es\/#organization"},"image":{"@id":"https:\/\/www.itakaescolapios.org\/pt\/2019\/05\/itaka-escolapios-en-congo\/#primaryimage"},"thumbnailUrl":"https:\/\/www.itakaescolapios.org\/wp-content\/uploads\/2019\/05\/Itaka-Congo.jpg","articleSection":["R.D. Congo"],"inLanguage":"pt-BR"},{"@type":"WebPage","@id":"https:\/\/www.itakaescolapios.org\/pt\/2019\/05\/itaka-escolapios-en-congo\/","url":"https:\/\/www.itakaescolapios.org\/pt\/2019\/05\/itaka-escolapios-en-congo\/","name":"ITAKA - ESCOLAPIOS EN CONGO - Itaka-Escolapios","isPartOf":{"@id":"https:\/\/www.itakaescolapios.org\/es\/#website"},"primaryImageOfPage":{"@id":"https:\/\/www.itakaescolapios.org\/pt\/2019\/05\/itaka-escolapios-en-congo\/#primaryimage"},"image":{"@id":"https:\/\/www.itakaescolapios.org\/pt\/2019\/05\/itaka-escolapios-en-congo\/#primaryimage"},"thumbnailUrl":"https:\/\/www.itakaescolapios.org\/wp-content\/uploads\/2019\/05\/Itaka-Congo.jpg","datePublished":"2019-05-28T20:10:04+00:00","dateModified":"2023-11-28T11:36:50+00:00","breadcrumb":{"@id":"https:\/\/www.itakaescolapios.org\/pt\/2019\/05\/itaka-escolapios-en-congo\/#breadcrumb"},"inLanguage":"pt-BR","potentialAction":[{"@type":"ReadAction","target":["https:\/\/www.itakaescolapios.org\/pt\/2019\/05\/itaka-escolapios-en-congo\/"]}]},{"@type":"ImageObject","inLanguage":"pt-BR","@id":"https:\/\/www.itakaescolapios.org\/pt\/2019\/05\/itaka-escolapios-en-congo\/#primaryimage","url":"https:\/\/www.itakaescolapios.org\/wp-content\/uploads\/2019\/05\/Itaka-Congo.jpg","contentUrl":"https:\/\/www.itakaescolapios.org\/wp-content\/uploads\/2019\/05\/Itaka-Congo.jpg","width":960,"height":720},{"@type":"BreadcrumbList","@id":"https:\/\/www.itakaescolapios.org\/pt\/2019\/05\/itaka-escolapios-en-congo\/#breadcrumb","itemListElement":[{"@type":"ListItem","position":1,"name":"Itaka-Escolapios","item":"https:\/\/www.itakaescolapios.org\/es\/"},{"@type":"ListItem","position":2,"name":"ITAKA - ESCOLAPIOS EN CONGO"}]},{"@type":"WebSite","@id":"https:\/\/www.itakaescolapios.org\/pt\/es\/#website","url":"https:\/\/www.itakaescolapios.org\/pt\/es\/","name":"Itaka-Escolapios","description":"Red de Itaka-Escolapios","publisher":{"@id":"https:\/\/www.itakaescolapios.org\/pt\/es\/#organization"},"potentialAction":[{"@type":"SearchAction","target":{"@type":"EntryPoint","urlTemplate":"https:\/\/www.itakaescolapios.org\/pt\/es\/?s={search_term_string}"},"query-input":{"@type":"PropertyValueSpecification","valueRequired":true,"valueName":"search_term_string"}}],"inLanguage":"pt-BR"},{"@type":"Organization","@id":"https:\/\/www.itakaescolapios.org\/pt\/es\/#organization","name":"Fundaci\u00f3 Itaka-Escolapios","url":"https:\/\/www.itakaescolapios.org\/pt\/es\/","logo":{"@type":"ImageObject","inLanguage":"pt-BR","@id":"https:\/\/www.itakaescolapios.org\/pt\/es\/#\/schema\/logo\/image\/","url":"https:\/\/www.itakaescolapios.org\/wp-content\/uploads\/2024\/04\/Logo-itakaescolapios-peque.png","contentUrl":"https:\/\/www.itakaescolapios.org\/wp-content\/uploads\/2024\/04\/Logo-itakaescolapios-peque.png","width":500,"height":199,"caption":"Fundaci\u00f3 Itaka-Escolapios"},"image":{"@id":"https:\/\/www.itakaescolapios.org\/pt\/es\/#\/schema\/logo\/image\/"}},{"@type":"Person","@id":"https:\/\/www.itakaescolapios.org\/es\/#\/schema\/person\/670123daeb1cc31cae1b106740036ccb","name":"itaka","url":"https:\/\/www.itakaescolapios.org\/pt\/author\/itaka\/"}]}},"_links":{"self":[{"href":"https:\/\/www.itakaescolapios.org\/pt\/wp-json\/wp\/v2\/posts\/27613","targetHints":{"allow":["GET"]}}],"collection":[{"href":"https:\/\/www.itakaescolapios.org\/pt\/wp-json\/wp\/v2\/posts"}],"about":[{"href":"https:\/\/www.itakaescolapios.org\/pt\/wp-json\/wp\/v2\/types\/post"}],"author":[{"embeddable":true,"href":"https:\/\/www.itakaescolapios.org\/pt\/wp-json\/wp\/v2\/users\/4"}],"replies":[{"embeddable":true,"href":"https:\/\/www.itakaescolapios.org\/pt\/wp-json\/wp\/v2\/comments?post=27613"}],"version-history":[{"count":3,"href":"https:\/\/www.itakaescolapios.org\/pt\/wp-json\/wp\/v2\/posts\/27613\/revisions"}],"predecessor-version":[{"id":45661,"href":"https:\/\/www.itakaescolapios.org\/pt\/wp-json\/wp\/v2\/posts\/27613\/revisions\/45661"}],"wp:featuredmedia":[{"embeddable":true,"href":"https:\/\/www.itakaescolapios.org\/pt\/wp-json\/wp\/v2\/media\/27614"}],"wp:attachment":[{"href":"https:\/\/www.itakaescolapios.org\/pt\/wp-json\/wp\/v2\/media?parent=27613"}],"wp:term":[{"taxonomy":"category","embeddable":true,"href":"https:\/\/www.itakaescolapios.org\/pt\/wp-json\/wp\/v2\/categories?post=27613"},{"taxonomy":"post_tag","embeddable":true,"href":"https:\/\/www.itakaescolapios.org\/pt\/wp-json\/wp\/v2\/tags?post=27613"}],"curies":[{"name":"wp","href":"https:\/\/api.w.org\/{rel}","templated":true}]}}