{"id":28457,"date":"2019-10-07T12:01:43","date_gmt":"2019-10-07T11:01:43","guid":{"rendered":"https:\/\/www.itakaescolapios.org\/?p=28457"},"modified":"2023-11-28T12:36:42","modified_gmt":"2023-11-28T11:36:42","slug":"nuevo-curso-cambios-en-las-sedes-de-betania","status":"publish","type":"post","link":"https:\/\/www.itakaescolapios.org\/pt\/2019\/10\/nuevo-curso-cambios-en-las-sedes-de-betania\/","title":{"rendered":"NUEVO CURSO, CAMBIOS EN LAS SEDES DE BETANIA"},"content":{"rendered":"<p>Hemos comenzado un nuevo curso con muchos proyectos e ideas, pero sobre todo, con muchas ganas de ver a los ni\u00f1os, ni\u00f1as y j\u00f3venes con los que trabajamos.\u00a0 El primer paso para empezar el curso ha sido la formaci\u00f3n de los equipos de sede que este curso han tenido algunos cambios.<\/p>\n<p>En el equipo de sede de Valencia, la coordinadora sigue siendo Laura Garc\u00eda R\u00e1bago, y contar\u00e1 con M\u00f3nica Candel, Eva Gasc\u00f3, Mabel Llid\u00f3 y Paz Su\u00f1er. Esperamos alguna otra incorporaci\u00f3n, ya que nos gustar\u00eda contar con alguna persona en representaci\u00f3n de la Fraternidad en Valencia, \u00a0y nos despedimos de Bea Tom\u00e1s y de Patu Muedra, que han estado participando en el equipo voluntariamente durante los \u00faltimos a\u00f1os. Muchas gracias a las dos por vuestro compromiso y participaci\u00f3n en Itaka Valencia.<\/p>\n<p>El equipo de sede nos reunimos dos veces al mes, una de ellas para tomar decisiones concretas del d\u00eda a d\u00eda de los proyectos y otras necesidades inmediatas, y la segunda para llevar un seguimiento de cada una de las \u00e1reas que se desarrollan en la zona de Valencia, despu\u00e9s de establecidas las l\u00edneas que guiar\u00e1n el curso.<\/p>\n<p>En Madrid dedicamos una reuni\u00f3n espec\u00edfica al final de curso sobre la composici\u00f3n y funcionamiento de la sede. Despu\u00e9s de cinco a\u00f1os desde su inicio, la repensamos como el sustrato que alimenta el trabajo y el d\u00eda a d\u00eda; un motor interno que conoce la ra\u00edz identitaria y desde aqu\u00ed planifica y prioriza lo esencial para el a\u00f1o. Por ello, hemos pasado a reunirnos trimestralmente para el seguimiento de los equipos de \u00e1reas y proyectos, as\u00ed como los objetivos planteados.<\/p>\n<p>Una idea que siempre hemos tenido de fondo es que pudieran estar representadas todas las comunidades de la Fraternidad de Madrid, por lo que esperamos nuevas incorporaciones desde Alcal\u00e1 de Henares, junto a las de Esther S\u00e1nchez (Al\u00e9grate) y Mariu Prieto (Apeiron), sum\u00e1ndose a las personas que ya estaban (Marta Moratona como coordinadora de la sede, Javier de Arriba, Pilar Ruiz, Jaime Llid\u00f3 y Pedro Alonso). Agradecemos enormemente a Guillermo G\u00f3mez por tanta vida puesta en todos estos a\u00f1os contribuyendo al crecimiento y consolidaci\u00f3n de la sede.<\/p>\n<p>Por su parte, el equipo de Albacete cuenta con Paco Garc\u00eda como coordinador de sede, Mar\u00eda Rosa Villar, Inma Sol y Miguel \u00c1ngel Acebal. Han salido del equipo el padre Marino y Marta, a los que tambi\u00e9n agradecemos su participaci\u00f3n ayudando a crecer esta sede, que cada vez tiene m\u00e1s proyectos que va sacando adelante gracias a su voluntariado y a todos ellos.<\/p>\n\n\t\t<style type=\"text\/css\">\n\t\t\t#gallery-1 {\n\t\t\t\tmargin: auto;\n\t\t\t}\n\t\t\t#gallery-1 .gallery-item {\n\t\t\t\tfloat: left;\n\t\t\t\tmargin-top: 10px;\n\t\t\t\ttext-align: center;\n\t\t\t\twidth: 33%;\n\t\t\t}\n\t\t\t#gallery-1 img {\n\t\t\t\tborder: 2px solid #cfcfcf;\n\t\t\t}\n\t\t\t#gallery-1 .gallery-caption {\n\t\t\t\tmargin-left: 0;\n\t\t\t}\n\t\t\t\/* see gallery_shortcode() in wp-includes\/media.php *\/\n\t\t<\/style>\n\t\t<div id='gallery-1' class='gallery galleryid-28457 gallery-columns-3 gallery-size-thumbnail'><dl class='gallery-item'>\n\t\t\t<dt class='gallery-icon landscape'>\n\t\t\t\t<a href='https:\/\/www.itakaescolapios.org\/pt\/2019\/10\/nuevo-curso-cambios-en-las-sedes-de-betania\/whatsapp-image-2019-09-24-at-16-42-14-2\/'><img decoding=\"async\" width=\"90\" height=\"90\" src=\"https:\/\/www.itakaescolapios.org\/wp-content\/uploads\/2019\/10\/WhatsApp-Image-2019-09-24-at-16.42.14-1-e1570446234157-90x90.jpeg\" class=\"attachment-thumbnail size-thumbnail\" alt=\"\" \/><\/a>\n\t\t\t<\/dt><\/dl><dl class='gallery-item'>\n\t\t\t<dt class='gallery-icon landscape'>\n\t\t\t\t<a href='https:\/\/www.itakaescolapios.org\/pt\/2019\/10\/nuevo-curso-cambios-en-las-sedes-de-betania\/whatsapp-image-2019-10-03-at-11-32-17\/'><img decoding=\"async\" width=\"90\" height=\"90\" src=\"https:\/\/www.itakaescolapios.org\/wp-content\/uploads\/2019\/10\/WhatsApp-Image-2019-10-03-at-11.32.17-90x90.jpeg\" class=\"attachment-thumbnail size-thumbnail\" alt=\"\" \/><\/a>\n\t\t\t<\/dt><\/dl>\n\t\t\t<br style='clear: both' \/>\n\t\t<\/div>\n\n","protected":false},"excerpt":{"rendered":"<p>Hemos comenzado un nuevo curso con muchos proyectos e ideas, pero sobre todo, con muchas ganas de ver a los ni\u00f1os, ni\u00f1as y j\u00f3venes con los que trabajamos.\u00a0 El primer [&hellip;]<\/p>\n","protected":false},"author":39,"featured_media":28458,"comment_status":"closed","ping_status":"closed","sticky":false,"template":"","format":"standard","meta":{"_et_pb_use_builder":"","_et_pb_old_content":"","_et_gb_content_width":"","footnotes":""},"categories":[146,12],"tags":[436,196,424,437,430,435,411],"class_list":["post-28457","post","type-post","status-publish","format-standard","has-post-thumbnail","hentry","category-madrid","category-valencia","tag-albacete","tag-betania","tag-madrid","tag-novedades","tag-oviedo","tag-sede","tag-valencia"],"yoast_head":"<!-- This site is optimized with the Yoast SEO plugin v27.4 - https:\/\/yoast.com\/product\/yoast-seo-wordpress\/ -->\n<title>NUEVO CURSO, CAMBIOS EN LAS SEDES DE BETANIA<\/title>\n<meta name=\"description\" content=\"Hemos comenzado un nuevo curso con muchos proyectos e ideas, pero sobre todo, con muchas ganas de ver a los ni\u00f1os, ni\u00f1as y j\u00f3venes con los que trabajamos.\u00a0 El primer paso para empezar el curso ha sido la formaci\u00f3n de los equipos de sede que este curso han tenido algunos cambios. En el equipo de&hellip;\" \/>\n<meta name=\"robots\" content=\"index, follow, max-snippet:-1, max-image-preview:large, max-video-preview:-1\" \/>\n<link rel=\"canonical\" href=\"http:\/\/Hemos%20comenzado%20un%20nuevo%20curso%20con%20muchos%20proyectos%20e%20ideas,%20pero%20sobre%20todo,%20con%20muchas%20ganas%20de%20ver%20a%20los%20ni\u00f1os,%20ni\u00f1as%20y%20j\u00f3venes%20con%20los%20que%20trabajamos.\u00a0%20El%20primer%20paso%20para%20empezar%20el%20curso%20ha%20sido%20la%20formaci\u00f3n%20de%20los%20equipos%20de%20sede%20que%20este%20curso%20han%20tenido%20algunos%20cambios.%20En%20el%20equipo%20de&hellip;\" \/>\n<meta property=\"og:locale\" content=\"pt_BR\" \/>\n<meta property=\"og:type\" content=\"article\" \/>\n<meta property=\"og:title\" content=\"NUEVO CURSO, CAMBIOS EN LAS SEDES DE BETANIA\" \/>\n<meta property=\"og:description\" content=\"Hemos comenzado un nuevo curso con muchos proyectos e ideas, pero sobre todo, con muchas ganas de ver a los ni\u00f1os, ni\u00f1as y j\u00f3venes con los que trabajamos.\u00a0 El primer paso para empezar el curso ha sido la formaci\u00f3n de los equipos de sede que este curso han tenido algunos cambios. En el equipo de&hellip;\" \/>\n<meta property=\"og:url\" content=\"https:\/\/www.itakaescolapios.org\/pt\/2019\/10\/nuevo-curso-cambios-en-las-sedes-de-betania\/\" \/>\n<meta property=\"og:site_name\" content=\"Itaka-Escolapios\" \/>\n<meta property=\"article:published_time\" content=\"2019-10-07T11:01:43+00:00\" \/>\n<meta property=\"article:modified_time\" content=\"2023-11-28T11:36:42+00:00\" \/>\n<meta property=\"og:image\" content=\"https:\/\/www.itakaescolapios.org\/wp-content\/uploads\/2019\/10\/WhatsApp-Image-2019-09-24-at-16.42.14-1-e1570446234157.jpeg\" \/>\n\t<meta property=\"og:image:width\" content=\"1200\" \/>\n\t<meta property=\"og:image:height\" content=\"784\" \/>\n\t<meta property=\"og:image:type\" content=\"image\/jpeg\" \/>\n<meta name=\"author\" content=\"valencia01\" \/>\n<meta name=\"twitter:card\" content=\"summary_large_image\" \/>\n<meta name=\"twitter:label1\" content=\"Escrito por\" \/>\n\t<meta name=\"twitter:data1\" content=\"valencia01\" \/>\n\t<meta name=\"twitter:label2\" content=\"Est. tempo de leitura\" \/>\n\t<meta name=\"twitter:data2\" content=\"2 minutos\" \/>\n<script type=\"application\/ld+json\" class=\"yoast-schema-graph\">{\"@context\":\"https:\\\/\\\/schema.org\",\"@graph\":[{\"@type\":\"Article\",\"@id\":\"https:\\\/\\\/www.itakaescolapios.org\\\/pt\\\/2019\\\/10\\\/nuevo-curso-cambios-en-las-sedes-de-betania\\\/#article\",\"isPartOf\":{\"@id\":\"https:\\\/\\\/www.itakaescolapios.org\\\/pt\\\/2019\\\/10\\\/nuevo-curso-cambios-en-las-sedes-de-betania\\\/\"},\"author\":{\"name\":\"valencia01\",\"@id\":\"https:\\\/\\\/www.itakaescolapios.org\\\/es\\\/#\\\/schema\\\/person\\\/c232ccaa2b3f2e98db93c1f8dfca96ff\"},\"headline\":\"NUEVO CURSO, CAMBIOS EN LAS SEDES DE BETANIA\",\"datePublished\":\"2019-10-07T11:01:43+00:00\",\"dateModified\":\"2023-11-28T11:36:42+00:00\",\"mainEntityOfPage\":{\"@id\":\"https:\\\/\\\/www.itakaescolapios.org\\\/pt\\\/2019\\\/10\\\/nuevo-curso-cambios-en-las-sedes-de-betania\\\/\"},\"wordCount\":468,\"publisher\":{\"@id\":\"https:\\\/\\\/www.itakaescolapios.org\\\/es\\\/#organization\"},\"image\":{\"@id\":\"https:\\\/\\\/www.itakaescolapios.org\\\/pt\\\/2019\\\/10\\\/nuevo-curso-cambios-en-las-sedes-de-betania\\\/#primaryimage\"},\"thumbnailUrl\":\"https:\\\/\\\/www.itakaescolapios.org\\\/wp-content\\\/uploads\\\/2019\\\/10\\\/WhatsApp-Image-2019-09-24-at-16.42.14-1-e1570446234157.jpeg\",\"keywords\":[\"Albacete\",\"Betania\",\"Madrid\",\"novedades\",\"Oviedo\",\"sede\",\"Valencia\"],\"articleSection\":[\"Madrid\",\"Valencia\"],\"inLanguage\":\"pt-BR\"},{\"@type\":\"WebPage\",\"@id\":\"https:\\\/\\\/www.itakaescolapios.org\\\/pt\\\/2019\\\/10\\\/nuevo-curso-cambios-en-las-sedes-de-betania\\\/\",\"url\":\"https:\\\/\\\/www.itakaescolapios.org\\\/pt\\\/2019\\\/10\\\/nuevo-curso-cambios-en-las-sedes-de-betania\\\/\",\"name\":\"NUEVO CURSO, CAMBIOS EN LAS SEDES DE BETANIA - Itaka-Escolapios\",\"isPartOf\":{\"@id\":\"https:\\\/\\\/www.itakaescolapios.org\\\/es\\\/#website\"},\"primaryImageOfPage\":{\"@id\":\"https:\\\/\\\/www.itakaescolapios.org\\\/pt\\\/2019\\\/10\\\/nuevo-curso-cambios-en-las-sedes-de-betania\\\/#primaryimage\"},\"image\":{\"@id\":\"https:\\\/\\\/www.itakaescolapios.org\\\/pt\\\/2019\\\/10\\\/nuevo-curso-cambios-en-las-sedes-de-betania\\\/#primaryimage\"},\"thumbnailUrl\":\"https:\\\/\\\/www.itakaescolapios.org\\\/wp-content\\\/uploads\\\/2019\\\/10\\\/WhatsApp-Image-2019-09-24-at-16.42.14-1-e1570446234157.jpeg\",\"datePublished\":\"2019-10-07T11:01:43+00:00\",\"dateModified\":\"2023-11-28T11:36:42+00:00\",\"breadcrumb\":{\"@id\":\"https:\\\/\\\/www.itakaescolapios.org\\\/pt\\\/2019\\\/10\\\/nuevo-curso-cambios-en-las-sedes-de-betania\\\/#breadcrumb\"},\"inLanguage\":\"pt-BR\",\"potentialAction\":[{\"@type\":\"ReadAction\",\"target\":[\"https:\\\/\\\/www.itakaescolapios.org\\\/pt\\\/2019\\\/10\\\/nuevo-curso-cambios-en-las-sedes-de-betania\\\/\"]}]},{\"@type\":\"ImageObject\",\"inLanguage\":\"pt-BR\",\"@id\":\"https:\\\/\\\/www.itakaescolapios.org\\\/pt\\\/2019\\\/10\\\/nuevo-curso-cambios-en-las-sedes-de-betania\\\/#primaryimage\",\"url\":\"https:\\\/\\\/www.itakaescolapios.org\\\/wp-content\\\/uploads\\\/2019\\\/10\\\/WhatsApp-Image-2019-09-24-at-16.42.14-1-e1570446234157.jpeg\",\"contentUrl\":\"https:\\\/\\\/www.itakaescolapios.org\\\/wp-content\\\/uploads\\\/2019\\\/10\\\/WhatsApp-Image-2019-09-24-at-16.42.14-1-e1570446234157.jpeg\",\"width\":1200,\"height\":784},{\"@type\":\"BreadcrumbList\",\"@id\":\"https:\\\/\\\/www.itakaescolapios.org\\\/pt\\\/2019\\\/10\\\/nuevo-curso-cambios-en-las-sedes-de-betania\\\/#breadcrumb\",\"itemListElement\":[{\"@type\":\"ListItem\",\"position\":1,\"name\":\"Itaka-Escolapios\",\"item\":\"https:\\\/\\\/www.itakaescolapios.org\\\/es\\\/\"},{\"@type\":\"ListItem\",\"position\":2,\"name\":\"NUEVO CURSO, CAMBIOS EN LAS SEDES DE BETANIA\"}]},{\"@type\":\"WebSite\",\"@id\":\"https:\\\/\\\/www.itakaescolapios.org\\\/pt\\\/es\\\/#website\",\"url\":\"https:\\\/\\\/www.itakaescolapios.org\\\/pt\\\/es\\\/\",\"name\":\"Itaka-Escolapios\",\"description\":\"Red de Itaka-Escolapios\",\"publisher\":{\"@id\":\"https:\\\/\\\/www.itakaescolapios.org\\\/pt\\\/es\\\/#organization\"},\"potentialAction\":[{\"@type\":\"SearchAction\",\"target\":{\"@type\":\"EntryPoint\",\"urlTemplate\":\"https:\\\/\\\/www.itakaescolapios.org\\\/pt\\\/es\\\/?s={search_term_string}\"},\"query-input\":{\"@type\":\"PropertyValueSpecification\",\"valueRequired\":true,\"valueName\":\"search_term_string\"}}],\"inLanguage\":\"pt-BR\"},{\"@type\":\"Organization\",\"@id\":\"https:\\\/\\\/www.itakaescolapios.org\\\/pt\\\/es\\\/#organization\",\"name\":\"Fundaci\u00f3 Itaka-Escolapios\",\"url\":\"https:\\\/\\\/www.itakaescolapios.org\\\/pt\\\/es\\\/\",\"logo\":{\"@type\":\"ImageObject\",\"inLanguage\":\"pt-BR\",\"@id\":\"https:\\\/\\\/www.itakaescolapios.org\\\/pt\\\/es\\\/#\\\/schema\\\/logo\\\/image\\\/\",\"url\":\"https:\\\/\\\/www.itakaescolapios.org\\\/wp-content\\\/uploads\\\/2024\\\/04\\\/Logo-itakaescolapios-peque.png\",\"contentUrl\":\"https:\\\/\\\/www.itakaescolapios.org\\\/wp-content\\\/uploads\\\/2024\\\/04\\\/Logo-itakaescolapios-peque.png\",\"width\":500,\"height\":199,\"caption\":\"Fundaci\u00f3 Itaka-Escolapios\"},\"image\":{\"@id\":\"https:\\\/\\\/www.itakaescolapios.org\\\/pt\\\/es\\\/#\\\/schema\\\/logo\\\/image\\\/\"}},{\"@type\":\"Person\",\"@id\":\"https:\\\/\\\/www.itakaescolapios.org\\\/es\\\/#\\\/schema\\\/person\\\/c232ccaa2b3f2e98db93c1f8dfca96ff\",\"name\":\"valencia01\",\"url\":\"https:\\\/\\\/www.itakaescolapios.org\\\/pt\\\/author\\\/valencia01\\\/\"}]}<\/script>\n<!-- \/ Yoast SEO plugin. -->","yoast_head_json":{"title":"NUEVO CURSO, CAMBIOS EN LAS SEDES DE BETANIA","description":"Hemos comenzado un nuevo curso con muchos proyectos e ideas, pero sobre todo, con muchas ganas de ver a los ni\u00f1os, ni\u00f1as y j\u00f3venes con los que trabajamos.\u00a0 El primer paso para empezar el curso ha sido la formaci\u00f3n de los equipos de sede que este curso han tenido algunos cambios. En el equipo de&hellip;","robots":{"index":"index","follow":"follow","max-snippet":"max-snippet:-1","max-image-preview":"max-image-preview:large","max-video-preview":"max-video-preview:-1"},"canonical":"Hemos comenzado un nuevo curso con muchos proyectos e ideas, pero sobre todo, con muchas ganas de ver a los ni\u00f1os, ni\u00f1as y j\u00f3venes con los que trabajamos.\u00a0 El primer paso para empezar el curso ha sido la formaci\u00f3n de los equipos de sede que este curso han tenido algunos cambios. En el equipo de&hellip;","og_locale":"pt_BR","og_type":"article","og_title":"NUEVO CURSO, CAMBIOS EN LAS SEDES DE BETANIA","og_description":"Hemos comenzado un nuevo curso con muchos proyectos e ideas, pero sobre todo, con muchas ganas de ver a los ni\u00f1os, ni\u00f1as y j\u00f3venes con los que trabajamos.\u00a0 El primer paso para empezar el curso ha sido la formaci\u00f3n de los equipos de sede que este curso han tenido algunos cambios. En el equipo de&hellip;","og_url":"https:\/\/www.itakaescolapios.org\/pt\/2019\/10\/nuevo-curso-cambios-en-las-sedes-de-betania\/","og_site_name":"Itaka-Escolapios","article_published_time":"2019-10-07T11:01:43+00:00","article_modified_time":"2023-11-28T11:36:42+00:00","og_image":[{"width":1200,"height":784,"url":"https:\/\/www.itakaescolapios.org\/wp-content\/uploads\/2019\/10\/WhatsApp-Image-2019-09-24-at-16.42.14-1-e1570446234157.jpeg","type":"image\/jpeg"}],"author":"valencia01","twitter_card":"summary_large_image","twitter_misc":{"Escrito por":"valencia01","Est. tempo de leitura":"2 minutos"},"schema":{"@context":"https:\/\/schema.org","@graph":[{"@type":"Article","@id":"https:\/\/www.itakaescolapios.org\/pt\/2019\/10\/nuevo-curso-cambios-en-las-sedes-de-betania\/#article","isPartOf":{"@id":"https:\/\/www.itakaescolapios.org\/pt\/2019\/10\/nuevo-curso-cambios-en-las-sedes-de-betania\/"},"author":{"name":"valencia01","@id":"https:\/\/www.itakaescolapios.org\/es\/#\/schema\/person\/c232ccaa2b3f2e98db93c1f8dfca96ff"},"headline":"NUEVO CURSO, CAMBIOS EN LAS SEDES DE BETANIA","datePublished":"2019-10-07T11:01:43+00:00","dateModified":"2023-11-28T11:36:42+00:00","mainEntityOfPage":{"@id":"https:\/\/www.itakaescolapios.org\/pt\/2019\/10\/nuevo-curso-cambios-en-las-sedes-de-betania\/"},"wordCount":468,"publisher":{"@id":"https:\/\/www.itakaescolapios.org\/es\/#organization"},"image":{"@id":"https:\/\/www.itakaescolapios.org\/pt\/2019\/10\/nuevo-curso-cambios-en-las-sedes-de-betania\/#primaryimage"},"thumbnailUrl":"https:\/\/www.itakaescolapios.org\/wp-content\/uploads\/2019\/10\/WhatsApp-Image-2019-09-24-at-16.42.14-1-e1570446234157.jpeg","keywords":["Albacete","Betania","Madrid","novedades","Oviedo","sede","Valencia"],"articleSection":["Madrid","Valencia"],"inLanguage":"pt-BR"},{"@type":"WebPage","@id":"https:\/\/www.itakaescolapios.org\/pt\/2019\/10\/nuevo-curso-cambios-en-las-sedes-de-betania\/","url":"https:\/\/www.itakaescolapios.org\/pt\/2019\/10\/nuevo-curso-cambios-en-las-sedes-de-betania\/","name":"NUEVO CURSO, CAMBIOS EN LAS SEDES DE BETANIA - Itaka-Escolapios","isPartOf":{"@id":"https:\/\/www.itakaescolapios.org\/es\/#website"},"primaryImageOfPage":{"@id":"https:\/\/www.itakaescolapios.org\/pt\/2019\/10\/nuevo-curso-cambios-en-las-sedes-de-betania\/#primaryimage"},"image":{"@id":"https:\/\/www.itakaescolapios.org\/pt\/2019\/10\/nuevo-curso-cambios-en-las-sedes-de-betania\/#primaryimage"},"thumbnailUrl":"https:\/\/www.itakaescolapios.org\/wp-content\/uploads\/2019\/10\/WhatsApp-Image-2019-09-24-at-16.42.14-1-e1570446234157.jpeg","datePublished":"2019-10-07T11:01:43+00:00","dateModified":"2023-11-28T11:36:42+00:00","breadcrumb":{"@id":"https:\/\/www.itakaescolapios.org\/pt\/2019\/10\/nuevo-curso-cambios-en-las-sedes-de-betania\/#breadcrumb"},"inLanguage":"pt-BR","potentialAction":[{"@type":"ReadAction","target":["https:\/\/www.itakaescolapios.org\/pt\/2019\/10\/nuevo-curso-cambios-en-las-sedes-de-betania\/"]}]},{"@type":"ImageObject","inLanguage":"pt-BR","@id":"https:\/\/www.itakaescolapios.org\/pt\/2019\/10\/nuevo-curso-cambios-en-las-sedes-de-betania\/#primaryimage","url":"https:\/\/www.itakaescolapios.org\/wp-content\/uploads\/2019\/10\/WhatsApp-Image-2019-09-24-at-16.42.14-1-e1570446234157.jpeg","contentUrl":"https:\/\/www.itakaescolapios.org\/wp-content\/uploads\/2019\/10\/WhatsApp-Image-2019-09-24-at-16.42.14-1-e1570446234157.jpeg","width":1200,"height":784},{"@type":"BreadcrumbList","@id":"https:\/\/www.itakaescolapios.org\/pt\/2019\/10\/nuevo-curso-cambios-en-las-sedes-de-betania\/#breadcrumb","itemListElement":[{"@type":"ListItem","position":1,"name":"Itaka-Escolapios","item":"https:\/\/www.itakaescolapios.org\/es\/"},{"@type":"ListItem","position":2,"name":"NUEVO CURSO, CAMBIOS EN LAS SEDES DE BETANIA"}]},{"@type":"WebSite","@id":"https:\/\/www.itakaescolapios.org\/pt\/es\/#website","url":"https:\/\/www.itakaescolapios.org\/pt\/es\/","name":"Itaka-Escolapios","description":"Red de Itaka-Escolapios","publisher":{"@id":"https:\/\/www.itakaescolapios.org\/pt\/es\/#organization"},"potentialAction":[{"@type":"SearchAction","target":{"@type":"EntryPoint","urlTemplate":"https:\/\/www.itakaescolapios.org\/pt\/es\/?s={search_term_string}"},"query-input":{"@type":"PropertyValueSpecification","valueRequired":true,"valueName":"search_term_string"}}],"inLanguage":"pt-BR"},{"@type":"Organization","@id":"https:\/\/www.itakaescolapios.org\/pt\/es\/#organization","name":"Fundaci\u00f3 Itaka-Escolapios","url":"https:\/\/www.itakaescolapios.org\/pt\/es\/","logo":{"@type":"ImageObject","inLanguage":"pt-BR","@id":"https:\/\/www.itakaescolapios.org\/pt\/es\/#\/schema\/logo\/image\/","url":"https:\/\/www.itakaescolapios.org\/wp-content\/uploads\/2024\/04\/Logo-itakaescolapios-peque.png","contentUrl":"https:\/\/www.itakaescolapios.org\/wp-content\/uploads\/2024\/04\/Logo-itakaescolapios-peque.png","width":500,"height":199,"caption":"Fundaci\u00f3 Itaka-Escolapios"},"image":{"@id":"https:\/\/www.itakaescolapios.org\/pt\/es\/#\/schema\/logo\/image\/"}},{"@type":"Person","@id":"https:\/\/www.itakaescolapios.org\/es\/#\/schema\/person\/c232ccaa2b3f2e98db93c1f8dfca96ff","name":"valencia01","url":"https:\/\/www.itakaescolapios.org\/pt\/author\/valencia01\/"}]}},"_links":{"self":[{"href":"https:\/\/www.itakaescolapios.org\/pt\/wp-json\/wp\/v2\/posts\/28457","targetHints":{"allow":["GET"]}}],"collection":[{"href":"https:\/\/www.itakaescolapios.org\/pt\/wp-json\/wp\/v2\/posts"}],"about":[{"href":"https:\/\/www.itakaescolapios.org\/pt\/wp-json\/wp\/v2\/types\/post"}],"author":[{"embeddable":true,"href":"https:\/\/www.itakaescolapios.org\/pt\/wp-json\/wp\/v2\/users\/39"}],"replies":[{"embeddable":true,"href":"https:\/\/www.itakaescolapios.org\/pt\/wp-json\/wp\/v2\/comments?post=28457"}],"version-history":[{"count":4,"href":"https:\/\/www.itakaescolapios.org\/pt\/wp-json\/wp\/v2\/posts\/28457\/revisions"}],"predecessor-version":[{"id":45443,"href":"https:\/\/www.itakaescolapios.org\/pt\/wp-json\/wp\/v2\/posts\/28457\/revisions\/45443"}],"wp:featuredmedia":[{"embeddable":true,"href":"https:\/\/www.itakaescolapios.org\/pt\/wp-json\/wp\/v2\/media\/28458"}],"wp:attachment":[{"href":"https:\/\/www.itakaescolapios.org\/pt\/wp-json\/wp\/v2\/media?parent=28457"}],"wp:term":[{"taxonomy":"category","embeddable":true,"href":"https:\/\/www.itakaescolapios.org\/pt\/wp-json\/wp\/v2\/categories?post=28457"},{"taxonomy":"post_tag","embeddable":true,"href":"https:\/\/www.itakaescolapios.org\/pt\/wp-json\/wp\/v2\/tags?post=28457"}],"curies":[{"name":"wp","href":"https:\/\/api.w.org\/{rel}","templated":true}]}}