{"id":31320,"date":"2020-07-20T12:16:50","date_gmt":"2020-07-20T11:16:50","guid":{"rendered":"https:\/\/www.itakaescolapios.org\/?p=31320"},"modified":"2023-11-28T12:36:14","modified_gmt":"2023-11-28T11:36:14","slug":"campamento-conjunto-llum-amaltea","status":"publish","type":"post","link":"https:\/\/www.itakaescolapios.org\/pt\/2020\/07\/campamento-conjunto-llum-amaltea\/","title":{"rendered":"CAMPAMENTO CONJUNTO LLUM-AMALTEA"},"content":{"rendered":"<p>La semana pasada, durante tres d\u00edas, ni\u00f1os y ni\u00f1as del proyecto Llum y del centro convivencial Amaltea de Valencia compartieron unos d\u00edas de acampada en el albergue de Alborache. En concreto, participaron 12 menores de LLum y 12 de Amaltea, de entre 10 y 12 a\u00f1os, junto con tres educadores y cinco voluntarios, que disfrutaron de unos d\u00edas de contacto con la naturaleza, juegos y muchas m\u00e1s actividades, que sirvi\u00f3 para desconectar despu\u00e9s de estos pasados meses de confinamiento, siempre cumpliendo todas las medidas de precauci\u00f3n requeridas para que todo fuera perfecto.<\/p>\n<p>Tirolina, tiro con arco, pasar por un puente colgante, hacer senderismo para despu\u00e9s ba\u00f1arse en el r\u00edo, veladas y juegos nocturnos\u2026 y, sobre todo, aprender y compartir con antiguos y nuevos amigos. Ha sido una una experiencia muy bonita y positiva para todos y todas. \u00a1Repetiremos!<\/p>\n\n\t\t<style type=\"text\/css\">\n\t\t\t#gallery-1 {\n\t\t\t\tmargin: auto;\n\t\t\t}\n\t\t\t#gallery-1 .gallery-item {\n\t\t\t\tfloat: left;\n\t\t\t\tmargin-top: 10px;\n\t\t\t\ttext-align: center;\n\t\t\t\twidth: 25%;\n\t\t\t}\n\t\t\t#gallery-1 img {\n\t\t\t\tborder: 2px solid #cfcfcf;\n\t\t\t}\n\t\t\t#gallery-1 .gallery-caption {\n\t\t\t\tmargin-left: 0;\n\t\t\t}\n\t\t\t\/* see gallery_shortcode() in wp-includes\/media.php *\/\n\t\t<\/style>\n\t\t<div id='gallery-1' class='gallery galleryid-31320 gallery-columns-4 gallery-size-thumbnail'><dl class='gallery-item'>\n\t\t\t<dt class='gallery-icon landscape'>\n\t\t\t\t<a href='https:\/\/www.itakaescolapios.org\/pt\/2020\/07\/campamento-conjunto-llum-amaltea\/whatsapp-image-2020-07-16-at-07-34-11-1\/'><img decoding=\"async\" width=\"90\" height=\"90\" src=\"https:\/\/www.itakaescolapios.org\/wp-content\/uploads\/2020\/07\/WhatsApp-Image-2020-07-16-at-07.34.11-1-90x90.jpeg\" class=\"attachment-thumbnail size-thumbnail\" alt=\"\" \/><\/a>\n\t\t\t<\/dt><\/dl><dl class='gallery-item'>\n\t\t\t<dt class='gallery-icon landscape'>\n\t\t\t\t<a href='https:\/\/www.itakaescolapios.org\/pt\/2020\/07\/campamento-conjunto-llum-amaltea\/whatsapp-image-2020-07-16-at-07-34-11\/'><img decoding=\"async\" width=\"90\" height=\"90\" src=\"https:\/\/www.itakaescolapios.org\/wp-content\/uploads\/2020\/07\/WhatsApp-Image-2020-07-16-at-07.34.11-90x90.jpeg\" class=\"attachment-thumbnail size-thumbnail\" alt=\"\" \/><\/a>\n\t\t\t<\/dt><\/dl><dl class='gallery-item'>\n\t\t\t<dt class='gallery-icon portrait'>\n\t\t\t\t<a href='https:\/\/www.itakaescolapios.org\/pt\/2020\/07\/campamento-conjunto-llum-amaltea\/whatsapp-image-2020-07-16-at-09-30-05\/'><img decoding=\"async\" width=\"90\" height=\"90\" src=\"https:\/\/www.itakaescolapios.org\/wp-content\/uploads\/2020\/07\/WhatsApp-Image-2020-07-16-at-09.30.05-90x90.jpeg\" class=\"attachment-thumbnail size-thumbnail\" alt=\"\" \/><\/a>\n\t\t\t<\/dt><\/dl><dl class='gallery-item'>\n\t\t\t<dt class='gallery-icon landscape'>\n\t\t\t\t<a href='https:\/\/www.itakaescolapios.org\/pt\/2020\/07\/campamento-conjunto-llum-amaltea\/whatsapp-image-2020-07-16-at-09-30-06\/'><img decoding=\"async\" width=\"90\" height=\"90\" src=\"https:\/\/www.itakaescolapios.org\/wp-content\/uploads\/2020\/07\/WhatsApp-Image-2020-07-16-at-09.30.06-90x90.jpeg\" class=\"attachment-thumbnail size-thumbnail\" alt=\"\" \/><\/a>\n\t\t\t<\/dt><\/dl><br style=\"clear: both\" \/><dl class='gallery-item'>\n\t\t\t<dt class='gallery-icon portrait'>\n\t\t\t\t<a href='https:\/\/www.itakaescolapios.org\/pt\/2020\/07\/campamento-conjunto-llum-amaltea\/whatsapp-image-2020-07-16-at-13-59-36-1\/'><img decoding=\"async\" width=\"90\" height=\"90\" src=\"https:\/\/www.itakaescolapios.org\/wp-content\/uploads\/2020\/07\/WhatsApp-Image-2020-07-16-at-13.59.36-1-90x90.jpeg\" class=\"attachment-thumbnail size-thumbnail\" alt=\"\" \/><\/a>\n\t\t\t<\/dt><\/dl><dl class='gallery-item'>\n\t\t\t<dt class='gallery-icon landscape'>\n\t\t\t\t<a href='https:\/\/www.itakaescolapios.org\/pt\/2020\/07\/campamento-conjunto-llum-amaltea\/whatsapp-image-2020-07-16-at-13-59-36\/'><img decoding=\"async\" width=\"90\" height=\"90\" src=\"https:\/\/www.itakaescolapios.org\/wp-content\/uploads\/2020\/07\/WhatsApp-Image-2020-07-16-at-13.59.36-90x90.jpeg\" class=\"attachment-thumbnail size-thumbnail\" alt=\"\" \/><\/a>\n\t\t\t<\/dt><\/dl><dl class='gallery-item'>\n\t\t\t<dt class='gallery-icon landscape'>\n\t\t\t\t<a href='https:\/\/www.itakaescolapios.org\/pt\/2020\/07\/campamento-conjunto-llum-amaltea\/whatsapp-image-2020-07-17-at-17-36-05\/'><img decoding=\"async\" width=\"90\" height=\"90\" src=\"https:\/\/www.itakaescolapios.org\/wp-content\/uploads\/2020\/07\/WhatsApp-Image-2020-07-17-at-17.36.05-90x90.jpeg\" class=\"attachment-thumbnail size-thumbnail\" alt=\"\" \/><\/a>\n\t\t\t<\/dt><\/dl>\n\t\t\t<br style='clear: both' \/>\n\t\t<\/div>\n\n","protected":false},"excerpt":{"rendered":"<p>La semana pasada, durante tres d\u00edas, ni\u00f1os y ni\u00f1as del proyecto Llum y del centro convivencial Amaltea de Valencia compartieron unos d\u00edas de acampada en el albergue de Alborache. En [&hellip;]<\/p>\n","protected":false},"author":39,"featured_media":31327,"comment_status":"closed","ping_status":"closed","sticky":false,"template":"","format":"standard","meta":{"_et_pb_use_builder":"","_et_pb_old_content":"","_et_gb_content_width":"","footnotes":""},"categories":[12],"tags":[319,477,50,401,478,318,350],"class_list":["post-31320","post","type-post","status-publish","format-standard","has-post-thumbnail","hentry","category-valencia","tag-acampada","tag-alborache","tag-campamento","tag-cdconvivencial","tag-naturaleza","tag-proyecto-amaltea","tag-proyecto-llum"],"yoast_head":"<!-- This site is optimized with the Yoast SEO plugin v27.4 - https:\/\/yoast.com\/product\/yoast-seo-wordpress\/ -->\n<title>CAMPAMENTO CONJUNTO LLUM-AMALTEA<\/title>\n<meta name=\"description\" content=\"La semana pasada, durante tres d\u00edas, ni\u00f1os y ni\u00f1as del proyecto Llum y del centro convivencial Amaltea de Valencia compartieron unos d\u00edas de acampada en el albergue de Alborache. En concreto, participaron 12 menores de LLum y 12 de Amaltea, de entre 10 y 12 a\u00f1os, junto con tres educadores y cinco voluntarios, que disfrutaron&hellip;\" \/>\n<meta name=\"robots\" content=\"index, follow, max-snippet:-1, max-image-preview:large, max-video-preview:-1\" \/>\n<link rel=\"canonical\" href=\"http:\/\/La%20semana%20pasada,%20durante%20tres%20d\u00edas,%20ni\u00f1os%20y%20ni\u00f1as%20del%20proyecto%20Llum%20y%20del%20centro%20convivencial%20Amaltea%20de%20Valencia%20compartieron%20unos%20d\u00edas%20de%20acampada%20en%20el%20albergue%20de%20Alborache.%20En%20concreto,%20participaron%2012%20menores%20de%20LLum%20y%2012%20de%20Amaltea,%20de%20entre%2010%20y%2012%20a\u00f1os,%20junto%20con%20tres%20educadores%20y%20cinco%20voluntarios,%20que%20disfrutaron&hellip;\" \/>\n<meta property=\"og:locale\" content=\"pt_BR\" \/>\n<meta property=\"og:type\" content=\"article\" \/>\n<meta property=\"og:title\" content=\"CAMPAMENTO CONJUNTO LLUM-AMALTEA\" \/>\n<meta property=\"og:description\" content=\"La semana pasada, durante tres d\u00edas, ni\u00f1os y ni\u00f1as del proyecto Llum y del centro convivencial Amaltea de Valencia compartieron unos d\u00edas de acampada en el albergue de Alborache. En concreto, participaron 12 menores de LLum y 12 de Amaltea, de entre 10 y 12 a\u00f1os, junto con tres educadores y cinco voluntarios, que disfrutaron&hellip;\" \/>\n<meta property=\"og:url\" content=\"https:\/\/www.itakaescolapios.org\/pt\/2020\/07\/campamento-conjunto-llum-amaltea\/\" \/>\n<meta property=\"og:site_name\" content=\"Itaka-Escolapios\" \/>\n<meta property=\"article:published_time\" content=\"2020-07-20T11:16:50+00:00\" \/>\n<meta property=\"article:modified_time\" content=\"2023-11-28T11:36:14+00:00\" \/>\n<meta property=\"og:image\" content=\"https:\/\/www.itakaescolapios.org\/wp-content\/uploads\/2020\/07\/WhatsApp-Image-2020-07-17-at-17.36.05.jpeg\" \/>\n\t<meta property=\"og:image:width\" content=\"1024\" \/>\n\t<meta property=\"og:image:height\" content=\"768\" \/>\n\t<meta property=\"og:image:type\" content=\"image\/jpeg\" \/>\n<meta name=\"author\" content=\"valencia01\" \/>\n<meta name=\"twitter:card\" content=\"summary_large_image\" \/>\n<meta name=\"twitter:label1\" content=\"Escrito por\" \/>\n\t<meta name=\"twitter:data1\" content=\"valencia01\" \/>\n\t<meta name=\"twitter:label2\" content=\"Est. tempo de leitura\" \/>\n\t<meta name=\"twitter:data2\" content=\"1 minuto\" \/>\n<script type=\"application\/ld+json\" class=\"yoast-schema-graph\">{\"@context\":\"https:\\\/\\\/schema.org\",\"@graph\":[{\"@type\":\"Article\",\"@id\":\"https:\\\/\\\/www.itakaescolapios.org\\\/pt\\\/2020\\\/07\\\/campamento-conjunto-llum-amaltea\\\/#article\",\"isPartOf\":{\"@id\":\"https:\\\/\\\/www.itakaescolapios.org\\\/pt\\\/2020\\\/07\\\/campamento-conjunto-llum-amaltea\\\/\"},\"author\":{\"name\":\"valencia01\",\"@id\":\"https:\\\/\\\/www.itakaescolapios.org\\\/es\\\/#\\\/schema\\\/person\\\/c232ccaa2b3f2e98db93c1f8dfca96ff\"},\"headline\":\"CAMPAMENTO CONJUNTO LLUM-AMALTEA\",\"datePublished\":\"2020-07-20T11:16:50+00:00\",\"dateModified\":\"2023-11-28T11:36:14+00:00\",\"mainEntityOfPage\":{\"@id\":\"https:\\\/\\\/www.itakaescolapios.org\\\/pt\\\/2020\\\/07\\\/campamento-conjunto-llum-amaltea\\\/\"},\"wordCount\":152,\"publisher\":{\"@id\":\"https:\\\/\\\/www.itakaescolapios.org\\\/es\\\/#organization\"},\"image\":{\"@id\":\"https:\\\/\\\/www.itakaescolapios.org\\\/pt\\\/2020\\\/07\\\/campamento-conjunto-llum-amaltea\\\/#primaryimage\"},\"thumbnailUrl\":\"https:\\\/\\\/www.itakaescolapios.org\\\/wp-content\\\/uploads\\\/2020\\\/07\\\/WhatsApp-Image-2020-07-17-at-17.36.05.jpeg\",\"keywords\":[\"acampada\",\"Alborache\",\"campamento\",\"CDConvivencial\",\"naturaleza\",\"Proyecto Amaltea\",\"Proyecto Llum\"],\"articleSection\":[\"Valencia\"],\"inLanguage\":\"pt-BR\"},{\"@type\":\"WebPage\",\"@id\":\"https:\\\/\\\/www.itakaescolapios.org\\\/pt\\\/2020\\\/07\\\/campamento-conjunto-llum-amaltea\\\/\",\"url\":\"https:\\\/\\\/www.itakaescolapios.org\\\/pt\\\/2020\\\/07\\\/campamento-conjunto-llum-amaltea\\\/\",\"name\":\"CAMPAMENTO CONJUNTO LLUM-AMALTEA - Itaka-Escolapios\",\"isPartOf\":{\"@id\":\"https:\\\/\\\/www.itakaescolapios.org\\\/es\\\/#website\"},\"primaryImageOfPage\":{\"@id\":\"https:\\\/\\\/www.itakaescolapios.org\\\/pt\\\/2020\\\/07\\\/campamento-conjunto-llum-amaltea\\\/#primaryimage\"},\"image\":{\"@id\":\"https:\\\/\\\/www.itakaescolapios.org\\\/pt\\\/2020\\\/07\\\/campamento-conjunto-llum-amaltea\\\/#primaryimage\"},\"thumbnailUrl\":\"https:\\\/\\\/www.itakaescolapios.org\\\/wp-content\\\/uploads\\\/2020\\\/07\\\/WhatsApp-Image-2020-07-17-at-17.36.05.jpeg\",\"datePublished\":\"2020-07-20T11:16:50+00:00\",\"dateModified\":\"2023-11-28T11:36:14+00:00\",\"breadcrumb\":{\"@id\":\"https:\\\/\\\/www.itakaescolapios.org\\\/pt\\\/2020\\\/07\\\/campamento-conjunto-llum-amaltea\\\/#breadcrumb\"},\"inLanguage\":\"pt-BR\",\"potentialAction\":[{\"@type\":\"ReadAction\",\"target\":[\"https:\\\/\\\/www.itakaescolapios.org\\\/pt\\\/2020\\\/07\\\/campamento-conjunto-llum-amaltea\\\/\"]}]},{\"@type\":\"ImageObject\",\"inLanguage\":\"pt-BR\",\"@id\":\"https:\\\/\\\/www.itakaescolapios.org\\\/pt\\\/2020\\\/07\\\/campamento-conjunto-llum-amaltea\\\/#primaryimage\",\"url\":\"https:\\\/\\\/www.itakaescolapios.org\\\/wp-content\\\/uploads\\\/2020\\\/07\\\/WhatsApp-Image-2020-07-17-at-17.36.05.jpeg\",\"contentUrl\":\"https:\\\/\\\/www.itakaescolapios.org\\\/wp-content\\\/uploads\\\/2020\\\/07\\\/WhatsApp-Image-2020-07-17-at-17.36.05.jpeg\",\"width\":1024,\"height\":768},{\"@type\":\"BreadcrumbList\",\"@id\":\"https:\\\/\\\/www.itakaescolapios.org\\\/pt\\\/2020\\\/07\\\/campamento-conjunto-llum-amaltea\\\/#breadcrumb\",\"itemListElement\":[{\"@type\":\"ListItem\",\"position\":1,\"name\":\"Itaka-Escolapios\",\"item\":\"https:\\\/\\\/www.itakaescolapios.org\\\/es\\\/\"},{\"@type\":\"ListItem\",\"position\":2,\"name\":\"CAMPAMENTO CONJUNTO LLUM-AMALTEA\"}]},{\"@type\":\"WebSite\",\"@id\":\"https:\\\/\\\/www.itakaescolapios.org\\\/pt\\\/es\\\/#website\",\"url\":\"https:\\\/\\\/www.itakaescolapios.org\\\/pt\\\/es\\\/\",\"name\":\"Itaka-Escolapios\",\"description\":\"Red de Itaka-Escolapios\",\"publisher\":{\"@id\":\"https:\\\/\\\/www.itakaescolapios.org\\\/pt\\\/es\\\/#organization\"},\"potentialAction\":[{\"@type\":\"SearchAction\",\"target\":{\"@type\":\"EntryPoint\",\"urlTemplate\":\"https:\\\/\\\/www.itakaescolapios.org\\\/pt\\\/es\\\/?s={search_term_string}\"},\"query-input\":{\"@type\":\"PropertyValueSpecification\",\"valueRequired\":true,\"valueName\":\"search_term_string\"}}],\"inLanguage\":\"pt-BR\"},{\"@type\":\"Organization\",\"@id\":\"https:\\\/\\\/www.itakaescolapios.org\\\/pt\\\/es\\\/#organization\",\"name\":\"Fundaci\u00f3 Itaka-Escolapios\",\"url\":\"https:\\\/\\\/www.itakaescolapios.org\\\/pt\\\/es\\\/\",\"logo\":{\"@type\":\"ImageObject\",\"inLanguage\":\"pt-BR\",\"@id\":\"https:\\\/\\\/www.itakaescolapios.org\\\/pt\\\/es\\\/#\\\/schema\\\/logo\\\/image\\\/\",\"url\":\"https:\\\/\\\/www.itakaescolapios.org\\\/wp-content\\\/uploads\\\/2024\\\/04\\\/Logo-itakaescolapios-peque.png\",\"contentUrl\":\"https:\\\/\\\/www.itakaescolapios.org\\\/wp-content\\\/uploads\\\/2024\\\/04\\\/Logo-itakaescolapios-peque.png\",\"width\":500,\"height\":199,\"caption\":\"Fundaci\u00f3 Itaka-Escolapios\"},\"image\":{\"@id\":\"https:\\\/\\\/www.itakaescolapios.org\\\/pt\\\/es\\\/#\\\/schema\\\/logo\\\/image\\\/\"}},{\"@type\":\"Person\",\"@id\":\"https:\\\/\\\/www.itakaescolapios.org\\\/es\\\/#\\\/schema\\\/person\\\/c232ccaa2b3f2e98db93c1f8dfca96ff\",\"name\":\"valencia01\",\"url\":\"https:\\\/\\\/www.itakaescolapios.org\\\/pt\\\/author\\\/valencia01\\\/\"}]}<\/script>\n<!-- \/ Yoast SEO plugin. -->","yoast_head_json":{"title":"CAMPAMENTO CONJUNTO LLUM-AMALTEA","description":"La semana pasada, durante tres d\u00edas, ni\u00f1os y ni\u00f1as del proyecto Llum y del centro convivencial Amaltea de Valencia compartieron unos d\u00edas de acampada en el albergue de Alborache. En concreto, participaron 12 menores de LLum y 12 de Amaltea, de entre 10 y 12 a\u00f1os, junto con tres educadores y cinco voluntarios, que disfrutaron&hellip;","robots":{"index":"index","follow":"follow","max-snippet":"max-snippet:-1","max-image-preview":"max-image-preview:large","max-video-preview":"max-video-preview:-1"},"canonical":"La semana pasada, durante tres d\u00edas, ni\u00f1os y ni\u00f1as del proyecto Llum y del centro convivencial Amaltea de Valencia compartieron unos d\u00edas de acampada en el albergue de Alborache. En concreto, participaron 12 menores de LLum y 12 de Amaltea, de entre 10 y 12 a\u00f1os, junto con tres educadores y cinco voluntarios, que disfrutaron&hellip;","og_locale":"pt_BR","og_type":"article","og_title":"CAMPAMENTO CONJUNTO LLUM-AMALTEA","og_description":"La semana pasada, durante tres d\u00edas, ni\u00f1os y ni\u00f1as del proyecto Llum y del centro convivencial Amaltea de Valencia compartieron unos d\u00edas de acampada en el albergue de Alborache. En concreto, participaron 12 menores de LLum y 12 de Amaltea, de entre 10 y 12 a\u00f1os, junto con tres educadores y cinco voluntarios, que disfrutaron&hellip;","og_url":"https:\/\/www.itakaescolapios.org\/pt\/2020\/07\/campamento-conjunto-llum-amaltea\/","og_site_name":"Itaka-Escolapios","article_published_time":"2020-07-20T11:16:50+00:00","article_modified_time":"2023-11-28T11:36:14+00:00","og_image":[{"width":1024,"height":768,"url":"https:\/\/www.itakaescolapios.org\/wp-content\/uploads\/2020\/07\/WhatsApp-Image-2020-07-17-at-17.36.05.jpeg","type":"image\/jpeg"}],"author":"valencia01","twitter_card":"summary_large_image","twitter_misc":{"Escrito por":"valencia01","Est. tempo de leitura":"1 minuto"},"schema":{"@context":"https:\/\/schema.org","@graph":[{"@type":"Article","@id":"https:\/\/www.itakaescolapios.org\/pt\/2020\/07\/campamento-conjunto-llum-amaltea\/#article","isPartOf":{"@id":"https:\/\/www.itakaescolapios.org\/pt\/2020\/07\/campamento-conjunto-llum-amaltea\/"},"author":{"name":"valencia01","@id":"https:\/\/www.itakaescolapios.org\/es\/#\/schema\/person\/c232ccaa2b3f2e98db93c1f8dfca96ff"},"headline":"CAMPAMENTO CONJUNTO LLUM-AMALTEA","datePublished":"2020-07-20T11:16:50+00:00","dateModified":"2023-11-28T11:36:14+00:00","mainEntityOfPage":{"@id":"https:\/\/www.itakaescolapios.org\/pt\/2020\/07\/campamento-conjunto-llum-amaltea\/"},"wordCount":152,"publisher":{"@id":"https:\/\/www.itakaescolapios.org\/es\/#organization"},"image":{"@id":"https:\/\/www.itakaescolapios.org\/pt\/2020\/07\/campamento-conjunto-llum-amaltea\/#primaryimage"},"thumbnailUrl":"https:\/\/www.itakaescolapios.org\/wp-content\/uploads\/2020\/07\/WhatsApp-Image-2020-07-17-at-17.36.05.jpeg","keywords":["acampada","Alborache","campamento","CDConvivencial","naturaleza","Proyecto Amaltea","Proyecto Llum"],"articleSection":["Valencia"],"inLanguage":"pt-BR"},{"@type":"WebPage","@id":"https:\/\/www.itakaescolapios.org\/pt\/2020\/07\/campamento-conjunto-llum-amaltea\/","url":"https:\/\/www.itakaescolapios.org\/pt\/2020\/07\/campamento-conjunto-llum-amaltea\/","name":"CAMPAMENTO CONJUNTO LLUM-AMALTEA - Itaka-Escolapios","isPartOf":{"@id":"https:\/\/www.itakaescolapios.org\/es\/#website"},"primaryImageOfPage":{"@id":"https:\/\/www.itakaescolapios.org\/pt\/2020\/07\/campamento-conjunto-llum-amaltea\/#primaryimage"},"image":{"@id":"https:\/\/www.itakaescolapios.org\/pt\/2020\/07\/campamento-conjunto-llum-amaltea\/#primaryimage"},"thumbnailUrl":"https:\/\/www.itakaescolapios.org\/wp-content\/uploads\/2020\/07\/WhatsApp-Image-2020-07-17-at-17.36.05.jpeg","datePublished":"2020-07-20T11:16:50+00:00","dateModified":"2023-11-28T11:36:14+00:00","breadcrumb":{"@id":"https:\/\/www.itakaescolapios.org\/pt\/2020\/07\/campamento-conjunto-llum-amaltea\/#breadcrumb"},"inLanguage":"pt-BR","potentialAction":[{"@type":"ReadAction","target":["https:\/\/www.itakaescolapios.org\/pt\/2020\/07\/campamento-conjunto-llum-amaltea\/"]}]},{"@type":"ImageObject","inLanguage":"pt-BR","@id":"https:\/\/www.itakaescolapios.org\/pt\/2020\/07\/campamento-conjunto-llum-amaltea\/#primaryimage","url":"https:\/\/www.itakaescolapios.org\/wp-content\/uploads\/2020\/07\/WhatsApp-Image-2020-07-17-at-17.36.05.jpeg","contentUrl":"https:\/\/www.itakaescolapios.org\/wp-content\/uploads\/2020\/07\/WhatsApp-Image-2020-07-17-at-17.36.05.jpeg","width":1024,"height":768},{"@type":"BreadcrumbList","@id":"https:\/\/www.itakaescolapios.org\/pt\/2020\/07\/campamento-conjunto-llum-amaltea\/#breadcrumb","itemListElement":[{"@type":"ListItem","position":1,"name":"Itaka-Escolapios","item":"https:\/\/www.itakaescolapios.org\/es\/"},{"@type":"ListItem","position":2,"name":"CAMPAMENTO CONJUNTO LLUM-AMALTEA"}]},{"@type":"WebSite","@id":"https:\/\/www.itakaescolapios.org\/pt\/es\/#website","url":"https:\/\/www.itakaescolapios.org\/pt\/es\/","name":"Itaka-Escolapios","description":"Red de Itaka-Escolapios","publisher":{"@id":"https:\/\/www.itakaescolapios.org\/pt\/es\/#organization"},"potentialAction":[{"@type":"SearchAction","target":{"@type":"EntryPoint","urlTemplate":"https:\/\/www.itakaescolapios.org\/pt\/es\/?s={search_term_string}"},"query-input":{"@type":"PropertyValueSpecification","valueRequired":true,"valueName":"search_term_string"}}],"inLanguage":"pt-BR"},{"@type":"Organization","@id":"https:\/\/www.itakaescolapios.org\/pt\/es\/#organization","name":"Fundaci\u00f3 Itaka-Escolapios","url":"https:\/\/www.itakaescolapios.org\/pt\/es\/","logo":{"@type":"ImageObject","inLanguage":"pt-BR","@id":"https:\/\/www.itakaescolapios.org\/pt\/es\/#\/schema\/logo\/image\/","url":"https:\/\/www.itakaescolapios.org\/wp-content\/uploads\/2024\/04\/Logo-itakaescolapios-peque.png","contentUrl":"https:\/\/www.itakaescolapios.org\/wp-content\/uploads\/2024\/04\/Logo-itakaescolapios-peque.png","width":500,"height":199,"caption":"Fundaci\u00f3 Itaka-Escolapios"},"image":{"@id":"https:\/\/www.itakaescolapios.org\/pt\/es\/#\/schema\/logo\/image\/"}},{"@type":"Person","@id":"https:\/\/www.itakaescolapios.org\/es\/#\/schema\/person\/c232ccaa2b3f2e98db93c1f8dfca96ff","name":"valencia01","url":"https:\/\/www.itakaescolapios.org\/pt\/author\/valencia01\/"}]}},"_links":{"self":[{"href":"https:\/\/www.itakaescolapios.org\/pt\/wp-json\/wp\/v2\/posts\/31320","targetHints":{"allow":["GET"]}}],"collection":[{"href":"https:\/\/www.itakaescolapios.org\/pt\/wp-json\/wp\/v2\/posts"}],"about":[{"href":"https:\/\/www.itakaescolapios.org\/pt\/wp-json\/wp\/v2\/types\/post"}],"author":[{"embeddable":true,"href":"https:\/\/www.itakaescolapios.org\/pt\/wp-json\/wp\/v2\/users\/39"}],"replies":[{"embeddable":true,"href":"https:\/\/www.itakaescolapios.org\/pt\/wp-json\/wp\/v2\/comments?post=31320"}],"version-history":[{"count":3,"href":"https:\/\/www.itakaescolapios.org\/pt\/wp-json\/wp\/v2\/posts\/31320\/revisions"}],"predecessor-version":[{"id":44650,"href":"https:\/\/www.itakaescolapios.org\/pt\/wp-json\/wp\/v2\/posts\/31320\/revisions\/44650"}],"wp:featuredmedia":[{"embeddable":true,"href":"https:\/\/www.itakaescolapios.org\/pt\/wp-json\/wp\/v2\/media\/31327"}],"wp:attachment":[{"href":"https:\/\/www.itakaescolapios.org\/pt\/wp-json\/wp\/v2\/media?parent=31320"}],"wp:term":[{"taxonomy":"category","embeddable":true,"href":"https:\/\/www.itakaescolapios.org\/pt\/wp-json\/wp\/v2\/categories?post=31320"},{"taxonomy":"post_tag","embeddable":true,"href":"https:\/\/www.itakaescolapios.org\/pt\/wp-json\/wp\/v2\/tags?post=31320"}],"curies":[{"name":"wp","href":"https:\/\/api.w.org\/{rel}","templated":true}]}}