{"id":31645,"date":"2020-08-31T09:48:12","date_gmt":"2020-08-31T08:48:12","guid":{"rendered":"https:\/\/www.itakaescolapios.org\/?p=31645"},"modified":"2023-11-28T12:36:10","modified_gmt":"2023-11-28T11:36:10","slug":"la-union-hace-la-magia","status":"publish","type":"post","link":"https:\/\/www.itakaescolapios.org\/pt\/2020\/08\/la-union-hace-la-magia\/","title":{"rendered":"Itaka- La uni\u00f3n hace la magia"},"content":{"rendered":"<p>Un audio cuento de alumnos de Los Escolapios descubre \u201cEl secreto Escolapio\u201d<\/p>\n<p>Con unos invitados de lujo <strong>Trist\u00e1n Ulloa, Pablo Motos y Javier Rey,<\/strong> los alumnos del colegio Los Escolapios\u00a0de Granada han dado forma a una original historia de m\u00e1s de cinco horas en formato de audio cuento.<\/p>\n<p>En &#8216;El secreto Escolapio&#8217; los 26 ni\u00f1os de la clase descubren que los tres Reyes Magos tienen un reino m\u00e1gico llamado Sylvanya en el que habitan las criaturas que salen en todos los cuentos del mundo, pero que est\u00e1 en peligro.<\/p>\n<p>Un malvado brujo llamado Barrab\u00e1s ha creado un virus para hacer enfermar a sus majestades y hacerse con el poder.\u00a0<strong>Para ello, tiene que robarles sus coronas, por eso es llamado &#8216;Coronavirus&#8217;<\/strong><a href=\"https:\/\/www.ideal.es\/granada\/famosos-pablo-motos-carlos-alsina-audiocuento-escolapios-granada-20200701175716-nt.html\">. (Ver la noticia)<\/a><\/p>\n<p>Este proyecto comenz\u00f3 como un grano de arena en el desierto, su tama\u00f1o era \u00ednfimo. Algo tan peque\u00f1o como una grabaci\u00f3n de dos minutos entre un padre y su hija ha terminado c\u00f3mo nunca lo hubieran imaginado: una original historia de m\u00e1s de cinco horas en formato de audio cuento con colaboraciones de personajes como Trist\u00e1n Ulloa, Pablo Motos y Javier Rey. Adem\u00e1s de todos los padres, madres y alumnos del colegio Escolapios de Granada que han participado en este proyecto.<\/p>\n<p>Este audio cuento har\u00e1 reflexionar a grandes y peque\u00f1os demostr\u00e1ndonos una vez m\u00e1s como la uni\u00f3n hace la fuerza y como lo que empieza siendo algo muy peque\u00f1o, una microhistoria, puede convertirse en algo muy grande.<\/p>\n<p>A trav\u00e9s de este proyecto colaborativo se ha conseguido generar un espacio que motiva a los estudiantes a ser parte activa del proceso de aprendizaje. Y es entonces, cuando se produce la magia.<\/p>\n<p>En total son 20 cap\u00edtulos trepidantes llenos de acci\u00f3n y aventuras:<\/p>\n<p>CAPITULO PILOTO La caja m\u00e1gica<\/p>\n<p>CAPITULO 2 &#8211; El mensaje de la caja m\u00e1gica<\/p>\n<p>CAPITULO 3 &#8211; El secreto de los seis a\u00f1os<\/p>\n<p>CAPITULO 4 &#8211; Brunilda<\/p>\n<p>Cap\u00edtulo 5 &#8211; El poder de la verdura<\/p>\n<p>CAPITULO 6 &#8211; Pucolimas<\/p>\n<p>CAPITULO 7 &#8211; La prueba<\/p>\n<p>CAPITULO 8 &#8211; Solos<\/p>\n<p>CAPITULO 9 &#8211; La posada<\/p>\n<p>CAPITULO 10 &#8211; Los hermanos<\/p>\n<p>CAP\u00cdTULO 11 &#8211; Barrab\u00e1s<\/p>\n<p>CAPITULO 12 &#8211; Pr\u00edncipes de Sylvanya<\/p>\n<p>CAP\u00cdTULO 13 &#8211; \u00bfRendirnos?<\/p>\n<p>CAP\u00cdTULO 14 &#8211; El viaje a palacio<\/p>\n<p>CAP\u00cdTULO 15 &#8211; La Profec\u00eda<\/p>\n<p>CAP\u00cdTULO 16 &#8211; El Sal\u00f3n de los Regalos y el Arca de la Alianza.<\/p>\n<p>CAPITULO 17 &#8211; Khandor<\/p>\n<p>CAP\u00cdTULO 18 &#8211; La P\u00f3cima de la Resurrecci\u00f3n<\/p>\n<p>CAP\u00cdTULO 19 &#8211; Plan de ataque con tres al cubo<\/p>\n<p>CAPITULO 20 &#8211; La batalla final contra el gigante Coronavirus<\/p>\n<p>Si quieres ver el resultado aqu\u00ed tienes<strong> \u201c<\/strong><a href=\"https:\/\/www.youtube.com\/watch?v=XWJcncZGEDo&amp;list=PLZ7bC1y5ZRvkAkL8VIyqkvIv__xya3IXx&amp;index=1\">El Secreto Escolapios<\/a><strong>\u201d<\/strong><\/p>\n<p>&nbsp;<\/p>\n","protected":false},"excerpt":{"rendered":"<p>Un audio cuento de alumnos de Los Escolapios descubre \u201cEl secreto Escolapio\u201d Con unos invitados de lujo Trist\u00e1n Ulloa, Pablo Motos y Javier Rey, los alumnos del colegio Los Escolapios\u00a0de [&hellip;]<\/p>\n","protected":false},"author":46,"featured_media":31647,"comment_status":"closed","ping_status":"closed","sticky":false,"template":"","format":"standard","meta":{"_et_pb_use_builder":"","_et_pb_old_content":"","_et_gb_content_width":"","footnotes":""},"categories":[30],"tags":[410,33,419],"class_list":["post-31645","post","type-post","status-publish","format-standard","has-post-thumbnail","hentry","category-itaka-escolapios","tag-granada","tag-grupos","tag-itaka-escolapios"],"yoast_head":"<!-- This site is optimized with the Yoast SEO plugin v27.4 - https:\/\/yoast.com\/product\/yoast-seo-wordpress\/ -->\n<title>Itaka- La uni\u00f3n hace la magia<\/title>\n<meta name=\"description\" content=\"Un audio cuento de alumnos de Los Escolapios descubre \u201cEl secreto Escolapio\u201d Con unos invitados de lujo Trist\u00e1n Ulloa, Pablo Motos y Javier Rey, los alumnos del colegio Los Escolapios\u00a0de Granada han dado forma a una original historia de m\u00e1s de cinco horas en formato de audio cuento. En &#039;El secreto Escolapio&#039; los 26 ni\u00f1os&hellip;\" \/>\n<meta name=\"robots\" content=\"index, follow, max-snippet:-1, max-image-preview:large, max-video-preview:-1\" \/>\n<link rel=\"canonical\" href=\"http:\/\/Un%20audio%20cuento%20de%20alumnos%20de%20Los%20Escolapios%20descubre%20\u201cEl%20secreto%20Escolapio\u201d%20Con%20unos%20invitados%20de%20lujo%20Trist\u00e1n%20Ulloa,%20Pablo%20Motos%20y%20Javier%20Rey,%20los%20alumnos%20del%20colegio%20Los%20Escolapios\u00a0de%20Granada%20han%20dado%20forma%20a%20una%20original%20historia%20de%20m\u00e1s%20de%20cinco%20horas%20en%20formato%20de%20audio%20cuento.%20En%20'El%20secreto%20Escolapio'%20los%2026%20ni\u00f1os&hellip;\" \/>\n<meta property=\"og:locale\" content=\"pt_BR\" \/>\n<meta property=\"og:type\" content=\"article\" \/>\n<meta property=\"og:title\" content=\"Itaka- La uni\u00f3n hace la magia\" \/>\n<meta property=\"og:description\" content=\"Un audio cuento de alumnos de Los Escolapios descubre \u201cEl secreto Escolapio\u201d Con unos invitados de lujo Trist\u00e1n Ulloa, Pablo Motos y Javier Rey, los alumnos del colegio Los Escolapios\u00a0de Granada han dado forma a una original historia de m\u00e1s de cinco horas en formato de audio cuento. En &#039;El secreto Escolapio&#039; los 26 ni\u00f1os&hellip;\" \/>\n<meta property=\"og:url\" content=\"https:\/\/www.itakaescolapios.org\/pt\/2020\/08\/la-union-hace-la-magia\/\" \/>\n<meta property=\"og:site_name\" content=\"Itaka-Escolapios\" \/>\n<meta property=\"article:published_time\" content=\"2020-08-31T08:48:12+00:00\" \/>\n<meta property=\"article:modified_time\" content=\"2023-11-28T11:36:10+00:00\" \/>\n<meta property=\"og:image\" content=\"https:\/\/www.itakaescolapios.org\/wp-content\/uploads\/2020\/08\/escolapios-granada.png\" \/>\n\t<meta property=\"og:image:width\" content=\"432\" \/>\n\t<meta property=\"og:image:height\" content=\"432\" \/>\n\t<meta property=\"og:image:type\" content=\"image\/png\" \/>\n<meta name=\"author\" content=\"itakaescolapios\" \/>\n<meta name=\"twitter:card\" content=\"summary_large_image\" \/>\n<meta name=\"twitter:label1\" content=\"Escrito por\" \/>\n\t<meta name=\"twitter:data1\" content=\"itakaescolapios\" \/>\n\t<meta name=\"twitter:label2\" content=\"Est. tempo de leitura\" \/>\n\t<meta name=\"twitter:data2\" content=\"2 minutos\" \/>\n<script type=\"application\/ld+json\" class=\"yoast-schema-graph\">{\"@context\":\"https:\\\/\\\/schema.org\",\"@graph\":[{\"@type\":\"Article\",\"@id\":\"https:\\\/\\\/www.itakaescolapios.org\\\/pt\\\/2020\\\/08\\\/la-union-hace-la-magia\\\/#article\",\"isPartOf\":{\"@id\":\"https:\\\/\\\/www.itakaescolapios.org\\\/pt\\\/2020\\\/08\\\/la-union-hace-la-magia\\\/\"},\"author\":{\"name\":\"itakaescolapios\",\"@id\":\"https:\\\/\\\/www.itakaescolapios.org\\\/es\\\/#\\\/schema\\\/person\\\/768ce0f19db5c2c2b6361e77e15db2db\"},\"headline\":\"Itaka- La uni\u00f3n hace la magia\",\"datePublished\":\"2020-08-31T08:48:12+00:00\",\"dateModified\":\"2023-11-28T11:36:10+00:00\",\"mainEntityOfPage\":{\"@id\":\"https:\\\/\\\/www.itakaescolapios.org\\\/pt\\\/2020\\\/08\\\/la-union-hace-la-magia\\\/\"},\"wordCount\":450,\"publisher\":{\"@id\":\"https:\\\/\\\/www.itakaescolapios.org\\\/es\\\/#organization\"},\"image\":{\"@id\":\"https:\\\/\\\/www.itakaescolapios.org\\\/pt\\\/2020\\\/08\\\/la-union-hace-la-magia\\\/#primaryimage\"},\"thumbnailUrl\":\"https:\\\/\\\/www.itakaescolapios.org\\\/wp-content\\\/uploads\\\/2020\\\/08\\\/escolapios-granada.png\",\"keywords\":[\"Granada\",\"grupos\",\"Itaka Escolapios\"],\"articleSection\":[\"Itaka Escolapios\"],\"inLanguage\":\"pt-BR\"},{\"@type\":\"WebPage\",\"@id\":\"https:\\\/\\\/www.itakaescolapios.org\\\/pt\\\/2020\\\/08\\\/la-union-hace-la-magia\\\/\",\"url\":\"https:\\\/\\\/www.itakaescolapios.org\\\/pt\\\/2020\\\/08\\\/la-union-hace-la-magia\\\/\",\"name\":\"Itaka- La uni\u00f3n hace la magia - Itaka-Escolapios\",\"isPartOf\":{\"@id\":\"https:\\\/\\\/www.itakaescolapios.org\\\/es\\\/#website\"},\"primaryImageOfPage\":{\"@id\":\"https:\\\/\\\/www.itakaescolapios.org\\\/pt\\\/2020\\\/08\\\/la-union-hace-la-magia\\\/#primaryimage\"},\"image\":{\"@id\":\"https:\\\/\\\/www.itakaescolapios.org\\\/pt\\\/2020\\\/08\\\/la-union-hace-la-magia\\\/#primaryimage\"},\"thumbnailUrl\":\"https:\\\/\\\/www.itakaescolapios.org\\\/wp-content\\\/uploads\\\/2020\\\/08\\\/escolapios-granada.png\",\"datePublished\":\"2020-08-31T08:48:12+00:00\",\"dateModified\":\"2023-11-28T11:36:10+00:00\",\"breadcrumb\":{\"@id\":\"https:\\\/\\\/www.itakaescolapios.org\\\/pt\\\/2020\\\/08\\\/la-union-hace-la-magia\\\/#breadcrumb\"},\"inLanguage\":\"pt-BR\",\"potentialAction\":[{\"@type\":\"ReadAction\",\"target\":[\"https:\\\/\\\/www.itakaescolapios.org\\\/pt\\\/2020\\\/08\\\/la-union-hace-la-magia\\\/\"]}]},{\"@type\":\"ImageObject\",\"inLanguage\":\"pt-BR\",\"@id\":\"https:\\\/\\\/www.itakaescolapios.org\\\/pt\\\/2020\\\/08\\\/la-union-hace-la-magia\\\/#primaryimage\",\"url\":\"https:\\\/\\\/www.itakaescolapios.org\\\/wp-content\\\/uploads\\\/2020\\\/08\\\/escolapios-granada.png\",\"contentUrl\":\"https:\\\/\\\/www.itakaescolapios.org\\\/wp-content\\\/uploads\\\/2020\\\/08\\\/escolapios-granada.png\",\"width\":432,\"height\":432,\"caption\":\"historias peque\u00f1as que inician grandes cambios microsolidarias\"},{\"@type\":\"BreadcrumbList\",\"@id\":\"https:\\\/\\\/www.itakaescolapios.org\\\/pt\\\/2020\\\/08\\\/la-union-hace-la-magia\\\/#breadcrumb\",\"itemListElement\":[{\"@type\":\"ListItem\",\"position\":1,\"name\":\"Itaka-Escolapios\",\"item\":\"https:\\\/\\\/www.itakaescolapios.org\\\/es\\\/\"},{\"@type\":\"ListItem\",\"position\":2,\"name\":\"Itaka- La uni\u00f3n hace la magia\"}]},{\"@type\":\"WebSite\",\"@id\":\"https:\\\/\\\/www.itakaescolapios.org\\\/pt\\\/es\\\/#website\",\"url\":\"https:\\\/\\\/www.itakaescolapios.org\\\/pt\\\/es\\\/\",\"name\":\"Itaka-Escolapios\",\"description\":\"Red de Itaka-Escolapios\",\"publisher\":{\"@id\":\"https:\\\/\\\/www.itakaescolapios.org\\\/pt\\\/es\\\/#organization\"},\"potentialAction\":[{\"@type\":\"SearchAction\",\"target\":{\"@type\":\"EntryPoint\",\"urlTemplate\":\"https:\\\/\\\/www.itakaescolapios.org\\\/pt\\\/es\\\/?s={search_term_string}\"},\"query-input\":{\"@type\":\"PropertyValueSpecification\",\"valueRequired\":true,\"valueName\":\"search_term_string\"}}],\"inLanguage\":\"pt-BR\"},{\"@type\":\"Organization\",\"@id\":\"https:\\\/\\\/www.itakaescolapios.org\\\/pt\\\/es\\\/#organization\",\"name\":\"Fundaci\u00f3 Itaka-Escolapios\",\"url\":\"https:\\\/\\\/www.itakaescolapios.org\\\/pt\\\/es\\\/\",\"logo\":{\"@type\":\"ImageObject\",\"inLanguage\":\"pt-BR\",\"@id\":\"https:\\\/\\\/www.itakaescolapios.org\\\/pt\\\/es\\\/#\\\/schema\\\/logo\\\/image\\\/\",\"url\":\"https:\\\/\\\/www.itakaescolapios.org\\\/wp-content\\\/uploads\\\/2024\\\/04\\\/Logo-itakaescolapios-peque.png\",\"contentUrl\":\"https:\\\/\\\/www.itakaescolapios.org\\\/wp-content\\\/uploads\\\/2024\\\/04\\\/Logo-itakaescolapios-peque.png\",\"width\":500,\"height\":199,\"caption\":\"Fundaci\u00f3 Itaka-Escolapios\"},\"image\":{\"@id\":\"https:\\\/\\\/www.itakaescolapios.org\\\/pt\\\/es\\\/#\\\/schema\\\/logo\\\/image\\\/\"}},{\"@type\":\"Person\",\"@id\":\"https:\\\/\\\/www.itakaescolapios.org\\\/es\\\/#\\\/schema\\\/person\\\/768ce0f19db5c2c2b6361e77e15db2db\",\"name\":\"itakaescolapios\",\"url\":\"https:\\\/\\\/www.itakaescolapios.org\\\/pt\\\/author\\\/itakaescolapios\\\/\"}]}<\/script>\n<!-- \/ Yoast SEO plugin. -->","yoast_head_json":{"title":"Itaka- La uni\u00f3n hace la magia","description":"Un audio cuento de alumnos de Los Escolapios descubre \u201cEl secreto Escolapio\u201d Con unos invitados de lujo Trist\u00e1n Ulloa, Pablo Motos y Javier Rey, los alumnos del colegio Los Escolapios\u00a0de Granada han dado forma a una original historia de m\u00e1s de cinco horas en formato de audio cuento. En 'El secreto Escolapio' los 26 ni\u00f1os&hellip;","robots":{"index":"index","follow":"follow","max-snippet":"max-snippet:-1","max-image-preview":"max-image-preview:large","max-video-preview":"max-video-preview:-1"},"canonical":"Un audio cuento de alumnos de Los Escolapios descubre \u201cEl secreto Escolapio\u201d Con unos invitados de lujo Trist\u00e1n Ulloa, Pablo Motos y Javier Rey, los alumnos del colegio Los Escolapios\u00a0de Granada han dado forma a una original historia de m\u00e1s de cinco horas en formato de audio cuento. En 'El secreto Escolapio' los 26 ni\u00f1os&hellip;","og_locale":"pt_BR","og_type":"article","og_title":"Itaka- La uni\u00f3n hace la magia","og_description":"Un audio cuento de alumnos de Los Escolapios descubre \u201cEl secreto Escolapio\u201d Con unos invitados de lujo Trist\u00e1n Ulloa, Pablo Motos y Javier Rey, los alumnos del colegio Los Escolapios\u00a0de Granada han dado forma a una original historia de m\u00e1s de cinco horas en formato de audio cuento. En 'El secreto Escolapio' los 26 ni\u00f1os&hellip;","og_url":"https:\/\/www.itakaescolapios.org\/pt\/2020\/08\/la-union-hace-la-magia\/","og_site_name":"Itaka-Escolapios","article_published_time":"2020-08-31T08:48:12+00:00","article_modified_time":"2023-11-28T11:36:10+00:00","og_image":[{"width":432,"height":432,"url":"https:\/\/www.itakaescolapios.org\/wp-content\/uploads\/2020\/08\/escolapios-granada.png","type":"image\/png"}],"author":"itakaescolapios","twitter_card":"summary_large_image","twitter_misc":{"Escrito por":"itakaescolapios","Est. tempo de leitura":"2 minutos"},"schema":{"@context":"https:\/\/schema.org","@graph":[{"@type":"Article","@id":"https:\/\/www.itakaescolapios.org\/pt\/2020\/08\/la-union-hace-la-magia\/#article","isPartOf":{"@id":"https:\/\/www.itakaescolapios.org\/pt\/2020\/08\/la-union-hace-la-magia\/"},"author":{"name":"itakaescolapios","@id":"https:\/\/www.itakaescolapios.org\/es\/#\/schema\/person\/768ce0f19db5c2c2b6361e77e15db2db"},"headline":"Itaka- La uni\u00f3n hace la magia","datePublished":"2020-08-31T08:48:12+00:00","dateModified":"2023-11-28T11:36:10+00:00","mainEntityOfPage":{"@id":"https:\/\/www.itakaescolapios.org\/pt\/2020\/08\/la-union-hace-la-magia\/"},"wordCount":450,"publisher":{"@id":"https:\/\/www.itakaescolapios.org\/es\/#organization"},"image":{"@id":"https:\/\/www.itakaescolapios.org\/pt\/2020\/08\/la-union-hace-la-magia\/#primaryimage"},"thumbnailUrl":"https:\/\/www.itakaescolapios.org\/wp-content\/uploads\/2020\/08\/escolapios-granada.png","keywords":["Granada","grupos","Itaka Escolapios"],"articleSection":["Itaka Escolapios"],"inLanguage":"pt-BR"},{"@type":"WebPage","@id":"https:\/\/www.itakaescolapios.org\/pt\/2020\/08\/la-union-hace-la-magia\/","url":"https:\/\/www.itakaescolapios.org\/pt\/2020\/08\/la-union-hace-la-magia\/","name":"Itaka- La uni\u00f3n hace la magia - Itaka-Escolapios","isPartOf":{"@id":"https:\/\/www.itakaescolapios.org\/es\/#website"},"primaryImageOfPage":{"@id":"https:\/\/www.itakaescolapios.org\/pt\/2020\/08\/la-union-hace-la-magia\/#primaryimage"},"image":{"@id":"https:\/\/www.itakaescolapios.org\/pt\/2020\/08\/la-union-hace-la-magia\/#primaryimage"},"thumbnailUrl":"https:\/\/www.itakaescolapios.org\/wp-content\/uploads\/2020\/08\/escolapios-granada.png","datePublished":"2020-08-31T08:48:12+00:00","dateModified":"2023-11-28T11:36:10+00:00","breadcrumb":{"@id":"https:\/\/www.itakaescolapios.org\/pt\/2020\/08\/la-union-hace-la-magia\/#breadcrumb"},"inLanguage":"pt-BR","potentialAction":[{"@type":"ReadAction","target":["https:\/\/www.itakaescolapios.org\/pt\/2020\/08\/la-union-hace-la-magia\/"]}]},{"@type":"ImageObject","inLanguage":"pt-BR","@id":"https:\/\/www.itakaescolapios.org\/pt\/2020\/08\/la-union-hace-la-magia\/#primaryimage","url":"https:\/\/www.itakaescolapios.org\/wp-content\/uploads\/2020\/08\/escolapios-granada.png","contentUrl":"https:\/\/www.itakaescolapios.org\/wp-content\/uploads\/2020\/08\/escolapios-granada.png","width":432,"height":432,"caption":"historias peque\u00f1as que inician grandes cambios microsolidarias"},{"@type":"BreadcrumbList","@id":"https:\/\/www.itakaescolapios.org\/pt\/2020\/08\/la-union-hace-la-magia\/#breadcrumb","itemListElement":[{"@type":"ListItem","position":1,"name":"Itaka-Escolapios","item":"https:\/\/www.itakaescolapios.org\/es\/"},{"@type":"ListItem","position":2,"name":"Itaka- La uni\u00f3n hace la magia"}]},{"@type":"WebSite","@id":"https:\/\/www.itakaescolapios.org\/pt\/es\/#website","url":"https:\/\/www.itakaescolapios.org\/pt\/es\/","name":"Itaka-Escolapios","description":"Red de Itaka-Escolapios","publisher":{"@id":"https:\/\/www.itakaescolapios.org\/pt\/es\/#organization"},"potentialAction":[{"@type":"SearchAction","target":{"@type":"EntryPoint","urlTemplate":"https:\/\/www.itakaescolapios.org\/pt\/es\/?s={search_term_string}"},"query-input":{"@type":"PropertyValueSpecification","valueRequired":true,"valueName":"search_term_string"}}],"inLanguage":"pt-BR"},{"@type":"Organization","@id":"https:\/\/www.itakaescolapios.org\/pt\/es\/#organization","name":"Fundaci\u00f3 Itaka-Escolapios","url":"https:\/\/www.itakaescolapios.org\/pt\/es\/","logo":{"@type":"ImageObject","inLanguage":"pt-BR","@id":"https:\/\/www.itakaescolapios.org\/pt\/es\/#\/schema\/logo\/image\/","url":"https:\/\/www.itakaescolapios.org\/wp-content\/uploads\/2024\/04\/Logo-itakaescolapios-peque.png","contentUrl":"https:\/\/www.itakaescolapios.org\/wp-content\/uploads\/2024\/04\/Logo-itakaescolapios-peque.png","width":500,"height":199,"caption":"Fundaci\u00f3 Itaka-Escolapios"},"image":{"@id":"https:\/\/www.itakaescolapios.org\/pt\/es\/#\/schema\/logo\/image\/"}},{"@type":"Person","@id":"https:\/\/www.itakaescolapios.org\/es\/#\/schema\/person\/768ce0f19db5c2c2b6361e77e15db2db","name":"itakaescolapios","url":"https:\/\/www.itakaescolapios.org\/pt\/author\/itakaescolapios\/"}]}},"_links":{"self":[{"href":"https:\/\/www.itakaescolapios.org\/pt\/wp-json\/wp\/v2\/posts\/31645","targetHints":{"allow":["GET"]}}],"collection":[{"href":"https:\/\/www.itakaescolapios.org\/pt\/wp-json\/wp\/v2\/posts"}],"about":[{"href":"https:\/\/www.itakaescolapios.org\/pt\/wp-json\/wp\/v2\/types\/post"}],"author":[{"embeddable":true,"href":"https:\/\/www.itakaescolapios.org\/pt\/wp-json\/wp\/v2\/users\/46"}],"replies":[{"embeddable":true,"href":"https:\/\/www.itakaescolapios.org\/pt\/wp-json\/wp\/v2\/comments?post=31645"}],"version-history":[{"count":5,"href":"https:\/\/www.itakaescolapios.org\/pt\/wp-json\/wp\/v2\/posts\/31645\/revisions"}],"predecessor-version":[{"id":44562,"href":"https:\/\/www.itakaescolapios.org\/pt\/wp-json\/wp\/v2\/posts\/31645\/revisions\/44562"}],"wp:featuredmedia":[{"embeddable":true,"href":"https:\/\/www.itakaescolapios.org\/pt\/wp-json\/wp\/v2\/media\/31647"}],"wp:attachment":[{"href":"https:\/\/www.itakaescolapios.org\/pt\/wp-json\/wp\/v2\/media?parent=31645"}],"wp:term":[{"taxonomy":"category","embeddable":true,"href":"https:\/\/www.itakaescolapios.org\/pt\/wp-json\/wp\/v2\/categories?post=31645"},{"taxonomy":"post_tag","embeddable":true,"href":"https:\/\/www.itakaescolapios.org\/pt\/wp-json\/wp\/v2\/tags?post=31645"}],"curies":[{"name":"wp","href":"https:\/\/api.w.org\/{rel}","templated":true}]}}