{"id":325181,"date":"2023-11-17T16:26:16","date_gmt":"2023-11-17T15:26:16","guid":{"rendered":"https:\/\/www.itakaescolapios.org\/?p=43304"},"modified":"2025-03-07T18:28:34","modified_gmt":"2025-03-07T17:28:34","slug":"personas-que-forman-otras-personas","status":"publish","type":"post","link":"https:\/\/www.itakaescolapios.org\/pt\/2023\/11\/personas-que-forman-otras-personas\/","title":{"rendered":"PERSONAS QUE FORMAN OTRAS PERSONAS"},"content":{"rendered":"<div class=\"xdj266r x11i5rnm xat24cr x1mh8g0r x1vvkbs x126k92a\">\n<div dir=\"auto\">El pasado jueves 16 de noviembre tuvo lugar bajo el t\u00edtulo PERSONAS QUE FORMAN OTRAS PERSONAS, el I Encuentro Anual del \u00c1rea de formaci\u00f3n de la Red Itaka-Escolapios.<\/div>\n<\/div>\n<div class=\"x11i5rnm xat24cr x1mh8g0r x1vvkbs xtlvy1s x126k92a\">\n<div dir=\"auto\">Nos encontramos unas 50 personas comprometidas con la formaci\u00f3n en todas la Demarcaciones donde Itaka-Escolapios desarrolla su misi\u00f3n. Despu\u00e9s de la oraci\u00f3n inicial, el P. Alejandro V\u00e1squez, nos present\u00f3 las claves del proceso y el estilo formativo propio de los escolapios. Desde la experiencia de la Cruz hacia el pleno desarrollo de todas las dimensiones de las personas que se encuentran para formarse.<\/div>\n<\/div>\n<div class=\"x11i5rnm xat24cr x1mh8g0r x1vvkbs xtlvy1s x126k92a\">\n<div dir=\"auto\">Adem\u00e1s tuvimos ocasi\u00f3n de compartir la propuesta del equipo de la Red de 10 pasos que se pueden dar para impulsar la formaci\u00f3n , as\u00ed como el momento de esta importante \u00e1rea en cada demarcaci\u00f3n.<\/div>\n<\/div>\n<div class=\"x11i5rnm xat24cr x1mh8g0r x1vvkbs xtlvy1s x126k92a\">\n<div dir=\"auto\">Terminamos compartiendo &#8220;Una historia de Ita&#8221;, un precioso recurso formativo que el equipo de Venezuela nos ofrece a toda la Red.<\/div>\n<\/div>\n<div class=\"x11i5rnm xat24cr x1mh8g0r x1vvkbs xtlvy1s x126k92a\">\n<div dir=\"auto\">En definitiva, un encuentro gozoso y formativo que seguro servir\u00e1, a su vez, para mejorar la formaci\u00f3n en toda la Red Itaka-Escolapios.<\/div>\n<\/div>\n","protected":false},"excerpt":{"rendered":"<p>El pasado jueves 16 de noviembre tuvo lugar bajo el t\u00edtulo PERSONAS QUE FORMAN OTRAS PERSONAS, el I Encuentro Anual del \u00c1rea de formaci\u00f3n de la Red Itaka-Escolapios. Nos encontramos [&hellip;]<\/p>\n","protected":false},"author":1,"featured_media":43305,"comment_status":"closed","ping_status":"closed","sticky":false,"template":"","format":"standard","meta":{"_et_pb_use_builder":"","_et_pb_old_content":"","_et_gb_content_width":"","footnotes":""},"categories":[30],"tags":[],"class_list":["post-325181","post","type-post","status-publish","format-standard","has-post-thumbnail","hentry","category-itaka-escolapios"],"yoast_head":"<!-- This site is optimized with the Yoast SEO plugin v27.4 - https:\/\/yoast.com\/product\/yoast-seo-wordpress\/ -->\n<title>PERSONAS QUE FORMAN OTRAS PERSONAS<\/title>\n<meta name=\"description\" content=\"El pasado jueves 16 de noviembre tuvo lugar bajo el t\u00edtulo PERSONAS QUE FORMAN OTRAS PERSONAS, el I Encuentro Anual del \u00c1rea de formaci\u00f3n de la Red Itaka-Escolapios. Nos encontramos unas 50 personas comprometidas con la formaci\u00f3n en todas la Demarcaciones donde Itaka-Escolapios desarrolla su misi\u00f3n. Despu\u00e9s de la oraci\u00f3n inicial, el P. Alejandro V\u00e1squez,&hellip;\" \/>\n<meta name=\"robots\" content=\"index, follow, max-snippet:-1, max-image-preview:large, max-video-preview:-1\" \/>\n<link rel=\"canonical\" href=\"http:\/\/El%20pasado%20jueves%2016%20de%20noviembre%20tuvo%20lugar%20bajo%20el%20t\u00edtulo%20PERSONAS%20QUE%20FORMAN%20OTRAS%20PERSONAS,%20el%20I%20Encuentro%20Anual%20del%20\u00c1rea%20de%20formaci\u00f3n%20de%20la%20Red%20Itaka-Escolapios.%20Nos%20encontramos%20unas%2050%20personas%20comprometidas%20con%20la%20formaci\u00f3n%20en%20todas%20la%20Demarcaciones%20donde%20Itaka-Escolapios%20desarrolla%20su%20misi\u00f3n.%20Despu\u00e9s%20de%20la%20oraci\u00f3n%20inicial,%20el%20P.%20Alejandro%20V\u00e1squez,&hellip;\" \/>\n<meta property=\"og:locale\" content=\"pt_BR\" \/>\n<meta property=\"og:type\" content=\"article\" \/>\n<meta property=\"og:title\" content=\"PERSONAS QUE FORMAN OTRAS PERSONAS\" \/>\n<meta property=\"og:description\" content=\"El pasado jueves 16 de noviembre tuvo lugar bajo el t\u00edtulo PERSONAS QUE FORMAN OTRAS PERSONAS, el I Encuentro Anual del \u00c1rea de formaci\u00f3n de la Red Itaka-Escolapios. Nos encontramos unas 50 personas comprometidas con la formaci\u00f3n en todas la Demarcaciones donde Itaka-Escolapios desarrolla su misi\u00f3n. Despu\u00e9s de la oraci\u00f3n inicial, el P. Alejandro V\u00e1squez,&hellip;\" \/>\n<meta property=\"og:url\" content=\"https:\/\/www.itakaescolapios.org\/pt\/2023\/11\/personas-que-forman-otras-personas\/\" \/>\n<meta property=\"og:site_name\" content=\"Itaka-Escolapios\" \/>\n<meta property=\"article:published_time\" content=\"2023-11-17T15:26:16+00:00\" \/>\n<meta property=\"article:modified_time\" content=\"2025-03-07T17:28:34+00:00\" \/>\n<meta property=\"og:image\" content=\"https:\/\/www.itakaescolapios.org\/wp-content\/uploads\/2023\/11\/Imagen-de-WhatsApp-2023-11-17-a-las-15.37.20_6c83c16c.jpg\" \/>\n\t<meta property=\"og:image:width\" content=\"1533\" \/>\n\t<meta property=\"og:image:height\" content=\"868\" \/>\n\t<meta property=\"og:image:type\" content=\"image\/jpeg\" \/>\n<meta name=\"author\" content=\"administrador\" \/>\n<meta name=\"twitter:card\" content=\"summary_large_image\" \/>\n<meta name=\"twitter:label1\" content=\"Escrito por\" \/>\n\t<meta name=\"twitter:data1\" content=\"administrador\" \/>\n\t<meta name=\"twitter:label2\" content=\"Est. tempo de leitura\" \/>\n\t<meta name=\"twitter:data2\" content=\"1 minuto\" \/>\n<script type=\"application\/ld+json\" class=\"yoast-schema-graph\">{\"@context\":\"https:\\\/\\\/schema.org\",\"@graph\":[{\"@type\":\"Article\",\"@id\":\"https:\\\/\\\/www.itakaescolapios.org\\\/pt\\\/2023\\\/11\\\/personas-que-forman-otras-personas\\\/#article\",\"isPartOf\":{\"@id\":\"https:\\\/\\\/www.itakaescolapios.org\\\/pt\\\/2023\\\/11\\\/personas-que-forman-otras-personas\\\/\"},\"author\":{\"name\":\"administrador\",\"@id\":\"https:\\\/\\\/www.itakaescolapios.org\\\/es\\\/#\\\/schema\\\/person\\\/aaa10333558991c1d6ad358b7721fe71\"},\"headline\":\"PERSONAS QUE FORMAN OTRAS PERSONAS\",\"datePublished\":\"2023-11-17T15:26:16+00:00\",\"dateModified\":\"2025-03-07T17:28:34+00:00\",\"mainEntityOfPage\":{\"@id\":\"https:\\\/\\\/www.itakaescolapios.org\\\/pt\\\/2023\\\/11\\\/personas-que-forman-otras-personas\\\/\"},\"wordCount\":182,\"publisher\":{\"@id\":\"https:\\\/\\\/www.itakaescolapios.org\\\/es\\\/#organization\"},\"image\":{\"@id\":\"https:\\\/\\\/www.itakaescolapios.org\\\/pt\\\/2023\\\/11\\\/personas-que-forman-otras-personas\\\/#primaryimage\"},\"thumbnailUrl\":\"https:\\\/\\\/www.itakaescolapios.org\\\/wp-content\\\/uploads\\\/2023\\\/11\\\/Imagen-de-WhatsApp-2023-11-17-a-las-15.37.20_6c83c16c.jpg\",\"articleSection\":[\"Itaka Escolapios\"],\"inLanguage\":\"pt-BR\"},{\"@type\":\"WebPage\",\"@id\":\"https:\\\/\\\/www.itakaescolapios.org\\\/pt\\\/2023\\\/11\\\/personas-que-forman-otras-personas\\\/\",\"url\":\"https:\\\/\\\/www.itakaescolapios.org\\\/pt\\\/2023\\\/11\\\/personas-que-forman-otras-personas\\\/\",\"name\":\"PERSONAS QUE FORMAN OTRAS PERSONAS - Itaka-Escolapios\",\"isPartOf\":{\"@id\":\"https:\\\/\\\/www.itakaescolapios.org\\\/es\\\/#website\"},\"primaryImageOfPage\":{\"@id\":\"https:\\\/\\\/www.itakaescolapios.org\\\/pt\\\/2023\\\/11\\\/personas-que-forman-otras-personas\\\/#primaryimage\"},\"image\":{\"@id\":\"https:\\\/\\\/www.itakaescolapios.org\\\/pt\\\/2023\\\/11\\\/personas-que-forman-otras-personas\\\/#primaryimage\"},\"thumbnailUrl\":\"https:\\\/\\\/www.itakaescolapios.org\\\/wp-content\\\/uploads\\\/2023\\\/11\\\/Imagen-de-WhatsApp-2023-11-17-a-las-15.37.20_6c83c16c.jpg\",\"datePublished\":\"2023-11-17T15:26:16+00:00\",\"dateModified\":\"2025-03-07T17:28:34+00:00\",\"breadcrumb\":{\"@id\":\"https:\\\/\\\/www.itakaescolapios.org\\\/pt\\\/2023\\\/11\\\/personas-que-forman-otras-personas\\\/#breadcrumb\"},\"inLanguage\":\"pt-BR\",\"potentialAction\":[{\"@type\":\"ReadAction\",\"target\":[\"https:\\\/\\\/www.itakaescolapios.org\\\/pt\\\/2023\\\/11\\\/personas-que-forman-otras-personas\\\/\"]}]},{\"@type\":\"ImageObject\",\"inLanguage\":\"pt-BR\",\"@id\":\"https:\\\/\\\/www.itakaescolapios.org\\\/pt\\\/2023\\\/11\\\/personas-que-forman-otras-personas\\\/#primaryimage\",\"url\":\"https:\\\/\\\/www.itakaescolapios.org\\\/wp-content\\\/uploads\\\/2023\\\/11\\\/Imagen-de-WhatsApp-2023-11-17-a-las-15.37.20_6c83c16c.jpg\",\"contentUrl\":\"https:\\\/\\\/www.itakaescolapios.org\\\/wp-content\\\/uploads\\\/2023\\\/11\\\/Imagen-de-WhatsApp-2023-11-17-a-las-15.37.20_6c83c16c.jpg\",\"width\":1533,\"height\":868},{\"@type\":\"BreadcrumbList\",\"@id\":\"https:\\\/\\\/www.itakaescolapios.org\\\/pt\\\/2023\\\/11\\\/personas-que-forman-otras-personas\\\/#breadcrumb\",\"itemListElement\":[{\"@type\":\"ListItem\",\"position\":1,\"name\":\"Itaka-Escolapios\",\"item\":\"https:\\\/\\\/www.itakaescolapios.org\\\/es\\\/\"},{\"@type\":\"ListItem\",\"position\":2,\"name\":\"PERSONAS QUE FORMAN OTRAS PERSONAS\"}]},{\"@type\":\"WebSite\",\"@id\":\"https:\\\/\\\/www.itakaescolapios.org\\\/pt\\\/es\\\/#website\",\"url\":\"https:\\\/\\\/www.itakaescolapios.org\\\/pt\\\/es\\\/\",\"name\":\"Itaka-Escolapios\",\"description\":\"Red de Itaka-Escolapios\",\"publisher\":{\"@id\":\"https:\\\/\\\/www.itakaescolapios.org\\\/pt\\\/es\\\/#organization\"},\"potentialAction\":[{\"@type\":\"SearchAction\",\"target\":{\"@type\":\"EntryPoint\",\"urlTemplate\":\"https:\\\/\\\/www.itakaescolapios.org\\\/pt\\\/es\\\/?s={search_term_string}\"},\"query-input\":{\"@type\":\"PropertyValueSpecification\",\"valueRequired\":true,\"valueName\":\"search_term_string\"}}],\"inLanguage\":\"pt-BR\"},{\"@type\":\"Organization\",\"@id\":\"https:\\\/\\\/www.itakaescolapios.org\\\/pt\\\/es\\\/#organization\",\"name\":\"Fundaci\u00f3 Itaka-Escolapios\",\"url\":\"https:\\\/\\\/www.itakaescolapios.org\\\/pt\\\/es\\\/\",\"logo\":{\"@type\":\"ImageObject\",\"inLanguage\":\"pt-BR\",\"@id\":\"https:\\\/\\\/www.itakaescolapios.org\\\/pt\\\/es\\\/#\\\/schema\\\/logo\\\/image\\\/\",\"url\":\"https:\\\/\\\/www.itakaescolapios.org\\\/wp-content\\\/uploads\\\/2024\\\/04\\\/Logo-itakaescolapios-peque.png\",\"contentUrl\":\"https:\\\/\\\/www.itakaescolapios.org\\\/wp-content\\\/uploads\\\/2024\\\/04\\\/Logo-itakaescolapios-peque.png\",\"width\":500,\"height\":199,\"caption\":\"Fundaci\u00f3 Itaka-Escolapios\"},\"image\":{\"@id\":\"https:\\\/\\\/www.itakaescolapios.org\\\/pt\\\/es\\\/#\\\/schema\\\/logo\\\/image\\\/\"}},{\"@type\":\"Person\",\"@id\":\"https:\\\/\\\/www.itakaescolapios.org\\\/es\\\/#\\\/schema\\\/person\\\/aaa10333558991c1d6ad358b7721fe71\",\"name\":\"administrador\",\"url\":\"https:\\\/\\\/www.itakaescolapios.org\\\/pt\\\/author\\\/administrador\\\/\"}]}<\/script>\n<!-- \/ Yoast SEO plugin. -->","yoast_head_json":{"title":"PERSONAS QUE FORMAN OTRAS PERSONAS","description":"El pasado jueves 16 de noviembre tuvo lugar bajo el t\u00edtulo PERSONAS QUE FORMAN OTRAS PERSONAS, el I Encuentro Anual del \u00c1rea de formaci\u00f3n de la Red Itaka-Escolapios. Nos encontramos unas 50 personas comprometidas con la formaci\u00f3n en todas la Demarcaciones donde Itaka-Escolapios desarrolla su misi\u00f3n. Despu\u00e9s de la oraci\u00f3n inicial, el P. Alejandro V\u00e1squez,&hellip;","robots":{"index":"index","follow":"follow","max-snippet":"max-snippet:-1","max-image-preview":"max-image-preview:large","max-video-preview":"max-video-preview:-1"},"canonical":"El pasado jueves 16 de noviembre tuvo lugar bajo el t\u00edtulo PERSONAS QUE FORMAN OTRAS PERSONAS, el I Encuentro Anual del \u00c1rea de formaci\u00f3n de la Red Itaka-Escolapios. Nos encontramos unas 50 personas comprometidas con la formaci\u00f3n en todas la Demarcaciones donde Itaka-Escolapios desarrolla su misi\u00f3n. Despu\u00e9s de la oraci\u00f3n inicial, el P. Alejandro V\u00e1squez,&hellip;","og_locale":"pt_BR","og_type":"article","og_title":"PERSONAS QUE FORMAN OTRAS PERSONAS","og_description":"El pasado jueves 16 de noviembre tuvo lugar bajo el t\u00edtulo PERSONAS QUE FORMAN OTRAS PERSONAS, el I Encuentro Anual del \u00c1rea de formaci\u00f3n de la Red Itaka-Escolapios. Nos encontramos unas 50 personas comprometidas con la formaci\u00f3n en todas la Demarcaciones donde Itaka-Escolapios desarrolla su misi\u00f3n. Despu\u00e9s de la oraci\u00f3n inicial, el P. Alejandro V\u00e1squez,&hellip;","og_url":"https:\/\/www.itakaescolapios.org\/pt\/2023\/11\/personas-que-forman-otras-personas\/","og_site_name":"Itaka-Escolapios","article_published_time":"2023-11-17T15:26:16+00:00","article_modified_time":"2025-03-07T17:28:34+00:00","og_image":[{"width":1533,"height":868,"url":"https:\/\/www.itakaescolapios.org\/wp-content\/uploads\/2023\/11\/Imagen-de-WhatsApp-2023-11-17-a-las-15.37.20_6c83c16c.jpg","type":"image\/jpeg"}],"author":"administrador","twitter_card":"summary_large_image","twitter_misc":{"Escrito por":"administrador","Est. tempo de leitura":"1 minuto"},"schema":{"@context":"https:\/\/schema.org","@graph":[{"@type":"Article","@id":"https:\/\/www.itakaescolapios.org\/pt\/2023\/11\/personas-que-forman-otras-personas\/#article","isPartOf":{"@id":"https:\/\/www.itakaescolapios.org\/pt\/2023\/11\/personas-que-forman-otras-personas\/"},"author":{"name":"administrador","@id":"https:\/\/www.itakaescolapios.org\/es\/#\/schema\/person\/aaa10333558991c1d6ad358b7721fe71"},"headline":"PERSONAS QUE FORMAN OTRAS PERSONAS","datePublished":"2023-11-17T15:26:16+00:00","dateModified":"2025-03-07T17:28:34+00:00","mainEntityOfPage":{"@id":"https:\/\/www.itakaescolapios.org\/pt\/2023\/11\/personas-que-forman-otras-personas\/"},"wordCount":182,"publisher":{"@id":"https:\/\/www.itakaescolapios.org\/es\/#organization"},"image":{"@id":"https:\/\/www.itakaescolapios.org\/pt\/2023\/11\/personas-que-forman-otras-personas\/#primaryimage"},"thumbnailUrl":"https:\/\/www.itakaescolapios.org\/wp-content\/uploads\/2023\/11\/Imagen-de-WhatsApp-2023-11-17-a-las-15.37.20_6c83c16c.jpg","articleSection":["Itaka Escolapios"],"inLanguage":"pt-BR"},{"@type":"WebPage","@id":"https:\/\/www.itakaescolapios.org\/pt\/2023\/11\/personas-que-forman-otras-personas\/","url":"https:\/\/www.itakaescolapios.org\/pt\/2023\/11\/personas-que-forman-otras-personas\/","name":"PERSONAS QUE FORMAN OTRAS PERSONAS - Itaka-Escolapios","isPartOf":{"@id":"https:\/\/www.itakaescolapios.org\/es\/#website"},"primaryImageOfPage":{"@id":"https:\/\/www.itakaescolapios.org\/pt\/2023\/11\/personas-que-forman-otras-personas\/#primaryimage"},"image":{"@id":"https:\/\/www.itakaescolapios.org\/pt\/2023\/11\/personas-que-forman-otras-personas\/#primaryimage"},"thumbnailUrl":"https:\/\/www.itakaescolapios.org\/wp-content\/uploads\/2023\/11\/Imagen-de-WhatsApp-2023-11-17-a-las-15.37.20_6c83c16c.jpg","datePublished":"2023-11-17T15:26:16+00:00","dateModified":"2025-03-07T17:28:34+00:00","breadcrumb":{"@id":"https:\/\/www.itakaescolapios.org\/pt\/2023\/11\/personas-que-forman-otras-personas\/#breadcrumb"},"inLanguage":"pt-BR","potentialAction":[{"@type":"ReadAction","target":["https:\/\/www.itakaescolapios.org\/pt\/2023\/11\/personas-que-forman-otras-personas\/"]}]},{"@type":"ImageObject","inLanguage":"pt-BR","@id":"https:\/\/www.itakaescolapios.org\/pt\/2023\/11\/personas-que-forman-otras-personas\/#primaryimage","url":"https:\/\/www.itakaescolapios.org\/wp-content\/uploads\/2023\/11\/Imagen-de-WhatsApp-2023-11-17-a-las-15.37.20_6c83c16c.jpg","contentUrl":"https:\/\/www.itakaescolapios.org\/wp-content\/uploads\/2023\/11\/Imagen-de-WhatsApp-2023-11-17-a-las-15.37.20_6c83c16c.jpg","width":1533,"height":868},{"@type":"BreadcrumbList","@id":"https:\/\/www.itakaescolapios.org\/pt\/2023\/11\/personas-que-forman-otras-personas\/#breadcrumb","itemListElement":[{"@type":"ListItem","position":1,"name":"Itaka-Escolapios","item":"https:\/\/www.itakaescolapios.org\/es\/"},{"@type":"ListItem","position":2,"name":"PERSONAS QUE FORMAN OTRAS PERSONAS"}]},{"@type":"WebSite","@id":"https:\/\/www.itakaescolapios.org\/pt\/es\/#website","url":"https:\/\/www.itakaescolapios.org\/pt\/es\/","name":"Itaka-Escolapios","description":"Red de Itaka-Escolapios","publisher":{"@id":"https:\/\/www.itakaescolapios.org\/pt\/es\/#organization"},"potentialAction":[{"@type":"SearchAction","target":{"@type":"EntryPoint","urlTemplate":"https:\/\/www.itakaescolapios.org\/pt\/es\/?s={search_term_string}"},"query-input":{"@type":"PropertyValueSpecification","valueRequired":true,"valueName":"search_term_string"}}],"inLanguage":"pt-BR"},{"@type":"Organization","@id":"https:\/\/www.itakaescolapios.org\/pt\/es\/#organization","name":"Fundaci\u00f3 Itaka-Escolapios","url":"https:\/\/www.itakaescolapios.org\/pt\/es\/","logo":{"@type":"ImageObject","inLanguage":"pt-BR","@id":"https:\/\/www.itakaescolapios.org\/pt\/es\/#\/schema\/logo\/image\/","url":"https:\/\/www.itakaescolapios.org\/wp-content\/uploads\/2024\/04\/Logo-itakaescolapios-peque.png","contentUrl":"https:\/\/www.itakaescolapios.org\/wp-content\/uploads\/2024\/04\/Logo-itakaescolapios-peque.png","width":500,"height":199,"caption":"Fundaci\u00f3 Itaka-Escolapios"},"image":{"@id":"https:\/\/www.itakaescolapios.org\/pt\/es\/#\/schema\/logo\/image\/"}},{"@type":"Person","@id":"https:\/\/www.itakaescolapios.org\/es\/#\/schema\/person\/aaa10333558991c1d6ad358b7721fe71","name":"administrador","url":"https:\/\/www.itakaescolapios.org\/pt\/author\/administrador\/"}]}},"_links":{"self":[{"href":"https:\/\/www.itakaescolapios.org\/pt\/wp-json\/wp\/v2\/posts\/325181","targetHints":{"allow":["GET"]}}],"collection":[{"href":"https:\/\/www.itakaescolapios.org\/pt\/wp-json\/wp\/v2\/posts"}],"about":[{"href":"https:\/\/www.itakaescolapios.org\/pt\/wp-json\/wp\/v2\/types\/post"}],"author":[{"embeddable":true,"href":"https:\/\/www.itakaescolapios.org\/pt\/wp-json\/wp\/v2\/users\/1"}],"replies":[{"embeddable":true,"href":"https:\/\/www.itakaescolapios.org\/pt\/wp-json\/wp\/v2\/comments?post=325181"}],"version-history":[{"count":2,"href":"https:\/\/www.itakaescolapios.org\/pt\/wp-json\/wp\/v2\/posts\/325181\/revisions"}],"predecessor-version":[{"id":326453,"href":"https:\/\/www.itakaescolapios.org\/pt\/wp-json\/wp\/v2\/posts\/325181\/revisions\/326453"}],"wp:featuredmedia":[{"embeddable":true,"href":"https:\/\/www.itakaescolapios.org\/pt\/wp-json\/wp\/v2\/media\/43305"}],"wp:attachment":[{"href":"https:\/\/www.itakaescolapios.org\/pt\/wp-json\/wp\/v2\/media?parent=325181"}],"wp:term":[{"taxonomy":"category","embeddable":true,"href":"https:\/\/www.itakaescolapios.org\/pt\/wp-json\/wp\/v2\/categories?post=325181"},{"taxonomy":"post_tag","embeddable":true,"href":"https:\/\/www.itakaescolapios.org\/pt\/wp-json\/wp\/v2\/tags?post=325181"}],"curies":[{"name":"wp","href":"https:\/\/api.w.org\/{rel}","templated":true}]}}