{"id":325234,"date":"2024-01-21T11:48:42","date_gmt":"2024-01-21T10:48:42","guid":{"rendered":"https:\/\/www.itakaescolapios.org\/?p=45722"},"modified":"2025-03-07T19:00:56","modified_gmt":"2025-03-07T18:00:56","slug":"visitas-culturales-para-conocimiento-de-lugares-y-compartir-experiencias","status":"publish","type":"post","link":"https:\/\/www.itakaescolapios.org\/pt\/2024\/01\/visitas-culturales-para-conocimiento-de-lugares-y-compartir-experiencias\/","title":{"rendered":"\u202fVISITAS CULTURALES PARA CONOCIMIENTO DE LUGARES Y COMPARTIR EXPERIENCIAS"},"content":{"rendered":"<p><span class=\"TextRun SCXW25037784 BCX8\" lang=\"ES-ES\" xml:lang=\"ES-ES\" data-contrast=\"auto\"><span class=\"NormalTextRun SCXW25037784 BCX8\" data-ccp-parastyle=\"Body Text\">Se<\/span><span class=\"NormalTextRun SCXW25037784 BCX8\" data-ccp-parastyle=\"Body Text\"> han llevado<\/span><span class=\"NormalTextRun SCXW25037784 BCX8\" data-ccp-parastyle=\"Body Text\"> a cabo salidas y excursiones para conocer la ciudad de acogida y compartir experiencias.<\/span><span class=\"NormalTextRun SCXW25037784 BCX8\" data-ccp-parastyle=\"Body Text\"> De esta forma, se han creado redes sociales y amistades nuevas entre los participantes y voluntariado. Adem\u00e1s, se ha fortalecido el sentimiento de pertenencia e inclusi\u00f3n.<\/span><\/span><span class=\"EOP SCXW25037784 BCX8\" data-ccp-props=\"{&quot;134245417&quot;:false,&quot;201341983&quot;:0,&quot;335551550&quot;:6,&quot;335551620&quot;:6,&quot;335559738&quot;:95,&quot;335559739&quot;:0,&quot;335559740&quot;:240}\">\u00a0<\/span><\/p>\n<p><img decoding=\"async\" class=\"alignnone size-medium wp-image-45711\" src=\"https:\/\/www.itakaescolapios.org\/wp-content\/uploads\/2025\/02\/IMG-20241115-WA0014-2-300x225.jpg\" alt=\"\" width=\"300\" height=\"225\" \/><\/p>\n<p><span class=\"TextRun SCXW165656 BCX8\" lang=\"ES-ES\" xml:lang=\"ES-ES\" data-contrast=\"auto\"><span class=\"NormalTextRun SCXW165656 BCX8\">SE HAN REALIZADO VISITAS A MUSEOS PARA CONOCER EL PATRIMONIO CULTURAL DE LA CIUD<\/span><span class=\"NormalTextRun SCXW165656 BCX8\">A<\/span><span class=\"NormalTextRun SCXW165656 BCX8\">D DE VITORIA.<\/span><\/span><span class=\"EOP SCXW165656 BCX8\" data-ccp-props=\"{&quot;469777462&quot;:[1590],&quot;469777927&quot;:[0],&quot;469777928&quot;:[1]}\">\u00a0<\/span><\/p>\n<p><img decoding=\"async\" class=\"alignnone size-medium wp-image-45724\" src=\"https:\/\/www.itakaescolapios.org\/wp-content\/uploads\/2025\/02\/2-10241203_112611-300x225.jpg\" alt=\"\" width=\"300\" height=\"225\" \/><\/p>\n<p><span class=\"TextRun SCXW44864936 BCX8\" lang=\"ES-ES\" xml:lang=\"ES-ES\" data-contrast=\"auto\"><span class=\"NormalTextRun SCXW44864936 BCX8\">NOS UNIMOS A LA CHOCOLATADA DEL BARRIO DE JUDIMENDI PARA FORMENTAR EL USO DEL EUSKARA, EL 3 DE DICIEMBRE DE 2024<\/span><\/span><span class=\"EOP SCXW44864936 BCX8\" data-ccp-props=\"{&quot;469777462&quot;:[1590],&quot;469777927&quot;:[0],&quot;469777928&quot;:[1]}\">\u00a0<\/span><\/p>\n<p><img decoding=\"async\" class=\"alignnone size-medium wp-image-45725\" src=\"https:\/\/www.itakaescolapios.org\/wp-content\/uploads\/2025\/02\/IMG-20250123-WA0006-1-300x258.jpg\" alt=\"\" width=\"300\" height=\"258\" \/><\/p>\n<p><span class=\"TextRun SCXW157488902 BCX8\" lang=\"ES-ES\" xml:lang=\"ES-ES\" data-contrast=\"auto\"><span class=\"NormalTextRun SCXW157488902 BCX8\">COMPARTIMOS UN MOMENTO DE TRABAJO Y FORMACI\u00d3N JUNTO A LA ASOCIACI\u00d3N DE VECINOS DE JUDIMENDI, EN EL NUEVO JARD\u00cdN COMESTIBLE.<\/span><\/span><span class=\"EOP SCXW157488902 BCX8\" data-ccp-props=\"{&quot;469777462&quot;:[1590],&quot;469777927&quot;:[0],&quot;469777928&quot;:[1]}\">\u00a0<\/span><\/p>\n<p><img decoding=\"async\" class=\"alignnone size-medium wp-image-45728\" src=\"https:\/\/www.itakaescolapios.org\/wp-content\/uploads\/2025\/02\/2-10250131_110006-300x225.jpg\" alt=\"\" width=\"300\" height=\"225\" \/><\/p>\n<p><span class=\"TextRun SCXW71680586 BCX8\" lang=\"ES-ES\" xml:lang=\"ES-ES\" data-contrast=\"auto\"><span class=\"NormalTextRun SCXW71680586 BCX8\">CELEBRAMOS EL D\u00cdA DE LA PAZ JUNTO AL COLEGIO DE ITAKA-ESCOLAPIOS DE VITORIA-GASTEIZ. MEDIANTE CARTELES CREATIVOS EXPUSIMOS NUESTRAS OPINIONES, REFLEXIONES Y COMPARTIMOS NUESTRAS PROPIAS EXPERIENCIAS.<\/span><\/span><span class=\"EOP SCXW71680586 BCX8\" data-ccp-props=\"{&quot;469777462&quot;:[1590],&quot;469777927&quot;:[0],&quot;469777928&quot;:[1]}\">\u00a0<\/span><\/p>\n","protected":false},"excerpt":{"rendered":"<p>Se han llevado a cabo salidas y excursiones para conocer la ciudad de acogida y compartir experiencias. De esta forma, se han creado redes sociales y amistades nuevas entre los [&hellip;]<\/p>\n","protected":false},"author":41,"featured_media":325602,"comment_status":"closed","ping_status":"closed","sticky":false,"template":"","format":"standard","meta":{"_et_pb_use_builder":"","_et_pb_old_content":"","_et_gb_content_width":"","footnotes":""},"categories":[13],"tags":[],"class_list":["post-325234","post","type-post","status-publish","format-standard","has-post-thumbnail","hentry","category-vitoria"],"yoast_head":"<!-- This site is optimized with the Yoast SEO plugin v27.4 - https:\/\/yoast.com\/product\/yoast-seo-wordpress\/ -->\n<title>\u202fVISITAS CULTURALES PARA CONOCIMIENTO DE LUGARES Y COMPARTIR EXPERIENCIAS<\/title>\n<meta name=\"description\" content=\"Se han llevado a cabo salidas y excursiones para conocer la ciudad de acogida y compartir experiencias. De esta forma, se han creado redes sociales y amistades nuevas entre los participantes y voluntariado. Adem\u00e1s, se ha fortalecido el sentimiento de pertenencia e inclusi\u00f3n.\u00a0 SE HAN REALIZADO VISITAS A MUSEOS PARA CONOCER EL PATRIMONIO CULTURAL DE&hellip;\" \/>\n<meta name=\"robots\" content=\"index, follow, max-snippet:-1, max-image-preview:large, max-video-preview:-1\" \/>\n<link rel=\"canonical\" href=\"http:\/\/Se%20han%20llevado%20a%20cabo%20salidas%20y%20excursiones%20para%20conocer%20la%20ciudad%20de%20acogida%20y%20compartir%20experiencias.%20De%20esta%20forma,%20se%20han%20creado%20redes%20sociales%20y%20amistades%20nuevas%20entre%20los%20participantes%20y%20voluntariado.%20Adem\u00e1s,%20se%20ha%20fortalecido%20el%20sentimiento%20de%20pertenencia%20e%20inclusi\u00f3n.\u00a0%20SE%20HAN%20REALIZADO%20VISITAS%20A%20MUSEOS%20PARA%20CONOCER%20EL%20PATRIMONIO%20CULTURAL%20DE&hellip;\" \/>\n<meta property=\"og:locale\" content=\"pt_BR\" \/>\n<meta property=\"og:type\" content=\"article\" \/>\n<meta property=\"og:title\" content=\"\u202fVISITAS CULTURALES PARA CONOCIMIENTO DE LUGARES Y COMPARTIR EXPERIENCIAS\" \/>\n<meta property=\"og:description\" content=\"Se han llevado a cabo salidas y excursiones para conocer la ciudad de acogida y compartir experiencias. De esta forma, se han creado redes sociales y amistades nuevas entre los participantes y voluntariado. Adem\u00e1s, se ha fortalecido el sentimiento de pertenencia e inclusi\u00f3n.\u00a0 SE HAN REALIZADO VISITAS A MUSEOS PARA CONOCER EL PATRIMONIO CULTURAL DE&hellip;\" \/>\n<meta property=\"og:url\" content=\"https:\/\/www.itakaescolapios.org\/pt\/2024\/01\/visitas-culturales-para-conocimiento-de-lugares-y-compartir-experiencias\/\" \/>\n<meta property=\"og:site_name\" content=\"Itaka-Escolapios\" \/>\n<meta property=\"article:published_time\" content=\"2024-01-21T10:48:42+00:00\" \/>\n<meta property=\"article:modified_time\" content=\"2025-03-07T18:00:56+00:00\" \/>\n<meta property=\"og:image\" content=\"https:\/\/www.itakaescolapios.org\/wp-content\/uploads\/2025\/02\/IMG-20250123-WA0006-1.jpg\" \/>\n\t<meta property=\"og:image:width\" content=\"980\" \/>\n\t<meta property=\"og:image:height\" content=\"843\" \/>\n\t<meta property=\"og:image:type\" content=\"image\/jpeg\" \/>\n<meta name=\"author\" content=\"gasteiz01\" \/>\n<meta name=\"twitter:card\" content=\"summary_large_image\" \/>\n<meta name=\"twitter:label1\" content=\"Escrito por\" \/>\n\t<meta name=\"twitter:data1\" content=\"gasteiz01\" \/>\n\t<meta name=\"twitter:label2\" content=\"Est. tempo de leitura\" \/>\n\t<meta name=\"twitter:data2\" content=\"1 minuto\" \/>\n<script type=\"application\/ld+json\" class=\"yoast-schema-graph\">{\"@context\":\"https:\\\/\\\/schema.org\",\"@graph\":[{\"@type\":\"Article\",\"@id\":\"https:\\\/\\\/www.itakaescolapios.org\\\/pt\\\/2024\\\/01\\\/visitas-culturales-para-conocimiento-de-lugares-y-compartir-experiencias\\\/#article\",\"isPartOf\":{\"@id\":\"https:\\\/\\\/www.itakaescolapios.org\\\/pt\\\/2024\\\/01\\\/visitas-culturales-para-conocimiento-de-lugares-y-compartir-experiencias\\\/\"},\"author\":{\"name\":\"gasteiz01\",\"@id\":\"https:\\\/\\\/www.itakaescolapios.org\\\/es\\\/#\\\/schema\\\/person\\\/ab0993cd608ccb55ef100715f05010e1\"},\"headline\":\"\u202fVISITAS CULTURALES PARA CONOCIMIENTO DE LUGARES Y COMPARTIR EXPERIENCIAS\",\"datePublished\":\"2024-01-21T10:48:42+00:00\",\"dateModified\":\"2025-03-07T18:00:56+00:00\",\"mainEntityOfPage\":{\"@id\":\"https:\\\/\\\/www.itakaescolapios.org\\\/pt\\\/2024\\\/01\\\/visitas-culturales-para-conocimiento-de-lugares-y-compartir-experiencias\\\/\"},\"wordCount\":140,\"publisher\":{\"@id\":\"https:\\\/\\\/www.itakaescolapios.org\\\/es\\\/#organization\"},\"image\":{\"@id\":\"https:\\\/\\\/www.itakaescolapios.org\\\/pt\\\/2024\\\/01\\\/visitas-culturales-para-conocimiento-de-lugares-y-compartir-experiencias\\\/#primaryimage\"},\"thumbnailUrl\":\"https:\\\/\\\/www.itakaescolapios.org\\\/wp-content\\\/uploads\\\/2025\\\/02\\\/IMG-20250123-WA0006-1.jpg\",\"articleSection\":[\"Vitoria-Gasteiz\"],\"inLanguage\":\"pt-BR\"},{\"@type\":\"WebPage\",\"@id\":\"https:\\\/\\\/www.itakaescolapios.org\\\/pt\\\/2024\\\/01\\\/visitas-culturales-para-conocimiento-de-lugares-y-compartir-experiencias\\\/\",\"url\":\"https:\\\/\\\/www.itakaescolapios.org\\\/pt\\\/2024\\\/01\\\/visitas-culturales-para-conocimiento-de-lugares-y-compartir-experiencias\\\/\",\"name\":\"\u202fVISITAS CULTURALES PARA CONOCIMIENTO DE LUGARES Y COMPARTIR EXPERIENCIAS - Itaka-Escolapios\",\"isPartOf\":{\"@id\":\"https:\\\/\\\/www.itakaescolapios.org\\\/es\\\/#website\"},\"primaryImageOfPage\":{\"@id\":\"https:\\\/\\\/www.itakaescolapios.org\\\/pt\\\/2024\\\/01\\\/visitas-culturales-para-conocimiento-de-lugares-y-compartir-experiencias\\\/#primaryimage\"},\"image\":{\"@id\":\"https:\\\/\\\/www.itakaescolapios.org\\\/pt\\\/2024\\\/01\\\/visitas-culturales-para-conocimiento-de-lugares-y-compartir-experiencias\\\/#primaryimage\"},\"thumbnailUrl\":\"https:\\\/\\\/www.itakaescolapios.org\\\/wp-content\\\/uploads\\\/2025\\\/02\\\/IMG-20250123-WA0006-1.jpg\",\"datePublished\":\"2024-01-21T10:48:42+00:00\",\"dateModified\":\"2025-03-07T18:00:56+00:00\",\"breadcrumb\":{\"@id\":\"https:\\\/\\\/www.itakaescolapios.org\\\/pt\\\/2024\\\/01\\\/visitas-culturales-para-conocimiento-de-lugares-y-compartir-experiencias\\\/#breadcrumb\"},\"inLanguage\":\"pt-BR\",\"potentialAction\":[{\"@type\":\"ReadAction\",\"target\":[\"https:\\\/\\\/www.itakaescolapios.org\\\/pt\\\/2024\\\/01\\\/visitas-culturales-para-conocimiento-de-lugares-y-compartir-experiencias\\\/\"]}]},{\"@type\":\"ImageObject\",\"inLanguage\":\"pt-BR\",\"@id\":\"https:\\\/\\\/www.itakaescolapios.org\\\/pt\\\/2024\\\/01\\\/visitas-culturales-para-conocimiento-de-lugares-y-compartir-experiencias\\\/#primaryimage\",\"url\":\"https:\\\/\\\/www.itakaescolapios.org\\\/wp-content\\\/uploads\\\/2025\\\/02\\\/IMG-20250123-WA0006-1.jpg\",\"contentUrl\":\"https:\\\/\\\/www.itakaescolapios.org\\\/wp-content\\\/uploads\\\/2025\\\/02\\\/IMG-20250123-WA0006-1.jpg\",\"width\":980,\"height\":843},{\"@type\":\"BreadcrumbList\",\"@id\":\"https:\\\/\\\/www.itakaescolapios.org\\\/pt\\\/2024\\\/01\\\/visitas-culturales-para-conocimiento-de-lugares-y-compartir-experiencias\\\/#breadcrumb\",\"itemListElement\":[{\"@type\":\"ListItem\",\"position\":1,\"name\":\"Itaka-Escolapios\",\"item\":\"https:\\\/\\\/www.itakaescolapios.org\\\/es\\\/\"},{\"@type\":\"ListItem\",\"position\":2,\"name\":\"\u202fVISITAS CULTURALES PARA CONOCIMIENTO DE LUGARES Y COMPARTIR EXPERIENCIAS\"}]},{\"@type\":\"WebSite\",\"@id\":\"https:\\\/\\\/www.itakaescolapios.org\\\/pt\\\/es\\\/#website\",\"url\":\"https:\\\/\\\/www.itakaescolapios.org\\\/pt\\\/es\\\/\",\"name\":\"Itaka-Escolapios\",\"description\":\"Red de Itaka-Escolapios\",\"publisher\":{\"@id\":\"https:\\\/\\\/www.itakaescolapios.org\\\/pt\\\/es\\\/#organization\"},\"potentialAction\":[{\"@type\":\"SearchAction\",\"target\":{\"@type\":\"EntryPoint\",\"urlTemplate\":\"https:\\\/\\\/www.itakaescolapios.org\\\/pt\\\/es\\\/?s={search_term_string}\"},\"query-input\":{\"@type\":\"PropertyValueSpecification\",\"valueRequired\":true,\"valueName\":\"search_term_string\"}}],\"inLanguage\":\"pt-BR\"},{\"@type\":\"Organization\",\"@id\":\"https:\\\/\\\/www.itakaescolapios.org\\\/pt\\\/es\\\/#organization\",\"name\":\"Fundaci\u00f3 Itaka-Escolapios\",\"url\":\"https:\\\/\\\/www.itakaescolapios.org\\\/pt\\\/es\\\/\",\"logo\":{\"@type\":\"ImageObject\",\"inLanguage\":\"pt-BR\",\"@id\":\"https:\\\/\\\/www.itakaescolapios.org\\\/pt\\\/es\\\/#\\\/schema\\\/logo\\\/image\\\/\",\"url\":\"https:\\\/\\\/www.itakaescolapios.org\\\/wp-content\\\/uploads\\\/2024\\\/04\\\/Logo-itakaescolapios-peque.png\",\"contentUrl\":\"https:\\\/\\\/www.itakaescolapios.org\\\/wp-content\\\/uploads\\\/2024\\\/04\\\/Logo-itakaescolapios-peque.png\",\"width\":500,\"height\":199,\"caption\":\"Fundaci\u00f3 Itaka-Escolapios\"},\"image\":{\"@id\":\"https:\\\/\\\/www.itakaescolapios.org\\\/pt\\\/es\\\/#\\\/schema\\\/logo\\\/image\\\/\"}},{\"@type\":\"Person\",\"@id\":\"https:\\\/\\\/www.itakaescolapios.org\\\/es\\\/#\\\/schema\\\/person\\\/ab0993cd608ccb55ef100715f05010e1\",\"name\":\"gasteiz01\",\"url\":\"https:\\\/\\\/www.itakaescolapios.org\\\/pt\\\/author\\\/gasteiz01\\\/\"}]}<\/script>\n<!-- \/ Yoast SEO plugin. -->","yoast_head_json":{"title":"\u202fVISITAS CULTURALES PARA CONOCIMIENTO DE LUGARES Y COMPARTIR EXPERIENCIAS","description":"Se han llevado a cabo salidas y excursiones para conocer la ciudad de acogida y compartir experiencias. De esta forma, se han creado redes sociales y amistades nuevas entre los participantes y voluntariado. Adem\u00e1s, se ha fortalecido el sentimiento de pertenencia e inclusi\u00f3n.\u00a0 SE HAN REALIZADO VISITAS A MUSEOS PARA CONOCER EL PATRIMONIO CULTURAL DE&hellip;","robots":{"index":"index","follow":"follow","max-snippet":"max-snippet:-1","max-image-preview":"max-image-preview:large","max-video-preview":"max-video-preview:-1"},"canonical":"Se han llevado a cabo salidas y excursiones para conocer la ciudad de acogida y compartir experiencias. De esta forma, se han creado redes sociales y amistades nuevas entre los participantes y voluntariado. Adem\u00e1s, se ha fortalecido el sentimiento de pertenencia e inclusi\u00f3n.\u00a0 SE HAN REALIZADO VISITAS A MUSEOS PARA CONOCER EL PATRIMONIO CULTURAL DE&hellip;","og_locale":"pt_BR","og_type":"article","og_title":"\u202fVISITAS CULTURALES PARA CONOCIMIENTO DE LUGARES Y COMPARTIR EXPERIENCIAS","og_description":"Se han llevado a cabo salidas y excursiones para conocer la ciudad de acogida y compartir experiencias. De esta forma, se han creado redes sociales y amistades nuevas entre los participantes y voluntariado. Adem\u00e1s, se ha fortalecido el sentimiento de pertenencia e inclusi\u00f3n.\u00a0 SE HAN REALIZADO VISITAS A MUSEOS PARA CONOCER EL PATRIMONIO CULTURAL DE&hellip;","og_url":"https:\/\/www.itakaescolapios.org\/pt\/2024\/01\/visitas-culturales-para-conocimiento-de-lugares-y-compartir-experiencias\/","og_site_name":"Itaka-Escolapios","article_published_time":"2024-01-21T10:48:42+00:00","article_modified_time":"2025-03-07T18:00:56+00:00","og_image":[{"width":980,"height":843,"url":"https:\/\/www.itakaescolapios.org\/wp-content\/uploads\/2025\/02\/IMG-20250123-WA0006-1.jpg","type":"image\/jpeg"}],"author":"gasteiz01","twitter_card":"summary_large_image","twitter_misc":{"Escrito por":"gasteiz01","Est. tempo de leitura":"1 minuto"},"schema":{"@context":"https:\/\/schema.org","@graph":[{"@type":"Article","@id":"https:\/\/www.itakaescolapios.org\/pt\/2024\/01\/visitas-culturales-para-conocimiento-de-lugares-y-compartir-experiencias\/#article","isPartOf":{"@id":"https:\/\/www.itakaescolapios.org\/pt\/2024\/01\/visitas-culturales-para-conocimiento-de-lugares-y-compartir-experiencias\/"},"author":{"name":"gasteiz01","@id":"https:\/\/www.itakaescolapios.org\/es\/#\/schema\/person\/ab0993cd608ccb55ef100715f05010e1"},"headline":"\u202fVISITAS CULTURALES PARA CONOCIMIENTO DE LUGARES Y COMPARTIR EXPERIENCIAS","datePublished":"2024-01-21T10:48:42+00:00","dateModified":"2025-03-07T18:00:56+00:00","mainEntityOfPage":{"@id":"https:\/\/www.itakaescolapios.org\/pt\/2024\/01\/visitas-culturales-para-conocimiento-de-lugares-y-compartir-experiencias\/"},"wordCount":140,"publisher":{"@id":"https:\/\/www.itakaescolapios.org\/es\/#organization"},"image":{"@id":"https:\/\/www.itakaescolapios.org\/pt\/2024\/01\/visitas-culturales-para-conocimiento-de-lugares-y-compartir-experiencias\/#primaryimage"},"thumbnailUrl":"https:\/\/www.itakaescolapios.org\/wp-content\/uploads\/2025\/02\/IMG-20250123-WA0006-1.jpg","articleSection":["Vitoria-Gasteiz"],"inLanguage":"pt-BR"},{"@type":"WebPage","@id":"https:\/\/www.itakaescolapios.org\/pt\/2024\/01\/visitas-culturales-para-conocimiento-de-lugares-y-compartir-experiencias\/","url":"https:\/\/www.itakaescolapios.org\/pt\/2024\/01\/visitas-culturales-para-conocimiento-de-lugares-y-compartir-experiencias\/","name":"\u202fVISITAS CULTURALES PARA CONOCIMIENTO DE LUGARES Y COMPARTIR EXPERIENCIAS - Itaka-Escolapios","isPartOf":{"@id":"https:\/\/www.itakaescolapios.org\/es\/#website"},"primaryImageOfPage":{"@id":"https:\/\/www.itakaescolapios.org\/pt\/2024\/01\/visitas-culturales-para-conocimiento-de-lugares-y-compartir-experiencias\/#primaryimage"},"image":{"@id":"https:\/\/www.itakaescolapios.org\/pt\/2024\/01\/visitas-culturales-para-conocimiento-de-lugares-y-compartir-experiencias\/#primaryimage"},"thumbnailUrl":"https:\/\/www.itakaescolapios.org\/wp-content\/uploads\/2025\/02\/IMG-20250123-WA0006-1.jpg","datePublished":"2024-01-21T10:48:42+00:00","dateModified":"2025-03-07T18:00:56+00:00","breadcrumb":{"@id":"https:\/\/www.itakaescolapios.org\/pt\/2024\/01\/visitas-culturales-para-conocimiento-de-lugares-y-compartir-experiencias\/#breadcrumb"},"inLanguage":"pt-BR","potentialAction":[{"@type":"ReadAction","target":["https:\/\/www.itakaescolapios.org\/pt\/2024\/01\/visitas-culturales-para-conocimiento-de-lugares-y-compartir-experiencias\/"]}]},{"@type":"ImageObject","inLanguage":"pt-BR","@id":"https:\/\/www.itakaescolapios.org\/pt\/2024\/01\/visitas-culturales-para-conocimiento-de-lugares-y-compartir-experiencias\/#primaryimage","url":"https:\/\/www.itakaescolapios.org\/wp-content\/uploads\/2025\/02\/IMG-20250123-WA0006-1.jpg","contentUrl":"https:\/\/www.itakaescolapios.org\/wp-content\/uploads\/2025\/02\/IMG-20250123-WA0006-1.jpg","width":980,"height":843},{"@type":"BreadcrumbList","@id":"https:\/\/www.itakaescolapios.org\/pt\/2024\/01\/visitas-culturales-para-conocimiento-de-lugares-y-compartir-experiencias\/#breadcrumb","itemListElement":[{"@type":"ListItem","position":1,"name":"Itaka-Escolapios","item":"https:\/\/www.itakaescolapios.org\/es\/"},{"@type":"ListItem","position":2,"name":"\u202fVISITAS CULTURALES PARA CONOCIMIENTO DE LUGARES Y COMPARTIR EXPERIENCIAS"}]},{"@type":"WebSite","@id":"https:\/\/www.itakaescolapios.org\/pt\/es\/#website","url":"https:\/\/www.itakaescolapios.org\/pt\/es\/","name":"Itaka-Escolapios","description":"Red de Itaka-Escolapios","publisher":{"@id":"https:\/\/www.itakaescolapios.org\/pt\/es\/#organization"},"potentialAction":[{"@type":"SearchAction","target":{"@type":"EntryPoint","urlTemplate":"https:\/\/www.itakaescolapios.org\/pt\/es\/?s={search_term_string}"},"query-input":{"@type":"PropertyValueSpecification","valueRequired":true,"valueName":"search_term_string"}}],"inLanguage":"pt-BR"},{"@type":"Organization","@id":"https:\/\/www.itakaescolapios.org\/pt\/es\/#organization","name":"Fundaci\u00f3 Itaka-Escolapios","url":"https:\/\/www.itakaescolapios.org\/pt\/es\/","logo":{"@type":"ImageObject","inLanguage":"pt-BR","@id":"https:\/\/www.itakaescolapios.org\/pt\/es\/#\/schema\/logo\/image\/","url":"https:\/\/www.itakaescolapios.org\/wp-content\/uploads\/2024\/04\/Logo-itakaescolapios-peque.png","contentUrl":"https:\/\/www.itakaescolapios.org\/wp-content\/uploads\/2024\/04\/Logo-itakaescolapios-peque.png","width":500,"height":199,"caption":"Fundaci\u00f3 Itaka-Escolapios"},"image":{"@id":"https:\/\/www.itakaescolapios.org\/pt\/es\/#\/schema\/logo\/image\/"}},{"@type":"Person","@id":"https:\/\/www.itakaescolapios.org\/es\/#\/schema\/person\/ab0993cd608ccb55ef100715f05010e1","name":"gasteiz01","url":"https:\/\/www.itakaescolapios.org\/pt\/author\/gasteiz01\/"}]}},"_links":{"self":[{"href":"https:\/\/www.itakaescolapios.org\/pt\/wp-json\/wp\/v2\/posts\/325234","targetHints":{"allow":["GET"]}}],"collection":[{"href":"https:\/\/www.itakaescolapios.org\/pt\/wp-json\/wp\/v2\/posts"}],"about":[{"href":"https:\/\/www.itakaescolapios.org\/pt\/wp-json\/wp\/v2\/types\/post"}],"author":[{"embeddable":true,"href":"https:\/\/www.itakaescolapios.org\/pt\/wp-json\/wp\/v2\/users\/41"}],"replies":[{"embeddable":true,"href":"https:\/\/www.itakaescolapios.org\/pt\/wp-json\/wp\/v2\/comments?post=325234"}],"version-history":[{"count":2,"href":"https:\/\/www.itakaescolapios.org\/pt\/wp-json\/wp\/v2\/posts\/325234\/revisions"}],"predecessor-version":[{"id":326386,"href":"https:\/\/www.itakaescolapios.org\/pt\/wp-json\/wp\/v2\/posts\/325234\/revisions\/326386"}],"wp:featuredmedia":[{"embeddable":true,"href":"https:\/\/www.itakaescolapios.org\/pt\/wp-json\/wp\/v2\/media\/325602"}],"wp:attachment":[{"href":"https:\/\/www.itakaescolapios.org\/pt\/wp-json\/wp\/v2\/media?parent=325234"}],"wp:term":[{"taxonomy":"category","embeddable":true,"href":"https:\/\/www.itakaescolapios.org\/pt\/wp-json\/wp\/v2\/categories?post=325234"},{"taxonomy":"post_tag","embeddable":true,"href":"https:\/\/www.itakaescolapios.org\/pt\/wp-json\/wp\/v2\/tags?post=325234"}],"curies":[{"name":"wp","href":"https:\/\/api.w.org\/{rel}","templated":true}]}}