{"id":32748,"date":"2021-03-23T08:44:23","date_gmt":"2021-03-23T07:44:23","guid":{"rendered":"https:\/\/www.itakaescolapios.org\/?p=32748"},"modified":"2023-11-28T12:36:03","modified_gmt":"2023-11-28T11:36:03","slug":"itaka-escolapios-en-africa-central-3","status":"publish","type":"post","link":"https:\/\/www.itakaescolapios.org\/pt\/2021\/03\/itaka-escolapios-en-africa-central-3\/","title":{"rendered":"ITAKA - ESCOLAPIOS EN \u00c1FRICA CENTRAL"},"content":{"rendered":"<p>Del 15 al 22 de marzo fueron d\u00edas de visita a Camer\u00fan, a la Congregaci\u00f3n Provincial y a los distintos equipos de Itaka &#8211; Escolapios, por parte del Presidente y Coordinador General de la Red Itaka &#8211; Escolapios.<\/p>\n<p>Fueron d\u00edas de felicitarnos por la buena marcha de los distintos proyectos en Camer\u00fan, por la grande y creciente capacidad de los equipos, por las muchas personas implicadas&#8230; y por los nuevos pasos que se van perfilando para los pr\u00f3ximos a\u00f1os.<\/p>\n<p>Ciertamente son muchos los retos existentes a los que tendremos que ir respondiendo en las escuelas, liceos, internados, centros socioeducativos, Movimiento Calasanz, respuesta a las urgencias de este momento de crisis sanitaria y social. Ah\u00ed estaremos trabajando por una respuesta.<\/p>\n<p><a href=\"https:\/\/www.itakaescolapios.org\/2021\/03\/itaka-escolapios-en-africa-central-3\/160393668_1572282966312363_2016652926424371101_o\/\" rel=\"attachment wp-att-32749\"><img decoding=\"async\" class=\"alignleft size-large wp-image-32749\" src=\"https:\/\/www.itakaescolapios.org\/wp-content\/uploads\/2021\/03\/160393668_1572282966312363_2016652926424371101_o-1024x473.jpg\" alt=\"\" width=\"1024\" height=\"473\" srcset=\"https:\/\/www.itakaescolapios.org\/wp-content\/uploads\/2021\/03\/160393668_1572282966312363_2016652926424371101_o-1024x473.jpg 1024w, https:\/\/www.itakaescolapios.org\/wp-content\/uploads\/2021\/03\/160393668_1572282966312363_2016652926424371101_o-300x138.jpg 300w, https:\/\/www.itakaescolapios.org\/wp-content\/uploads\/2021\/03\/160393668_1572282966312363_2016652926424371101_o-768x354.jpg 768w, https:\/\/www.itakaescolapios.org\/wp-content\/uploads\/2021\/03\/160393668_1572282966312363_2016652926424371101_o-250x115.jpg 250w, https:\/\/www.itakaescolapios.org\/wp-content\/uploads\/2021\/03\/160393668_1572282966312363_2016652926424371101_o.jpg 1092w\" sizes=\"(max-width: 1024px) 100vw, 1024px\" \/><\/a><\/p>\n","protected":false},"excerpt":{"rendered":"<p>Del 15 al 22 de marzo fueron d\u00edas de visita a Camer\u00fan, a la Congregaci\u00f3n Provincial y a los distintos equipos de Itaka &#8211; Escolapios, por parte del Presidente y [&hellip;]<\/p>\n","protected":false},"author":4,"featured_media":32749,"comment_status":"closed","ping_status":"closed","sticky":false,"template":"","format":"standard","meta":{"_et_pb_use_builder":"","_et_pb_old_content":"","_et_gb_content_width":"","footnotes":""},"categories":[53],"tags":[],"class_list":["post-32748","post","type-post","status-publish","format-standard","has-post-thumbnail","hentry","category-africa-central"],"yoast_head":"<!-- This site is optimized with the Yoast SEO plugin v27.4 - https:\/\/yoast.com\/product\/yoast-seo-wordpress\/ -->\n<title>ITAKA - ESCOLAPIOS EN \u00c1FRICA CENTRAL<\/title>\n<meta name=\"description\" content=\"Del 15 al 22 de marzo fueron d\u00edas de visita a Camer\u00fan, a la Congregaci\u00f3n Provincial y a los distintos equipos de Itaka - Escolapios, por parte del Presidente y Coordinador General de la Red Itaka - Escolapios. Fueron d\u00edas de felicitarnos por la buena marcha de los distintos proyectos en Camer\u00fan, por la grande&hellip;\" \/>\n<meta name=\"robots\" content=\"index, follow, max-snippet:-1, max-image-preview:large, max-video-preview:-1\" \/>\n<link rel=\"canonical\" href=\"http:\/\/Del%2015%20al%2022%20de%20marzo%20fueron%20d\u00edas%20de%20visita%20a%20Camer\u00fan,%20a%20la%20Congregaci\u00f3n%20Provincial%20y%20a%20los%20distintos%20equipos%20de%20Itaka%20-%20Escolapios,%20por%20parte%20del%20Presidente%20y%20Coordinador%20General%20de%20la%20Red%20Itaka%20-%20Escolapios.%20Fueron%20d\u00edas%20de%20felicitarnos%20por%20la%20buena%20marcha%20de%20los%20distintos%20proyectos%20en%20Camer\u00fan,%20por%20la%20grande&hellip;\" \/>\n<meta property=\"og:locale\" content=\"pt_BR\" \/>\n<meta property=\"og:type\" content=\"article\" \/>\n<meta property=\"og:title\" content=\"ITAKA - ESCOLAPIOS EN \u00c1FRICA CENTRAL\" \/>\n<meta property=\"og:description\" content=\"Del 15 al 22 de marzo fueron d\u00edas de visita a Camer\u00fan, a la Congregaci\u00f3n Provincial y a los distintos equipos de Itaka - Escolapios, por parte del Presidente y Coordinador General de la Red Itaka - Escolapios. Fueron d\u00edas de felicitarnos por la buena marcha de los distintos proyectos en Camer\u00fan, por la grande&hellip;\" \/>\n<meta property=\"og:url\" content=\"https:\/\/www.itakaescolapios.org\/pt\/2021\/03\/itaka-escolapios-en-africa-central-3\/\" \/>\n<meta property=\"og:site_name\" content=\"Itaka-Escolapios\" \/>\n<meta property=\"article:published_time\" content=\"2021-03-23T07:44:23+00:00\" \/>\n<meta property=\"article:modified_time\" content=\"2023-11-28T11:36:03+00:00\" \/>\n<meta property=\"og:image\" content=\"https:\/\/www.itakaescolapios.org\/wp-content\/uploads\/2021\/03\/160393668_1572282966312363_2016652926424371101_o.jpg\" \/>\n\t<meta property=\"og:image:width\" content=\"1092\" \/>\n\t<meta property=\"og:image:height\" content=\"504\" \/>\n\t<meta property=\"og:image:type\" content=\"image\/jpeg\" \/>\n<meta name=\"author\" content=\"itaka\" \/>\n<meta name=\"twitter:card\" content=\"summary_large_image\" \/>\n<meta name=\"twitter:label1\" content=\"Escrito por\" \/>\n\t<meta name=\"twitter:data1\" content=\"itaka\" \/>\n\t<meta name=\"twitter:label2\" content=\"Est. tempo de leitura\" \/>\n\t<meta name=\"twitter:data2\" content=\"1 minuto\" \/>\n<script type=\"application\/ld+json\" class=\"yoast-schema-graph\">{\"@context\":\"https:\\\/\\\/schema.org\",\"@graph\":[{\"@type\":\"Article\",\"@id\":\"https:\\\/\\\/www.itakaescolapios.org\\\/pt\\\/2021\\\/03\\\/itaka-escolapios-en-africa-central-3\\\/#article\",\"isPartOf\":{\"@id\":\"https:\\\/\\\/www.itakaescolapios.org\\\/pt\\\/2021\\\/03\\\/itaka-escolapios-en-africa-central-3\\\/\"},\"author\":{\"name\":\"itaka\",\"@id\":\"https:\\\/\\\/www.itakaescolapios.org\\\/es\\\/#\\\/schema\\\/person\\\/670123daeb1cc31cae1b106740036ccb\"},\"headline\":\"ITAKA - ESCOLAPIOS EN \u00c1FRICA CENTRAL\",\"datePublished\":\"2021-03-23T07:44:23+00:00\",\"dateModified\":\"2023-11-28T11:36:03+00:00\",\"mainEntityOfPage\":{\"@id\":\"https:\\\/\\\/www.itakaescolapios.org\\\/pt\\\/2021\\\/03\\\/itaka-escolapios-en-africa-central-3\\\/\"},\"wordCount\":130,\"publisher\":{\"@id\":\"https:\\\/\\\/www.itakaescolapios.org\\\/es\\\/#organization\"},\"image\":{\"@id\":\"https:\\\/\\\/www.itakaescolapios.org\\\/pt\\\/2021\\\/03\\\/itaka-escolapios-en-africa-central-3\\\/#primaryimage\"},\"thumbnailUrl\":\"https:\\\/\\\/www.itakaescolapios.org\\\/wp-content\\\/uploads\\\/2021\\\/03\\\/160393668_1572282966312363_2016652926424371101_o.jpg\",\"articleSection\":[\"\u00c1frica Central\"],\"inLanguage\":\"pt-BR\"},{\"@type\":\"WebPage\",\"@id\":\"https:\\\/\\\/www.itakaescolapios.org\\\/pt\\\/2021\\\/03\\\/itaka-escolapios-en-africa-central-3\\\/\",\"url\":\"https:\\\/\\\/www.itakaescolapios.org\\\/pt\\\/2021\\\/03\\\/itaka-escolapios-en-africa-central-3\\\/\",\"name\":\"ITAKA - ESCOLAPIOS EN \u00c1FRICA CENTRAL - Itaka-Escolapios\",\"isPartOf\":{\"@id\":\"https:\\\/\\\/www.itakaescolapios.org\\\/es\\\/#website\"},\"primaryImageOfPage\":{\"@id\":\"https:\\\/\\\/www.itakaescolapios.org\\\/pt\\\/2021\\\/03\\\/itaka-escolapios-en-africa-central-3\\\/#primaryimage\"},\"image\":{\"@id\":\"https:\\\/\\\/www.itakaescolapios.org\\\/pt\\\/2021\\\/03\\\/itaka-escolapios-en-africa-central-3\\\/#primaryimage\"},\"thumbnailUrl\":\"https:\\\/\\\/www.itakaescolapios.org\\\/wp-content\\\/uploads\\\/2021\\\/03\\\/160393668_1572282966312363_2016652926424371101_o.jpg\",\"datePublished\":\"2021-03-23T07:44:23+00:00\",\"dateModified\":\"2023-11-28T11:36:03+00:00\",\"breadcrumb\":{\"@id\":\"https:\\\/\\\/www.itakaescolapios.org\\\/pt\\\/2021\\\/03\\\/itaka-escolapios-en-africa-central-3\\\/#breadcrumb\"},\"inLanguage\":\"pt-BR\",\"potentialAction\":[{\"@type\":\"ReadAction\",\"target\":[\"https:\\\/\\\/www.itakaescolapios.org\\\/pt\\\/2021\\\/03\\\/itaka-escolapios-en-africa-central-3\\\/\"]}]},{\"@type\":\"ImageObject\",\"inLanguage\":\"pt-BR\",\"@id\":\"https:\\\/\\\/www.itakaescolapios.org\\\/pt\\\/2021\\\/03\\\/itaka-escolapios-en-africa-central-3\\\/#primaryimage\",\"url\":\"https:\\\/\\\/www.itakaescolapios.org\\\/wp-content\\\/uploads\\\/2021\\\/03\\\/160393668_1572282966312363_2016652926424371101_o.jpg\",\"contentUrl\":\"https:\\\/\\\/www.itakaescolapios.org\\\/wp-content\\\/uploads\\\/2021\\\/03\\\/160393668_1572282966312363_2016652926424371101_o.jpg\",\"width\":1092,\"height\":504},{\"@type\":\"BreadcrumbList\",\"@id\":\"https:\\\/\\\/www.itakaescolapios.org\\\/pt\\\/2021\\\/03\\\/itaka-escolapios-en-africa-central-3\\\/#breadcrumb\",\"itemListElement\":[{\"@type\":\"ListItem\",\"position\":1,\"name\":\"Itaka-Escolapios\",\"item\":\"https:\\\/\\\/www.itakaescolapios.org\\\/es\\\/\"},{\"@type\":\"ListItem\",\"position\":2,\"name\":\"ITAKA - ESCOLAPIOS EN \u00c1FRICA CENTRAL\"}]},{\"@type\":\"WebSite\",\"@id\":\"https:\\\/\\\/www.itakaescolapios.org\\\/pt\\\/es\\\/#website\",\"url\":\"https:\\\/\\\/www.itakaescolapios.org\\\/pt\\\/es\\\/\",\"name\":\"Itaka-Escolapios\",\"description\":\"Red de Itaka-Escolapios\",\"publisher\":{\"@id\":\"https:\\\/\\\/www.itakaescolapios.org\\\/pt\\\/es\\\/#organization\"},\"potentialAction\":[{\"@type\":\"SearchAction\",\"target\":{\"@type\":\"EntryPoint\",\"urlTemplate\":\"https:\\\/\\\/www.itakaescolapios.org\\\/pt\\\/es\\\/?s={search_term_string}\"},\"query-input\":{\"@type\":\"PropertyValueSpecification\",\"valueRequired\":true,\"valueName\":\"search_term_string\"}}],\"inLanguage\":\"pt-BR\"},{\"@type\":\"Organization\",\"@id\":\"https:\\\/\\\/www.itakaescolapios.org\\\/pt\\\/es\\\/#organization\",\"name\":\"Fundaci\u00f3 Itaka-Escolapios\",\"url\":\"https:\\\/\\\/www.itakaescolapios.org\\\/pt\\\/es\\\/\",\"logo\":{\"@type\":\"ImageObject\",\"inLanguage\":\"pt-BR\",\"@id\":\"https:\\\/\\\/www.itakaescolapios.org\\\/pt\\\/es\\\/#\\\/schema\\\/logo\\\/image\\\/\",\"url\":\"https:\\\/\\\/www.itakaescolapios.org\\\/wp-content\\\/uploads\\\/2024\\\/04\\\/Logo-itakaescolapios-peque.png\",\"contentUrl\":\"https:\\\/\\\/www.itakaescolapios.org\\\/wp-content\\\/uploads\\\/2024\\\/04\\\/Logo-itakaescolapios-peque.png\",\"width\":500,\"height\":199,\"caption\":\"Fundaci\u00f3 Itaka-Escolapios\"},\"image\":{\"@id\":\"https:\\\/\\\/www.itakaescolapios.org\\\/pt\\\/es\\\/#\\\/schema\\\/logo\\\/image\\\/\"}},{\"@type\":\"Person\",\"@id\":\"https:\\\/\\\/www.itakaescolapios.org\\\/es\\\/#\\\/schema\\\/person\\\/670123daeb1cc31cae1b106740036ccb\",\"name\":\"itaka\",\"url\":\"https:\\\/\\\/www.itakaescolapios.org\\\/pt\\\/author\\\/itaka\\\/\"}]}<\/script>\n<!-- \/ Yoast SEO plugin. -->","yoast_head_json":{"title":"ITAKA - ESCOLAPIOS EN \u00c1FRICA CENTRAL","description":"Del 15 al 22 de marzo fueron d\u00edas de visita a Camer\u00fan, a la Congregaci\u00f3n Provincial y a los distintos equipos de Itaka - Escolapios, por parte del Presidente y Coordinador General de la Red Itaka - Escolapios. Fueron d\u00edas de felicitarnos por la buena marcha de los distintos proyectos en Camer\u00fan, por la grande&hellip;","robots":{"index":"index","follow":"follow","max-snippet":"max-snippet:-1","max-image-preview":"max-image-preview:large","max-video-preview":"max-video-preview:-1"},"canonical":"Del 15 al 22 de marzo fueron d\u00edas de visita a Camer\u00fan, a la Congregaci\u00f3n Provincial y a los distintos equipos de Itaka - Escolapios, por parte del Presidente y Coordinador General de la Red Itaka - Escolapios. Fueron d\u00edas de felicitarnos por la buena marcha de los distintos proyectos en Camer\u00fan, por la grande&hellip;","og_locale":"pt_BR","og_type":"article","og_title":"ITAKA - ESCOLAPIOS EN \u00c1FRICA CENTRAL","og_description":"Del 15 al 22 de marzo fueron d\u00edas de visita a Camer\u00fan, a la Congregaci\u00f3n Provincial y a los distintos equipos de Itaka - Escolapios, por parte del Presidente y Coordinador General de la Red Itaka - Escolapios. Fueron d\u00edas de felicitarnos por la buena marcha de los distintos proyectos en Camer\u00fan, por la grande&hellip;","og_url":"https:\/\/www.itakaescolapios.org\/pt\/2021\/03\/itaka-escolapios-en-africa-central-3\/","og_site_name":"Itaka-Escolapios","article_published_time":"2021-03-23T07:44:23+00:00","article_modified_time":"2023-11-28T11:36:03+00:00","og_image":[{"width":1092,"height":504,"url":"https:\/\/www.itakaescolapios.org\/wp-content\/uploads\/2021\/03\/160393668_1572282966312363_2016652926424371101_o.jpg","type":"image\/jpeg"}],"author":"itaka","twitter_card":"summary_large_image","twitter_misc":{"Escrito por":"itaka","Est. tempo de leitura":"1 minuto"},"schema":{"@context":"https:\/\/schema.org","@graph":[{"@type":"Article","@id":"https:\/\/www.itakaescolapios.org\/pt\/2021\/03\/itaka-escolapios-en-africa-central-3\/#article","isPartOf":{"@id":"https:\/\/www.itakaescolapios.org\/pt\/2021\/03\/itaka-escolapios-en-africa-central-3\/"},"author":{"name":"itaka","@id":"https:\/\/www.itakaescolapios.org\/es\/#\/schema\/person\/670123daeb1cc31cae1b106740036ccb"},"headline":"ITAKA - ESCOLAPIOS EN \u00c1FRICA CENTRAL","datePublished":"2021-03-23T07:44:23+00:00","dateModified":"2023-11-28T11:36:03+00:00","mainEntityOfPage":{"@id":"https:\/\/www.itakaescolapios.org\/pt\/2021\/03\/itaka-escolapios-en-africa-central-3\/"},"wordCount":130,"publisher":{"@id":"https:\/\/www.itakaescolapios.org\/es\/#organization"},"image":{"@id":"https:\/\/www.itakaescolapios.org\/pt\/2021\/03\/itaka-escolapios-en-africa-central-3\/#primaryimage"},"thumbnailUrl":"https:\/\/www.itakaescolapios.org\/wp-content\/uploads\/2021\/03\/160393668_1572282966312363_2016652926424371101_o.jpg","articleSection":["\u00c1frica Central"],"inLanguage":"pt-BR"},{"@type":"WebPage","@id":"https:\/\/www.itakaescolapios.org\/pt\/2021\/03\/itaka-escolapios-en-africa-central-3\/","url":"https:\/\/www.itakaescolapios.org\/pt\/2021\/03\/itaka-escolapios-en-africa-central-3\/","name":"ITAKA - ESCOLAPIOS EN \u00c1FRICA CENTRAL - Itaka-Escolapios","isPartOf":{"@id":"https:\/\/www.itakaescolapios.org\/es\/#website"},"primaryImageOfPage":{"@id":"https:\/\/www.itakaescolapios.org\/pt\/2021\/03\/itaka-escolapios-en-africa-central-3\/#primaryimage"},"image":{"@id":"https:\/\/www.itakaescolapios.org\/pt\/2021\/03\/itaka-escolapios-en-africa-central-3\/#primaryimage"},"thumbnailUrl":"https:\/\/www.itakaescolapios.org\/wp-content\/uploads\/2021\/03\/160393668_1572282966312363_2016652926424371101_o.jpg","datePublished":"2021-03-23T07:44:23+00:00","dateModified":"2023-11-28T11:36:03+00:00","breadcrumb":{"@id":"https:\/\/www.itakaescolapios.org\/pt\/2021\/03\/itaka-escolapios-en-africa-central-3\/#breadcrumb"},"inLanguage":"pt-BR","potentialAction":[{"@type":"ReadAction","target":["https:\/\/www.itakaescolapios.org\/pt\/2021\/03\/itaka-escolapios-en-africa-central-3\/"]}]},{"@type":"ImageObject","inLanguage":"pt-BR","@id":"https:\/\/www.itakaescolapios.org\/pt\/2021\/03\/itaka-escolapios-en-africa-central-3\/#primaryimage","url":"https:\/\/www.itakaescolapios.org\/wp-content\/uploads\/2021\/03\/160393668_1572282966312363_2016652926424371101_o.jpg","contentUrl":"https:\/\/www.itakaescolapios.org\/wp-content\/uploads\/2021\/03\/160393668_1572282966312363_2016652926424371101_o.jpg","width":1092,"height":504},{"@type":"BreadcrumbList","@id":"https:\/\/www.itakaescolapios.org\/pt\/2021\/03\/itaka-escolapios-en-africa-central-3\/#breadcrumb","itemListElement":[{"@type":"ListItem","position":1,"name":"Itaka-Escolapios","item":"https:\/\/www.itakaescolapios.org\/es\/"},{"@type":"ListItem","position":2,"name":"ITAKA - ESCOLAPIOS EN \u00c1FRICA CENTRAL"}]},{"@type":"WebSite","@id":"https:\/\/www.itakaescolapios.org\/pt\/es\/#website","url":"https:\/\/www.itakaescolapios.org\/pt\/es\/","name":"Itaka-Escolapios","description":"Red de Itaka-Escolapios","publisher":{"@id":"https:\/\/www.itakaescolapios.org\/pt\/es\/#organization"},"potentialAction":[{"@type":"SearchAction","target":{"@type":"EntryPoint","urlTemplate":"https:\/\/www.itakaescolapios.org\/pt\/es\/?s={search_term_string}"},"query-input":{"@type":"PropertyValueSpecification","valueRequired":true,"valueName":"search_term_string"}}],"inLanguage":"pt-BR"},{"@type":"Organization","@id":"https:\/\/www.itakaescolapios.org\/pt\/es\/#organization","name":"Fundaci\u00f3 Itaka-Escolapios","url":"https:\/\/www.itakaescolapios.org\/pt\/es\/","logo":{"@type":"ImageObject","inLanguage":"pt-BR","@id":"https:\/\/www.itakaescolapios.org\/pt\/es\/#\/schema\/logo\/image\/","url":"https:\/\/www.itakaescolapios.org\/wp-content\/uploads\/2024\/04\/Logo-itakaescolapios-peque.png","contentUrl":"https:\/\/www.itakaescolapios.org\/wp-content\/uploads\/2024\/04\/Logo-itakaescolapios-peque.png","width":500,"height":199,"caption":"Fundaci\u00f3 Itaka-Escolapios"},"image":{"@id":"https:\/\/www.itakaescolapios.org\/pt\/es\/#\/schema\/logo\/image\/"}},{"@type":"Person","@id":"https:\/\/www.itakaescolapios.org\/es\/#\/schema\/person\/670123daeb1cc31cae1b106740036ccb","name":"itaka","url":"https:\/\/www.itakaescolapios.org\/pt\/author\/itaka\/"}]}},"_links":{"self":[{"href":"https:\/\/www.itakaescolapios.org\/pt\/wp-json\/wp\/v2\/posts\/32748","targetHints":{"allow":["GET"]}}],"collection":[{"href":"https:\/\/www.itakaescolapios.org\/pt\/wp-json\/wp\/v2\/posts"}],"about":[{"href":"https:\/\/www.itakaescolapios.org\/pt\/wp-json\/wp\/v2\/types\/post"}],"author":[{"embeddable":true,"href":"https:\/\/www.itakaescolapios.org\/pt\/wp-json\/wp\/v2\/users\/4"}],"replies":[{"embeddable":true,"href":"https:\/\/www.itakaescolapios.org\/pt\/wp-json\/wp\/v2\/comments?post=32748"}],"version-history":[{"count":4,"href":"https:\/\/www.itakaescolapios.org\/pt\/wp-json\/wp\/v2\/posts\/32748\/revisions"}],"predecessor-version":[{"id":44346,"href":"https:\/\/www.itakaescolapios.org\/pt\/wp-json\/wp\/v2\/posts\/32748\/revisions\/44346"}],"wp:featuredmedia":[{"embeddable":true,"href":"https:\/\/www.itakaescolapios.org\/pt\/wp-json\/wp\/v2\/media\/32749"}],"wp:attachment":[{"href":"https:\/\/www.itakaescolapios.org\/pt\/wp-json\/wp\/v2\/media?parent=32748"}],"wp:term":[{"taxonomy":"category","embeddable":true,"href":"https:\/\/www.itakaescolapios.org\/pt\/wp-json\/wp\/v2\/categories?post=32748"},{"taxonomy":"post_tag","embeddable":true,"href":"https:\/\/www.itakaescolapios.org\/pt\/wp-json\/wp\/v2\/tags?post=32748"}],"curies":[{"name":"wp","href":"https:\/\/api.w.org\/{rel}","templated":true}]}}