{"id":329583,"date":"2025-12-10T12:10:14","date_gmt":"2025-12-10T11:10:14","guid":{"rendered":"https:\/\/www.itakaescolapios.org\/?p=329583"},"modified":"2025-12-10T12:10:24","modified_gmt":"2025-12-10T11:10:24","slug":"encuentro-formacion","status":"publish","type":"post","link":"https:\/\/www.itakaescolapios.org\/pt\/2025\/12\/encuentro-formacion\/","title":{"rendered":"Encontro \u201cEducar para a transforma\u00e7\u00e3o social\u201d"},"content":{"rendered":"<p>[et_pb_section fb_built=&#8221;1&#8243; make_equal=&#8221;on&#8221; use_custom_gutter=&#8221;on&#8221; gutter_width=&#8221;2&#8243; specialty=&#8221;on&#8221; _builder_version=&#8221;4.24.3&#8243; _module_preset=&#8221;default&#8221; width=&#8221;100%&#8221; max_width=&#8221;100%&#8221; module_alignment=&#8221;center&#8221; inner_width=&#8221;90%&#8221; inner_max_width=&#8221;2222px&#8221; inner_module_alignment=&#8221;center&#8221; custom_margin=&#8221;0px||||false|false&#8221; custom_padding=&#8221;0px||||false|false&#8221; da_disable_devices=&#8221;off|off|off&#8221; global_colors_info=&#8221;{}&#8221; theme_builder_area=&#8221;post_content&#8221; da_is_popup=&#8221;off&#8221; da_exit_intent=&#8221;off&#8221; da_has_close=&#8221;on&#8221; da_alt_close=&#8221;off&#8221; da_dark_close=&#8221;off&#8221; da_not_modal=&#8221;on&#8221; da_is_singular=&#8221;off&#8221; da_with_loader=&#8221;off&#8221; da_has_shadow=&#8221;on&#8221;][et_pb_column type=&#8221;3_4&#8243; specialty_columns=&#8221;3&#8243; _builder_version=&#8221;4.16&#8243; custom_padding=&#8221;|||&#8221; global_colors_info=&#8221;{}&#8221; custom_padding__hover=&#8221;|||&#8221; theme_builder_area=&#8221;post_content&#8221;][et_pb_row_inner custom_padding_last_edited=&#8221;on|phone&#8221; _builder_version=&#8221;4.24.3&#8243; _module_preset=&#8221;default&#8221; module_alignment=&#8221;center&#8221; custom_padding=&#8221;|50px|4px||false|false&#8221; custom_padding_tablet=&#8221;|50px|4px||false|false&#8221; custom_padding_phone=&#8221;|0px|||false|false&#8221; border_color_all=&#8221;gcid-b1ace166-c11d-4c70-a679-55884e9ca298&#8243; border_style_all=&#8221;dotted&#8221; border_width_right=&#8221;3px&#8221; border_color_right=&#8221;gcid-b1ace166-c11d-4c70-a679-55884e9ca298&#8243; border_width_right_tablet=&#8221;3px&#8221; border_width_right_phone=&#8221;0px&#8221; border_width_right_last_edited=&#8221;on|desktop&#8221; collapsed=&#8221;off&#8221; global_colors_info=&#8221;{%22gcid-b1ace166-c11d-4c70-a679-55884e9ca298%22:%91%22border_color_all%22,%22border_color_right%22%93}&#8221; theme_builder_area=&#8221;post_content&#8221;][et_pb_column_inner saved_specialty_column_type=&#8221;3_4&#8243; _builder_version=&#8221;4.24.3&#8243; _module_preset=&#8221;default&#8221; global_colors_info=&#8221;{}&#8221; theme_builder_area=&#8221;post_content&#8221;][et_pb_text admin_label=&#8221;T\u00cdTULO NOTICIA&#8221; _builder_version=&#8221;4.27.4&#8243; _module_preset=&#8221;default&#8221; header_font=&#8221;Titulo Itaka-Escolapios|700|||||||&#8221; header_text_align=&#8221;center&#8221; header_text_color=&#8221;gcid-cca90ba6-297c-4d63-9e2c-8201011ef870&#8243; header_font_size=&#8221;50px&#8221; custom_margin=&#8221;||20px||false|false&#8221; custom_margin_tablet=&#8221;||20px||false|false&#8221; custom_margin_phone=&#8221;||20px||false|false&#8221; custom_margin_last_edited=&#8221;on|desktop&#8221; hover_enabled=&#8221;0&#8243; header_font_size_tablet=&#8221;55px&#8221; header_font_size_phone=&#8221;35px&#8221; header_font_size_last_edited=&#8221;on|phone&#8221; content_en_us=&#8221;<\/p>\n<h1><strong>Meeting on \u201cEducating for Social Transformation\u201d<\/strong><\/h1>\n<p>&#8221; content_fr_fr=&#8221;<\/p>\n<h1><strong>Rencontre \u00ab \u00c9duquer pour la transformation sociale \u00bb<\/strong><\/h1>\n<p>&#8221; content_eu=&#8221;<\/p>\n<h1><strong>%22Gizartea eraldatzeko hezi%22 topaketa<\/strong><\/h1>\n<p>&#8221; content_ca=&#8221;<\/p>\n<h1><strong>Trobada \u201cEducar per a la transformaci\u00f3 social\u201d<\/strong><\/h1>\n<p>&#8221; content_pt_br=&#8221;<\/p>\n<h1><strong>Encontro \u201cEducar para a transforma\u00e7\u00e3o social\u201d<\/strong><\/h1>\n<p>&#8221; global_colors_info=&#8221;{%22gcid-cca90ba6-297c-4d63-9e2c-8201011ef870%22:%91%22header_text_color%22%93}&#8221; theme_builder_area=&#8221;post_content&#8221; sticky_enabled=&#8221;0&#8243;]<\/p>\n<h1><strong>Encuentro &#8220;Educar para la transformaci\u00f3n social&#8221;<\/strong><\/h1>\n<p>[\/et_pb_text][et_pb_text admin_label=&#8221;Fecha noticia no tocar&#8221; _builder_version=&#8221;4.27.4&#8243; _dynamic_attributes=&#8221;content&#8221; _module_preset=&#8221;default&#8221; text_font=&#8221;Titulo Itaka-Escolapios|700|||||||&#8221; text_text_color=&#8221;gcid-cca90ba6-297c-4d63-9e2c-8201011ef870&#8243; text_font_size=&#8221;16px&#8221; text_orientation=&#8221;right&#8221; global_colors_info=&#8221;{%22gcid-cca90ba6-297c-4d63-9e2c-8201011ef870%22:%91%22text_text_color%22%93}&#8221; theme_builder_area=&#8221;post_content&#8221;]@ET-DC@eyJkeW5hbWljIjp0cnVlLCJjb250ZW50IjoicG9zdF9kYXRlIiwic2V0dGluZ3MiOnsiYmVmb3JlIjoiIiwiYWZ0ZXIiOiIiLCJkYXRlX2Zvcm1hdCI6ImRlZmF1bHQiLCJjdXN0b21fZGF0ZV9mb3JtYXQiOiIifX0=@[\/et_pb_text][\/et_pb_column_inner][\/et_pb_row_inner][et_pb_row_inner _builder_version=&#8221;4.27.4&#8243; _module_preset=&#8221;default&#8221; border_width_right=&#8221;3px&#8221; border_color_right=&#8221;gcid-b1ace166-c11d-4c70-a679-55884e9ca298&#8243; border_style_right=&#8221;dotted&#8221; collapsed=&#8221;off&#8221; global_colors_info=&#8221;{%22gcid-b1ace166-c11d-4c70-a679-55884e9ca298%22:%91%22border_color_right%22%93}&#8221; theme_builder_area=&#8221;post_content&#8221;][et_pb_column_inner saved_specialty_column_type=&#8221;3_4&#8243; _builder_version=&#8221;4.27.4&#8243; _module_preset=&#8221;default&#8221; global_colors_info=&#8221;{}&#8221; theme_builder_area=&#8221;post_content&#8221;][et_pb_text admin_label=&#8221;CUERPO NOTICIA&#8221; _builder_version=&#8221;4.27.4&#8243; _module_preset=&#8221;default&#8221; text_font=&#8221;&#8211;et_global_body_font||||||||&#8221; text_font_size=&#8221;16px&#8221; width=&#8221;100%&#8221; module_alignment=&#8221;center&#8221; custom_padding=&#8221;|60px|||false|false&#8221; hover_enabled=&#8221;0&#8243; text_font_size_tablet=&#8221;16px&#8221; text_font_size_phone=&#8221;16px&#8221; text_font_size_last_edited=&#8221;on|desktop&#8221; content_en_us=&#8221;<\/p>\n<p>The training department of the Itaka-Escolapios network organizes an annual online training meeting, which this year brought together people from various Piarist districts to reflect on the transformative nature of our educational and evangelizing work.<\/p>\n<p>The keynote address was given by Piarist Carlos Aguerrea. He began by highlighting the transformative role of the Church, based on official documents from Popes Francis and Leo IV and on the Gospel. Father Aguerrea then shared his assessment of the current historical moment and went on to raise questions about the transformative work of our Piarist institutions.<br \/>It is worth noting the reflective and revitalizing spirit that was experienced in the six online working groups that we had afterwards.<\/p>\n<p>The meeting ended by opening the doors to continue sharing, from our various training plans, the analysis of reality and the good practices that we already carry out.<\/p>\n<p>&#8221; content_fr_fr=&#8221;<\/p>\n<p>Le d\u00e9partement formation du r\u00e9seau Itaka-Escolapios organise chaque ann\u00e9e une rencontre de formation en ligne, qui a r\u00e9uni cette ann\u00e9e des personnes issues de diff\u00e9rentes circonscriptions piaristes afin de r\u00e9fl\u00e9chir au caract\u00e8re transformateur de notre travail \u00e9ducatif et \u00e9vang\u00e9lisateur.<\/p>\n<p>La conf\u00e9rence principale a \u00e9t\u00e9 dirig\u00e9e par le Piariste Carlos Aguerrea. Dans un premier temps, il a soulign\u00e9 le r\u00f4le transformateur de l&#8217;\u00c9glise, en s&#8217;appuyant sur des documents officiels des papes Fran\u00e7ois et L\u00e9on IV et sur l&#8217;\u00c9vangile. Ensuite, le p\u00e8re Aguerrea a partag\u00e9 un diagnostic de la p\u00e9riode historique actuelle, avant de poser des questions sur le travail transformateur de nos \u0153uvres piaristes.<br \/>Il convient de souligner l&#8217;esprit de r\u00e9flexion et de revitalisation qui a anim\u00e9 les six groupes de travail en ligne que nous avons ensuite organis\u00e9s.<\/p>\n<p>La rencontre s&#8217;est termin\u00e9e en ouvrant la porte \u00e0 la poursuite du partage, \u00e0 partir de nos diff\u00e9rents programmes de formation, de l&#8217;analyse de la r\u00e9alit\u00e9 et des bonnes pratiques que nous mettons d\u00e9j\u00e0 en \u0153uvre.<\/p>\n<p>&#8221; content_eu=&#8221;<\/p>\n<p>Itaka-Eskolapioak sareko prestakuntza-arloak online prestakuntza-topaketa bat antolatzen du urtero. Aurten, hainbat eskolapiatako pertsonak bildu dira, gure hezkuntza- eta ebanjelizazio-lanaren izaera eraldatzaileari buruz hausnartzeko.<\/p>\n<p>Hitzaldi nagusia Carlos Aguerrea eskolapioak zuzendu du. Hasiera batean, Elizaren eraldaketa-papera nabarmendu da, Frantzisko eta Leon IV .a Aita Santuen dokumentu ofizialetan eta Ebanjelioan oinarrituta. Jarraian, aita Aguerreak egungo une historikoaren diagnostikoa partekatu du, eta, ondoren, gure eskolapioen lanen eraldaketa-lanari buruzko galderak egin ditu.<br \/>Azpimarratzekoa da gerora izan ditugun online sei lantaldeetan bizi izan den jarrera gogoetatsu eta suspertzailea.<\/p>\n<p>Topaketa amaitzeko, gure prestakuntza-planetatik errealitatearen azterketa eta jada egiten ditugun jardunbide egokiak partekatzen jarraitzeko ateak ireki dira.<\/p>\n<p>&#8221; content_ca=&#8221;<\/p>\n<p>L&#8217;\u00e0rea de formaci\u00f3 de la xarxa Itaka-Escolapis organitza anualment una trobada formativa en l\u00ednia, que enguany ha reunit persones de diverses demarcacions escol\u00e0pies per a reflexionar sobre el car\u00e0cter transformador de la nostra labor educativa i evangelitzadora.<\/p>\n<p>La pon\u00e8ncia central ha sigut dirigida per l&#8217;escolapi Carlos Aguerrea. En un primer moment, s&#8217;ha destacat el paper transformador de l&#8217;Esgl\u00e9sia, basant-se en documents oficials dels Papes Francesc i Le\u00f3n IV i en l&#8217;Evangeli. A continuaci\u00f3, el pare Aguerrea ha compartit un diagn\u00f2stic del moment hist\u00f2ric actual per a despr\u00e9s llan\u00e7ar interrogants sobre la labor transformadora de les nostres obres escolapis.<br \/>Cal destacar el tarann\u00e0 reflexiu i revitalitzador que s&#8217;ha viscut en els sis grups de treball en l\u00ednia que posteriorment hem tingut.<\/p>\n<p>La trobada ha finalitzat obrint les portes a continuar compartint, des dels nostres diversos plans formatius, l&#8217;an\u00e0lisi de la realitat i les bones pr\u00e0ctiques que ja realitzem.<\/p>\n<p>&#8221; content_pt_br=&#8221;<\/p>\n<p>A \u00e1rea de forma\u00e7\u00e3o da rede Itaka-Escolapios organiza anualmente um encontro formativo online, que este ano reuniu pessoas de diversas demarca\u00e7\u00f5es escol\u00e1picas para refletir sobre o car\u00e1ter transformador do nosso trabalho educativo e evangelizador.<\/p>\n<p>A palestra central foi dirigida pelo escol\u00e1pio Carlos Aguerrea. Em primeiro lugar, destacou-se o papel transformador da Igreja, com base em documentos oficiais dos Papas Francisco e Le\u00e3o IV e no Evangelho. Em seguida, o padre Aguerrea compartilhou um diagn\u00f3stico do momento hist\u00f3rico atual para depois lan\u00e7ar questionamentos sobre o trabalho transformador de nossas obras escol\u00e1picas.<br \/>Cabe destacar o esp\u00edrito reflexivo e revitalizador que se viveu nos seis grupos de trabalho online que tivemos posteriormente.<\/p>\n<p>O encontro terminou abrindo as portas para continuar compartilhando, a partir de nossos diversos planos formativos, a an\u00e1lise da realidade e as boas pr\u00e1ticas que j\u00e1 realizamos.<\/p>\n<p>&#8221; global_colors_info=&#8221;{}&#8221; theme_builder_area=&#8221;post_content&#8221; sticky_enabled=&#8221;0&#8243;]<\/p>\n<p>El \u00e1rea de formaci\u00f3n de la red Itaka-Escolapios organiza anualmente un encuentro formativo online, que este a\u00f1o ha reunido a personas de diversas demarcaciones escolapias para reflexionar sobre el car\u00e1cter transformador de nuestra labor educativa y evangelizadora.<\/p>\n<p>La ponencia central ha sido dirigida por el escolapio Carlos Aguerrea. En un primer momento, se ha destacado el papel transformador de la Iglesia, bas\u00e1ndose en documentos oficiales de los Papas Francisco y Le\u00f3n IV y en el Evangelio. A continuaci\u00f3n, el padre Aguerrea ha compartido un diagn\u00f3stico del momento hist\u00f3rico actual para despu\u00e9s lanzar interrogantes sobre la labor transformadora de nuestras obras escolapios.<br \/>Cabe destacar el talante reflexivo y revitalizador que se ha vivido en los seis grupos de trabajo online que posteriormente hemos tenido.<\/p>\n<p>El encuentro ha finalizado abriendo las puertas a seguir compartiendo, desde nuestros diversos planes formativos, el an\u00e1lisis de la realidad y las buenas pr\u00e1cticas que ya realizamos.<\/p>\n<p>[\/et_pb_text][\/et_pb_column_inner][\/et_pb_row_inner][et_pb_row_inner admin_label=&#8221;Im\u00e1genes sede&#8221; _builder_version=&#8221;4.27.4&#8243; _module_preset=&#8221;default&#8221; custom_padding=&#8221;20px||||false|false&#8221; border_width_right=&#8221;3px&#8221; border_color_right=&#8221;gcid-b1ace166-c11d-4c70-a679-55884e9ca298&#8243; border_style_right=&#8221;dotted&#8221; border_width_right_tablet=&#8221;3px&#8221; border_width_right_phone=&#8221;0px&#8221; border_width_right_last_edited=&#8221;on|desktop&#8221; collapsed=&#8221;off&#8221; global_colors_info=&#8221;{%22gcid-b1ace166-c11d-4c70-a679-55884e9ca298%22:%91%22border_color_right%22%93}&#8221; theme_builder_area=&#8221;post_content&#8221;][et_pb_column_inner saved_specialty_column_type=&#8221;3_4&#8243; _builder_version=&#8221;4.27.4&#8243; _module_preset=&#8221;default&#8221; global_colors_info=&#8221;{}&#8221; theme_builder_area=&#8221;post_content&#8221;][difl_imagecarousel item_desktop=&#8221;2&#8243; item_tablet=&#8221;1&#8243; loop=&#8221;on&#8221; dots=&#8221;on&#8221; use_lightbox=&#8221;on&#8221; arrow_color=&#8221;gcid-b1ace166-c11d-4c70-a679-55884e9ca298&#8243; dots_color=&#8221;gcid-cca90ba6-297c-4d63-9e2c-8201011ef870&#8243; active_dots_color=&#8221;gcid-b1ace166-c11d-4c70-a679-55884e9ca298&#8243; _builder_version=&#8221;4.27.4&#8243; _module_preset=&#8221;default&#8221; overflow-x=&#8221;hidden&#8221; overflow-y=&#8221;hidden&#8221; custom_margin=&#8221;|60px|||false|false&#8221; custom_margin_tablet=&#8221;|60px|||false|false&#8221; custom_margin_phone=&#8221;|60px|||false|false&#8221; custom_margin_last_edited=&#8221;on|desktop&#8221; hover_enabled=&#8221;0&#8243; custom_css_free_form=&#8221;selector .df_ici_container {margin: 0 auto;}&#8221; global_colors_info=&#8221;{%22gcid-b1ace166-c11d-4c70-a679-55884e9ca298%22:%91%22arrow_color%22,%22active_dots_color%22%93,%22gcid-cca90ba6-297c-4d63-9e2c-8201011ef870%22:%91%22dots_color%22%93}&#8221; theme_builder_area=&#8221;post_content&#8221; sticky_enabled=&#8221;0&#8243;][difl_imagecarouselitem _builder_version=&#8221;4.27.4&#8243; _module_preset=&#8221;default&#8221; theme_builder_area=&#8221;post_content&#8221; title_text=&#8221;4&#8243; image=&#8221;https:\/\/www.itakaescolapios.org\/wp-content\/uploads\/2025\/12\/4.jpg&#8221; hover_enabled=&#8221;0&#8243; sticky_enabled=&#8221;0&#8243;][\/difl_imagecarouselitem][difl_imagecarouselitem _builder_version=&#8221;4.27.4&#8243; _module_preset=&#8221;default&#8221; theme_builder_area=&#8221;post_content&#8221; title_text=&#8221;1&#8243; image=&#8221;https:\/\/www.itakaescolapios.org\/wp-content\/uploads\/2025\/12\/1.jpg&#8221; hover_enabled=&#8221;0&#8243; sticky_enabled=&#8221;0&#8243;][\/difl_imagecarouselitem][difl_imagecarouselitem _builder_version=&#8221;4.27.4&#8243; _module_preset=&#8221;default&#8221; theme_builder_area=&#8221;post_content&#8221; title_text=&#8221;6&#8243; image=&#8221;https:\/\/www.itakaescolapios.org\/wp-content\/uploads\/2025\/12\/6.jpg&#8221; hover_enabled=&#8221;0&#8243; sticky_enabled=&#8221;0&#8243;][\/difl_imagecarouselitem][difl_imagecarouselitem _builder_version=&#8221;4.27.4&#8243; _module_preset=&#8221;default&#8221; theme_builder_area=&#8221;post_content&#8221; title_text=&#8221;curso educar en la transformaci\u00f3n social 3 dic&#8221; image=&#8221;https:\/\/www.itakaescolapios.org\/wp-content\/uploads\/2025\/12\/curso-educar-en-la-transformacion-social-3-dic.jpg&#8221; hover_enabled=&#8221;0&#8243; sticky_enabled=&#8221;0&#8243;][\/difl_imagecarouselitem][\/difl_imagecarousel][\/et_pb_column_inner][\/et_pb_row_inner][et_pb_row_inner _builder_version=&#8221;4.24.3&#8243; _module_preset=&#8221;default&#8221; custom_padding=&#8221;20px||||false|false&#8221; border_width_right=&#8221;3px&#8221; border_color_right=&#8221;gcid-b1ace166-c11d-4c70-a679-55884e9ca298&#8243; border_style_right=&#8221;dotted&#8221; border_width_right_tablet=&#8221;3px&#8221; border_width_right_phone=&#8221;0px&#8221; border_width_right_last_edited=&#8221;on|desktop&#8221; collapsed=&#8221;on&#8221; global_colors_info=&#8221;{%22gcid-b1ace166-c11d-4c70-a679-55884e9ca298%22:%91%22border_color_right%22%93}&#8221; theme_builder_area=&#8221;post_content&#8221;][et_pb_column_inner saved_specialty_column_type=&#8221;3_4&#8243; _builder_version=&#8221;4.24.3&#8243; _module_preset=&#8221;default&#8221; global_colors_info=&#8221;{}&#8221; theme_builder_area=&#8221;post_content&#8221;][et_pb_text admin_label=&#8221;L\u00ednea divisoria&#8221; _builder_version=&#8221;4.27.4&#8243; _module_preset=&#8221;default&#8221; header_font=&#8221;IBM Plex Sans|700|||||||&#8221; header_text_color=&#8221;gcid-cca90ba6-297c-4d63-9e2c-8201011ef870&#8243; header_font_size=&#8221;40px&#8221; custom_margin=&#8221;|30px|||false|false&#8221; header_font_size_tablet=&#8221;55px&#8221; header_font_size_phone=&#8221;30px&#8221; header_font_size_last_edited=&#8221;on|phone&#8221; border_width_bottom=&#8221;3px&#8221; border_color_bottom=&#8221;gcid-b1ace166-c11d-4c70-a679-55884e9ca298&#8243; border_style_bottom=&#8221;dotted&#8221; global_colors_info=&#8221;{%22gcid-cca90ba6-297c-4d63-9e2c-8201011ef870%22:%91%22header_text_color%22%93,%22gcid-b1ace166-c11d-4c70-a679-55884e9ca298%22:%91%22border_color_bottom%22%93}&#8221; theme_builder_area=&#8221;post_content&#8221;][\/et_pb_text][difl_imagecarousel item_desktop=&#8221;3&#8243; admin_label=&#8221;Campa\u00f1a, educa y voluntariado&#8221; _builder_version=&#8221;4.27.4&#8243; _module_preset=&#8221;default&#8221; width_tablet=&#8221;&#8221; width_phone=&#8221;100%&#8221; width_last_edited=&#8221;on|desktop&#8221; custom_margin=&#8221;|62px|||false|false&#8221; custom_margin_tablet=&#8221;|62px|||false|false&#8221; custom_margin_phone=&#8221;|62px|||false|false&#8221; custom_margin_last_edited=&#8221;on|desktop&#8221; global_module=&#8221;316782&#8243; global_colors_info=&#8221;{}&#8221; custom_margin__hover_enabled=&#8221;off|desktop&#8221; custom_margin__hover=&#8221;|30px|||false|false&#8221; theme_builder_area=&#8221;post_content&#8221;][difl_imagecarouselitem image=&#8221;https:\/\/www.itakaescolapios.org\/wp-content\/uploads\/2025\/02\/BANNERS-CAMPANA-INFERIOR-500500.jpg&#8221; ic_button_button_url_new_window=&#8221;1&#8243; _builder_version=&#8221;4.27.4&#8243; _module_preset=&#8221;default&#8221; link_option_url=&#8221;https:\/\/www.educa.itakaescolapios.org\/campanas\/2024-2025-abriendo-caminos&#8221; image_en_us=&#8221;https:\/\/www.itakaescolapios.org\/wp-content\/uploads\/2025\/02\/BANNERS-CAMPANA-INFERIOR-5005002.jpg&#8221; image_fr_fr=&#8221;https:\/\/www.itakaescolapios.org\/wp-content\/uploads\/2025\/02\/BANNERS-CAMPANA-INFERIOR-5005003.jpg&#8221; image_eu=&#8221;https:\/\/www.itakaescolapios.org\/wp-content\/uploads\/2025\/02\/BANNERS-CAMPANA-INFERIOR-5005006.jpg&#8221; image_ca=&#8221;https:\/\/www.itakaescolapios.org\/wp-content\/uploads\/2025\/02\/BANNERS-CAMPANA-INFERIOR-5005005.jpg&#8221; image_pt_br=&#8221;https:\/\/www.itakaescolapios.org\/wp-content\/uploads\/2025\/02\/BANNERS-CAMPANA-INFERIOR-5005004.jpg&#8221; global_colors_info=&#8221;{}&#8221; theme_builder_area=&#8221;post_content&#8221;][\/difl_imagecarouselitem][difl_imagecarouselitem admin_label=&#8221;Voluntariado&#8221; image=&#8221;https:\/\/www.itakaescolapios.org\/wp-content\/uploads\/2025\/02\/BANNERS-VOLUNTARIADO-INFERIOR-500500.jpg&#8221; ic_button_button_url_new_window=&#8221;1&#8243; _builder_version=&#8221;4.27.4&#8243; _module_preset=&#8221;default&#8221; link_option_url=&#8221;https:\/\/www.itakaescolapios.org\/es\/haz-voluntariado\/&#8221; image_en_us=&#8221;https:\/\/www.itakaescolapios.org\/wp-content\/uploads\/2025\/02\/BANNERS-VOLUNTARIADO-INFERIOR-5005002.jpg&#8221; image_fr_fr=&#8221;https:\/\/www.itakaescolapios.org\/wp-content\/uploads\/2025\/02\/BANNERS-VOLUNTARIADO-INFERIOR-5005003.jpg&#8221; image_eu=&#8221;https:\/\/www.itakaescolapios.org\/wp-content\/uploads\/2025\/02\/BANNERS-VOLUNTARIADO-INFERIOR-5005006.jpg&#8221; image_ca=&#8221;https:\/\/www.itakaescolapios.org\/wp-content\/uploads\/2025\/02\/BANNERS-VOLUNTARIADO-INFERIOR-5005004.jpg&#8221; image_pt_br=&#8221;https:\/\/www.itakaescolapios.org\/wp-content\/uploads\/2025\/02\/BANNERS-VOLUNTARIADO-INFERIOR-5005005.jpg&#8221; global_colors_info=&#8221;{}&#8221; theme_builder_area=&#8221;post_content&#8221;][\/difl_imagecarouselitem][difl_imagecarouselitem image=&#8221;https:\/\/www.itakaescolapios.org\/wp-content\/uploads\/2025\/02\/BANNERS-EDUCA-INFERIOR-500500.jpg&#8221; ic_button_button_url_new_window=&#8221;1&#8243; _builder_version=&#8221;4.27.4&#8243; _module_preset=&#8221;default&#8221; link_option_url=&#8221;https:\/\/www.educa.itakaescolapios.org\/&#8221; image_en_us=&#8221;https:\/\/www.itakaescolapios.org\/wp-content\/uploads\/2025\/02\/BANNERS-EDUCA-INFERIOR-5005002.jpg&#8221; image_fr_fr=&#8221;https:\/\/www.itakaescolapios.org\/wp-content\/uploads\/2025\/02\/BANNERS-EDUCA-INFERIOR-5005003.jpg&#8221; image_eu=&#8221;https:\/\/www.itakaescolapios.org\/wp-content\/uploads\/2025\/02\/BANNERS-EDUCA-INFERIOR-5005006.jpg&#8221; image_ca=&#8221;https:\/\/www.itakaescolapios.org\/wp-content\/uploads\/2025\/02\/BANNERS-EDUCA-INFERIOR-5005005.jpg&#8221; image_pt_br=&#8221;https:\/\/www.itakaescolapios.org\/wp-content\/uploads\/2025\/02\/BANNERS-EDUCA-INFERIOR-5005004.jpg&#8221; global_colors_info=&#8221;{}&#8221; theme_builder_area=&#8221;post_content&#8221;][\/difl_imagecarouselitem][\/difl_imagecarousel][\/et_pb_column_inner][\/et_pb_row_inner][\/et_pb_column][et_pb_column type=&#8221;1_4&#8243; _builder_version=&#8221;4.16&#8243; custom_padding=&#8221;|||&#8221; global_colors_info=&#8221;{}&#8221; custom_padding__hover=&#8221;|||&#8221; theme_builder_area=&#8221;post_content&#8221;][difl_imagecarousel item_desktop=&#8221;1&#8243; item_tablet=&#8221;1&#8243; loop=&#8221;on&#8221; autoplay=&#8221;on&#8221; autospeed=&#8221;3500&#8243; dots=&#8221;on&#8221; dots_color=&#8221;gcid-cca90ba6-297c-4d63-9e2c-8201011ef870&#8243; active_dots_color=&#8221;gcid-b1ace166-c11d-4c70-a679-55884e9ca298&#8243; dots_gap=&#8221;21px&#8221; item_wrapper_padding=&#8221;||15px||false|false&#8221; admin_label=&#8221;Ser miembro y newsletter&#8221; module_class=&#8221;extiendeenlacedeboton&#8221; _builder_version=&#8221;4.27.4&#8243; _module_preset=&#8221;default&#8221; global_module=&#8221;51656&#8243; saved_tabs=&#8221;all&#8221; locked=&#8221;off&#8221; global_colors_info=&#8221;{%22gcid-cca90ba6-297c-4d63-9e2c-8201011ef870%22:%91%22dots_color%22%93,%22gcid-b1ace166-c11d-4c70-a679-55884e9ca298%22:%91%22active_dots_color%22%93}&#8221; theme_builder_area=&#8221;post_content&#8221;][difl_imagecarouselitem image=&#8221;https:\/\/www.itakaescolapios.org\/wp-content\/uploads\/2025\/02\/banners-500&#215;500-esp.jpg&#8221; ic_button_button_text=&#8221;bot&#8221; ic_button_button_url=&#8221;\/es\/colabora&#8221; ic_button_button_url_new_window=&#8221;1&#8243; _builder_version=&#8221;4.27.4&#8243; _module_preset=&#8221;default&#8221; image_en_us=&#8221;https:\/\/www.itakaescolapios.org\/wp-content\/uploads\/2025\/02\/banners-500&#215;500-eng.jpg&#8221; ic_button_button_text_en_us=&#8221;bot&#8221; image_fr_fr=&#8221;https:\/\/www.itakaescolapios.org\/wp-content\/uploads\/2025\/02\/banners-500&#215;500-fra.jpg&#8221; ic_button_button_text_fr_fr=&#8221;bot&#8221; image_eu=&#8221;https:\/\/www.itakaescolapios.org\/wp-content\/uploads\/2025\/02\/banners-500&#215;500-eusk.jpg&#8221; ic_button_button_text_eu=&#8221;bot&#8221; image_ca=&#8221;https:\/\/www.itakaescolapios.org\/wp-content\/uploads\/2025\/02\/banners-500&#215;500-val.jpg&#8221; ic_button_button_text_ca=&#8221;bot&#8221; image_pt_br=&#8221;https:\/\/www.itakaescolapios.org\/wp-content\/uploads\/2025\/02\/banners-500&#215;500-port.jpg&#8221; ic_button_button_text_pt_br=&#8221;bot&#8221; global_colors_info=&#8221;{}&#8221; theme_builder_area=&#8221;post_content&#8221;][\/difl_imagecarouselitem][difl_imagecarouselitem image=&#8221;https:\/\/www.itakaescolapios.org\/wp-content\/uploads\/2025\/02\/banners-500&#215;500-esp2.png&#8221; ic_button_button_text=&#8221;bot&#8221; ic_button_button_url=&#8221;\/es\/suscribete\/&#8221; ic_button_button_url_new_window=&#8221;1&#8243; _builder_version=&#8221;4.27.4&#8243; _module_preset=&#8221;default&#8221; image_en_us=&#8221;https:\/\/www.itakaescolapios.org\/wp-content\/uploads\/2025\/02\/banners-500&#215;500-eng2.jpg&#8221; ic_button_button_text_en_us=&#8221;bot&#8221; image_fr_fr=&#8221;https:\/\/www.itakaescolapios.org\/wp-content\/uploads\/2025\/02\/banners-500&#215;500-fra2.jpg&#8221; ic_button_button_text_fr_fr=&#8221;bot&#8221; image_eu=&#8221;https:\/\/www.itakaescolapios.org\/wp-content\/uploads\/2025\/02\/banners-500&#215;500-eusk2.jpg&#8221; ic_button_button_text_eu=&#8221;bot&#8221; image_ca=&#8221;https:\/\/www.itakaescolapios.org\/wp-content\/uploads\/2025\/02\/banners-500&#215;500-val2.jpg&#8221; ic_button_button_text_ca=&#8221;bot&#8221; image_pt_br=&#8221;https:\/\/www.itakaescolapios.org\/wp-content\/uploads\/2025\/02\/banners-500&#215;500-port2.jpg&#8221; ic_button_button_text_pt_br=&#8221;bot&#8221; global_colors_info=&#8221;{}&#8221; theme_builder_area=&#8221;post_content&#8221;][\/difl_imagecarouselitem][\/difl_imagecarousel][et_pb_text admin_label=&#8221;Texto %22\u00daltimas noticias%22&#8243; _builder_version=&#8221;4.25.0&#8243; _module_preset=&#8221;default&#8221; header_font=&#8221;IBM Plex Sans|700|||||||&#8221; header_text_color=&#8221;gcid-cca90ba6-297c-4d63-9e2c-8201011ef870&#8243; header_font_size=&#8221;40px&#8221; custom_margin=&#8221;||||false|false&#8221; header_font_size_tablet=&#8221;55px&#8221; header_font_size_phone=&#8221;30px&#8221; header_font_size_last_edited=&#8221;on|phone&#8221; content_en_us=&#8221;<\/p>\n<h1>Last news<\/h1>\n<p>&#8221; content_fr_fr=&#8221;<\/p>\n<h1>Derni\u00e8res nouvelles<\/h1>\n<p>&#8221; content_eu=&#8221;<\/p>\n<h1>Azken berriak<\/h1>\n<p>&#8221; content_ca=&#8221;<\/p>\n<h1>\u00daltimes not\u00edcies<\/h1>\n<p>&#8221; content_pt_br=&#8221;<\/p>\n<h1>\u00daltimas not\u00edcias<\/h1>\n<p>&#8221; border_width_bottom=&#8221;3px&#8221; border_color_bottom=&#8221;gcid-b1ace166-c11d-4c70-a679-55884e9ca298&#8243; border_style_bottom=&#8221;dotted&#8221; global_module=&#8221;50904&#8243; saved_tabs=&#8221;all&#8221; global_colors_info=&#8221;{%22gcid-cca90ba6-297c-4d63-9e2c-8201011ef870%22:%91%22header_text_color%22,%22header_text_color%22%93,%22gcid-b1ace166-c11d-4c70-a679-55884e9ca298%22:%91%22border_color_bottom%22%93}&#8221; theme_builder_area=&#8221;post_content&#8221;]<\/p>\n<h1>\u00daltimas noticias<\/h1>\n<p>[\/et_pb_text][difl_blogcarousel posts_number=&#8221;6&#8243; post_display=&#8221;by_category&#8221; use_image_as_background=&#8221;on&#8221; item_desktop=&#8221;1&#8243; item_tablet=&#8221;1&#8243; loop=&#8221;on&#8221; dots=&#8221;on&#8221; equal_height=&#8221;on&#8221; item_background_bgcolor=&#8221;rgba(175,196,16,0.9)&#8221; arrow_color=&#8221;#FFFFFF&#8221; arrow_background=&#8221;gcid-cca90ba6-297c-4d63-9e2c-8201011ef870&#8243; arrow_circle=&#8221;on&#8221; arrow_prev_icon_use_icon=&#8221;off&#8221; arrow_prev_margin=&#8221;|||-70px|false|false&#8221; arrow_prev_margin_tablet=&#8221;&#8221; arrow_prev_margin_phone=&#8221;|||0px|false|false&#8221; arrow_prev_margin_last_edited=&#8221;on|phone&#8221; arrow_next_margin=&#8221;|-70px|||false|false&#8221; arrow_next_margin_tablet=&#8221;&#8221; arrow_next_margin_phone=&#8221;|0px|||false|false&#8221; arrow_next_margin_last_edited=&#8221;on|phone&#8221; large_active_dot=&#8221;on&#8221; dots_color=&#8221;gcid-cca90ba6-297c-4d63-9e2c-8201011ef870&#8243; active_dots_color=&#8221;gcid-b1ace166-c11d-4c70-a679-55884e9ca298&#8243; wrapper_padding=&#8221;||15px||false|false&#8221; item_wrapper_padding=&#8221;300px||||false|false&#8221; item_padding=&#8221;20px||||false|false&#8221; admin_label=&#8221;AQU\u00cd CAMBIA LA CATEGOR\u00cdA&#8221; _builder_version=&#8221;4.27.4&#8243; _module_preset=&#8221;default&#8221; hover_enabled=&#8221;0&#8243; border_radii_item_outer=&#8221;on|8px|8px|8px|8px&#8221; global_colors_info=&#8221;{%22gcid-b1ace166-c11d-4c70-a679-55884e9ca298%22:%91%22item_background_bgcolor%22,%22active_dots_color%22%93}&#8221; theme_builder_area=&#8221;post_content&#8221; include_categories=&#8221;30&#8243; sticky_enabled=&#8221;0&#8243;][difl_postitem type=&#8221;title&#8221; element_padding=&#8221;10px|10px||10px|false|true&#8221; _builder_version=&#8221;4.27.4&#8243; _module_preset=&#8221;default&#8221; post_font_style_font=&#8221;Merriweather|900|||||||&#8221; post_font_style_text_color=&#8221;#FFFFFF&#8221; post_font_style_font_size=&#8221;20px&#8221; post_font_style_line_height=&#8221;22px&#8221; background_color=&#8221;RGBA(255,255,255,0)&#8221; background_enable_color=&#8221;on&#8221; text_orientation=&#8221;center&#8221; global_colors_info=&#8221;{}&#8221; theme_builder_area=&#8221;post_content&#8221;][\/difl_postitem][difl_postitem type=&#8221;date&#8221; date_format=&#8221;j-F-Y&#8221; meta_display=&#8221;block&#8221; use_icon=&#8221;on&#8221; font_icon=&#8221;&#xe023;||divi||400&#8243; icon_color=&#8221;#FFFFFF&#8221; element_padding=&#8221;|10px||10px|false|true&#8221; _builder_version=&#8221;4.27.4&#8243; _module_preset=&#8221;default&#8221; post_font_style_font=&#8221;IBM Plex Sans|700|||||||&#8221; post_font_style_text_color=&#8221;#FFFFFF&#8221; post_font_style_font_size=&#8221;12px&#8221; background_color=&#8221;RGBA(255,255,255,0)&#8221; background_enable_color=&#8221;on&#8221; text_orientation=&#8221;right&#8221; global_colors_info=&#8221;{}&#8221; theme_builder_area=&#8221;post_content&#8221;][\/difl_postitem][\/difl_blogcarousel][et_pb_text admin_label=&#8221;Texto %22S\u00edguenos%22&#8243; _builder_version=&#8221;4.27.4&#8243; _module_preset=&#8221;default&#8221; header_font=&#8221;IBM Plex Sans|600|||||||&#8221; header_text_color=&#8221;#FFFFFF&#8221; background_color=&#8221;gcid-cca90ba6-297c-4d63-9e2c-8201011ef870&#8243; custom_margin=&#8221;0px||0px||true|false&#8221; custom_padding=&#8221;20px||||false|false&#8221; content_en_us=&#8221;<\/p>\n<h1 style=%22text-align: center;%22>Follow us<\/h1>\n<p>&#8221; content_fr_fr=&#8221;<\/p>\n<h1 style=%22text-align: center;%22>Suivez-nous sur<\/h1>\n<p>&#8221; content_eu=&#8221;<\/p>\n<h1 style=%22text-align: center;%22>Jarraitu<\/h1>\n<p>&#8221; content_ca=&#8221;<\/p>\n<h1 style=%22text-align: center;%22>Segueix-nos<\/h1>\n<p>&#8221; content_pt_br=&#8221;<\/p>\n<h1 style=%22text-align: center;%22>Siga-nos em<\/h1>\n<p>&#8221; border_radii=&#8221;off||15px||&#8221; global_colors_info=&#8221;{%22gcid-cca90ba6-297c-4d63-9e2c-8201011ef870%22:%91%22background_color%22%93}&#8221; theme_builder_area=&#8221;post_content&#8221;]<\/p>\n<h1 style=\"text-align: center;\">S\u00edguenos<\/h1>\n<p>[\/et_pb_text][et_pb_social_media_follow admin_label=&#8221;REDES SOCIALES SEDE&#8221; module_class=&#8221;redes-portada-sede&#8221; _builder_version=&#8221;4.25.1&#8243; _module_preset=&#8221;default&#8221; background_color=&#8221;gcid-cca90ba6-297c-4d63-9e2c-8201011ef870&#8243; text_orientation=&#8221;center&#8221; custom_margin=&#8221;0px||||false|false&#8221; custom_padding=&#8221;15px||15px||true|false&#8221; custom_css_free_form=&#8221;.redes-portada-sede.et_pb_module {border-bottom-left-radius: 15px !important;}&#8221; border_radii=&#8221;off|15px|15px|15px|15px&#8221; global_colors_info=&#8221;{%22gcid-cca90ba6-297c-4d63-9e2c-8201011ef870%22:%91%22background_color%22%93}&#8221; theme_builder_area=&#8221;post_content&#8221;][et_pb_social_media_follow_network social_network=&#8221;facebook&#8221; icon_color=&#8221;gcid-cca90ba6-297c-4d63-9e2c-8201011ef870&#8243; _builder_version=&#8221;4.24.3&#8243; _module_preset=&#8221;default&#8221; background_color=&#8221;#FFFFFF&#8221; background_enable_color=&#8221;on&#8221; global_colors_info=&#8221;{%22gcid-cca90ba6-297c-4d63-9e2c-8201011ef870%22:%91%22icon_color%22%93}&#8221; theme_builder_area=&#8221;post_content&#8221; follow_button=&#8221;off&#8221; url_new_window=&#8221;on&#8221;]facebook[\/et_pb_social_media_follow_network][et_pb_social_media_follow_network social_network=&#8221;instagram&#8221; icon_color=&#8221;gcid-cca90ba6-297c-4d63-9e2c-8201011ef870&#8243; _builder_version=&#8221;4.24.3&#8243; _module_preset=&#8221;default&#8221; background_color=&#8221;#FFFFFF&#8221; background_enable_color=&#8221;on&#8221; global_colors_info=&#8221;{%22gcid-cca90ba6-297c-4d63-9e2c-8201011ef870%22:%91%22icon_color%22%93}&#8221; theme_builder_area=&#8221;post_content&#8221; follow_button=&#8221;off&#8221; url_new_window=&#8221;on&#8221;]instagram[\/et_pb_social_media_follow_network][et_pb_social_media_follow_network social_network=&#8221;youtube&#8221; icon_color=&#8221;gcid-cca90ba6-297c-4d63-9e2c-8201011ef870&#8243; _builder_version=&#8221;4.24.3&#8243; _module_preset=&#8221;default&#8221; background_color=&#8221;#FFFFFF&#8221; background_enable_color=&#8221;on&#8221; global_colors_info=&#8221;{%22gcid-cca90ba6-297c-4d63-9e2c-8201011ef870%22:%91%22icon_color%22%93}&#8221; theme_builder_area=&#8221;post_content&#8221; follow_button=&#8221;off&#8221; url_new_window=&#8221;on&#8221;]youtube[\/et_pb_social_media_follow_network][\/et_pb_social_media_follow][difl_imagecarousel item_desktop=&#8221;1&#8243; item_tablet=&#8221;1&#8243; loop=&#8221;on&#8221; autoplay=&#8221;on&#8221; autospeed=&#8221;3500&#8243; dots=&#8221;on&#8221; dots_color=&#8221;gcid-cca90ba6-297c-4d63-9e2c-8201011ef870&#8243; active_dots_color=&#8221;gcid-b1ace166-c11d-4c70-a679-55884e9ca298&#8243; item_wrapper_padding=&#8221;||20px||false|false&#8221; admin_label=&#8221;Formaci\u00f3n, hemeroteca y formaci\u00f3n&#8221; module_class=&#8221;extiendeenlacedeboton&#8221; _builder_version=&#8221;4.27.4&#8243; _module_preset=&#8221;default&#8221; module_alignment=&#8221;center&#8221; custom_margin=&#8221;||||false|false&#8221; global_module=&#8221;51721&#8243; saved_tabs=&#8221;all&#8221; global_colors_info=&#8221;{%22gcid-cca90ba6-297c-4d63-9e2c-8201011ef870%22:%91%22dots_color%22%93,%22gcid-b1ace166-c11d-4c70-a679-55884e9ca298%22:%91%22active_dots_color%22%93}&#8221; custom_margin__hover_enabled=&#8221;on|hover&#8221; custom_margin__hover=&#8221;||||false|false&#8221; theme_builder_area=&#8221;post_content&#8221;][difl_imagecarouselitem admin_label=&#8221;Formaci\u00f3n&#8221; image=&#8221;https:\/\/www.itakaescolapios.org\/wp-content\/uploads\/2025\/02\/banners-500&#215;500-esp5.jpg&#8221; ic_button_button_text=&#8221;bot&#8221; ic_button_button_url=&#8221;\/es\/que-hacemos\/formacion\/&#8221; ic_button_button_url_new_window=&#8221;1&#8243; _builder_version=&#8221;4.27.4&#8243; _module_preset=&#8221;default&#8221; image_en_us=&#8221;https:\/\/www.itakaescolapios.org\/wp-content\/uploads\/2025\/02\/banners-500&#215;500-eng5.jpg&#8221; ic_button_button_text_en_us=&#8221;bot&#8221; image_fr_fr=&#8221;https:\/\/www.itakaescolapios.org\/wp-content\/uploads\/2025\/02\/banners-500&#215;500-fra5.jpg&#8221; ic_button_button_text_fr_fr=&#8221;bot&#8221; image_eu=&#8221;https:\/\/www.itakaescolapios.org\/wp-content\/uploads\/2025\/02\/banners-500&#215;500-eusk5.jpg&#8221; ic_button_button_text_eu=&#8221;bot&#8221; image_ca=&#8221;https:\/\/www.itakaescolapios.org\/wp-content\/uploads\/2025\/02\/banners-500&#215;500-val5.jpg&#8221; ic_button_button_text_ca=&#8221;bot&#8221; image_pt_br=&#8221;https:\/\/www.itakaescolapios.org\/wp-content\/uploads\/2025\/02\/banners-500&#215;500-port5.jpg&#8221; ic_button_button_text_pt_br=&#8221;bot&#8221; global_colors_info=&#8221;{}&#8221; theme_builder_area=&#8221;post_content&#8221;][\/difl_imagecarouselitem][difl_imagecarouselitem admin_label=&#8221;Publicaciones&#8221; image=&#8221;https:\/\/www.itakaescolapios.org\/wp-content\/uploads\/2025\/02\/banners-500&#215;500-esp3-1.jpg&#8221; ic_button_button_text=&#8221;bot&#8221; ic_button_button_url=&#8221;\/es\/publicaciones&#8221; ic_button_button_url_new_window=&#8221;1&#8243; _builder_version=&#8221;4.27.4&#8243; _module_preset=&#8221;default&#8221; image_en_us=&#8221;https:\/\/www.itakaescolapios.org\/wp-content\/uploads\/2025\/02\/banners-500&#215;500-eng3.jpg&#8221; ic_button_button_text_en_us=&#8221;bot&#8221; image_fr_fr=&#8221;https:\/\/www.itakaescolapios.org\/wp-content\/uploads\/2025\/02\/banners-500&#215;500-fra3.jpg&#8221; ic_button_button_text_fr_fr=&#8221;bot&#8221; image_eu=&#8221;https:\/\/www.itakaescolapios.org\/wp-content\/uploads\/2025\/02\/banners-500&#215;500-eusk3.jpg&#8221; ic_button_button_text_eu=&#8221;bot&#8221; image_ca=&#8221;https:\/\/www.itakaescolapios.org\/wp-content\/uploads\/2025\/02\/banners-500&#215;500-val3.jpg&#8221; ic_button_button_text_ca=&#8221;bot&#8221; image_pt_br=&#8221;https:\/\/www.itakaescolapios.org\/wp-content\/uploads\/2025\/02\/banners-500&#215;500-port3.jpg&#8221; ic_button_button_text_pt_br=&#8221;bot&#8221; global_colors_info=&#8221;{}&#8221; theme_builder_area=&#8221;post_content&#8221;][\/difl_imagecarouselitem][difl_imagecarouselitem admin_label=&#8221;Hemeroteca&#8221; image=&#8221;https:\/\/www.itakaescolapios.org\/wp-content\/uploads\/2025\/02\/banners-500&#215;500-esp4.jpg&#8221; ic_button_button_text=&#8221;bot&#8221; ic_button_button_url=&#8221;\/es\/noticias\/&#8221; ic_button_button_url_new_window=&#8221;1&#8243; _builder_version=&#8221;4.27.4&#8243; _module_preset=&#8221;default&#8221; image_en_us=&#8221;https:\/\/www.itakaescolapios.org\/wp-content\/uploads\/2025\/02\/banners-500&#215;500-eng4.jpg&#8221; ic_button_button_text_en_us=&#8221;bot&#8221; image_fr_fr=&#8221;https:\/\/www.itakaescolapios.org\/wp-content\/uploads\/2025\/02\/banners-500&#215;500-fra4.jpg&#8221; ic_button_button_text_fr_fr=&#8221;bot&#8221; image_eu=&#8221;https:\/\/www.itakaescolapios.org\/wp-content\/uploads\/2025\/02\/banners-500&#215;500-eusk4.jpg&#8221; ic_button_button_text_eu=&#8221;bot&#8221; image_ca=&#8221;https:\/\/www.itakaescolapios.org\/wp-content\/uploads\/2025\/02\/banners-500&#215;500-val4.jpg&#8221; ic_button_button_text_ca=&#8221;bot&#8221; image_pt_br=&#8221;https:\/\/www.itakaescolapios.org\/wp-content\/uploads\/2025\/02\/banners-500&#215;500-port4.jpg&#8221; ic_button_button_text_pt_br=&#8221;bot&#8221; global_colors_info=&#8221;{}&#8221; theme_builder_area=&#8221;post_content&#8221;][\/difl_imagecarouselitem][\/difl_imagecarousel][\/et_pb_column][\/et_pb_section]<\/p>\n","protected":false},"excerpt":{"rendered":"<p>A \u00e1rea de forma\u00e7\u00e3o da rede Itaka-Escolapios organiza anualmente um encontro formativo online, que este ano reuniu pessoas de diversas demarca\u00e7\u00f5es escol\u00e1picas para refletir sobre o car\u00e1ter transformador do nosso trabalho educativo e evangelizador.<\/p>\n","protected":false},"author":69,"featured_media":329587,"comment_status":"closed","ping_status":"closed","sticky":false,"template":"","format":"standard","meta":{"_et_pb_use_builder":"on","_et_pb_old_content":"","_et_gb_content_width":"","footnotes":""},"categories":[30],"tags":[46,45,72,301],"class_list":["post-329583","post","type-post","status-publish","format-standard","has-post-thumbnail","hentry","category-itaka-escolapios","tag-educacion","tag-encuentro","tag-formacion","tag-transformacion-social"],"yoast_head":"<!-- This site is optimized with the Yoast SEO plugin v27.4 - https:\/\/yoast.com\/product\/yoast-seo-wordpress\/ -->\n<title>Encontro \u201cEducar para a transforma\u00e7\u00e3o social\u201d<\/title>\n<meta name=\"description\" content=\"A \u00e1rea de forma\u00e7\u00e3o da rede Itaka-Escolapios organiza anualmente um encontro formativo online, que este ano reuniu pessoas de diversas demarca\u00e7\u00f5es escol\u00e1picas para refletir sobre o car\u00e1ter transformador do nosso trabalho educativo e evangelizador.\" \/>\n<meta name=\"robots\" content=\"index, follow, max-snippet:-1, max-image-preview:large, max-video-preview:-1\" \/>\n<link rel=\"canonical\" href=\"http:\/\/A%20\u00e1rea%20de%20forma\u00e7\u00e3o%20da%20rede%20Itaka-Escolapios%20organiza%20anualmente%20um%20encontro%20formativo%20online,%20que%20este%20ano%20reuniu%20pessoas%20de%20diversas%20demarca\u00e7\u00f5es%20escol\u00e1picas%20para%20refletir%20sobre%20o%20car\u00e1ter%20transformador%20do%20nosso%20trabalho%20educativo%20e%20evangelizador.\" \/>\n<meta property=\"og:locale\" content=\"pt_BR\" \/>\n<meta property=\"og:type\" content=\"article\" \/>\n<meta property=\"og:title\" content=\"Encontro \u201cEducar para a transforma\u00e7\u00e3o social\u201d\" \/>\n<meta property=\"og:description\" content=\"A \u00e1rea de forma\u00e7\u00e3o da rede Itaka-Escolapios organiza anualmente um encontro formativo online, que este ano reuniu pessoas de diversas demarca\u00e7\u00f5es escol\u00e1picas para refletir sobre o car\u00e1ter transformador do nosso trabalho educativo e evangelizador.\" \/>\n<meta property=\"og:url\" content=\"https:\/\/www.itakaescolapios.org\/pt\/2025\/12\/encuentro-formacion\/\" \/>\n<meta property=\"og:site_name\" content=\"Itaka-Escolapios\" \/>\n<meta property=\"article:published_time\" content=\"2025-12-10T11:10:14+00:00\" \/>\n<meta property=\"article:modified_time\" content=\"2025-12-10T11:10:24+00:00\" \/>\n<meta property=\"og:image\" content=\"https:\/\/www.itakaescolapios.org\/wp-content\/uploads\/2025\/12\/4.jpg\" \/>\n\t<meta property=\"og:image:width\" content=\"1083\" \/>\n\t<meta property=\"og:image:height\" content=\"609\" \/>\n\t<meta property=\"og:image:type\" content=\"image\/jpeg\" \/>\n<meta name=\"author\" content=\"Paz Su\u00f1er\" \/>\n<meta name=\"twitter:card\" content=\"summary_large_image\" \/>\n<meta name=\"twitter:label1\" content=\"Escrito por\" \/>\n\t<meta name=\"twitter:data1\" content=\"Paz Su\u00f1er\" \/>\n\t<meta name=\"twitter:label2\" content=\"Est. tempo de leitura\" \/>\n\t<meta name=\"twitter:data2\" content=\"4 minutos\" \/>\n<script type=\"application\/ld+json\" class=\"yoast-schema-graph\">{\"@context\":\"https:\\\/\\\/schema.org\",\"@graph\":[{\"@type\":\"Article\",\"@id\":\"https:\\\/\\\/www.itakaescolapios.org\\\/pt\\\/2025\\\/12\\\/encuentro-formacion\\\/#article\",\"isPartOf\":{\"@id\":\"https:\\\/\\\/www.itakaescolapios.org\\\/pt\\\/2025\\\/12\\\/encuentro-formacion\\\/\"},\"author\":{\"name\":\"Paz Su\u00f1er\",\"@id\":\"https:\\\/\\\/www.itakaescolapios.org\\\/es\\\/#\\\/schema\\\/person\\\/b4aee0bb1423368fa9a5439a0985739e\"},\"headline\":\"Encontro \u201cEducar para a transforma\u00e7\u00e3o social\u201d\",\"datePublished\":\"2025-12-10T11:10:14+00:00\",\"dateModified\":\"2025-12-10T11:10:24+00:00\",\"mainEntityOfPage\":{\"@id\":\"https:\\\/\\\/www.itakaescolapios.org\\\/pt\\\/2025\\\/12\\\/encuentro-formacion\\\/\"},\"wordCount\":4300,\"publisher\":{\"@id\":\"https:\\\/\\\/www.itakaescolapios.org\\\/es\\\/#organization\"},\"image\":{\"@id\":\"https:\\\/\\\/www.itakaescolapios.org\\\/pt\\\/2025\\\/12\\\/encuentro-formacion\\\/#primaryimage\"},\"thumbnailUrl\":\"https:\\\/\\\/www.itakaescolapios.org\\\/wp-content\\\/uploads\\\/2025\\\/12\\\/4.jpg\",\"keywords\":[\"educaci\u00f3n\",\"Encuentro\",\"formaci\u00f3n\",\"transformaci\u00f3n social\"],\"articleSection\":[\"Itaka Escolapios\"],\"inLanguage\":\"pt-BR\"},{\"@type\":\"WebPage\",\"@id\":\"https:\\\/\\\/www.itakaescolapios.org\\\/pt\\\/2025\\\/12\\\/encuentro-formacion\\\/\",\"url\":\"https:\\\/\\\/www.itakaescolapios.org\\\/pt\\\/2025\\\/12\\\/encuentro-formacion\\\/\",\"name\":\"Encuentro \\\"Educar para la transformaci\u00f3n social\\\" - Itaka-Escolapios\",\"isPartOf\":{\"@id\":\"https:\\\/\\\/www.itakaescolapios.org\\\/es\\\/#website\"},\"primaryImageOfPage\":{\"@id\":\"https:\\\/\\\/www.itakaescolapios.org\\\/pt\\\/2025\\\/12\\\/encuentro-formacion\\\/#primaryimage\"},\"image\":{\"@id\":\"https:\\\/\\\/www.itakaescolapios.org\\\/pt\\\/2025\\\/12\\\/encuentro-formacion\\\/#primaryimage\"},\"thumbnailUrl\":\"https:\\\/\\\/www.itakaescolapios.org\\\/wp-content\\\/uploads\\\/2025\\\/12\\\/4.jpg\",\"datePublished\":\"2025-12-10T11:10:14+00:00\",\"dateModified\":\"2025-12-10T11:10:24+00:00\",\"breadcrumb\":{\"@id\":\"https:\\\/\\\/www.itakaescolapios.org\\\/pt\\\/2025\\\/12\\\/encuentro-formacion\\\/#breadcrumb\"},\"inLanguage\":\"pt-BR\",\"potentialAction\":[{\"@type\":\"ReadAction\",\"target\":[\"https:\\\/\\\/www.itakaescolapios.org\\\/pt\\\/2025\\\/12\\\/encuentro-formacion\\\/\"]}]},{\"@type\":\"ImageObject\",\"inLanguage\":\"pt-BR\",\"@id\":\"https:\\\/\\\/www.itakaescolapios.org\\\/pt\\\/2025\\\/12\\\/encuentro-formacion\\\/#primaryimage\",\"url\":\"https:\\\/\\\/www.itakaescolapios.org\\\/wp-content\\\/uploads\\\/2025\\\/12\\\/4.jpg\",\"contentUrl\":\"https:\\\/\\\/www.itakaescolapios.org\\\/wp-content\\\/uploads\\\/2025\\\/12\\\/4.jpg\",\"width\":1083,\"height\":609},{\"@type\":\"BreadcrumbList\",\"@id\":\"https:\\\/\\\/www.itakaescolapios.org\\\/pt\\\/2025\\\/12\\\/encuentro-formacion\\\/#breadcrumb\",\"itemListElement\":[{\"@type\":\"ListItem\",\"position\":1,\"name\":\"Itaka-Escolapios\",\"item\":\"https:\\\/\\\/www.itakaescolapios.org\\\/es\\\/\"},{\"@type\":\"ListItem\",\"position\":2,\"name\":\"Encontro \u201cEducar para a transforma\u00e7\u00e3o social\u201d\"}]},{\"@type\":\"WebSite\",\"@id\":\"https:\\\/\\\/www.itakaescolapios.org\\\/pt\\\/es\\\/#website\",\"url\":\"https:\\\/\\\/www.itakaescolapios.org\\\/pt\\\/es\\\/\",\"name\":\"Itaka-Escolapios\",\"description\":\"Red de Itaka-Escolapios\",\"publisher\":{\"@id\":\"https:\\\/\\\/www.itakaescolapios.org\\\/pt\\\/es\\\/#organization\"},\"potentialAction\":[{\"@type\":\"SearchAction\",\"target\":{\"@type\":\"EntryPoint\",\"urlTemplate\":\"https:\\\/\\\/www.itakaescolapios.org\\\/pt\\\/es\\\/?s={search_term_string}\"},\"query-input\":{\"@type\":\"PropertyValueSpecification\",\"valueRequired\":true,\"valueName\":\"search_term_string\"}}],\"inLanguage\":\"pt-BR\"},{\"@type\":\"Organization\",\"@id\":\"https:\\\/\\\/www.itakaescolapios.org\\\/pt\\\/es\\\/#organization\",\"name\":\"Fundaci\u00f3 Itaka-Escolapios\",\"url\":\"https:\\\/\\\/www.itakaescolapios.org\\\/pt\\\/es\\\/\",\"logo\":{\"@type\":\"ImageObject\",\"inLanguage\":\"pt-BR\",\"@id\":\"https:\\\/\\\/www.itakaescolapios.org\\\/pt\\\/es\\\/#\\\/schema\\\/logo\\\/image\\\/\",\"url\":\"https:\\\/\\\/www.itakaescolapios.org\\\/wp-content\\\/uploads\\\/2024\\\/04\\\/Logo-itakaescolapios-peque.png\",\"contentUrl\":\"https:\\\/\\\/www.itakaescolapios.org\\\/wp-content\\\/uploads\\\/2024\\\/04\\\/Logo-itakaescolapios-peque.png\",\"width\":500,\"height\":199,\"caption\":\"Fundaci\u00f3 Itaka-Escolapios\"},\"image\":{\"@id\":\"https:\\\/\\\/www.itakaescolapios.org\\\/pt\\\/es\\\/#\\\/schema\\\/logo\\\/image\\\/\"}},{\"@type\":\"Person\",\"@id\":\"https:\\\/\\\/www.itakaescolapios.org\\\/es\\\/#\\\/schema\\\/person\\\/b4aee0bb1423368fa9a5439a0985739e\",\"name\":\"Paz Su\u00f1er\",\"url\":\"https:\\\/\\\/www.itakaescolapios.org\\\/pt\\\/author\\\/pazsuner\\\/\"}]}<\/script>\n<!-- \/ Yoast SEO plugin. -->","yoast_head_json":{"title":"Encontro \u201cEducar para a transforma\u00e7\u00e3o social\u201d","description":"A \u00e1rea de forma\u00e7\u00e3o da rede Itaka-Escolapios organiza anualmente um encontro formativo online, que este ano reuniu pessoas de diversas demarca\u00e7\u00f5es escol\u00e1picas para refletir sobre o car\u00e1ter transformador do nosso trabalho educativo e evangelizador.","robots":{"index":"index","follow":"follow","max-snippet":"max-snippet:-1","max-image-preview":"max-image-preview:large","max-video-preview":"max-video-preview:-1"},"canonical":"A \u00e1rea de forma\u00e7\u00e3o da rede Itaka-Escolapios organiza anualmente um encontro formativo online, que este ano reuniu pessoas de diversas demarca\u00e7\u00f5es escol\u00e1picas para refletir sobre o car\u00e1ter transformador do nosso trabalho educativo e evangelizador.","og_locale":"pt_BR","og_type":"article","og_title":"Encontro \u201cEducar para a transforma\u00e7\u00e3o social\u201d","og_description":"A \u00e1rea de forma\u00e7\u00e3o da rede Itaka-Escolapios organiza anualmente um encontro formativo online, que este ano reuniu pessoas de diversas demarca\u00e7\u00f5es escol\u00e1picas para refletir sobre o car\u00e1ter transformador do nosso trabalho educativo e evangelizador.","og_url":"https:\/\/www.itakaescolapios.org\/pt\/2025\/12\/encuentro-formacion\/","og_site_name":"Itaka-Escolapios","article_published_time":"2025-12-10T11:10:14+00:00","article_modified_time":"2025-12-10T11:10:24+00:00","og_image":[{"width":1083,"height":609,"url":"https:\/\/www.itakaescolapios.org\/wp-content\/uploads\/2025\/12\/4.jpg","type":"image\/jpeg"}],"author":"Paz Su\u00f1er","twitter_card":"summary_large_image","twitter_misc":{"Escrito por":"Paz Su\u00f1er","Est. tempo de leitura":"4 minutos"},"schema":{"@context":"https:\/\/schema.org","@graph":[{"@type":"Article","@id":"https:\/\/www.itakaescolapios.org\/pt\/2025\/12\/encuentro-formacion\/#article","isPartOf":{"@id":"https:\/\/www.itakaescolapios.org\/pt\/2025\/12\/encuentro-formacion\/"},"author":{"name":"Paz Su\u00f1er","@id":"https:\/\/www.itakaescolapios.org\/es\/#\/schema\/person\/b4aee0bb1423368fa9a5439a0985739e"},"headline":"Encontro \u201cEducar para a transforma\u00e7\u00e3o social\u201d","datePublished":"2025-12-10T11:10:14+00:00","dateModified":"2025-12-10T11:10:24+00:00","mainEntityOfPage":{"@id":"https:\/\/www.itakaescolapios.org\/pt\/2025\/12\/encuentro-formacion\/"},"wordCount":4300,"publisher":{"@id":"https:\/\/www.itakaescolapios.org\/es\/#organization"},"image":{"@id":"https:\/\/www.itakaescolapios.org\/pt\/2025\/12\/encuentro-formacion\/#primaryimage"},"thumbnailUrl":"https:\/\/www.itakaescolapios.org\/wp-content\/uploads\/2025\/12\/4.jpg","keywords":["educaci\u00f3n","Encuentro","formaci\u00f3n","transformaci\u00f3n social"],"articleSection":["Itaka Escolapios"],"inLanguage":"pt-BR"},{"@type":"WebPage","@id":"https:\/\/www.itakaescolapios.org\/pt\/2025\/12\/encuentro-formacion\/","url":"https:\/\/www.itakaescolapios.org\/pt\/2025\/12\/encuentro-formacion\/","name":"Encuentro \"Educar para la transformaci\u00f3n social\" - Itaka-Escolapios","isPartOf":{"@id":"https:\/\/www.itakaescolapios.org\/es\/#website"},"primaryImageOfPage":{"@id":"https:\/\/www.itakaescolapios.org\/pt\/2025\/12\/encuentro-formacion\/#primaryimage"},"image":{"@id":"https:\/\/www.itakaescolapios.org\/pt\/2025\/12\/encuentro-formacion\/#primaryimage"},"thumbnailUrl":"https:\/\/www.itakaescolapios.org\/wp-content\/uploads\/2025\/12\/4.jpg","datePublished":"2025-12-10T11:10:14+00:00","dateModified":"2025-12-10T11:10:24+00:00","breadcrumb":{"@id":"https:\/\/www.itakaescolapios.org\/pt\/2025\/12\/encuentro-formacion\/#breadcrumb"},"inLanguage":"pt-BR","potentialAction":[{"@type":"ReadAction","target":["https:\/\/www.itakaescolapios.org\/pt\/2025\/12\/encuentro-formacion\/"]}]},{"@type":"ImageObject","inLanguage":"pt-BR","@id":"https:\/\/www.itakaescolapios.org\/pt\/2025\/12\/encuentro-formacion\/#primaryimage","url":"https:\/\/www.itakaescolapios.org\/wp-content\/uploads\/2025\/12\/4.jpg","contentUrl":"https:\/\/www.itakaescolapios.org\/wp-content\/uploads\/2025\/12\/4.jpg","width":1083,"height":609},{"@type":"BreadcrumbList","@id":"https:\/\/www.itakaescolapios.org\/pt\/2025\/12\/encuentro-formacion\/#breadcrumb","itemListElement":[{"@type":"ListItem","position":1,"name":"Itaka-Escolapios","item":"https:\/\/www.itakaescolapios.org\/es\/"},{"@type":"ListItem","position":2,"name":"Encontro \u201cEducar para a transforma\u00e7\u00e3o social\u201d"}]},{"@type":"WebSite","@id":"https:\/\/www.itakaescolapios.org\/pt\/es\/#website","url":"https:\/\/www.itakaescolapios.org\/pt\/es\/","name":"Itaka-Escolapios","description":"Red de Itaka-Escolapios","publisher":{"@id":"https:\/\/www.itakaescolapios.org\/pt\/es\/#organization"},"potentialAction":[{"@type":"SearchAction","target":{"@type":"EntryPoint","urlTemplate":"https:\/\/www.itakaescolapios.org\/pt\/es\/?s={search_term_string}"},"query-input":{"@type":"PropertyValueSpecification","valueRequired":true,"valueName":"search_term_string"}}],"inLanguage":"pt-BR"},{"@type":"Organization","@id":"https:\/\/www.itakaescolapios.org\/pt\/es\/#organization","name":"Fundaci\u00f3 Itaka-Escolapios","url":"https:\/\/www.itakaescolapios.org\/pt\/es\/","logo":{"@type":"ImageObject","inLanguage":"pt-BR","@id":"https:\/\/www.itakaescolapios.org\/pt\/es\/#\/schema\/logo\/image\/","url":"https:\/\/www.itakaescolapios.org\/wp-content\/uploads\/2024\/04\/Logo-itakaescolapios-peque.png","contentUrl":"https:\/\/www.itakaescolapios.org\/wp-content\/uploads\/2024\/04\/Logo-itakaescolapios-peque.png","width":500,"height":199,"caption":"Fundaci\u00f3 Itaka-Escolapios"},"image":{"@id":"https:\/\/www.itakaescolapios.org\/pt\/es\/#\/schema\/logo\/image\/"}},{"@type":"Person","@id":"https:\/\/www.itakaescolapios.org\/es\/#\/schema\/person\/b4aee0bb1423368fa9a5439a0985739e","name":"Paz Su\u00f1er","url":"https:\/\/www.itakaescolapios.org\/pt\/author\/pazsuner\/"}]}},"_links":{"self":[{"href":"https:\/\/www.itakaescolapios.org\/pt\/wp-json\/wp\/v2\/posts\/329583","targetHints":{"allow":["GET"]}}],"collection":[{"href":"https:\/\/www.itakaescolapios.org\/pt\/wp-json\/wp\/v2\/posts"}],"about":[{"href":"https:\/\/www.itakaescolapios.org\/pt\/wp-json\/wp\/v2\/types\/post"}],"author":[{"embeddable":true,"href":"https:\/\/www.itakaescolapios.org\/pt\/wp-json\/wp\/v2\/users\/69"}],"replies":[{"embeddable":true,"href":"https:\/\/www.itakaescolapios.org\/pt\/wp-json\/wp\/v2\/comments?post=329583"}],"version-history":[{"count":5,"href":"https:\/\/www.itakaescolapios.org\/pt\/wp-json\/wp\/v2\/posts\/329583\/revisions"}],"predecessor-version":[{"id":329593,"href":"https:\/\/www.itakaescolapios.org\/pt\/wp-json\/wp\/v2\/posts\/329583\/revisions\/329593"}],"wp:featuredmedia":[{"embeddable":true,"href":"https:\/\/www.itakaescolapios.org\/pt\/wp-json\/wp\/v2\/media\/329587"}],"wp:attachment":[{"href":"https:\/\/www.itakaescolapios.org\/pt\/wp-json\/wp\/v2\/media?parent=329583"}],"wp:term":[{"taxonomy":"category","embeddable":true,"href":"https:\/\/www.itakaescolapios.org\/pt\/wp-json\/wp\/v2\/categories?post=329583"},{"taxonomy":"post_tag","embeddable":true,"href":"https:\/\/www.itakaescolapios.org\/pt\/wp-json\/wp\/v2\/tags?post=329583"}],"curies":[{"name":"wp","href":"https:\/\/api.w.org\/{rel}","templated":true}]}}