{"id":330627,"date":"2026-02-26T15:30:03","date_gmt":"2026-02-26T14:30:03","guid":{"rendered":"https:\/\/www.itakaescolapios.org\/?p=330627"},"modified":"2026-02-26T15:30:44","modified_gmt":"2026-02-26T14:30:44","slug":"presentacion-de-la-campana-de-solidaridad-2025-2026","status":"publish","type":"post","link":"https:\/\/www.itakaescolapios.org\/pt\/2026\/02\/presentacion-de-la-campana-de-solidaridad-2025-2026\/","title":{"rendered":"Presentaci\u00f3n de la Campa\u00f1a de Solidaridad 2025-2026"},"content":{"rendered":"<p>[et_pb_section fb_built=&#8221;1&#8243; make_equal=&#8221;on&#8221; use_custom_gutter=&#8221;on&#8221; gutter_width=&#8221;2&#8243; specialty=&#8221;on&#8221; _builder_version=&#8221;4.24.3&#8243; _module_preset=&#8221;default&#8221; width=&#8221;100%&#8221; max_width=&#8221;100%&#8221; module_alignment=&#8221;center&#8221; inner_width=&#8221;90%&#8221; inner_max_width=&#8221;2222px&#8221; inner_module_alignment=&#8221;center&#8221; custom_margin=&#8221;0px||||false|false&#8221; custom_padding=&#8221;0px||||false|false&#8221; da_disable_devices=&#8221;off|off|off&#8221; global_colors_info=&#8221;{}&#8221; da_is_popup=&#8221;off&#8221; da_exit_intent=&#8221;off&#8221; da_has_close=&#8221;on&#8221; da_alt_close=&#8221;off&#8221; da_dark_close=&#8221;off&#8221; da_not_modal=&#8221;on&#8221; da_is_singular=&#8221;off&#8221; da_with_loader=&#8221;off&#8221; da_has_shadow=&#8221;on&#8221;][et_pb_column type=&#8221;3_4&#8243; specialty_columns=&#8221;3&#8243; _builder_version=&#8221;4.16&#8243; custom_padding=&#8221;|||&#8221; global_colors_info=&#8221;{}&#8221; custom_padding__hover=&#8221;|||&#8221;][et_pb_row_inner custom_padding_last_edited=&#8221;on|phone&#8221; _builder_version=&#8221;4.24.3&#8243; _module_preset=&#8221;default&#8221; module_alignment=&#8221;center&#8221; custom_padding=&#8221;|50px|4px||false|false&#8221; custom_padding_tablet=&#8221;|50px|4px||false|false&#8221; custom_padding_phone=&#8221;|0px|||false|false&#8221; border_color_all=&#8221;gcid-b1ace166-c11d-4c70-a679-55884e9ca298&#8243; border_style_all=&#8221;dotted&#8221; border_width_right=&#8221;3px&#8221; border_color_right=&#8221;gcid-b1ace166-c11d-4c70-a679-55884e9ca298&#8243; border_width_right_tablet=&#8221;3px&#8221; border_width_right_phone=&#8221;0px&#8221; border_width_right_last_edited=&#8221;on|desktop&#8221; collapsed=&#8221;off&#8221; global_colors_info=&#8221;{%22gcid-b1ace166-c11d-4c70-a679-55884e9ca298%22:%91%22border_color_all%22,%22border_color_right%22%93}&#8221;][et_pb_column_inner saved_specialty_column_type=&#8221;3_4&#8243; _builder_version=&#8221;4.24.3&#8243; _module_preset=&#8221;default&#8221; global_colors_info=&#8221;{}&#8221;][et_pb_text admin_label=&#8221;T\u00cdTULO NOTICIA&#8221; _builder_version=&#8221;4.27.4&#8243; _module_preset=&#8221;default&#8221; header_font=&#8221;Titulo Itaka-Escolapios|700|||||||&#8221; header_text_align=&#8221;center&#8221; header_text_color=&#8221;gcid-cca90ba6-297c-4d63-9e2c-8201011ef870&#8243; header_font_size=&#8221;50px&#8221; custom_margin=&#8221;||20px||false|false&#8221; custom_margin_tablet=&#8221;||20px||false|false&#8221; custom_margin_phone=&#8221;||20px||false|false&#8221; custom_margin_last_edited=&#8221;on|desktop&#8221; header_font_size_tablet=&#8221;55px&#8221; header_font_size_phone=&#8221;35px&#8221; header_font_size_last_edited=&#8221;on|phone&#8221; content_en_us=&#8221;<\/p>\n<h1><strong>Presentation of the 2025-2026 Solidarity Campaign<\/strong><\/h1>\n<p>&#8221; content_fr_fr=&#8221;<\/p>\n<h1><strong>Pr\u00e9sentation de la campagne de solidarit\u00e9 2025-2026<\/strong><\/h1>\n<p>&#8221; content_eu=&#8221;<\/p>\n<h1><strong>2025-2026 Elkartasun Kanpainaren aurkezpena<\/strong><\/h1>\n<\/p>\n<p>&#8221; content_ca=&#8221;<\/p>\n<h1><strong>Presentaci\u00f3 de la Campanya de Solidaritat 2025-2026<\/strong><\/h1>\n<\/p>\n<p>&#8221; content_pt_br=&#8221;<\/p>\n<h1><strong>Apresenta\u00e7\u00e3o da Campanha de Solidariedade 2025-2026<\/strong><\/h1>\n<p>&#8221; global_colors_info=&#8221;{%22gcid-cca90ba6-297c-4d63-9e2c-8201011ef870%22:%91%22header_text_color%22%93}&#8221;]<\/p>\n<h1><strong>Presentaci\u00f3n de la Campa\u00f1a de Solidaridad 2025-2026<\/strong><\/h1>\n<p>[\/et_pb_text][et_pb_text admin_label=&#8221;Fecha noticia no tocar&#8221; _builder_version=&#8221;4.27.4&#8243; _dynamic_attributes=&#8221;content&#8221; _module_preset=&#8221;default&#8221; text_font=&#8221;Titulo Itaka-Escolapios|700|||||||&#8221; text_text_color=&#8221;gcid-cca90ba6-297c-4d63-9e2c-8201011ef870&#8243; text_font_size=&#8221;16px&#8221; text_orientation=&#8221;right&#8221; global_colors_info=&#8221;{%22gcid-cca90ba6-297c-4d63-9e2c-8201011ef870%22:%91%22text_text_color%22%93}&#8221;]@ET-DC@eyJkeW5hbWljIjp0cnVlLCJjb250ZW50IjoicG9zdF9kYXRlIiwic2V0dGluZ3MiOnsiYmVmb3JlIjoiIiwiYWZ0ZXIiOiIiLCJkYXRlX2Zvcm1hdCI6ImRlZmF1bHQiLCJjdXN0b21fZGF0ZV9mb3JtYXQiOiIifX0=@[\/et_pb_text][\/et_pb_column_inner][\/et_pb_row_inner][et_pb_row_inner _builder_version=&#8221;4.27.4&#8243; _module_preset=&#8221;default&#8221; border_width_right=&#8221;3px&#8221; border_color_right=&#8221;gcid-b1ace166-c11d-4c70-a679-55884e9ca298&#8243; border_style_right=&#8221;dotted&#8221; collapsed=&#8221;off&#8221; global_colors_info=&#8221;{%22gcid-b1ace166-c11d-4c70-a679-55884e9ca298%22:%91%22border_color_right%22%93}&#8221;][et_pb_column_inner saved_specialty_column_type=&#8221;3_4&#8243; _builder_version=&#8221;4.27.4&#8243; _module_preset=&#8221;default&#8221; global_colors_info=&#8221;{}&#8221;][et_pb_text admin_label=&#8221;CUERPO NOTICIA&#8221; _builder_version=&#8221;4.27.4&#8243; _module_preset=&#8221;default&#8221; text_font=&#8221;&#8211;et_global_body_font||||||||&#8221; text_font_size=&#8221;16px&#8221; width=&#8221;100%&#8221; module_alignment=&#8221;center&#8221; custom_padding=&#8221;|60px|||false|false&#8221; text_font_size_tablet=&#8221;16px&#8221; text_font_size_phone=&#8221;16px&#8221; text_font_size_last_edited=&#8221;on|desktop&#8221; content_en_us=&#8221;<\/p>\n<p>It was with great joy that the virtual meeting was held to present the new Solidarity Campaign, \u201c25 years spreading roots,\u201d promoted by Itaka-Escolapios.<\/p>\n<p>This space allowed us to share the profound meaning of the campaign: to celebrate 25 years of commitment to education as a tool for social transformation, strengthening an international network that is committed to solidarity, inclusion, and the creation of opportunities for those who need them most.<\/p>\n<p>\u201cSpreading roots\u201d means consolidating what has been sown during these years and continuing to grow with hope, generating educational processes that transform lives and communities. The campaign invites our works and presences to actively join in, linking training, awareness, and solidarity action.<\/p>\n<p>Thank you all for continuing to extend roots that bear fruit in favor of a more just and fraternal society.<\/p>\n<p>We continue to walk together, sowing today the future we dream of.<\/p>\n<p>&#8221; content_fr_fr=&#8221;<\/p>\n<p>C&#8217;est avec beaucoup de joie que s&#8217;est d\u00e9roul\u00e9e la rencontre virtuelle au cours de laquelle a \u00e9t\u00e9 pr\u00e9sent\u00e9e la nouvelle campagne de solidarit\u00e9 \u00ab 25 ans \u00e0 \u00e9tendre nos racines \u00bb, lanc\u00e9e par Itaka-Escolapios.<\/p>\n<p>Cet espace nous a permis de partager le sens profond de la campagne : c\u00e9l\u00e9brer 25 ans d&#8217;engagement en faveur de l&#8217;\u00e9ducation comme outil de transformation sociale, en renfor\u00e7ant un r\u00e9seau international qui mise sur la solidarit\u00e9, l&#8217;inclusion et la cr\u00e9ation d&#8217;opportunit\u00e9s pour ceux qui en ont le plus besoin.<\/p>\n<p>\u00ab \u00c9tendre ses racines \u00bb signifie consolider ce qui a \u00e9t\u00e9 sem\u00e9 au cours de ces ann\u00e9es et continuer \u00e0 grandir avec espoir, en g\u00e9n\u00e9rant des processus \u00e9ducatifs qui transforment des vies et des communaut\u00e9s. La campagne invite nos \u0153uvres et nos pr\u00e9sences \u00e0 s&#8217;y associer activement, en associant formation, sensibilisation et action solidaire.<\/p>\n<p>Merci \u00e0 tous et \u00e0 toutes de continuer \u00e0 \u00e9tendre les racines qui portent leurs fruits en faveur d&#8217;une soci\u00e9t\u00e9 plus juste et plus fraternelle.<\/p>\n<p>Nous continuons \u00e0 marcher ensemble, en semant aujourd&#8217;hui l&#8217;avenir dont nous r\u00eavons.<\/p>\n<p>&#8221; content_eu=&#8221;<\/p>\n<p>Poz handiz egin zen Itaka-Escolapiosek bultzatutako %2225 urte sustraiak zabaltzen%22 Elkartasun Kanpaina berria aurkezteko topaketa birtuala.<\/p>\n<p>Gune horrek kanpainaren zentzu sakona partekatzeko aukera eman zigun: 25 urteko konpromisoa ospatzea hezkuntzarekin, gizartea eraldatzeko tresna gisa, elkartasunaren, inklusioaren eta gehien behar dutenentzako aukeren eraikuntzaren aldeko apustua egiten duen nazioarteko sarea indartuz.<\/p>\n<p>%22Sustraiak zabaltzeak%22 esan nahi du urte hauetan ereindakoa finkatzea eta itxaropenez hazten jarraitzea, bizitzak eta komunitateak eraldatzen dituzten hezkuntza-prozesuak sortuz. Kanpainak aktiboki bat egitera gonbidatzen ditu gure obrak eta presentziak, prestakuntza, sentsibilizazioa eta ekintza solidarioa lotuz.<\/p>\n<p>Eskerrik asko guztioi gizarte justuago eta anaiago baten alde fruitua ematen duten sustraiak zabaltzen jarraitzeagatik.<\/p>\n<p>Elkarrekin ibiltzen jarraitzen dugu, amesten dugun etorkizuna ereiten.<\/p>\n<p>&#8221; content_ca=&#8221;<\/p>\n<p>Amb molta alegria es va dur a terme la trobada virtual on es va presentar la nova Campanya de Solidaritat \u201c25 anys estenent arrels\u201d, impulsada per Itaka-Escolapis.<\/p>\n<p>Aquest espai ens va permetre compartir el sentit profund de la campanya: celebrar 25 anys de comprom\u00eds amb l&#8217;educaci\u00f3 com a eina de transformaci\u00f3 social, enfortint una xarxa internacional que aposta per la solidaritat, la inclusi\u00f3 i la construcci\u00f3 d&#8217;oportunitats per als qui m\u00e9s ho necessiten.<\/p>\n<p>\u201cEstendre arrels\u201d significa afermar el sembrat durant aquests anys i continuar creixent amb esperan\u00e7a, generant processos educatius que transformen vides i comunitats. La campanya convida a les nostres obres i pres\u00e8ncies a sumar-se activament, vinculant formaci\u00f3, sensibilitzaci\u00f3 i acci\u00f3 solid\u00e0ria.<\/p>\n<p>Gr\u00e0cies a tots i totes per continuar estenent arrels que donen fruit en favor d&#8217;una societat m\u00e9s justa i fraterna.<\/p>\n<p>Continuem caminant junts, sembrant avui el futur que somiem.<\/p>\n<p>&#8221; content_pt_br=&#8221;<\/p>\n<p>Com muita alegria, foi realizado o encontro virtual onde foi apresentada a nova Campanha de Solidariedade \u201c25 anos estendendo ra\u00edzes\u201d, promovida pela Itaka-Escolapios.<\/p>\n<p>Este espa\u00e7o nos permitiu compartilhar o profundo significado da campanha: celebrar 25 anos de compromisso com a educa\u00e7\u00e3o como ferramenta de transforma\u00e7\u00e3o social, fortalecendo uma rede internacional que aposta na solidariedade, na inclus\u00e3o e na constru\u00e7\u00e3o de oportunidades para aqueles que mais precisam.<\/p>\n<p>\u201cEstender ra\u00edzes\u201d significa consolidar o que foi semeado durante esses anos e continuar crescendo com esperan\u00e7a, gerando processos educacionais que transformam vidas e comunidades. A campanha convida nossas obras e presen\u00e7as a se unirem ativamente, vinculando forma\u00e7\u00e3o, sensibiliza\u00e7\u00e3o e a\u00e7\u00e3o solid\u00e1ria.<\/p>\n<p>Obrigado a todos por continuarem estendendo ra\u00edzes que d\u00e3o frutos em favor de uma sociedade mais justa e fraterna.<\/p>\n<p>Continuamos caminhando juntos, semeando hoje o futuro que sonhamos.<\/p>\n<p>&#8221; global_colors_info=&#8221;{}&#8221;]<\/p>\n<p>Con mucha alegr\u00eda se llev\u00f3 a cabo el encuentro virtual donde se present\u00f3 la nueva Campa\u00f1a de Solidaridad \u201c25 a\u00f1os extendiendo ra\u00edces\u201d, impulsada por Itaka-Escolapios.<\/p>\n<p>Este espacio nos permiti\u00f3 compartir el sentido profundo de la campa\u00f1a: celebrar 25 a\u00f1os de compromiso con la educaci\u00f3n como herramienta de transformaci\u00f3n social, fortaleciendo una red internacional que apuesta por la solidaridad, la inclusi\u00f3n y la construcci\u00f3n de oportunidades para quienes m\u00e1s lo necesitan.<\/p>\n<p>\u201cExtender ra\u00edces\u201d significa afianzar lo sembrado durante estos a\u00f1os y seguir creciendo con esperanza, generando procesos educativos que transforman vidas y comunidades. La campa\u00f1a invita a nuestras obras y presencias a sumarse activamente, vinculando formaci\u00f3n, sensibilizaci\u00f3n y acci\u00f3n solidaria.<\/p>\n<p>Gracias a todos y todas por seguir extendiendo ra\u00edces que dan fruto en favor de una sociedad m\u00e1s justa y fraterna.<\/p>\n<p>Seguimos caminando juntos, sembrando hoy el futuro que so\u00f1amos.<\/p>\n<p>[\/et_pb_text][\/et_pb_column_inner][\/et_pb_row_inner][et_pb_row_inner admin_label=&#8221;Im\u00e1genes sede&#8221; _builder_version=&#8221;4.27.4&#8243; _module_preset=&#8221;default&#8221; custom_padding=&#8221;20px||||false|false&#8221; border_width_right=&#8221;3px&#8221; border_color_right=&#8221;gcid-b1ace166-c11d-4c70-a679-55884e9ca298&#8243; border_style_right=&#8221;dotted&#8221; border_width_right_tablet=&#8221;3px&#8221; border_width_right_phone=&#8221;0px&#8221; border_width_right_last_edited=&#8221;on|desktop&#8221; collapsed=&#8221;off&#8221; global_colors_info=&#8221;{%22gcid-b1ace166-c11d-4c70-a679-55884e9ca298%22:%91%22border_color_right%22%93}&#8221;][et_pb_column_inner saved_specialty_column_type=&#8221;3_4&#8243; _builder_version=&#8221;4.27.4&#8243; _module_preset=&#8221;default&#8221; global_colors_info=&#8221;{}&#8221;][difl_imagecarousel item_desktop=&#8221;2&#8243; item_tablet=&#8221;1&#8243; loop=&#8221;on&#8221; dots=&#8221;on&#8221; use_lightbox=&#8221;on&#8221; arrow_color=&#8221;gcid-b1ace166-c11d-4c70-a679-55884e9ca298&#8243; dots_color=&#8221;gcid-cca90ba6-297c-4d63-9e2c-8201011ef870&#8243; active_dots_color=&#8221;gcid-b1ace166-c11d-4c70-a679-55884e9ca298&#8243; _builder_version=&#8221;4.27.4&#8243; _module_preset=&#8221;default&#8221; overflow-x=&#8221;hidden&#8221; overflow-y=&#8221;hidden&#8221; custom_margin=&#8221;|60px|||false|false&#8221; custom_margin_tablet=&#8221;|60px|||false|false&#8221; custom_margin_phone=&#8221;|60px|||false|false&#8221; custom_margin_last_edited=&#8221;on|desktop&#8221; custom_css_free_form=&#8221;selector .df_ici_container {margin: 0 auto;}&#8221; global_colors_info=&#8221;{%22gcid-b1ace166-c11d-4c70-a679-55884e9ca298%22:%91%22arrow_color%22,%22active_dots_color%22%93,%22gcid-cca90ba6-297c-4d63-9e2c-8201011ef870%22:%91%22dots_color%22%93}&#8221;][difl_imagecarouselitem image=&#8221;https:\/\/www.itakaescolapios.org\/wp-content\/uploads\/2026\/02\/WhatsApp-Image-2026-02-26-at-12.04.37-1.jpeg&#8221; ic_button_button_url_new_window=&#8221;1&#8243; _builder_version=&#8221;4.27.4&#8243; _module_preset=&#8221;default&#8221; global_colors_info=&#8221;{}&#8221;][\/difl_imagecarouselitem][\/difl_imagecarousel][\/et_pb_column_inner][\/et_pb_row_inner][et_pb_row_inner _builder_version=&#8221;4.24.3&#8243; _module_preset=&#8221;default&#8221; custom_padding=&#8221;20px||||false|false&#8221; border_width_right=&#8221;3px&#8221; border_color_right=&#8221;gcid-b1ace166-c11d-4c70-a679-55884e9ca298&#8243; border_style_right=&#8221;dotted&#8221; border_width_right_tablet=&#8221;3px&#8221; border_width_right_phone=&#8221;0px&#8221; border_width_right_last_edited=&#8221;on|desktop&#8221; collapsed=&#8221;on&#8221; global_colors_info=&#8221;{%22gcid-b1ace166-c11d-4c70-a679-55884e9ca298%22:%91%22border_color_right%22%93}&#8221;][et_pb_column_inner saved_specialty_column_type=&#8221;3_4&#8243; _builder_version=&#8221;4.24.3&#8243; _module_preset=&#8221;default&#8221; global_colors_info=&#8221;{}&#8221;][et_pb_text admin_label=&#8221;L\u00ednea divisoria&#8221; _builder_version=&#8221;4.27.4&#8243; _module_preset=&#8221;default&#8221; header_font=&#8221;IBM Plex Sans|700|||||||&#8221; header_text_color=&#8221;gcid-cca90ba6-297c-4d63-9e2c-8201011ef870&#8243; header_font_size=&#8221;40px&#8221; custom_margin=&#8221;|30px|||false|false&#8221; header_font_size_tablet=&#8221;55px&#8221; header_font_size_phone=&#8221;30px&#8221; header_font_size_last_edited=&#8221;on|phone&#8221; border_width_bottom=&#8221;3px&#8221; border_color_bottom=&#8221;gcid-b1ace166-c11d-4c70-a679-55884e9ca298&#8243; border_style_bottom=&#8221;dotted&#8221; global_colors_info=&#8221;{%22gcid-cca90ba6-297c-4d63-9e2c-8201011ef870%22:%91%22header_text_color%22%93,%22gcid-b1ace166-c11d-4c70-a679-55884e9ca298%22:%91%22border_color_bottom%22%93}&#8221;][\/et_pb_text][difl_imagecarousel item_desktop=&#8221;3&#8243; admin_label=&#8221;Campa\u00f1a, educa y voluntariado&#8221; _builder_version=&#8221;4.27.4&#8243; _module_preset=&#8221;default&#8221; width_tablet=&#8221;&#8221; width_phone=&#8221;100%&#8221; width_last_edited=&#8221;on|desktop&#8221; custom_margin=&#8221;|62px|||false|false&#8221; custom_margin_tablet=&#8221;|62px|||false|false&#8221; custom_margin_phone=&#8221;|62px|||false|false&#8221; custom_margin_last_edited=&#8221;on|desktop&#8221; global_module=&#8221;316782&#8243; global_colors_info=&#8221;{}&#8221; custom_margin__hover_enabled=&#8221;off|desktop&#8221; custom_margin__hover=&#8221;|30px|||false|false&#8221;][difl_imagecarouselitem image=&#8221;https:\/\/www.itakaescolapios.org\/wp-content\/uploads\/2025\/02\/campana-2526.jpg&#8221; ic_button_button_url_new_window=&#8221;1&#8243; _builder_version=&#8221;4.27.4&#8243; _module_preset=&#8221;default&#8221; link_option_url=&#8221;https:\/\/www.educa.itakaescolapios.org\/campanas\/2025-2026-25-anos-extendiendo-raices&#8221; image_en_us=&#8221;https:\/\/www.itakaescolapios.org\/wp-content\/uploads\/2025\/02\/BANNERS-CAMPANA-INFERIOR-5005002.jpg&#8221; image_fr_fr=&#8221;https:\/\/www.itakaescolapios.org\/wp-content\/uploads\/2025\/02\/BANNERS-CAMPANA-INFERIOR-5005003.jpg&#8221; image_eu=&#8221;https:\/\/www.itakaescolapios.org\/wp-content\/uploads\/2025\/02\/BANNERS-CAMPANA-INFERIOR-5005006.jpg&#8221; image_ca=&#8221;https:\/\/www.itakaescolapios.org\/wp-content\/uploads\/2025\/02\/BANNERS-CAMPANA-INFERIOR-5005005.jpg&#8221; image_pt_br=&#8221;https:\/\/www.itakaescolapios.org\/wp-content\/uploads\/2025\/02\/BANNERS-CAMPANA-INFERIOR-5005004.jpg&#8221; global_colors_info=&#8221;{}&#8221;][\/difl_imagecarouselitem][difl_imagecarouselitem admin_label=&#8221;Voluntariado&#8221; image=&#8221;https:\/\/www.itakaescolapios.org\/wp-content\/uploads\/2025\/02\/BANNERS-VOLUNTARIADO-INFERIOR-500500.jpg&#8221; ic_button_button_url_new_window=&#8221;1&#8243; _builder_version=&#8221;4.27.4&#8243; _module_preset=&#8221;default&#8221; link_option_url=&#8221;https:\/\/www.itakaescolapios.org\/es\/haz-voluntariado\/&#8221; image_en_us=&#8221;https:\/\/www.itakaescolapios.org\/wp-content\/uploads\/2025\/02\/BANNERS-VOLUNTARIADO-INFERIOR-5005002.jpg&#8221; image_fr_fr=&#8221;https:\/\/www.itakaescolapios.org\/wp-content\/uploads\/2025\/02\/BANNERS-VOLUNTARIADO-INFERIOR-5005003.jpg&#8221; image_eu=&#8221;https:\/\/www.itakaescolapios.org\/wp-content\/uploads\/2025\/02\/BANNERS-VOLUNTARIADO-INFERIOR-5005006.jpg&#8221; image_ca=&#8221;https:\/\/www.itakaescolapios.org\/wp-content\/uploads\/2025\/02\/BANNERS-VOLUNTARIADO-INFERIOR-5005004.jpg&#8221; image_pt_br=&#8221;https:\/\/www.itakaescolapios.org\/wp-content\/uploads\/2025\/02\/BANNERS-VOLUNTARIADO-INFERIOR-5005005.jpg&#8221; global_colors_info=&#8221;{}&#8221;][\/difl_imagecarouselitem][difl_imagecarouselitem image=&#8221;https:\/\/www.itakaescolapios.org\/wp-content\/uploads\/2025\/02\/BANNERS-EDUCA-INFERIOR-500500.jpg&#8221; ic_button_button_url_new_window=&#8221;1&#8243; _builder_version=&#8221;4.27.4&#8243; _module_preset=&#8221;default&#8221; link_option_url=&#8221;https:\/\/www.educa.itakaescolapios.org\/&#8221; image_en_us=&#8221;https:\/\/www.itakaescolapios.org\/wp-content\/uploads\/2025\/02\/BANNERS-EDUCA-INFERIOR-5005002.jpg&#8221; image_fr_fr=&#8221;https:\/\/www.itakaescolapios.org\/wp-content\/uploads\/2025\/02\/BANNERS-EDUCA-INFERIOR-5005003.jpg&#8221; image_eu=&#8221;https:\/\/www.itakaescolapios.org\/wp-content\/uploads\/2025\/02\/BANNERS-EDUCA-INFERIOR-5005006.jpg&#8221; image_ca=&#8221;https:\/\/www.itakaescolapios.org\/wp-content\/uploads\/2025\/02\/BANNERS-EDUCA-INFERIOR-5005005.jpg&#8221; image_pt_br=&#8221;https:\/\/www.itakaescolapios.org\/wp-content\/uploads\/2025\/02\/BANNERS-EDUCA-INFERIOR-5005004.jpg&#8221; global_colors_info=&#8221;{}&#8221;][\/difl_imagecarouselitem][\/difl_imagecarousel][\/et_pb_column_inner][\/et_pb_row_inner][\/et_pb_column][et_pb_column type=&#8221;1_4&#8243; _builder_version=&#8221;4.16&#8243; custom_padding=&#8221;|||&#8221; global_colors_info=&#8221;{}&#8221; custom_padding__hover=&#8221;|||&#8221;][difl_imagecarousel item_desktop=&#8221;1&#8243; item_tablet=&#8221;1&#8243; loop=&#8221;on&#8221; autoplay=&#8221;on&#8221; autospeed=&#8221;3500&#8243; dots=&#8221;on&#8221; dots_color=&#8221;gcid-cca90ba6-297c-4d63-9e2c-8201011ef870&#8243; active_dots_color=&#8221;gcid-b1ace166-c11d-4c70-a679-55884e9ca298&#8243; dots_gap=&#8221;21px&#8221; item_wrapper_padding=&#8221;||15px||false|false&#8221; admin_label=&#8221;Ser miembro y newsletter&#8221; module_class=&#8221;extiendeenlacedeboton&#8221; _builder_version=&#8221;4.27.4&#8243; _module_preset=&#8221;default&#8221; global_module=&#8221;51656&#8243; saved_tabs=&#8221;all&#8221; locked=&#8221;off&#8221; global_colors_info=&#8221;{%22gcid-cca90ba6-297c-4d63-9e2c-8201011ef870%22:%91%22dots_color%22%93,%22gcid-b1ace166-c11d-4c70-a679-55884e9ca298%22:%91%22active_dots_color%22%93}&#8221;][difl_imagecarouselitem image=&#8221;https:\/\/www.itakaescolapios.org\/wp-content\/uploads\/2025\/02\/banners-500&#215;500-esp.jpg&#8221; ic_button_button_text=&#8221;bot&#8221; ic_button_button_url=&#8221;\/es\/colabora&#8221; ic_button_button_url_new_window=&#8221;1&#8243; _builder_version=&#8221;4.27.4&#8243; _module_preset=&#8221;default&#8221; image_en_us=&#8221;https:\/\/www.itakaescolapios.org\/wp-content\/uploads\/2025\/02\/banners-500&#215;500-eng.jpg&#8221; ic_button_button_text_en_us=&#8221;bot&#8221; image_fr_fr=&#8221;https:\/\/www.itakaescolapios.org\/wp-content\/uploads\/2025\/02\/banners-500&#215;500-fra.jpg&#8221; ic_button_button_text_fr_fr=&#8221;bot&#8221; image_eu=&#8221;https:\/\/www.itakaescolapios.org\/wp-content\/uploads\/2025\/02\/banners-500&#215;500-eusk.jpg&#8221; ic_button_button_text_eu=&#8221;bot&#8221; image_ca=&#8221;https:\/\/www.itakaescolapios.org\/wp-content\/uploads\/2025\/02\/banners-500&#215;500-val.jpg&#8221; ic_button_button_text_ca=&#8221;bot&#8221; image_pt_br=&#8221;https:\/\/www.itakaescolapios.org\/wp-content\/uploads\/2025\/02\/banners-500&#215;500-port.jpg&#8221; ic_button_button_text_pt_br=&#8221;bot&#8221; global_colors_info=&#8221;{}&#8221;][\/difl_imagecarouselitem][difl_imagecarouselitem image=&#8221;https:\/\/www.itakaescolapios.org\/wp-content\/uploads\/2025\/02\/banners-500&#215;500-esp2.png&#8221; ic_button_button_text=&#8221;bot&#8221; ic_button_button_url=&#8221;\/es\/suscribete\/&#8221; ic_button_button_url_new_window=&#8221;1&#8243; _builder_version=&#8221;4.27.4&#8243; _module_preset=&#8221;default&#8221; image_en_us=&#8221;https:\/\/www.itakaescolapios.org\/wp-content\/uploads\/2025\/02\/banners-500&#215;500-eng2.jpg&#8221; ic_button_button_text_en_us=&#8221;bot&#8221; image_fr_fr=&#8221;https:\/\/www.itakaescolapios.org\/wp-content\/uploads\/2025\/02\/banners-500&#215;500-fra2.jpg&#8221; ic_button_button_text_fr_fr=&#8221;bot&#8221; image_eu=&#8221;https:\/\/www.itakaescolapios.org\/wp-content\/uploads\/2025\/02\/banners-500&#215;500-eusk2.jpg&#8221; ic_button_button_text_eu=&#8221;bot&#8221; image_ca=&#8221;https:\/\/www.itakaescolapios.org\/wp-content\/uploads\/2025\/02\/banners-500&#215;500-val2.jpg&#8221; ic_button_button_text_ca=&#8221;bot&#8221; image_pt_br=&#8221;https:\/\/www.itakaescolapios.org\/wp-content\/uploads\/2025\/02\/banners-500&#215;500-port2.jpg&#8221; ic_button_button_text_pt_br=&#8221;bot&#8221; global_colors_info=&#8221;{}&#8221;][\/difl_imagecarouselitem][\/difl_imagecarousel][et_pb_text admin_label=&#8221;Texto %22\u00daltimas noticias%22&#8243; _builder_version=&#8221;4.25.0&#8243; _module_preset=&#8221;default&#8221; header_font=&#8221;IBM Plex Sans|700|||||||&#8221; header_text_color=&#8221;gcid-cca90ba6-297c-4d63-9e2c-8201011ef870&#8243; header_font_size=&#8221;40px&#8221; custom_margin=&#8221;||||false|false&#8221; header_font_size_tablet=&#8221;55px&#8221; header_font_size_phone=&#8221;30px&#8221; header_font_size_last_edited=&#8221;on|phone&#8221; content_en_us=&#8221;<\/p>\n<h1>Last news<\/h1>\n<p>&#8221; content_fr_fr=&#8221;<\/p>\n<h1>Derni\u00e8res nouvelles<\/h1>\n<p>&#8221; content_eu=&#8221;<\/p>\n<h1>Azken berriak<\/h1>\n<p>&#8221; content_ca=&#8221;<\/p>\n<h1>\u00daltimes not\u00edcies<\/h1>\n<p>&#8221; content_pt_br=&#8221;<\/p>\n<h1>\u00daltimas not\u00edcias<\/h1>\n<p>&#8221; border_width_bottom=&#8221;3px&#8221; border_color_bottom=&#8221;gcid-b1ace166-c11d-4c70-a679-55884e9ca298&#8243; border_style_bottom=&#8221;dotted&#8221; global_module=&#8221;50904&#8243; saved_tabs=&#8221;all&#8221; global_colors_info=&#8221;{%22gcid-cca90ba6-297c-4d63-9e2c-8201011ef870%22:%91%22header_text_color%22,%22header_text_color%22%93,%22gcid-b1ace166-c11d-4c70-a679-55884e9ca298%22:%91%22border_color_bottom%22%93}&#8221;]<\/p>\n<h1>\u00daltimas noticias<\/h1>\n<p>[\/et_pb_text][difl_blogcarousel posts_number=&#8221;6&#8243; post_display=&#8221;by_category&#8221; include_categories=&#8221;30&#8243; use_image_as_background=&#8221;on&#8221; item_desktop=&#8221;1&#8243; item_tablet=&#8221;1&#8243; loop=&#8221;on&#8221; dots=&#8221;on&#8221; equal_height=&#8221;on&#8221; item_background_bgcolor=&#8221;rgba(175,196,16,0.9)&#8221; arrow_color=&#8221;#FFFFFF&#8221; arrow_background=&#8221;gcid-cca90ba6-297c-4d63-9e2c-8201011ef870&#8243; arrow_circle=&#8221;on&#8221; arrow_prev_icon_use_icon=&#8221;off&#8221; arrow_prev_margin=&#8221;|||-70px|false|false&#8221; arrow_prev_margin_tablet=&#8221;&#8221; arrow_prev_margin_phone=&#8221;|||0px|false|false&#8221; arrow_prev_margin_last_edited=&#8221;on|phone&#8221; arrow_next_margin=&#8221;|-70px|||false|false&#8221; arrow_next_margin_tablet=&#8221;&#8221; arrow_next_margin_phone=&#8221;|0px|||false|false&#8221; arrow_next_margin_last_edited=&#8221;on|phone&#8221; large_active_dot=&#8221;on&#8221; dots_color=&#8221;gcid-cca90ba6-297c-4d63-9e2c-8201011ef870&#8243; active_dots_color=&#8221;gcid-b1ace166-c11d-4c70-a679-55884e9ca298&#8243; wrapper_padding=&#8221;||15px||false|false&#8221; item_wrapper_padding=&#8221;300px||||false|false&#8221; item_padding=&#8221;20px||||false|false&#8221; admin_label=&#8221;AQU\u00cd CAMBIA LA CATEGOR\u00cdA&#8221; _builder_version=&#8221;4.27.4&#8243; _module_preset=&#8221;default&#8221; border_radii_item_outer=&#8221;on|8px|8px|8px|8px&#8221; global_colors_info=&#8221;{%22gcid-b1ace166-c11d-4c70-a679-55884e9ca298%22:%91%22item_background_bgcolor%22,%22active_dots_color%22%93}&#8221;][difl_postitem type=&#8221;title&#8221; element_padding=&#8221;10px|10px||10px|false|true&#8221; _builder_version=&#8221;4.27.4&#8243; _module_preset=&#8221;default&#8221; post_font_style_font=&#8221;Merriweather|900|||||||&#8221; post_font_style_text_color=&#8221;#FFFFFF&#8221; post_font_style_font_size=&#8221;20px&#8221; post_font_style_line_height=&#8221;22px&#8221; background_color=&#8221;RGBA(255,255,255,0)&#8221; background_enable_color=&#8221;on&#8221; text_orientation=&#8221;center&#8221; global_colors_info=&#8221;{}&#8221;][\/difl_postitem][difl_postitem type=&#8221;date&#8221; date_format=&#8221;j-F-Y&#8221; meta_display=&#8221;block&#8221; use_icon=&#8221;on&#8221; font_icon=&#8221;&#xe023;||divi||400&#8243; icon_color=&#8221;#FFFFFF&#8221; element_padding=&#8221;|10px||10px|false|true&#8221; _builder_version=&#8221;4.27.4&#8243; _module_preset=&#8221;default&#8221; post_font_style_font=&#8221;IBM Plex Sans|700|||||||&#8221; post_font_style_text_color=&#8221;#FFFFFF&#8221; post_font_style_font_size=&#8221;12px&#8221; background_color=&#8221;RGBA(255,255,255,0)&#8221; background_enable_color=&#8221;on&#8221; text_orientation=&#8221;right&#8221; global_colors_info=&#8221;{}&#8221;][\/difl_postitem][\/difl_blogcarousel][et_pb_text admin_label=&#8221;Texto %22S\u00edguenos%22&#8243; _builder_version=&#8221;4.27.4&#8243; _module_preset=&#8221;default&#8221; header_font=&#8221;IBM Plex Sans|600|||||||&#8221; header_text_color=&#8221;#FFFFFF&#8221; background_color=&#8221;gcid-cca90ba6-297c-4d63-9e2c-8201011ef870&#8243; custom_margin=&#8221;0px||0px||true|false&#8221; custom_padding=&#8221;20px||||false|false&#8221; content_en_us=&#8221;<\/p>\n<h1 style=%22text-align: center;%22>Follow us<\/h1>\n<p>&#8221; content_fr_fr=&#8221;<\/p>\n<h1 style=%22text-align: center;%22>Suivez-nous sur<\/h1>\n<p>&#8221; content_eu=&#8221;<\/p>\n<h1 style=%22text-align: center;%22>Jarraitu<\/h1>\n<p>&#8221; content_ca=&#8221;<\/p>\n<h1 style=%22text-align: center;%22>Segueix-nos<\/h1>\n<p>&#8221; content_pt_br=&#8221;<\/p>\n<h1 style=%22text-align: center;%22>Siga-nos em<\/h1>\n<p>&#8221; border_radii=&#8221;off||15px||&#8221; global_colors_info=&#8221;{%22gcid-cca90ba6-297c-4d63-9e2c-8201011ef870%22:%91%22background_color%22%93}&#8221;]<\/p>\n<h1 style=\"text-align: center;\">S\u00edguenos<\/h1>\n<p>[\/et_pb_text][et_pb_social_media_follow admin_label=&#8221;REDES SOCIALES SEDE&#8221; module_class=&#8221;redes-portada-sede&#8221; _builder_version=&#8221;4.25.1&#8243; _module_preset=&#8221;default&#8221; background_color=&#8221;gcid-cca90ba6-297c-4d63-9e2c-8201011ef870&#8243; text_orientation=&#8221;center&#8221; custom_margin=&#8221;0px||||false|false&#8221; custom_padding=&#8221;15px||15px||true|false&#8221; custom_css_free_form=&#8221;.redes-portada-sede.et_pb_module {border-bottom-left-radius: 15px !important;}&#8221; border_radii=&#8221;off|15px|15px|15px|15px&#8221; global_colors_info=&#8221;{%22gcid-cca90ba6-297c-4d63-9e2c-8201011ef870%22:%91%22background_color%22%93}&#8221;][et_pb_social_media_follow_network social_network=&#8221;facebook&#8221; icon_color=&#8221;gcid-cca90ba6-297c-4d63-9e2c-8201011ef870&#8243; _builder_version=&#8221;4.24.3&#8243; _module_preset=&#8221;default&#8221; background_color=&#8221;#FFFFFF&#8221; background_enable_color=&#8221;on&#8221; global_colors_info=&#8221;{%22gcid-cca90ba6-297c-4d63-9e2c-8201011ef870%22:%91%22icon_color%22%93}&#8221; follow_button=&#8221;off&#8221; url_new_window=&#8221;on&#8221;]facebook[\/et_pb_social_media_follow_network][et_pb_social_media_follow_network social_network=&#8221;instagram&#8221; icon_color=&#8221;gcid-cca90ba6-297c-4d63-9e2c-8201011ef870&#8243; _builder_version=&#8221;4.24.3&#8243; _module_preset=&#8221;default&#8221; background_color=&#8221;#FFFFFF&#8221; background_enable_color=&#8221;on&#8221; global_colors_info=&#8221;{%22gcid-cca90ba6-297c-4d63-9e2c-8201011ef870%22:%91%22icon_color%22%93}&#8221; follow_button=&#8221;off&#8221; url_new_window=&#8221;on&#8221;]instagram[\/et_pb_social_media_follow_network][et_pb_social_media_follow_network social_network=&#8221;youtube&#8221; icon_color=&#8221;gcid-cca90ba6-297c-4d63-9e2c-8201011ef870&#8243; _builder_version=&#8221;4.24.3&#8243; _module_preset=&#8221;default&#8221; background_color=&#8221;#FFFFFF&#8221; background_enable_color=&#8221;on&#8221; global_colors_info=&#8221;{%22gcid-cca90ba6-297c-4d63-9e2c-8201011ef870%22:%91%22icon_color%22%93}&#8221; follow_button=&#8221;off&#8221; url_new_window=&#8221;on&#8221;]youtube[\/et_pb_social_media_follow_network][\/et_pb_social_media_follow][difl_imagecarousel item_desktop=&#8221;1&#8243; item_tablet=&#8221;1&#8243; loop=&#8221;on&#8221; autoplay=&#8221;on&#8221; autospeed=&#8221;3500&#8243; dots=&#8221;on&#8221; dots_color=&#8221;gcid-cca90ba6-297c-4d63-9e2c-8201011ef870&#8243; active_dots_color=&#8221;gcid-b1ace166-c11d-4c70-a679-55884e9ca298&#8243; item_wrapper_padding=&#8221;||20px||false|false&#8221; admin_label=&#8221;Formaci\u00f3n, hemeroteca y formaci\u00f3n&#8221; module_class=&#8221;extiendeenlacedeboton&#8221; _builder_version=&#8221;4.27.4&#8243; _module_preset=&#8221;default&#8221; module_alignment=&#8221;center&#8221; custom_margin=&#8221;||||false|false&#8221; global_module=&#8221;51721&#8243; saved_tabs=&#8221;all&#8221; global_colors_info=&#8221;{%22gcid-cca90ba6-297c-4d63-9e2c-8201011ef870%22:%91%22dots_color%22%93,%22gcid-b1ace166-c11d-4c70-a679-55884e9ca298%22:%91%22active_dots_color%22%93}&#8221; custom_margin__hover_enabled=&#8221;on|hover&#8221; custom_margin__hover=&#8221;||||false|false&#8221;][difl_imagecarouselitem admin_label=&#8221;Formaci\u00f3n&#8221; image=&#8221;https:\/\/www.itakaescolapios.org\/wp-content\/uploads\/2025\/02\/banners-500&#215;500-esp5.jpg&#8221; ic_button_button_text=&#8221;bot&#8221; ic_button_button_url=&#8221;\/es\/que-hacemos\/formacion\/&#8221; ic_button_button_url_new_window=&#8221;1&#8243; _builder_version=&#8221;4.27.4&#8243; _module_preset=&#8221;default&#8221; image_en_us=&#8221;https:\/\/www.itakaescolapios.org\/wp-content\/uploads\/2025\/02\/banners-500&#215;500-eng5.jpg&#8221; ic_button_button_text_en_us=&#8221;bot&#8221; image_fr_fr=&#8221;https:\/\/www.itakaescolapios.org\/wp-content\/uploads\/2025\/02\/banners-500&#215;500-fra5.jpg&#8221; ic_button_button_text_fr_fr=&#8221;bot&#8221; image_eu=&#8221;https:\/\/www.itakaescolapios.org\/wp-content\/uploads\/2025\/02\/banners-500&#215;500-eusk5.jpg&#8221; ic_button_button_text_eu=&#8221;bot&#8221; image_ca=&#8221;https:\/\/www.itakaescolapios.org\/wp-content\/uploads\/2025\/02\/banners-500&#215;500-val5.jpg&#8221; ic_button_button_text_ca=&#8221;bot&#8221; image_pt_br=&#8221;https:\/\/www.itakaescolapios.org\/wp-content\/uploads\/2025\/02\/banners-500&#215;500-port5.jpg&#8221; ic_button_button_text_pt_br=&#8221;bot&#8221; global_colors_info=&#8221;{}&#8221;][\/difl_imagecarouselitem][difl_imagecarouselitem admin_label=&#8221;Publicaciones&#8221; image=&#8221;https:\/\/www.itakaescolapios.org\/wp-content\/uploads\/2025\/02\/banners-500&#215;500-esp3-1.jpg&#8221; ic_button_button_text=&#8221;bot&#8221; ic_button_button_url=&#8221;\/es\/publicaciones&#8221; ic_button_button_url_new_window=&#8221;1&#8243; _builder_version=&#8221;4.27.4&#8243; _module_preset=&#8221;default&#8221; image_en_us=&#8221;https:\/\/www.itakaescolapios.org\/wp-content\/uploads\/2025\/02\/banners-500&#215;500-eng3.jpg&#8221; ic_button_button_text_en_us=&#8221;bot&#8221; image_fr_fr=&#8221;https:\/\/www.itakaescolapios.org\/wp-content\/uploads\/2025\/02\/banners-500&#215;500-fra3.jpg&#8221; ic_button_button_text_fr_fr=&#8221;bot&#8221; image_eu=&#8221;https:\/\/www.itakaescolapios.org\/wp-content\/uploads\/2025\/02\/banners-500&#215;500-eusk3.jpg&#8221; ic_button_button_text_eu=&#8221;bot&#8221; image_ca=&#8221;https:\/\/www.itakaescolapios.org\/wp-content\/uploads\/2025\/02\/banners-500&#215;500-val3.jpg&#8221; ic_button_button_text_ca=&#8221;bot&#8221; image_pt_br=&#8221;https:\/\/www.itakaescolapios.org\/wp-content\/uploads\/2025\/02\/banners-500&#215;500-port3.jpg&#8221; ic_button_button_text_pt_br=&#8221;bot&#8221; global_colors_info=&#8221;{}&#8221;][\/difl_imagecarouselitem][difl_imagecarouselitem admin_label=&#8221;Hemeroteca&#8221; image=&#8221;https:\/\/www.itakaescolapios.org\/wp-content\/uploads\/2025\/02\/banners-500&#215;500-esp4.jpg&#8221; ic_button_button_text=&#8221;bot&#8221; ic_button_button_url=&#8221;\/es\/noticias\/&#8221; ic_button_button_url_new_window=&#8221;1&#8243; _builder_version=&#8221;4.27.4&#8243; _module_preset=&#8221;default&#8221; image_en_us=&#8221;https:\/\/www.itakaescolapios.org\/wp-content\/uploads\/2025\/02\/banners-500&#215;500-eng4.jpg&#8221; ic_button_button_text_en_us=&#8221;bot&#8221; image_fr_fr=&#8221;https:\/\/www.itakaescolapios.org\/wp-content\/uploads\/2025\/02\/banners-500&#215;500-fra4.jpg&#8221; ic_button_button_text_fr_fr=&#8221;bot&#8221; image_eu=&#8221;https:\/\/www.itakaescolapios.org\/wp-content\/uploads\/2025\/02\/banners-500&#215;500-eusk4.jpg&#8221; ic_button_button_text_eu=&#8221;bot&#8221; image_ca=&#8221;https:\/\/www.itakaescolapios.org\/wp-content\/uploads\/2025\/02\/banners-500&#215;500-val4.jpg&#8221; ic_button_button_text_ca=&#8221;bot&#8221; image_pt_br=&#8221;https:\/\/www.itakaescolapios.org\/wp-content\/uploads\/2025\/02\/banners-500&#215;500-port4.jpg&#8221; ic_button_button_text_pt_br=&#8221;bot&#8221; global_colors_info=&#8221;{}&#8221;][\/difl_imagecarouselitem][\/difl_imagecarousel][\/et_pb_column][\/et_pb_section]<\/p>\n","protected":false},"excerpt":{"rendered":"<p>Presentaci\u00f3n de la Campa\u00f1a de Solidaridad 2025-2026Con mucha alegr\u00eda se llev\u00f3 a cabo el encuentro virtual donde se present\u00f3 la nueva Campa\u00f1a de Solidaridad \u201c25 a\u00f1os extendiendo ra\u00edces\u201d, impulsada por [&hellip;]<\/p>\n","protected":false},"author":62,"featured_media":330629,"comment_status":"closed","ping_status":"closed","sticky":false,"template":"","format":"standard","meta":{"_et_pb_use_builder":"on","_et_pb_old_content":"","_et_gb_content_width":"","footnotes":""},"categories":[1],"tags":[],"class_list":["post-330627","post","type-post","status-publish","format-standard","has-post-thumbnail","hentry","category-none"],"yoast_head":"<!-- This site is optimized with the Yoast SEO plugin v27.4 - https:\/\/yoast.com\/product\/yoast-seo-wordpress\/ -->\n<title>Presentaci\u00f3n de la Campa\u00f1a de Solidaridad 2025-2026<\/title>\n<meta name=\"description\" content=\"[et_pb_section fb_built=&quot;1&quot; make_equal=&quot;on&quot; use_custom_gutter=&quot;on&quot; gutter_width=&quot;2&quot; specialty=&quot;on&quot; _builder_version=&quot;4.24.3&quot; _module_preset=&quot;default&quot; width=&quot;100%&quot; max_width=&quot;100%&quot; module_alignment=&quot;center&quot; inner_width=&quot;90%&quot; inner_max_width=&quot;2222px&quot; inner_module_alignment=&quot;center&quot; custom_margin=&quot;0px||||false|false&quot; custom_padding=&quot;0px||||false|false&quot; da_disable_devices=&quot;off|off|off&quot; global_colors_info=&quot;{}&quot; da_is_popup=&quot;off&quot; da_exit_intent=&quot;off&quot; da_has_close=&quot;on&quot; da_alt_close=&quot;off&quot; da_dark_close=&quot;off&quot; da_not_modal=&quot;on&quot; da_is_singular=&quot;off&quot; da_with_loader=&quot;off&quot; da_has_shadow=&quot;on&quot;][et_pb_column type=&quot;3_4&quot; specialty_columns=&quot;3&quot; _builder_version=&quot;4.16&quot; custom_padding=&quot;|||&quot; global_colors_info=&quot;{}&quot; custom_padding__hover=&quot;|||&quot;][et_pb_row_inner custom_padding_last_edited=&quot;on|phone&quot; _builder_version=&quot;4.24.3&quot; _module_preset=&quot;default&quot; module_alignment=&quot;center&quot; custom_padding=&quot;|50px|4px||false|false&quot; custom_padding_tablet=&quot;|50px|4px||false|false&quot; custom_padding_phone=&quot;|0px|||false|false&quot; border_color_all=&quot;gcid-b1ace166-c11d-4c70-a679-55884e9ca298&quot; border_style_all=&quot;dotted&quot; border_width_right=&quot;3px&quot; border_color_right=&quot;gcid-b1ace166-c11d-4c70-a679-55884e9ca298&quot; border_width_right_tablet=&quot;3px&quot; border_width_right_phone=&quot;0px&quot; border_width_right_last_edited=&quot;on|desktop&quot; collapsed=&quot;off&quot; global_colors_info=&quot;{%22gcid-b1ace166-c11d-4c70-a679-55884e9ca298%22:%91%22border_color_all%22,%22border_color_right%22%93}&quot;][et_pb_column_inner saved_specialty_column_type=&quot;3_4&quot; _builder_version=&quot;4.24.3&quot; _module_preset=&quot;default&quot; global_colors_info=&quot;{}&quot;][et_pb_text admin_label=&quot;T\u00cdTULO NOTICIA&quot;&hellip;\" \/>\n<meta name=\"robots\" content=\"index, follow, max-snippet:-1, max-image-preview:large, max-video-preview:-1\" \/>\n<link rel=\"canonical\" href=\"\" \/>\n<meta property=\"og:locale\" content=\"pt_BR\" \/>\n<meta property=\"og:type\" content=\"article\" \/>\n<meta property=\"og:title\" content=\"Presentaci\u00f3n de la Campa\u00f1a de Solidaridad 2025-2026\" \/>\n<meta property=\"og:description\" content=\"[et_pb_section fb_built=&quot;1&quot; make_equal=&quot;on&quot; use_custom_gutter=&quot;on&quot; gutter_width=&quot;2&quot; specialty=&quot;on&quot; _builder_version=&quot;4.24.3&quot; _module_preset=&quot;default&quot; width=&quot;100%&quot; max_width=&quot;100%&quot; module_alignment=&quot;center&quot; inner_width=&quot;90%&quot; inner_max_width=&quot;2222px&quot; inner_module_alignment=&quot;center&quot; custom_margin=&quot;0px||||false|false&quot; custom_padding=&quot;0px||||false|false&quot; da_disable_devices=&quot;off|off|off&quot; global_colors_info=&quot;{}&quot; da_is_popup=&quot;off&quot; da_exit_intent=&quot;off&quot; da_has_close=&quot;on&quot; da_alt_close=&quot;off&quot; da_dark_close=&quot;off&quot; da_not_modal=&quot;on&quot; da_is_singular=&quot;off&quot; da_with_loader=&quot;off&quot; da_has_shadow=&quot;on&quot;][et_pb_column type=&quot;3_4&quot; specialty_columns=&quot;3&quot; _builder_version=&quot;4.16&quot; custom_padding=&quot;|||&quot; global_colors_info=&quot;{}&quot; custom_padding__hover=&quot;|||&quot;][et_pb_row_inner custom_padding_last_edited=&quot;on|phone&quot; _builder_version=&quot;4.24.3&quot; _module_preset=&quot;default&quot; module_alignment=&quot;center&quot; custom_padding=&quot;|50px|4px||false|false&quot; custom_padding_tablet=&quot;|50px|4px||false|false&quot; custom_padding_phone=&quot;|0px|||false|false&quot; border_color_all=&quot;gcid-b1ace166-c11d-4c70-a679-55884e9ca298&quot; border_style_all=&quot;dotted&quot; border_width_right=&quot;3px&quot; border_color_right=&quot;gcid-b1ace166-c11d-4c70-a679-55884e9ca298&quot; border_width_right_tablet=&quot;3px&quot; border_width_right_phone=&quot;0px&quot; border_width_right_last_edited=&quot;on|desktop&quot; collapsed=&quot;off&quot; global_colors_info=&quot;{%22gcid-b1ace166-c11d-4c70-a679-55884e9ca298%22:%91%22border_color_all%22,%22border_color_right%22%93}&quot;][et_pb_column_inner saved_specialty_column_type=&quot;3_4&quot; _builder_version=&quot;4.24.3&quot; _module_preset=&quot;default&quot; global_colors_info=&quot;{}&quot;][et_pb_text admin_label=&quot;T\u00cdTULO NOTICIA&quot;&hellip;\" \/>\n<meta property=\"og:url\" content=\"https:\/\/www.itakaescolapios.org\/pt\/2026\/02\/presentacion-de-la-campana-de-solidaridad-2025-2026\/\" \/>\n<meta property=\"og:site_name\" content=\"Itaka-Escolapios\" \/>\n<meta property=\"article:published_time\" content=\"2026-02-26T14:30:03+00:00\" \/>\n<meta property=\"article:modified_time\" content=\"2026-02-26T14:30:44+00:00\" \/>\n<meta property=\"og:image\" content=\"https:\/\/www.itakaescolapios.org\/wp-content\/uploads\/2026\/02\/WhatsApp-Image-2026-02-26-at-12.04.37-1.jpeg\" \/>\n\t<meta property=\"og:image:width\" content=\"1080\" \/>\n\t<meta property=\"og:image:height\" content=\"1080\" \/>\n\t<meta property=\"og:image:type\" content=\"image\/jpeg\" \/>\n<meta name=\"author\" content=\"Equipo TIC Ema\u00fas\" \/>\n<meta name=\"twitter:card\" content=\"summary_large_image\" \/>\n<meta name=\"twitter:label1\" content=\"Escrito por\" \/>\n\t<meta name=\"twitter:data1\" content=\"Equipo TIC Ema\u00fas\" \/>\n\t<meta name=\"twitter:label2\" content=\"Est. tempo de leitura\" \/>\n\t<meta name=\"twitter:data2\" content=\"7 minutos\" \/>\n<script type=\"application\/ld+json\" class=\"yoast-schema-graph\">{\"@context\":\"https:\\\/\\\/schema.org\",\"@graph\":[{\"@type\":\"Article\",\"@id\":\"https:\\\/\\\/www.itakaescolapios.org\\\/pt\\\/2026\\\/02\\\/presentacion-de-la-campana-de-solidaridad-2025-2026\\\/#article\",\"isPartOf\":{\"@id\":\"https:\\\/\\\/www.itakaescolapios.org\\\/pt\\\/2026\\\/02\\\/presentacion-de-la-campana-de-solidaridad-2025-2026\\\/\"},\"author\":{\"name\":\"Equipo TIC Ema\u00fas\",\"@id\":\"https:\\\/\\\/www.itakaescolapios.org\\\/es\\\/#\\\/schema\\\/person\\\/200262de1d464b07c45f3c70eb4cf614\"},\"headline\":\"Presentaci\u00f3n de la Campa\u00f1a de Solidaridad 2025-2026\",\"datePublished\":\"2026-02-26T14:30:03+00:00\",\"dateModified\":\"2026-02-26T14:30:44+00:00\",\"mainEntityOfPage\":{\"@id\":\"https:\\\/\\\/www.itakaescolapios.org\\\/pt\\\/2026\\\/02\\\/presentacion-de-la-campana-de-solidaridad-2025-2026\\\/\"},\"wordCount\":4003,\"publisher\":{\"@id\":\"https:\\\/\\\/www.itakaescolapios.org\\\/es\\\/#organization\"},\"image\":{\"@id\":\"https:\\\/\\\/www.itakaescolapios.org\\\/pt\\\/2026\\\/02\\\/presentacion-de-la-campana-de-solidaridad-2025-2026\\\/#primaryimage\"},\"thumbnailUrl\":\"https:\\\/\\\/www.itakaescolapios.org\\\/wp-content\\\/uploads\\\/2026\\\/02\\\/WhatsApp-Image-2026-02-26-at-12.04.37-1.jpeg\",\"articleSection\":[\"Ninguna\"],\"inLanguage\":\"pt-BR\"},{\"@type\":\"WebPage\",\"@id\":\"https:\\\/\\\/www.itakaescolapios.org\\\/pt\\\/2026\\\/02\\\/presentacion-de-la-campana-de-solidaridad-2025-2026\\\/\",\"url\":\"https:\\\/\\\/www.itakaescolapios.org\\\/pt\\\/2026\\\/02\\\/presentacion-de-la-campana-de-solidaridad-2025-2026\\\/\",\"name\":\"Presentaci\u00f3n de la Campa\u00f1a de Solidaridad 2025-2026 - Itaka-Escolapios\",\"isPartOf\":{\"@id\":\"https:\\\/\\\/www.itakaescolapios.org\\\/es\\\/#website\"},\"primaryImageOfPage\":{\"@id\":\"https:\\\/\\\/www.itakaescolapios.org\\\/pt\\\/2026\\\/02\\\/presentacion-de-la-campana-de-solidaridad-2025-2026\\\/#primaryimage\"},\"image\":{\"@id\":\"https:\\\/\\\/www.itakaescolapios.org\\\/pt\\\/2026\\\/02\\\/presentacion-de-la-campana-de-solidaridad-2025-2026\\\/#primaryimage\"},\"thumbnailUrl\":\"https:\\\/\\\/www.itakaescolapios.org\\\/wp-content\\\/uploads\\\/2026\\\/02\\\/WhatsApp-Image-2026-02-26-at-12.04.37-1.jpeg\",\"datePublished\":\"2026-02-26T14:30:03+00:00\",\"dateModified\":\"2026-02-26T14:30:44+00:00\",\"breadcrumb\":{\"@id\":\"https:\\\/\\\/www.itakaescolapios.org\\\/pt\\\/2026\\\/02\\\/presentacion-de-la-campana-de-solidaridad-2025-2026\\\/#breadcrumb\"},\"inLanguage\":\"pt-BR\",\"potentialAction\":[{\"@type\":\"ReadAction\",\"target\":[\"https:\\\/\\\/www.itakaescolapios.org\\\/pt\\\/2026\\\/02\\\/presentacion-de-la-campana-de-solidaridad-2025-2026\\\/\"]}]},{\"@type\":\"ImageObject\",\"inLanguage\":\"pt-BR\",\"@id\":\"https:\\\/\\\/www.itakaescolapios.org\\\/pt\\\/2026\\\/02\\\/presentacion-de-la-campana-de-solidaridad-2025-2026\\\/#primaryimage\",\"url\":\"https:\\\/\\\/www.itakaescolapios.org\\\/wp-content\\\/uploads\\\/2026\\\/02\\\/WhatsApp-Image-2026-02-26-at-12.04.37-1.jpeg\",\"contentUrl\":\"https:\\\/\\\/www.itakaescolapios.org\\\/wp-content\\\/uploads\\\/2026\\\/02\\\/WhatsApp-Image-2026-02-26-at-12.04.37-1.jpeg\",\"width\":1080,\"height\":1080},{\"@type\":\"BreadcrumbList\",\"@id\":\"https:\\\/\\\/www.itakaescolapios.org\\\/pt\\\/2026\\\/02\\\/presentacion-de-la-campana-de-solidaridad-2025-2026\\\/#breadcrumb\",\"itemListElement\":[{\"@type\":\"ListItem\",\"position\":1,\"name\":\"Itaka-Escolapios\",\"item\":\"https:\\\/\\\/www.itakaescolapios.org\\\/es\\\/\"},{\"@type\":\"ListItem\",\"position\":2,\"name\":\"Presentaci\u00f3n de la Campa\u00f1a de Solidaridad 2025-2026\"}]},{\"@type\":\"WebSite\",\"@id\":\"https:\\\/\\\/www.itakaescolapios.org\\\/pt\\\/es\\\/#website\",\"url\":\"https:\\\/\\\/www.itakaescolapios.org\\\/pt\\\/es\\\/\",\"name\":\"Itaka-Escolapios\",\"description\":\"Red de Itaka-Escolapios\",\"publisher\":{\"@id\":\"https:\\\/\\\/www.itakaescolapios.org\\\/pt\\\/es\\\/#organization\"},\"potentialAction\":[{\"@type\":\"SearchAction\",\"target\":{\"@type\":\"EntryPoint\",\"urlTemplate\":\"https:\\\/\\\/www.itakaescolapios.org\\\/pt\\\/es\\\/?s={search_term_string}\"},\"query-input\":{\"@type\":\"PropertyValueSpecification\",\"valueRequired\":true,\"valueName\":\"search_term_string\"}}],\"inLanguage\":\"pt-BR\"},{\"@type\":\"Organization\",\"@id\":\"https:\\\/\\\/www.itakaescolapios.org\\\/pt\\\/es\\\/#organization\",\"name\":\"Fundaci\u00f3 Itaka-Escolapios\",\"url\":\"https:\\\/\\\/www.itakaescolapios.org\\\/pt\\\/es\\\/\",\"logo\":{\"@type\":\"ImageObject\",\"inLanguage\":\"pt-BR\",\"@id\":\"https:\\\/\\\/www.itakaescolapios.org\\\/pt\\\/es\\\/#\\\/schema\\\/logo\\\/image\\\/\",\"url\":\"https:\\\/\\\/www.itakaescolapios.org\\\/wp-content\\\/uploads\\\/2024\\\/04\\\/Logo-itakaescolapios-peque.png\",\"contentUrl\":\"https:\\\/\\\/www.itakaescolapios.org\\\/wp-content\\\/uploads\\\/2024\\\/04\\\/Logo-itakaescolapios-peque.png\",\"width\":500,\"height\":199,\"caption\":\"Fundaci\u00f3 Itaka-Escolapios\"},\"image\":{\"@id\":\"https:\\\/\\\/www.itakaescolapios.org\\\/pt\\\/es\\\/#\\\/schema\\\/logo\\\/image\\\/\"}},{\"@type\":\"Person\",\"@id\":\"https:\\\/\\\/www.itakaescolapios.org\\\/es\\\/#\\\/schema\\\/person\\\/200262de1d464b07c45f3c70eb4cf614\",\"name\":\"Equipo TIC Ema\u00fas\",\"url\":\"https:\\\/\\\/www.itakaescolapios.org\\\/pt\\\/author\\\/ntic\\\/\"}]}<\/script>\n<!-- \/ Yoast SEO plugin. -->","yoast_head_json":{"title":"Presentaci\u00f3n de la Campa\u00f1a de Solidaridad 2025-2026","description":"[et_pb_section fb_built=\"1\" make_equal=\"on\" use_custom_gutter=\"on\" gutter_width=\"2\" specialty=\"on\" _builder_version=\"4.24.3\" _module_preset=\"default\" width=\"100%\" max_width=\"100%\" module_alignment=\"center\" inner_width=\"90%\" inner_max_width=\"2222px\" inner_module_alignment=\"center\" custom_margin=\"0px||||false|false\" custom_padding=\"0px||||false|false\" da_disable_devices=\"off|off|off\" global_colors_info=\"{}\" da_is_popup=\"off\" da_exit_intent=\"off\" da_has_close=\"on\" da_alt_close=\"off\" da_dark_close=\"off\" da_not_modal=\"on\" da_is_singular=\"off\" da_with_loader=\"off\" da_has_shadow=\"on\"][et_pb_column type=\"3_4\" specialty_columns=\"3\" _builder_version=\"4.16\" custom_padding=\"|||\" global_colors_info=\"{}\" custom_padding__hover=\"|||\"][et_pb_row_inner custom_padding_last_edited=\"on|phone\" _builder_version=\"4.24.3\" _module_preset=\"default\" module_alignment=\"center\" custom_padding=\"|50px|4px||false|false\" custom_padding_tablet=\"|50px|4px||false|false\" custom_padding_phone=\"|0px|||false|false\" border_color_all=\"gcid-b1ace166-c11d-4c70-a679-55884e9ca298\" border_style_all=\"dotted\" border_width_right=\"3px\" border_color_right=\"gcid-b1ace166-c11d-4c70-a679-55884e9ca298\" border_width_right_tablet=\"3px\" border_width_right_phone=\"0px\" border_width_right_last_edited=\"on|desktop\" collapsed=\"off\" global_colors_info=\"{%22gcid-b1ace166-c11d-4c70-a679-55884e9ca298%22:%91%22border_color_all%22,%22border_color_right%22%93}\"][et_pb_column_inner saved_specialty_column_type=\"3_4\" _builder_version=\"4.24.3\" _module_preset=\"default\" global_colors_info=\"{}\"][et_pb_text admin_label=\"T\u00cdTULO NOTICIA\"&hellip;","robots":{"index":"index","follow":"follow","max-snippet":"max-snippet:-1","max-image-preview":"max-image-preview:large","max-video-preview":"max-video-preview:-1"},"canonical":"[et_pb_section fb_built=\"1\" make_equal=\"on\" use_custom_gutter=\"on\" gutter_width=\"2\" specialty=\"on\" _builder_version=\"4.24.3\" _module_preset=\"default\" width=\"100%\" max_width=\"100%\" module_alignment=\"center\" inner_width=\"90%\" inner_max_width=\"2222px\" inner_module_alignment=\"center\" custom_margin=\"0px||||false|false\" custom_padding=\"0px||||false|false\" da_disable_devices=\"off|off|off\" global_colors_info=\"{}\" da_is_popup=\"off\" da_exit_intent=\"off\" da_has_close=\"on\" da_alt_close=\"off\" da_dark_close=\"off\" da_not_modal=\"on\" da_is_singular=\"off\" da_with_loader=\"off\" da_has_shadow=\"on\"][et_pb_column type=\"3_4\" specialty_columns=\"3\" _builder_version=\"4.16\" custom_padding=\"|||\" global_colors_info=\"{}\" custom_padding__hover=\"|||\"][et_pb_row_inner custom_padding_last_edited=\"on|phone\" _builder_version=\"4.24.3\" _module_preset=\"default\" module_alignment=\"center\" custom_padding=\"|50px|4px||false|false\" custom_padding_tablet=\"|50px|4px||false|false\" custom_padding_phone=\"|0px|||false|false\" border_color_all=\"gcid-b1ace166-c11d-4c70-a679-55884e9ca298\" border_style_all=\"dotted\" border_width_right=\"3px\" border_color_right=\"gcid-b1ace166-c11d-4c70-a679-55884e9ca298\" border_width_right_tablet=\"3px\" border_width_right_phone=\"0px\" border_width_right_last_edited=\"on|desktop\" collapsed=\"off\" global_colors_info=\"{\"gcid-b1ace166-c11d-4c70-a679-55884e9ca298\":?\"border_color_all\",\"border_color_right\"?}\"][et_pb_column_inner saved_specialty_column_type=\"3_4\" _builder_version=\"4.24.3\" _module_preset=\"default\" global_colors_info=\"{}\"][et_pb_text admin_label=\"T\u00cdTULO NOTICIA\"&hellip;","og_locale":"pt_BR","og_type":"article","og_title":"Presentaci\u00f3n de la Campa\u00f1a de Solidaridad 2025-2026","og_description":"[et_pb_section fb_built=\"1\" make_equal=\"on\" use_custom_gutter=\"on\" gutter_width=\"2\" specialty=\"on\" _builder_version=\"4.24.3\" _module_preset=\"default\" width=\"100%\" max_width=\"100%\" module_alignment=\"center\" inner_width=\"90%\" inner_max_width=\"2222px\" inner_module_alignment=\"center\" custom_margin=\"0px||||false|false\" custom_padding=\"0px||||false|false\" da_disable_devices=\"off|off|off\" global_colors_info=\"{}\" da_is_popup=\"off\" da_exit_intent=\"off\" da_has_close=\"on\" da_alt_close=\"off\" da_dark_close=\"off\" da_not_modal=\"on\" da_is_singular=\"off\" da_with_loader=\"off\" da_has_shadow=\"on\"][et_pb_column type=\"3_4\" specialty_columns=\"3\" _builder_version=\"4.16\" custom_padding=\"|||\" global_colors_info=\"{}\" custom_padding__hover=\"|||\"][et_pb_row_inner custom_padding_last_edited=\"on|phone\" _builder_version=\"4.24.3\" _module_preset=\"default\" module_alignment=\"center\" custom_padding=\"|50px|4px||false|false\" custom_padding_tablet=\"|50px|4px||false|false\" custom_padding_phone=\"|0px|||false|false\" border_color_all=\"gcid-b1ace166-c11d-4c70-a679-55884e9ca298\" border_style_all=\"dotted\" border_width_right=\"3px\" border_color_right=\"gcid-b1ace166-c11d-4c70-a679-55884e9ca298\" border_width_right_tablet=\"3px\" border_width_right_phone=\"0px\" border_width_right_last_edited=\"on|desktop\" collapsed=\"off\" global_colors_info=\"{%22gcid-b1ace166-c11d-4c70-a679-55884e9ca298%22:%91%22border_color_all%22,%22border_color_right%22%93}\"][et_pb_column_inner saved_specialty_column_type=\"3_4\" _builder_version=\"4.24.3\" _module_preset=\"default\" global_colors_info=\"{}\"][et_pb_text admin_label=\"T\u00cdTULO NOTICIA\"&hellip;","og_url":"https:\/\/www.itakaescolapios.org\/pt\/2026\/02\/presentacion-de-la-campana-de-solidaridad-2025-2026\/","og_site_name":"Itaka-Escolapios","article_published_time":"2026-02-26T14:30:03+00:00","article_modified_time":"2026-02-26T14:30:44+00:00","og_image":[{"width":1080,"height":1080,"url":"https:\/\/www.itakaescolapios.org\/wp-content\/uploads\/2026\/02\/WhatsApp-Image-2026-02-26-at-12.04.37-1.jpeg","type":"image\/jpeg"}],"author":"Equipo TIC Ema\u00fas","twitter_card":"summary_large_image","twitter_misc":{"Escrito por":"Equipo TIC Ema\u00fas","Est. tempo de leitura":"7 minutos"},"schema":{"@context":"https:\/\/schema.org","@graph":[{"@type":"Article","@id":"https:\/\/www.itakaescolapios.org\/pt\/2026\/02\/presentacion-de-la-campana-de-solidaridad-2025-2026\/#article","isPartOf":{"@id":"https:\/\/www.itakaescolapios.org\/pt\/2026\/02\/presentacion-de-la-campana-de-solidaridad-2025-2026\/"},"author":{"name":"Equipo TIC Ema\u00fas","@id":"https:\/\/www.itakaescolapios.org\/es\/#\/schema\/person\/200262de1d464b07c45f3c70eb4cf614"},"headline":"Presentaci\u00f3n de la Campa\u00f1a de Solidaridad 2025-2026","datePublished":"2026-02-26T14:30:03+00:00","dateModified":"2026-02-26T14:30:44+00:00","mainEntityOfPage":{"@id":"https:\/\/www.itakaescolapios.org\/pt\/2026\/02\/presentacion-de-la-campana-de-solidaridad-2025-2026\/"},"wordCount":4003,"publisher":{"@id":"https:\/\/www.itakaescolapios.org\/es\/#organization"},"image":{"@id":"https:\/\/www.itakaescolapios.org\/pt\/2026\/02\/presentacion-de-la-campana-de-solidaridad-2025-2026\/#primaryimage"},"thumbnailUrl":"https:\/\/www.itakaescolapios.org\/wp-content\/uploads\/2026\/02\/WhatsApp-Image-2026-02-26-at-12.04.37-1.jpeg","articleSection":["Ninguna"],"inLanguage":"pt-BR"},{"@type":"WebPage","@id":"https:\/\/www.itakaescolapios.org\/pt\/2026\/02\/presentacion-de-la-campana-de-solidaridad-2025-2026\/","url":"https:\/\/www.itakaescolapios.org\/pt\/2026\/02\/presentacion-de-la-campana-de-solidaridad-2025-2026\/","name":"Presentaci\u00f3n de la Campa\u00f1a de Solidaridad 2025-2026 - Itaka-Escolapios","isPartOf":{"@id":"https:\/\/www.itakaescolapios.org\/es\/#website"},"primaryImageOfPage":{"@id":"https:\/\/www.itakaescolapios.org\/pt\/2026\/02\/presentacion-de-la-campana-de-solidaridad-2025-2026\/#primaryimage"},"image":{"@id":"https:\/\/www.itakaescolapios.org\/pt\/2026\/02\/presentacion-de-la-campana-de-solidaridad-2025-2026\/#primaryimage"},"thumbnailUrl":"https:\/\/www.itakaescolapios.org\/wp-content\/uploads\/2026\/02\/WhatsApp-Image-2026-02-26-at-12.04.37-1.jpeg","datePublished":"2026-02-26T14:30:03+00:00","dateModified":"2026-02-26T14:30:44+00:00","breadcrumb":{"@id":"https:\/\/www.itakaescolapios.org\/pt\/2026\/02\/presentacion-de-la-campana-de-solidaridad-2025-2026\/#breadcrumb"},"inLanguage":"pt-BR","potentialAction":[{"@type":"ReadAction","target":["https:\/\/www.itakaescolapios.org\/pt\/2026\/02\/presentacion-de-la-campana-de-solidaridad-2025-2026\/"]}]},{"@type":"ImageObject","inLanguage":"pt-BR","@id":"https:\/\/www.itakaescolapios.org\/pt\/2026\/02\/presentacion-de-la-campana-de-solidaridad-2025-2026\/#primaryimage","url":"https:\/\/www.itakaescolapios.org\/wp-content\/uploads\/2026\/02\/WhatsApp-Image-2026-02-26-at-12.04.37-1.jpeg","contentUrl":"https:\/\/www.itakaescolapios.org\/wp-content\/uploads\/2026\/02\/WhatsApp-Image-2026-02-26-at-12.04.37-1.jpeg","width":1080,"height":1080},{"@type":"BreadcrumbList","@id":"https:\/\/www.itakaescolapios.org\/pt\/2026\/02\/presentacion-de-la-campana-de-solidaridad-2025-2026\/#breadcrumb","itemListElement":[{"@type":"ListItem","position":1,"name":"Itaka-Escolapios","item":"https:\/\/www.itakaescolapios.org\/es\/"},{"@type":"ListItem","position":2,"name":"Presentaci\u00f3n de la Campa\u00f1a de Solidaridad 2025-2026"}]},{"@type":"WebSite","@id":"https:\/\/www.itakaescolapios.org\/pt\/es\/#website","url":"https:\/\/www.itakaescolapios.org\/pt\/es\/","name":"Itaka-Escolapios","description":"Red de Itaka-Escolapios","publisher":{"@id":"https:\/\/www.itakaescolapios.org\/pt\/es\/#organization"},"potentialAction":[{"@type":"SearchAction","target":{"@type":"EntryPoint","urlTemplate":"https:\/\/www.itakaescolapios.org\/pt\/es\/?s={search_term_string}"},"query-input":{"@type":"PropertyValueSpecification","valueRequired":true,"valueName":"search_term_string"}}],"inLanguage":"pt-BR"},{"@type":"Organization","@id":"https:\/\/www.itakaescolapios.org\/pt\/es\/#organization","name":"Fundaci\u00f3 Itaka-Escolapios","url":"https:\/\/www.itakaescolapios.org\/pt\/es\/","logo":{"@type":"ImageObject","inLanguage":"pt-BR","@id":"https:\/\/www.itakaescolapios.org\/pt\/es\/#\/schema\/logo\/image\/","url":"https:\/\/www.itakaescolapios.org\/wp-content\/uploads\/2024\/04\/Logo-itakaescolapios-peque.png","contentUrl":"https:\/\/www.itakaescolapios.org\/wp-content\/uploads\/2024\/04\/Logo-itakaescolapios-peque.png","width":500,"height":199,"caption":"Fundaci\u00f3 Itaka-Escolapios"},"image":{"@id":"https:\/\/www.itakaescolapios.org\/pt\/es\/#\/schema\/logo\/image\/"}},{"@type":"Person","@id":"https:\/\/www.itakaescolapios.org\/es\/#\/schema\/person\/200262de1d464b07c45f3c70eb4cf614","name":"Equipo TIC Ema\u00fas","url":"https:\/\/www.itakaescolapios.org\/pt\/author\/ntic\/"}]}},"_links":{"self":[{"href":"https:\/\/www.itakaescolapios.org\/pt\/wp-json\/wp\/v2\/posts\/330627","targetHints":{"allow":["GET"]}}],"collection":[{"href":"https:\/\/www.itakaescolapios.org\/pt\/wp-json\/wp\/v2\/posts"}],"about":[{"href":"https:\/\/www.itakaescolapios.org\/pt\/wp-json\/wp\/v2\/types\/post"}],"author":[{"embeddable":true,"href":"https:\/\/www.itakaescolapios.org\/pt\/wp-json\/wp\/v2\/users\/62"}],"replies":[{"embeddable":true,"href":"https:\/\/www.itakaescolapios.org\/pt\/wp-json\/wp\/v2\/comments?post=330627"}],"version-history":[{"count":4,"href":"https:\/\/www.itakaescolapios.org\/pt\/wp-json\/wp\/v2\/posts\/330627\/revisions"}],"predecessor-version":[{"id":330700,"href":"https:\/\/www.itakaescolapios.org\/pt\/wp-json\/wp\/v2\/posts\/330627\/revisions\/330700"}],"wp:featuredmedia":[{"embeddable":true,"href":"https:\/\/www.itakaescolapios.org\/pt\/wp-json\/wp\/v2\/media\/330629"}],"wp:attachment":[{"href":"https:\/\/www.itakaescolapios.org\/pt\/wp-json\/wp\/v2\/media?parent=330627"}],"wp:term":[{"taxonomy":"category","embeddable":true,"href":"https:\/\/www.itakaescolapios.org\/pt\/wp-json\/wp\/v2\/categories?post=330627"},{"taxonomy":"post_tag","embeddable":true,"href":"https:\/\/www.itakaescolapios.org\/pt\/wp-json\/wp\/v2\/tags?post=330627"}],"curies":[{"name":"wp","href":"https:\/\/api.w.org\/{rel}","templated":true}]}}