{"id":34718,"date":"2021-09-15T10:27:44","date_gmt":"2021-09-15T09:27:44","guid":{"rendered":"https:\/\/www.itakaescolapios.org\/?p=34718"},"modified":"2023-11-28T12:35:58","modified_gmt":"2023-11-28T11:35:58","slug":"la-visite-du-coordonnateur-ditaka-dans-les-oeuvres-a-louest-bandjoun-bamendjou","status":"publish","type":"post","link":"https:\/\/www.itakaescolapios.org\/pt\/2021\/09\/la-visite-du-coordonnateur-ditaka-dans-les-oeuvres-a-louest-bandjoun-bamendjou\/","title":{"rendered":"LA VISITE DU COORDONNATEUR D'ITAKA DANS LES OEUVRES A L'OUEST BANDJOUN-BAMENDJOU"},"content":{"rendered":"<p>Nous avons eu la visite du P\u00e8re Georges NKOMO, Coordonnateur d&#8217;ITAKA Afrique Centrale. Lundi, nous avons fait la visite du CTC de Bandjoun, Mardi, nous \u00e9tions \u00e0 Bamendjou pour la visite des \u00e9coles.<\/p>\n","protected":false},"excerpt":{"rendered":"<p>Nous avons eu la visite du P\u00e8re Georges NKOMO, Coordonnateur d&#8217;ITAKA Afrique Centrale. Lundi, nous avons fait la visite du CTC de Bandjoun, Mardi, nous \u00e9tions \u00e0 Bamendjou pour la [&hellip;]<\/p>\n","protected":false},"author":15,"featured_media":34719,"comment_status":"closed","ping_status":"closed","sticky":false,"template":"","format":"standard","meta":{"_et_pb_use_builder":"","_et_pb_old_content":"","_et_gb_content_width":"","footnotes":""},"categories":[53],"tags":[],"class_list":["post-34718","post","type-post","status-publish","format-standard","has-post-thumbnail","hentry","category-africa-central"],"yoast_head":"<!-- This site is optimized with the Yoast SEO plugin v27.4 - https:\/\/yoast.com\/product\/yoast-seo-wordpress\/ -->\n<title>LA VISITE DU COORDONNATEUR D&#039;ITAKA DANS LES OEUVRES A L&#039;OUEST BANDJOUN-BAMENDJOU<\/title>\n<meta name=\"description\" content=\"Nous avons eu la visite du P\u00e8re Georges NKOMO, Coordonnateur d&#039;ITAKA Afrique Centrale. Lundi, nous avons fait la visite du CTC de Bandjoun, Mardi, nous \u00e9tions \u00e0 Bamendjou pour la visite des \u00e9coles.\" \/>\n<meta name=\"robots\" content=\"index, follow, max-snippet:-1, max-image-preview:large, max-video-preview:-1\" \/>\n<link rel=\"canonical\" href=\"http:\/\/Nous%20avons%20eu%20la%20visite%20du%20P\u00e8re%20Georges%20NKOMO,%20Coordonnateur%20d'ITAKA%20Afrique%20Centrale.%20Lundi,%20nous%20avons%20fait%20la%20visite%20du%20CTC%20de%20Bandjoun,%20Mardi,%20nous%20\u00e9tions%20\u00e0%20Bamendjou%20pour%20la%20visite%20des%20\u00e9coles.\" \/>\n<meta property=\"og:locale\" content=\"pt_BR\" \/>\n<meta property=\"og:type\" content=\"article\" \/>\n<meta property=\"og:title\" content=\"LA VISITE DU COORDONNATEUR D&#039;ITAKA DANS LES OEUVRES A L&#039;OUEST BANDJOUN-BAMENDJOU\" \/>\n<meta property=\"og:description\" content=\"Nous avons eu la visite du P\u00e8re Georges NKOMO, Coordonnateur d&#039;ITAKA Afrique Centrale. Lundi, nous avons fait la visite du CTC de Bandjoun, Mardi, nous \u00e9tions \u00e0 Bamendjou pour la visite des \u00e9coles.\" \/>\n<meta property=\"og:url\" content=\"https:\/\/www.itakaescolapios.org\/pt\/2021\/09\/la-visite-du-coordonnateur-ditaka-dans-les-oeuvres-a-louest-bandjoun-bamendjou\/\" \/>\n<meta property=\"og:site_name\" content=\"Itaka-Escolapios\" \/>\n<meta property=\"article:published_time\" content=\"2021-09-15T09:27:44+00:00\" \/>\n<meta property=\"article:modified_time\" content=\"2023-11-28T11:35:58+00:00\" \/>\n<meta property=\"og:image\" content=\"https:\/\/www.itakaescolapios.org\/wp-content\/uploads\/2021\/09\/WhatsApp-Image-2021-09-15-at-10.20.57.jpeg\" \/>\n\t<meta property=\"og:image:width\" content=\"810\" \/>\n\t<meta property=\"og:image:height\" content=\"1080\" \/>\n\t<meta property=\"og:image:type\" content=\"image\/jpeg\" \/>\n<meta name=\"author\" content=\"cameroun01\" \/>\n<meta name=\"twitter:card\" content=\"summary_large_image\" \/>\n<meta name=\"twitter:label1\" content=\"Escrito por\" \/>\n\t<meta name=\"twitter:data1\" content=\"cameroun01\" \/>\n<script type=\"application\/ld+json\" class=\"yoast-schema-graph\">{\"@context\":\"https:\\\/\\\/schema.org\",\"@graph\":[{\"@type\":\"Article\",\"@id\":\"https:\\\/\\\/www.itakaescolapios.org\\\/pt\\\/2021\\\/09\\\/la-visite-du-coordonnateur-ditaka-dans-les-oeuvres-a-louest-bandjoun-bamendjou\\\/#article\",\"isPartOf\":{\"@id\":\"https:\\\/\\\/www.itakaescolapios.org\\\/pt\\\/2021\\\/09\\\/la-visite-du-coordonnateur-ditaka-dans-les-oeuvres-a-louest-bandjoun-bamendjou\\\/\"},\"author\":{\"name\":\"cameroun01\",\"@id\":\"https:\\\/\\\/www.itakaescolapios.org\\\/es\\\/#\\\/schema\\\/person\\\/d2844383e29bfdfef69039672ce14eb1\"},\"headline\":\"LA VISITE DU COORDONNATEUR D'ITAKA DANS LES OEUVRES A L'OUEST BANDJOUN-BAMENDJOU\",\"datePublished\":\"2021-09-15T09:27:44+00:00\",\"dateModified\":\"2023-11-28T11:35:58+00:00\",\"mainEntityOfPage\":{\"@id\":\"https:\\\/\\\/www.itakaescolapios.org\\\/pt\\\/2021\\\/09\\\/la-visite-du-coordonnateur-ditaka-dans-les-oeuvres-a-louest-bandjoun-bamendjou\\\/\"},\"wordCount\":47,\"publisher\":{\"@id\":\"https:\\\/\\\/www.itakaescolapios.org\\\/es\\\/#organization\"},\"image\":{\"@id\":\"https:\\\/\\\/www.itakaescolapios.org\\\/pt\\\/2021\\\/09\\\/la-visite-du-coordonnateur-ditaka-dans-les-oeuvres-a-louest-bandjoun-bamendjou\\\/#primaryimage\"},\"thumbnailUrl\":\"https:\\\/\\\/www.itakaescolapios.org\\\/wp-content\\\/uploads\\\/2021\\\/09\\\/WhatsApp-Image-2021-09-15-at-10.20.57.jpeg\",\"articleSection\":[\"\u00c1frica Central\"],\"inLanguage\":\"pt-BR\"},{\"@type\":\"WebPage\",\"@id\":\"https:\\\/\\\/www.itakaescolapios.org\\\/pt\\\/2021\\\/09\\\/la-visite-du-coordonnateur-ditaka-dans-les-oeuvres-a-louest-bandjoun-bamendjou\\\/\",\"url\":\"https:\\\/\\\/www.itakaescolapios.org\\\/pt\\\/2021\\\/09\\\/la-visite-du-coordonnateur-ditaka-dans-les-oeuvres-a-louest-bandjoun-bamendjou\\\/\",\"name\":\"LA VISITE DU COORDONNATEUR D'ITAKA DANS LES OEUVRES A L'OUEST BANDJOUN-BAMENDJOU - Itaka-Escolapios\",\"isPartOf\":{\"@id\":\"https:\\\/\\\/www.itakaescolapios.org\\\/es\\\/#website\"},\"primaryImageOfPage\":{\"@id\":\"https:\\\/\\\/www.itakaescolapios.org\\\/pt\\\/2021\\\/09\\\/la-visite-du-coordonnateur-ditaka-dans-les-oeuvres-a-louest-bandjoun-bamendjou\\\/#primaryimage\"},\"image\":{\"@id\":\"https:\\\/\\\/www.itakaescolapios.org\\\/pt\\\/2021\\\/09\\\/la-visite-du-coordonnateur-ditaka-dans-les-oeuvres-a-louest-bandjoun-bamendjou\\\/#primaryimage\"},\"thumbnailUrl\":\"https:\\\/\\\/www.itakaescolapios.org\\\/wp-content\\\/uploads\\\/2021\\\/09\\\/WhatsApp-Image-2021-09-15-at-10.20.57.jpeg\",\"datePublished\":\"2021-09-15T09:27:44+00:00\",\"dateModified\":\"2023-11-28T11:35:58+00:00\",\"breadcrumb\":{\"@id\":\"https:\\\/\\\/www.itakaescolapios.org\\\/pt\\\/2021\\\/09\\\/la-visite-du-coordonnateur-ditaka-dans-les-oeuvres-a-louest-bandjoun-bamendjou\\\/#breadcrumb\"},\"inLanguage\":\"pt-BR\",\"potentialAction\":[{\"@type\":\"ReadAction\",\"target\":[\"https:\\\/\\\/www.itakaescolapios.org\\\/pt\\\/2021\\\/09\\\/la-visite-du-coordonnateur-ditaka-dans-les-oeuvres-a-louest-bandjoun-bamendjou\\\/\"]}]},{\"@type\":\"ImageObject\",\"inLanguage\":\"pt-BR\",\"@id\":\"https:\\\/\\\/www.itakaescolapios.org\\\/pt\\\/2021\\\/09\\\/la-visite-du-coordonnateur-ditaka-dans-les-oeuvres-a-louest-bandjoun-bamendjou\\\/#primaryimage\",\"url\":\"https:\\\/\\\/www.itakaescolapios.org\\\/wp-content\\\/uploads\\\/2021\\\/09\\\/WhatsApp-Image-2021-09-15-at-10.20.57.jpeg\",\"contentUrl\":\"https:\\\/\\\/www.itakaescolapios.org\\\/wp-content\\\/uploads\\\/2021\\\/09\\\/WhatsApp-Image-2021-09-15-at-10.20.57.jpeg\",\"width\":810,\"height\":1080},{\"@type\":\"BreadcrumbList\",\"@id\":\"https:\\\/\\\/www.itakaescolapios.org\\\/pt\\\/2021\\\/09\\\/la-visite-du-coordonnateur-ditaka-dans-les-oeuvres-a-louest-bandjoun-bamendjou\\\/#breadcrumb\",\"itemListElement\":[{\"@type\":\"ListItem\",\"position\":1,\"name\":\"Itaka-Escolapios\",\"item\":\"https:\\\/\\\/www.itakaescolapios.org\\\/es\\\/\"},{\"@type\":\"ListItem\",\"position\":2,\"name\":\"LA VISITE DU COORDONNATEUR D'ITAKA DANS LES OEUVRES A L'OUEST BANDJOUN-BAMENDJOU\"}]},{\"@type\":\"WebSite\",\"@id\":\"https:\\\/\\\/www.itakaescolapios.org\\\/pt\\\/es\\\/#website\",\"url\":\"https:\\\/\\\/www.itakaescolapios.org\\\/pt\\\/es\\\/\",\"name\":\"Itaka-Escolapios\",\"description\":\"Red de Itaka-Escolapios\",\"publisher\":{\"@id\":\"https:\\\/\\\/www.itakaescolapios.org\\\/pt\\\/es\\\/#organization\"},\"potentialAction\":[{\"@type\":\"SearchAction\",\"target\":{\"@type\":\"EntryPoint\",\"urlTemplate\":\"https:\\\/\\\/www.itakaescolapios.org\\\/pt\\\/es\\\/?s={search_term_string}\"},\"query-input\":{\"@type\":\"PropertyValueSpecification\",\"valueRequired\":true,\"valueName\":\"search_term_string\"}}],\"inLanguage\":\"pt-BR\"},{\"@type\":\"Organization\",\"@id\":\"https:\\\/\\\/www.itakaescolapios.org\\\/pt\\\/es\\\/#organization\",\"name\":\"Fundaci\u00f3 Itaka-Escolapios\",\"url\":\"https:\\\/\\\/www.itakaescolapios.org\\\/pt\\\/es\\\/\",\"logo\":{\"@type\":\"ImageObject\",\"inLanguage\":\"pt-BR\",\"@id\":\"https:\\\/\\\/www.itakaescolapios.org\\\/pt\\\/es\\\/#\\\/schema\\\/logo\\\/image\\\/\",\"url\":\"https:\\\/\\\/www.itakaescolapios.org\\\/wp-content\\\/uploads\\\/2024\\\/04\\\/Logo-itakaescolapios-peque.png\",\"contentUrl\":\"https:\\\/\\\/www.itakaescolapios.org\\\/wp-content\\\/uploads\\\/2024\\\/04\\\/Logo-itakaescolapios-peque.png\",\"width\":500,\"height\":199,\"caption\":\"Fundaci\u00f3 Itaka-Escolapios\"},\"image\":{\"@id\":\"https:\\\/\\\/www.itakaescolapios.org\\\/pt\\\/es\\\/#\\\/schema\\\/logo\\\/image\\\/\"}},{\"@type\":\"Person\",\"@id\":\"https:\\\/\\\/www.itakaescolapios.org\\\/es\\\/#\\\/schema\\\/person\\\/d2844383e29bfdfef69039672ce14eb1\",\"name\":\"cameroun01\",\"url\":\"https:\\\/\\\/www.itakaescolapios.org\\\/pt\\\/author\\\/cameroun01\\\/\"}]}<\/script>\n<!-- \/ Yoast SEO plugin. -->","yoast_head_json":{"title":"LA VISITE DU COORDONNATEUR D'ITAKA DANS LES OEUVRES A L'OUEST BANDJOUN-BAMENDJOU","description":"Nous avons eu la visite du P\u00e8re Georges NKOMO, Coordonnateur d'ITAKA Afrique Centrale. Lundi, nous avons fait la visite du CTC de Bandjoun, Mardi, nous \u00e9tions \u00e0 Bamendjou pour la visite des \u00e9coles.","robots":{"index":"index","follow":"follow","max-snippet":"max-snippet:-1","max-image-preview":"max-image-preview:large","max-video-preview":"max-video-preview:-1"},"canonical":"Nous avons eu la visite du P\u00e8re Georges NKOMO, Coordonnateur d'ITAKA Afrique Centrale. Lundi, nous avons fait la visite du CTC de Bandjoun, Mardi, nous \u00e9tions \u00e0 Bamendjou pour la visite des \u00e9coles.","og_locale":"pt_BR","og_type":"article","og_title":"LA VISITE DU COORDONNATEUR D'ITAKA DANS LES OEUVRES A L'OUEST BANDJOUN-BAMENDJOU","og_description":"Nous avons eu la visite du P\u00e8re Georges NKOMO, Coordonnateur d'ITAKA Afrique Centrale. Lundi, nous avons fait la visite du CTC de Bandjoun, Mardi, nous \u00e9tions \u00e0 Bamendjou pour la visite des \u00e9coles.","og_url":"https:\/\/www.itakaescolapios.org\/pt\/2021\/09\/la-visite-du-coordonnateur-ditaka-dans-les-oeuvres-a-louest-bandjoun-bamendjou\/","og_site_name":"Itaka-Escolapios","article_published_time":"2021-09-15T09:27:44+00:00","article_modified_time":"2023-11-28T11:35:58+00:00","og_image":[{"width":810,"height":1080,"url":"https:\/\/www.itakaescolapios.org\/wp-content\/uploads\/2021\/09\/WhatsApp-Image-2021-09-15-at-10.20.57.jpeg","type":"image\/jpeg"}],"author":"cameroun01","twitter_card":"summary_large_image","twitter_misc":{"Escrito por":"cameroun01"},"schema":{"@context":"https:\/\/schema.org","@graph":[{"@type":"Article","@id":"https:\/\/www.itakaescolapios.org\/pt\/2021\/09\/la-visite-du-coordonnateur-ditaka-dans-les-oeuvres-a-louest-bandjoun-bamendjou\/#article","isPartOf":{"@id":"https:\/\/www.itakaescolapios.org\/pt\/2021\/09\/la-visite-du-coordonnateur-ditaka-dans-les-oeuvres-a-louest-bandjoun-bamendjou\/"},"author":{"name":"cameroun01","@id":"https:\/\/www.itakaescolapios.org\/es\/#\/schema\/person\/d2844383e29bfdfef69039672ce14eb1"},"headline":"LA VISITE DU COORDONNATEUR D'ITAKA DANS LES OEUVRES A L'OUEST BANDJOUN-BAMENDJOU","datePublished":"2021-09-15T09:27:44+00:00","dateModified":"2023-11-28T11:35:58+00:00","mainEntityOfPage":{"@id":"https:\/\/www.itakaescolapios.org\/pt\/2021\/09\/la-visite-du-coordonnateur-ditaka-dans-les-oeuvres-a-louest-bandjoun-bamendjou\/"},"wordCount":47,"publisher":{"@id":"https:\/\/www.itakaescolapios.org\/es\/#organization"},"image":{"@id":"https:\/\/www.itakaescolapios.org\/pt\/2021\/09\/la-visite-du-coordonnateur-ditaka-dans-les-oeuvres-a-louest-bandjoun-bamendjou\/#primaryimage"},"thumbnailUrl":"https:\/\/www.itakaescolapios.org\/wp-content\/uploads\/2021\/09\/WhatsApp-Image-2021-09-15-at-10.20.57.jpeg","articleSection":["\u00c1frica Central"],"inLanguage":"pt-BR"},{"@type":"WebPage","@id":"https:\/\/www.itakaescolapios.org\/pt\/2021\/09\/la-visite-du-coordonnateur-ditaka-dans-les-oeuvres-a-louest-bandjoun-bamendjou\/","url":"https:\/\/www.itakaescolapios.org\/pt\/2021\/09\/la-visite-du-coordonnateur-ditaka-dans-les-oeuvres-a-louest-bandjoun-bamendjou\/","name":"LA VISITE DU COORDONNATEUR D'ITAKA DANS LES OEUVRES A L'OUEST BANDJOUN-BAMENDJOU - Itaka-Escolapios","isPartOf":{"@id":"https:\/\/www.itakaescolapios.org\/es\/#website"},"primaryImageOfPage":{"@id":"https:\/\/www.itakaescolapios.org\/pt\/2021\/09\/la-visite-du-coordonnateur-ditaka-dans-les-oeuvres-a-louest-bandjoun-bamendjou\/#primaryimage"},"image":{"@id":"https:\/\/www.itakaescolapios.org\/pt\/2021\/09\/la-visite-du-coordonnateur-ditaka-dans-les-oeuvres-a-louest-bandjoun-bamendjou\/#primaryimage"},"thumbnailUrl":"https:\/\/www.itakaescolapios.org\/wp-content\/uploads\/2021\/09\/WhatsApp-Image-2021-09-15-at-10.20.57.jpeg","datePublished":"2021-09-15T09:27:44+00:00","dateModified":"2023-11-28T11:35:58+00:00","breadcrumb":{"@id":"https:\/\/www.itakaescolapios.org\/pt\/2021\/09\/la-visite-du-coordonnateur-ditaka-dans-les-oeuvres-a-louest-bandjoun-bamendjou\/#breadcrumb"},"inLanguage":"pt-BR","potentialAction":[{"@type":"ReadAction","target":["https:\/\/www.itakaescolapios.org\/pt\/2021\/09\/la-visite-du-coordonnateur-ditaka-dans-les-oeuvres-a-louest-bandjoun-bamendjou\/"]}]},{"@type":"ImageObject","inLanguage":"pt-BR","@id":"https:\/\/www.itakaescolapios.org\/pt\/2021\/09\/la-visite-du-coordonnateur-ditaka-dans-les-oeuvres-a-louest-bandjoun-bamendjou\/#primaryimage","url":"https:\/\/www.itakaescolapios.org\/wp-content\/uploads\/2021\/09\/WhatsApp-Image-2021-09-15-at-10.20.57.jpeg","contentUrl":"https:\/\/www.itakaescolapios.org\/wp-content\/uploads\/2021\/09\/WhatsApp-Image-2021-09-15-at-10.20.57.jpeg","width":810,"height":1080},{"@type":"BreadcrumbList","@id":"https:\/\/www.itakaescolapios.org\/pt\/2021\/09\/la-visite-du-coordonnateur-ditaka-dans-les-oeuvres-a-louest-bandjoun-bamendjou\/#breadcrumb","itemListElement":[{"@type":"ListItem","position":1,"name":"Itaka-Escolapios","item":"https:\/\/www.itakaescolapios.org\/es\/"},{"@type":"ListItem","position":2,"name":"LA VISITE DU COORDONNATEUR D'ITAKA DANS LES OEUVRES A L'OUEST BANDJOUN-BAMENDJOU"}]},{"@type":"WebSite","@id":"https:\/\/www.itakaescolapios.org\/pt\/es\/#website","url":"https:\/\/www.itakaescolapios.org\/pt\/es\/","name":"Itaka-Escolapios","description":"Red de Itaka-Escolapios","publisher":{"@id":"https:\/\/www.itakaescolapios.org\/pt\/es\/#organization"},"potentialAction":[{"@type":"SearchAction","target":{"@type":"EntryPoint","urlTemplate":"https:\/\/www.itakaescolapios.org\/pt\/es\/?s={search_term_string}"},"query-input":{"@type":"PropertyValueSpecification","valueRequired":true,"valueName":"search_term_string"}}],"inLanguage":"pt-BR"},{"@type":"Organization","@id":"https:\/\/www.itakaescolapios.org\/pt\/es\/#organization","name":"Fundaci\u00f3 Itaka-Escolapios","url":"https:\/\/www.itakaescolapios.org\/pt\/es\/","logo":{"@type":"ImageObject","inLanguage":"pt-BR","@id":"https:\/\/www.itakaescolapios.org\/pt\/es\/#\/schema\/logo\/image\/","url":"https:\/\/www.itakaescolapios.org\/wp-content\/uploads\/2024\/04\/Logo-itakaescolapios-peque.png","contentUrl":"https:\/\/www.itakaescolapios.org\/wp-content\/uploads\/2024\/04\/Logo-itakaescolapios-peque.png","width":500,"height":199,"caption":"Fundaci\u00f3 Itaka-Escolapios"},"image":{"@id":"https:\/\/www.itakaescolapios.org\/pt\/es\/#\/schema\/logo\/image\/"}},{"@type":"Person","@id":"https:\/\/www.itakaescolapios.org\/es\/#\/schema\/person\/d2844383e29bfdfef69039672ce14eb1","name":"cameroun01","url":"https:\/\/www.itakaescolapios.org\/pt\/author\/cameroun01\/"}]}},"_links":{"self":[{"href":"https:\/\/www.itakaescolapios.org\/pt\/wp-json\/wp\/v2\/posts\/34718","targetHints":{"allow":["GET"]}}],"collection":[{"href":"https:\/\/www.itakaescolapios.org\/pt\/wp-json\/wp\/v2\/posts"}],"about":[{"href":"https:\/\/www.itakaescolapios.org\/pt\/wp-json\/wp\/v2\/types\/post"}],"author":[{"embeddable":true,"href":"https:\/\/www.itakaescolapios.org\/pt\/wp-json\/wp\/v2\/users\/15"}],"replies":[{"embeddable":true,"href":"https:\/\/www.itakaescolapios.org\/pt\/wp-json\/wp\/v2\/comments?post=34718"}],"version-history":[{"count":3,"href":"https:\/\/www.itakaescolapios.org\/pt\/wp-json\/wp\/v2\/posts\/34718\/revisions"}],"predecessor-version":[{"id":44215,"href":"https:\/\/www.itakaescolapios.org\/pt\/wp-json\/wp\/v2\/posts\/34718\/revisions\/44215"}],"wp:featuredmedia":[{"embeddable":true,"href":"https:\/\/www.itakaescolapios.org\/pt\/wp-json\/wp\/v2\/media\/34719"}],"wp:attachment":[{"href":"https:\/\/www.itakaescolapios.org\/pt\/wp-json\/wp\/v2\/media?parent=34718"}],"wp:term":[{"taxonomy":"category","embeddable":true,"href":"https:\/\/www.itakaescolapios.org\/pt\/wp-json\/wp\/v2\/categories?post=34718"},{"taxonomy":"post_tag","embeddable":true,"href":"https:\/\/www.itakaescolapios.org\/pt\/wp-json\/wp\/v2\/tags?post=34718"}],"curies":[{"name":"wp","href":"https:\/\/api.w.org\/{rel}","templated":true}]}}