{"id":35065,"date":"2021-11-30T13:22:04","date_gmt":"2021-11-30T12:22:04","guid":{"rendered":"https:\/\/www.itakaescolapios.org\/?p=35065"},"modified":"2023-11-28T12:35:55","modified_gmt":"2023-11-28T11:35:55","slug":"celebracion-en-errotazarra","status":"publish","type":"post","link":"https:\/\/www.itakaescolapios.org\/pt\/2021\/11\/celebracion-en-errotazarra\/","title":{"rendered":"Celebraci\u00f3n en Errotazarra"},"content":{"rendered":"<p>Ayer lunes 29 de noviembre en Errotazarra estuvimos celebrando la despedida de 4 participantes en el itinerario formativo de jardiner\u00eda que han conseguido ser <strong>seleccionados para el empleo<\/strong> <strong>como jardineros<\/strong> dentro de la edici\u00f3n de este a\u00f1o del plan de empleo Municipal <strong>para un contrato de doce meses a jornada completa<\/strong>. Se unen a las otras 6 que lo hicieron hace casi un a\u00f1o en la edici\u00f3n anterior y est\u00e1n a punto de terminar esta experiencia.<br \/>Es una noticia muy feliz tanto para ellos y ellas, como para el profesorado, sus compa\u00f1eros y compa\u00f1eras y todas las personas voluntarias y trabajadoras de Itaka Escolapios y del colegio Calasanz de Vitoria-Gasteiz. Una gran familia que tratamos de llevar adelante este y otros proyectos para educar y transformar la vida de las personas sin dejar de lado el anuncio de que es posible construir entre todas un mundo mejor.<br \/>Desde el inicio del curso de septiembre, hemos estado haciendo una variedad de cosas: arreglar huerta, plantar, desbrozar, limpiar alberge, soplar, quitar nieve y hemos dado clases te\u00f3ricas. En general nos ha gustado el curso.<br \/>Os invitamos a venir y ver con vuestros propios ojos lo que hacemos nosotros.<\/p>\n<p>\n\t\t<style type=\"text\/css\">\n\t\t\t#gallery-1 {\n\t\t\t\tmargin: auto;\n\t\t\t}\n\t\t\t#gallery-1 .gallery-item {\n\t\t\t\tfloat: left;\n\t\t\t\tmargin-top: 10px;\n\t\t\t\ttext-align: center;\n\t\t\t\twidth: 33%;\n\t\t\t}\n\t\t\t#gallery-1 img {\n\t\t\t\tborder: 2px solid #cfcfcf;\n\t\t\t}\n\t\t\t#gallery-1 .gallery-caption {\n\t\t\t\tmargin-left: 0;\n\t\t\t}\n\t\t\t\/* see gallery_shortcode() in wp-includes\/media.php *\/\n\t\t<\/style>\n\t\t<div id='gallery-1' class='gallery galleryid-35065 gallery-columns-3 gallery-size-thumbnail'><dl class='gallery-item'>\n\t\t\t<dt class='gallery-icon landscape'>\n\t\t\t\t<a href='https:\/\/www.itakaescolapios.org\/pt\/2021\/11\/celebracion-en-errotazarra\/009_1\/'><img decoding=\"async\" width=\"90\" height=\"90\" src=\"https:\/\/www.itakaescolapios.org\/wp-content\/uploads\/2021\/11\/009_1-90x90.jpg\" class=\"attachment-thumbnail size-thumbnail\" alt=\"\" \/><\/a>\n\t\t\t<\/dt><\/dl><dl class='gallery-item'>\n\t\t\t<dt class='gallery-icon landscape'>\n\t\t\t\t<a href='https:\/\/www.itakaescolapios.org\/pt\/2021\/11\/celebracion-en-errotazarra\/008_1\/'><img decoding=\"async\" width=\"90\" height=\"90\" src=\"https:\/\/www.itakaescolapios.org\/wp-content\/uploads\/2021\/11\/008_1-90x90.jpg\" class=\"attachment-thumbnail size-thumbnail\" alt=\"\" \/><\/a>\n\t\t\t<\/dt><\/dl><dl class='gallery-item'>\n\t\t\t<dt class='gallery-icon landscape'>\n\t\t\t\t<a href='https:\/\/www.itakaescolapios.org\/pt\/2021\/11\/celebracion-en-errotazarra\/002_1\/'><img decoding=\"async\" width=\"90\" height=\"90\" src=\"https:\/\/www.itakaescolapios.org\/wp-content\/uploads\/2021\/11\/002_1-90x90.jpg\" class=\"attachment-thumbnail size-thumbnail\" alt=\"\" \/><\/a>\n\t\t\t<\/dt><\/dl><br style=\"clear: both\" \/>\n\t\t<\/div>\n<!--more--><\/p>\n","protected":false},"excerpt":{"rendered":"<p>Ayer lunes 29 de noviembre en Errotazarra estuvimos celebrando la despedida de 4 participantes en el itinerario formativo de jardiner\u00eda que han conseguido ser seleccionados para el empleo como jardineros [&hellip;]<\/p>\n","protected":false},"author":62,"featured_media":35068,"comment_status":"closed","ping_status":"closed","sticky":false,"template":"","format":"standard","meta":{"_et_pb_use_builder":"off","_et_pb_old_content":"","_et_gb_content_width":"","footnotes":""},"categories":[13],"tags":[],"class_list":["post-35065","post","type-post","status-publish","format-standard","has-post-thumbnail","hentry","category-vitoria"],"yoast_head":"<!-- This site is optimized with the Yoast SEO plugin v27.4 - https:\/\/yoast.com\/product\/yoast-seo-wordpress\/ -->\n<title>Celebraci\u00f3n en Errotazarra<\/title>\n<meta name=\"description\" content=\"Ayer lunes 29 de noviembre en Errotazarra estuvimos celebrando la despedida de 4 participantes en el itinerario formativo de jardiner\u00eda que han conseguido ser seleccionados para el empleo como jardineros dentro de la edici\u00f3n de este a\u00f1o del plan de empleo Municipal para un contrato de doce meses a jornada completa. Se unen a las&hellip;\" \/>\n<meta name=\"robots\" content=\"index, follow, max-snippet:-1, max-image-preview:large, max-video-preview:-1\" \/>\n<link rel=\"canonical\" href=\"http:\/\/Ayer%20lunes%2029%20de%20noviembre%20en%20Errotazarra%20estuvimos%20celebrando%20la%20despedida%20de%204%20participantes%20en%20el%20itinerario%20formativo%20de%20jardiner\u00eda%20que%20han%20conseguido%20ser%20seleccionados%20para%20el%20empleo%20como%20jardineros%20dentro%20de%20la%20edici\u00f3n%20de%20este%20a\u00f1o%20del%20plan%20de%20empleo%20Municipal%20para%20un%20contrato%20de%20doce%20meses%20a%20jornada%20completa.%20Se%20unen%20a%20las&hellip;\" \/>\n<meta property=\"og:locale\" content=\"pt_BR\" \/>\n<meta property=\"og:type\" content=\"article\" \/>\n<meta property=\"og:title\" content=\"Celebraci\u00f3n en Errotazarra\" \/>\n<meta property=\"og:description\" content=\"Ayer lunes 29 de noviembre en Errotazarra estuvimos celebrando la despedida de 4 participantes en el itinerario formativo de jardiner\u00eda que han conseguido ser seleccionados para el empleo como jardineros dentro de la edici\u00f3n de este a\u00f1o del plan de empleo Municipal para un contrato de doce meses a jornada completa. Se unen a las&hellip;\" \/>\n<meta property=\"og:url\" content=\"https:\/\/www.itakaescolapios.org\/pt\/2021\/11\/celebracion-en-errotazarra\/\" \/>\n<meta property=\"og:site_name\" content=\"Itaka-Escolapios\" \/>\n<meta property=\"article:published_time\" content=\"2021-11-30T12:22:04+00:00\" \/>\n<meta property=\"article:modified_time\" content=\"2023-11-28T11:35:55+00:00\" \/>\n<meta property=\"og:image\" content=\"https:\/\/www.itakaescolapios.org\/wp-content\/uploads\/2021\/11\/009_1.jpg\" \/>\n\t<meta property=\"og:image:width\" content=\"2336\" \/>\n\t<meta property=\"og:image:height\" content=\"1557\" \/>\n\t<meta property=\"og:image:type\" content=\"image\/jpeg\" \/>\n<meta name=\"author\" content=\"Equipo TIC Ema\u00fas\" \/>\n<meta name=\"twitter:card\" content=\"summary_large_image\" \/>\n<meta name=\"twitter:label1\" content=\"Escrito por\" \/>\n\t<meta name=\"twitter:data1\" content=\"Equipo TIC Ema\u00fas\" \/>\n\t<meta name=\"twitter:label2\" content=\"Est. tempo de leitura\" \/>\n\t<meta name=\"twitter:data2\" content=\"1 minuto\" \/>\n<script type=\"application\/ld+json\" class=\"yoast-schema-graph\">{\"@context\":\"https:\\\/\\\/schema.org\",\"@graph\":[{\"@type\":\"Article\",\"@id\":\"https:\\\/\\\/www.itakaescolapios.org\\\/pt\\\/2021\\\/11\\\/celebracion-en-errotazarra\\\/#article\",\"isPartOf\":{\"@id\":\"https:\\\/\\\/www.itakaescolapios.org\\\/pt\\\/2021\\\/11\\\/celebracion-en-errotazarra\\\/\"},\"author\":{\"name\":\"Equipo TIC Ema\u00fas\",\"@id\":\"https:\\\/\\\/www.itakaescolapios.org\\\/es\\\/#\\\/schema\\\/person\\\/200262de1d464b07c45f3c70eb4cf614\"},\"headline\":\"Celebraci\u00f3n en Errotazarra\",\"datePublished\":\"2021-11-30T12:22:04+00:00\",\"dateModified\":\"2023-11-28T11:35:55+00:00\",\"mainEntityOfPage\":{\"@id\":\"https:\\\/\\\/www.itakaescolapios.org\\\/pt\\\/2021\\\/11\\\/celebracion-en-errotazarra\\\/\"},\"wordCount\":208,\"publisher\":{\"@id\":\"https:\\\/\\\/www.itakaescolapios.org\\\/es\\\/#organization\"},\"image\":{\"@id\":\"https:\\\/\\\/www.itakaescolapios.org\\\/pt\\\/2021\\\/11\\\/celebracion-en-errotazarra\\\/#primaryimage\"},\"thumbnailUrl\":\"https:\\\/\\\/www.itakaescolapios.org\\\/wp-content\\\/uploads\\\/2021\\\/11\\\/009_1.jpg\",\"articleSection\":[\"Vitoria-Gasteiz\"],\"inLanguage\":\"pt-BR\"},{\"@type\":\"WebPage\",\"@id\":\"https:\\\/\\\/www.itakaescolapios.org\\\/pt\\\/2021\\\/11\\\/celebracion-en-errotazarra\\\/\",\"url\":\"https:\\\/\\\/www.itakaescolapios.org\\\/pt\\\/2021\\\/11\\\/celebracion-en-errotazarra\\\/\",\"name\":\"Celebraci\u00f3n en Errotazarra - Itaka-Escolapios\",\"isPartOf\":{\"@id\":\"https:\\\/\\\/www.itakaescolapios.org\\\/es\\\/#website\"},\"primaryImageOfPage\":{\"@id\":\"https:\\\/\\\/www.itakaescolapios.org\\\/pt\\\/2021\\\/11\\\/celebracion-en-errotazarra\\\/#primaryimage\"},\"image\":{\"@id\":\"https:\\\/\\\/www.itakaescolapios.org\\\/pt\\\/2021\\\/11\\\/celebracion-en-errotazarra\\\/#primaryimage\"},\"thumbnailUrl\":\"https:\\\/\\\/www.itakaescolapios.org\\\/wp-content\\\/uploads\\\/2021\\\/11\\\/009_1.jpg\",\"datePublished\":\"2021-11-30T12:22:04+00:00\",\"dateModified\":\"2023-11-28T11:35:55+00:00\",\"breadcrumb\":{\"@id\":\"https:\\\/\\\/www.itakaescolapios.org\\\/pt\\\/2021\\\/11\\\/celebracion-en-errotazarra\\\/#breadcrumb\"},\"inLanguage\":\"pt-BR\",\"potentialAction\":[{\"@type\":\"ReadAction\",\"target\":[\"https:\\\/\\\/www.itakaescolapios.org\\\/pt\\\/2021\\\/11\\\/celebracion-en-errotazarra\\\/\"]}]},{\"@type\":\"ImageObject\",\"inLanguage\":\"pt-BR\",\"@id\":\"https:\\\/\\\/www.itakaescolapios.org\\\/pt\\\/2021\\\/11\\\/celebracion-en-errotazarra\\\/#primaryimage\",\"url\":\"https:\\\/\\\/www.itakaescolapios.org\\\/wp-content\\\/uploads\\\/2021\\\/11\\\/009_1.jpg\",\"contentUrl\":\"https:\\\/\\\/www.itakaescolapios.org\\\/wp-content\\\/uploads\\\/2021\\\/11\\\/009_1.jpg\",\"width\":2336,\"height\":1557},{\"@type\":\"BreadcrumbList\",\"@id\":\"https:\\\/\\\/www.itakaescolapios.org\\\/pt\\\/2021\\\/11\\\/celebracion-en-errotazarra\\\/#breadcrumb\",\"itemListElement\":[{\"@type\":\"ListItem\",\"position\":1,\"name\":\"Itaka-Escolapios\",\"item\":\"https:\\\/\\\/www.itakaescolapios.org\\\/es\\\/\"},{\"@type\":\"ListItem\",\"position\":2,\"name\":\"Celebraci\u00f3n en Errotazarra\"}]},{\"@type\":\"WebSite\",\"@id\":\"https:\\\/\\\/www.itakaescolapios.org\\\/pt\\\/es\\\/#website\",\"url\":\"https:\\\/\\\/www.itakaescolapios.org\\\/pt\\\/es\\\/\",\"name\":\"Itaka-Escolapios\",\"description\":\"Red de Itaka-Escolapios\",\"publisher\":{\"@id\":\"https:\\\/\\\/www.itakaescolapios.org\\\/pt\\\/es\\\/#organization\"},\"potentialAction\":[{\"@type\":\"SearchAction\",\"target\":{\"@type\":\"EntryPoint\",\"urlTemplate\":\"https:\\\/\\\/www.itakaescolapios.org\\\/pt\\\/es\\\/?s={search_term_string}\"},\"query-input\":{\"@type\":\"PropertyValueSpecification\",\"valueRequired\":true,\"valueName\":\"search_term_string\"}}],\"inLanguage\":\"pt-BR\"},{\"@type\":\"Organization\",\"@id\":\"https:\\\/\\\/www.itakaescolapios.org\\\/pt\\\/es\\\/#organization\",\"name\":\"Fundaci\u00f3 Itaka-Escolapios\",\"url\":\"https:\\\/\\\/www.itakaescolapios.org\\\/pt\\\/es\\\/\",\"logo\":{\"@type\":\"ImageObject\",\"inLanguage\":\"pt-BR\",\"@id\":\"https:\\\/\\\/www.itakaescolapios.org\\\/pt\\\/es\\\/#\\\/schema\\\/logo\\\/image\\\/\",\"url\":\"https:\\\/\\\/www.itakaescolapios.org\\\/wp-content\\\/uploads\\\/2024\\\/04\\\/Logo-itakaescolapios-peque.png\",\"contentUrl\":\"https:\\\/\\\/www.itakaescolapios.org\\\/wp-content\\\/uploads\\\/2024\\\/04\\\/Logo-itakaescolapios-peque.png\",\"width\":500,\"height\":199,\"caption\":\"Fundaci\u00f3 Itaka-Escolapios\"},\"image\":{\"@id\":\"https:\\\/\\\/www.itakaescolapios.org\\\/pt\\\/es\\\/#\\\/schema\\\/logo\\\/image\\\/\"}},{\"@type\":\"Person\",\"@id\":\"https:\\\/\\\/www.itakaescolapios.org\\\/es\\\/#\\\/schema\\\/person\\\/200262de1d464b07c45f3c70eb4cf614\",\"name\":\"Equipo TIC Ema\u00fas\",\"url\":\"https:\\\/\\\/www.itakaescolapios.org\\\/pt\\\/author\\\/ntic\\\/\"}]}<\/script>\n<!-- \/ Yoast SEO plugin. -->","yoast_head_json":{"title":"Celebraci\u00f3n en Errotazarra","description":"Ayer lunes 29 de noviembre en Errotazarra estuvimos celebrando la despedida de 4 participantes en el itinerario formativo de jardiner\u00eda que han conseguido ser seleccionados para el empleo como jardineros dentro de la edici\u00f3n de este a\u00f1o del plan de empleo Municipal para un contrato de doce meses a jornada completa. Se unen a las&hellip;","robots":{"index":"index","follow":"follow","max-snippet":"max-snippet:-1","max-image-preview":"max-image-preview:large","max-video-preview":"max-video-preview:-1"},"canonical":"Ayer lunes 29 de noviembre en Errotazarra estuvimos celebrando la despedida de 4 participantes en el itinerario formativo de jardiner\u00eda que han conseguido ser seleccionados para el empleo como jardineros dentro de la edici\u00f3n de este a\u00f1o del plan de empleo Municipal para un contrato de doce meses a jornada completa. Se unen a las&hellip;","og_locale":"pt_BR","og_type":"article","og_title":"Celebraci\u00f3n en Errotazarra","og_description":"Ayer lunes 29 de noviembre en Errotazarra estuvimos celebrando la despedida de 4 participantes en el itinerario formativo de jardiner\u00eda que han conseguido ser seleccionados para el empleo como jardineros dentro de la edici\u00f3n de este a\u00f1o del plan de empleo Municipal para un contrato de doce meses a jornada completa. Se unen a las&hellip;","og_url":"https:\/\/www.itakaescolapios.org\/pt\/2021\/11\/celebracion-en-errotazarra\/","og_site_name":"Itaka-Escolapios","article_published_time":"2021-11-30T12:22:04+00:00","article_modified_time":"2023-11-28T11:35:55+00:00","og_image":[{"width":2336,"height":1557,"url":"https:\/\/www.itakaescolapios.org\/wp-content\/uploads\/2021\/11\/009_1.jpg","type":"image\/jpeg"}],"author":"Equipo TIC Ema\u00fas","twitter_card":"summary_large_image","twitter_misc":{"Escrito por":"Equipo TIC Ema\u00fas","Est. tempo de leitura":"1 minuto"},"schema":{"@context":"https:\/\/schema.org","@graph":[{"@type":"Article","@id":"https:\/\/www.itakaescolapios.org\/pt\/2021\/11\/celebracion-en-errotazarra\/#article","isPartOf":{"@id":"https:\/\/www.itakaescolapios.org\/pt\/2021\/11\/celebracion-en-errotazarra\/"},"author":{"name":"Equipo TIC Ema\u00fas","@id":"https:\/\/www.itakaescolapios.org\/es\/#\/schema\/person\/200262de1d464b07c45f3c70eb4cf614"},"headline":"Celebraci\u00f3n en Errotazarra","datePublished":"2021-11-30T12:22:04+00:00","dateModified":"2023-11-28T11:35:55+00:00","mainEntityOfPage":{"@id":"https:\/\/www.itakaescolapios.org\/pt\/2021\/11\/celebracion-en-errotazarra\/"},"wordCount":208,"publisher":{"@id":"https:\/\/www.itakaescolapios.org\/es\/#organization"},"image":{"@id":"https:\/\/www.itakaescolapios.org\/pt\/2021\/11\/celebracion-en-errotazarra\/#primaryimage"},"thumbnailUrl":"https:\/\/www.itakaescolapios.org\/wp-content\/uploads\/2021\/11\/009_1.jpg","articleSection":["Vitoria-Gasteiz"],"inLanguage":"pt-BR"},{"@type":"WebPage","@id":"https:\/\/www.itakaescolapios.org\/pt\/2021\/11\/celebracion-en-errotazarra\/","url":"https:\/\/www.itakaescolapios.org\/pt\/2021\/11\/celebracion-en-errotazarra\/","name":"Celebraci\u00f3n en Errotazarra - Itaka-Escolapios","isPartOf":{"@id":"https:\/\/www.itakaescolapios.org\/es\/#website"},"primaryImageOfPage":{"@id":"https:\/\/www.itakaescolapios.org\/pt\/2021\/11\/celebracion-en-errotazarra\/#primaryimage"},"image":{"@id":"https:\/\/www.itakaescolapios.org\/pt\/2021\/11\/celebracion-en-errotazarra\/#primaryimage"},"thumbnailUrl":"https:\/\/www.itakaescolapios.org\/wp-content\/uploads\/2021\/11\/009_1.jpg","datePublished":"2021-11-30T12:22:04+00:00","dateModified":"2023-11-28T11:35:55+00:00","breadcrumb":{"@id":"https:\/\/www.itakaescolapios.org\/pt\/2021\/11\/celebracion-en-errotazarra\/#breadcrumb"},"inLanguage":"pt-BR","potentialAction":[{"@type":"ReadAction","target":["https:\/\/www.itakaescolapios.org\/pt\/2021\/11\/celebracion-en-errotazarra\/"]}]},{"@type":"ImageObject","inLanguage":"pt-BR","@id":"https:\/\/www.itakaescolapios.org\/pt\/2021\/11\/celebracion-en-errotazarra\/#primaryimage","url":"https:\/\/www.itakaescolapios.org\/wp-content\/uploads\/2021\/11\/009_1.jpg","contentUrl":"https:\/\/www.itakaescolapios.org\/wp-content\/uploads\/2021\/11\/009_1.jpg","width":2336,"height":1557},{"@type":"BreadcrumbList","@id":"https:\/\/www.itakaescolapios.org\/pt\/2021\/11\/celebracion-en-errotazarra\/#breadcrumb","itemListElement":[{"@type":"ListItem","position":1,"name":"Itaka-Escolapios","item":"https:\/\/www.itakaescolapios.org\/es\/"},{"@type":"ListItem","position":2,"name":"Celebraci\u00f3n en Errotazarra"}]},{"@type":"WebSite","@id":"https:\/\/www.itakaescolapios.org\/pt\/es\/#website","url":"https:\/\/www.itakaescolapios.org\/pt\/es\/","name":"Itaka-Escolapios","description":"Red de Itaka-Escolapios","publisher":{"@id":"https:\/\/www.itakaescolapios.org\/pt\/es\/#organization"},"potentialAction":[{"@type":"SearchAction","target":{"@type":"EntryPoint","urlTemplate":"https:\/\/www.itakaescolapios.org\/pt\/es\/?s={search_term_string}"},"query-input":{"@type":"PropertyValueSpecification","valueRequired":true,"valueName":"search_term_string"}}],"inLanguage":"pt-BR"},{"@type":"Organization","@id":"https:\/\/www.itakaescolapios.org\/pt\/es\/#organization","name":"Fundaci\u00f3 Itaka-Escolapios","url":"https:\/\/www.itakaescolapios.org\/pt\/es\/","logo":{"@type":"ImageObject","inLanguage":"pt-BR","@id":"https:\/\/www.itakaescolapios.org\/pt\/es\/#\/schema\/logo\/image\/","url":"https:\/\/www.itakaescolapios.org\/wp-content\/uploads\/2024\/04\/Logo-itakaescolapios-peque.png","contentUrl":"https:\/\/www.itakaescolapios.org\/wp-content\/uploads\/2024\/04\/Logo-itakaescolapios-peque.png","width":500,"height":199,"caption":"Fundaci\u00f3 Itaka-Escolapios"},"image":{"@id":"https:\/\/www.itakaescolapios.org\/pt\/es\/#\/schema\/logo\/image\/"}},{"@type":"Person","@id":"https:\/\/www.itakaescolapios.org\/es\/#\/schema\/person\/200262de1d464b07c45f3c70eb4cf614","name":"Equipo TIC Ema\u00fas","url":"https:\/\/www.itakaescolapios.org\/pt\/author\/ntic\/"}]}},"_links":{"self":[{"href":"https:\/\/www.itakaescolapios.org\/pt\/wp-json\/wp\/v2\/posts\/35065","targetHints":{"allow":["GET"]}}],"collection":[{"href":"https:\/\/www.itakaescolapios.org\/pt\/wp-json\/wp\/v2\/posts"}],"about":[{"href":"https:\/\/www.itakaescolapios.org\/pt\/wp-json\/wp\/v2\/types\/post"}],"author":[{"embeddable":true,"href":"https:\/\/www.itakaescolapios.org\/pt\/wp-json\/wp\/v2\/users\/62"}],"replies":[{"embeddable":true,"href":"https:\/\/www.itakaescolapios.org\/pt\/wp-json\/wp\/v2\/comments?post=35065"}],"version-history":[{"count":13,"href":"https:\/\/www.itakaescolapios.org\/pt\/wp-json\/wp\/v2\/posts\/35065\/revisions"}],"predecessor-version":[{"id":44164,"href":"https:\/\/www.itakaescolapios.org\/pt\/wp-json\/wp\/v2\/posts\/35065\/revisions\/44164"}],"wp:featuredmedia":[{"embeddable":true,"href":"https:\/\/www.itakaescolapios.org\/pt\/wp-json\/wp\/v2\/media\/35068"}],"wp:attachment":[{"href":"https:\/\/www.itakaescolapios.org\/pt\/wp-json\/wp\/v2\/media?parent=35065"}],"wp:term":[{"taxonomy":"category","embeddable":true,"href":"https:\/\/www.itakaescolapios.org\/pt\/wp-json\/wp\/v2\/categories?post=35065"},{"taxonomy":"post_tag","embeddable":true,"href":"https:\/\/www.itakaescolapios.org\/pt\/wp-json\/wp\/v2\/tags?post=35065"}],"curies":[{"name":"wp","href":"https:\/\/api.w.org\/{rel}","templated":true}]}}