{"id":3569,"date":"2012-10-14T19:49:25","date_gmt":"2012-10-14T18:49:25","guid":{"rendered":"https:\/\/www.itakaescolapios.org\/?p=3569"},"modified":"2023-11-28T12:39:36","modified_gmt":"2023-11-28T11:39:36","slug":"ong-crisis-sin-fronteras","status":"publish","type":"post","link":"https:\/\/www.itakaescolapios.org\/pt\/2012\/10\/ong-crisis-sin-fronteras\/","title":{"rendered":"ONG: Crisis sin fronteras"},"content":{"rendered":"<p>| SOCIEDAD<\/p>\n<p>Domingo 14-10-2012 20:44<\/p>\n<p>El Pa\u00eds publica hoy un interesante art\u00edculo de Almudena L\u00f3pez<\/p>\n<p>05-10-2012<\/p>\n<p>Nadie en el sector recuerda una crisis tan profunda como la que atraviesa la ayuda humanitaria desde que empez\u00f3 a funcionar hace m\u00e1s de 30 a\u00f1os y Espa\u00f1a dej\u00f3 de ser receptora de ayudas de los programas de cooperaci\u00f3n internacional. La Administraci\u00f3n, las empresas y algunos socios les est\u00e1n dando la espalda. Interm\u00f3n Oxfam o Ayuda en Acci\u00f3n han recortado sus plantillas. La primera ha despedido a 90 de los 500 empleados (casi el 20%). La segunda al 25%. Peque\u00f1as, medianas y grandes buscan con urgencia soluciones para poder seguir funcionando. Las que tienen m\u00e1s socios tratan de mantener o captar m\u00e1s, mientras que las medianas buscan alianzas o se fusionan para sacar sus proyectos adelante. Todas son vulnerables ante las dificultades econ\u00f3micas, aunque las de menor tama\u00f1o dependen m\u00e1s de las subvenciones p\u00fablicas. Un reciente estudio del Instituto Social de ESADE calcula que entre un 20% y un 30% de las ONG han desaparecido.<\/p>\n<p>Julio Rodr\u00edguez Bueno es el presidente de una de las 5.000 ONG que hay en Espa\u00f1a. \u00c9l da lecciones de Historia a adolescentes casi a diario. En sus clases insiste en la importancia de Relaciones Internacionales: enriquecen a las sociedades y son una se\u00f1a de identidad en el exterior. Este profesor lo cuenta con conocimiento de causa ya que es presidente de Paz Ahora, una organizaci\u00f3n que lleva participando en proyectos de cooperaci\u00f3n internacional con el pueblo palestino desde hace dos d\u00e9cadas. Sin embargo, este a\u00f1o le est\u00e1 costando m\u00e1s que nunca conjugar teor\u00eda y pr\u00e1ctica. Los proyectos de Paz Ahora se han tambaleado en los \u00faltimos meses. La dif\u00edcil situaci\u00f3n financiera le oblig\u00f3 a despedir a sus cinco trabajadores. A partir de entonces funcionamos con voluntarios, incluido yo. A este mal trago se a\u00f1adi\u00f3 otro: en octubre del a\u00f1o pasado fueron desahuciados. Econ\u00f3micamente est\u00e1n asfixiados: no cuentan con la subvenci\u00f3n de la Comunidad de Madrid ni con la del Ayuntamiento de la capital.<\/p>\n<p>Los planes de ajuste y reducci\u00f3n de gasto son una constante en la gran mayor\u00eda de las ONG espa\u00f1olas. La reducci\u00f3n del personal ha obligado a despedir a dos de cada tres trabajadores de las 100 que se dedican a la ayuda exterior, seg\u00fan el \u00faltimo estudio de Coordinadora de ONG para el Desarrollo (ONGD), que preside Mercedes Ruiz-Gim\u00e9nez. Son malos tiempos para la cooperaci\u00f3n internacional. La mayor\u00eda de asociaciones dependen de la Administraci\u00f3n P\u00fablica para financiarse y en los \u00faltimos Presupuestos Generales del Estado se ha recortado la ayuda al desarrollo. La semana pasada se publicaron los presupuestos para 2013 y el Ministerio de Asuntos Exteriores recibe una partida de 519 millones de euros a ayudar a terceros pa\u00edses, un 23% menos que en 2012. Se ha pasado a niveles de 1981.<\/p>\n<p>La gravedad no tiene precedentes. Frente a esta situaci\u00f3n hay pocas alternativas, desaparecer o volver a empezar con cambios. Es tambi\u00e9n momento para la autocr\u00edtica. No conozco pa\u00eds en el mundo que tenga tantas ONG, argumenta Fernando Mudarra que dirige una consultora. En otros pa\u00edses de Europa como Alemania, Holanda o Reino Unido tienen un n\u00famero mucho menor de asociaciones, pero son organismos m\u00e1s fuertes. En Interm\u00f3n Oxfam est\u00e1n preocupados. La falta de dinero ha obligado a parar proyectos que ya estaban en marcha como la formaci\u00f3n de 1.300 maestros que afectar\u00e1 a 6.700 alumnos en Mozambique. O en Marruecos, donde ayudan a m\u00e1s de 5.000 mujeres que trabajan en la recolecci\u00f3n de la fresa a defender sus derechos laborales. En otros proyectos, despu\u00e9s de aprobados, la convocatoria ha desaparecido. Es el caso de Hait\u00ed, donde se ha congelado un proyecto basado en el cultivo de arroz que iba a dar empleo a m\u00e1s de 1.700 personas.<\/p>\n<p>Las \u00faltimas cifras hablan de que alrededor de 100 proyectos de las principales 80 organizaciones dedicadas al desarrollo se han paralizado. Nadie tiene una receta, pero muchos apuntan que las alianzas y fusiones son una posible soluci\u00f3n. Solidaridad Internacional, H\u00e1bitat \u00c1frica e Ipade son un ejemplo. Empezaron a madurar la idea en 2010 y en un par de meses tendr\u00e1n un nombre definitivo.<\/p>\n<p>Desde entonces, est\u00e1n aprendiendo a cooperar juntas. Ahora suman fuerzas en Senegal, Gambia y Guinea-Bissau. Uno de sus proyectos consiste en mejorar las condiciones laborales de m\u00e1s de 6.000 mujeres para elaborar aceite de palma. Construyen nuevas cocinas para que las mujeres no est\u00e9n expuestas tantas horas delante de unos barriles de petr\u00f3leo mientras remueven el fruto. Con los nuevos hornos adoptar\u00e1n una postura m\u00e1s c\u00f3moda, evitar\u00e1n que sus ojos se irriten y dejar\u00e1n de inhalar grandes cantidades de humo.<\/p>\n<p>No todos los expertos ven ventajas en la fusi\u00f3n. Hay que defender la diversidad del tejido asociativo, dice Ruiz-Gim\u00e9nez. Muchos socios se sienten m\u00e1s c\u00f3modos cooperando con asociaciones m\u00e1s peque\u00f1as, a\u00f1ade. Nuestra situaci\u00f3n ha pasado de ser cr\u00edtica a muy cr\u00edtica, se lamenta Consuelo Vidal, una valenciana que dirige desde hace 23 a\u00f1os Atelier ONGD, una organizaci\u00f3n que se dedica a trabajar con mujeres a nivel estatal e internacional.<\/p>\n<p>Paz Ahora, por su parte, ha puesto en marcha un par de campa\u00f1as de sensibilizaci\u00f3n e intuye que el a\u00f1o que viene ser\u00e1 peor porque el presupuesto ser\u00e1 cero. La cuota de socios no da para poder mantener ni uno de los tres proyectos en los participan desde a\u00f1os; solo alcanza para pagar el alquiler, la luz y el agua. Pese a la crisis, el compromiso de muchos afiliados no se ha visto perjudicado. Solo uno de cada cuatro han dejado de pagar su cuota. En algunos casos s\u00ed han solicitado disminuir la cuant\u00eda de su aportaci\u00f3n.<\/p>\n<p>Si hay poco dinero para llevar a cabo proyectos fuera de Espa\u00f1a, dentro la situaci\u00f3n tampoco es f\u00e1cil. En la oficina de C\u00e1ritas de Castilla-La Mancha la situaci\u00f3n es ag\u00f3nica, explica Silvestre Valero, su presidente. En la zona de Cuenca y La Alcarria han cerrado un comedor que daba servicio a unas 60 personas. Uno de los proyectos que m\u00e1s hemos sentido es el cierre de un piso de reclusos que ten\u00eda capacidad para acoger a 10 personas y que se ha mantenido abierto durante 12 a\u00f1os. Mantenerlo costaba 35.000 euros al a\u00f1o.<\/p>\n<p>Dos organizaciones que, por principios, solo se financian con dinero de sus socios, tampoco est\u00e1n saliendo indemnes de la crisis que azota al sector. Greenpeace no ha podido cumplir sus predicciones y ha cerrado el a\u00f1o 600.000 euros por debajo de los 7,4 millones previstos. En Amnist\u00eda Internacional los ingresos no responden a lo presupuestado, pero est\u00e1n esperando a fin de a\u00f1o para evaluar el impacto del descenso de los ingresos y tomar decisiones. En ambas organizaciones, todos los proyectos siguen en marcha.<\/p>\n<p>La paradoja es que tenemos m\u00e1s socios que nunca, pero menos dinero explica Mario Rodr\u00edguez, director ejecutivo de Greenpeace Espa\u00f1a. Un tercio del presupuesto es destinado a captar socios, pero al mismo tiempo sirve como labor de sensibilizaci\u00f3n. No hemos reducido ning\u00fan tipo de campa\u00f1a porque es nuestra raz\u00f3n de ser, pero s\u00ed gente que trabaja en ellas. Una de las que ha sufrido un recorte es la de cambio clim\u00e1tico y energ\u00eda, donde hemos prescindido de dos de las siete personas que trabajaban, apunta Rodr\u00edguez. Desde la organizaci\u00f3n insisten en que no se trata de una crisis de valores. El compromiso ahora es m\u00e1s firme que nunca. Se trata de una crisis econ\u00f3mica pura y dura concluye.<\/p>\n<p>A pesar de los problemas financieros por los que atraviesa Amnist\u00eda Internacional sus campa\u00f1as siguen en pie. Ahora nuestra prioridad es trabajar en Siria presionando a la ONU para que cesen los ataques por ambas partes, explica Concha Mart\u00ednez, responsable del departamento de Socios, Socias y Fondos de AI. Una de sus fortalezas son los 51 a\u00f1os que llevan trabajando de manera independiente. Nuestra transparencia es nuestra principal virtud. Somos una organizaci\u00f3n democr\u00e1tica en la que participan de manera directa nuestros socios. Publicamos anualmente nuestras cuentas y nuestras campa\u00f1as. Esta pol\u00edtica genera mucha confianza y de ah\u00ed que nuestros socios sean fieles y esto ayude a captar nuevos, a\u00f1ade Mart\u00ednez.<\/p>\n<p>Esta es la primera gran crisis que atraviesan las ONG en Espa\u00f1a desde que se convirtieron en grandes organizaciones. Desde entonces, llevan 30 a\u00f1os de crecimiento ininterrumpido y ahora se topan con que han ca\u00eddo sus tres fuentes de financiaci\u00f3n: particulares, empresas y Administraci\u00f3n. La abundancia de subvenciones para programas de desarrollo, no siempre avalados por estudios serios, ha tenido consecuencias perversas.<\/p>\n<p>La semana pasada Mercedes Ruiz-Gim\u00e9nez se reuni\u00f3 con la Defensora del Pueblo para denunciar que algunas comunidades aut\u00f3nomas y al menos 46 Ayuntamientos que no pagan a las entidades de Cooperaci\u00f3n al Desarrollo. En total, deben 70 millones de euros en subvenciones a proyectos a los que se hab\u00edan comprometido. Andaluc\u00eda, con 33 millones de deuda, y Catalu\u00f1a, con 13,5, encabezan la lista.<\/p>\n<p>Desde la Agencia Espa\u00f1ola de Cooperaci\u00f3n Internacional (AECID) no dan muchas pistas sobre la pol\u00edtica que van a aplicar a partir de ahora. Estamos en un momento de cambio. Se est\u00e1 ultimando el plan director. El plan que ser\u00e1 cuatrienal debe estar listo para 2013, explican fuentes oficiales.<\/p>\n<p>Muchos expertos coinciden en la necesidad de dar respuestas a la alta dependencia de las subvenciones ya que condicionan negativamente la autonom\u00eda de las asociaciones. No hemos medido las ayudas, pero siguen siendo necesarias para la cooperaci\u00f3n al desarrollo, matiza Mudarra.<\/p>\n<p>La crisis est\u00e1 acelerando los cambios, pero era una asignatura pendiente en el sector. Hab\u00edan crecido como hongos y era necesaria una purga, se\u00f1ala tambi\u00e9n Jos\u00e9 Angel Sotillo, profesor de Relaciones Internacionales de la Universidad Complutense y autor del libro El sistema de cooperaci\u00f3n para el desarrollo.<\/p>\n<p>La situaci\u00f3n es complicada: en dos de cada tres asociaciones dependen en m\u00e1s del 50% de los fondos p\u00fablicos. El reto para ellas est\u00e1 en conectar con los socios, aunque sea a costa de hacer menos proyectos pero ofrecerles m\u00e1s resultados. Por encima de todo, Ruiz-Gim\u00e9nez destaca la importancia de que el sector est\u00e9 unido en tiempos dif\u00edciles. No nos debe unir los recortes, sino la misma acci\u00f3n y no competir por los proyectos. Hasta ahora cada uno hab\u00eda vivido muy aislado. Es una oportunidad para crear alianzas juntas y conseguir nuestros objetivos<!--more--><\/p>\n","protected":false},"excerpt":{"rendered":"<p>| SOCIEDAD Domingo 14-10-2012 20:44 El Pa\u00eds publica hoy un interesante art\u00edculo de Almudena L\u00f3pez 05-10-2012 Nadie en el sector recuerda una crisis tan profunda como la que atraviesa la [&hellip;]<\/p>\n","protected":false},"author":4,"featured_media":3764,"comment_status":"closed","ping_status":"closed","sticky":false,"template":"","format":"standard","meta":{"_et_pb_use_builder":"","_et_pb_old_content":"","_et_gb_content_width":"","footnotes":""},"categories":[30],"tags":[],"class_list":["post-3569","post","type-post","status-publish","format-standard","has-post-thumbnail","hentry","category-itaka-escolapios"],"yoast_head":"<!-- This site is optimized with the Yoast SEO plugin v27.4 - https:\/\/yoast.com\/product\/yoast-seo-wordpress\/ -->\n<title>ONG: Crisis sin fronteras<\/title>\n<meta name=\"description\" content=\"| SOCIEDAD Domingo 14-10-2012 20:44 El Pa\u00eds publica hoy un interesante art\u00edculo de Almudena L\u00f3pez 05-10-2012 Nadie en el sector recuerda una crisis tan profunda como la que atraviesa la ayuda humanitaria desde que empez\u00f3 a funcionar hace m\u00e1s de 30 a\u00f1os y Espa\u00f1a dej\u00f3 de ser receptora de ayudas de los programas de cooperaci\u00f3n&hellip;\" \/>\n<meta name=\"robots\" content=\"index, follow, max-snippet:-1, max-image-preview:large, max-video-preview:-1\" \/>\n<link rel=\"canonical\" href=\"\" \/>\n<meta property=\"og:locale\" content=\"pt_BR\" \/>\n<meta property=\"og:type\" content=\"article\" \/>\n<meta property=\"og:title\" content=\"ONG: Crisis sin fronteras\" \/>\n<meta property=\"og:description\" content=\"| SOCIEDAD Domingo 14-10-2012 20:44 El Pa\u00eds publica hoy un interesante art\u00edculo de Almudena L\u00f3pez 05-10-2012 Nadie en el sector recuerda una crisis tan profunda como la que atraviesa la ayuda humanitaria desde que empez\u00f3 a funcionar hace m\u00e1s de 30 a\u00f1os y Espa\u00f1a dej\u00f3 de ser receptora de ayudas de los programas de cooperaci\u00f3n&hellip;\" \/>\n<meta property=\"og:url\" content=\"https:\/\/www.itakaescolapios.org\/pt\/2012\/10\/ong-crisis-sin-fronteras\/\" \/>\n<meta property=\"og:site_name\" content=\"Itaka-Escolapios\" \/>\n<meta property=\"article:published_time\" content=\"2012-10-14T18:49:25+00:00\" \/>\n<meta property=\"article:modified_time\" content=\"2023-11-28T11:39:36+00:00\" \/>\n<meta property=\"og:image\" content=\"https:\/\/www.itakaescolapios.org\/wp-content\/uploads\/2012\/10\/BASTA-YA-743763.jpg\" \/>\n\t<meta property=\"og:image:width\" content=\"257\" \/>\n\t<meta property=\"og:image:height\" content=\"300\" \/>\n\t<meta property=\"og:image:type\" content=\"image\/jpeg\" \/>\n<meta name=\"author\" content=\"itaka\" \/>\n<meta name=\"twitter:card\" content=\"summary_large_image\" \/>\n<meta name=\"twitter:label1\" content=\"Escrito por\" \/>\n\t<meta name=\"twitter:data1\" content=\"itaka\" \/>\n\t<meta name=\"twitter:label2\" content=\"Est. tempo de leitura\" \/>\n\t<meta name=\"twitter:data2\" content=\"9 minutos\" \/>\n<script type=\"application\/ld+json\" class=\"yoast-schema-graph\">{\"@context\":\"https:\\\/\\\/schema.org\",\"@graph\":[{\"@type\":\"Article\",\"@id\":\"https:\\\/\\\/www.itakaescolapios.org\\\/pt\\\/2012\\\/10\\\/ong-crisis-sin-fronteras\\\/#article\",\"isPartOf\":{\"@id\":\"https:\\\/\\\/www.itakaescolapios.org\\\/pt\\\/2012\\\/10\\\/ong-crisis-sin-fronteras\\\/\"},\"author\":{\"name\":\"itaka\",\"@id\":\"https:\\\/\\\/www.itakaescolapios.org\\\/es\\\/#\\\/schema\\\/person\\\/670123daeb1cc31cae1b106740036ccb\"},\"headline\":\"ONG: Crisis sin fronteras\",\"datePublished\":\"2012-10-14T18:49:25+00:00\",\"dateModified\":\"2023-11-28T11:39:36+00:00\",\"mainEntityOfPage\":{\"@id\":\"https:\\\/\\\/www.itakaescolapios.org\\\/pt\\\/2012\\\/10\\\/ong-crisis-sin-fronteras\\\/\"},\"wordCount\":1815,\"publisher\":{\"@id\":\"https:\\\/\\\/www.itakaescolapios.org\\\/es\\\/#organization\"},\"image\":{\"@id\":\"https:\\\/\\\/www.itakaescolapios.org\\\/pt\\\/2012\\\/10\\\/ong-crisis-sin-fronteras\\\/#primaryimage\"},\"thumbnailUrl\":\"https:\\\/\\\/www.itakaescolapios.org\\\/wp-content\\\/uploads\\\/2012\\\/10\\\/BASTA-YA-743763.jpg\",\"articleSection\":[\"Itaka Escolapios\"],\"inLanguage\":\"pt-BR\"},{\"@type\":\"WebPage\",\"@id\":\"https:\\\/\\\/www.itakaescolapios.org\\\/pt\\\/2012\\\/10\\\/ong-crisis-sin-fronteras\\\/\",\"url\":\"https:\\\/\\\/www.itakaescolapios.org\\\/pt\\\/2012\\\/10\\\/ong-crisis-sin-fronteras\\\/\",\"name\":\"ONG: Crisis sin fronteras - Itaka-Escolapios\",\"isPartOf\":{\"@id\":\"https:\\\/\\\/www.itakaescolapios.org\\\/es\\\/#website\"},\"primaryImageOfPage\":{\"@id\":\"https:\\\/\\\/www.itakaescolapios.org\\\/pt\\\/2012\\\/10\\\/ong-crisis-sin-fronteras\\\/#primaryimage\"},\"image\":{\"@id\":\"https:\\\/\\\/www.itakaescolapios.org\\\/pt\\\/2012\\\/10\\\/ong-crisis-sin-fronteras\\\/#primaryimage\"},\"thumbnailUrl\":\"https:\\\/\\\/www.itakaescolapios.org\\\/wp-content\\\/uploads\\\/2012\\\/10\\\/BASTA-YA-743763.jpg\",\"datePublished\":\"2012-10-14T18:49:25+00:00\",\"dateModified\":\"2023-11-28T11:39:36+00:00\",\"breadcrumb\":{\"@id\":\"https:\\\/\\\/www.itakaescolapios.org\\\/pt\\\/2012\\\/10\\\/ong-crisis-sin-fronteras\\\/#breadcrumb\"},\"inLanguage\":\"pt-BR\",\"potentialAction\":[{\"@type\":\"ReadAction\",\"target\":[\"https:\\\/\\\/www.itakaescolapios.org\\\/pt\\\/2012\\\/10\\\/ong-crisis-sin-fronteras\\\/\"]}]},{\"@type\":\"ImageObject\",\"inLanguage\":\"pt-BR\",\"@id\":\"https:\\\/\\\/www.itakaescolapios.org\\\/pt\\\/2012\\\/10\\\/ong-crisis-sin-fronteras\\\/#primaryimage\",\"url\":\"https:\\\/\\\/www.itakaescolapios.org\\\/wp-content\\\/uploads\\\/2012\\\/10\\\/BASTA-YA-743763.jpg\",\"contentUrl\":\"https:\\\/\\\/www.itakaescolapios.org\\\/wp-content\\\/uploads\\\/2012\\\/10\\\/BASTA-YA-743763.jpg\",\"width\":\"257\",\"height\":\"300\"},{\"@type\":\"BreadcrumbList\",\"@id\":\"https:\\\/\\\/www.itakaescolapios.org\\\/pt\\\/2012\\\/10\\\/ong-crisis-sin-fronteras\\\/#breadcrumb\",\"itemListElement\":[{\"@type\":\"ListItem\",\"position\":1,\"name\":\"Itaka-Escolapios\",\"item\":\"https:\\\/\\\/www.itakaescolapios.org\\\/es\\\/\"},{\"@type\":\"ListItem\",\"position\":2,\"name\":\"ONG: Crisis sin fronteras\"}]},{\"@type\":\"WebSite\",\"@id\":\"https:\\\/\\\/www.itakaescolapios.org\\\/pt\\\/es\\\/#website\",\"url\":\"https:\\\/\\\/www.itakaescolapios.org\\\/pt\\\/es\\\/\",\"name\":\"Itaka-Escolapios\",\"description\":\"Red de Itaka-Escolapios\",\"publisher\":{\"@id\":\"https:\\\/\\\/www.itakaescolapios.org\\\/pt\\\/es\\\/#organization\"},\"potentialAction\":[{\"@type\":\"SearchAction\",\"target\":{\"@type\":\"EntryPoint\",\"urlTemplate\":\"https:\\\/\\\/www.itakaescolapios.org\\\/pt\\\/es\\\/?s={search_term_string}\"},\"query-input\":{\"@type\":\"PropertyValueSpecification\",\"valueRequired\":true,\"valueName\":\"search_term_string\"}}],\"inLanguage\":\"pt-BR\"},{\"@type\":\"Organization\",\"@id\":\"https:\\\/\\\/www.itakaescolapios.org\\\/pt\\\/es\\\/#organization\",\"name\":\"Fundaci\u00f3 Itaka-Escolapios\",\"url\":\"https:\\\/\\\/www.itakaescolapios.org\\\/pt\\\/es\\\/\",\"logo\":{\"@type\":\"ImageObject\",\"inLanguage\":\"pt-BR\",\"@id\":\"https:\\\/\\\/www.itakaescolapios.org\\\/pt\\\/es\\\/#\\\/schema\\\/logo\\\/image\\\/\",\"url\":\"https:\\\/\\\/www.itakaescolapios.org\\\/wp-content\\\/uploads\\\/2024\\\/04\\\/Logo-itakaescolapios-peque.png\",\"contentUrl\":\"https:\\\/\\\/www.itakaescolapios.org\\\/wp-content\\\/uploads\\\/2024\\\/04\\\/Logo-itakaescolapios-peque.png\",\"width\":500,\"height\":199,\"caption\":\"Fundaci\u00f3 Itaka-Escolapios\"},\"image\":{\"@id\":\"https:\\\/\\\/www.itakaescolapios.org\\\/pt\\\/es\\\/#\\\/schema\\\/logo\\\/image\\\/\"}},{\"@type\":\"Person\",\"@id\":\"https:\\\/\\\/www.itakaescolapios.org\\\/es\\\/#\\\/schema\\\/person\\\/670123daeb1cc31cae1b106740036ccb\",\"name\":\"itaka\",\"url\":\"https:\\\/\\\/www.itakaescolapios.org\\\/pt\\\/author\\\/itaka\\\/\"}]}<\/script>\n<!-- \/ Yoast SEO plugin. -->","yoast_head_json":{"title":"ONG: Crisis sin fronteras","description":"| SOCIEDAD Domingo 14-10-2012 20:44 El Pa\u00eds publica hoy un interesante art\u00edculo de Almudena L\u00f3pez 05-10-2012 Nadie en el sector recuerda una crisis tan profunda como la que atraviesa la ayuda humanitaria desde que empez\u00f3 a funcionar hace m\u00e1s de 30 a\u00f1os y Espa\u00f1a dej\u00f3 de ser receptora de ayudas de los programas de cooperaci\u00f3n&hellip;","robots":{"index":"index","follow":"follow","max-snippet":"max-snippet:-1","max-image-preview":"max-image-preview:large","max-video-preview":"max-video-preview:-1"},"canonical":"| SOCIEDAD Domingo 14-10-2012 20:44 El Pa\u00eds publica hoy un interesante art\u00edculo de Almudena L\u00f3pez 05-10-2012 Nadie en el sector recuerda una crisis tan profunda como la que atraviesa la ayuda humanitaria desde que empez\u00f3 a funcionar hace m\u00e1s de 30 a\u00f1os y Espa\u00f1a dej\u00f3 de ser receptora de ayudas de los programas de cooperaci\u00f3n&hellip;","og_locale":"pt_BR","og_type":"article","og_title":"ONG: Crisis sin fronteras","og_description":"| SOCIEDAD Domingo 14-10-2012 20:44 El Pa\u00eds publica hoy un interesante art\u00edculo de Almudena L\u00f3pez 05-10-2012 Nadie en el sector recuerda una crisis tan profunda como la que atraviesa la ayuda humanitaria desde que empez\u00f3 a funcionar hace m\u00e1s de 30 a\u00f1os y Espa\u00f1a dej\u00f3 de ser receptora de ayudas de los programas de cooperaci\u00f3n&hellip;","og_url":"https:\/\/www.itakaescolapios.org\/pt\/2012\/10\/ong-crisis-sin-fronteras\/","og_site_name":"Itaka-Escolapios","article_published_time":"2012-10-14T18:49:25+00:00","article_modified_time":"2023-11-28T11:39:36+00:00","og_image":[{"width":257,"height":300,"url":"https:\/\/www.itakaescolapios.org\/wp-content\/uploads\/2012\/10\/BASTA-YA-743763.jpg","type":"image\/jpeg"}],"author":"itaka","twitter_card":"summary_large_image","twitter_misc":{"Escrito por":"itaka","Est. tempo de leitura":"9 minutos"},"schema":{"@context":"https:\/\/schema.org","@graph":[{"@type":"Article","@id":"https:\/\/www.itakaescolapios.org\/pt\/2012\/10\/ong-crisis-sin-fronteras\/#article","isPartOf":{"@id":"https:\/\/www.itakaescolapios.org\/pt\/2012\/10\/ong-crisis-sin-fronteras\/"},"author":{"name":"itaka","@id":"https:\/\/www.itakaescolapios.org\/es\/#\/schema\/person\/670123daeb1cc31cae1b106740036ccb"},"headline":"ONG: Crisis sin fronteras","datePublished":"2012-10-14T18:49:25+00:00","dateModified":"2023-11-28T11:39:36+00:00","mainEntityOfPage":{"@id":"https:\/\/www.itakaescolapios.org\/pt\/2012\/10\/ong-crisis-sin-fronteras\/"},"wordCount":1815,"publisher":{"@id":"https:\/\/www.itakaescolapios.org\/es\/#organization"},"image":{"@id":"https:\/\/www.itakaescolapios.org\/pt\/2012\/10\/ong-crisis-sin-fronteras\/#primaryimage"},"thumbnailUrl":"https:\/\/www.itakaescolapios.org\/wp-content\/uploads\/2012\/10\/BASTA-YA-743763.jpg","articleSection":["Itaka Escolapios"],"inLanguage":"pt-BR"},{"@type":"WebPage","@id":"https:\/\/www.itakaescolapios.org\/pt\/2012\/10\/ong-crisis-sin-fronteras\/","url":"https:\/\/www.itakaescolapios.org\/pt\/2012\/10\/ong-crisis-sin-fronteras\/","name":"ONG: Crisis sin fronteras - Itaka-Escolapios","isPartOf":{"@id":"https:\/\/www.itakaescolapios.org\/es\/#website"},"primaryImageOfPage":{"@id":"https:\/\/www.itakaescolapios.org\/pt\/2012\/10\/ong-crisis-sin-fronteras\/#primaryimage"},"image":{"@id":"https:\/\/www.itakaescolapios.org\/pt\/2012\/10\/ong-crisis-sin-fronteras\/#primaryimage"},"thumbnailUrl":"https:\/\/www.itakaescolapios.org\/wp-content\/uploads\/2012\/10\/BASTA-YA-743763.jpg","datePublished":"2012-10-14T18:49:25+00:00","dateModified":"2023-11-28T11:39:36+00:00","breadcrumb":{"@id":"https:\/\/www.itakaescolapios.org\/pt\/2012\/10\/ong-crisis-sin-fronteras\/#breadcrumb"},"inLanguage":"pt-BR","potentialAction":[{"@type":"ReadAction","target":["https:\/\/www.itakaescolapios.org\/pt\/2012\/10\/ong-crisis-sin-fronteras\/"]}]},{"@type":"ImageObject","inLanguage":"pt-BR","@id":"https:\/\/www.itakaescolapios.org\/pt\/2012\/10\/ong-crisis-sin-fronteras\/#primaryimage","url":"https:\/\/www.itakaescolapios.org\/wp-content\/uploads\/2012\/10\/BASTA-YA-743763.jpg","contentUrl":"https:\/\/www.itakaescolapios.org\/wp-content\/uploads\/2012\/10\/BASTA-YA-743763.jpg","width":"257","height":"300"},{"@type":"BreadcrumbList","@id":"https:\/\/www.itakaescolapios.org\/pt\/2012\/10\/ong-crisis-sin-fronteras\/#breadcrumb","itemListElement":[{"@type":"ListItem","position":1,"name":"Itaka-Escolapios","item":"https:\/\/www.itakaescolapios.org\/es\/"},{"@type":"ListItem","position":2,"name":"ONG: Crisis sin fronteras"}]},{"@type":"WebSite","@id":"https:\/\/www.itakaescolapios.org\/pt\/es\/#website","url":"https:\/\/www.itakaescolapios.org\/pt\/es\/","name":"Itaka-Escolapios","description":"Red de Itaka-Escolapios","publisher":{"@id":"https:\/\/www.itakaescolapios.org\/pt\/es\/#organization"},"potentialAction":[{"@type":"SearchAction","target":{"@type":"EntryPoint","urlTemplate":"https:\/\/www.itakaescolapios.org\/pt\/es\/?s={search_term_string}"},"query-input":{"@type":"PropertyValueSpecification","valueRequired":true,"valueName":"search_term_string"}}],"inLanguage":"pt-BR"},{"@type":"Organization","@id":"https:\/\/www.itakaescolapios.org\/pt\/es\/#organization","name":"Fundaci\u00f3 Itaka-Escolapios","url":"https:\/\/www.itakaescolapios.org\/pt\/es\/","logo":{"@type":"ImageObject","inLanguage":"pt-BR","@id":"https:\/\/www.itakaescolapios.org\/pt\/es\/#\/schema\/logo\/image\/","url":"https:\/\/www.itakaescolapios.org\/wp-content\/uploads\/2024\/04\/Logo-itakaescolapios-peque.png","contentUrl":"https:\/\/www.itakaescolapios.org\/wp-content\/uploads\/2024\/04\/Logo-itakaescolapios-peque.png","width":500,"height":199,"caption":"Fundaci\u00f3 Itaka-Escolapios"},"image":{"@id":"https:\/\/www.itakaescolapios.org\/pt\/es\/#\/schema\/logo\/image\/"}},{"@type":"Person","@id":"https:\/\/www.itakaescolapios.org\/es\/#\/schema\/person\/670123daeb1cc31cae1b106740036ccb","name":"itaka","url":"https:\/\/www.itakaescolapios.org\/pt\/author\/itaka\/"}]}},"_links":{"self":[{"href":"https:\/\/www.itakaescolapios.org\/pt\/wp-json\/wp\/v2\/posts\/3569","targetHints":{"allow":["GET"]}}],"collection":[{"href":"https:\/\/www.itakaescolapios.org\/pt\/wp-json\/wp\/v2\/posts"}],"about":[{"href":"https:\/\/www.itakaescolapios.org\/pt\/wp-json\/wp\/v2\/types\/post"}],"author":[{"embeddable":true,"href":"https:\/\/www.itakaescolapios.org\/pt\/wp-json\/wp\/v2\/users\/4"}],"replies":[{"embeddable":true,"href":"https:\/\/www.itakaescolapios.org\/pt\/wp-json\/wp\/v2\/comments?post=3569"}],"version-history":[{"count":6,"href":"https:\/\/www.itakaescolapios.org\/pt\/wp-json\/wp\/v2\/posts\/3569\/revisions"}],"predecessor-version":[{"id":49968,"href":"https:\/\/www.itakaescolapios.org\/pt\/wp-json\/wp\/v2\/posts\/3569\/revisions\/49968"}],"wp:featuredmedia":[{"embeddable":true,"href":"https:\/\/www.itakaescolapios.org\/pt\/wp-json\/wp\/v2\/media\/3764"}],"wp:attachment":[{"href":"https:\/\/www.itakaescolapios.org\/pt\/wp-json\/wp\/v2\/media?parent=3569"}],"wp:term":[{"taxonomy":"category","embeddable":true,"href":"https:\/\/www.itakaescolapios.org\/pt\/wp-json\/wp\/v2\/categories?post=3569"},{"taxonomy":"post_tag","embeddable":true,"href":"https:\/\/www.itakaescolapios.org\/pt\/wp-json\/wp\/v2\/tags?post=3569"}],"curies":[{"name":"wp","href":"https:\/\/api.w.org\/{rel}","templated":true}]}}